{"id":14404,"date":"2017-09-22T15:05:03","date_gmt":"2017-09-22T14:05:03","guid":{"rendered":"http:\/\/laguiadepamplona.es\/actualidad\/?p=14404"},"modified":"2017-09-22T15:05:03","modified_gmt":"2017-09-22T14:05:03","slug":"el-ayuntamiento-de-pamplona-presentara-a-subvencion-tres-programas-integrados-de-empleo-en-soldadura-carpinteria-y-montaje-de-prefabricados-con-placa-de-yeso","status":"publish","type":"post","link":"https:\/\/www.laguiadepamplona.com\/actualidad\/el-ayuntamiento-de-pamplona-presentara-a-subvencion-tres-programas-integrados-de-empleo-en-soldadura-carpinteria-y-montaje-de-prefabricados-con-placa-de-yeso\/","title":{"rendered":"El Ayuntamiento de Pamplona presentar\u00e1 a subvenci\u00f3n tres programas integrados de empleo en soldadura, carpinter\u00eda y montaje de prefabricados con placa de yeso"},"content":{"rendered":"<h3>Son programas que tienen una duraci\u00f3n de entre 3 y 4 meses y podr\u00edan formar bajo remuneraci\u00f3n hacia la inserci\u00f3n laboral a 55 personas<\/h3>\n<p><!--more--><\/p>\n<p>El Ayuntamiento de Pamplona presentar\u00e1 pr\u00f3ximamente a subvenci\u00f3n tres propuestas de Programas Integrados de Empleo cuyos contenidos han sido aprobados hoy en una Junta de Gobierno Local extraordinaria. Los programas integrados, seg\u00fan la definici\u00f3n del Servicio Navarro de Empleo &#8211; Nafar Lansare est\u00e1n destinados personas desempleadas de larga duraci\u00f3n, que necesiten procesos de cualificaci\u00f3n o recualificaci\u00f3n y readaptaci\u00f3n a los nuevos requerimientos del mercado de trabajo. Deben ser perfiles que necesiten procesos de cualificaci\u00f3n o recualificaci\u00f3n y readaptaci\u00f3n a los nuevos requerimientos del mercado de trabajo.<\/p>\n<p>La reapertura de la convocatoria de subvenciones del SNE para el periodo 2017-2018 permite al Ayuntamiento presentar tres iniciativas que podr\u00edan acoger, en total, a 55 personas en tres especialidades distintas: Montaje de prefabricados con placa de yeso laminado (20 plazas); Carpinter\u00eda (15 plazas) y Soldadura (20 plazas). El presupuesto total de los tres programas es de 251.922 euros y la financiaci\u00f3n que se solicita es de 153.274 euros (60,8%); el 38,2% restante correr\u00eda a cargo del Ayuntamiento de Pamplona.<\/p>\n<p>Los inicios previstos para estas formaciones ser\u00edan en febrero (Yeso), abril (carpinter\u00eda) y junio (soldadura) y tendr\u00edan lugar en las instalaciones de Landaben, las dos primeras, y Rochapea (Jus la Rocha), el \u00faltimo. Yeso y Soldadura durar\u00edan 4 meses y Carpinter\u00eda 3 meses. La remuneraci\u00f3n al alumnado tendr\u00eda la formulaci\u00f3n de beca de 12 euros diarios (previstos en la convocatoria) complementada por el Consistorio hasta los 15 euros, en funci\u00f3n de la consecuci\u00f3n de objetivos por parte del alumnado.<\/p>\n<p>Cada propuesta de programa integrado desarrolla los contenidos propios de la especialidad antes descrita, con el objeto de llevar a cabo un itinerario formativo y profesional que integra el proceso de orientaci\u00f3n y empoderamiento del alumno, el proceso formativo y el acompa\u00f1amiento a la inserci\u00f3n: una fase de \u2018Acogida y orientaci\u00f3n\u2019, un periodo m\u00e1s extenso de \u2018Fase de Ejecuci\u00f3n de formaci\u00f3n\u2019 y una tercera \u2018Fase de Intermediaci\u00f3n para inserci\u00f3n laboral\u2019.<\/p>\n<p><strong>PROGRAMAS INTEGRADOS<\/strong><\/p>\n<ul>\n<li>Dirigidos a personas desempleadas de larga duraci\u00f3n, que necesiten procesos de cualificaci\u00f3n o recualificaci\u00f3n y readaptaci\u00f3n a los nuevos requerimientos del mercado de trabajo<\/li>\n<li>Retribuci\u00f3n: beca de 15 euros diarios (12+3)<\/li>\n<li>Financiaci\u00f3n: cofinanciada por Ayuntamiento de Pamplona y Gobierno de Navarra<\/li>\n<li>Contenidos:<\/li>\n<\/ul>\n<p><strong>Montaje de prefabricados con<\/strong> <strong>placa de yeso laminado<\/strong>. 20 plazas. Landaben. 4 meses<\/p>\n<p><strong>Curso B\u00e1sico de Carpinter\u00eda<\/strong>. 15 plazas. Landaben. 3 meses<\/p>\n<p><strong>Programa integrado Aranzadi de Soldadura<\/strong>, 20 plazas. Rochapea (Jus la Rocha). 4 meses<\/p>\n<ul>\n<li><strong>Costes y Financiaci\u00f3n solicitada<\/strong>:<\/li>\n<\/ul>\n<p>Presupuesto total: 251.922 euros<\/p>\n<p>Subvenci\u00f3n: 153.274 euros (60,8%)<\/p>\n<p>Inversi\u00f3n municipal: 98.648 euros<\/p>\n<p>&nbsp;<\/p>\n","protected":false},"excerpt":{"rendered":"<p>Son programas que tienen una duraci\u00f3n de entre 3 y 4 meses y podr\u00edan formar bajo remuneraci\u00f3n hacia la inserci\u00f3n laboral a 55 personas<\/p>\n","protected":false},"author":1,"featured_media":10979,"comment_status":"open","ping_status":"closed","sticky":false,"template":"","format":"standard","meta":{"footnotes":""},"categories":[2],"tags":[],"class_list":["post-14404","post","type-post","status-publish","format-standard","has-post-thumbnail","hentry","category-ayuntamiento-pamplona"],"yoast_head":"<!-- This site is optimized with the Yoast SEO plugin v27.3 - https:\/\/yoast.com\/product\/yoast-seo-wordpress\/ -->\n<title>El Ayuntamiento de Pamplona presentar\u00e1 a subvenci\u00f3n tres programas integrados de empleo en soldadura, carpinter\u00eda y montaje de prefabricados con placa de yeso<\/title>\n<meta name=\"robots\" content=\"index, follow, max-snippet:-1, max-image-preview:large, max-video-preview:-1\" \/>\n<link rel=\"canonical\" href=\"https:\/\/www.laguiadepamplona.com\/actualidad\/el-ayuntamiento-de-pamplona-presentara-a-subvencion-tres-programas-integrados-de-empleo-en-soldadura-carpinteria-y-montaje-de-prefabricados-con-placa-de-yeso\/\" \/>\n<meta property=\"og:locale\" content=\"es_ES\" \/>\n<meta property=\"og:type\" content=\"article\" \/>\n<meta property=\"og:title\" content=\"El Ayuntamiento de Pamplona presentar\u00e1 a subvenci\u00f3n tres programas integrados de empleo en soldadura, carpinter\u00eda y montaje de prefabricados con placa de yeso\" \/>\n<meta property=\"og:description\" content=\"Son programas que tienen una duraci\u00f3n de entre 3 y 4 meses y podr\u00edan formar bajo remuneraci\u00f3n hacia la inserci\u00f3n laboral a 55 personas\" \/>\n<meta property=\"og:url\" content=\"https:\/\/www.laguiadepamplona.com\/actualidad\/el-ayuntamiento-de-pamplona-presentara-a-subvencion-tres-programas-integrados-de-empleo-en-soldadura-carpinteria-y-montaje-de-prefabricados-con-placa-de-yeso\/\" \/>\n<meta property=\"og:site_name\" content=\"La Gu\u00eda de Pamplona\" \/>\n<meta property=\"article:publisher\" content=\"https:\/\/www.facebook.com\/laguiadepamplonacom-133175176762273\/?ref=hl\" \/>\n<meta property=\"article:published_time\" content=\"2017-09-22T14:05:03+00:00\" \/>\n<meta property=\"og:image\" content=\"https:\/\/www.laguiadepamplona.com\/actualidad\/wp-content\/uploads\/2016\/11\/Ayto_Pamplona.jpg\" \/>\n\t<meta property=\"og:image:width\" content=\"900\" \/>\n\t<meta property=\"og:image:height\" content=\"675\" \/>\n\t<meta property=\"og:image:type\" content=\"image\/jpeg\" \/>\n<meta name=\"author\" content=\"La Gu\u00eda de Pamplona\" \/>\n<meta name=\"twitter:card\" content=\"summary_large_image\" \/>\n<meta name=\"twitter:creator\" content=\"@LaGuiadPamplona\" \/>\n<meta name=\"twitter:site\" content=\"@LaGuiadPamplona\" \/>\n<meta name=\"twitter:label1\" content=\"Escrito por\" \/>\n\t<meta name=\"twitter:data1\" content=\"La Gu\u00eda de Pamplona\" \/>\n\t<meta name=\"twitter:label2\" content=\"Tiempo de lectura\" \/>\n\t<meta name=\"twitter:data2\" content=\"2 minutos\" \/>\n<script type=\"application\/ld+json\" class=\"yoast-schema-graph\">{\"@context\":\"https:\\\/\\\/schema.org\",\"@graph\":[{\"@type\":\"Article\",\"@id\":\"https:\\\/\\\/www.laguiadepamplona.com\\\/actualidad\\\/el-ayuntamiento-de-pamplona-presentara-a-subvencion-tres-programas-integrados-de-empleo-en-soldadura-carpinteria-y-montaje-de-prefabricados-con-placa-de-yeso\\\/#article\",\"isPartOf\":{\"@id\":\"https:\\\/\\\/www.laguiadepamplona.com\\\/actualidad\\\/el-ayuntamiento-de-pamplona-presentara-a-subvencion-tres-programas-integrados-de-empleo-en-soldadura-carpinteria-y-montaje-de-prefabricados-con-placa-de-yeso\\\/\"},\"author\":{\"name\":\"La Gu\u00eda de Pamplona\",\"@id\":\"https:\\\/\\\/www.laguiadepamplona.com\\\/actualidad\\\/#\\\/schema\\\/person\\\/efe887376f0213d4657c93adc50b1fdb\"},\"headline\":\"El Ayuntamiento de Pamplona presentar\u00e1 a subvenci\u00f3n tres programas integrados de empleo en soldadura, carpinter\u00eda y montaje de prefabricados con placa de yeso\",\"datePublished\":\"2017-09-22T14:05:03+00:00\",\"mainEntityOfPage\":{\"@id\":\"https:\\\/\\\/www.laguiadepamplona.com\\\/actualidad\\\/el-ayuntamiento-de-pamplona-presentara-a-subvencion-tres-programas-integrados-de-empleo-en-soldadura-carpinteria-y-montaje-de-prefabricados-con-placa-de-yeso\\\/\"},\"wordCount\":483,\"commentCount\":0,\"publisher\":{\"@id\":\"https:\\\/\\\/www.laguiadepamplona.com\\\/actualidad\\\/#organization\"},\"image\":{\"@id\":\"https:\\\/\\\/www.laguiadepamplona.com\\\/actualidad\\\/el-ayuntamiento-de-pamplona-presentara-a-subvencion-tres-programas-integrados-de-empleo-en-soldadura-carpinteria-y-montaje-de-prefabricados-con-placa-de-yeso\\\/#primaryimage\"},\"thumbnailUrl\":\"https:\\\/\\\/www.laguiadepamplona.com\\\/actualidad\\\/wp-content\\\/uploads\\\/2016\\\/11\\\/Ayto_Pamplona.jpg\",\"articleSection\":[\"Ayto Pamplona\"],\"inLanguage\":\"es\",\"potentialAction\":[{\"@type\":\"CommentAction\",\"name\":\"Comment\",\"target\":[\"https:\\\/\\\/www.laguiadepamplona.com\\\/actualidad\\\/el-ayuntamiento-de-pamplona-presentara-a-subvencion-tres-programas-integrados-de-empleo-en-soldadura-carpinteria-y-montaje-de-prefabricados-con-placa-de-yeso\\\/#respond\"]}]},{\"@type\":\"WebPage\",\"@id\":\"https:\\\/\\\/www.laguiadepamplona.com\\\/actualidad\\\/el-ayuntamiento-de-pamplona-presentara-a-subvencion-tres-programas-integrados-de-empleo-en-soldadura-carpinteria-y-montaje-de-prefabricados-con-placa-de-yeso\\\/\",\"url\":\"https:\\\/\\\/www.laguiadepamplona.com\\\/actualidad\\\/el-ayuntamiento-de-pamplona-presentara-a-subvencion-tres-programas-integrados-de-empleo-en-soldadura-carpinteria-y-montaje-de-prefabricados-con-placa-de-yeso\\\/\",\"name\":\"El Ayuntamiento de Pamplona presentar\u00e1 a subvenci\u00f3n tres programas integrados de empleo en soldadura, carpinter\u00eda y montaje de prefabricados con placa de yeso\",\"isPartOf\":{\"@id\":\"https:\\\/\\\/www.laguiadepamplona.com\\\/actualidad\\\/#website\"},\"primaryImageOfPage\":{\"@id\":\"https:\\\/\\\/www.laguiadepamplona.com\\\/actualidad\\\/el-ayuntamiento-de-pamplona-presentara-a-subvencion-tres-programas-integrados-de-empleo-en-soldadura-carpinteria-y-montaje-de-prefabricados-con-placa-de-yeso\\\/#primaryimage\"},\"image\":{\"@id\":\"https:\\\/\\\/www.laguiadepamplona.com\\\/actualidad\\\/el-ayuntamiento-de-pamplona-presentara-a-subvencion-tres-programas-integrados-de-empleo-en-soldadura-carpinteria-y-montaje-de-prefabricados-con-placa-de-yeso\\\/#primaryimage\"},\"thumbnailUrl\":\"https:\\\/\\\/www.laguiadepamplona.com\\\/actualidad\\\/wp-content\\\/uploads\\\/2016\\\/11\\\/Ayto_Pamplona.jpg\",\"datePublished\":\"2017-09-22T14:05:03+00:00\",\"breadcrumb\":{\"@id\":\"https:\\\/\\\/www.laguiadepamplona.com\\\/actualidad\\\/el-ayuntamiento-de-pamplona-presentara-a-subvencion-tres-programas-integrados-de-empleo-en-soldadura-carpinteria-y-montaje-de-prefabricados-con-placa-de-yeso\\\/#breadcrumb\"},\"inLanguage\":\"es\",\"potentialAction\":[{\"@type\":\"ReadAction\",\"target\":[\"https:\\\/\\\/www.laguiadepamplona.com\\\/actualidad\\\/el-ayuntamiento-de-pamplona-presentara-a-subvencion-tres-programas-integrados-de-empleo-en-soldadura-carpinteria-y-montaje-de-prefabricados-con-placa-de-yeso\\\/\"]}]},{\"@type\":\"ImageObject\",\"inLanguage\":\"es\",\"@id\":\"https:\\\/\\\/www.laguiadepamplona.com\\\/actualidad\\\/el-ayuntamiento-de-pamplona-presentara-a-subvencion-tres-programas-integrados-de-empleo-en-soldadura-carpinteria-y-montaje-de-prefabricados-con-placa-de-yeso\\\/#primaryimage\",\"url\":\"https:\\\/\\\/www.laguiadepamplona.com\\\/actualidad\\\/wp-content\\\/uploads\\\/2016\\\/11\\\/Ayto_Pamplona.jpg\",\"contentUrl\":\"https:\\\/\\\/www.laguiadepamplona.com\\\/actualidad\\\/wp-content\\\/uploads\\\/2016\\\/11\\\/Ayto_Pamplona.jpg\",\"width\":900,\"height\":675},{\"@type\":\"BreadcrumbList\",\"@id\":\"https:\\\/\\\/www.laguiadepamplona.com\\\/actualidad\\\/el-ayuntamiento-de-pamplona-presentara-a-subvencion-tres-programas-integrados-de-empleo-en-soldadura-carpinteria-y-montaje-de-prefabricados-con-placa-de-yeso\\\/#breadcrumb\",\"itemListElement\":[{\"@type\":\"ListItem\",\"position\":1,\"name\":\"Portada\",\"item\":\"https:\\\/\\\/www.laguiadepamplona.com\\\/actualidad\\\/\"},{\"@type\":\"ListItem\",\"position\":2,\"name\":\"El Ayuntamiento de Pamplona presentar\u00e1 a subvenci\u00f3n tres programas integrados de empleo en soldadura, carpinter\u00eda y montaje de prefabricados con placa de yeso\"}]},{\"@type\":\"WebSite\",\"@id\":\"https:\\\/\\\/www.laguiadepamplona.com\\\/actualidad\\\/#website\",\"url\":\"https:\\\/\\\/www.laguiadepamplona.com\\\/actualidad\\\/\",\"name\":\"La gu\u00eda de Pamplona\",\"description\":\"Noticias de Pamplona\",\"publisher\":{\"@id\":\"https:\\\/\\\/www.laguiadepamplona.com\\\/actualidad\\\/#organization\"},\"potentialAction\":[{\"@type\":\"SearchAction\",\"target\":{\"@type\":\"EntryPoint\",\"urlTemplate\":\"https:\\\/\\\/www.laguiadepamplona.com\\\/actualidad\\\/?s={search_term_string}\"},\"query-input\":{\"@type\":\"PropertyValueSpecification\",\"valueRequired\":true,\"valueName\":\"search_term_string\"}}],\"inLanguage\":\"es\"},{\"@type\":\"Organization\",\"@id\":\"https:\\\/\\\/www.laguiadepamplona.com\\\/actualidad\\\/#organization\",\"name\":\"La Gu\u00eda de Pamplona \\\/ Noticias\",\"url\":\"https:\\\/\\\/www.laguiadepamplona.com\\\/actualidad\\\/\",\"logo\":{\"@type\":\"ImageObject\",\"inLanguage\":\"es\",\"@id\":\"https:\\\/\\\/www.laguiadepamplona.com\\\/actualidad\\\/#\\\/schema\\\/logo\\\/image\\\/\",\"url\":\"https:\\\/\\\/www.laguiadepamplona.com\\\/actualidad\\\/wp-content\\\/uploads\\\/2018\\\/11\\\/logo-laguiadepamplona18-web1.png\",\"contentUrl\":\"https:\\\/\\\/www.laguiadepamplona.com\\\/actualidad\\\/wp-content\\\/uploads\\\/2018\\\/11\\\/logo-laguiadepamplona18-web1.png\",\"width\":600,\"height\":196,\"caption\":\"La Gu\u00eda de Pamplona \\\/ Noticias\"},\"image\":{\"@id\":\"https:\\\/\\\/www.laguiadepamplona.com\\\/actualidad\\\/#\\\/schema\\\/logo\\\/image\\\/\"},\"sameAs\":[\"https:\\\/\\\/www.facebook.com\\\/laguiadepamplonacom-133175176762273\\\/?ref=hl\",\"https:\\\/\\\/x.com\\\/LaGuiadPamplona\",\"https:\\\/\\\/www.instagram.com\\\/la_guia_de_pamplona\\\/\",\"https:\\\/\\\/www.youtube.com\\\/user\\\/laguiadepamplona\"]},{\"@type\":\"Person\",\"@id\":\"https:\\\/\\\/www.laguiadepamplona.com\\\/actualidad\\\/#\\\/schema\\\/person\\\/efe887376f0213d4657c93adc50b1fdb\",\"name\":\"La Gu\u00eda de Pamplona\",\"image\":{\"@type\":\"ImageObject\",\"inLanguage\":\"es\",\"@id\":\"https:\\\/\\\/secure.gravatar.com\\\/avatar\\\/b6992f131dc8d30ab0dff15446e9d346d9dbd95992de0fef795073f5ea83a81c?s=96&d=mm&r=g\",\"url\":\"https:\\\/\\\/secure.gravatar.com\\\/avatar\\\/b6992f131dc8d30ab0dff15446e9d346d9dbd95992de0fef795073f5ea83a81c?s=96&d=mm&r=g\",\"contentUrl\":\"https:\\\/\\\/secure.gravatar.com\\\/avatar\\\/b6992f131dc8d30ab0dff15446e9d346d9dbd95992de0fef795073f5ea83a81c?s=96&d=mm&r=g\",\"caption\":\"La Gu\u00eda de Pamplona\"}}]}<\/script>\n<!-- \/ Yoast SEO plugin. -->","yoast_head_json":{"title":"El Ayuntamiento de Pamplona presentar\u00e1 a subvenci\u00f3n tres programas integrados de empleo en soldadura, carpinter\u00eda y montaje de prefabricados con placa de yeso","robots":{"index":"index","follow":"follow","max-snippet":"max-snippet:-1","max-image-preview":"max-image-preview:large","max-video-preview":"max-video-preview:-1"},"canonical":"https:\/\/www.laguiadepamplona.com\/actualidad\/el-ayuntamiento-de-pamplona-presentara-a-subvencion-tres-programas-integrados-de-empleo-en-soldadura-carpinteria-y-montaje-de-prefabricados-con-placa-de-yeso\/","og_locale":"es_ES","og_type":"article","og_title":"El Ayuntamiento de Pamplona presentar\u00e1 a subvenci\u00f3n tres programas integrados de empleo en soldadura, carpinter\u00eda y montaje de prefabricados con placa de yeso","og_description":"Son programas que tienen una duraci\u00f3n de entre 3 y 4 meses y podr\u00edan formar bajo remuneraci\u00f3n hacia la inserci\u00f3n laboral a 55 personas","og_url":"https:\/\/www.laguiadepamplona.com\/actualidad\/el-ayuntamiento-de-pamplona-presentara-a-subvencion-tres-programas-integrados-de-empleo-en-soldadura-carpinteria-y-montaje-de-prefabricados-con-placa-de-yeso\/","og_site_name":"La Gu\u00eda de Pamplona","article_publisher":"https:\/\/www.facebook.com\/laguiadepamplonacom-133175176762273\/?ref=hl","article_published_time":"2017-09-22T14:05:03+00:00","og_image":[{"width":900,"height":675,"url":"https:\/\/www.laguiadepamplona.com\/actualidad\/wp-content\/uploads\/2016\/11\/Ayto_Pamplona.jpg","type":"image\/jpeg"}],"author":"La Gu\u00eda de Pamplona","twitter_card":"summary_large_image","twitter_creator":"@LaGuiadPamplona","twitter_site":"@LaGuiadPamplona","twitter_misc":{"Escrito por":"La Gu\u00eda de Pamplona","Tiempo de lectura":"2 minutos"},"schema":{"@context":"https:\/\/schema.org","@graph":[{"@type":"Article","@id":"https:\/\/www.laguiadepamplona.com\/actualidad\/el-ayuntamiento-de-pamplona-presentara-a-subvencion-tres-programas-integrados-de-empleo-en-soldadura-carpinteria-y-montaje-de-prefabricados-con-placa-de-yeso\/#article","isPartOf":{"@id":"https:\/\/www.laguiadepamplona.com\/actualidad\/el-ayuntamiento-de-pamplona-presentara-a-subvencion-tres-programas-integrados-de-empleo-en-soldadura-carpinteria-y-montaje-de-prefabricados-con-placa-de-yeso\/"},"author":{"name":"La Gu\u00eda de Pamplona","@id":"https:\/\/www.laguiadepamplona.com\/actualidad\/#\/schema\/person\/efe887376f0213d4657c93adc50b1fdb"},"headline":"El Ayuntamiento de Pamplona presentar\u00e1 a subvenci\u00f3n tres programas integrados de empleo en soldadura, carpinter\u00eda y montaje de prefabricados con placa de yeso","datePublished":"2017-09-22T14:05:03+00:00","mainEntityOfPage":{"@id":"https:\/\/www.laguiadepamplona.com\/actualidad\/el-ayuntamiento-de-pamplona-presentara-a-subvencion-tres-programas-integrados-de-empleo-en-soldadura-carpinteria-y-montaje-de-prefabricados-con-placa-de-yeso\/"},"wordCount":483,"commentCount":0,"publisher":{"@id":"https:\/\/www.laguiadepamplona.com\/actualidad\/#organization"},"image":{"@id":"https:\/\/www.laguiadepamplona.com\/actualidad\/el-ayuntamiento-de-pamplona-presentara-a-subvencion-tres-programas-integrados-de-empleo-en-soldadura-carpinteria-y-montaje-de-prefabricados-con-placa-de-yeso\/#primaryimage"},"thumbnailUrl":"https:\/\/www.laguiadepamplona.com\/actualidad\/wp-content\/uploads\/2016\/11\/Ayto_Pamplona.jpg","articleSection":["Ayto Pamplona"],"inLanguage":"es","potentialAction":[{"@type":"CommentAction","name":"Comment","target":["https:\/\/www.laguiadepamplona.com\/actualidad\/el-ayuntamiento-de-pamplona-presentara-a-subvencion-tres-programas-integrados-de-empleo-en-soldadura-carpinteria-y-montaje-de-prefabricados-con-placa-de-yeso\/#respond"]}]},{"@type":"WebPage","@id":"https:\/\/www.laguiadepamplona.com\/actualidad\/el-ayuntamiento-de-pamplona-presentara-a-subvencion-tres-programas-integrados-de-empleo-en-soldadura-carpinteria-y-montaje-de-prefabricados-con-placa-de-yeso\/","url":"https:\/\/www.laguiadepamplona.com\/actualidad\/el-ayuntamiento-de-pamplona-presentara-a-subvencion-tres-programas-integrados-de-empleo-en-soldadura-carpinteria-y-montaje-de-prefabricados-con-placa-de-yeso\/","name":"El Ayuntamiento de Pamplona presentar\u00e1 a subvenci\u00f3n tres programas integrados de empleo en soldadura, carpinter\u00eda y montaje de prefabricados con placa de yeso","isPartOf":{"@id":"https:\/\/www.laguiadepamplona.com\/actualidad\/#website"},"primaryImageOfPage":{"@id":"https:\/\/www.laguiadepamplona.com\/actualidad\/el-ayuntamiento-de-pamplona-presentara-a-subvencion-tres-programas-integrados-de-empleo-en-soldadura-carpinteria-y-montaje-de-prefabricados-con-placa-de-yeso\/#primaryimage"},"image":{"@id":"https:\/\/www.laguiadepamplona.com\/actualidad\/el-ayuntamiento-de-pamplona-presentara-a-subvencion-tres-programas-integrados-de-empleo-en-soldadura-carpinteria-y-montaje-de-prefabricados-con-placa-de-yeso\/#primaryimage"},"thumbnailUrl":"https:\/\/www.laguiadepamplona.com\/actualidad\/wp-content\/uploads\/2016\/11\/Ayto_Pamplona.jpg","datePublished":"2017-09-22T14:05:03+00:00","breadcrumb":{"@id":"https:\/\/www.laguiadepamplona.com\/actualidad\/el-ayuntamiento-de-pamplona-presentara-a-subvencion-tres-programas-integrados-de-empleo-en-soldadura-carpinteria-y-montaje-de-prefabricados-con-placa-de-yeso\/#breadcrumb"},"inLanguage":"es","potentialAction":[{"@type":"ReadAction","target":["https:\/\/www.laguiadepamplona.com\/actualidad\/el-ayuntamiento-de-pamplona-presentara-a-subvencion-tres-programas-integrados-de-empleo-en-soldadura-carpinteria-y-montaje-de-prefabricados-con-placa-de-yeso\/"]}]},{"@type":"ImageObject","inLanguage":"es","@id":"https:\/\/www.laguiadepamplona.com\/actualidad\/el-ayuntamiento-de-pamplona-presentara-a-subvencion-tres-programas-integrados-de-empleo-en-soldadura-carpinteria-y-montaje-de-prefabricados-con-placa-de-yeso\/#primaryimage","url":"https:\/\/www.laguiadepamplona.com\/actualidad\/wp-content\/uploads\/2016\/11\/Ayto_Pamplona.jpg","contentUrl":"https:\/\/www.laguiadepamplona.com\/actualidad\/wp-content\/uploads\/2016\/11\/Ayto_Pamplona.jpg","width":900,"height":675},{"@type":"BreadcrumbList","@id":"https:\/\/www.laguiadepamplona.com\/actualidad\/el-ayuntamiento-de-pamplona-presentara-a-subvencion-tres-programas-integrados-de-empleo-en-soldadura-carpinteria-y-montaje-de-prefabricados-con-placa-de-yeso\/#breadcrumb","itemListElement":[{"@type":"ListItem","position":1,"name":"Portada","item":"https:\/\/www.laguiadepamplona.com\/actualidad\/"},{"@type":"ListItem","position":2,"name":"El Ayuntamiento de Pamplona presentar\u00e1 a subvenci\u00f3n tres programas integrados de empleo en soldadura, carpinter\u00eda y montaje de prefabricados con placa de yeso"}]},{"@type":"WebSite","@id":"https:\/\/www.laguiadepamplona.com\/actualidad\/#website","url":"https:\/\/www.laguiadepamplona.com\/actualidad\/","name":"La gu\u00eda de Pamplona","description":"Noticias de Pamplona","publisher":{"@id":"https:\/\/www.laguiadepamplona.com\/actualidad\/#organization"},"potentialAction":[{"@type":"SearchAction","target":{"@type":"EntryPoint","urlTemplate":"https:\/\/www.laguiadepamplona.com\/actualidad\/?s={search_term_string}"},"query-input":{"@type":"PropertyValueSpecification","valueRequired":true,"valueName":"search_term_string"}}],"inLanguage":"es"},{"@type":"Organization","@id":"https:\/\/www.laguiadepamplona.com\/actualidad\/#organization","name":"La Gu\u00eda de Pamplona \/ Noticias","url":"https:\/\/www.laguiadepamplona.com\/actualidad\/","logo":{"@type":"ImageObject","inLanguage":"es","@id":"https:\/\/www.laguiadepamplona.com\/actualidad\/#\/schema\/logo\/image\/","url":"https:\/\/www.laguiadepamplona.com\/actualidad\/wp-content\/uploads\/2018\/11\/logo-laguiadepamplona18-web1.png","contentUrl":"https:\/\/www.laguiadepamplona.com\/actualidad\/wp-content\/uploads\/2018\/11\/logo-laguiadepamplona18-web1.png","width":600,"height":196,"caption":"La Gu\u00eda de Pamplona \/ Noticias"},"image":{"@id":"https:\/\/www.laguiadepamplona.com\/actualidad\/#\/schema\/logo\/image\/"},"sameAs":["https:\/\/www.facebook.com\/laguiadepamplonacom-133175176762273\/?ref=hl","https:\/\/x.com\/LaGuiadPamplona","https:\/\/www.instagram.com\/la_guia_de_pamplona\/","https:\/\/www.youtube.com\/user\/laguiadepamplona"]},{"@type":"Person","@id":"https:\/\/www.laguiadepamplona.com\/actualidad\/#\/schema\/person\/efe887376f0213d4657c93adc50b1fdb","name":"La Gu\u00eda de Pamplona","image":{"@type":"ImageObject","inLanguage":"es","@id":"https:\/\/secure.gravatar.com\/avatar\/b6992f131dc8d30ab0dff15446e9d346d9dbd95992de0fef795073f5ea83a81c?s=96&d=mm&r=g","url":"https:\/\/secure.gravatar.com\/avatar\/b6992f131dc8d30ab0dff15446e9d346d9dbd95992de0fef795073f5ea83a81c?s=96&d=mm&r=g","contentUrl":"https:\/\/secure.gravatar.com\/avatar\/b6992f131dc8d30ab0dff15446e9d346d9dbd95992de0fef795073f5ea83a81c?s=96&d=mm&r=g","caption":"La Gu\u00eda de Pamplona"}}]}},"post_mailing_queue_ids":[],"_links":{"self":[{"href":"https:\/\/www.laguiadepamplona.com\/actualidad\/wp-json\/wp\/v2\/posts\/14404","targetHints":{"allow":["GET"]}}],"collection":[{"href":"https:\/\/www.laguiadepamplona.com\/actualidad\/wp-json\/wp\/v2\/posts"}],"about":[{"href":"https:\/\/www.laguiadepamplona.com\/actualidad\/wp-json\/wp\/v2\/types\/post"}],"author":[{"embeddable":true,"href":"https:\/\/www.laguiadepamplona.com\/actualidad\/wp-json\/wp\/v2\/users\/1"}],"replies":[{"embeddable":true,"href":"https:\/\/www.laguiadepamplona.com\/actualidad\/wp-json\/wp\/v2\/comments?post=14404"}],"version-history":[{"count":0,"href":"https:\/\/www.laguiadepamplona.com\/actualidad\/wp-json\/wp\/v2\/posts\/14404\/revisions"}],"wp:featuredmedia":[{"embeddable":true,"href":"https:\/\/www.laguiadepamplona.com\/actualidad\/wp-json\/wp\/v2\/media\/10979"}],"wp:attachment":[{"href":"https:\/\/www.laguiadepamplona.com\/actualidad\/wp-json\/wp\/v2\/media?parent=14404"}],"wp:term":[{"taxonomy":"category","embeddable":true,"href":"https:\/\/www.laguiadepamplona.com\/actualidad\/wp-json\/wp\/v2\/categories?post=14404"},{"taxonomy":"post_tag","embeddable":true,"href":"https:\/\/www.laguiadepamplona.com\/actualidad\/wp-json\/wp\/v2\/tags?post=14404"}],"curies":[{"name":"wp","href":"https:\/\/api.w.org\/{rel}","templated":true}]}}