{"id":14402,"date":"2017-09-22T15:04:09","date_gmt":"2017-09-22T14:04:09","guid":{"rendered":"http:\/\/laguiadepamplona.es\/actualidad\/?p=14402"},"modified":"2017-09-22T15:04:09","modified_gmt":"2017-09-22T14:04:09","slug":"la-concejala-especial-de-igualdad-y-lgtbi-participa-manana-en-la-apertura-de-la-v-feria-de-economia-social-y-solidaria-de-madrid-centrada-en-la-economia-feminista","status":"publish","type":"post","link":"https:\/\/www.laguiadepamplona.com\/actualidad\/la-concejala-especial-de-igualdad-y-lgtbi-participa-manana-en-la-apertura-de-la-v-feria-de-economia-social-y-solidaria-de-madrid-centrada-en-la-economia-feminista\/","title":{"rendered":"La concejala especial de Igualdad y LGTBI participa ma\u00f1ana en la apertura de la V Feria de econom\u00eda social y solidaria de Madrid centrada en la econom\u00eda feminista"},"content":{"rendered":"<p><!--more--><\/p>\n<p>La concejala especial de Igualdad y LGTBI, Laura Berro, participar\u00e1 ma\u00f1ana, 23 de septiembre, en la apertura de la V Feria de econom\u00eda social y solidaria de Madrid que este a\u00f1o se centra en la econom\u00eda feminista. En concreto, intervendr\u00e1 a las 12 horas en la mesa inaugural \u2018Municipalismo, econom\u00eda social y econom\u00eda feminista\u2019. La feria se celebra s\u00e1bado y domingo en el Centro Cultural Casa del Reloj junto a Matadero y est\u00e1 promovida por la Red de Econom\u00eda Alternativa y Solidaria de Madrid (REAS) y el Mercado Social de Madrid (MES). Tras la presentaci\u00f3n de la concejala, la jornada se completar\u00e1 con micro-presentaciones de empresas de mujeres en la econom\u00eda social y solidaria de Madrid, el mon\u00f3logo \u2018<em>Las edades de la Mujer\u2019, un<\/em> taller de autodefensa feminista y la presentaci\u00f3n del \u2018<em>Dec\u00e1logo de Econom\u00eda Feminista\u2019<\/em><em> y el encuentro \u2018<\/em>Ciudad Com\u00fan: construye tu ciudad ecofeminista\u2019.<\/p>\n<p>Adem\u00e1s de este eje tem\u00e1tico titulado \u2018Las econom\u00edas feministas: las protagonistas de la Feria\u2019, las jornadas abordan otros temas como \u2018Emprendimiento colectivo: c\u00f3mo poner en marcha proyectos transformadores\u2019, \u2018Consumos alternativos y transformaci\u00f3n social\u2019, \u2018Agroecolog\u00eda y sostenibilidad: educaci\u00f3n y activismos ante el cambio clim\u00e1tico\u2019, un espacio l\u00fadico infantil de concienciaci\u00f3n a trav\u00e9s del juego y un \u00e1rea de expresi\u00f3n art\u00edstica para conectar ideas a trav\u00e9s de la m\u00fasica, el teatro o la radio.<\/p>\n<p>&nbsp;<\/p>\n","protected":false},"excerpt":{"rendered":"","protected":false},"author":1,"featured_media":11094,"comment_status":"open","ping_status":"closed","sticky":false,"template":"","format":"standard","meta":{"footnotes":""},"categories":[2],"tags":[],"class_list":["post-14402","post","type-post","status-publish","format-standard","has-post-thumbnail","hentry","category-ayuntamiento-pamplona"],"yoast_head":"<!-- This site is optimized with the Yoast SEO plugin v27.3 - https:\/\/yoast.com\/product\/yoast-seo-wordpress\/ -->\n<title>La concejala especial de Igualdad y LGTBI participa ma\u00f1ana en la apertura de la V Feria de econom\u00eda social y solidaria de Madrid centrada en la econom\u00eda feminista<\/title>\n<meta name=\"robots\" content=\"index, follow, max-snippet:-1, max-image-preview:large, max-video-preview:-1\" \/>\n<link rel=\"canonical\" href=\"https:\/\/www.laguiadepamplona.com\/actualidad\/la-concejala-especial-de-igualdad-y-lgtbi-participa-manana-en-la-apertura-de-la-v-feria-de-economia-social-y-solidaria-de-madrid-centrada-en-la-economia-feminista\/\" \/>\n<meta property=\"og:locale\" content=\"es_ES\" \/>\n<meta property=\"og:type\" content=\"article\" \/>\n<meta property=\"og:title\" content=\"La concejala especial de Igualdad y LGTBI participa ma\u00f1ana en la apertura de la V Feria de econom\u00eda social y solidaria de Madrid centrada en la econom\u00eda feminista\" \/>\n<meta property=\"og:url\" content=\"https:\/\/www.laguiadepamplona.com\/actualidad\/la-concejala-especial-de-igualdad-y-lgtbi-participa-manana-en-la-apertura-de-la-v-feria-de-economia-social-y-solidaria-de-madrid-centrada-en-la-economia-feminista\/\" \/>\n<meta property=\"og:site_name\" content=\"La Gu\u00eda de Pamplona\" \/>\n<meta property=\"article:publisher\" content=\"https:\/\/www.facebook.com\/laguiadepamplonacom-133175176762273\/?ref=hl\" \/>\n<meta property=\"article:published_time\" content=\"2017-09-22T14:04:09+00:00\" \/>\n<meta property=\"og:image\" content=\"https:\/\/www.laguiadepamplona.com\/actualidad\/wp-content\/uploads\/2016\/12\/orgullo-gay-bandera-lgtb.jpg\" \/>\n\t<meta property=\"og:image:width\" content=\"860\" \/>\n\t<meta property=\"og:image:height\" content=\"520\" \/>\n\t<meta property=\"og:image:type\" content=\"image\/jpeg\" \/>\n<meta name=\"author\" content=\"La Gu\u00eda de Pamplona\" \/>\n<meta name=\"twitter:card\" content=\"summary_large_image\" \/>\n<meta name=\"twitter:creator\" content=\"@LaGuiadPamplona\" \/>\n<meta name=\"twitter:site\" content=\"@LaGuiadPamplona\" \/>\n<meta name=\"twitter:label1\" content=\"Escrito por\" \/>\n\t<meta name=\"twitter:data1\" content=\"La Gu\u00eda de Pamplona\" \/>\n\t<meta name=\"twitter:label2\" content=\"Tiempo de lectura\" \/>\n\t<meta name=\"twitter:data2\" content=\"1 minuto\" \/>\n<script type=\"application\/ld+json\" class=\"yoast-schema-graph\">{\"@context\":\"https:\\\/\\\/schema.org\",\"@graph\":[{\"@type\":\"Article\",\"@id\":\"https:\\\/\\\/www.laguiadepamplona.com\\\/actualidad\\\/la-concejala-especial-de-igualdad-y-lgtbi-participa-manana-en-la-apertura-de-la-v-feria-de-economia-social-y-solidaria-de-madrid-centrada-en-la-economia-feminista\\\/#article\",\"isPartOf\":{\"@id\":\"https:\\\/\\\/www.laguiadepamplona.com\\\/actualidad\\\/la-concejala-especial-de-igualdad-y-lgtbi-participa-manana-en-la-apertura-de-la-v-feria-de-economia-social-y-solidaria-de-madrid-centrada-en-la-economia-feminista\\\/\"},\"author\":{\"name\":\"La Gu\u00eda de Pamplona\",\"@id\":\"https:\\\/\\\/www.laguiadepamplona.com\\\/actualidad\\\/#\\\/schema\\\/person\\\/efe887376f0213d4657c93adc50b1fdb\"},\"headline\":\"La concejala especial de Igualdad y LGTBI participa ma\u00f1ana en la apertura de la V Feria de econom\u00eda social y solidaria de Madrid centrada en la econom\u00eda feminista\",\"datePublished\":\"2017-09-22T14:04:09+00:00\",\"mainEntityOfPage\":{\"@id\":\"https:\\\/\\\/www.laguiadepamplona.com\\\/actualidad\\\/la-concejala-especial-de-igualdad-y-lgtbi-participa-manana-en-la-apertura-de-la-v-feria-de-economia-social-y-solidaria-de-madrid-centrada-en-la-economia-feminista\\\/\"},\"wordCount\":277,\"commentCount\":0,\"publisher\":{\"@id\":\"https:\\\/\\\/www.laguiadepamplona.com\\\/actualidad\\\/#organization\"},\"image\":{\"@id\":\"https:\\\/\\\/www.laguiadepamplona.com\\\/actualidad\\\/la-concejala-especial-de-igualdad-y-lgtbi-participa-manana-en-la-apertura-de-la-v-feria-de-economia-social-y-solidaria-de-madrid-centrada-en-la-economia-feminista\\\/#primaryimage\"},\"thumbnailUrl\":\"https:\\\/\\\/www.laguiadepamplona.com\\\/actualidad\\\/wp-content\\\/uploads\\\/2016\\\/12\\\/orgullo-gay-bandera-lgtb.jpg\",\"articleSection\":[\"Ayto Pamplona\"],\"inLanguage\":\"es\",\"potentialAction\":[{\"@type\":\"CommentAction\",\"name\":\"Comment\",\"target\":[\"https:\\\/\\\/www.laguiadepamplona.com\\\/actualidad\\\/la-concejala-especial-de-igualdad-y-lgtbi-participa-manana-en-la-apertura-de-la-v-feria-de-economia-social-y-solidaria-de-madrid-centrada-en-la-economia-feminista\\\/#respond\"]}]},{\"@type\":\"WebPage\",\"@id\":\"https:\\\/\\\/www.laguiadepamplona.com\\\/actualidad\\\/la-concejala-especial-de-igualdad-y-lgtbi-participa-manana-en-la-apertura-de-la-v-feria-de-economia-social-y-solidaria-de-madrid-centrada-en-la-economia-feminista\\\/\",\"url\":\"https:\\\/\\\/www.laguiadepamplona.com\\\/actualidad\\\/la-concejala-especial-de-igualdad-y-lgtbi-participa-manana-en-la-apertura-de-la-v-feria-de-economia-social-y-solidaria-de-madrid-centrada-en-la-economia-feminista\\\/\",\"name\":\"La concejala especial de Igualdad y LGTBI participa ma\u00f1ana en la apertura de la V Feria de econom\u00eda social y solidaria de Madrid centrada en la econom\u00eda feminista\",\"isPartOf\":{\"@id\":\"https:\\\/\\\/www.laguiadepamplona.com\\\/actualidad\\\/#website\"},\"primaryImageOfPage\":{\"@id\":\"https:\\\/\\\/www.laguiadepamplona.com\\\/actualidad\\\/la-concejala-especial-de-igualdad-y-lgtbi-participa-manana-en-la-apertura-de-la-v-feria-de-economia-social-y-solidaria-de-madrid-centrada-en-la-economia-feminista\\\/#primaryimage\"},\"image\":{\"@id\":\"https:\\\/\\\/www.laguiadepamplona.com\\\/actualidad\\\/la-concejala-especial-de-igualdad-y-lgtbi-participa-manana-en-la-apertura-de-la-v-feria-de-economia-social-y-solidaria-de-madrid-centrada-en-la-economia-feminista\\\/#primaryimage\"},\"thumbnailUrl\":\"https:\\\/\\\/www.laguiadepamplona.com\\\/actualidad\\\/wp-content\\\/uploads\\\/2016\\\/12\\\/orgullo-gay-bandera-lgtb.jpg\",\"datePublished\":\"2017-09-22T14:04:09+00:00\",\"breadcrumb\":{\"@id\":\"https:\\\/\\\/www.laguiadepamplona.com\\\/actualidad\\\/la-concejala-especial-de-igualdad-y-lgtbi-participa-manana-en-la-apertura-de-la-v-feria-de-economia-social-y-solidaria-de-madrid-centrada-en-la-economia-feminista\\\/#breadcrumb\"},\"inLanguage\":\"es\",\"potentialAction\":[{\"@type\":\"ReadAction\",\"target\":[\"https:\\\/\\\/www.laguiadepamplona.com\\\/actualidad\\\/la-concejala-especial-de-igualdad-y-lgtbi-participa-manana-en-la-apertura-de-la-v-feria-de-economia-social-y-solidaria-de-madrid-centrada-en-la-economia-feminista\\\/\"]}]},{\"@type\":\"ImageObject\",\"inLanguage\":\"es\",\"@id\":\"https:\\\/\\\/www.laguiadepamplona.com\\\/actualidad\\\/la-concejala-especial-de-igualdad-y-lgtbi-participa-manana-en-la-apertura-de-la-v-feria-de-economia-social-y-solidaria-de-madrid-centrada-en-la-economia-feminista\\\/#primaryimage\",\"url\":\"https:\\\/\\\/www.laguiadepamplona.com\\\/actualidad\\\/wp-content\\\/uploads\\\/2016\\\/12\\\/orgullo-gay-bandera-lgtb.jpg\",\"contentUrl\":\"https:\\\/\\\/www.laguiadepamplona.com\\\/actualidad\\\/wp-content\\\/uploads\\\/2016\\\/12\\\/orgullo-gay-bandera-lgtb.jpg\",\"width\":860,\"height\":520,\"caption\":\"lgtbi\"},{\"@type\":\"BreadcrumbList\",\"@id\":\"https:\\\/\\\/www.laguiadepamplona.com\\\/actualidad\\\/la-concejala-especial-de-igualdad-y-lgtbi-participa-manana-en-la-apertura-de-la-v-feria-de-economia-social-y-solidaria-de-madrid-centrada-en-la-economia-feminista\\\/#breadcrumb\",\"itemListElement\":[{\"@type\":\"ListItem\",\"position\":1,\"name\":\"Portada\",\"item\":\"https:\\\/\\\/www.laguiadepamplona.com\\\/actualidad\\\/\"},{\"@type\":\"ListItem\",\"position\":2,\"name\":\"La concejala especial de Igualdad y LGTBI participa ma\u00f1ana en la apertura de la V Feria de econom\u00eda social y solidaria de Madrid centrada en la econom\u00eda feminista\"}]},{\"@type\":\"WebSite\",\"@id\":\"https:\\\/\\\/www.laguiadepamplona.com\\\/actualidad\\\/#website\",\"url\":\"https:\\\/\\\/www.laguiadepamplona.com\\\/actualidad\\\/\",\"name\":\"La gu\u00eda de Pamplona\",\"description\":\"Noticias de Pamplona\",\"publisher\":{\"@id\":\"https:\\\/\\\/www.laguiadepamplona.com\\\/actualidad\\\/#organization\"},\"potentialAction\":[{\"@type\":\"SearchAction\",\"target\":{\"@type\":\"EntryPoint\",\"urlTemplate\":\"https:\\\/\\\/www.laguiadepamplona.com\\\/actualidad\\\/?s={search_term_string}\"},\"query-input\":{\"@type\":\"PropertyValueSpecification\",\"valueRequired\":true,\"valueName\":\"search_term_string\"}}],\"inLanguage\":\"es\"},{\"@type\":\"Organization\",\"@id\":\"https:\\\/\\\/www.laguiadepamplona.com\\\/actualidad\\\/#organization\",\"name\":\"La Gu\u00eda de Pamplona \\\/ Noticias\",\"url\":\"https:\\\/\\\/www.laguiadepamplona.com\\\/actualidad\\\/\",\"logo\":{\"@type\":\"ImageObject\",\"inLanguage\":\"es\",\"@id\":\"https:\\\/\\\/www.laguiadepamplona.com\\\/actualidad\\\/#\\\/schema\\\/logo\\\/image\\\/\",\"url\":\"https:\\\/\\\/www.laguiadepamplona.com\\\/actualidad\\\/wp-content\\\/uploads\\\/2018\\\/11\\\/logo-laguiadepamplona18-web1.png\",\"contentUrl\":\"https:\\\/\\\/www.laguiadepamplona.com\\\/actualidad\\\/wp-content\\\/uploads\\\/2018\\\/11\\\/logo-laguiadepamplona18-web1.png\",\"width\":600,\"height\":196,\"caption\":\"La Gu\u00eda de Pamplona \\\/ Noticias\"},\"image\":{\"@id\":\"https:\\\/\\\/www.laguiadepamplona.com\\\/actualidad\\\/#\\\/schema\\\/logo\\\/image\\\/\"},\"sameAs\":[\"https:\\\/\\\/www.facebook.com\\\/laguiadepamplonacom-133175176762273\\\/?ref=hl\",\"https:\\\/\\\/x.com\\\/LaGuiadPamplona\",\"https:\\\/\\\/www.instagram.com\\\/la_guia_de_pamplona\\\/\",\"https:\\\/\\\/www.youtube.com\\\/user\\\/laguiadepamplona\"]},{\"@type\":\"Person\",\"@id\":\"https:\\\/\\\/www.laguiadepamplona.com\\\/actualidad\\\/#\\\/schema\\\/person\\\/efe887376f0213d4657c93adc50b1fdb\",\"name\":\"La Gu\u00eda de Pamplona\",\"image\":{\"@type\":\"ImageObject\",\"inLanguage\":\"es\",\"@id\":\"https:\\\/\\\/secure.gravatar.com\\\/avatar\\\/b6992f131dc8d30ab0dff15446e9d346d9dbd95992de0fef795073f5ea83a81c?s=96&d=mm&r=g\",\"url\":\"https:\\\/\\\/secure.gravatar.com\\\/avatar\\\/b6992f131dc8d30ab0dff15446e9d346d9dbd95992de0fef795073f5ea83a81c?s=96&d=mm&r=g\",\"contentUrl\":\"https:\\\/\\\/secure.gravatar.com\\\/avatar\\\/b6992f131dc8d30ab0dff15446e9d346d9dbd95992de0fef795073f5ea83a81c?s=96&d=mm&r=g\",\"caption\":\"La Gu\u00eda de Pamplona\"}}]}<\/script>\n<!-- \/ Yoast SEO plugin. -->","yoast_head_json":{"title":"La concejala especial de Igualdad y LGTBI participa ma\u00f1ana en la apertura de la V Feria de econom\u00eda social y solidaria de Madrid centrada en la econom\u00eda feminista","robots":{"index":"index","follow":"follow","max-snippet":"max-snippet:-1","max-image-preview":"max-image-preview:large","max-video-preview":"max-video-preview:-1"},"canonical":"https:\/\/www.laguiadepamplona.com\/actualidad\/la-concejala-especial-de-igualdad-y-lgtbi-participa-manana-en-la-apertura-de-la-v-feria-de-economia-social-y-solidaria-de-madrid-centrada-en-la-economia-feminista\/","og_locale":"es_ES","og_type":"article","og_title":"La concejala especial de Igualdad y LGTBI participa ma\u00f1ana en la apertura de la V Feria de econom\u00eda social y solidaria de Madrid centrada en la econom\u00eda feminista","og_url":"https:\/\/www.laguiadepamplona.com\/actualidad\/la-concejala-especial-de-igualdad-y-lgtbi-participa-manana-en-la-apertura-de-la-v-feria-de-economia-social-y-solidaria-de-madrid-centrada-en-la-economia-feminista\/","og_site_name":"La Gu\u00eda de Pamplona","article_publisher":"https:\/\/www.facebook.com\/laguiadepamplonacom-133175176762273\/?ref=hl","article_published_time":"2017-09-22T14:04:09+00:00","og_image":[{"width":860,"height":520,"url":"https:\/\/www.laguiadepamplona.com\/actualidad\/wp-content\/uploads\/2016\/12\/orgullo-gay-bandera-lgtb.jpg","type":"image\/jpeg"}],"author":"La Gu\u00eda de Pamplona","twitter_card":"summary_large_image","twitter_creator":"@LaGuiadPamplona","twitter_site":"@LaGuiadPamplona","twitter_misc":{"Escrito por":"La Gu\u00eda de Pamplona","Tiempo de lectura":"1 minuto"},"schema":{"@context":"https:\/\/schema.org","@graph":[{"@type":"Article","@id":"https:\/\/www.laguiadepamplona.com\/actualidad\/la-concejala-especial-de-igualdad-y-lgtbi-participa-manana-en-la-apertura-de-la-v-feria-de-economia-social-y-solidaria-de-madrid-centrada-en-la-economia-feminista\/#article","isPartOf":{"@id":"https:\/\/www.laguiadepamplona.com\/actualidad\/la-concejala-especial-de-igualdad-y-lgtbi-participa-manana-en-la-apertura-de-la-v-feria-de-economia-social-y-solidaria-de-madrid-centrada-en-la-economia-feminista\/"},"author":{"name":"La Gu\u00eda de Pamplona","@id":"https:\/\/www.laguiadepamplona.com\/actualidad\/#\/schema\/person\/efe887376f0213d4657c93adc50b1fdb"},"headline":"La concejala especial de Igualdad y LGTBI participa ma\u00f1ana en la apertura de la V Feria de econom\u00eda social y solidaria de Madrid centrada en la econom\u00eda feminista","datePublished":"2017-09-22T14:04:09+00:00","mainEntityOfPage":{"@id":"https:\/\/www.laguiadepamplona.com\/actualidad\/la-concejala-especial-de-igualdad-y-lgtbi-participa-manana-en-la-apertura-de-la-v-feria-de-economia-social-y-solidaria-de-madrid-centrada-en-la-economia-feminista\/"},"wordCount":277,"commentCount":0,"publisher":{"@id":"https:\/\/www.laguiadepamplona.com\/actualidad\/#organization"},"image":{"@id":"https:\/\/www.laguiadepamplona.com\/actualidad\/la-concejala-especial-de-igualdad-y-lgtbi-participa-manana-en-la-apertura-de-la-v-feria-de-economia-social-y-solidaria-de-madrid-centrada-en-la-economia-feminista\/#primaryimage"},"thumbnailUrl":"https:\/\/www.laguiadepamplona.com\/actualidad\/wp-content\/uploads\/2016\/12\/orgullo-gay-bandera-lgtb.jpg","articleSection":["Ayto Pamplona"],"inLanguage":"es","potentialAction":[{"@type":"CommentAction","name":"Comment","target":["https:\/\/www.laguiadepamplona.com\/actualidad\/la-concejala-especial-de-igualdad-y-lgtbi-participa-manana-en-la-apertura-de-la-v-feria-de-economia-social-y-solidaria-de-madrid-centrada-en-la-economia-feminista\/#respond"]}]},{"@type":"WebPage","@id":"https:\/\/www.laguiadepamplona.com\/actualidad\/la-concejala-especial-de-igualdad-y-lgtbi-participa-manana-en-la-apertura-de-la-v-feria-de-economia-social-y-solidaria-de-madrid-centrada-en-la-economia-feminista\/","url":"https:\/\/www.laguiadepamplona.com\/actualidad\/la-concejala-especial-de-igualdad-y-lgtbi-participa-manana-en-la-apertura-de-la-v-feria-de-economia-social-y-solidaria-de-madrid-centrada-en-la-economia-feminista\/","name":"La concejala especial de Igualdad y LGTBI participa ma\u00f1ana en la apertura de la V Feria de econom\u00eda social y solidaria de Madrid centrada en la econom\u00eda feminista","isPartOf":{"@id":"https:\/\/www.laguiadepamplona.com\/actualidad\/#website"},"primaryImageOfPage":{"@id":"https:\/\/www.laguiadepamplona.com\/actualidad\/la-concejala-especial-de-igualdad-y-lgtbi-participa-manana-en-la-apertura-de-la-v-feria-de-economia-social-y-solidaria-de-madrid-centrada-en-la-economia-feminista\/#primaryimage"},"image":{"@id":"https:\/\/www.laguiadepamplona.com\/actualidad\/la-concejala-especial-de-igualdad-y-lgtbi-participa-manana-en-la-apertura-de-la-v-feria-de-economia-social-y-solidaria-de-madrid-centrada-en-la-economia-feminista\/#primaryimage"},"thumbnailUrl":"https:\/\/www.laguiadepamplona.com\/actualidad\/wp-content\/uploads\/2016\/12\/orgullo-gay-bandera-lgtb.jpg","datePublished":"2017-09-22T14:04:09+00:00","breadcrumb":{"@id":"https:\/\/www.laguiadepamplona.com\/actualidad\/la-concejala-especial-de-igualdad-y-lgtbi-participa-manana-en-la-apertura-de-la-v-feria-de-economia-social-y-solidaria-de-madrid-centrada-en-la-economia-feminista\/#breadcrumb"},"inLanguage":"es","potentialAction":[{"@type":"ReadAction","target":["https:\/\/www.laguiadepamplona.com\/actualidad\/la-concejala-especial-de-igualdad-y-lgtbi-participa-manana-en-la-apertura-de-la-v-feria-de-economia-social-y-solidaria-de-madrid-centrada-en-la-economia-feminista\/"]}]},{"@type":"ImageObject","inLanguage":"es","@id":"https:\/\/www.laguiadepamplona.com\/actualidad\/la-concejala-especial-de-igualdad-y-lgtbi-participa-manana-en-la-apertura-de-la-v-feria-de-economia-social-y-solidaria-de-madrid-centrada-en-la-economia-feminista\/#primaryimage","url":"https:\/\/www.laguiadepamplona.com\/actualidad\/wp-content\/uploads\/2016\/12\/orgullo-gay-bandera-lgtb.jpg","contentUrl":"https:\/\/www.laguiadepamplona.com\/actualidad\/wp-content\/uploads\/2016\/12\/orgullo-gay-bandera-lgtb.jpg","width":860,"height":520,"caption":"lgtbi"},{"@type":"BreadcrumbList","@id":"https:\/\/www.laguiadepamplona.com\/actualidad\/la-concejala-especial-de-igualdad-y-lgtbi-participa-manana-en-la-apertura-de-la-v-feria-de-economia-social-y-solidaria-de-madrid-centrada-en-la-economia-feminista\/#breadcrumb","itemListElement":[{"@type":"ListItem","position":1,"name":"Portada","item":"https:\/\/www.laguiadepamplona.com\/actualidad\/"},{"@type":"ListItem","position":2,"name":"La concejala especial de Igualdad y LGTBI participa ma\u00f1ana en la apertura de la V Feria de econom\u00eda social y solidaria de Madrid centrada en la econom\u00eda feminista"}]},{"@type":"WebSite","@id":"https:\/\/www.laguiadepamplona.com\/actualidad\/#website","url":"https:\/\/www.laguiadepamplona.com\/actualidad\/","name":"La gu\u00eda de Pamplona","description":"Noticias de Pamplona","publisher":{"@id":"https:\/\/www.laguiadepamplona.com\/actualidad\/#organization"},"potentialAction":[{"@type":"SearchAction","target":{"@type":"EntryPoint","urlTemplate":"https:\/\/www.laguiadepamplona.com\/actualidad\/?s={search_term_string}"},"query-input":{"@type":"PropertyValueSpecification","valueRequired":true,"valueName":"search_term_string"}}],"inLanguage":"es"},{"@type":"Organization","@id":"https:\/\/www.laguiadepamplona.com\/actualidad\/#organization","name":"La Gu\u00eda de Pamplona \/ Noticias","url":"https:\/\/www.laguiadepamplona.com\/actualidad\/","logo":{"@type":"ImageObject","inLanguage":"es","@id":"https:\/\/www.laguiadepamplona.com\/actualidad\/#\/schema\/logo\/image\/","url":"https:\/\/www.laguiadepamplona.com\/actualidad\/wp-content\/uploads\/2018\/11\/logo-laguiadepamplona18-web1.png","contentUrl":"https:\/\/www.laguiadepamplona.com\/actualidad\/wp-content\/uploads\/2018\/11\/logo-laguiadepamplona18-web1.png","width":600,"height":196,"caption":"La Gu\u00eda de Pamplona \/ Noticias"},"image":{"@id":"https:\/\/www.laguiadepamplona.com\/actualidad\/#\/schema\/logo\/image\/"},"sameAs":["https:\/\/www.facebook.com\/laguiadepamplonacom-133175176762273\/?ref=hl","https:\/\/x.com\/LaGuiadPamplona","https:\/\/www.instagram.com\/la_guia_de_pamplona\/","https:\/\/www.youtube.com\/user\/laguiadepamplona"]},{"@type":"Person","@id":"https:\/\/www.laguiadepamplona.com\/actualidad\/#\/schema\/person\/efe887376f0213d4657c93adc50b1fdb","name":"La Gu\u00eda de Pamplona","image":{"@type":"ImageObject","inLanguage":"es","@id":"https:\/\/secure.gravatar.com\/avatar\/b6992f131dc8d30ab0dff15446e9d346d9dbd95992de0fef795073f5ea83a81c?s=96&d=mm&r=g","url":"https:\/\/secure.gravatar.com\/avatar\/b6992f131dc8d30ab0dff15446e9d346d9dbd95992de0fef795073f5ea83a81c?s=96&d=mm&r=g","contentUrl":"https:\/\/secure.gravatar.com\/avatar\/b6992f131dc8d30ab0dff15446e9d346d9dbd95992de0fef795073f5ea83a81c?s=96&d=mm&r=g","caption":"La Gu\u00eda de Pamplona"}}]}},"post_mailing_queue_ids":[],"_links":{"self":[{"href":"https:\/\/www.laguiadepamplona.com\/actualidad\/wp-json\/wp\/v2\/posts\/14402","targetHints":{"allow":["GET"]}}],"collection":[{"href":"https:\/\/www.laguiadepamplona.com\/actualidad\/wp-json\/wp\/v2\/posts"}],"about":[{"href":"https:\/\/www.laguiadepamplona.com\/actualidad\/wp-json\/wp\/v2\/types\/post"}],"author":[{"embeddable":true,"href":"https:\/\/www.laguiadepamplona.com\/actualidad\/wp-json\/wp\/v2\/users\/1"}],"replies":[{"embeddable":true,"href":"https:\/\/www.laguiadepamplona.com\/actualidad\/wp-json\/wp\/v2\/comments?post=14402"}],"version-history":[{"count":0,"href":"https:\/\/www.laguiadepamplona.com\/actualidad\/wp-json\/wp\/v2\/posts\/14402\/revisions"}],"wp:featuredmedia":[{"embeddable":true,"href":"https:\/\/www.laguiadepamplona.com\/actualidad\/wp-json\/wp\/v2\/media\/11094"}],"wp:attachment":[{"href":"https:\/\/www.laguiadepamplona.com\/actualidad\/wp-json\/wp\/v2\/media?parent=14402"}],"wp:term":[{"taxonomy":"category","embeddable":true,"href":"https:\/\/www.laguiadepamplona.com\/actualidad\/wp-json\/wp\/v2\/categories?post=14402"},{"taxonomy":"post_tag","embeddable":true,"href":"https:\/\/www.laguiadepamplona.com\/actualidad\/wp-json\/wp\/v2\/tags?post=14402"}],"curies":[{"name":"wp","href":"https:\/\/api.w.org\/{rel}","templated":true}]}}