{"id":14394,"date":"2017-09-22T11:57:33","date_gmt":"2017-09-22T10:57:33","guid":{"rendered":"http:\/\/laguiadepamplona.es\/actualidad\/?p=14394"},"modified":"2017-09-22T11:57:33","modified_gmt":"2017-09-22T10:57:33","slug":"el-30-de-septiembre-el-ayuntamiento-organiza-unos-talleres-de-dibujo-gratuitos-en-el-marco-de-la-exposicion-urban-sketchers","status":"publish","type":"post","link":"https:\/\/www.laguiadepamplona.com\/actualidad\/el-30-de-septiembre-el-ayuntamiento-organiza-unos-talleres-de-dibujo-gratuitos-en-el-marco-de-la-exposicion-urban-sketchers\/","title":{"rendered":"El 30 de septiembre el Ayuntamiento organiza unos talleres de dibujo gratuitos en el marco de la exposici\u00f3n \u2018Urban Sketchers\u2019"},"content":{"rendered":"<h3>Constar\u00e1n de sesiones te\u00f3ricas y pr\u00e1cticas y es necesario inscribirse en el 010; los impartir\u00e1n los artistas Josu Maroto y Sagar Forni\u00e9s<\/h3>\n<p><!--more--><\/p>\n<p>El Ayuntamiento de Pamplona ha organizado unos talleres de dibujo en el marco de la exposici\u00f3n \u2018Urban Sketchers\u2019, que se puede visitar en Civivox Condestable. Los talleres los impartir\u00e1n los artistas Josu Maroto y Sagar Forni\u00e9s, autores de algunos de los dibujos de la exposici\u00f3n. Los talleres se desarrollar\u00e1n el 30 de septiembre, por la ma\u00f1ana de 10 a 13 horas en Civivox Condestable y por la tarde de 16 a 19 horas por distintas calles de la ciudad.<\/p>\n<p>Todas las personas interesadas en acudir a esta actividad podr\u00e1n inscribirse, de manera gratuita, a trav\u00e9s del tel\u00e9fono 010 o 948 420 100. Se ofertan 40 plazas, que van dirigidas a mayores de 16 a\u00f1os. Quienes se apunten y participen deben acudir con su propio material (cuaderno DIN-A5 m\u00ednimo, l\u00e1pices, bol\u00edgrafos, rotuladores, plumas, acuarelas&#8230; a su libre elecci\u00f3n).<\/p>\n<p>La exposici\u00f3n \u2018Urban Sketchers\u2019 y este taller son una iniciativa que forma parte del proyecto Creacity, de colaboraci\u00f3n en el \u00e1mbito del patrimonio fortificado entre Hondarribia, Bayona y Pamplona. El proyecto Urban Sketchers re\u00fane a seis dibujantes que en su d\u00eda hicieron un recorrido por las tres ciudades plasmando sus impresiones sobre distintos rincones. Los artistas son Inma Serrano, Tazab, Josu Maroto Pe\u00f1agaricano, Luis Ruiz, Sagar Forni\u00e9s y Jorge Arranz. La muestra se puede visitar en Condestable hasta el 28 de septiembre, en horario de 9 a 14 horas y de 17 a 21 horas.<\/p>\n<p>Josu Maroto es miembro del colectivo Urban Sketchers, caricaturista e ilustrador. Nacido en Urretxu (Guip\u00fazcoa), es licenciado en Arquitectura por la Universidad del Pa\u00eds Vasco y dibuja desde que tiene uno de raz\u00f3n. El dibujo le sirve para intentar entender el mundo. Sagar Forni\u00e9s, por su parte, vive en Barcelona y lleva m\u00e1s de una d\u00e9cada dibujando la ciudad. Combina su afici\u00f3n por el sketching con trabajos de ilustraci\u00f3n y dibujo de c\u00f3mics, donde intenta introducir ese aprendizaje que le aporte el sketching. Ha publicado tres libros.<\/p>\n","protected":false},"excerpt":{"rendered":"<p>Constar\u00e1n de sesiones te\u00f3ricas y pr\u00e1cticas y es necesario inscribirse en el 010; los impartir\u00e1n los artistas Josu Maroto y Sagar Forni\u00e9s<\/p>\n","protected":false},"author":1,"featured_media":11008,"comment_status":"open","ping_status":"closed","sticky":false,"template":"","format":"standard","meta":{"footnotes":""},"categories":[2],"tags":[],"class_list":["post-14394","post","type-post","status-publish","format-standard","has-post-thumbnail","hentry","category-ayuntamiento-pamplona"],"yoast_head":"<!-- This site is optimized with the Yoast SEO plugin v27.3 - https:\/\/yoast.com\/product\/yoast-seo-wordpress\/ -->\n<title>El 30 de septiembre el Ayuntamiento organiza unos talleres de dibujo gratuitos en el marco de la exposici\u00f3n \u2018Urban Sketchers\u2019<\/title>\n<meta name=\"robots\" content=\"index, follow, max-snippet:-1, max-image-preview:large, max-video-preview:-1\" \/>\n<link rel=\"canonical\" href=\"https:\/\/www.laguiadepamplona.com\/actualidad\/el-30-de-septiembre-el-ayuntamiento-organiza-unos-talleres-de-dibujo-gratuitos-en-el-marco-de-la-exposicion-urban-sketchers\/\" \/>\n<meta property=\"og:locale\" content=\"es_ES\" \/>\n<meta property=\"og:type\" content=\"article\" \/>\n<meta property=\"og:title\" content=\"El 30 de septiembre el Ayuntamiento organiza unos talleres de dibujo gratuitos en el marco de la exposici\u00f3n \u2018Urban Sketchers\u2019\" \/>\n<meta property=\"og:description\" content=\"Constar\u00e1n de sesiones te\u00f3ricas y pr\u00e1cticas y es necesario inscribirse en el 010; los impartir\u00e1n los artistas Josu Maroto y Sagar Forni\u00e9s\" \/>\n<meta property=\"og:url\" content=\"https:\/\/www.laguiadepamplona.com\/actualidad\/el-30-de-septiembre-el-ayuntamiento-organiza-unos-talleres-de-dibujo-gratuitos-en-el-marco-de-la-exposicion-urban-sketchers\/\" \/>\n<meta property=\"og:site_name\" content=\"La Gu\u00eda de Pamplona\" \/>\n<meta property=\"article:publisher\" content=\"https:\/\/www.facebook.com\/laguiadepamplonacom-133175176762273\/?ref=hl\" \/>\n<meta property=\"article:published_time\" content=\"2017-09-22T10:57:33+00:00\" \/>\n<meta property=\"og:image\" content=\"https:\/\/www.laguiadepamplona.com\/actualidad\/wp-content\/uploads\/2016\/12\/palacio-condestable-civivox.jpg\" \/>\n\t<meta property=\"og:image:width\" content=\"900\" \/>\n\t<meta property=\"og:image:height\" content=\"675\" \/>\n\t<meta property=\"og:image:type\" content=\"image\/jpeg\" \/>\n<meta name=\"author\" content=\"La Gu\u00eda de Pamplona\" \/>\n<meta name=\"twitter:card\" content=\"summary_large_image\" \/>\n<meta name=\"twitter:creator\" content=\"@LaGuiadPamplona\" \/>\n<meta name=\"twitter:site\" content=\"@LaGuiadPamplona\" \/>\n<meta name=\"twitter:label1\" content=\"Escrito por\" \/>\n\t<meta name=\"twitter:data1\" content=\"La Gu\u00eda de Pamplona\" \/>\n\t<meta name=\"twitter:label2\" content=\"Tiempo de lectura\" \/>\n\t<meta name=\"twitter:data2\" content=\"2 minutos\" \/>\n<script type=\"application\/ld+json\" class=\"yoast-schema-graph\">{\"@context\":\"https:\\\/\\\/schema.org\",\"@graph\":[{\"@type\":\"Article\",\"@id\":\"https:\\\/\\\/www.laguiadepamplona.com\\\/actualidad\\\/el-30-de-septiembre-el-ayuntamiento-organiza-unos-talleres-de-dibujo-gratuitos-en-el-marco-de-la-exposicion-urban-sketchers\\\/#article\",\"isPartOf\":{\"@id\":\"https:\\\/\\\/www.laguiadepamplona.com\\\/actualidad\\\/el-30-de-septiembre-el-ayuntamiento-organiza-unos-talleres-de-dibujo-gratuitos-en-el-marco-de-la-exposicion-urban-sketchers\\\/\"},\"author\":{\"name\":\"La Gu\u00eda de Pamplona\",\"@id\":\"https:\\\/\\\/www.laguiadepamplona.com\\\/actualidad\\\/#\\\/schema\\\/person\\\/efe887376f0213d4657c93adc50b1fdb\"},\"headline\":\"El 30 de septiembre el Ayuntamiento organiza unos talleres de dibujo gratuitos en el marco de la exposici\u00f3n \u2018Urban Sketchers\u2019\",\"datePublished\":\"2017-09-22T10:57:33+00:00\",\"mainEntityOfPage\":{\"@id\":\"https:\\\/\\\/www.laguiadepamplona.com\\\/actualidad\\\/el-30-de-septiembre-el-ayuntamiento-organiza-unos-talleres-de-dibujo-gratuitos-en-el-marco-de-la-exposicion-urban-sketchers\\\/\"},\"wordCount\":378,\"commentCount\":0,\"publisher\":{\"@id\":\"https:\\\/\\\/www.laguiadepamplona.com\\\/actualidad\\\/#organization\"},\"image\":{\"@id\":\"https:\\\/\\\/www.laguiadepamplona.com\\\/actualidad\\\/el-30-de-septiembre-el-ayuntamiento-organiza-unos-talleres-de-dibujo-gratuitos-en-el-marco-de-la-exposicion-urban-sketchers\\\/#primaryimage\"},\"thumbnailUrl\":\"https:\\\/\\\/www.laguiadepamplona.com\\\/actualidad\\\/wp-content\\\/uploads\\\/2016\\\/12\\\/palacio-condestable-civivox.jpg\",\"articleSection\":[\"Ayto Pamplona\"],\"inLanguage\":\"es\",\"potentialAction\":[{\"@type\":\"CommentAction\",\"name\":\"Comment\",\"target\":[\"https:\\\/\\\/www.laguiadepamplona.com\\\/actualidad\\\/el-30-de-septiembre-el-ayuntamiento-organiza-unos-talleres-de-dibujo-gratuitos-en-el-marco-de-la-exposicion-urban-sketchers\\\/#respond\"]}]},{\"@type\":\"WebPage\",\"@id\":\"https:\\\/\\\/www.laguiadepamplona.com\\\/actualidad\\\/el-30-de-septiembre-el-ayuntamiento-organiza-unos-talleres-de-dibujo-gratuitos-en-el-marco-de-la-exposicion-urban-sketchers\\\/\",\"url\":\"https:\\\/\\\/www.laguiadepamplona.com\\\/actualidad\\\/el-30-de-septiembre-el-ayuntamiento-organiza-unos-talleres-de-dibujo-gratuitos-en-el-marco-de-la-exposicion-urban-sketchers\\\/\",\"name\":\"El 30 de septiembre el Ayuntamiento organiza unos talleres de dibujo gratuitos en el marco de la exposici\u00f3n \u2018Urban Sketchers\u2019\",\"isPartOf\":{\"@id\":\"https:\\\/\\\/www.laguiadepamplona.com\\\/actualidad\\\/#website\"},\"primaryImageOfPage\":{\"@id\":\"https:\\\/\\\/www.laguiadepamplona.com\\\/actualidad\\\/el-30-de-septiembre-el-ayuntamiento-organiza-unos-talleres-de-dibujo-gratuitos-en-el-marco-de-la-exposicion-urban-sketchers\\\/#primaryimage\"},\"image\":{\"@id\":\"https:\\\/\\\/www.laguiadepamplona.com\\\/actualidad\\\/el-30-de-septiembre-el-ayuntamiento-organiza-unos-talleres-de-dibujo-gratuitos-en-el-marco-de-la-exposicion-urban-sketchers\\\/#primaryimage\"},\"thumbnailUrl\":\"https:\\\/\\\/www.laguiadepamplona.com\\\/actualidad\\\/wp-content\\\/uploads\\\/2016\\\/12\\\/palacio-condestable-civivox.jpg\",\"datePublished\":\"2017-09-22T10:57:33+00:00\",\"breadcrumb\":{\"@id\":\"https:\\\/\\\/www.laguiadepamplona.com\\\/actualidad\\\/el-30-de-septiembre-el-ayuntamiento-organiza-unos-talleres-de-dibujo-gratuitos-en-el-marco-de-la-exposicion-urban-sketchers\\\/#breadcrumb\"},\"inLanguage\":\"es\",\"potentialAction\":[{\"@type\":\"ReadAction\",\"target\":[\"https:\\\/\\\/www.laguiadepamplona.com\\\/actualidad\\\/el-30-de-septiembre-el-ayuntamiento-organiza-unos-talleres-de-dibujo-gratuitos-en-el-marco-de-la-exposicion-urban-sketchers\\\/\"]}]},{\"@type\":\"ImageObject\",\"inLanguage\":\"es\",\"@id\":\"https:\\\/\\\/www.laguiadepamplona.com\\\/actualidad\\\/el-30-de-septiembre-el-ayuntamiento-organiza-unos-talleres-de-dibujo-gratuitos-en-el-marco-de-la-exposicion-urban-sketchers\\\/#primaryimage\",\"url\":\"https:\\\/\\\/www.laguiadepamplona.com\\\/actualidad\\\/wp-content\\\/uploads\\\/2016\\\/12\\\/palacio-condestable-civivox.jpg\",\"contentUrl\":\"https:\\\/\\\/www.laguiadepamplona.com\\\/actualidad\\\/wp-content\\\/uploads\\\/2016\\\/12\\\/palacio-condestable-civivox.jpg\",\"width\":900,\"height\":675},{\"@type\":\"BreadcrumbList\",\"@id\":\"https:\\\/\\\/www.laguiadepamplona.com\\\/actualidad\\\/el-30-de-septiembre-el-ayuntamiento-organiza-unos-talleres-de-dibujo-gratuitos-en-el-marco-de-la-exposicion-urban-sketchers\\\/#breadcrumb\",\"itemListElement\":[{\"@type\":\"ListItem\",\"position\":1,\"name\":\"Portada\",\"item\":\"https:\\\/\\\/www.laguiadepamplona.com\\\/actualidad\\\/\"},{\"@type\":\"ListItem\",\"position\":2,\"name\":\"El 30 de septiembre el Ayuntamiento organiza unos talleres de dibujo gratuitos en el marco de la exposici\u00f3n \u2018Urban Sketchers\u2019\"}]},{\"@type\":\"WebSite\",\"@id\":\"https:\\\/\\\/www.laguiadepamplona.com\\\/actualidad\\\/#website\",\"url\":\"https:\\\/\\\/www.laguiadepamplona.com\\\/actualidad\\\/\",\"name\":\"La gu\u00eda de Pamplona\",\"description\":\"Noticias de Pamplona\",\"publisher\":{\"@id\":\"https:\\\/\\\/www.laguiadepamplona.com\\\/actualidad\\\/#organization\"},\"potentialAction\":[{\"@type\":\"SearchAction\",\"target\":{\"@type\":\"EntryPoint\",\"urlTemplate\":\"https:\\\/\\\/www.laguiadepamplona.com\\\/actualidad\\\/?s={search_term_string}\"},\"query-input\":{\"@type\":\"PropertyValueSpecification\",\"valueRequired\":true,\"valueName\":\"search_term_string\"}}],\"inLanguage\":\"es\"},{\"@type\":\"Organization\",\"@id\":\"https:\\\/\\\/www.laguiadepamplona.com\\\/actualidad\\\/#organization\",\"name\":\"La Gu\u00eda de Pamplona \\\/ Noticias\",\"url\":\"https:\\\/\\\/www.laguiadepamplona.com\\\/actualidad\\\/\",\"logo\":{\"@type\":\"ImageObject\",\"inLanguage\":\"es\",\"@id\":\"https:\\\/\\\/www.laguiadepamplona.com\\\/actualidad\\\/#\\\/schema\\\/logo\\\/image\\\/\",\"url\":\"https:\\\/\\\/www.laguiadepamplona.com\\\/actualidad\\\/wp-content\\\/uploads\\\/2018\\\/11\\\/logo-laguiadepamplona18-web1.png\",\"contentUrl\":\"https:\\\/\\\/www.laguiadepamplona.com\\\/actualidad\\\/wp-content\\\/uploads\\\/2018\\\/11\\\/logo-laguiadepamplona18-web1.png\",\"width\":600,\"height\":196,\"caption\":\"La Gu\u00eda de Pamplona \\\/ Noticias\"},\"image\":{\"@id\":\"https:\\\/\\\/www.laguiadepamplona.com\\\/actualidad\\\/#\\\/schema\\\/logo\\\/image\\\/\"},\"sameAs\":[\"https:\\\/\\\/www.facebook.com\\\/laguiadepamplonacom-133175176762273\\\/?ref=hl\",\"https:\\\/\\\/x.com\\\/LaGuiadPamplona\",\"https:\\\/\\\/www.instagram.com\\\/la_guia_de_pamplona\\\/\",\"https:\\\/\\\/www.youtube.com\\\/user\\\/laguiadepamplona\"]},{\"@type\":\"Person\",\"@id\":\"https:\\\/\\\/www.laguiadepamplona.com\\\/actualidad\\\/#\\\/schema\\\/person\\\/efe887376f0213d4657c93adc50b1fdb\",\"name\":\"La Gu\u00eda de Pamplona\",\"image\":{\"@type\":\"ImageObject\",\"inLanguage\":\"es\",\"@id\":\"https:\\\/\\\/secure.gravatar.com\\\/avatar\\\/b6992f131dc8d30ab0dff15446e9d346d9dbd95992de0fef795073f5ea83a81c?s=96&d=mm&r=g\",\"url\":\"https:\\\/\\\/secure.gravatar.com\\\/avatar\\\/b6992f131dc8d30ab0dff15446e9d346d9dbd95992de0fef795073f5ea83a81c?s=96&d=mm&r=g\",\"contentUrl\":\"https:\\\/\\\/secure.gravatar.com\\\/avatar\\\/b6992f131dc8d30ab0dff15446e9d346d9dbd95992de0fef795073f5ea83a81c?s=96&d=mm&r=g\",\"caption\":\"La Gu\u00eda de Pamplona\"}}]}<\/script>\n<!-- \/ Yoast SEO plugin. -->","yoast_head_json":{"title":"El 30 de septiembre el Ayuntamiento organiza unos talleres de dibujo gratuitos en el marco de la exposici\u00f3n \u2018Urban Sketchers\u2019","robots":{"index":"index","follow":"follow","max-snippet":"max-snippet:-1","max-image-preview":"max-image-preview:large","max-video-preview":"max-video-preview:-1"},"canonical":"https:\/\/www.laguiadepamplona.com\/actualidad\/el-30-de-septiembre-el-ayuntamiento-organiza-unos-talleres-de-dibujo-gratuitos-en-el-marco-de-la-exposicion-urban-sketchers\/","og_locale":"es_ES","og_type":"article","og_title":"El 30 de septiembre el Ayuntamiento organiza unos talleres de dibujo gratuitos en el marco de la exposici\u00f3n \u2018Urban Sketchers\u2019","og_description":"Constar\u00e1n de sesiones te\u00f3ricas y pr\u00e1cticas y es necesario inscribirse en el 010; los impartir\u00e1n los artistas Josu Maroto y Sagar Forni\u00e9s","og_url":"https:\/\/www.laguiadepamplona.com\/actualidad\/el-30-de-septiembre-el-ayuntamiento-organiza-unos-talleres-de-dibujo-gratuitos-en-el-marco-de-la-exposicion-urban-sketchers\/","og_site_name":"La Gu\u00eda de Pamplona","article_publisher":"https:\/\/www.facebook.com\/laguiadepamplonacom-133175176762273\/?ref=hl","article_published_time":"2017-09-22T10:57:33+00:00","og_image":[{"width":900,"height":675,"url":"https:\/\/www.laguiadepamplona.com\/actualidad\/wp-content\/uploads\/2016\/12\/palacio-condestable-civivox.jpg","type":"image\/jpeg"}],"author":"La Gu\u00eda de Pamplona","twitter_card":"summary_large_image","twitter_creator":"@LaGuiadPamplona","twitter_site":"@LaGuiadPamplona","twitter_misc":{"Escrito por":"La Gu\u00eda de Pamplona","Tiempo de lectura":"2 minutos"},"schema":{"@context":"https:\/\/schema.org","@graph":[{"@type":"Article","@id":"https:\/\/www.laguiadepamplona.com\/actualidad\/el-30-de-septiembre-el-ayuntamiento-organiza-unos-talleres-de-dibujo-gratuitos-en-el-marco-de-la-exposicion-urban-sketchers\/#article","isPartOf":{"@id":"https:\/\/www.laguiadepamplona.com\/actualidad\/el-30-de-septiembre-el-ayuntamiento-organiza-unos-talleres-de-dibujo-gratuitos-en-el-marco-de-la-exposicion-urban-sketchers\/"},"author":{"name":"La Gu\u00eda de Pamplona","@id":"https:\/\/www.laguiadepamplona.com\/actualidad\/#\/schema\/person\/efe887376f0213d4657c93adc50b1fdb"},"headline":"El 30 de septiembre el Ayuntamiento organiza unos talleres de dibujo gratuitos en el marco de la exposici\u00f3n \u2018Urban Sketchers\u2019","datePublished":"2017-09-22T10:57:33+00:00","mainEntityOfPage":{"@id":"https:\/\/www.laguiadepamplona.com\/actualidad\/el-30-de-septiembre-el-ayuntamiento-organiza-unos-talleres-de-dibujo-gratuitos-en-el-marco-de-la-exposicion-urban-sketchers\/"},"wordCount":378,"commentCount":0,"publisher":{"@id":"https:\/\/www.laguiadepamplona.com\/actualidad\/#organization"},"image":{"@id":"https:\/\/www.laguiadepamplona.com\/actualidad\/el-30-de-septiembre-el-ayuntamiento-organiza-unos-talleres-de-dibujo-gratuitos-en-el-marco-de-la-exposicion-urban-sketchers\/#primaryimage"},"thumbnailUrl":"https:\/\/www.laguiadepamplona.com\/actualidad\/wp-content\/uploads\/2016\/12\/palacio-condestable-civivox.jpg","articleSection":["Ayto Pamplona"],"inLanguage":"es","potentialAction":[{"@type":"CommentAction","name":"Comment","target":["https:\/\/www.laguiadepamplona.com\/actualidad\/el-30-de-septiembre-el-ayuntamiento-organiza-unos-talleres-de-dibujo-gratuitos-en-el-marco-de-la-exposicion-urban-sketchers\/#respond"]}]},{"@type":"WebPage","@id":"https:\/\/www.laguiadepamplona.com\/actualidad\/el-30-de-septiembre-el-ayuntamiento-organiza-unos-talleres-de-dibujo-gratuitos-en-el-marco-de-la-exposicion-urban-sketchers\/","url":"https:\/\/www.laguiadepamplona.com\/actualidad\/el-30-de-septiembre-el-ayuntamiento-organiza-unos-talleres-de-dibujo-gratuitos-en-el-marco-de-la-exposicion-urban-sketchers\/","name":"El 30 de septiembre el Ayuntamiento organiza unos talleres de dibujo gratuitos en el marco de la exposici\u00f3n \u2018Urban Sketchers\u2019","isPartOf":{"@id":"https:\/\/www.laguiadepamplona.com\/actualidad\/#website"},"primaryImageOfPage":{"@id":"https:\/\/www.laguiadepamplona.com\/actualidad\/el-30-de-septiembre-el-ayuntamiento-organiza-unos-talleres-de-dibujo-gratuitos-en-el-marco-de-la-exposicion-urban-sketchers\/#primaryimage"},"image":{"@id":"https:\/\/www.laguiadepamplona.com\/actualidad\/el-30-de-septiembre-el-ayuntamiento-organiza-unos-talleres-de-dibujo-gratuitos-en-el-marco-de-la-exposicion-urban-sketchers\/#primaryimage"},"thumbnailUrl":"https:\/\/www.laguiadepamplona.com\/actualidad\/wp-content\/uploads\/2016\/12\/palacio-condestable-civivox.jpg","datePublished":"2017-09-22T10:57:33+00:00","breadcrumb":{"@id":"https:\/\/www.laguiadepamplona.com\/actualidad\/el-30-de-septiembre-el-ayuntamiento-organiza-unos-talleres-de-dibujo-gratuitos-en-el-marco-de-la-exposicion-urban-sketchers\/#breadcrumb"},"inLanguage":"es","potentialAction":[{"@type":"ReadAction","target":["https:\/\/www.laguiadepamplona.com\/actualidad\/el-30-de-septiembre-el-ayuntamiento-organiza-unos-talleres-de-dibujo-gratuitos-en-el-marco-de-la-exposicion-urban-sketchers\/"]}]},{"@type":"ImageObject","inLanguage":"es","@id":"https:\/\/www.laguiadepamplona.com\/actualidad\/el-30-de-septiembre-el-ayuntamiento-organiza-unos-talleres-de-dibujo-gratuitos-en-el-marco-de-la-exposicion-urban-sketchers\/#primaryimage","url":"https:\/\/www.laguiadepamplona.com\/actualidad\/wp-content\/uploads\/2016\/12\/palacio-condestable-civivox.jpg","contentUrl":"https:\/\/www.laguiadepamplona.com\/actualidad\/wp-content\/uploads\/2016\/12\/palacio-condestable-civivox.jpg","width":900,"height":675},{"@type":"BreadcrumbList","@id":"https:\/\/www.laguiadepamplona.com\/actualidad\/el-30-de-septiembre-el-ayuntamiento-organiza-unos-talleres-de-dibujo-gratuitos-en-el-marco-de-la-exposicion-urban-sketchers\/#breadcrumb","itemListElement":[{"@type":"ListItem","position":1,"name":"Portada","item":"https:\/\/www.laguiadepamplona.com\/actualidad\/"},{"@type":"ListItem","position":2,"name":"El 30 de septiembre el Ayuntamiento organiza unos talleres de dibujo gratuitos en el marco de la exposici\u00f3n \u2018Urban Sketchers\u2019"}]},{"@type":"WebSite","@id":"https:\/\/www.laguiadepamplona.com\/actualidad\/#website","url":"https:\/\/www.laguiadepamplona.com\/actualidad\/","name":"La gu\u00eda de Pamplona","description":"Noticias de Pamplona","publisher":{"@id":"https:\/\/www.laguiadepamplona.com\/actualidad\/#organization"},"potentialAction":[{"@type":"SearchAction","target":{"@type":"EntryPoint","urlTemplate":"https:\/\/www.laguiadepamplona.com\/actualidad\/?s={search_term_string}"},"query-input":{"@type":"PropertyValueSpecification","valueRequired":true,"valueName":"search_term_string"}}],"inLanguage":"es"},{"@type":"Organization","@id":"https:\/\/www.laguiadepamplona.com\/actualidad\/#organization","name":"La Gu\u00eda de Pamplona \/ Noticias","url":"https:\/\/www.laguiadepamplona.com\/actualidad\/","logo":{"@type":"ImageObject","inLanguage":"es","@id":"https:\/\/www.laguiadepamplona.com\/actualidad\/#\/schema\/logo\/image\/","url":"https:\/\/www.laguiadepamplona.com\/actualidad\/wp-content\/uploads\/2018\/11\/logo-laguiadepamplona18-web1.png","contentUrl":"https:\/\/www.laguiadepamplona.com\/actualidad\/wp-content\/uploads\/2018\/11\/logo-laguiadepamplona18-web1.png","width":600,"height":196,"caption":"La Gu\u00eda de Pamplona \/ Noticias"},"image":{"@id":"https:\/\/www.laguiadepamplona.com\/actualidad\/#\/schema\/logo\/image\/"},"sameAs":["https:\/\/www.facebook.com\/laguiadepamplonacom-133175176762273\/?ref=hl","https:\/\/x.com\/LaGuiadPamplona","https:\/\/www.instagram.com\/la_guia_de_pamplona\/","https:\/\/www.youtube.com\/user\/laguiadepamplona"]},{"@type":"Person","@id":"https:\/\/www.laguiadepamplona.com\/actualidad\/#\/schema\/person\/efe887376f0213d4657c93adc50b1fdb","name":"La Gu\u00eda de Pamplona","image":{"@type":"ImageObject","inLanguage":"es","@id":"https:\/\/secure.gravatar.com\/avatar\/b6992f131dc8d30ab0dff15446e9d346d9dbd95992de0fef795073f5ea83a81c?s=96&d=mm&r=g","url":"https:\/\/secure.gravatar.com\/avatar\/b6992f131dc8d30ab0dff15446e9d346d9dbd95992de0fef795073f5ea83a81c?s=96&d=mm&r=g","contentUrl":"https:\/\/secure.gravatar.com\/avatar\/b6992f131dc8d30ab0dff15446e9d346d9dbd95992de0fef795073f5ea83a81c?s=96&d=mm&r=g","caption":"La Gu\u00eda de Pamplona"}}]}},"post_mailing_queue_ids":[],"_links":{"self":[{"href":"https:\/\/www.laguiadepamplona.com\/actualidad\/wp-json\/wp\/v2\/posts\/14394","targetHints":{"allow":["GET"]}}],"collection":[{"href":"https:\/\/www.laguiadepamplona.com\/actualidad\/wp-json\/wp\/v2\/posts"}],"about":[{"href":"https:\/\/www.laguiadepamplona.com\/actualidad\/wp-json\/wp\/v2\/types\/post"}],"author":[{"embeddable":true,"href":"https:\/\/www.laguiadepamplona.com\/actualidad\/wp-json\/wp\/v2\/users\/1"}],"replies":[{"embeddable":true,"href":"https:\/\/www.laguiadepamplona.com\/actualidad\/wp-json\/wp\/v2\/comments?post=14394"}],"version-history":[{"count":0,"href":"https:\/\/www.laguiadepamplona.com\/actualidad\/wp-json\/wp\/v2\/posts\/14394\/revisions"}],"wp:featuredmedia":[{"embeddable":true,"href":"https:\/\/www.laguiadepamplona.com\/actualidad\/wp-json\/wp\/v2\/media\/11008"}],"wp:attachment":[{"href":"https:\/\/www.laguiadepamplona.com\/actualidad\/wp-json\/wp\/v2\/media?parent=14394"}],"wp:term":[{"taxonomy":"category","embeddable":true,"href":"https:\/\/www.laguiadepamplona.com\/actualidad\/wp-json\/wp\/v2\/categories?post=14394"},{"taxonomy":"post_tag","embeddable":true,"href":"https:\/\/www.laguiadepamplona.com\/actualidad\/wp-json\/wp\/v2\/tags?post=14394"}],"curies":[{"name":"wp","href":"https:\/\/api.w.org\/{rel}","templated":true}]}}