{"id":14386,"date":"2017-09-21T14:25:08","date_gmt":"2017-09-21T13:25:08","guid":{"rendered":"http:\/\/laguiadepamplona.es\/actualidad\/?p=14386"},"modified":"2017-09-21T14:25:08","modified_gmt":"2017-09-21T13:25:08","slug":"manana-viernes-se-abre-un-servicio-de-asesoria-juridica-en-materia-de-lgtbi-en-el-centro-harrotu-en-la-calle-san-gregorio-28","status":"publish","type":"post","link":"https:\/\/www.laguiadepamplona.com\/actualidad\/manana-viernes-se-abre-un-servicio-de-asesoria-juridica-en-materia-de-lgtbi-en-el-centro-harrotu-en-la-calle-san-gregorio-28\/","title":{"rendered":"Ma\u00f1ana viernes se abre un servicio de asesor\u00eda jur\u00eddica en materia de LGTBI en el Centro Harrotu en la calle San Gregorio 28"},"content":{"rendered":"<h3>Est\u00e1 dirigido a la ciudadan\u00eda en general y a los colectivos y asociaciones, y atender\u00e1 los viernes de 11 a 13.30 horas con cita previa<\/h3>\n<p><!--more--><\/p>\n<p>El Centro Harrotu de la calle San Gregorio ofrece a partir de este viernes un servicio de asesor\u00eda jur\u00eddica en materia LGTBI dirigido a la ciudadan\u00eda en general y a los colectivos y asociaciones. Este servicio se prestar\u00e1 todos los viernes de 11 a 13.30 horas y en necesaria la cita previa. Para ello las personas interesadas deber\u00e1n contactar con el centro en el 948 22 63 26, en el correo electr\u00f3nico <a href=\"mailto:lgtbi@pamplona.es\">lgtbi@pamplona.es<\/a> o pasarse por la calle San Gregorio 28.<\/p>\n<p>La asesor\u00eda jur\u00eddica LGTBI estar\u00e1 a disposici\u00f3n de la ciudadan\u00eda con car\u00e1cter abierto, trato igualitario, gratuito y confidencial para facilitar informaci\u00f3n y asesoramiento en diferentes \u00e1mbitos. De esta forma se contribuye a prestar una atenci\u00f3n integral a las personas dentro e este \u00e1mbito, su entorno y a la sociedad en general.<\/p>\n<p>Entre otros aspectos, se abordar\u00e1n cuestiones como la normativa reguladora de las parejas del mismo sexto y matrimonio igualitario; la legalidad en materia de reproducci\u00f3n asistida, derechos m\u00e9dicos&#8230;; relaciones con el Registro Civil; herramientas legales contra la discriminaci\u00f3n por raz\u00f3n de orientaci\u00f3n sexual e identidad de g\u00e9nero; derecho de sucesiones y testamentos; derechos laborales; inmigraci\u00f3n y protecci\u00f3n internacional; acompa\u00f1amientos frente al acoso por motivos de LGTBIfobia y delitos de odio; fomento del cumplimiento y efectiva aplicaci\u00f3n de las normas forales y estatales de protecci\u00f3n e igualdad social LGTBI; desarrollo de materiales divulgativos, formativos y de dise\u00f1o de protocolos b\u00e1sicos de actuaci\u00f3n para la correcta defensa de los derechos del colectivo; e informaci\u00f3n general sobre derechos en el \u00e1mbito civil, laboral, administrativo, penal y fiscal.<\/p>\n<p>Adem\u00e1s de este servicio, Harrotu Centro LGTBI ofrece atenci\u00f3n sexol\u00f3gica y psicosocial individual y grupal y grupos de apoyo mutuo, adem\u00e1s de gestionar la derivaci\u00f3n a otros servicios cuando se requiera. El centro se puso en marcha en junio y est\u00e1 atendido por 3 personas, una especializada en informaci\u00f3n, apoyo y promoci\u00f3n LGTBI y dos para el servicio de atenci\u00f3n a la diversidad sexual y de g\u00e9nero. El horario de atenci\u00f3n del centro es de lunes a viernes de 9.30 a 13.30 horas y de 16 a 20 horas. Harrotu cuenta con una sala y un fondo documental especializado en materia LGTBI que incluye libros, documentos, audiovisuales y multimedia a disposici\u00f3n de personas interesadas y colectivos.<\/p>\n<p>&nbsp;<\/p>\n","protected":false},"excerpt":{"rendered":"<p>Est\u00e1 dirigido a la ciudadan\u00eda en general y a los colectivos y asociaciones, y atender\u00e1 los viernes de 11 a 13.30 horas con cita previa<\/p>\n","protected":false},"author":1,"featured_media":11094,"comment_status":"open","ping_status":"closed","sticky":false,"template":"","format":"standard","meta":{"footnotes":""},"categories":[2],"tags":[],"class_list":["post-14386","post","type-post","status-publish","format-standard","has-post-thumbnail","hentry","category-ayuntamiento-pamplona"],"yoast_head":"<!-- This site is optimized with the Yoast SEO plugin v27.3 - https:\/\/yoast.com\/product\/yoast-seo-wordpress\/ -->\n<title>Ma\u00f1ana viernes se abre un servicio de asesor\u00eda jur\u00eddica en materia de LGTBI en el Centro Harrotu en la calle San Gregorio 28<\/title>\n<meta name=\"robots\" content=\"index, follow, max-snippet:-1, max-image-preview:large, max-video-preview:-1\" \/>\n<link rel=\"canonical\" href=\"https:\/\/www.laguiadepamplona.com\/actualidad\/manana-viernes-se-abre-un-servicio-de-asesoria-juridica-en-materia-de-lgtbi-en-el-centro-harrotu-en-la-calle-san-gregorio-28\/\" \/>\n<meta property=\"og:locale\" content=\"es_ES\" \/>\n<meta property=\"og:type\" content=\"article\" \/>\n<meta property=\"og:title\" content=\"Ma\u00f1ana viernes se abre un servicio de asesor\u00eda jur\u00eddica en materia de LGTBI en el Centro Harrotu en la calle San Gregorio 28\" \/>\n<meta property=\"og:description\" content=\"Est\u00e1 dirigido a la ciudadan\u00eda en general y a los colectivos y asociaciones, y atender\u00e1 los viernes de 11 a 13.30 horas con cita previa\" \/>\n<meta property=\"og:url\" content=\"https:\/\/www.laguiadepamplona.com\/actualidad\/manana-viernes-se-abre-un-servicio-de-asesoria-juridica-en-materia-de-lgtbi-en-el-centro-harrotu-en-la-calle-san-gregorio-28\/\" \/>\n<meta property=\"og:site_name\" content=\"La Gu\u00eda de Pamplona\" \/>\n<meta property=\"article:publisher\" content=\"https:\/\/www.facebook.com\/laguiadepamplonacom-133175176762273\/?ref=hl\" \/>\n<meta property=\"article:published_time\" content=\"2017-09-21T13:25:08+00:00\" \/>\n<meta property=\"og:image\" content=\"https:\/\/www.laguiadepamplona.com\/actualidad\/wp-content\/uploads\/2016\/12\/orgullo-gay-bandera-lgtb.jpg\" \/>\n\t<meta property=\"og:image:width\" content=\"860\" \/>\n\t<meta property=\"og:image:height\" content=\"520\" \/>\n\t<meta property=\"og:image:type\" content=\"image\/jpeg\" \/>\n<meta name=\"author\" content=\"La Gu\u00eda de Pamplona\" \/>\n<meta name=\"twitter:card\" content=\"summary_large_image\" \/>\n<meta name=\"twitter:creator\" content=\"@LaGuiadPamplona\" \/>\n<meta name=\"twitter:site\" content=\"@LaGuiadPamplona\" \/>\n<meta name=\"twitter:label1\" content=\"Escrito por\" \/>\n\t<meta name=\"twitter:data1\" content=\"La Gu\u00eda de Pamplona\" \/>\n\t<meta name=\"twitter:label2\" content=\"Tiempo de lectura\" \/>\n\t<meta name=\"twitter:data2\" content=\"2 minutos\" \/>\n<script type=\"application\/ld+json\" class=\"yoast-schema-graph\">{\"@context\":\"https:\\\/\\\/schema.org\",\"@graph\":[{\"@type\":\"Article\",\"@id\":\"https:\\\/\\\/www.laguiadepamplona.com\\\/actualidad\\\/manana-viernes-se-abre-un-servicio-de-asesoria-juridica-en-materia-de-lgtbi-en-el-centro-harrotu-en-la-calle-san-gregorio-28\\\/#article\",\"isPartOf\":{\"@id\":\"https:\\\/\\\/www.laguiadepamplona.com\\\/actualidad\\\/manana-viernes-se-abre-un-servicio-de-asesoria-juridica-en-materia-de-lgtbi-en-el-centro-harrotu-en-la-calle-san-gregorio-28\\\/\"},\"author\":{\"name\":\"La Gu\u00eda de Pamplona\",\"@id\":\"https:\\\/\\\/www.laguiadepamplona.com\\\/actualidad\\\/#\\\/schema\\\/person\\\/efe887376f0213d4657c93adc50b1fdb\"},\"headline\":\"Ma\u00f1ana viernes se abre un servicio de asesor\u00eda jur\u00eddica en materia de LGTBI en el Centro Harrotu en la calle San Gregorio 28\",\"datePublished\":\"2017-09-21T13:25:08+00:00\",\"mainEntityOfPage\":{\"@id\":\"https:\\\/\\\/www.laguiadepamplona.com\\\/actualidad\\\/manana-viernes-se-abre-un-servicio-de-asesoria-juridica-en-materia-de-lgtbi-en-el-centro-harrotu-en-la-calle-san-gregorio-28\\\/\"},\"wordCount\":451,\"commentCount\":0,\"publisher\":{\"@id\":\"https:\\\/\\\/www.laguiadepamplona.com\\\/actualidad\\\/#organization\"},\"image\":{\"@id\":\"https:\\\/\\\/www.laguiadepamplona.com\\\/actualidad\\\/manana-viernes-se-abre-un-servicio-de-asesoria-juridica-en-materia-de-lgtbi-en-el-centro-harrotu-en-la-calle-san-gregorio-28\\\/#primaryimage\"},\"thumbnailUrl\":\"https:\\\/\\\/www.laguiadepamplona.com\\\/actualidad\\\/wp-content\\\/uploads\\\/2016\\\/12\\\/orgullo-gay-bandera-lgtb.jpg\",\"articleSection\":[\"Ayto Pamplona\"],\"inLanguage\":\"es\",\"potentialAction\":[{\"@type\":\"CommentAction\",\"name\":\"Comment\",\"target\":[\"https:\\\/\\\/www.laguiadepamplona.com\\\/actualidad\\\/manana-viernes-se-abre-un-servicio-de-asesoria-juridica-en-materia-de-lgtbi-en-el-centro-harrotu-en-la-calle-san-gregorio-28\\\/#respond\"]}]},{\"@type\":\"WebPage\",\"@id\":\"https:\\\/\\\/www.laguiadepamplona.com\\\/actualidad\\\/manana-viernes-se-abre-un-servicio-de-asesoria-juridica-en-materia-de-lgtbi-en-el-centro-harrotu-en-la-calle-san-gregorio-28\\\/\",\"url\":\"https:\\\/\\\/www.laguiadepamplona.com\\\/actualidad\\\/manana-viernes-se-abre-un-servicio-de-asesoria-juridica-en-materia-de-lgtbi-en-el-centro-harrotu-en-la-calle-san-gregorio-28\\\/\",\"name\":\"Ma\u00f1ana viernes se abre un servicio de asesor\u00eda jur\u00eddica en materia de LGTBI en el Centro Harrotu en la calle San Gregorio 28\",\"isPartOf\":{\"@id\":\"https:\\\/\\\/www.laguiadepamplona.com\\\/actualidad\\\/#website\"},\"primaryImageOfPage\":{\"@id\":\"https:\\\/\\\/www.laguiadepamplona.com\\\/actualidad\\\/manana-viernes-se-abre-un-servicio-de-asesoria-juridica-en-materia-de-lgtbi-en-el-centro-harrotu-en-la-calle-san-gregorio-28\\\/#primaryimage\"},\"image\":{\"@id\":\"https:\\\/\\\/www.laguiadepamplona.com\\\/actualidad\\\/manana-viernes-se-abre-un-servicio-de-asesoria-juridica-en-materia-de-lgtbi-en-el-centro-harrotu-en-la-calle-san-gregorio-28\\\/#primaryimage\"},\"thumbnailUrl\":\"https:\\\/\\\/www.laguiadepamplona.com\\\/actualidad\\\/wp-content\\\/uploads\\\/2016\\\/12\\\/orgullo-gay-bandera-lgtb.jpg\",\"datePublished\":\"2017-09-21T13:25:08+00:00\",\"breadcrumb\":{\"@id\":\"https:\\\/\\\/www.laguiadepamplona.com\\\/actualidad\\\/manana-viernes-se-abre-un-servicio-de-asesoria-juridica-en-materia-de-lgtbi-en-el-centro-harrotu-en-la-calle-san-gregorio-28\\\/#breadcrumb\"},\"inLanguage\":\"es\",\"potentialAction\":[{\"@type\":\"ReadAction\",\"target\":[\"https:\\\/\\\/www.laguiadepamplona.com\\\/actualidad\\\/manana-viernes-se-abre-un-servicio-de-asesoria-juridica-en-materia-de-lgtbi-en-el-centro-harrotu-en-la-calle-san-gregorio-28\\\/\"]}]},{\"@type\":\"ImageObject\",\"inLanguage\":\"es\",\"@id\":\"https:\\\/\\\/www.laguiadepamplona.com\\\/actualidad\\\/manana-viernes-se-abre-un-servicio-de-asesoria-juridica-en-materia-de-lgtbi-en-el-centro-harrotu-en-la-calle-san-gregorio-28\\\/#primaryimage\",\"url\":\"https:\\\/\\\/www.laguiadepamplona.com\\\/actualidad\\\/wp-content\\\/uploads\\\/2016\\\/12\\\/orgullo-gay-bandera-lgtb.jpg\",\"contentUrl\":\"https:\\\/\\\/www.laguiadepamplona.com\\\/actualidad\\\/wp-content\\\/uploads\\\/2016\\\/12\\\/orgullo-gay-bandera-lgtb.jpg\",\"width\":860,\"height\":520,\"caption\":\"lgtbi\"},{\"@type\":\"BreadcrumbList\",\"@id\":\"https:\\\/\\\/www.laguiadepamplona.com\\\/actualidad\\\/manana-viernes-se-abre-un-servicio-de-asesoria-juridica-en-materia-de-lgtbi-en-el-centro-harrotu-en-la-calle-san-gregorio-28\\\/#breadcrumb\",\"itemListElement\":[{\"@type\":\"ListItem\",\"position\":1,\"name\":\"Portada\",\"item\":\"https:\\\/\\\/www.laguiadepamplona.com\\\/actualidad\\\/\"},{\"@type\":\"ListItem\",\"position\":2,\"name\":\"Ma\u00f1ana viernes se abre un servicio de asesor\u00eda jur\u00eddica en materia de LGTBI en el Centro Harrotu en la calle San Gregorio 28\"}]},{\"@type\":\"WebSite\",\"@id\":\"https:\\\/\\\/www.laguiadepamplona.com\\\/actualidad\\\/#website\",\"url\":\"https:\\\/\\\/www.laguiadepamplona.com\\\/actualidad\\\/\",\"name\":\"La gu\u00eda de Pamplona\",\"description\":\"Noticias de Pamplona\",\"publisher\":{\"@id\":\"https:\\\/\\\/www.laguiadepamplona.com\\\/actualidad\\\/#organization\"},\"potentialAction\":[{\"@type\":\"SearchAction\",\"target\":{\"@type\":\"EntryPoint\",\"urlTemplate\":\"https:\\\/\\\/www.laguiadepamplona.com\\\/actualidad\\\/?s={search_term_string}\"},\"query-input\":{\"@type\":\"PropertyValueSpecification\",\"valueRequired\":true,\"valueName\":\"search_term_string\"}}],\"inLanguage\":\"es\"},{\"@type\":\"Organization\",\"@id\":\"https:\\\/\\\/www.laguiadepamplona.com\\\/actualidad\\\/#organization\",\"name\":\"La Gu\u00eda de Pamplona \\\/ Noticias\",\"url\":\"https:\\\/\\\/www.laguiadepamplona.com\\\/actualidad\\\/\",\"logo\":{\"@type\":\"ImageObject\",\"inLanguage\":\"es\",\"@id\":\"https:\\\/\\\/www.laguiadepamplona.com\\\/actualidad\\\/#\\\/schema\\\/logo\\\/image\\\/\",\"url\":\"https:\\\/\\\/www.laguiadepamplona.com\\\/actualidad\\\/wp-content\\\/uploads\\\/2018\\\/11\\\/logo-laguiadepamplona18-web1.png\",\"contentUrl\":\"https:\\\/\\\/www.laguiadepamplona.com\\\/actualidad\\\/wp-content\\\/uploads\\\/2018\\\/11\\\/logo-laguiadepamplona18-web1.png\",\"width\":600,\"height\":196,\"caption\":\"La Gu\u00eda de Pamplona \\\/ Noticias\"},\"image\":{\"@id\":\"https:\\\/\\\/www.laguiadepamplona.com\\\/actualidad\\\/#\\\/schema\\\/logo\\\/image\\\/\"},\"sameAs\":[\"https:\\\/\\\/www.facebook.com\\\/laguiadepamplonacom-133175176762273\\\/?ref=hl\",\"https:\\\/\\\/x.com\\\/LaGuiadPamplona\",\"https:\\\/\\\/www.instagram.com\\\/la_guia_de_pamplona\\\/\",\"https:\\\/\\\/www.youtube.com\\\/user\\\/laguiadepamplona\"]},{\"@type\":\"Person\",\"@id\":\"https:\\\/\\\/www.laguiadepamplona.com\\\/actualidad\\\/#\\\/schema\\\/person\\\/efe887376f0213d4657c93adc50b1fdb\",\"name\":\"La Gu\u00eda de Pamplona\",\"image\":{\"@type\":\"ImageObject\",\"inLanguage\":\"es\",\"@id\":\"https:\\\/\\\/secure.gravatar.com\\\/avatar\\\/b6992f131dc8d30ab0dff15446e9d346d9dbd95992de0fef795073f5ea83a81c?s=96&d=mm&r=g\",\"url\":\"https:\\\/\\\/secure.gravatar.com\\\/avatar\\\/b6992f131dc8d30ab0dff15446e9d346d9dbd95992de0fef795073f5ea83a81c?s=96&d=mm&r=g\",\"contentUrl\":\"https:\\\/\\\/secure.gravatar.com\\\/avatar\\\/b6992f131dc8d30ab0dff15446e9d346d9dbd95992de0fef795073f5ea83a81c?s=96&d=mm&r=g\",\"caption\":\"La Gu\u00eda de Pamplona\"}}]}<\/script>\n<!-- \/ Yoast SEO plugin. -->","yoast_head_json":{"title":"Ma\u00f1ana viernes se abre un servicio de asesor\u00eda jur\u00eddica en materia de LGTBI en el Centro Harrotu en la calle San Gregorio 28","robots":{"index":"index","follow":"follow","max-snippet":"max-snippet:-1","max-image-preview":"max-image-preview:large","max-video-preview":"max-video-preview:-1"},"canonical":"https:\/\/www.laguiadepamplona.com\/actualidad\/manana-viernes-se-abre-un-servicio-de-asesoria-juridica-en-materia-de-lgtbi-en-el-centro-harrotu-en-la-calle-san-gregorio-28\/","og_locale":"es_ES","og_type":"article","og_title":"Ma\u00f1ana viernes se abre un servicio de asesor\u00eda jur\u00eddica en materia de LGTBI en el Centro Harrotu en la calle San Gregorio 28","og_description":"Est\u00e1 dirigido a la ciudadan\u00eda en general y a los colectivos y asociaciones, y atender\u00e1 los viernes de 11 a 13.30 horas con cita previa","og_url":"https:\/\/www.laguiadepamplona.com\/actualidad\/manana-viernes-se-abre-un-servicio-de-asesoria-juridica-en-materia-de-lgtbi-en-el-centro-harrotu-en-la-calle-san-gregorio-28\/","og_site_name":"La Gu\u00eda de Pamplona","article_publisher":"https:\/\/www.facebook.com\/laguiadepamplonacom-133175176762273\/?ref=hl","article_published_time":"2017-09-21T13:25:08+00:00","og_image":[{"width":860,"height":520,"url":"https:\/\/www.laguiadepamplona.com\/actualidad\/wp-content\/uploads\/2016\/12\/orgullo-gay-bandera-lgtb.jpg","type":"image\/jpeg"}],"author":"La Gu\u00eda de Pamplona","twitter_card":"summary_large_image","twitter_creator":"@LaGuiadPamplona","twitter_site":"@LaGuiadPamplona","twitter_misc":{"Escrito por":"La Gu\u00eda de Pamplona","Tiempo de lectura":"2 minutos"},"schema":{"@context":"https:\/\/schema.org","@graph":[{"@type":"Article","@id":"https:\/\/www.laguiadepamplona.com\/actualidad\/manana-viernes-se-abre-un-servicio-de-asesoria-juridica-en-materia-de-lgtbi-en-el-centro-harrotu-en-la-calle-san-gregorio-28\/#article","isPartOf":{"@id":"https:\/\/www.laguiadepamplona.com\/actualidad\/manana-viernes-se-abre-un-servicio-de-asesoria-juridica-en-materia-de-lgtbi-en-el-centro-harrotu-en-la-calle-san-gregorio-28\/"},"author":{"name":"La Gu\u00eda de Pamplona","@id":"https:\/\/www.laguiadepamplona.com\/actualidad\/#\/schema\/person\/efe887376f0213d4657c93adc50b1fdb"},"headline":"Ma\u00f1ana viernes se abre un servicio de asesor\u00eda jur\u00eddica en materia de LGTBI en el Centro Harrotu en la calle San Gregorio 28","datePublished":"2017-09-21T13:25:08+00:00","mainEntityOfPage":{"@id":"https:\/\/www.laguiadepamplona.com\/actualidad\/manana-viernes-se-abre-un-servicio-de-asesoria-juridica-en-materia-de-lgtbi-en-el-centro-harrotu-en-la-calle-san-gregorio-28\/"},"wordCount":451,"commentCount":0,"publisher":{"@id":"https:\/\/www.laguiadepamplona.com\/actualidad\/#organization"},"image":{"@id":"https:\/\/www.laguiadepamplona.com\/actualidad\/manana-viernes-se-abre-un-servicio-de-asesoria-juridica-en-materia-de-lgtbi-en-el-centro-harrotu-en-la-calle-san-gregorio-28\/#primaryimage"},"thumbnailUrl":"https:\/\/www.laguiadepamplona.com\/actualidad\/wp-content\/uploads\/2016\/12\/orgullo-gay-bandera-lgtb.jpg","articleSection":["Ayto Pamplona"],"inLanguage":"es","potentialAction":[{"@type":"CommentAction","name":"Comment","target":["https:\/\/www.laguiadepamplona.com\/actualidad\/manana-viernes-se-abre-un-servicio-de-asesoria-juridica-en-materia-de-lgtbi-en-el-centro-harrotu-en-la-calle-san-gregorio-28\/#respond"]}]},{"@type":"WebPage","@id":"https:\/\/www.laguiadepamplona.com\/actualidad\/manana-viernes-se-abre-un-servicio-de-asesoria-juridica-en-materia-de-lgtbi-en-el-centro-harrotu-en-la-calle-san-gregorio-28\/","url":"https:\/\/www.laguiadepamplona.com\/actualidad\/manana-viernes-se-abre-un-servicio-de-asesoria-juridica-en-materia-de-lgtbi-en-el-centro-harrotu-en-la-calle-san-gregorio-28\/","name":"Ma\u00f1ana viernes se abre un servicio de asesor\u00eda jur\u00eddica en materia de LGTBI en el Centro Harrotu en la calle San Gregorio 28","isPartOf":{"@id":"https:\/\/www.laguiadepamplona.com\/actualidad\/#website"},"primaryImageOfPage":{"@id":"https:\/\/www.laguiadepamplona.com\/actualidad\/manana-viernes-se-abre-un-servicio-de-asesoria-juridica-en-materia-de-lgtbi-en-el-centro-harrotu-en-la-calle-san-gregorio-28\/#primaryimage"},"image":{"@id":"https:\/\/www.laguiadepamplona.com\/actualidad\/manana-viernes-se-abre-un-servicio-de-asesoria-juridica-en-materia-de-lgtbi-en-el-centro-harrotu-en-la-calle-san-gregorio-28\/#primaryimage"},"thumbnailUrl":"https:\/\/www.laguiadepamplona.com\/actualidad\/wp-content\/uploads\/2016\/12\/orgullo-gay-bandera-lgtb.jpg","datePublished":"2017-09-21T13:25:08+00:00","breadcrumb":{"@id":"https:\/\/www.laguiadepamplona.com\/actualidad\/manana-viernes-se-abre-un-servicio-de-asesoria-juridica-en-materia-de-lgtbi-en-el-centro-harrotu-en-la-calle-san-gregorio-28\/#breadcrumb"},"inLanguage":"es","potentialAction":[{"@type":"ReadAction","target":["https:\/\/www.laguiadepamplona.com\/actualidad\/manana-viernes-se-abre-un-servicio-de-asesoria-juridica-en-materia-de-lgtbi-en-el-centro-harrotu-en-la-calle-san-gregorio-28\/"]}]},{"@type":"ImageObject","inLanguage":"es","@id":"https:\/\/www.laguiadepamplona.com\/actualidad\/manana-viernes-se-abre-un-servicio-de-asesoria-juridica-en-materia-de-lgtbi-en-el-centro-harrotu-en-la-calle-san-gregorio-28\/#primaryimage","url":"https:\/\/www.laguiadepamplona.com\/actualidad\/wp-content\/uploads\/2016\/12\/orgullo-gay-bandera-lgtb.jpg","contentUrl":"https:\/\/www.laguiadepamplona.com\/actualidad\/wp-content\/uploads\/2016\/12\/orgullo-gay-bandera-lgtb.jpg","width":860,"height":520,"caption":"lgtbi"},{"@type":"BreadcrumbList","@id":"https:\/\/www.laguiadepamplona.com\/actualidad\/manana-viernes-se-abre-un-servicio-de-asesoria-juridica-en-materia-de-lgtbi-en-el-centro-harrotu-en-la-calle-san-gregorio-28\/#breadcrumb","itemListElement":[{"@type":"ListItem","position":1,"name":"Portada","item":"https:\/\/www.laguiadepamplona.com\/actualidad\/"},{"@type":"ListItem","position":2,"name":"Ma\u00f1ana viernes se abre un servicio de asesor\u00eda jur\u00eddica en materia de LGTBI en el Centro Harrotu en la calle San Gregorio 28"}]},{"@type":"WebSite","@id":"https:\/\/www.laguiadepamplona.com\/actualidad\/#website","url":"https:\/\/www.laguiadepamplona.com\/actualidad\/","name":"La gu\u00eda de Pamplona","description":"Noticias de Pamplona","publisher":{"@id":"https:\/\/www.laguiadepamplona.com\/actualidad\/#organization"},"potentialAction":[{"@type":"SearchAction","target":{"@type":"EntryPoint","urlTemplate":"https:\/\/www.laguiadepamplona.com\/actualidad\/?s={search_term_string}"},"query-input":{"@type":"PropertyValueSpecification","valueRequired":true,"valueName":"search_term_string"}}],"inLanguage":"es"},{"@type":"Organization","@id":"https:\/\/www.laguiadepamplona.com\/actualidad\/#organization","name":"La Gu\u00eda de Pamplona \/ Noticias","url":"https:\/\/www.laguiadepamplona.com\/actualidad\/","logo":{"@type":"ImageObject","inLanguage":"es","@id":"https:\/\/www.laguiadepamplona.com\/actualidad\/#\/schema\/logo\/image\/","url":"https:\/\/www.laguiadepamplona.com\/actualidad\/wp-content\/uploads\/2018\/11\/logo-laguiadepamplona18-web1.png","contentUrl":"https:\/\/www.laguiadepamplona.com\/actualidad\/wp-content\/uploads\/2018\/11\/logo-laguiadepamplona18-web1.png","width":600,"height":196,"caption":"La Gu\u00eda de Pamplona \/ Noticias"},"image":{"@id":"https:\/\/www.laguiadepamplona.com\/actualidad\/#\/schema\/logo\/image\/"},"sameAs":["https:\/\/www.facebook.com\/laguiadepamplonacom-133175176762273\/?ref=hl","https:\/\/x.com\/LaGuiadPamplona","https:\/\/www.instagram.com\/la_guia_de_pamplona\/","https:\/\/www.youtube.com\/user\/laguiadepamplona"]},{"@type":"Person","@id":"https:\/\/www.laguiadepamplona.com\/actualidad\/#\/schema\/person\/efe887376f0213d4657c93adc50b1fdb","name":"La Gu\u00eda de Pamplona","image":{"@type":"ImageObject","inLanguage":"es","@id":"https:\/\/secure.gravatar.com\/avatar\/b6992f131dc8d30ab0dff15446e9d346d9dbd95992de0fef795073f5ea83a81c?s=96&d=mm&r=g","url":"https:\/\/secure.gravatar.com\/avatar\/b6992f131dc8d30ab0dff15446e9d346d9dbd95992de0fef795073f5ea83a81c?s=96&d=mm&r=g","contentUrl":"https:\/\/secure.gravatar.com\/avatar\/b6992f131dc8d30ab0dff15446e9d346d9dbd95992de0fef795073f5ea83a81c?s=96&d=mm&r=g","caption":"La Gu\u00eda de Pamplona"}}]}},"post_mailing_queue_ids":[],"_links":{"self":[{"href":"https:\/\/www.laguiadepamplona.com\/actualidad\/wp-json\/wp\/v2\/posts\/14386","targetHints":{"allow":["GET"]}}],"collection":[{"href":"https:\/\/www.laguiadepamplona.com\/actualidad\/wp-json\/wp\/v2\/posts"}],"about":[{"href":"https:\/\/www.laguiadepamplona.com\/actualidad\/wp-json\/wp\/v2\/types\/post"}],"author":[{"embeddable":true,"href":"https:\/\/www.laguiadepamplona.com\/actualidad\/wp-json\/wp\/v2\/users\/1"}],"replies":[{"embeddable":true,"href":"https:\/\/www.laguiadepamplona.com\/actualidad\/wp-json\/wp\/v2\/comments?post=14386"}],"version-history":[{"count":0,"href":"https:\/\/www.laguiadepamplona.com\/actualidad\/wp-json\/wp\/v2\/posts\/14386\/revisions"}],"wp:featuredmedia":[{"embeddable":true,"href":"https:\/\/www.laguiadepamplona.com\/actualidad\/wp-json\/wp\/v2\/media\/11094"}],"wp:attachment":[{"href":"https:\/\/www.laguiadepamplona.com\/actualidad\/wp-json\/wp\/v2\/media?parent=14386"}],"wp:term":[{"taxonomy":"category","embeddable":true,"href":"https:\/\/www.laguiadepamplona.com\/actualidad\/wp-json\/wp\/v2\/categories?post=14386"},{"taxonomy":"post_tag","embeddable":true,"href":"https:\/\/www.laguiadepamplona.com\/actualidad\/wp-json\/wp\/v2\/tags?post=14386"}],"curies":[{"name":"wp","href":"https:\/\/api.w.org\/{rel}","templated":true}]}}