{"id":14382,"date":"2017-09-21T12:13:01","date_gmt":"2017-09-21T11:13:01","guid":{"rendered":"http:\/\/laguiadepamplona.es\/actualidad\/?p=14382"},"modified":"2017-09-21T12:13:01","modified_gmt":"2017-09-21T11:13:01","slug":"los-gigantes-la-pamplonesa-y-los-dantzaris-municipales-se-sumaran-este-fin-de-semana-a-las-fiestas-de-san-fermin-de-aldapa","status":"publish","type":"post","link":"https:\/\/www.laguiadepamplona.com\/actualidad\/los-gigantes-la-pamplonesa-y-los-dantzaris-municipales-se-sumaran-este-fin-de-semana-a-las-fiestas-de-san-fermin-de-aldapa\/","title":{"rendered":"Los gigantes, La Pamplonesa y los dantzaris municipales se sumar\u00e1n este fin de semana a las fiestas de san Ferm\u00edn de Aldapa"},"content":{"rendered":"<h3>Dianas por las calles, dos salidas de la Comparsa o la tradicional Ezpatadantza ser\u00e1n algunas citas de esta conmemoraci\u00f3n<\/h3>\n<p><!--more--><\/p>\n<p>Este fin de semana saldr\u00e1 por las calles del Casco Antiguo la Comparsa de Gigantes y Cabezudos de Pamplona para celebrar San Ferm\u00edn de Aldapa. Es una de las pocas salidas que esta formaci\u00f3n realiza fuera de las fechas sanfermineras y que permitir\u00e1 que las familias recorran bailando con ellos el centro de la ciudad el s\u00e1bado por la tarde (de 17 a 20 horas) y el domingo por la ma\u00f1ana (11 horas).<\/p>\n<p>Asimismo el s\u00e1bado a las 20 horas La Pamplonesa ofrecer\u00e1 un concierto en la Plaza del Castillo con un programa de m\u00fasica popular (pasodobles, jotas, fragmentos de conocidas zarzuelas y m\u00fasica del maestro Manuel Turrillas). La sesi\u00f3n, especial para estas fiestas, se desarrollar\u00e1 bajo la batuta de Jes\u00fas Garisoain. La Pamplonesa y la comparsa, junto con Grupo de Danzas Municipal acompa\u00f1ar\u00e1n, adem\u00e1s, el domingo a la tradicional procesi\u00f3n.<\/p>\n<p>El Grupo de Danzas Municipal el domingo a las 11.30 horas iniciar\u00e1 su recorrido en el Puente de Cortidores con el ondeo de bandera al que seguir\u00e1 un pasacalles por la cuesta de Santo Domingo para llegar a la Plaza de San Ferm\u00edn de Aldapa. Luego, tras acompa\u00f1ar a la procesi\u00f3n realizar\u00e1n el tradicional arco a San Ferm\u00edn. Aproximadamente a las 13.15 el cortejo llegar\u00e1 a la Plaza Consistorial donde los dantzaris bailar\u00e1n la Danza de Espadas o Ezpatadantza, una coreograf\u00eda en la que los danzantes entrelazan sus espadas en torno al capit\u00e1n que acaba siendo elevado sobre las armas hasta a un metro y medio de altura, mientras el resto interpretan un zortziko.<\/p>\n<p>A lo largo del fin de semana el Consistorio colaborar\u00e1 con la fiesta tambi\u00e9n con ambientaci\u00f3n musical. S\u00e1bado y domingo desde las 9 de la ma\u00f1ana habr\u00e1 dianas por las calles del Casco Antiguo y gaiteros y txistularis municipales har\u00e1n recorridos por el centro arrancando de la Plaza Consistorial y con final en la Plaza del Castillo.<\/p>\n<p><strong>Recorridos de la Comparsa de Gigantes y Cabezudos<\/strong><\/p>\n<p><strong>S\u00e1bado 23 de septiembre<\/strong><\/p>\n<ul>\n<li>Horario: de 17 a 20 horas<\/li>\n<li>Recorrido: estaci\u00f3n de autobuses, Comenzar\u00e1 en la Plaza de la Paz, siguiendo por Yanguas y Miranda, Garc\u00eda Xim\u00e9nez, Tudela, plaza del v\u00ednculo, Paseo Sarasate, San Ignacio, Bergam\u00edn, Arrieta, Carlos III, Duque de Ahumada, Estafeta, Estafeta, Mercaderes, Curia, plaza de San Jos\u00e9, Red\u00edn, Caballo Blanco, Barquilleros, Dos de Mayo, Carmen, Aldapa, Cuesta del Palacio, Mercado, Santo Domingo y Plaza Consistorial<\/li>\n<\/ul>\n<p><strong>Domingo 24 de septiembre<\/strong><\/p>\n<ul>\n<li>Horario: 11 horas<\/li>\n<li>Recorrido: Plaza Consistorial seguir\u00e1 por Mercaderes, Estafeta, Bajada de Javier, Calderer\u00eda, Ma\u00f1ueta, Cuesta del Palacio, Dos de Mayo, \u2013recorrido procesi\u00f3n, Dos de Mayo, Carmen, Curia, Compa\u00f1\u00eda, Merced, Tejer\u00eda, Estafeta, Duque de Ahumada, Carlos III, Plaza del Castillo, Paseo Sarasate, Alh\u00f3ndiga, Tudela, Garc\u00eda Xim\u00e9nez, Yanguas y Miranda, Plaza de la Paz y Estaci\u00f3n de Autobuses<\/li>\n<\/ul>\n<p>&nbsp;<\/p>\n","protected":false},"excerpt":{"rendered":"<p>Dianas por las calles, dos salidas de la Comparsa o la tradicional Ezpatadantza ser\u00e1n algunas citas de esta conmemoraci\u00f3n<\/p>\n","protected":false},"author":1,"featured_media":14383,"comment_status":"open","ping_status":"closed","sticky":false,"template":"","format":"standard","meta":{"footnotes":""},"categories":[2],"tags":[],"class_list":["post-14382","post","type-post","status-publish","format-standard","has-post-thumbnail","hentry","category-ayuntamiento-pamplona"],"yoast_head":"<!-- This site is optimized with the Yoast SEO plugin v27.3 - https:\/\/yoast.com\/product\/yoast-seo-wordpress\/ -->\n<title>Los gigantes, La Pamplonesa y los dantzaris municipales se sumar\u00e1n este fin de semana a las fiestas de san Ferm\u00edn de Aldapa<\/title>\n<meta name=\"robots\" content=\"index, follow, max-snippet:-1, max-image-preview:large, max-video-preview:-1\" \/>\n<link rel=\"canonical\" href=\"https:\/\/www.laguiadepamplona.com\/actualidad\/los-gigantes-la-pamplonesa-y-los-dantzaris-municipales-se-sumaran-este-fin-de-semana-a-las-fiestas-de-san-fermin-de-aldapa\/\" \/>\n<meta property=\"og:locale\" content=\"es_ES\" \/>\n<meta property=\"og:type\" content=\"article\" \/>\n<meta property=\"og:title\" content=\"Los gigantes, La Pamplonesa y los dantzaris municipales se sumar\u00e1n este fin de semana a las fiestas de san Ferm\u00edn de Aldapa\" \/>\n<meta property=\"og:description\" content=\"Dianas por las calles, dos salidas de la Comparsa o la tradicional Ezpatadantza ser\u00e1n algunas citas de esta conmemoraci\u00f3n\" \/>\n<meta property=\"og:url\" content=\"https:\/\/www.laguiadepamplona.com\/actualidad\/los-gigantes-la-pamplonesa-y-los-dantzaris-municipales-se-sumaran-este-fin-de-semana-a-las-fiestas-de-san-fermin-de-aldapa\/\" \/>\n<meta property=\"og:site_name\" content=\"La Gu\u00eda de Pamplona\" \/>\n<meta property=\"article:publisher\" content=\"https:\/\/www.facebook.com\/laguiadepamplonacom-133175176762273\/?ref=hl\" \/>\n<meta property=\"article:published_time\" content=\"2017-09-21T11:13:01+00:00\" \/>\n<meta property=\"og:image\" content=\"https:\/\/www.laguiadepamplona.com\/actualidad\/wp-content\/uploads\/2017\/09\/gigantes-y-cabezudos.jpg\" \/>\n\t<meta property=\"og:image:width\" content=\"1000\" \/>\n\t<meta property=\"og:image:height\" content=\"667\" \/>\n\t<meta property=\"og:image:type\" content=\"image\/jpeg\" \/>\n<meta name=\"author\" content=\"La Gu\u00eda de Pamplona\" \/>\n<meta name=\"twitter:card\" content=\"summary_large_image\" \/>\n<meta name=\"twitter:creator\" content=\"@LaGuiadPamplona\" \/>\n<meta name=\"twitter:site\" content=\"@LaGuiadPamplona\" \/>\n<meta name=\"twitter:label1\" content=\"Escrito por\" \/>\n\t<meta name=\"twitter:data1\" content=\"La Gu\u00eda de Pamplona\" \/>\n\t<meta name=\"twitter:label2\" content=\"Tiempo de lectura\" \/>\n\t<meta name=\"twitter:data2\" content=\"3 minutos\" \/>\n<script type=\"application\/ld+json\" class=\"yoast-schema-graph\">{\"@context\":\"https:\\\/\\\/schema.org\",\"@graph\":[{\"@type\":\"Article\",\"@id\":\"https:\\\/\\\/www.laguiadepamplona.com\\\/actualidad\\\/los-gigantes-la-pamplonesa-y-los-dantzaris-municipales-se-sumaran-este-fin-de-semana-a-las-fiestas-de-san-fermin-de-aldapa\\\/#article\",\"isPartOf\":{\"@id\":\"https:\\\/\\\/www.laguiadepamplona.com\\\/actualidad\\\/los-gigantes-la-pamplonesa-y-los-dantzaris-municipales-se-sumaran-este-fin-de-semana-a-las-fiestas-de-san-fermin-de-aldapa\\\/\"},\"author\":{\"name\":\"La Gu\u00eda de Pamplona\",\"@id\":\"https:\\\/\\\/www.laguiadepamplona.com\\\/actualidad\\\/#\\\/schema\\\/person\\\/efe887376f0213d4657c93adc50b1fdb\"},\"headline\":\"Los gigantes, La Pamplonesa y los dantzaris municipales se sumar\u00e1n este fin de semana a las fiestas de san Ferm\u00edn de Aldapa\",\"datePublished\":\"2017-09-21T11:13:01+00:00\",\"mainEntityOfPage\":{\"@id\":\"https:\\\/\\\/www.laguiadepamplona.com\\\/actualidad\\\/los-gigantes-la-pamplonesa-y-los-dantzaris-municipales-se-sumaran-este-fin-de-semana-a-las-fiestas-de-san-fermin-de-aldapa\\\/\"},\"wordCount\":526,\"commentCount\":0,\"publisher\":{\"@id\":\"https:\\\/\\\/www.laguiadepamplona.com\\\/actualidad\\\/#organization\"},\"image\":{\"@id\":\"https:\\\/\\\/www.laguiadepamplona.com\\\/actualidad\\\/los-gigantes-la-pamplonesa-y-los-dantzaris-municipales-se-sumaran-este-fin-de-semana-a-las-fiestas-de-san-fermin-de-aldapa\\\/#primaryimage\"},\"thumbnailUrl\":\"https:\\\/\\\/www.laguiadepamplona.com\\\/actualidad\\\/wp-content\\\/uploads\\\/2017\\\/09\\\/gigantes-y-cabezudos.jpg\",\"articleSection\":[\"Ayto Pamplona\"],\"inLanguage\":\"es\",\"potentialAction\":[{\"@type\":\"CommentAction\",\"name\":\"Comment\",\"target\":[\"https:\\\/\\\/www.laguiadepamplona.com\\\/actualidad\\\/los-gigantes-la-pamplonesa-y-los-dantzaris-municipales-se-sumaran-este-fin-de-semana-a-las-fiestas-de-san-fermin-de-aldapa\\\/#respond\"]}]},{\"@type\":\"WebPage\",\"@id\":\"https:\\\/\\\/www.laguiadepamplona.com\\\/actualidad\\\/los-gigantes-la-pamplonesa-y-los-dantzaris-municipales-se-sumaran-este-fin-de-semana-a-las-fiestas-de-san-fermin-de-aldapa\\\/\",\"url\":\"https:\\\/\\\/www.laguiadepamplona.com\\\/actualidad\\\/los-gigantes-la-pamplonesa-y-los-dantzaris-municipales-se-sumaran-este-fin-de-semana-a-las-fiestas-de-san-fermin-de-aldapa\\\/\",\"name\":\"Los gigantes, La Pamplonesa y los dantzaris municipales se sumar\u00e1n este fin de semana a las fiestas de san Ferm\u00edn de Aldapa\",\"isPartOf\":{\"@id\":\"https:\\\/\\\/www.laguiadepamplona.com\\\/actualidad\\\/#website\"},\"primaryImageOfPage\":{\"@id\":\"https:\\\/\\\/www.laguiadepamplona.com\\\/actualidad\\\/los-gigantes-la-pamplonesa-y-los-dantzaris-municipales-se-sumaran-este-fin-de-semana-a-las-fiestas-de-san-fermin-de-aldapa\\\/#primaryimage\"},\"image\":{\"@id\":\"https:\\\/\\\/www.laguiadepamplona.com\\\/actualidad\\\/los-gigantes-la-pamplonesa-y-los-dantzaris-municipales-se-sumaran-este-fin-de-semana-a-las-fiestas-de-san-fermin-de-aldapa\\\/#primaryimage\"},\"thumbnailUrl\":\"https:\\\/\\\/www.laguiadepamplona.com\\\/actualidad\\\/wp-content\\\/uploads\\\/2017\\\/09\\\/gigantes-y-cabezudos.jpg\",\"datePublished\":\"2017-09-21T11:13:01+00:00\",\"breadcrumb\":{\"@id\":\"https:\\\/\\\/www.laguiadepamplona.com\\\/actualidad\\\/los-gigantes-la-pamplonesa-y-los-dantzaris-municipales-se-sumaran-este-fin-de-semana-a-las-fiestas-de-san-fermin-de-aldapa\\\/#breadcrumb\"},\"inLanguage\":\"es\",\"potentialAction\":[{\"@type\":\"ReadAction\",\"target\":[\"https:\\\/\\\/www.laguiadepamplona.com\\\/actualidad\\\/los-gigantes-la-pamplonesa-y-los-dantzaris-municipales-se-sumaran-este-fin-de-semana-a-las-fiestas-de-san-fermin-de-aldapa\\\/\"]}]},{\"@type\":\"ImageObject\",\"inLanguage\":\"es\",\"@id\":\"https:\\\/\\\/www.laguiadepamplona.com\\\/actualidad\\\/los-gigantes-la-pamplonesa-y-los-dantzaris-municipales-se-sumaran-este-fin-de-semana-a-las-fiestas-de-san-fermin-de-aldapa\\\/#primaryimage\",\"url\":\"https:\\\/\\\/www.laguiadepamplona.com\\\/actualidad\\\/wp-content\\\/uploads\\\/2017\\\/09\\\/gigantes-y-cabezudos.jpg\",\"contentUrl\":\"https:\\\/\\\/www.laguiadepamplona.com\\\/actualidad\\\/wp-content\\\/uploads\\\/2017\\\/09\\\/gigantes-y-cabezudos.jpg\",\"width\":1000,\"height\":667},{\"@type\":\"BreadcrumbList\",\"@id\":\"https:\\\/\\\/www.laguiadepamplona.com\\\/actualidad\\\/los-gigantes-la-pamplonesa-y-los-dantzaris-municipales-se-sumaran-este-fin-de-semana-a-las-fiestas-de-san-fermin-de-aldapa\\\/#breadcrumb\",\"itemListElement\":[{\"@type\":\"ListItem\",\"position\":1,\"name\":\"Portada\",\"item\":\"https:\\\/\\\/www.laguiadepamplona.com\\\/actualidad\\\/\"},{\"@type\":\"ListItem\",\"position\":2,\"name\":\"Los gigantes, La Pamplonesa y los dantzaris municipales se sumar\u00e1n este fin de semana a las fiestas de san Ferm\u00edn de Aldapa\"}]},{\"@type\":\"WebSite\",\"@id\":\"https:\\\/\\\/www.laguiadepamplona.com\\\/actualidad\\\/#website\",\"url\":\"https:\\\/\\\/www.laguiadepamplona.com\\\/actualidad\\\/\",\"name\":\"La gu\u00eda de Pamplona\",\"description\":\"Noticias de Pamplona\",\"publisher\":{\"@id\":\"https:\\\/\\\/www.laguiadepamplona.com\\\/actualidad\\\/#organization\"},\"potentialAction\":[{\"@type\":\"SearchAction\",\"target\":{\"@type\":\"EntryPoint\",\"urlTemplate\":\"https:\\\/\\\/www.laguiadepamplona.com\\\/actualidad\\\/?s={search_term_string}\"},\"query-input\":{\"@type\":\"PropertyValueSpecification\",\"valueRequired\":true,\"valueName\":\"search_term_string\"}}],\"inLanguage\":\"es\"},{\"@type\":\"Organization\",\"@id\":\"https:\\\/\\\/www.laguiadepamplona.com\\\/actualidad\\\/#organization\",\"name\":\"La Gu\u00eda de Pamplona \\\/ Noticias\",\"url\":\"https:\\\/\\\/www.laguiadepamplona.com\\\/actualidad\\\/\",\"logo\":{\"@type\":\"ImageObject\",\"inLanguage\":\"es\",\"@id\":\"https:\\\/\\\/www.laguiadepamplona.com\\\/actualidad\\\/#\\\/schema\\\/logo\\\/image\\\/\",\"url\":\"https:\\\/\\\/www.laguiadepamplona.com\\\/actualidad\\\/wp-content\\\/uploads\\\/2018\\\/11\\\/logo-laguiadepamplona18-web1.png\",\"contentUrl\":\"https:\\\/\\\/www.laguiadepamplona.com\\\/actualidad\\\/wp-content\\\/uploads\\\/2018\\\/11\\\/logo-laguiadepamplona18-web1.png\",\"width\":600,\"height\":196,\"caption\":\"La Gu\u00eda de Pamplona \\\/ Noticias\"},\"image\":{\"@id\":\"https:\\\/\\\/www.laguiadepamplona.com\\\/actualidad\\\/#\\\/schema\\\/logo\\\/image\\\/\"},\"sameAs\":[\"https:\\\/\\\/www.facebook.com\\\/laguiadepamplonacom-133175176762273\\\/?ref=hl\",\"https:\\\/\\\/x.com\\\/LaGuiadPamplona\",\"https:\\\/\\\/www.instagram.com\\\/la_guia_de_pamplona\\\/\",\"https:\\\/\\\/www.youtube.com\\\/user\\\/laguiadepamplona\"]},{\"@type\":\"Person\",\"@id\":\"https:\\\/\\\/www.laguiadepamplona.com\\\/actualidad\\\/#\\\/schema\\\/person\\\/efe887376f0213d4657c93adc50b1fdb\",\"name\":\"La Gu\u00eda de Pamplona\",\"image\":{\"@type\":\"ImageObject\",\"inLanguage\":\"es\",\"@id\":\"https:\\\/\\\/secure.gravatar.com\\\/avatar\\\/b6992f131dc8d30ab0dff15446e9d346d9dbd95992de0fef795073f5ea83a81c?s=96&d=mm&r=g\",\"url\":\"https:\\\/\\\/secure.gravatar.com\\\/avatar\\\/b6992f131dc8d30ab0dff15446e9d346d9dbd95992de0fef795073f5ea83a81c?s=96&d=mm&r=g\",\"contentUrl\":\"https:\\\/\\\/secure.gravatar.com\\\/avatar\\\/b6992f131dc8d30ab0dff15446e9d346d9dbd95992de0fef795073f5ea83a81c?s=96&d=mm&r=g\",\"caption\":\"La Gu\u00eda de Pamplona\"}}]}<\/script>\n<!-- \/ Yoast SEO plugin. -->","yoast_head_json":{"title":"Los gigantes, La Pamplonesa y los dantzaris municipales se sumar\u00e1n este fin de semana a las fiestas de san Ferm\u00edn de Aldapa","robots":{"index":"index","follow":"follow","max-snippet":"max-snippet:-1","max-image-preview":"max-image-preview:large","max-video-preview":"max-video-preview:-1"},"canonical":"https:\/\/www.laguiadepamplona.com\/actualidad\/los-gigantes-la-pamplonesa-y-los-dantzaris-municipales-se-sumaran-este-fin-de-semana-a-las-fiestas-de-san-fermin-de-aldapa\/","og_locale":"es_ES","og_type":"article","og_title":"Los gigantes, La Pamplonesa y los dantzaris municipales se sumar\u00e1n este fin de semana a las fiestas de san Ferm\u00edn de Aldapa","og_description":"Dianas por las calles, dos salidas de la Comparsa o la tradicional Ezpatadantza ser\u00e1n algunas citas de esta conmemoraci\u00f3n","og_url":"https:\/\/www.laguiadepamplona.com\/actualidad\/los-gigantes-la-pamplonesa-y-los-dantzaris-municipales-se-sumaran-este-fin-de-semana-a-las-fiestas-de-san-fermin-de-aldapa\/","og_site_name":"La Gu\u00eda de Pamplona","article_publisher":"https:\/\/www.facebook.com\/laguiadepamplonacom-133175176762273\/?ref=hl","article_published_time":"2017-09-21T11:13:01+00:00","og_image":[{"width":1000,"height":667,"url":"https:\/\/www.laguiadepamplona.com\/actualidad\/wp-content\/uploads\/2017\/09\/gigantes-y-cabezudos.jpg","type":"image\/jpeg"}],"author":"La Gu\u00eda de Pamplona","twitter_card":"summary_large_image","twitter_creator":"@LaGuiadPamplona","twitter_site":"@LaGuiadPamplona","twitter_misc":{"Escrito por":"La Gu\u00eda de Pamplona","Tiempo de lectura":"3 minutos"},"schema":{"@context":"https:\/\/schema.org","@graph":[{"@type":"Article","@id":"https:\/\/www.laguiadepamplona.com\/actualidad\/los-gigantes-la-pamplonesa-y-los-dantzaris-municipales-se-sumaran-este-fin-de-semana-a-las-fiestas-de-san-fermin-de-aldapa\/#article","isPartOf":{"@id":"https:\/\/www.laguiadepamplona.com\/actualidad\/los-gigantes-la-pamplonesa-y-los-dantzaris-municipales-se-sumaran-este-fin-de-semana-a-las-fiestas-de-san-fermin-de-aldapa\/"},"author":{"name":"La Gu\u00eda de Pamplona","@id":"https:\/\/www.laguiadepamplona.com\/actualidad\/#\/schema\/person\/efe887376f0213d4657c93adc50b1fdb"},"headline":"Los gigantes, La Pamplonesa y los dantzaris municipales se sumar\u00e1n este fin de semana a las fiestas de san Ferm\u00edn de Aldapa","datePublished":"2017-09-21T11:13:01+00:00","mainEntityOfPage":{"@id":"https:\/\/www.laguiadepamplona.com\/actualidad\/los-gigantes-la-pamplonesa-y-los-dantzaris-municipales-se-sumaran-este-fin-de-semana-a-las-fiestas-de-san-fermin-de-aldapa\/"},"wordCount":526,"commentCount":0,"publisher":{"@id":"https:\/\/www.laguiadepamplona.com\/actualidad\/#organization"},"image":{"@id":"https:\/\/www.laguiadepamplona.com\/actualidad\/los-gigantes-la-pamplonesa-y-los-dantzaris-municipales-se-sumaran-este-fin-de-semana-a-las-fiestas-de-san-fermin-de-aldapa\/#primaryimage"},"thumbnailUrl":"https:\/\/www.laguiadepamplona.com\/actualidad\/wp-content\/uploads\/2017\/09\/gigantes-y-cabezudos.jpg","articleSection":["Ayto Pamplona"],"inLanguage":"es","potentialAction":[{"@type":"CommentAction","name":"Comment","target":["https:\/\/www.laguiadepamplona.com\/actualidad\/los-gigantes-la-pamplonesa-y-los-dantzaris-municipales-se-sumaran-este-fin-de-semana-a-las-fiestas-de-san-fermin-de-aldapa\/#respond"]}]},{"@type":"WebPage","@id":"https:\/\/www.laguiadepamplona.com\/actualidad\/los-gigantes-la-pamplonesa-y-los-dantzaris-municipales-se-sumaran-este-fin-de-semana-a-las-fiestas-de-san-fermin-de-aldapa\/","url":"https:\/\/www.laguiadepamplona.com\/actualidad\/los-gigantes-la-pamplonesa-y-los-dantzaris-municipales-se-sumaran-este-fin-de-semana-a-las-fiestas-de-san-fermin-de-aldapa\/","name":"Los gigantes, La Pamplonesa y los dantzaris municipales se sumar\u00e1n este fin de semana a las fiestas de san Ferm\u00edn de Aldapa","isPartOf":{"@id":"https:\/\/www.laguiadepamplona.com\/actualidad\/#website"},"primaryImageOfPage":{"@id":"https:\/\/www.laguiadepamplona.com\/actualidad\/los-gigantes-la-pamplonesa-y-los-dantzaris-municipales-se-sumaran-este-fin-de-semana-a-las-fiestas-de-san-fermin-de-aldapa\/#primaryimage"},"image":{"@id":"https:\/\/www.laguiadepamplona.com\/actualidad\/los-gigantes-la-pamplonesa-y-los-dantzaris-municipales-se-sumaran-este-fin-de-semana-a-las-fiestas-de-san-fermin-de-aldapa\/#primaryimage"},"thumbnailUrl":"https:\/\/www.laguiadepamplona.com\/actualidad\/wp-content\/uploads\/2017\/09\/gigantes-y-cabezudos.jpg","datePublished":"2017-09-21T11:13:01+00:00","breadcrumb":{"@id":"https:\/\/www.laguiadepamplona.com\/actualidad\/los-gigantes-la-pamplonesa-y-los-dantzaris-municipales-se-sumaran-este-fin-de-semana-a-las-fiestas-de-san-fermin-de-aldapa\/#breadcrumb"},"inLanguage":"es","potentialAction":[{"@type":"ReadAction","target":["https:\/\/www.laguiadepamplona.com\/actualidad\/los-gigantes-la-pamplonesa-y-los-dantzaris-municipales-se-sumaran-este-fin-de-semana-a-las-fiestas-de-san-fermin-de-aldapa\/"]}]},{"@type":"ImageObject","inLanguage":"es","@id":"https:\/\/www.laguiadepamplona.com\/actualidad\/los-gigantes-la-pamplonesa-y-los-dantzaris-municipales-se-sumaran-este-fin-de-semana-a-las-fiestas-de-san-fermin-de-aldapa\/#primaryimage","url":"https:\/\/www.laguiadepamplona.com\/actualidad\/wp-content\/uploads\/2017\/09\/gigantes-y-cabezudos.jpg","contentUrl":"https:\/\/www.laguiadepamplona.com\/actualidad\/wp-content\/uploads\/2017\/09\/gigantes-y-cabezudos.jpg","width":1000,"height":667},{"@type":"BreadcrumbList","@id":"https:\/\/www.laguiadepamplona.com\/actualidad\/los-gigantes-la-pamplonesa-y-los-dantzaris-municipales-se-sumaran-este-fin-de-semana-a-las-fiestas-de-san-fermin-de-aldapa\/#breadcrumb","itemListElement":[{"@type":"ListItem","position":1,"name":"Portada","item":"https:\/\/www.laguiadepamplona.com\/actualidad\/"},{"@type":"ListItem","position":2,"name":"Los gigantes, La Pamplonesa y los dantzaris municipales se sumar\u00e1n este fin de semana a las fiestas de san Ferm\u00edn de Aldapa"}]},{"@type":"WebSite","@id":"https:\/\/www.laguiadepamplona.com\/actualidad\/#website","url":"https:\/\/www.laguiadepamplona.com\/actualidad\/","name":"La gu\u00eda de Pamplona","description":"Noticias de Pamplona","publisher":{"@id":"https:\/\/www.laguiadepamplona.com\/actualidad\/#organization"},"potentialAction":[{"@type":"SearchAction","target":{"@type":"EntryPoint","urlTemplate":"https:\/\/www.laguiadepamplona.com\/actualidad\/?s={search_term_string}"},"query-input":{"@type":"PropertyValueSpecification","valueRequired":true,"valueName":"search_term_string"}}],"inLanguage":"es"},{"@type":"Organization","@id":"https:\/\/www.laguiadepamplona.com\/actualidad\/#organization","name":"La Gu\u00eda de Pamplona \/ Noticias","url":"https:\/\/www.laguiadepamplona.com\/actualidad\/","logo":{"@type":"ImageObject","inLanguage":"es","@id":"https:\/\/www.laguiadepamplona.com\/actualidad\/#\/schema\/logo\/image\/","url":"https:\/\/www.laguiadepamplona.com\/actualidad\/wp-content\/uploads\/2018\/11\/logo-laguiadepamplona18-web1.png","contentUrl":"https:\/\/www.laguiadepamplona.com\/actualidad\/wp-content\/uploads\/2018\/11\/logo-laguiadepamplona18-web1.png","width":600,"height":196,"caption":"La Gu\u00eda de Pamplona \/ Noticias"},"image":{"@id":"https:\/\/www.laguiadepamplona.com\/actualidad\/#\/schema\/logo\/image\/"},"sameAs":["https:\/\/www.facebook.com\/laguiadepamplonacom-133175176762273\/?ref=hl","https:\/\/x.com\/LaGuiadPamplona","https:\/\/www.instagram.com\/la_guia_de_pamplona\/","https:\/\/www.youtube.com\/user\/laguiadepamplona"]},{"@type":"Person","@id":"https:\/\/www.laguiadepamplona.com\/actualidad\/#\/schema\/person\/efe887376f0213d4657c93adc50b1fdb","name":"La Gu\u00eda de Pamplona","image":{"@type":"ImageObject","inLanguage":"es","@id":"https:\/\/secure.gravatar.com\/avatar\/b6992f131dc8d30ab0dff15446e9d346d9dbd95992de0fef795073f5ea83a81c?s=96&d=mm&r=g","url":"https:\/\/secure.gravatar.com\/avatar\/b6992f131dc8d30ab0dff15446e9d346d9dbd95992de0fef795073f5ea83a81c?s=96&d=mm&r=g","contentUrl":"https:\/\/secure.gravatar.com\/avatar\/b6992f131dc8d30ab0dff15446e9d346d9dbd95992de0fef795073f5ea83a81c?s=96&d=mm&r=g","caption":"La Gu\u00eda de Pamplona"}}]}},"post_mailing_queue_ids":[],"_links":{"self":[{"href":"https:\/\/www.laguiadepamplona.com\/actualidad\/wp-json\/wp\/v2\/posts\/14382","targetHints":{"allow":["GET"]}}],"collection":[{"href":"https:\/\/www.laguiadepamplona.com\/actualidad\/wp-json\/wp\/v2\/posts"}],"about":[{"href":"https:\/\/www.laguiadepamplona.com\/actualidad\/wp-json\/wp\/v2\/types\/post"}],"author":[{"embeddable":true,"href":"https:\/\/www.laguiadepamplona.com\/actualidad\/wp-json\/wp\/v2\/users\/1"}],"replies":[{"embeddable":true,"href":"https:\/\/www.laguiadepamplona.com\/actualidad\/wp-json\/wp\/v2\/comments?post=14382"}],"version-history":[{"count":0,"href":"https:\/\/www.laguiadepamplona.com\/actualidad\/wp-json\/wp\/v2\/posts\/14382\/revisions"}],"wp:featuredmedia":[{"embeddable":true,"href":"https:\/\/www.laguiadepamplona.com\/actualidad\/wp-json\/wp\/v2\/media\/14383"}],"wp:attachment":[{"href":"https:\/\/www.laguiadepamplona.com\/actualidad\/wp-json\/wp\/v2\/media?parent=14382"}],"wp:term":[{"taxonomy":"category","embeddable":true,"href":"https:\/\/www.laguiadepamplona.com\/actualidad\/wp-json\/wp\/v2\/categories?post=14382"},{"taxonomy":"post_tag","embeddable":true,"href":"https:\/\/www.laguiadepamplona.com\/actualidad\/wp-json\/wp\/v2\/tags?post=14382"}],"curies":[{"name":"wp","href":"https:\/\/api.w.org\/{rel}","templated":true}]}}