{"id":14379,"date":"2017-09-21T10:58:01","date_gmt":"2017-09-21T09:58:01","guid":{"rendered":"http:\/\/laguiadepamplona.es\/actualidad\/?p=14379"},"modified":"2017-09-21T10:58:01","modified_gmt":"2017-09-21T09:58:01","slug":"el-ayuntamiento-habilitara-un-punto-de-informacion-sobre-agresiones-sexistas-en-la-calle-mercaderes-durante-las-proximas-fiestas-de-san-fermin-de-aldapa","status":"publish","type":"post","link":"https:\/\/www.laguiadepamplona.com\/actualidad\/el-ayuntamiento-habilitara-un-punto-de-informacion-sobre-agresiones-sexistas-en-la-calle-mercaderes-durante-las-proximas-fiestas-de-san-fermin-de-aldapa\/","title":{"rendered":"El Ayuntamiento habilitar\u00e1 un punto de informaci\u00f3n sobre agresiones sexistas en la calle Mercaderes durante las pr\u00f3ximas fiestas de San Ferm\u00edn de Aldapa"},"content":{"rendered":"<h3>Se mantendr\u00e1 operativo desde el viernes hasta el lunes por la ma\u00f1ana el servicio municipal de acompa\u00f1amiento en caso de agresi\u00f3n sexista<\/h3>\n<p><!--more--><\/p>\n<p><a href=\"http:\/\/laguiadepamplona.es\/actualidad\/wp-content\/uploads\/2017\/09\/agresiones_SF_aldapa.jpg\"><img loading=\"lazy\" decoding=\"async\" class=\"alignleft size-medium wp-image-14380\" src=\"http:\/\/laguiadepamplona.es\/actualidad\/wp-content\/uploads\/2017\/09\/agresiones_SF_aldapa-209x300.jpg\" alt=\"\" width=\"209\" height=\"300\" srcset=\"https:\/\/www.laguiadepamplona.com\/actualidad\/wp-content\/uploads\/2017\/09\/agresiones_SF_aldapa-209x300.jpg 209w, https:\/\/www.laguiadepamplona.com\/actualidad\/wp-content\/uploads\/2017\/09\/agresiones_SF_aldapa-768x1101.jpg 768w, https:\/\/www.laguiadepamplona.com\/actualidad\/wp-content\/uploads\/2017\/09\/agresiones_SF_aldapa-714x1024.jpg 714w, https:\/\/www.laguiadepamplona.com\/actualidad\/wp-content\/uploads\/2017\/09\/agresiones_SF_aldapa-300x430.jpg 300w, https:\/\/www.laguiadepamplona.com\/actualidad\/wp-content\/uploads\/2017\/09\/agresiones_SF_aldapa.jpg 1000w\" sizes=\"auto, (max-width: 209px) 100vw, 209px\" \/><\/a>El Ayuntamiento de Pamplona va a trasladar la campa\u00f1a de sensibilizaci\u00f3n contra las agresiones sexistas a las pr\u00f3ximas fiestas de San Ferm\u00edn de Aldapa, que tendr\u00e1n lugar del viernes 22 al domingo 24 de septiembre. Entre otras acciones, se va a instalar un punto de informaci\u00f3n en calle Mercaderes, al igual que en Sanfermines se habilit\u00f3 en la Plaza del Castillo, y se pondr\u00e1 a disposici\u00f3n de las v\u00edctimas un servicio de acompa\u00f1amiento 24 horas.<\/p>\n<p>El punto de informaci\u00f3n estar\u00e1 abierto el viernes de 18 a 22 horas, el s\u00e1bado en horario de ma\u00f1ana y tarde de 11 a 14 horas y de 18 a 22 horas, y el domingo \u00fanicamente de ma\u00f1ana, de 11 a 14 horas.\u00a0 En el punto atender\u00e1n mujeres con formaci\u00f3n en g\u00e9nero e igualdad de oportunidades. Por su parte, el servicio de acompa\u00f1amiento en caso de agresi\u00f3n estar\u00e1 operativo desde el inicio de las fiestas el viernes a mediod\u00eda hasta el lunes a las 8 horas. Este servicio puede activarse tanto desde el punto de informaci\u00f3n como desde el tel\u00e9fono 112 y conlleva el que se ponga en funcionamiento el acompa\u00f1amiento y la atenci\u00f3n de la v\u00edctima cuando es necesario<\/p>\n<p>La campa\u00f1a contra las agresiones sexistas se traslada a los barrios, a modo de proyecto piloto, y se desarrollar\u00e1 tanto en las fiestas de San Ferm\u00edn de Aldapa en el Casco Antiguo como en las fiestas de Lezkairu en octubre. Una vez que se eval\u00faa la experiencia, el Ayuntamiento valorar\u00e1 la posibilidad de visibilizar esta campa\u00f1a en todos los barrios y espacios festivos de la ciudad a partir de 2018.<\/p>\n<p>El Ayuntamiento ha mantenido reuniones de coordinaci\u00f3n con el tejido feminista y con las comisiones de fiestas tanto del Casco Antiguo como de Lezkairu para ofrecerles los recursos municipales con los que cuenta esta campa\u00f1a preventiva. Adem\u00e1s del punto de informaci\u00f3n y del acompa\u00f1amiento a las v\u00edctimas, se facilitar\u00e1 material de sensibilizaci\u00f3n en distintos soportes (pins con la mano roja, carteles, pegatinas, servilletas, banderolas para los balcones&#8230;), algunos de ellos adaptados a cada barrio.<\/p>\n<p>Tambi\u00e9n se ha recogido informaci\u00f3n sobre puntos negros identificados en el barrio (teniendo en cuenta la ubicaci\u00f3n de los espacios festivos), realizando las mejoras oportunas.\u00a0 Asimismo, se colocar\u00e1 una mano roja de grandes dimensiones en la calle Mayor y se distribuir\u00e1 en el punto de informaci\u00f3n la gu\u00eda \u2018C\u00f3mo identificar la violencia sexista, c\u00f3mo frenarla, responder o buscar ayuda y recursos disponibles\u2019 en 4 idiomas.<\/p>\n<p><strong>Objetivos: eliminar las agresiones, involucrar a la ciudadan\u00eda e informar de los recursos<\/strong> Respecto a los casos de agresi\u00f3n, se mantiene la coordinaci\u00f3n entre intervenci\u00f3n policial;\u00a0 atenci\u00f3n y acompa\u00f1amiento a la v\u00edctima y respuesta ciudadana e institucional. La premisa de la que se parte es que lo importante es la protecci\u00f3n y la atenci\u00f3n a la mujer agredida y su entorno.<\/p>\n<p>Los objetivos generales de esta campa\u00f1a, que se traslada ahora a los barrios, son avanzar en el compromiso municipal para eliminar las agresiones sexistas en fiestas; involucrar a la ciudadan\u00eda para que sea la ciudad en su conjunto quien se posicione contra las agresiones sexistas; posibilitar que la ciudad sea vivida por las mujeres como un espacio libre y seguro; informar sobre los recursos disponibles de orientaci\u00f3n, atenci\u00f3n y denuncia de agresiones sexistas en las fiestas; y ofrecer una respuesta coordinada ciudadana e institucional en caso de agresi\u00f3n sexista.<\/p>\n<p>Como ya se inform\u00f3 durante los pasados Sanfermines, el punto de partida de esta iniciativa es que \u201csi no somos parte activa en la respuesta, seremos parte pasiva en la tolerancia\u201d y que la violencia contra las mujeres est\u00e1 basada en la desigualdad estructural entre hombres y mujeres no siendo ni \u201cun fen\u00f3meno\u201d ni una conducta \u201cinevitable\u201d. La reflexi\u00f3n b\u00e1sica es que un contexto festivo no hace inevitable que ocurran agresiones sexistas y dentro de \u00e9stas, agresiones sexuales. Ninguna celebraci\u00f3n debe tolerar que queden suspendidos los derechos de las mujeres y la responsabilidad social e institucional.<\/p>\n<p>&nbsp;<\/p>\n","protected":false},"excerpt":{"rendered":"<p>Se mantendr\u00e1 operativo desde el viernes hasta el lunes por la ma\u00f1ana el servicio municipal de acompa\u00f1amiento en caso de agresi\u00f3n sexista<\/p>\n","protected":false},"author":1,"featured_media":14380,"comment_status":"open","ping_status":"closed","sticky":false,"template":"","format":"standard","meta":{"footnotes":""},"categories":[2],"tags":[],"class_list":["post-14379","post","type-post","status-publish","format-standard","has-post-thumbnail","hentry","category-ayuntamiento-pamplona"],"yoast_head":"<!-- This site is optimized with the Yoast SEO plugin v27.3 - https:\/\/yoast.com\/product\/yoast-seo-wordpress\/ -->\n<title>El Ayuntamiento habilitar\u00e1 un punto de informaci\u00f3n sobre agresiones sexistas en la calle Mercaderes durante las pr\u00f3ximas fiestas de San Ferm\u00edn de Aldapa<\/title>\n<meta name=\"robots\" content=\"index, follow, max-snippet:-1, max-image-preview:large, max-video-preview:-1\" \/>\n<link rel=\"canonical\" href=\"https:\/\/www.laguiadepamplona.com\/actualidad\/el-ayuntamiento-habilitara-un-punto-de-informacion-sobre-agresiones-sexistas-en-la-calle-mercaderes-durante-las-proximas-fiestas-de-san-fermin-de-aldapa\/\" \/>\n<meta property=\"og:locale\" content=\"es_ES\" \/>\n<meta property=\"og:type\" content=\"article\" \/>\n<meta property=\"og:title\" content=\"El Ayuntamiento habilitar\u00e1 un punto de informaci\u00f3n sobre agresiones sexistas en la calle Mercaderes durante las pr\u00f3ximas fiestas de San Ferm\u00edn de Aldapa\" \/>\n<meta property=\"og:description\" content=\"Se mantendr\u00e1 operativo desde el viernes hasta el lunes por la ma\u00f1ana el servicio municipal de acompa\u00f1amiento en caso de agresi\u00f3n sexista\" \/>\n<meta property=\"og:url\" content=\"https:\/\/www.laguiadepamplona.com\/actualidad\/el-ayuntamiento-habilitara-un-punto-de-informacion-sobre-agresiones-sexistas-en-la-calle-mercaderes-durante-las-proximas-fiestas-de-san-fermin-de-aldapa\/\" \/>\n<meta property=\"og:site_name\" content=\"La Gu\u00eda de Pamplona\" \/>\n<meta property=\"article:publisher\" content=\"https:\/\/www.facebook.com\/laguiadepamplonacom-133175176762273\/?ref=hl\" \/>\n<meta property=\"article:published_time\" content=\"2017-09-21T09:58:01+00:00\" \/>\n<meta property=\"og:image\" content=\"https:\/\/www.laguiadepamplona.com\/actualidad\/wp-content\/uploads\/2017\/09\/agresiones_SF_aldapa.jpg\" \/>\n\t<meta property=\"og:image:width\" content=\"1000\" \/>\n\t<meta property=\"og:image:height\" content=\"1434\" \/>\n\t<meta property=\"og:image:type\" content=\"image\/jpeg\" \/>\n<meta name=\"author\" content=\"La Gu\u00eda de Pamplona\" \/>\n<meta name=\"twitter:card\" content=\"summary_large_image\" \/>\n<meta name=\"twitter:creator\" content=\"@LaGuiadPamplona\" \/>\n<meta name=\"twitter:site\" content=\"@LaGuiadPamplona\" \/>\n<meta name=\"twitter:label1\" content=\"Escrito por\" \/>\n\t<meta name=\"twitter:data1\" content=\"La Gu\u00eda de Pamplona\" \/>\n\t<meta name=\"twitter:label2\" content=\"Tiempo de lectura\" \/>\n\t<meta name=\"twitter:data2\" content=\"4 minutos\" \/>\n<script type=\"application\/ld+json\" class=\"yoast-schema-graph\">{\"@context\":\"https:\\\/\\\/schema.org\",\"@graph\":[{\"@type\":\"Article\",\"@id\":\"https:\\\/\\\/www.laguiadepamplona.com\\\/actualidad\\\/el-ayuntamiento-habilitara-un-punto-de-informacion-sobre-agresiones-sexistas-en-la-calle-mercaderes-durante-las-proximas-fiestas-de-san-fermin-de-aldapa\\\/#article\",\"isPartOf\":{\"@id\":\"https:\\\/\\\/www.laguiadepamplona.com\\\/actualidad\\\/el-ayuntamiento-habilitara-un-punto-de-informacion-sobre-agresiones-sexistas-en-la-calle-mercaderes-durante-las-proximas-fiestas-de-san-fermin-de-aldapa\\\/\"},\"author\":{\"name\":\"La Gu\u00eda de Pamplona\",\"@id\":\"https:\\\/\\\/www.laguiadepamplona.com\\\/actualidad\\\/#\\\/schema\\\/person\\\/efe887376f0213d4657c93adc50b1fdb\"},\"headline\":\"El Ayuntamiento habilitar\u00e1 un punto de informaci\u00f3n sobre agresiones sexistas en la calle Mercaderes durante las pr\u00f3ximas fiestas de San Ferm\u00edn de Aldapa\",\"datePublished\":\"2017-09-21T09:58:01+00:00\",\"mainEntityOfPage\":{\"@id\":\"https:\\\/\\\/www.laguiadepamplona.com\\\/actualidad\\\/el-ayuntamiento-habilitara-un-punto-de-informacion-sobre-agresiones-sexistas-en-la-calle-mercaderes-durante-las-proximas-fiestas-de-san-fermin-de-aldapa\\\/\"},\"wordCount\":747,\"commentCount\":0,\"publisher\":{\"@id\":\"https:\\\/\\\/www.laguiadepamplona.com\\\/actualidad\\\/#organization\"},\"image\":{\"@id\":\"https:\\\/\\\/www.laguiadepamplona.com\\\/actualidad\\\/el-ayuntamiento-habilitara-un-punto-de-informacion-sobre-agresiones-sexistas-en-la-calle-mercaderes-durante-las-proximas-fiestas-de-san-fermin-de-aldapa\\\/#primaryimage\"},\"thumbnailUrl\":\"https:\\\/\\\/www.laguiadepamplona.com\\\/actualidad\\\/wp-content\\\/uploads\\\/2017\\\/09\\\/agresiones_SF_aldapa.jpg\",\"articleSection\":[\"Ayto Pamplona\"],\"inLanguage\":\"es\",\"potentialAction\":[{\"@type\":\"CommentAction\",\"name\":\"Comment\",\"target\":[\"https:\\\/\\\/www.laguiadepamplona.com\\\/actualidad\\\/el-ayuntamiento-habilitara-un-punto-de-informacion-sobre-agresiones-sexistas-en-la-calle-mercaderes-durante-las-proximas-fiestas-de-san-fermin-de-aldapa\\\/#respond\"]}]},{\"@type\":\"WebPage\",\"@id\":\"https:\\\/\\\/www.laguiadepamplona.com\\\/actualidad\\\/el-ayuntamiento-habilitara-un-punto-de-informacion-sobre-agresiones-sexistas-en-la-calle-mercaderes-durante-las-proximas-fiestas-de-san-fermin-de-aldapa\\\/\",\"url\":\"https:\\\/\\\/www.laguiadepamplona.com\\\/actualidad\\\/el-ayuntamiento-habilitara-un-punto-de-informacion-sobre-agresiones-sexistas-en-la-calle-mercaderes-durante-las-proximas-fiestas-de-san-fermin-de-aldapa\\\/\",\"name\":\"El Ayuntamiento habilitar\u00e1 un punto de informaci\u00f3n sobre agresiones sexistas en la calle Mercaderes durante las pr\u00f3ximas fiestas de San Ferm\u00edn de Aldapa\",\"isPartOf\":{\"@id\":\"https:\\\/\\\/www.laguiadepamplona.com\\\/actualidad\\\/#website\"},\"primaryImageOfPage\":{\"@id\":\"https:\\\/\\\/www.laguiadepamplona.com\\\/actualidad\\\/el-ayuntamiento-habilitara-un-punto-de-informacion-sobre-agresiones-sexistas-en-la-calle-mercaderes-durante-las-proximas-fiestas-de-san-fermin-de-aldapa\\\/#primaryimage\"},\"image\":{\"@id\":\"https:\\\/\\\/www.laguiadepamplona.com\\\/actualidad\\\/el-ayuntamiento-habilitara-un-punto-de-informacion-sobre-agresiones-sexistas-en-la-calle-mercaderes-durante-las-proximas-fiestas-de-san-fermin-de-aldapa\\\/#primaryimage\"},\"thumbnailUrl\":\"https:\\\/\\\/www.laguiadepamplona.com\\\/actualidad\\\/wp-content\\\/uploads\\\/2017\\\/09\\\/agresiones_SF_aldapa.jpg\",\"datePublished\":\"2017-09-21T09:58:01+00:00\",\"breadcrumb\":{\"@id\":\"https:\\\/\\\/www.laguiadepamplona.com\\\/actualidad\\\/el-ayuntamiento-habilitara-un-punto-de-informacion-sobre-agresiones-sexistas-en-la-calle-mercaderes-durante-las-proximas-fiestas-de-san-fermin-de-aldapa\\\/#breadcrumb\"},\"inLanguage\":\"es\",\"potentialAction\":[{\"@type\":\"ReadAction\",\"target\":[\"https:\\\/\\\/www.laguiadepamplona.com\\\/actualidad\\\/el-ayuntamiento-habilitara-un-punto-de-informacion-sobre-agresiones-sexistas-en-la-calle-mercaderes-durante-las-proximas-fiestas-de-san-fermin-de-aldapa\\\/\"]}]},{\"@type\":\"ImageObject\",\"inLanguage\":\"es\",\"@id\":\"https:\\\/\\\/www.laguiadepamplona.com\\\/actualidad\\\/el-ayuntamiento-habilitara-un-punto-de-informacion-sobre-agresiones-sexistas-en-la-calle-mercaderes-durante-las-proximas-fiestas-de-san-fermin-de-aldapa\\\/#primaryimage\",\"url\":\"https:\\\/\\\/www.laguiadepamplona.com\\\/actualidad\\\/wp-content\\\/uploads\\\/2017\\\/09\\\/agresiones_SF_aldapa.jpg\",\"contentUrl\":\"https:\\\/\\\/www.laguiadepamplona.com\\\/actualidad\\\/wp-content\\\/uploads\\\/2017\\\/09\\\/agresiones_SF_aldapa.jpg\",\"width\":1000,\"height\":1434},{\"@type\":\"BreadcrumbList\",\"@id\":\"https:\\\/\\\/www.laguiadepamplona.com\\\/actualidad\\\/el-ayuntamiento-habilitara-un-punto-de-informacion-sobre-agresiones-sexistas-en-la-calle-mercaderes-durante-las-proximas-fiestas-de-san-fermin-de-aldapa\\\/#breadcrumb\",\"itemListElement\":[{\"@type\":\"ListItem\",\"position\":1,\"name\":\"Portada\",\"item\":\"https:\\\/\\\/www.laguiadepamplona.com\\\/actualidad\\\/\"},{\"@type\":\"ListItem\",\"position\":2,\"name\":\"El Ayuntamiento habilitar\u00e1 un punto de informaci\u00f3n sobre agresiones sexistas en la calle Mercaderes durante las pr\u00f3ximas fiestas de San Ferm\u00edn de Aldapa\"}]},{\"@type\":\"WebSite\",\"@id\":\"https:\\\/\\\/www.laguiadepamplona.com\\\/actualidad\\\/#website\",\"url\":\"https:\\\/\\\/www.laguiadepamplona.com\\\/actualidad\\\/\",\"name\":\"La gu\u00eda de Pamplona\",\"description\":\"Noticias de Pamplona\",\"publisher\":{\"@id\":\"https:\\\/\\\/www.laguiadepamplona.com\\\/actualidad\\\/#organization\"},\"potentialAction\":[{\"@type\":\"SearchAction\",\"target\":{\"@type\":\"EntryPoint\",\"urlTemplate\":\"https:\\\/\\\/www.laguiadepamplona.com\\\/actualidad\\\/?s={search_term_string}\"},\"query-input\":{\"@type\":\"PropertyValueSpecification\",\"valueRequired\":true,\"valueName\":\"search_term_string\"}}],\"inLanguage\":\"es\"},{\"@type\":\"Organization\",\"@id\":\"https:\\\/\\\/www.laguiadepamplona.com\\\/actualidad\\\/#organization\",\"name\":\"La Gu\u00eda de Pamplona \\\/ Noticias\",\"url\":\"https:\\\/\\\/www.laguiadepamplona.com\\\/actualidad\\\/\",\"logo\":{\"@type\":\"ImageObject\",\"inLanguage\":\"es\",\"@id\":\"https:\\\/\\\/www.laguiadepamplona.com\\\/actualidad\\\/#\\\/schema\\\/logo\\\/image\\\/\",\"url\":\"https:\\\/\\\/www.laguiadepamplona.com\\\/actualidad\\\/wp-content\\\/uploads\\\/2018\\\/11\\\/logo-laguiadepamplona18-web1.png\",\"contentUrl\":\"https:\\\/\\\/www.laguiadepamplona.com\\\/actualidad\\\/wp-content\\\/uploads\\\/2018\\\/11\\\/logo-laguiadepamplona18-web1.png\",\"width\":600,\"height\":196,\"caption\":\"La Gu\u00eda de Pamplona \\\/ Noticias\"},\"image\":{\"@id\":\"https:\\\/\\\/www.laguiadepamplona.com\\\/actualidad\\\/#\\\/schema\\\/logo\\\/image\\\/\"},\"sameAs\":[\"https:\\\/\\\/www.facebook.com\\\/laguiadepamplonacom-133175176762273\\\/?ref=hl\",\"https:\\\/\\\/x.com\\\/LaGuiadPamplona\",\"https:\\\/\\\/www.instagram.com\\\/la_guia_de_pamplona\\\/\",\"https:\\\/\\\/www.youtube.com\\\/user\\\/laguiadepamplona\"]},{\"@type\":\"Person\",\"@id\":\"https:\\\/\\\/www.laguiadepamplona.com\\\/actualidad\\\/#\\\/schema\\\/person\\\/efe887376f0213d4657c93adc50b1fdb\",\"name\":\"La Gu\u00eda de Pamplona\",\"image\":{\"@type\":\"ImageObject\",\"inLanguage\":\"es\",\"@id\":\"https:\\\/\\\/secure.gravatar.com\\\/avatar\\\/b6992f131dc8d30ab0dff15446e9d346d9dbd95992de0fef795073f5ea83a81c?s=96&d=mm&r=g\",\"url\":\"https:\\\/\\\/secure.gravatar.com\\\/avatar\\\/b6992f131dc8d30ab0dff15446e9d346d9dbd95992de0fef795073f5ea83a81c?s=96&d=mm&r=g\",\"contentUrl\":\"https:\\\/\\\/secure.gravatar.com\\\/avatar\\\/b6992f131dc8d30ab0dff15446e9d346d9dbd95992de0fef795073f5ea83a81c?s=96&d=mm&r=g\",\"caption\":\"La Gu\u00eda de Pamplona\"}}]}<\/script>\n<!-- \/ Yoast SEO plugin. -->","yoast_head_json":{"title":"El Ayuntamiento habilitar\u00e1 un punto de informaci\u00f3n sobre agresiones sexistas en la calle Mercaderes durante las pr\u00f3ximas fiestas de San Ferm\u00edn de Aldapa","robots":{"index":"index","follow":"follow","max-snippet":"max-snippet:-1","max-image-preview":"max-image-preview:large","max-video-preview":"max-video-preview:-1"},"canonical":"https:\/\/www.laguiadepamplona.com\/actualidad\/el-ayuntamiento-habilitara-un-punto-de-informacion-sobre-agresiones-sexistas-en-la-calle-mercaderes-durante-las-proximas-fiestas-de-san-fermin-de-aldapa\/","og_locale":"es_ES","og_type":"article","og_title":"El Ayuntamiento habilitar\u00e1 un punto de informaci\u00f3n sobre agresiones sexistas en la calle Mercaderes durante las pr\u00f3ximas fiestas de San Ferm\u00edn de Aldapa","og_description":"Se mantendr\u00e1 operativo desde el viernes hasta el lunes por la ma\u00f1ana el servicio municipal de acompa\u00f1amiento en caso de agresi\u00f3n sexista","og_url":"https:\/\/www.laguiadepamplona.com\/actualidad\/el-ayuntamiento-habilitara-un-punto-de-informacion-sobre-agresiones-sexistas-en-la-calle-mercaderes-durante-las-proximas-fiestas-de-san-fermin-de-aldapa\/","og_site_name":"La Gu\u00eda de Pamplona","article_publisher":"https:\/\/www.facebook.com\/laguiadepamplonacom-133175176762273\/?ref=hl","article_published_time":"2017-09-21T09:58:01+00:00","og_image":[{"width":1000,"height":1434,"url":"https:\/\/www.laguiadepamplona.com\/actualidad\/wp-content\/uploads\/2017\/09\/agresiones_SF_aldapa.jpg","type":"image\/jpeg"}],"author":"La Gu\u00eda de Pamplona","twitter_card":"summary_large_image","twitter_creator":"@LaGuiadPamplona","twitter_site":"@LaGuiadPamplona","twitter_misc":{"Escrito por":"La Gu\u00eda de Pamplona","Tiempo de lectura":"4 minutos"},"schema":{"@context":"https:\/\/schema.org","@graph":[{"@type":"Article","@id":"https:\/\/www.laguiadepamplona.com\/actualidad\/el-ayuntamiento-habilitara-un-punto-de-informacion-sobre-agresiones-sexistas-en-la-calle-mercaderes-durante-las-proximas-fiestas-de-san-fermin-de-aldapa\/#article","isPartOf":{"@id":"https:\/\/www.laguiadepamplona.com\/actualidad\/el-ayuntamiento-habilitara-un-punto-de-informacion-sobre-agresiones-sexistas-en-la-calle-mercaderes-durante-las-proximas-fiestas-de-san-fermin-de-aldapa\/"},"author":{"name":"La Gu\u00eda de Pamplona","@id":"https:\/\/www.laguiadepamplona.com\/actualidad\/#\/schema\/person\/efe887376f0213d4657c93adc50b1fdb"},"headline":"El Ayuntamiento habilitar\u00e1 un punto de informaci\u00f3n sobre agresiones sexistas en la calle Mercaderes durante las pr\u00f3ximas fiestas de San Ferm\u00edn de Aldapa","datePublished":"2017-09-21T09:58:01+00:00","mainEntityOfPage":{"@id":"https:\/\/www.laguiadepamplona.com\/actualidad\/el-ayuntamiento-habilitara-un-punto-de-informacion-sobre-agresiones-sexistas-en-la-calle-mercaderes-durante-las-proximas-fiestas-de-san-fermin-de-aldapa\/"},"wordCount":747,"commentCount":0,"publisher":{"@id":"https:\/\/www.laguiadepamplona.com\/actualidad\/#organization"},"image":{"@id":"https:\/\/www.laguiadepamplona.com\/actualidad\/el-ayuntamiento-habilitara-un-punto-de-informacion-sobre-agresiones-sexistas-en-la-calle-mercaderes-durante-las-proximas-fiestas-de-san-fermin-de-aldapa\/#primaryimage"},"thumbnailUrl":"https:\/\/www.laguiadepamplona.com\/actualidad\/wp-content\/uploads\/2017\/09\/agresiones_SF_aldapa.jpg","articleSection":["Ayto Pamplona"],"inLanguage":"es","potentialAction":[{"@type":"CommentAction","name":"Comment","target":["https:\/\/www.laguiadepamplona.com\/actualidad\/el-ayuntamiento-habilitara-un-punto-de-informacion-sobre-agresiones-sexistas-en-la-calle-mercaderes-durante-las-proximas-fiestas-de-san-fermin-de-aldapa\/#respond"]}]},{"@type":"WebPage","@id":"https:\/\/www.laguiadepamplona.com\/actualidad\/el-ayuntamiento-habilitara-un-punto-de-informacion-sobre-agresiones-sexistas-en-la-calle-mercaderes-durante-las-proximas-fiestas-de-san-fermin-de-aldapa\/","url":"https:\/\/www.laguiadepamplona.com\/actualidad\/el-ayuntamiento-habilitara-un-punto-de-informacion-sobre-agresiones-sexistas-en-la-calle-mercaderes-durante-las-proximas-fiestas-de-san-fermin-de-aldapa\/","name":"El Ayuntamiento habilitar\u00e1 un punto de informaci\u00f3n sobre agresiones sexistas en la calle Mercaderes durante las pr\u00f3ximas fiestas de San Ferm\u00edn de Aldapa","isPartOf":{"@id":"https:\/\/www.laguiadepamplona.com\/actualidad\/#website"},"primaryImageOfPage":{"@id":"https:\/\/www.laguiadepamplona.com\/actualidad\/el-ayuntamiento-habilitara-un-punto-de-informacion-sobre-agresiones-sexistas-en-la-calle-mercaderes-durante-las-proximas-fiestas-de-san-fermin-de-aldapa\/#primaryimage"},"image":{"@id":"https:\/\/www.laguiadepamplona.com\/actualidad\/el-ayuntamiento-habilitara-un-punto-de-informacion-sobre-agresiones-sexistas-en-la-calle-mercaderes-durante-las-proximas-fiestas-de-san-fermin-de-aldapa\/#primaryimage"},"thumbnailUrl":"https:\/\/www.laguiadepamplona.com\/actualidad\/wp-content\/uploads\/2017\/09\/agresiones_SF_aldapa.jpg","datePublished":"2017-09-21T09:58:01+00:00","breadcrumb":{"@id":"https:\/\/www.laguiadepamplona.com\/actualidad\/el-ayuntamiento-habilitara-un-punto-de-informacion-sobre-agresiones-sexistas-en-la-calle-mercaderes-durante-las-proximas-fiestas-de-san-fermin-de-aldapa\/#breadcrumb"},"inLanguage":"es","potentialAction":[{"@type":"ReadAction","target":["https:\/\/www.laguiadepamplona.com\/actualidad\/el-ayuntamiento-habilitara-un-punto-de-informacion-sobre-agresiones-sexistas-en-la-calle-mercaderes-durante-las-proximas-fiestas-de-san-fermin-de-aldapa\/"]}]},{"@type":"ImageObject","inLanguage":"es","@id":"https:\/\/www.laguiadepamplona.com\/actualidad\/el-ayuntamiento-habilitara-un-punto-de-informacion-sobre-agresiones-sexistas-en-la-calle-mercaderes-durante-las-proximas-fiestas-de-san-fermin-de-aldapa\/#primaryimage","url":"https:\/\/www.laguiadepamplona.com\/actualidad\/wp-content\/uploads\/2017\/09\/agresiones_SF_aldapa.jpg","contentUrl":"https:\/\/www.laguiadepamplona.com\/actualidad\/wp-content\/uploads\/2017\/09\/agresiones_SF_aldapa.jpg","width":1000,"height":1434},{"@type":"BreadcrumbList","@id":"https:\/\/www.laguiadepamplona.com\/actualidad\/el-ayuntamiento-habilitara-un-punto-de-informacion-sobre-agresiones-sexistas-en-la-calle-mercaderes-durante-las-proximas-fiestas-de-san-fermin-de-aldapa\/#breadcrumb","itemListElement":[{"@type":"ListItem","position":1,"name":"Portada","item":"https:\/\/www.laguiadepamplona.com\/actualidad\/"},{"@type":"ListItem","position":2,"name":"El Ayuntamiento habilitar\u00e1 un punto de informaci\u00f3n sobre agresiones sexistas en la calle Mercaderes durante las pr\u00f3ximas fiestas de San Ferm\u00edn de Aldapa"}]},{"@type":"WebSite","@id":"https:\/\/www.laguiadepamplona.com\/actualidad\/#website","url":"https:\/\/www.laguiadepamplona.com\/actualidad\/","name":"La gu\u00eda de Pamplona","description":"Noticias de Pamplona","publisher":{"@id":"https:\/\/www.laguiadepamplona.com\/actualidad\/#organization"},"potentialAction":[{"@type":"SearchAction","target":{"@type":"EntryPoint","urlTemplate":"https:\/\/www.laguiadepamplona.com\/actualidad\/?s={search_term_string}"},"query-input":{"@type":"PropertyValueSpecification","valueRequired":true,"valueName":"search_term_string"}}],"inLanguage":"es"},{"@type":"Organization","@id":"https:\/\/www.laguiadepamplona.com\/actualidad\/#organization","name":"La Gu\u00eda de Pamplona \/ Noticias","url":"https:\/\/www.laguiadepamplona.com\/actualidad\/","logo":{"@type":"ImageObject","inLanguage":"es","@id":"https:\/\/www.laguiadepamplona.com\/actualidad\/#\/schema\/logo\/image\/","url":"https:\/\/www.laguiadepamplona.com\/actualidad\/wp-content\/uploads\/2018\/11\/logo-laguiadepamplona18-web1.png","contentUrl":"https:\/\/www.laguiadepamplona.com\/actualidad\/wp-content\/uploads\/2018\/11\/logo-laguiadepamplona18-web1.png","width":600,"height":196,"caption":"La Gu\u00eda de Pamplona \/ Noticias"},"image":{"@id":"https:\/\/www.laguiadepamplona.com\/actualidad\/#\/schema\/logo\/image\/"},"sameAs":["https:\/\/www.facebook.com\/laguiadepamplonacom-133175176762273\/?ref=hl","https:\/\/x.com\/LaGuiadPamplona","https:\/\/www.instagram.com\/la_guia_de_pamplona\/","https:\/\/www.youtube.com\/user\/laguiadepamplona"]},{"@type":"Person","@id":"https:\/\/www.laguiadepamplona.com\/actualidad\/#\/schema\/person\/efe887376f0213d4657c93adc50b1fdb","name":"La Gu\u00eda de Pamplona","image":{"@type":"ImageObject","inLanguage":"es","@id":"https:\/\/secure.gravatar.com\/avatar\/b6992f131dc8d30ab0dff15446e9d346d9dbd95992de0fef795073f5ea83a81c?s=96&d=mm&r=g","url":"https:\/\/secure.gravatar.com\/avatar\/b6992f131dc8d30ab0dff15446e9d346d9dbd95992de0fef795073f5ea83a81c?s=96&d=mm&r=g","contentUrl":"https:\/\/secure.gravatar.com\/avatar\/b6992f131dc8d30ab0dff15446e9d346d9dbd95992de0fef795073f5ea83a81c?s=96&d=mm&r=g","caption":"La Gu\u00eda de Pamplona"}}]}},"post_mailing_queue_ids":[],"_links":{"self":[{"href":"https:\/\/www.laguiadepamplona.com\/actualidad\/wp-json\/wp\/v2\/posts\/14379","targetHints":{"allow":["GET"]}}],"collection":[{"href":"https:\/\/www.laguiadepamplona.com\/actualidad\/wp-json\/wp\/v2\/posts"}],"about":[{"href":"https:\/\/www.laguiadepamplona.com\/actualidad\/wp-json\/wp\/v2\/types\/post"}],"author":[{"embeddable":true,"href":"https:\/\/www.laguiadepamplona.com\/actualidad\/wp-json\/wp\/v2\/users\/1"}],"replies":[{"embeddable":true,"href":"https:\/\/www.laguiadepamplona.com\/actualidad\/wp-json\/wp\/v2\/comments?post=14379"}],"version-history":[{"count":0,"href":"https:\/\/www.laguiadepamplona.com\/actualidad\/wp-json\/wp\/v2\/posts\/14379\/revisions"}],"wp:featuredmedia":[{"embeddable":true,"href":"https:\/\/www.laguiadepamplona.com\/actualidad\/wp-json\/wp\/v2\/media\/14380"}],"wp:attachment":[{"href":"https:\/\/www.laguiadepamplona.com\/actualidad\/wp-json\/wp\/v2\/media?parent=14379"}],"wp:term":[{"taxonomy":"category","embeddable":true,"href":"https:\/\/www.laguiadepamplona.com\/actualidad\/wp-json\/wp\/v2\/categories?post=14379"},{"taxonomy":"post_tag","embeddable":true,"href":"https:\/\/www.laguiadepamplona.com\/actualidad\/wp-json\/wp\/v2\/tags?post=14379"}],"curies":[{"name":"wp","href":"https:\/\/api.w.org\/{rel}","templated":true}]}}