{"id":14371,"date":"2017-09-20T14:29:40","date_gmt":"2017-09-20T13:29:40","guid":{"rendered":"http:\/\/laguiadepamplona.es\/actualidad\/?p=14371"},"modified":"2017-09-20T14:29:40","modified_gmt":"2017-09-20T13:29:40","slug":"civivox-iturrama-acoge-manana-jueves-la-primera-jornada-de-emprendimiento-femenino-que-girara-sobre-la-importancia-de-desarrollar-una-marca-personal-en-internet","status":"publish","type":"post","link":"https:\/\/www.laguiadepamplona.com\/actualidad\/civivox-iturrama-acoge-manana-jueves-la-primera-jornada-de-emprendimiento-femenino-que-girara-sobre-la-importancia-de-desarrollar-una-marca-personal-en-internet\/","title":{"rendered":"Civivox Iturrama acoge, ma\u00f1ana jueves, la primera jornada de \u2018Emprendimiento femenino\u2019 que girar\u00e1 sobre la importancia de desarrollar una marca personal en internet"},"content":{"rendered":"<h3>Ayuntamiento y CEIN con la colaboraci\u00f3n de AMEDNA ponen en marcha un ciclo de tres sesiones que continuar\u00e1 26 de octubre y 23 de noviembre<\/h3>\n<p><!--more--><\/p>\n<p>La importancia de desarrollar una marca personal en internet centrar\u00e1, ma\u00f1ana jueves 21 de septiembre, la primera sesi\u00f3n del nuevo ciclo de formaci\u00f3n centrado en el Emprendimiento femenino que han organizado el Ayuntamiento de Pamplona y la sociedad p\u00fablica Centro Europeo de Empresas e Innovaci\u00f3n de Navarra (CEIN), en colaboraci\u00f3n con la Asociaci\u00f3n de Mujeres Empresarias y Directivas de Navarra (AMEDNA). La sesi\u00f3n se celebrar\u00e1 en Civivox Iturrama de 16.30 a 18.30 horas con la ponente Juana Ciganda, de Ciganda+Koch. Ser\u00e1 un taller dirigido a mujeres profesionales y emprendedoras de car\u00e1cter te\u00f3rico de 2 horas de duraci\u00f3n. Se complementar\u00e1 con ejemplos pr\u00e1cticos y estar\u00e1 abierta a la participaci\u00f3n de las mujeres presentes. Las inscripciones son gratuitas y se realizan a trav\u00e9s de CEIN en el correo electr\u00f3nico <a href=\"mailto:administraci\u00f3n@cein.es\">administraci\u00f3n@cein.es<\/a> y en los tel\u00e9fonos 848430030 y 848426000.<\/p>\n<p>Este ciclo consta de tres jornadas en las que se tratar\u00e1n \u00e1mbitos relacionados con el proceso de puesta en marcha de una nueva empresa: la marca personal, las ventas y la financiaci\u00f3n. Las \u2018Habilidades de venta y negociaci\u00f3n para emprendedoras\u2019 ser\u00e1n abordadas el 26 octubre y la \u2018Financiaci\u00f3n para emprendedoras\u2019 el jueves 23 noviembre. Esta iniciativa se enmarca dentro del \u2018Convenio de colaboraci\u00f3n entre Ayuntamiento de Pamplona, la administraci\u00f3n de la Comunidad Foral de Navarra y CEIN para el desarrollo de apoyo a personas emprendedores y empresas de Pamplona en 2017\u2019.<\/p>\n<p>El objetivo del taller es potenciar y crear una imagen personal en internet que ayude a las mujeres emprendedoras a alcanzar los objetivos profesionales. El taller no busca ofrecer herramientas para la b\u00fasqueda de empleo sino formar en la importancia de desarrollar la marca personal.<\/p>\n<p>La jornada comenzar\u00e1 con la explicaci\u00f3n de conceptos b\u00e1sicos como marca personal o huella digital para continuar con un an\u00e1lisis personal de autoconocimiento de las participantes en el que reflexionar\u00e1n sobre la identificaci\u00f3n de sus marcas personales y en que se diferencian de otros profesionales, cu\u00e1les son sus objetivos profesionales, qu\u00e9 servicios o productos ofrecen o cu\u00e1l es su visibilidad en internet. En la tercera parte de la sesi\u00f3n se abordar\u00e1 la construcci\u00f3n de marca, c\u00f3mo definir una estrategia a trav\u00e9s de internet y las redes sociales y los contenidos que se van a lanzar. Por \u00faltimo, se presentar\u00e1n ejemplos de marcas personales de mujeres emprendedoras<\/p>\n","protected":false},"excerpt":{"rendered":"<p>Ayuntamiento y CEIN con la colaboraci\u00f3n de AMEDNA ponen en marcha un ciclo de tres sesiones que continuar\u00e1 26 de octubre y 23 de noviembre<\/p>\n","protected":false},"author":1,"featured_media":11097,"comment_status":"open","ping_status":"closed","sticky":false,"template":"","format":"standard","meta":{"footnotes":""},"categories":[2],"tags":[],"class_list":["post-14371","post","type-post","status-publish","format-standard","has-post-thumbnail","hentry","category-ayuntamiento-pamplona"],"yoast_head":"<!-- This site is optimized with the Yoast SEO plugin v27.3 - https:\/\/yoast.com\/product\/yoast-seo-wordpress\/ -->\n<title>Civivox Iturrama acoge, ma\u00f1ana jueves, la primera jornada de \u2018Emprendimiento femenino\u2019 que girar\u00e1 sobre la importancia de desarrollar una marca personal en internet<\/title>\n<meta name=\"robots\" content=\"index, follow, max-snippet:-1, max-image-preview:large, max-video-preview:-1\" \/>\n<link rel=\"canonical\" href=\"https:\/\/www.laguiadepamplona.com\/actualidad\/civivox-iturrama-acoge-manana-jueves-la-primera-jornada-de-emprendimiento-femenino-que-girara-sobre-la-importancia-de-desarrollar-una-marca-personal-en-internet\/\" \/>\n<meta property=\"og:locale\" content=\"es_ES\" \/>\n<meta property=\"og:type\" content=\"article\" \/>\n<meta property=\"og:title\" content=\"Civivox Iturrama acoge, ma\u00f1ana jueves, la primera jornada de \u2018Emprendimiento femenino\u2019 que girar\u00e1 sobre la importancia de desarrollar una marca personal en internet\" \/>\n<meta property=\"og:description\" content=\"Ayuntamiento y CEIN con la colaboraci\u00f3n de AMEDNA ponen en marcha un ciclo de tres sesiones que continuar\u00e1 26 de octubre y 23 de noviembre\" \/>\n<meta property=\"og:url\" content=\"https:\/\/www.laguiadepamplona.com\/actualidad\/civivox-iturrama-acoge-manana-jueves-la-primera-jornada-de-emprendimiento-femenino-que-girara-sobre-la-importancia-de-desarrollar-una-marca-personal-en-internet\/\" \/>\n<meta property=\"og:site_name\" content=\"La Gu\u00eda de Pamplona\" \/>\n<meta property=\"article:publisher\" content=\"https:\/\/www.facebook.com\/laguiadepamplonacom-133175176762273\/?ref=hl\" \/>\n<meta property=\"article:published_time\" content=\"2017-09-20T13:29:40+00:00\" \/>\n<meta property=\"og:image\" content=\"https:\/\/www.laguiadepamplona.com\/actualidad\/wp-content\/uploads\/2016\/12\/civivox-de-iturrama.jpg\" \/>\n\t<meta property=\"og:image:width\" content=\"500\" \/>\n\t<meta property=\"og:image:height\" content=\"333\" \/>\n\t<meta property=\"og:image:type\" content=\"image\/jpeg\" \/>\n<meta name=\"author\" content=\"La Gu\u00eda de Pamplona\" \/>\n<meta name=\"twitter:card\" content=\"summary_large_image\" \/>\n<meta name=\"twitter:creator\" content=\"@LaGuiadPamplona\" \/>\n<meta name=\"twitter:site\" content=\"@LaGuiadPamplona\" \/>\n<meta name=\"twitter:label1\" content=\"Escrito por\" \/>\n\t<meta name=\"twitter:data1\" content=\"La Gu\u00eda de Pamplona\" \/>\n\t<meta name=\"twitter:label2\" content=\"Tiempo de lectura\" \/>\n\t<meta name=\"twitter:data2\" content=\"2 minutos\" \/>\n<script type=\"application\/ld+json\" class=\"yoast-schema-graph\">{\"@context\":\"https:\\\/\\\/schema.org\",\"@graph\":[{\"@type\":\"Article\",\"@id\":\"https:\\\/\\\/www.laguiadepamplona.com\\\/actualidad\\\/civivox-iturrama-acoge-manana-jueves-la-primera-jornada-de-emprendimiento-femenino-que-girara-sobre-la-importancia-de-desarrollar-una-marca-personal-en-internet\\\/#article\",\"isPartOf\":{\"@id\":\"https:\\\/\\\/www.laguiadepamplona.com\\\/actualidad\\\/civivox-iturrama-acoge-manana-jueves-la-primera-jornada-de-emprendimiento-femenino-que-girara-sobre-la-importancia-de-desarrollar-una-marca-personal-en-internet\\\/\"},\"author\":{\"name\":\"La Gu\u00eda de Pamplona\",\"@id\":\"https:\\\/\\\/www.laguiadepamplona.com\\\/actualidad\\\/#\\\/schema\\\/person\\\/efe887376f0213d4657c93adc50b1fdb\"},\"headline\":\"Civivox Iturrama acoge, ma\u00f1ana jueves, la primera jornada de \u2018Emprendimiento femenino\u2019 que girar\u00e1 sobre la importancia de desarrollar una marca personal en internet\",\"datePublished\":\"2017-09-20T13:29:40+00:00\",\"mainEntityOfPage\":{\"@id\":\"https:\\\/\\\/www.laguiadepamplona.com\\\/actualidad\\\/civivox-iturrama-acoge-manana-jueves-la-primera-jornada-de-emprendimiento-femenino-que-girara-sobre-la-importancia-de-desarrollar-una-marca-personal-en-internet\\\/\"},\"wordCount\":456,\"commentCount\":0,\"publisher\":{\"@id\":\"https:\\\/\\\/www.laguiadepamplona.com\\\/actualidad\\\/#organization\"},\"image\":{\"@id\":\"https:\\\/\\\/www.laguiadepamplona.com\\\/actualidad\\\/civivox-iturrama-acoge-manana-jueves-la-primera-jornada-de-emprendimiento-femenino-que-girara-sobre-la-importancia-de-desarrollar-una-marca-personal-en-internet\\\/#primaryimage\"},\"thumbnailUrl\":\"https:\\\/\\\/www.laguiadepamplona.com\\\/actualidad\\\/wp-content\\\/uploads\\\/2016\\\/12\\\/civivox-de-iturrama.jpg\",\"articleSection\":[\"Ayto Pamplona\"],\"inLanguage\":\"es\",\"potentialAction\":[{\"@type\":\"CommentAction\",\"name\":\"Comment\",\"target\":[\"https:\\\/\\\/www.laguiadepamplona.com\\\/actualidad\\\/civivox-iturrama-acoge-manana-jueves-la-primera-jornada-de-emprendimiento-femenino-que-girara-sobre-la-importancia-de-desarrollar-una-marca-personal-en-internet\\\/#respond\"]}]},{\"@type\":\"WebPage\",\"@id\":\"https:\\\/\\\/www.laguiadepamplona.com\\\/actualidad\\\/civivox-iturrama-acoge-manana-jueves-la-primera-jornada-de-emprendimiento-femenino-que-girara-sobre-la-importancia-de-desarrollar-una-marca-personal-en-internet\\\/\",\"url\":\"https:\\\/\\\/www.laguiadepamplona.com\\\/actualidad\\\/civivox-iturrama-acoge-manana-jueves-la-primera-jornada-de-emprendimiento-femenino-que-girara-sobre-la-importancia-de-desarrollar-una-marca-personal-en-internet\\\/\",\"name\":\"Civivox Iturrama acoge, ma\u00f1ana jueves, la primera jornada de \u2018Emprendimiento femenino\u2019 que girar\u00e1 sobre la importancia de desarrollar una marca personal en internet\",\"isPartOf\":{\"@id\":\"https:\\\/\\\/www.laguiadepamplona.com\\\/actualidad\\\/#website\"},\"primaryImageOfPage\":{\"@id\":\"https:\\\/\\\/www.laguiadepamplona.com\\\/actualidad\\\/civivox-iturrama-acoge-manana-jueves-la-primera-jornada-de-emprendimiento-femenino-que-girara-sobre-la-importancia-de-desarrollar-una-marca-personal-en-internet\\\/#primaryimage\"},\"image\":{\"@id\":\"https:\\\/\\\/www.laguiadepamplona.com\\\/actualidad\\\/civivox-iturrama-acoge-manana-jueves-la-primera-jornada-de-emprendimiento-femenino-que-girara-sobre-la-importancia-de-desarrollar-una-marca-personal-en-internet\\\/#primaryimage\"},\"thumbnailUrl\":\"https:\\\/\\\/www.laguiadepamplona.com\\\/actualidad\\\/wp-content\\\/uploads\\\/2016\\\/12\\\/civivox-de-iturrama.jpg\",\"datePublished\":\"2017-09-20T13:29:40+00:00\",\"breadcrumb\":{\"@id\":\"https:\\\/\\\/www.laguiadepamplona.com\\\/actualidad\\\/civivox-iturrama-acoge-manana-jueves-la-primera-jornada-de-emprendimiento-femenino-que-girara-sobre-la-importancia-de-desarrollar-una-marca-personal-en-internet\\\/#breadcrumb\"},\"inLanguage\":\"es\",\"potentialAction\":[{\"@type\":\"ReadAction\",\"target\":[\"https:\\\/\\\/www.laguiadepamplona.com\\\/actualidad\\\/civivox-iturrama-acoge-manana-jueves-la-primera-jornada-de-emprendimiento-femenino-que-girara-sobre-la-importancia-de-desarrollar-una-marca-personal-en-internet\\\/\"]}]},{\"@type\":\"ImageObject\",\"inLanguage\":\"es\",\"@id\":\"https:\\\/\\\/www.laguiadepamplona.com\\\/actualidad\\\/civivox-iturrama-acoge-manana-jueves-la-primera-jornada-de-emprendimiento-femenino-que-girara-sobre-la-importancia-de-desarrollar-una-marca-personal-en-internet\\\/#primaryimage\",\"url\":\"https:\\\/\\\/www.laguiadepamplona.com\\\/actualidad\\\/wp-content\\\/uploads\\\/2016\\\/12\\\/civivox-de-iturrama.jpg\",\"contentUrl\":\"https:\\\/\\\/www.laguiadepamplona.com\\\/actualidad\\\/wp-content\\\/uploads\\\/2016\\\/12\\\/civivox-de-iturrama.jpg\",\"width\":500,\"height\":333},{\"@type\":\"BreadcrumbList\",\"@id\":\"https:\\\/\\\/www.laguiadepamplona.com\\\/actualidad\\\/civivox-iturrama-acoge-manana-jueves-la-primera-jornada-de-emprendimiento-femenino-que-girara-sobre-la-importancia-de-desarrollar-una-marca-personal-en-internet\\\/#breadcrumb\",\"itemListElement\":[{\"@type\":\"ListItem\",\"position\":1,\"name\":\"Portada\",\"item\":\"https:\\\/\\\/www.laguiadepamplona.com\\\/actualidad\\\/\"},{\"@type\":\"ListItem\",\"position\":2,\"name\":\"Civivox Iturrama acoge, ma\u00f1ana jueves, la primera jornada de \u2018Emprendimiento femenino\u2019 que girar\u00e1 sobre la importancia de desarrollar una marca personal en internet\"}]},{\"@type\":\"WebSite\",\"@id\":\"https:\\\/\\\/www.laguiadepamplona.com\\\/actualidad\\\/#website\",\"url\":\"https:\\\/\\\/www.laguiadepamplona.com\\\/actualidad\\\/\",\"name\":\"La gu\u00eda de Pamplona\",\"description\":\"Noticias de Pamplona\",\"publisher\":{\"@id\":\"https:\\\/\\\/www.laguiadepamplona.com\\\/actualidad\\\/#organization\"},\"potentialAction\":[{\"@type\":\"SearchAction\",\"target\":{\"@type\":\"EntryPoint\",\"urlTemplate\":\"https:\\\/\\\/www.laguiadepamplona.com\\\/actualidad\\\/?s={search_term_string}\"},\"query-input\":{\"@type\":\"PropertyValueSpecification\",\"valueRequired\":true,\"valueName\":\"search_term_string\"}}],\"inLanguage\":\"es\"},{\"@type\":\"Organization\",\"@id\":\"https:\\\/\\\/www.laguiadepamplona.com\\\/actualidad\\\/#organization\",\"name\":\"La Gu\u00eda de Pamplona \\\/ Noticias\",\"url\":\"https:\\\/\\\/www.laguiadepamplona.com\\\/actualidad\\\/\",\"logo\":{\"@type\":\"ImageObject\",\"inLanguage\":\"es\",\"@id\":\"https:\\\/\\\/www.laguiadepamplona.com\\\/actualidad\\\/#\\\/schema\\\/logo\\\/image\\\/\",\"url\":\"https:\\\/\\\/www.laguiadepamplona.com\\\/actualidad\\\/wp-content\\\/uploads\\\/2018\\\/11\\\/logo-laguiadepamplona18-web1.png\",\"contentUrl\":\"https:\\\/\\\/www.laguiadepamplona.com\\\/actualidad\\\/wp-content\\\/uploads\\\/2018\\\/11\\\/logo-laguiadepamplona18-web1.png\",\"width\":600,\"height\":196,\"caption\":\"La Gu\u00eda de Pamplona \\\/ Noticias\"},\"image\":{\"@id\":\"https:\\\/\\\/www.laguiadepamplona.com\\\/actualidad\\\/#\\\/schema\\\/logo\\\/image\\\/\"},\"sameAs\":[\"https:\\\/\\\/www.facebook.com\\\/laguiadepamplonacom-133175176762273\\\/?ref=hl\",\"https:\\\/\\\/x.com\\\/LaGuiadPamplona\",\"https:\\\/\\\/www.instagram.com\\\/la_guia_de_pamplona\\\/\",\"https:\\\/\\\/www.youtube.com\\\/user\\\/laguiadepamplona\"]},{\"@type\":\"Person\",\"@id\":\"https:\\\/\\\/www.laguiadepamplona.com\\\/actualidad\\\/#\\\/schema\\\/person\\\/efe887376f0213d4657c93adc50b1fdb\",\"name\":\"La Gu\u00eda de Pamplona\",\"image\":{\"@type\":\"ImageObject\",\"inLanguage\":\"es\",\"@id\":\"https:\\\/\\\/secure.gravatar.com\\\/avatar\\\/b6992f131dc8d30ab0dff15446e9d346d9dbd95992de0fef795073f5ea83a81c?s=96&d=mm&r=g\",\"url\":\"https:\\\/\\\/secure.gravatar.com\\\/avatar\\\/b6992f131dc8d30ab0dff15446e9d346d9dbd95992de0fef795073f5ea83a81c?s=96&d=mm&r=g\",\"contentUrl\":\"https:\\\/\\\/secure.gravatar.com\\\/avatar\\\/b6992f131dc8d30ab0dff15446e9d346d9dbd95992de0fef795073f5ea83a81c?s=96&d=mm&r=g\",\"caption\":\"La Gu\u00eda de Pamplona\"}}]}<\/script>\n<!-- \/ Yoast SEO plugin. -->","yoast_head_json":{"title":"Civivox Iturrama acoge, ma\u00f1ana jueves, la primera jornada de \u2018Emprendimiento femenino\u2019 que girar\u00e1 sobre la importancia de desarrollar una marca personal en internet","robots":{"index":"index","follow":"follow","max-snippet":"max-snippet:-1","max-image-preview":"max-image-preview:large","max-video-preview":"max-video-preview:-1"},"canonical":"https:\/\/www.laguiadepamplona.com\/actualidad\/civivox-iturrama-acoge-manana-jueves-la-primera-jornada-de-emprendimiento-femenino-que-girara-sobre-la-importancia-de-desarrollar-una-marca-personal-en-internet\/","og_locale":"es_ES","og_type":"article","og_title":"Civivox Iturrama acoge, ma\u00f1ana jueves, la primera jornada de \u2018Emprendimiento femenino\u2019 que girar\u00e1 sobre la importancia de desarrollar una marca personal en internet","og_description":"Ayuntamiento y CEIN con la colaboraci\u00f3n de AMEDNA ponen en marcha un ciclo de tres sesiones que continuar\u00e1 26 de octubre y 23 de noviembre","og_url":"https:\/\/www.laguiadepamplona.com\/actualidad\/civivox-iturrama-acoge-manana-jueves-la-primera-jornada-de-emprendimiento-femenino-que-girara-sobre-la-importancia-de-desarrollar-una-marca-personal-en-internet\/","og_site_name":"La Gu\u00eda de Pamplona","article_publisher":"https:\/\/www.facebook.com\/laguiadepamplonacom-133175176762273\/?ref=hl","article_published_time":"2017-09-20T13:29:40+00:00","og_image":[{"width":500,"height":333,"url":"https:\/\/www.laguiadepamplona.com\/actualidad\/wp-content\/uploads\/2016\/12\/civivox-de-iturrama.jpg","type":"image\/jpeg"}],"author":"La Gu\u00eda de Pamplona","twitter_card":"summary_large_image","twitter_creator":"@LaGuiadPamplona","twitter_site":"@LaGuiadPamplona","twitter_misc":{"Escrito por":"La Gu\u00eda de Pamplona","Tiempo de lectura":"2 minutos"},"schema":{"@context":"https:\/\/schema.org","@graph":[{"@type":"Article","@id":"https:\/\/www.laguiadepamplona.com\/actualidad\/civivox-iturrama-acoge-manana-jueves-la-primera-jornada-de-emprendimiento-femenino-que-girara-sobre-la-importancia-de-desarrollar-una-marca-personal-en-internet\/#article","isPartOf":{"@id":"https:\/\/www.laguiadepamplona.com\/actualidad\/civivox-iturrama-acoge-manana-jueves-la-primera-jornada-de-emprendimiento-femenino-que-girara-sobre-la-importancia-de-desarrollar-una-marca-personal-en-internet\/"},"author":{"name":"La Gu\u00eda de Pamplona","@id":"https:\/\/www.laguiadepamplona.com\/actualidad\/#\/schema\/person\/efe887376f0213d4657c93adc50b1fdb"},"headline":"Civivox Iturrama acoge, ma\u00f1ana jueves, la primera jornada de \u2018Emprendimiento femenino\u2019 que girar\u00e1 sobre la importancia de desarrollar una marca personal en internet","datePublished":"2017-09-20T13:29:40+00:00","mainEntityOfPage":{"@id":"https:\/\/www.laguiadepamplona.com\/actualidad\/civivox-iturrama-acoge-manana-jueves-la-primera-jornada-de-emprendimiento-femenino-que-girara-sobre-la-importancia-de-desarrollar-una-marca-personal-en-internet\/"},"wordCount":456,"commentCount":0,"publisher":{"@id":"https:\/\/www.laguiadepamplona.com\/actualidad\/#organization"},"image":{"@id":"https:\/\/www.laguiadepamplona.com\/actualidad\/civivox-iturrama-acoge-manana-jueves-la-primera-jornada-de-emprendimiento-femenino-que-girara-sobre-la-importancia-de-desarrollar-una-marca-personal-en-internet\/#primaryimage"},"thumbnailUrl":"https:\/\/www.laguiadepamplona.com\/actualidad\/wp-content\/uploads\/2016\/12\/civivox-de-iturrama.jpg","articleSection":["Ayto Pamplona"],"inLanguage":"es","potentialAction":[{"@type":"CommentAction","name":"Comment","target":["https:\/\/www.laguiadepamplona.com\/actualidad\/civivox-iturrama-acoge-manana-jueves-la-primera-jornada-de-emprendimiento-femenino-que-girara-sobre-la-importancia-de-desarrollar-una-marca-personal-en-internet\/#respond"]}]},{"@type":"WebPage","@id":"https:\/\/www.laguiadepamplona.com\/actualidad\/civivox-iturrama-acoge-manana-jueves-la-primera-jornada-de-emprendimiento-femenino-que-girara-sobre-la-importancia-de-desarrollar-una-marca-personal-en-internet\/","url":"https:\/\/www.laguiadepamplona.com\/actualidad\/civivox-iturrama-acoge-manana-jueves-la-primera-jornada-de-emprendimiento-femenino-que-girara-sobre-la-importancia-de-desarrollar-una-marca-personal-en-internet\/","name":"Civivox Iturrama acoge, ma\u00f1ana jueves, la primera jornada de \u2018Emprendimiento femenino\u2019 que girar\u00e1 sobre la importancia de desarrollar una marca personal en internet","isPartOf":{"@id":"https:\/\/www.laguiadepamplona.com\/actualidad\/#website"},"primaryImageOfPage":{"@id":"https:\/\/www.laguiadepamplona.com\/actualidad\/civivox-iturrama-acoge-manana-jueves-la-primera-jornada-de-emprendimiento-femenino-que-girara-sobre-la-importancia-de-desarrollar-una-marca-personal-en-internet\/#primaryimage"},"image":{"@id":"https:\/\/www.laguiadepamplona.com\/actualidad\/civivox-iturrama-acoge-manana-jueves-la-primera-jornada-de-emprendimiento-femenino-que-girara-sobre-la-importancia-de-desarrollar-una-marca-personal-en-internet\/#primaryimage"},"thumbnailUrl":"https:\/\/www.laguiadepamplona.com\/actualidad\/wp-content\/uploads\/2016\/12\/civivox-de-iturrama.jpg","datePublished":"2017-09-20T13:29:40+00:00","breadcrumb":{"@id":"https:\/\/www.laguiadepamplona.com\/actualidad\/civivox-iturrama-acoge-manana-jueves-la-primera-jornada-de-emprendimiento-femenino-que-girara-sobre-la-importancia-de-desarrollar-una-marca-personal-en-internet\/#breadcrumb"},"inLanguage":"es","potentialAction":[{"@type":"ReadAction","target":["https:\/\/www.laguiadepamplona.com\/actualidad\/civivox-iturrama-acoge-manana-jueves-la-primera-jornada-de-emprendimiento-femenino-que-girara-sobre-la-importancia-de-desarrollar-una-marca-personal-en-internet\/"]}]},{"@type":"ImageObject","inLanguage":"es","@id":"https:\/\/www.laguiadepamplona.com\/actualidad\/civivox-iturrama-acoge-manana-jueves-la-primera-jornada-de-emprendimiento-femenino-que-girara-sobre-la-importancia-de-desarrollar-una-marca-personal-en-internet\/#primaryimage","url":"https:\/\/www.laguiadepamplona.com\/actualidad\/wp-content\/uploads\/2016\/12\/civivox-de-iturrama.jpg","contentUrl":"https:\/\/www.laguiadepamplona.com\/actualidad\/wp-content\/uploads\/2016\/12\/civivox-de-iturrama.jpg","width":500,"height":333},{"@type":"BreadcrumbList","@id":"https:\/\/www.laguiadepamplona.com\/actualidad\/civivox-iturrama-acoge-manana-jueves-la-primera-jornada-de-emprendimiento-femenino-que-girara-sobre-la-importancia-de-desarrollar-una-marca-personal-en-internet\/#breadcrumb","itemListElement":[{"@type":"ListItem","position":1,"name":"Portada","item":"https:\/\/www.laguiadepamplona.com\/actualidad\/"},{"@type":"ListItem","position":2,"name":"Civivox Iturrama acoge, ma\u00f1ana jueves, la primera jornada de \u2018Emprendimiento femenino\u2019 que girar\u00e1 sobre la importancia de desarrollar una marca personal en internet"}]},{"@type":"WebSite","@id":"https:\/\/www.laguiadepamplona.com\/actualidad\/#website","url":"https:\/\/www.laguiadepamplona.com\/actualidad\/","name":"La gu\u00eda de Pamplona","description":"Noticias de Pamplona","publisher":{"@id":"https:\/\/www.laguiadepamplona.com\/actualidad\/#organization"},"potentialAction":[{"@type":"SearchAction","target":{"@type":"EntryPoint","urlTemplate":"https:\/\/www.laguiadepamplona.com\/actualidad\/?s={search_term_string}"},"query-input":{"@type":"PropertyValueSpecification","valueRequired":true,"valueName":"search_term_string"}}],"inLanguage":"es"},{"@type":"Organization","@id":"https:\/\/www.laguiadepamplona.com\/actualidad\/#organization","name":"La Gu\u00eda de Pamplona \/ Noticias","url":"https:\/\/www.laguiadepamplona.com\/actualidad\/","logo":{"@type":"ImageObject","inLanguage":"es","@id":"https:\/\/www.laguiadepamplona.com\/actualidad\/#\/schema\/logo\/image\/","url":"https:\/\/www.laguiadepamplona.com\/actualidad\/wp-content\/uploads\/2018\/11\/logo-laguiadepamplona18-web1.png","contentUrl":"https:\/\/www.laguiadepamplona.com\/actualidad\/wp-content\/uploads\/2018\/11\/logo-laguiadepamplona18-web1.png","width":600,"height":196,"caption":"La Gu\u00eda de Pamplona \/ Noticias"},"image":{"@id":"https:\/\/www.laguiadepamplona.com\/actualidad\/#\/schema\/logo\/image\/"},"sameAs":["https:\/\/www.facebook.com\/laguiadepamplonacom-133175176762273\/?ref=hl","https:\/\/x.com\/LaGuiadPamplona","https:\/\/www.instagram.com\/la_guia_de_pamplona\/","https:\/\/www.youtube.com\/user\/laguiadepamplona"]},{"@type":"Person","@id":"https:\/\/www.laguiadepamplona.com\/actualidad\/#\/schema\/person\/efe887376f0213d4657c93adc50b1fdb","name":"La Gu\u00eda de Pamplona","image":{"@type":"ImageObject","inLanguage":"es","@id":"https:\/\/secure.gravatar.com\/avatar\/b6992f131dc8d30ab0dff15446e9d346d9dbd95992de0fef795073f5ea83a81c?s=96&d=mm&r=g","url":"https:\/\/secure.gravatar.com\/avatar\/b6992f131dc8d30ab0dff15446e9d346d9dbd95992de0fef795073f5ea83a81c?s=96&d=mm&r=g","contentUrl":"https:\/\/secure.gravatar.com\/avatar\/b6992f131dc8d30ab0dff15446e9d346d9dbd95992de0fef795073f5ea83a81c?s=96&d=mm&r=g","caption":"La Gu\u00eda de Pamplona"}}]}},"post_mailing_queue_ids":[],"_links":{"self":[{"href":"https:\/\/www.laguiadepamplona.com\/actualidad\/wp-json\/wp\/v2\/posts\/14371","targetHints":{"allow":["GET"]}}],"collection":[{"href":"https:\/\/www.laguiadepamplona.com\/actualidad\/wp-json\/wp\/v2\/posts"}],"about":[{"href":"https:\/\/www.laguiadepamplona.com\/actualidad\/wp-json\/wp\/v2\/types\/post"}],"author":[{"embeddable":true,"href":"https:\/\/www.laguiadepamplona.com\/actualidad\/wp-json\/wp\/v2\/users\/1"}],"replies":[{"embeddable":true,"href":"https:\/\/www.laguiadepamplona.com\/actualidad\/wp-json\/wp\/v2\/comments?post=14371"}],"version-history":[{"count":0,"href":"https:\/\/www.laguiadepamplona.com\/actualidad\/wp-json\/wp\/v2\/posts\/14371\/revisions"}],"wp:featuredmedia":[{"embeddable":true,"href":"https:\/\/www.laguiadepamplona.com\/actualidad\/wp-json\/wp\/v2\/media\/11097"}],"wp:attachment":[{"href":"https:\/\/www.laguiadepamplona.com\/actualidad\/wp-json\/wp\/v2\/media?parent=14371"}],"wp:term":[{"taxonomy":"category","embeddable":true,"href":"https:\/\/www.laguiadepamplona.com\/actualidad\/wp-json\/wp\/v2\/categories?post=14371"},{"taxonomy":"post_tag","embeddable":true,"href":"https:\/\/www.laguiadepamplona.com\/actualidad\/wp-json\/wp\/v2\/tags?post=14371"}],"curies":[{"name":"wp","href":"https:\/\/api.w.org\/{rel}","templated":true}]}}