{"id":14132,"date":"2017-08-31T15:22:29","date_gmt":"2017-08-31T14:22:29","guid":{"rendered":"http:\/\/laguiadepamplona.es\/actualidad\/?p=14132"},"modified":"2017-08-31T15:22:29","modified_gmt":"2017-08-31T14:22:29","slug":"el-ayuntamiento-prepara-un-amplio-programa-de-actos-este-fin-de-semana-para-invitar-a-la-ciudadania-a-conocer-los-cambios-que-trae-el-plan-de-amabilizacion-del-centro","status":"publish","type":"post","link":"https:\/\/www.laguiadepamplona.com\/actualidad\/el-ayuntamiento-prepara-un-amplio-programa-de-actos-este-fin-de-semana-para-invitar-a-la-ciudadania-a-conocer-los-cambios-que-trae-el-plan-de-amabilizacion-del-centro\/","title":{"rendered":"El Ayuntamiento prepara un amplio programa de actos este fin de semana para invitar a la ciudadan\u00eda a conocer los cambios que trae el Plan de Amabilizaci\u00f3n del Centro"},"content":{"rendered":"<h3>El s\u00e1bado habr\u00e1 teatro de calle y el domingo, actividades deportivas, exposiciones, talleres, goitiberas, encierro y chistorrada popular<\/h3>\n<p><!--more--><\/p>\n<p>El Ayuntamiento de Pamplona ha preparado un amplio programa de actividades para dar a conocer a la ciudadan\u00eda los cambios que implicar\u00e1, a partir del pr\u00f3ximo lunes, la puesta en marcha del Plan de Amabilizaci\u00f3n del Centro. En estos actos participar\u00e1n los m\u00e1ximos responsables del Ayuntamiento de Pamplona y de la Mancomunidad de la Comarca de Pamplona, y ha sido invitada la Corporaci\u00f3n Municipal, adem\u00e1s de las asociaciones de vecinos y comerciantes tanto del Casco Viejo como del Primer Ensanche.<\/p>\n<p>En cuanto al programa de actividades, el s\u00e1bado habr\u00e1 teatro en la calle y el domingo, en el entorno de la calle Taconera, Navas de Tolosa y Paseo de Sarasate, se organizar\u00e1n actividades deportivas, exposiciones y talleres. Habr\u00e1 adem\u00e1s carreras de goitiberas, un encierro de toricos de ruedas y chistorrada popular. Una decena de actividades y espect\u00e1culos en los que se repartir\u00e1 informaci\u00f3n sobre le Plan de Amabilizaci\u00f3n del Centro y se tratar\u00e1 de mostrar c\u00f3mo funcionar\u00e1 ese entorno a partir del lunes.<\/p>\n<p><strong>S\u00e1bado cultural y domingo deportivo<\/strong><\/p>\n<p>El programa de actividades se desarrollar\u00e1 a lo largo de s\u00e1bado y domingo y en su dise\u00f1o han participado cinco \u00e1reas diferentes del Ayuntamiento (Cultura, Seguridad Ciudadana, Ecolog\u00eda Urbana, Ciudad Habitable y Gobierno Transparente). El s\u00e1bado habr\u00e1 teatro de calle producido por Quiero Teatro y en el que participar\u00e1n diversos actores: Trokolo (Isabel Aisa, Ram\u00f3n Marco y Sergio de Andr\u00e9s), Estefan\u00eda de Pas y Sergio Salinas. Ofrecer\u00e1n el espect\u00e1culo \u2018Abierto por Obras de Amabilizadores S.A.\u2019 por la ma\u00f1ana y por la tarde, en horario de 12:30 a 13.30 y de 19 a 20 horas. La salida ser\u00e1 de la antigua Estaci\u00f3n Autobuses (salida por calle Tudela) y recorrer\u00e1n Paseo de Sarasate, Navas de Tolosa y Paseo Doctor Arazuri. El espect\u00e1culo pretende explicar de una forma comprensible y cercana cuales van a ser los principales cambios que, a nivel de movilidad, va a implicar la puesta en marcha del Plan de Amabilizaci\u00f3n.<\/p>\n<p>En cuanto al domingo, se crear\u00e1 toda una zona de actividades deportivas y l\u00fadicas en el centro entre la avenida de Guip\u00fazcoa, desde la rotonda de la antigua Discosa, hasta la rotonda del Hotel 3 Reyes.\u00a0 As\u00ed, durante toda la jornada habr\u00e1 exposici\u00f3n de huertos, con una muestra fotogr\u00e1fica del huerto de la Piparrika, un mural participativo y un taller de jabones. Tambi\u00e9n habr\u00e1 canastas y porter\u00edas durante toda la jornada. A las 11.30 est\u00e1n programadas goitiberas, a las 17 horas, deporte rural para txikis, a las 18 horas exhibici\u00f3n de levantamiento de piedra, y a las 18.30 horas talla con motosierra en madera. La jornada festiva se cerrar\u00e1 a las 19 horas con chistorrada popular y encierro de toricos de ruedas a partir de las 20 horas.<\/p>\n<p>El\u00a0 programa de actividades del domingo comenzar\u00e1 <strong><u>a las 10.50 horas en la nueva parada de villavesas de la calle Taconera<\/u><\/strong>, con un acto en el que estar\u00e1n presentes el alcalde de Pamplona, Joseba Asiron, el presidente de la Mancomunidad de la Comarca de Pamplona, Aritz Ayesa, y los responsables de las \u00e1reas municipales que han liderado este proyecto: Joxe Abaurrea, de Ciudad Habitable y Vivienda; Armando Cuenca, de Ecolog\u00eda Urbana y Movilidad, y Aritz Romeo, de Seguridad Ciudadana y Convivencia. Adem\u00e1s participar\u00e1n en el acto los integrantes del grupo t\u00e9cnico de movilidad que ha desarrollado el Plan para la Amabilizaci\u00f3n del centro que tratar\u00e1n de resolver todas las dudas que planteen los asistentes.<\/p>\n<p><strong>Caseta informativa en la Plaza del Castillo<\/strong><\/p>\n<p>Finalmente y tambi\u00e9n dentro de la campa\u00f1a para dar a conocer este plan, ma\u00f1ana viernes se abrir\u00e1 al p\u00fablico la caseta informativa localizada en la Plaza del Castillo (la apertura oficial ser\u00e1 a las 18.00 horas). Esta caseta estar\u00e1 abierta al p\u00fablico todos los fines de semana de septiembre entre las 8.00 y 21.00 horas los viernes, mientras s\u00e1bados y domingos lo har\u00e1 de 11.00 a 14.00 horas y de 18,00 a 21.00 horas. La ciudadan\u00eda podr\u00e1 acercarse a plantear las dudas que considere oportunas y a recoger la informaci\u00f3n que sobre los cambios en el centro de la ciudad ha preparado el Ayuntamiento.<\/p>\n<p>&nbsp;<\/p>\n","protected":false},"excerpt":{"rendered":"<p>El s\u00e1bado habr\u00e1 teatro de calle y el domingo, actividades deportivas, exposiciones, talleres, goitiberas, encierro y chistorrada popular<\/p>\n","protected":false},"author":1,"featured_media":10979,"comment_status":"open","ping_status":"closed","sticky":false,"template":"","format":"standard","meta":{"footnotes":""},"categories":[2],"tags":[],"class_list":["post-14132","post","type-post","status-publish","format-standard","has-post-thumbnail","hentry","category-ayuntamiento-pamplona"],"yoast_head":"<!-- This site is optimized with the Yoast SEO plugin v27.3 - https:\/\/yoast.com\/product\/yoast-seo-wordpress\/ -->\n<title>El Ayuntamiento prepara un amplio programa de actos este fin de semana para invitar a la ciudadan\u00eda a conocer los cambios que trae el Plan de Amabilizaci\u00f3n del Centro<\/title>\n<meta name=\"robots\" content=\"index, follow, max-snippet:-1, max-image-preview:large, max-video-preview:-1\" \/>\n<link rel=\"canonical\" href=\"https:\/\/www.laguiadepamplona.com\/actualidad\/el-ayuntamiento-prepara-un-amplio-programa-de-actos-este-fin-de-semana-para-invitar-a-la-ciudadania-a-conocer-los-cambios-que-trae-el-plan-de-amabilizacion-del-centro\/\" \/>\n<meta property=\"og:locale\" content=\"es_ES\" \/>\n<meta property=\"og:type\" content=\"article\" \/>\n<meta property=\"og:title\" content=\"El Ayuntamiento prepara un amplio programa de actos este fin de semana para invitar a la ciudadan\u00eda a conocer los cambios que trae el Plan de Amabilizaci\u00f3n del Centro\" \/>\n<meta property=\"og:description\" content=\"El s\u00e1bado habr\u00e1 teatro de calle y el domingo, actividades deportivas, exposiciones, talleres, goitiberas, encierro y chistorrada popular\" \/>\n<meta property=\"og:url\" content=\"https:\/\/www.laguiadepamplona.com\/actualidad\/el-ayuntamiento-prepara-un-amplio-programa-de-actos-este-fin-de-semana-para-invitar-a-la-ciudadania-a-conocer-los-cambios-que-trae-el-plan-de-amabilizacion-del-centro\/\" \/>\n<meta property=\"og:site_name\" content=\"La Gu\u00eda de Pamplona\" \/>\n<meta property=\"article:publisher\" content=\"https:\/\/www.facebook.com\/laguiadepamplonacom-133175176762273\/?ref=hl\" \/>\n<meta property=\"article:published_time\" content=\"2017-08-31T14:22:29+00:00\" \/>\n<meta property=\"og:image\" content=\"https:\/\/www.laguiadepamplona.com\/actualidad\/wp-content\/uploads\/2016\/11\/Ayto_Pamplona.jpg\" \/>\n\t<meta property=\"og:image:width\" content=\"900\" \/>\n\t<meta property=\"og:image:height\" content=\"675\" \/>\n\t<meta property=\"og:image:type\" content=\"image\/jpeg\" \/>\n<meta name=\"author\" content=\"La Gu\u00eda de Pamplona\" \/>\n<meta name=\"twitter:card\" content=\"summary_large_image\" \/>\n<meta name=\"twitter:creator\" content=\"@LaGuiadPamplona\" \/>\n<meta name=\"twitter:site\" content=\"@LaGuiadPamplona\" \/>\n<meta name=\"twitter:label1\" content=\"Escrito por\" \/>\n\t<meta name=\"twitter:data1\" content=\"La Gu\u00eda de Pamplona\" \/>\n\t<meta name=\"twitter:label2\" content=\"Tiempo de lectura\" \/>\n\t<meta name=\"twitter:data2\" content=\"4 minutos\" \/>\n<script type=\"application\/ld+json\" class=\"yoast-schema-graph\">{\"@context\":\"https:\\\/\\\/schema.org\",\"@graph\":[{\"@type\":\"Article\",\"@id\":\"https:\\\/\\\/www.laguiadepamplona.com\\\/actualidad\\\/el-ayuntamiento-prepara-un-amplio-programa-de-actos-este-fin-de-semana-para-invitar-a-la-ciudadania-a-conocer-los-cambios-que-trae-el-plan-de-amabilizacion-del-centro\\\/#article\",\"isPartOf\":{\"@id\":\"https:\\\/\\\/www.laguiadepamplona.com\\\/actualidad\\\/el-ayuntamiento-prepara-un-amplio-programa-de-actos-este-fin-de-semana-para-invitar-a-la-ciudadania-a-conocer-los-cambios-que-trae-el-plan-de-amabilizacion-del-centro\\\/\"},\"author\":{\"name\":\"La Gu\u00eda de Pamplona\",\"@id\":\"https:\\\/\\\/www.laguiadepamplona.com\\\/actualidad\\\/#\\\/schema\\\/person\\\/efe887376f0213d4657c93adc50b1fdb\"},\"headline\":\"El Ayuntamiento prepara un amplio programa de actos este fin de semana para invitar a la ciudadan\u00eda a conocer los cambios que trae el Plan de Amabilizaci\u00f3n del Centro\",\"datePublished\":\"2017-08-31T14:22:29+00:00\",\"mainEntityOfPage\":{\"@id\":\"https:\\\/\\\/www.laguiadepamplona.com\\\/actualidad\\\/el-ayuntamiento-prepara-un-amplio-programa-de-actos-este-fin-de-semana-para-invitar-a-la-ciudadania-a-conocer-los-cambios-que-trae-el-plan-de-amabilizacion-del-centro\\\/\"},\"wordCount\":758,\"commentCount\":0,\"publisher\":{\"@id\":\"https:\\\/\\\/www.laguiadepamplona.com\\\/actualidad\\\/#organization\"},\"image\":{\"@id\":\"https:\\\/\\\/www.laguiadepamplona.com\\\/actualidad\\\/el-ayuntamiento-prepara-un-amplio-programa-de-actos-este-fin-de-semana-para-invitar-a-la-ciudadania-a-conocer-los-cambios-que-trae-el-plan-de-amabilizacion-del-centro\\\/#primaryimage\"},\"thumbnailUrl\":\"https:\\\/\\\/www.laguiadepamplona.com\\\/actualidad\\\/wp-content\\\/uploads\\\/2016\\\/11\\\/Ayto_Pamplona.jpg\",\"articleSection\":[\"Ayto Pamplona\"],\"inLanguage\":\"es\",\"potentialAction\":[{\"@type\":\"CommentAction\",\"name\":\"Comment\",\"target\":[\"https:\\\/\\\/www.laguiadepamplona.com\\\/actualidad\\\/el-ayuntamiento-prepara-un-amplio-programa-de-actos-este-fin-de-semana-para-invitar-a-la-ciudadania-a-conocer-los-cambios-que-trae-el-plan-de-amabilizacion-del-centro\\\/#respond\"]}]},{\"@type\":\"WebPage\",\"@id\":\"https:\\\/\\\/www.laguiadepamplona.com\\\/actualidad\\\/el-ayuntamiento-prepara-un-amplio-programa-de-actos-este-fin-de-semana-para-invitar-a-la-ciudadania-a-conocer-los-cambios-que-trae-el-plan-de-amabilizacion-del-centro\\\/\",\"url\":\"https:\\\/\\\/www.laguiadepamplona.com\\\/actualidad\\\/el-ayuntamiento-prepara-un-amplio-programa-de-actos-este-fin-de-semana-para-invitar-a-la-ciudadania-a-conocer-los-cambios-que-trae-el-plan-de-amabilizacion-del-centro\\\/\",\"name\":\"El Ayuntamiento prepara un amplio programa de actos este fin de semana para invitar a la ciudadan\u00eda a conocer los cambios que trae el Plan de Amabilizaci\u00f3n del Centro\",\"isPartOf\":{\"@id\":\"https:\\\/\\\/www.laguiadepamplona.com\\\/actualidad\\\/#website\"},\"primaryImageOfPage\":{\"@id\":\"https:\\\/\\\/www.laguiadepamplona.com\\\/actualidad\\\/el-ayuntamiento-prepara-un-amplio-programa-de-actos-este-fin-de-semana-para-invitar-a-la-ciudadania-a-conocer-los-cambios-que-trae-el-plan-de-amabilizacion-del-centro\\\/#primaryimage\"},\"image\":{\"@id\":\"https:\\\/\\\/www.laguiadepamplona.com\\\/actualidad\\\/el-ayuntamiento-prepara-un-amplio-programa-de-actos-este-fin-de-semana-para-invitar-a-la-ciudadania-a-conocer-los-cambios-que-trae-el-plan-de-amabilizacion-del-centro\\\/#primaryimage\"},\"thumbnailUrl\":\"https:\\\/\\\/www.laguiadepamplona.com\\\/actualidad\\\/wp-content\\\/uploads\\\/2016\\\/11\\\/Ayto_Pamplona.jpg\",\"datePublished\":\"2017-08-31T14:22:29+00:00\",\"breadcrumb\":{\"@id\":\"https:\\\/\\\/www.laguiadepamplona.com\\\/actualidad\\\/el-ayuntamiento-prepara-un-amplio-programa-de-actos-este-fin-de-semana-para-invitar-a-la-ciudadania-a-conocer-los-cambios-que-trae-el-plan-de-amabilizacion-del-centro\\\/#breadcrumb\"},\"inLanguage\":\"es\",\"potentialAction\":[{\"@type\":\"ReadAction\",\"target\":[\"https:\\\/\\\/www.laguiadepamplona.com\\\/actualidad\\\/el-ayuntamiento-prepara-un-amplio-programa-de-actos-este-fin-de-semana-para-invitar-a-la-ciudadania-a-conocer-los-cambios-que-trae-el-plan-de-amabilizacion-del-centro\\\/\"]}]},{\"@type\":\"ImageObject\",\"inLanguage\":\"es\",\"@id\":\"https:\\\/\\\/www.laguiadepamplona.com\\\/actualidad\\\/el-ayuntamiento-prepara-un-amplio-programa-de-actos-este-fin-de-semana-para-invitar-a-la-ciudadania-a-conocer-los-cambios-que-trae-el-plan-de-amabilizacion-del-centro\\\/#primaryimage\",\"url\":\"https:\\\/\\\/www.laguiadepamplona.com\\\/actualidad\\\/wp-content\\\/uploads\\\/2016\\\/11\\\/Ayto_Pamplona.jpg\",\"contentUrl\":\"https:\\\/\\\/www.laguiadepamplona.com\\\/actualidad\\\/wp-content\\\/uploads\\\/2016\\\/11\\\/Ayto_Pamplona.jpg\",\"width\":900,\"height\":675},{\"@type\":\"BreadcrumbList\",\"@id\":\"https:\\\/\\\/www.laguiadepamplona.com\\\/actualidad\\\/el-ayuntamiento-prepara-un-amplio-programa-de-actos-este-fin-de-semana-para-invitar-a-la-ciudadania-a-conocer-los-cambios-que-trae-el-plan-de-amabilizacion-del-centro\\\/#breadcrumb\",\"itemListElement\":[{\"@type\":\"ListItem\",\"position\":1,\"name\":\"Portada\",\"item\":\"https:\\\/\\\/www.laguiadepamplona.com\\\/actualidad\\\/\"},{\"@type\":\"ListItem\",\"position\":2,\"name\":\"El Ayuntamiento prepara un amplio programa de actos este fin de semana para invitar a la ciudadan\u00eda a conocer los cambios que trae el Plan de Amabilizaci\u00f3n del Centro\"}]},{\"@type\":\"WebSite\",\"@id\":\"https:\\\/\\\/www.laguiadepamplona.com\\\/actualidad\\\/#website\",\"url\":\"https:\\\/\\\/www.laguiadepamplona.com\\\/actualidad\\\/\",\"name\":\"La gu\u00eda de Pamplona\",\"description\":\"Noticias de Pamplona\",\"publisher\":{\"@id\":\"https:\\\/\\\/www.laguiadepamplona.com\\\/actualidad\\\/#organization\"},\"potentialAction\":[{\"@type\":\"SearchAction\",\"target\":{\"@type\":\"EntryPoint\",\"urlTemplate\":\"https:\\\/\\\/www.laguiadepamplona.com\\\/actualidad\\\/?s={search_term_string}\"},\"query-input\":{\"@type\":\"PropertyValueSpecification\",\"valueRequired\":true,\"valueName\":\"search_term_string\"}}],\"inLanguage\":\"es\"},{\"@type\":\"Organization\",\"@id\":\"https:\\\/\\\/www.laguiadepamplona.com\\\/actualidad\\\/#organization\",\"name\":\"La Gu\u00eda de Pamplona \\\/ Noticias\",\"url\":\"https:\\\/\\\/www.laguiadepamplona.com\\\/actualidad\\\/\",\"logo\":{\"@type\":\"ImageObject\",\"inLanguage\":\"es\",\"@id\":\"https:\\\/\\\/www.laguiadepamplona.com\\\/actualidad\\\/#\\\/schema\\\/logo\\\/image\\\/\",\"url\":\"https:\\\/\\\/www.laguiadepamplona.com\\\/actualidad\\\/wp-content\\\/uploads\\\/2018\\\/11\\\/logo-laguiadepamplona18-web1.png\",\"contentUrl\":\"https:\\\/\\\/www.laguiadepamplona.com\\\/actualidad\\\/wp-content\\\/uploads\\\/2018\\\/11\\\/logo-laguiadepamplona18-web1.png\",\"width\":600,\"height\":196,\"caption\":\"La Gu\u00eda de Pamplona \\\/ Noticias\"},\"image\":{\"@id\":\"https:\\\/\\\/www.laguiadepamplona.com\\\/actualidad\\\/#\\\/schema\\\/logo\\\/image\\\/\"},\"sameAs\":[\"https:\\\/\\\/www.facebook.com\\\/laguiadepamplonacom-133175176762273\\\/?ref=hl\",\"https:\\\/\\\/x.com\\\/LaGuiadPamplona\",\"https:\\\/\\\/www.instagram.com\\\/la_guia_de_pamplona\\\/\",\"https:\\\/\\\/www.youtube.com\\\/user\\\/laguiadepamplona\"]},{\"@type\":\"Person\",\"@id\":\"https:\\\/\\\/www.laguiadepamplona.com\\\/actualidad\\\/#\\\/schema\\\/person\\\/efe887376f0213d4657c93adc50b1fdb\",\"name\":\"La Gu\u00eda de Pamplona\",\"image\":{\"@type\":\"ImageObject\",\"inLanguage\":\"es\",\"@id\":\"https:\\\/\\\/secure.gravatar.com\\\/avatar\\\/b6992f131dc8d30ab0dff15446e9d346d9dbd95992de0fef795073f5ea83a81c?s=96&d=mm&r=g\",\"url\":\"https:\\\/\\\/secure.gravatar.com\\\/avatar\\\/b6992f131dc8d30ab0dff15446e9d346d9dbd95992de0fef795073f5ea83a81c?s=96&d=mm&r=g\",\"contentUrl\":\"https:\\\/\\\/secure.gravatar.com\\\/avatar\\\/b6992f131dc8d30ab0dff15446e9d346d9dbd95992de0fef795073f5ea83a81c?s=96&d=mm&r=g\",\"caption\":\"La Gu\u00eda de Pamplona\"}}]}<\/script>\n<!-- \/ Yoast SEO plugin. -->","yoast_head_json":{"title":"El Ayuntamiento prepara un amplio programa de actos este fin de semana para invitar a la ciudadan\u00eda a conocer los cambios que trae el Plan de Amabilizaci\u00f3n del Centro","robots":{"index":"index","follow":"follow","max-snippet":"max-snippet:-1","max-image-preview":"max-image-preview:large","max-video-preview":"max-video-preview:-1"},"canonical":"https:\/\/www.laguiadepamplona.com\/actualidad\/el-ayuntamiento-prepara-un-amplio-programa-de-actos-este-fin-de-semana-para-invitar-a-la-ciudadania-a-conocer-los-cambios-que-trae-el-plan-de-amabilizacion-del-centro\/","og_locale":"es_ES","og_type":"article","og_title":"El Ayuntamiento prepara un amplio programa de actos este fin de semana para invitar a la ciudadan\u00eda a conocer los cambios que trae el Plan de Amabilizaci\u00f3n del Centro","og_description":"El s\u00e1bado habr\u00e1 teatro de calle y el domingo, actividades deportivas, exposiciones, talleres, goitiberas, encierro y chistorrada popular","og_url":"https:\/\/www.laguiadepamplona.com\/actualidad\/el-ayuntamiento-prepara-un-amplio-programa-de-actos-este-fin-de-semana-para-invitar-a-la-ciudadania-a-conocer-los-cambios-que-trae-el-plan-de-amabilizacion-del-centro\/","og_site_name":"La Gu\u00eda de Pamplona","article_publisher":"https:\/\/www.facebook.com\/laguiadepamplonacom-133175176762273\/?ref=hl","article_published_time":"2017-08-31T14:22:29+00:00","og_image":[{"width":900,"height":675,"url":"https:\/\/www.laguiadepamplona.com\/actualidad\/wp-content\/uploads\/2016\/11\/Ayto_Pamplona.jpg","type":"image\/jpeg"}],"author":"La Gu\u00eda de Pamplona","twitter_card":"summary_large_image","twitter_creator":"@LaGuiadPamplona","twitter_site":"@LaGuiadPamplona","twitter_misc":{"Escrito por":"La Gu\u00eda de Pamplona","Tiempo de lectura":"4 minutos"},"schema":{"@context":"https:\/\/schema.org","@graph":[{"@type":"Article","@id":"https:\/\/www.laguiadepamplona.com\/actualidad\/el-ayuntamiento-prepara-un-amplio-programa-de-actos-este-fin-de-semana-para-invitar-a-la-ciudadania-a-conocer-los-cambios-que-trae-el-plan-de-amabilizacion-del-centro\/#article","isPartOf":{"@id":"https:\/\/www.laguiadepamplona.com\/actualidad\/el-ayuntamiento-prepara-un-amplio-programa-de-actos-este-fin-de-semana-para-invitar-a-la-ciudadania-a-conocer-los-cambios-que-trae-el-plan-de-amabilizacion-del-centro\/"},"author":{"name":"La Gu\u00eda de Pamplona","@id":"https:\/\/www.laguiadepamplona.com\/actualidad\/#\/schema\/person\/efe887376f0213d4657c93adc50b1fdb"},"headline":"El Ayuntamiento prepara un amplio programa de actos este fin de semana para invitar a la ciudadan\u00eda a conocer los cambios que trae el Plan de Amabilizaci\u00f3n del Centro","datePublished":"2017-08-31T14:22:29+00:00","mainEntityOfPage":{"@id":"https:\/\/www.laguiadepamplona.com\/actualidad\/el-ayuntamiento-prepara-un-amplio-programa-de-actos-este-fin-de-semana-para-invitar-a-la-ciudadania-a-conocer-los-cambios-que-trae-el-plan-de-amabilizacion-del-centro\/"},"wordCount":758,"commentCount":0,"publisher":{"@id":"https:\/\/www.laguiadepamplona.com\/actualidad\/#organization"},"image":{"@id":"https:\/\/www.laguiadepamplona.com\/actualidad\/el-ayuntamiento-prepara-un-amplio-programa-de-actos-este-fin-de-semana-para-invitar-a-la-ciudadania-a-conocer-los-cambios-que-trae-el-plan-de-amabilizacion-del-centro\/#primaryimage"},"thumbnailUrl":"https:\/\/www.laguiadepamplona.com\/actualidad\/wp-content\/uploads\/2016\/11\/Ayto_Pamplona.jpg","articleSection":["Ayto Pamplona"],"inLanguage":"es","potentialAction":[{"@type":"CommentAction","name":"Comment","target":["https:\/\/www.laguiadepamplona.com\/actualidad\/el-ayuntamiento-prepara-un-amplio-programa-de-actos-este-fin-de-semana-para-invitar-a-la-ciudadania-a-conocer-los-cambios-que-trae-el-plan-de-amabilizacion-del-centro\/#respond"]}]},{"@type":"WebPage","@id":"https:\/\/www.laguiadepamplona.com\/actualidad\/el-ayuntamiento-prepara-un-amplio-programa-de-actos-este-fin-de-semana-para-invitar-a-la-ciudadania-a-conocer-los-cambios-que-trae-el-plan-de-amabilizacion-del-centro\/","url":"https:\/\/www.laguiadepamplona.com\/actualidad\/el-ayuntamiento-prepara-un-amplio-programa-de-actos-este-fin-de-semana-para-invitar-a-la-ciudadania-a-conocer-los-cambios-que-trae-el-plan-de-amabilizacion-del-centro\/","name":"El Ayuntamiento prepara un amplio programa de actos este fin de semana para invitar a la ciudadan\u00eda a conocer los cambios que trae el Plan de Amabilizaci\u00f3n del Centro","isPartOf":{"@id":"https:\/\/www.laguiadepamplona.com\/actualidad\/#website"},"primaryImageOfPage":{"@id":"https:\/\/www.laguiadepamplona.com\/actualidad\/el-ayuntamiento-prepara-un-amplio-programa-de-actos-este-fin-de-semana-para-invitar-a-la-ciudadania-a-conocer-los-cambios-que-trae-el-plan-de-amabilizacion-del-centro\/#primaryimage"},"image":{"@id":"https:\/\/www.laguiadepamplona.com\/actualidad\/el-ayuntamiento-prepara-un-amplio-programa-de-actos-este-fin-de-semana-para-invitar-a-la-ciudadania-a-conocer-los-cambios-que-trae-el-plan-de-amabilizacion-del-centro\/#primaryimage"},"thumbnailUrl":"https:\/\/www.laguiadepamplona.com\/actualidad\/wp-content\/uploads\/2016\/11\/Ayto_Pamplona.jpg","datePublished":"2017-08-31T14:22:29+00:00","breadcrumb":{"@id":"https:\/\/www.laguiadepamplona.com\/actualidad\/el-ayuntamiento-prepara-un-amplio-programa-de-actos-este-fin-de-semana-para-invitar-a-la-ciudadania-a-conocer-los-cambios-que-trae-el-plan-de-amabilizacion-del-centro\/#breadcrumb"},"inLanguage":"es","potentialAction":[{"@type":"ReadAction","target":["https:\/\/www.laguiadepamplona.com\/actualidad\/el-ayuntamiento-prepara-un-amplio-programa-de-actos-este-fin-de-semana-para-invitar-a-la-ciudadania-a-conocer-los-cambios-que-trae-el-plan-de-amabilizacion-del-centro\/"]}]},{"@type":"ImageObject","inLanguage":"es","@id":"https:\/\/www.laguiadepamplona.com\/actualidad\/el-ayuntamiento-prepara-un-amplio-programa-de-actos-este-fin-de-semana-para-invitar-a-la-ciudadania-a-conocer-los-cambios-que-trae-el-plan-de-amabilizacion-del-centro\/#primaryimage","url":"https:\/\/www.laguiadepamplona.com\/actualidad\/wp-content\/uploads\/2016\/11\/Ayto_Pamplona.jpg","contentUrl":"https:\/\/www.laguiadepamplona.com\/actualidad\/wp-content\/uploads\/2016\/11\/Ayto_Pamplona.jpg","width":900,"height":675},{"@type":"BreadcrumbList","@id":"https:\/\/www.laguiadepamplona.com\/actualidad\/el-ayuntamiento-prepara-un-amplio-programa-de-actos-este-fin-de-semana-para-invitar-a-la-ciudadania-a-conocer-los-cambios-que-trae-el-plan-de-amabilizacion-del-centro\/#breadcrumb","itemListElement":[{"@type":"ListItem","position":1,"name":"Portada","item":"https:\/\/www.laguiadepamplona.com\/actualidad\/"},{"@type":"ListItem","position":2,"name":"El Ayuntamiento prepara un amplio programa de actos este fin de semana para invitar a la ciudadan\u00eda a conocer los cambios que trae el Plan de Amabilizaci\u00f3n del Centro"}]},{"@type":"WebSite","@id":"https:\/\/www.laguiadepamplona.com\/actualidad\/#website","url":"https:\/\/www.laguiadepamplona.com\/actualidad\/","name":"La gu\u00eda de Pamplona","description":"Noticias de Pamplona","publisher":{"@id":"https:\/\/www.laguiadepamplona.com\/actualidad\/#organization"},"potentialAction":[{"@type":"SearchAction","target":{"@type":"EntryPoint","urlTemplate":"https:\/\/www.laguiadepamplona.com\/actualidad\/?s={search_term_string}"},"query-input":{"@type":"PropertyValueSpecification","valueRequired":true,"valueName":"search_term_string"}}],"inLanguage":"es"},{"@type":"Organization","@id":"https:\/\/www.laguiadepamplona.com\/actualidad\/#organization","name":"La Gu\u00eda de Pamplona \/ Noticias","url":"https:\/\/www.laguiadepamplona.com\/actualidad\/","logo":{"@type":"ImageObject","inLanguage":"es","@id":"https:\/\/www.laguiadepamplona.com\/actualidad\/#\/schema\/logo\/image\/","url":"https:\/\/www.laguiadepamplona.com\/actualidad\/wp-content\/uploads\/2018\/11\/logo-laguiadepamplona18-web1.png","contentUrl":"https:\/\/www.laguiadepamplona.com\/actualidad\/wp-content\/uploads\/2018\/11\/logo-laguiadepamplona18-web1.png","width":600,"height":196,"caption":"La Gu\u00eda de Pamplona \/ Noticias"},"image":{"@id":"https:\/\/www.laguiadepamplona.com\/actualidad\/#\/schema\/logo\/image\/"},"sameAs":["https:\/\/www.facebook.com\/laguiadepamplonacom-133175176762273\/?ref=hl","https:\/\/x.com\/LaGuiadPamplona","https:\/\/www.instagram.com\/la_guia_de_pamplona\/","https:\/\/www.youtube.com\/user\/laguiadepamplona"]},{"@type":"Person","@id":"https:\/\/www.laguiadepamplona.com\/actualidad\/#\/schema\/person\/efe887376f0213d4657c93adc50b1fdb","name":"La Gu\u00eda de Pamplona","image":{"@type":"ImageObject","inLanguage":"es","@id":"https:\/\/secure.gravatar.com\/avatar\/b6992f131dc8d30ab0dff15446e9d346d9dbd95992de0fef795073f5ea83a81c?s=96&d=mm&r=g","url":"https:\/\/secure.gravatar.com\/avatar\/b6992f131dc8d30ab0dff15446e9d346d9dbd95992de0fef795073f5ea83a81c?s=96&d=mm&r=g","contentUrl":"https:\/\/secure.gravatar.com\/avatar\/b6992f131dc8d30ab0dff15446e9d346d9dbd95992de0fef795073f5ea83a81c?s=96&d=mm&r=g","caption":"La Gu\u00eda de Pamplona"}}]}},"post_mailing_queue_ids":[],"_links":{"self":[{"href":"https:\/\/www.laguiadepamplona.com\/actualidad\/wp-json\/wp\/v2\/posts\/14132","targetHints":{"allow":["GET"]}}],"collection":[{"href":"https:\/\/www.laguiadepamplona.com\/actualidad\/wp-json\/wp\/v2\/posts"}],"about":[{"href":"https:\/\/www.laguiadepamplona.com\/actualidad\/wp-json\/wp\/v2\/types\/post"}],"author":[{"embeddable":true,"href":"https:\/\/www.laguiadepamplona.com\/actualidad\/wp-json\/wp\/v2\/users\/1"}],"replies":[{"embeddable":true,"href":"https:\/\/www.laguiadepamplona.com\/actualidad\/wp-json\/wp\/v2\/comments?post=14132"}],"version-history":[{"count":0,"href":"https:\/\/www.laguiadepamplona.com\/actualidad\/wp-json\/wp\/v2\/posts\/14132\/revisions"}],"wp:featuredmedia":[{"embeddable":true,"href":"https:\/\/www.laguiadepamplona.com\/actualidad\/wp-json\/wp\/v2\/media\/10979"}],"wp:attachment":[{"href":"https:\/\/www.laguiadepamplona.com\/actualidad\/wp-json\/wp\/v2\/media?parent=14132"}],"wp:term":[{"taxonomy":"category","embeddable":true,"href":"https:\/\/www.laguiadepamplona.com\/actualidad\/wp-json\/wp\/v2\/categories?post=14132"},{"taxonomy":"post_tag","embeddable":true,"href":"https:\/\/www.laguiadepamplona.com\/actualidad\/wp-json\/wp\/v2\/tags?post=14132"}],"curies":[{"name":"wp","href":"https:\/\/api.w.org\/{rel}","templated":true}]}}