{"id":14130,"date":"2017-08-31T15:21:49","date_gmt":"2017-08-31T14:21:49","guid":{"rendered":"http:\/\/laguiadepamplona.es\/actualidad\/?p=14130"},"modified":"2017-08-31T15:21:49","modified_gmt":"2017-08-31T14:21:49","slug":"las-obras-en-e-i-haurtzaro-con-una-inversion-de-550-000-euros-dentro-del-plan-para-adecuar-escuelas-infantiles-a-la-normativa-regional-comenzaran-en-septiembre","status":"publish","type":"post","link":"https:\/\/www.laguiadepamplona.com\/actualidad\/las-obras-en-e-i-haurtzaro-con-una-inversion-de-550-000-euros-dentro-del-plan-para-adecuar-escuelas-infantiles-a-la-normativa-regional-comenzaran-en-septiembre\/","title":{"rendered":"Las obras en E.I Haurtzaro, con una inversi\u00f3n de 550.000 euros dentro del plan para adecuar escuelas infantiles a la normativa regional, comenzar\u00e1n en septiembre"},"content":{"rendered":"<h3>De los 12 centros municipales, siete est\u00e1n ya adaptados a esa normativa tras los trabajos realizados este a\u00f1o en Izartegi y Goiz Eder<\/h3>\n<p><!--more--><\/p>\n<p>El Ayuntamiento de Pamplona comenzar\u00e1 en septiembre las obras en la Escuela Infantil Haurtzaro. De esta manera, contin\u00faa el plan puesto en marcha el a\u00f1o pasado para adecuar todos los centros de la red municipal al Decreto Foral 28\/2007, que establece los requisitos y condiciones de las escuelas infantiles. Antes de la puesta en marcha del plan, de los doce centros que forman parte del organismo aut\u00f3nomo Escuelas Infantiles Municipales de Pamplona, 4 cumpl\u00edan la normativa: Jos\u00e9 Mar\u00eda Huarte, Hello Buztintxuri, Hello Azpilaga\u00f1a y Printzearen Harresi. A ellas, se han unido Izartegi y Goiz Eder y, pr\u00f3ximamente, lo har\u00e1 Mendillorri, cuyas intervenciones para acatar las condiciones establecidas por la ley podr\u00edan acometerse mientras se desarrolla la actividad, sin tener que cerrar la escuela.<\/p>\n<p>La propuesta para realizar las obras en Haurtzaro ser\u00e1 sometida a debate en una junta extraordinaria que celebrar\u00e1 Escuelas Infantiles el pr\u00f3ximo lunes. La propuesta plantea la adjudicaci\u00f3n de las obras, por un importe de 549.993,40 euros (I.V.A. incluido), a la empresa Excavaciones Ferm\u00edn Os\u00e9s S.L, que result\u00f3 ganadora en el consurso p\u00fablico. Los trabajos est\u00e1 previsto que duren cuatro meses.<\/p>\n<p><strong>Una actuaci\u00f3n m\u00e1s interior que exterior<\/strong><\/p>\n<p>La intervenci\u00f3n consiste principalmente en la demolici\u00f3n interna del ala en la que se encuentran los m\u00f3dulos de Caminantes, Medianos y Mayores. De este modo se obtiene una planta di\u00e1fana y luminosa, as\u00ed como la ampliaci\u00f3n de la edificaci\u00f3n hasta el l\u00edmite de parcela en su confluencia con el paseo de los Enamorados, y se pueden distribuir dichos m\u00f3dulos con los renovados criterios del Decreto Foral 28\/2007. Se mantiene de este modo el esp\u00edritu de la actual Escuela Infantil, basado fundamentalmente en el vivir en torno al patio cubierto que se convierte, con la actual reforma, en el coraz\u00f3n de los m\u00f3dulos al volcar todos en \u00e9l.<\/p>\n<p>Las zonas administrativas y de servicios, as\u00ed como el m\u00f3dulo de lactantes, solo tienen peque\u00f1as actuaciones correspondientes a instalaciones como megafon\u00eda, incendios y, puntualmente, abastecimiento de agua. El proyecto, al ser una ampliaci\u00f3n de un edificio existente que a su vez ha sufrido varias actuaciones previas, pretende ser importante en el interior pero mim\u00e9tico en el exterior, de tal modo que la ampliaci\u00f3n pase desapercibida, descubriendo un espacio nuevo, con mayor seguridad para los ni\u00f1os y ni\u00f1as, y mejores prestaciones de temperatura, ventilaci\u00f3n e iluminaci\u00f3n.<\/p>\n<p>La E.I. Haurtzaro, situada en el barrio de la Rochapea, permanecer\u00e1 cerrada mientras se ejecutan las obras y los\/las menores all\u00ed matriculados\/as han comenzado ya el curso en las instalaciones de la cercana E.I. Rotxapea. Precisamente, este centro tambi\u00e9n ha acogido durante el verano una serie de trabajos para eliminar, en parte, los problemas estructurales de humedades que padec\u00eda.<\/p>\n<p><strong>El alumnado de E.I. Haurtzaro continuar\u00e1 en la Rochapea<\/strong><\/p>\n<p>En el orden del d\u00eda de la junta extraordinaria del lunes en Escuelas Infantiles tambi\u00e9n se incluye informar sobre la creaci\u00f3n como centro de primer ciclo de educaci\u00f3n infantil de Goiz Eder. As\u00ed, el organismo aut\u00f3nomo conocer\u00e1 el texto del convenio entre el Departamento de Educaci\u00f3n del Gobierno de Navarra y el Ayuntamiento de Pamplona que permitir\u00e1 la creaci\u00f3n de ese ciclo, reconocimiento que viene dado gracias a los trabajos desarrollados el pasado curso para la adecuaci\u00f3n del centro a los par\u00e1metros exigidos por la actual normativa. Homologaci\u00f3n de equipamientos, eliminaci\u00f3n de elementos de riesgo y certificaci\u00f3n de los cambios acometidos han sido las tareas llevadas a cabo.<\/p>\n<p>Tanto la homologaci\u00f3n de Goiz Eder, como las de Izartegi y Mendillorri, y la que ahora se enfrenta en Haurtzaro, han sido posibles gracias al Plan de Adecuaci\u00f3n de Escuelas Infantiles, un programa que prev\u00e9 invertir en estos centros m\u00e1s de 2,3 millones de euros en cuatro a\u00f1os. Esta cifra supone multiplicar por m\u00e1s de 20 el conjunto de las inversiones que el Ayuntamiento de Pamplona hizo en la red de Escuelas Infantiles en el periodo 2011-2015, cuando se invirtieron en total 105.433 euros en obras de mejora, sin que esto supusiera adecuar los centros a lo establecido en la legislaci\u00f3n foral.<\/p>\n<p>&nbsp;<\/p>\n","protected":false},"excerpt":{"rendered":"<p>De los 12 centros municipales, siete est\u00e1n ya adaptados a esa normativa tras los trabajos realizados este a\u00f1o en Izartegi y Goiz Eder<\/p>\n","protected":false},"author":1,"featured_media":10979,"comment_status":"open","ping_status":"closed","sticky":false,"template":"","format":"standard","meta":{"footnotes":""},"categories":[2],"tags":[],"class_list":["post-14130","post","type-post","status-publish","format-standard","has-post-thumbnail","hentry","category-ayuntamiento-pamplona"],"yoast_head":"<!-- This site is optimized with the Yoast SEO plugin v27.3 - https:\/\/yoast.com\/product\/yoast-seo-wordpress\/ -->\n<title>Las obras en E.I Haurtzaro, con una inversi\u00f3n de 550.000 euros dentro del plan para adecuar escuelas infantiles a la normativa regional, comenzar\u00e1n en septiembre<\/title>\n<meta name=\"robots\" content=\"index, follow, max-snippet:-1, max-image-preview:large, max-video-preview:-1\" \/>\n<link rel=\"canonical\" href=\"https:\/\/www.laguiadepamplona.com\/actualidad\/las-obras-en-e-i-haurtzaro-con-una-inversion-de-550-000-euros-dentro-del-plan-para-adecuar-escuelas-infantiles-a-la-normativa-regional-comenzaran-en-septiembre\/\" \/>\n<meta property=\"og:locale\" content=\"es_ES\" \/>\n<meta property=\"og:type\" content=\"article\" \/>\n<meta property=\"og:title\" content=\"Las obras en E.I Haurtzaro, con una inversi\u00f3n de 550.000 euros dentro del plan para adecuar escuelas infantiles a la normativa regional, comenzar\u00e1n en septiembre\" \/>\n<meta property=\"og:description\" content=\"De los 12 centros municipales, siete est\u00e1n ya adaptados a esa normativa tras los trabajos realizados este a\u00f1o en Izartegi y Goiz Eder\" \/>\n<meta property=\"og:url\" content=\"https:\/\/www.laguiadepamplona.com\/actualidad\/las-obras-en-e-i-haurtzaro-con-una-inversion-de-550-000-euros-dentro-del-plan-para-adecuar-escuelas-infantiles-a-la-normativa-regional-comenzaran-en-septiembre\/\" \/>\n<meta property=\"og:site_name\" content=\"La Gu\u00eda de Pamplona\" \/>\n<meta property=\"article:publisher\" content=\"https:\/\/www.facebook.com\/laguiadepamplonacom-133175176762273\/?ref=hl\" \/>\n<meta property=\"article:published_time\" content=\"2017-08-31T14:21:49+00:00\" \/>\n<meta property=\"og:image\" content=\"https:\/\/www.laguiadepamplona.com\/actualidad\/wp-content\/uploads\/2016\/11\/Ayto_Pamplona.jpg\" \/>\n\t<meta property=\"og:image:width\" content=\"900\" \/>\n\t<meta property=\"og:image:height\" content=\"675\" \/>\n\t<meta property=\"og:image:type\" content=\"image\/jpeg\" \/>\n<meta name=\"author\" content=\"La Gu\u00eda de Pamplona\" \/>\n<meta name=\"twitter:card\" content=\"summary_large_image\" \/>\n<meta name=\"twitter:creator\" content=\"@LaGuiadPamplona\" \/>\n<meta name=\"twitter:site\" content=\"@LaGuiadPamplona\" \/>\n<meta name=\"twitter:label1\" content=\"Escrito por\" \/>\n\t<meta name=\"twitter:data1\" content=\"La Gu\u00eda de Pamplona\" \/>\n\t<meta name=\"twitter:label2\" content=\"Tiempo de lectura\" \/>\n\t<meta name=\"twitter:data2\" content=\"4 minutos\" \/>\n<script type=\"application\/ld+json\" class=\"yoast-schema-graph\">{\"@context\":\"https:\\\/\\\/schema.org\",\"@graph\":[{\"@type\":\"Article\",\"@id\":\"https:\\\/\\\/www.laguiadepamplona.com\\\/actualidad\\\/las-obras-en-e-i-haurtzaro-con-una-inversion-de-550-000-euros-dentro-del-plan-para-adecuar-escuelas-infantiles-a-la-normativa-regional-comenzaran-en-septiembre\\\/#article\",\"isPartOf\":{\"@id\":\"https:\\\/\\\/www.laguiadepamplona.com\\\/actualidad\\\/las-obras-en-e-i-haurtzaro-con-una-inversion-de-550-000-euros-dentro-del-plan-para-adecuar-escuelas-infantiles-a-la-normativa-regional-comenzaran-en-septiembre\\\/\"},\"author\":{\"name\":\"La Gu\u00eda de Pamplona\",\"@id\":\"https:\\\/\\\/www.laguiadepamplona.com\\\/actualidad\\\/#\\\/schema\\\/person\\\/efe887376f0213d4657c93adc50b1fdb\"},\"headline\":\"Las obras en E.I Haurtzaro, con una inversi\u00f3n de 550.000 euros dentro del plan para adecuar escuelas infantiles a la normativa regional, comenzar\u00e1n en septiembre\",\"datePublished\":\"2017-08-31T14:21:49+00:00\",\"mainEntityOfPage\":{\"@id\":\"https:\\\/\\\/www.laguiadepamplona.com\\\/actualidad\\\/las-obras-en-e-i-haurtzaro-con-una-inversion-de-550-000-euros-dentro-del-plan-para-adecuar-escuelas-infantiles-a-la-normativa-regional-comenzaran-en-septiembre\\\/\"},\"wordCount\":769,\"commentCount\":0,\"publisher\":{\"@id\":\"https:\\\/\\\/www.laguiadepamplona.com\\\/actualidad\\\/#organization\"},\"image\":{\"@id\":\"https:\\\/\\\/www.laguiadepamplona.com\\\/actualidad\\\/las-obras-en-e-i-haurtzaro-con-una-inversion-de-550-000-euros-dentro-del-plan-para-adecuar-escuelas-infantiles-a-la-normativa-regional-comenzaran-en-septiembre\\\/#primaryimage\"},\"thumbnailUrl\":\"https:\\\/\\\/www.laguiadepamplona.com\\\/actualidad\\\/wp-content\\\/uploads\\\/2016\\\/11\\\/Ayto_Pamplona.jpg\",\"articleSection\":[\"Ayto Pamplona\"],\"inLanguage\":\"es\",\"potentialAction\":[{\"@type\":\"CommentAction\",\"name\":\"Comment\",\"target\":[\"https:\\\/\\\/www.laguiadepamplona.com\\\/actualidad\\\/las-obras-en-e-i-haurtzaro-con-una-inversion-de-550-000-euros-dentro-del-plan-para-adecuar-escuelas-infantiles-a-la-normativa-regional-comenzaran-en-septiembre\\\/#respond\"]}]},{\"@type\":\"WebPage\",\"@id\":\"https:\\\/\\\/www.laguiadepamplona.com\\\/actualidad\\\/las-obras-en-e-i-haurtzaro-con-una-inversion-de-550-000-euros-dentro-del-plan-para-adecuar-escuelas-infantiles-a-la-normativa-regional-comenzaran-en-septiembre\\\/\",\"url\":\"https:\\\/\\\/www.laguiadepamplona.com\\\/actualidad\\\/las-obras-en-e-i-haurtzaro-con-una-inversion-de-550-000-euros-dentro-del-plan-para-adecuar-escuelas-infantiles-a-la-normativa-regional-comenzaran-en-septiembre\\\/\",\"name\":\"Las obras en E.I Haurtzaro, con una inversi\u00f3n de 550.000 euros dentro del plan para adecuar escuelas infantiles a la normativa regional, comenzar\u00e1n en septiembre\",\"isPartOf\":{\"@id\":\"https:\\\/\\\/www.laguiadepamplona.com\\\/actualidad\\\/#website\"},\"primaryImageOfPage\":{\"@id\":\"https:\\\/\\\/www.laguiadepamplona.com\\\/actualidad\\\/las-obras-en-e-i-haurtzaro-con-una-inversion-de-550-000-euros-dentro-del-plan-para-adecuar-escuelas-infantiles-a-la-normativa-regional-comenzaran-en-septiembre\\\/#primaryimage\"},\"image\":{\"@id\":\"https:\\\/\\\/www.laguiadepamplona.com\\\/actualidad\\\/las-obras-en-e-i-haurtzaro-con-una-inversion-de-550-000-euros-dentro-del-plan-para-adecuar-escuelas-infantiles-a-la-normativa-regional-comenzaran-en-septiembre\\\/#primaryimage\"},\"thumbnailUrl\":\"https:\\\/\\\/www.laguiadepamplona.com\\\/actualidad\\\/wp-content\\\/uploads\\\/2016\\\/11\\\/Ayto_Pamplona.jpg\",\"datePublished\":\"2017-08-31T14:21:49+00:00\",\"breadcrumb\":{\"@id\":\"https:\\\/\\\/www.laguiadepamplona.com\\\/actualidad\\\/las-obras-en-e-i-haurtzaro-con-una-inversion-de-550-000-euros-dentro-del-plan-para-adecuar-escuelas-infantiles-a-la-normativa-regional-comenzaran-en-septiembre\\\/#breadcrumb\"},\"inLanguage\":\"es\",\"potentialAction\":[{\"@type\":\"ReadAction\",\"target\":[\"https:\\\/\\\/www.laguiadepamplona.com\\\/actualidad\\\/las-obras-en-e-i-haurtzaro-con-una-inversion-de-550-000-euros-dentro-del-plan-para-adecuar-escuelas-infantiles-a-la-normativa-regional-comenzaran-en-septiembre\\\/\"]}]},{\"@type\":\"ImageObject\",\"inLanguage\":\"es\",\"@id\":\"https:\\\/\\\/www.laguiadepamplona.com\\\/actualidad\\\/las-obras-en-e-i-haurtzaro-con-una-inversion-de-550-000-euros-dentro-del-plan-para-adecuar-escuelas-infantiles-a-la-normativa-regional-comenzaran-en-septiembre\\\/#primaryimage\",\"url\":\"https:\\\/\\\/www.laguiadepamplona.com\\\/actualidad\\\/wp-content\\\/uploads\\\/2016\\\/11\\\/Ayto_Pamplona.jpg\",\"contentUrl\":\"https:\\\/\\\/www.laguiadepamplona.com\\\/actualidad\\\/wp-content\\\/uploads\\\/2016\\\/11\\\/Ayto_Pamplona.jpg\",\"width\":900,\"height\":675},{\"@type\":\"BreadcrumbList\",\"@id\":\"https:\\\/\\\/www.laguiadepamplona.com\\\/actualidad\\\/las-obras-en-e-i-haurtzaro-con-una-inversion-de-550-000-euros-dentro-del-plan-para-adecuar-escuelas-infantiles-a-la-normativa-regional-comenzaran-en-septiembre\\\/#breadcrumb\",\"itemListElement\":[{\"@type\":\"ListItem\",\"position\":1,\"name\":\"Portada\",\"item\":\"https:\\\/\\\/www.laguiadepamplona.com\\\/actualidad\\\/\"},{\"@type\":\"ListItem\",\"position\":2,\"name\":\"Las obras en E.I Haurtzaro, con una inversi\u00f3n de 550.000 euros dentro del plan para adecuar escuelas infantiles a la normativa regional, comenzar\u00e1n en septiembre\"}]},{\"@type\":\"WebSite\",\"@id\":\"https:\\\/\\\/www.laguiadepamplona.com\\\/actualidad\\\/#website\",\"url\":\"https:\\\/\\\/www.laguiadepamplona.com\\\/actualidad\\\/\",\"name\":\"La gu\u00eda de Pamplona\",\"description\":\"Noticias de Pamplona\",\"publisher\":{\"@id\":\"https:\\\/\\\/www.laguiadepamplona.com\\\/actualidad\\\/#organization\"},\"potentialAction\":[{\"@type\":\"SearchAction\",\"target\":{\"@type\":\"EntryPoint\",\"urlTemplate\":\"https:\\\/\\\/www.laguiadepamplona.com\\\/actualidad\\\/?s={search_term_string}\"},\"query-input\":{\"@type\":\"PropertyValueSpecification\",\"valueRequired\":true,\"valueName\":\"search_term_string\"}}],\"inLanguage\":\"es\"},{\"@type\":\"Organization\",\"@id\":\"https:\\\/\\\/www.laguiadepamplona.com\\\/actualidad\\\/#organization\",\"name\":\"La Gu\u00eda de Pamplona \\\/ Noticias\",\"url\":\"https:\\\/\\\/www.laguiadepamplona.com\\\/actualidad\\\/\",\"logo\":{\"@type\":\"ImageObject\",\"inLanguage\":\"es\",\"@id\":\"https:\\\/\\\/www.laguiadepamplona.com\\\/actualidad\\\/#\\\/schema\\\/logo\\\/image\\\/\",\"url\":\"https:\\\/\\\/www.laguiadepamplona.com\\\/actualidad\\\/wp-content\\\/uploads\\\/2018\\\/11\\\/logo-laguiadepamplona18-web1.png\",\"contentUrl\":\"https:\\\/\\\/www.laguiadepamplona.com\\\/actualidad\\\/wp-content\\\/uploads\\\/2018\\\/11\\\/logo-laguiadepamplona18-web1.png\",\"width\":600,\"height\":196,\"caption\":\"La Gu\u00eda de Pamplona \\\/ Noticias\"},\"image\":{\"@id\":\"https:\\\/\\\/www.laguiadepamplona.com\\\/actualidad\\\/#\\\/schema\\\/logo\\\/image\\\/\"},\"sameAs\":[\"https:\\\/\\\/www.facebook.com\\\/laguiadepamplonacom-133175176762273\\\/?ref=hl\",\"https:\\\/\\\/x.com\\\/LaGuiadPamplona\",\"https:\\\/\\\/www.instagram.com\\\/la_guia_de_pamplona\\\/\",\"https:\\\/\\\/www.youtube.com\\\/user\\\/laguiadepamplona\"]},{\"@type\":\"Person\",\"@id\":\"https:\\\/\\\/www.laguiadepamplona.com\\\/actualidad\\\/#\\\/schema\\\/person\\\/efe887376f0213d4657c93adc50b1fdb\",\"name\":\"La Gu\u00eda de Pamplona\",\"image\":{\"@type\":\"ImageObject\",\"inLanguage\":\"es\",\"@id\":\"https:\\\/\\\/secure.gravatar.com\\\/avatar\\\/b6992f131dc8d30ab0dff15446e9d346d9dbd95992de0fef795073f5ea83a81c?s=96&d=mm&r=g\",\"url\":\"https:\\\/\\\/secure.gravatar.com\\\/avatar\\\/b6992f131dc8d30ab0dff15446e9d346d9dbd95992de0fef795073f5ea83a81c?s=96&d=mm&r=g\",\"contentUrl\":\"https:\\\/\\\/secure.gravatar.com\\\/avatar\\\/b6992f131dc8d30ab0dff15446e9d346d9dbd95992de0fef795073f5ea83a81c?s=96&d=mm&r=g\",\"caption\":\"La Gu\u00eda de Pamplona\"}}]}<\/script>\n<!-- \/ Yoast SEO plugin. -->","yoast_head_json":{"title":"Las obras en E.I Haurtzaro, con una inversi\u00f3n de 550.000 euros dentro del plan para adecuar escuelas infantiles a la normativa regional, comenzar\u00e1n en septiembre","robots":{"index":"index","follow":"follow","max-snippet":"max-snippet:-1","max-image-preview":"max-image-preview:large","max-video-preview":"max-video-preview:-1"},"canonical":"https:\/\/www.laguiadepamplona.com\/actualidad\/las-obras-en-e-i-haurtzaro-con-una-inversion-de-550-000-euros-dentro-del-plan-para-adecuar-escuelas-infantiles-a-la-normativa-regional-comenzaran-en-septiembre\/","og_locale":"es_ES","og_type":"article","og_title":"Las obras en E.I Haurtzaro, con una inversi\u00f3n de 550.000 euros dentro del plan para adecuar escuelas infantiles a la normativa regional, comenzar\u00e1n en septiembre","og_description":"De los 12 centros municipales, siete est\u00e1n ya adaptados a esa normativa tras los trabajos realizados este a\u00f1o en Izartegi y Goiz Eder","og_url":"https:\/\/www.laguiadepamplona.com\/actualidad\/las-obras-en-e-i-haurtzaro-con-una-inversion-de-550-000-euros-dentro-del-plan-para-adecuar-escuelas-infantiles-a-la-normativa-regional-comenzaran-en-septiembre\/","og_site_name":"La Gu\u00eda de Pamplona","article_publisher":"https:\/\/www.facebook.com\/laguiadepamplonacom-133175176762273\/?ref=hl","article_published_time":"2017-08-31T14:21:49+00:00","og_image":[{"width":900,"height":675,"url":"https:\/\/www.laguiadepamplona.com\/actualidad\/wp-content\/uploads\/2016\/11\/Ayto_Pamplona.jpg","type":"image\/jpeg"}],"author":"La Gu\u00eda de Pamplona","twitter_card":"summary_large_image","twitter_creator":"@LaGuiadPamplona","twitter_site":"@LaGuiadPamplona","twitter_misc":{"Escrito por":"La Gu\u00eda de Pamplona","Tiempo de lectura":"4 minutos"},"schema":{"@context":"https:\/\/schema.org","@graph":[{"@type":"Article","@id":"https:\/\/www.laguiadepamplona.com\/actualidad\/las-obras-en-e-i-haurtzaro-con-una-inversion-de-550-000-euros-dentro-del-plan-para-adecuar-escuelas-infantiles-a-la-normativa-regional-comenzaran-en-septiembre\/#article","isPartOf":{"@id":"https:\/\/www.laguiadepamplona.com\/actualidad\/las-obras-en-e-i-haurtzaro-con-una-inversion-de-550-000-euros-dentro-del-plan-para-adecuar-escuelas-infantiles-a-la-normativa-regional-comenzaran-en-septiembre\/"},"author":{"name":"La Gu\u00eda de Pamplona","@id":"https:\/\/www.laguiadepamplona.com\/actualidad\/#\/schema\/person\/efe887376f0213d4657c93adc50b1fdb"},"headline":"Las obras en E.I Haurtzaro, con una inversi\u00f3n de 550.000 euros dentro del plan para adecuar escuelas infantiles a la normativa regional, comenzar\u00e1n en septiembre","datePublished":"2017-08-31T14:21:49+00:00","mainEntityOfPage":{"@id":"https:\/\/www.laguiadepamplona.com\/actualidad\/las-obras-en-e-i-haurtzaro-con-una-inversion-de-550-000-euros-dentro-del-plan-para-adecuar-escuelas-infantiles-a-la-normativa-regional-comenzaran-en-septiembre\/"},"wordCount":769,"commentCount":0,"publisher":{"@id":"https:\/\/www.laguiadepamplona.com\/actualidad\/#organization"},"image":{"@id":"https:\/\/www.laguiadepamplona.com\/actualidad\/las-obras-en-e-i-haurtzaro-con-una-inversion-de-550-000-euros-dentro-del-plan-para-adecuar-escuelas-infantiles-a-la-normativa-regional-comenzaran-en-septiembre\/#primaryimage"},"thumbnailUrl":"https:\/\/www.laguiadepamplona.com\/actualidad\/wp-content\/uploads\/2016\/11\/Ayto_Pamplona.jpg","articleSection":["Ayto Pamplona"],"inLanguage":"es","potentialAction":[{"@type":"CommentAction","name":"Comment","target":["https:\/\/www.laguiadepamplona.com\/actualidad\/las-obras-en-e-i-haurtzaro-con-una-inversion-de-550-000-euros-dentro-del-plan-para-adecuar-escuelas-infantiles-a-la-normativa-regional-comenzaran-en-septiembre\/#respond"]}]},{"@type":"WebPage","@id":"https:\/\/www.laguiadepamplona.com\/actualidad\/las-obras-en-e-i-haurtzaro-con-una-inversion-de-550-000-euros-dentro-del-plan-para-adecuar-escuelas-infantiles-a-la-normativa-regional-comenzaran-en-septiembre\/","url":"https:\/\/www.laguiadepamplona.com\/actualidad\/las-obras-en-e-i-haurtzaro-con-una-inversion-de-550-000-euros-dentro-del-plan-para-adecuar-escuelas-infantiles-a-la-normativa-regional-comenzaran-en-septiembre\/","name":"Las obras en E.I Haurtzaro, con una inversi\u00f3n de 550.000 euros dentro del plan para adecuar escuelas infantiles a la normativa regional, comenzar\u00e1n en septiembre","isPartOf":{"@id":"https:\/\/www.laguiadepamplona.com\/actualidad\/#website"},"primaryImageOfPage":{"@id":"https:\/\/www.laguiadepamplona.com\/actualidad\/las-obras-en-e-i-haurtzaro-con-una-inversion-de-550-000-euros-dentro-del-plan-para-adecuar-escuelas-infantiles-a-la-normativa-regional-comenzaran-en-septiembre\/#primaryimage"},"image":{"@id":"https:\/\/www.laguiadepamplona.com\/actualidad\/las-obras-en-e-i-haurtzaro-con-una-inversion-de-550-000-euros-dentro-del-plan-para-adecuar-escuelas-infantiles-a-la-normativa-regional-comenzaran-en-septiembre\/#primaryimage"},"thumbnailUrl":"https:\/\/www.laguiadepamplona.com\/actualidad\/wp-content\/uploads\/2016\/11\/Ayto_Pamplona.jpg","datePublished":"2017-08-31T14:21:49+00:00","breadcrumb":{"@id":"https:\/\/www.laguiadepamplona.com\/actualidad\/las-obras-en-e-i-haurtzaro-con-una-inversion-de-550-000-euros-dentro-del-plan-para-adecuar-escuelas-infantiles-a-la-normativa-regional-comenzaran-en-septiembre\/#breadcrumb"},"inLanguage":"es","potentialAction":[{"@type":"ReadAction","target":["https:\/\/www.laguiadepamplona.com\/actualidad\/las-obras-en-e-i-haurtzaro-con-una-inversion-de-550-000-euros-dentro-del-plan-para-adecuar-escuelas-infantiles-a-la-normativa-regional-comenzaran-en-septiembre\/"]}]},{"@type":"ImageObject","inLanguage":"es","@id":"https:\/\/www.laguiadepamplona.com\/actualidad\/las-obras-en-e-i-haurtzaro-con-una-inversion-de-550-000-euros-dentro-del-plan-para-adecuar-escuelas-infantiles-a-la-normativa-regional-comenzaran-en-septiembre\/#primaryimage","url":"https:\/\/www.laguiadepamplona.com\/actualidad\/wp-content\/uploads\/2016\/11\/Ayto_Pamplona.jpg","contentUrl":"https:\/\/www.laguiadepamplona.com\/actualidad\/wp-content\/uploads\/2016\/11\/Ayto_Pamplona.jpg","width":900,"height":675},{"@type":"BreadcrumbList","@id":"https:\/\/www.laguiadepamplona.com\/actualidad\/las-obras-en-e-i-haurtzaro-con-una-inversion-de-550-000-euros-dentro-del-plan-para-adecuar-escuelas-infantiles-a-la-normativa-regional-comenzaran-en-septiembre\/#breadcrumb","itemListElement":[{"@type":"ListItem","position":1,"name":"Portada","item":"https:\/\/www.laguiadepamplona.com\/actualidad\/"},{"@type":"ListItem","position":2,"name":"Las obras en E.I Haurtzaro, con una inversi\u00f3n de 550.000 euros dentro del plan para adecuar escuelas infantiles a la normativa regional, comenzar\u00e1n en septiembre"}]},{"@type":"WebSite","@id":"https:\/\/www.laguiadepamplona.com\/actualidad\/#website","url":"https:\/\/www.laguiadepamplona.com\/actualidad\/","name":"La gu\u00eda de Pamplona","description":"Noticias de Pamplona","publisher":{"@id":"https:\/\/www.laguiadepamplona.com\/actualidad\/#organization"},"potentialAction":[{"@type":"SearchAction","target":{"@type":"EntryPoint","urlTemplate":"https:\/\/www.laguiadepamplona.com\/actualidad\/?s={search_term_string}"},"query-input":{"@type":"PropertyValueSpecification","valueRequired":true,"valueName":"search_term_string"}}],"inLanguage":"es"},{"@type":"Organization","@id":"https:\/\/www.laguiadepamplona.com\/actualidad\/#organization","name":"La Gu\u00eda de Pamplona \/ Noticias","url":"https:\/\/www.laguiadepamplona.com\/actualidad\/","logo":{"@type":"ImageObject","inLanguage":"es","@id":"https:\/\/www.laguiadepamplona.com\/actualidad\/#\/schema\/logo\/image\/","url":"https:\/\/www.laguiadepamplona.com\/actualidad\/wp-content\/uploads\/2018\/11\/logo-laguiadepamplona18-web1.png","contentUrl":"https:\/\/www.laguiadepamplona.com\/actualidad\/wp-content\/uploads\/2018\/11\/logo-laguiadepamplona18-web1.png","width":600,"height":196,"caption":"La Gu\u00eda de Pamplona \/ Noticias"},"image":{"@id":"https:\/\/www.laguiadepamplona.com\/actualidad\/#\/schema\/logo\/image\/"},"sameAs":["https:\/\/www.facebook.com\/laguiadepamplonacom-133175176762273\/?ref=hl","https:\/\/x.com\/LaGuiadPamplona","https:\/\/www.instagram.com\/la_guia_de_pamplona\/","https:\/\/www.youtube.com\/user\/laguiadepamplona"]},{"@type":"Person","@id":"https:\/\/www.laguiadepamplona.com\/actualidad\/#\/schema\/person\/efe887376f0213d4657c93adc50b1fdb","name":"La Gu\u00eda de Pamplona","image":{"@type":"ImageObject","inLanguage":"es","@id":"https:\/\/secure.gravatar.com\/avatar\/b6992f131dc8d30ab0dff15446e9d346d9dbd95992de0fef795073f5ea83a81c?s=96&d=mm&r=g","url":"https:\/\/secure.gravatar.com\/avatar\/b6992f131dc8d30ab0dff15446e9d346d9dbd95992de0fef795073f5ea83a81c?s=96&d=mm&r=g","contentUrl":"https:\/\/secure.gravatar.com\/avatar\/b6992f131dc8d30ab0dff15446e9d346d9dbd95992de0fef795073f5ea83a81c?s=96&d=mm&r=g","caption":"La Gu\u00eda de Pamplona"}}]}},"post_mailing_queue_ids":[],"_links":{"self":[{"href":"https:\/\/www.laguiadepamplona.com\/actualidad\/wp-json\/wp\/v2\/posts\/14130","targetHints":{"allow":["GET"]}}],"collection":[{"href":"https:\/\/www.laguiadepamplona.com\/actualidad\/wp-json\/wp\/v2\/posts"}],"about":[{"href":"https:\/\/www.laguiadepamplona.com\/actualidad\/wp-json\/wp\/v2\/types\/post"}],"author":[{"embeddable":true,"href":"https:\/\/www.laguiadepamplona.com\/actualidad\/wp-json\/wp\/v2\/users\/1"}],"replies":[{"embeddable":true,"href":"https:\/\/www.laguiadepamplona.com\/actualidad\/wp-json\/wp\/v2\/comments?post=14130"}],"version-history":[{"count":0,"href":"https:\/\/www.laguiadepamplona.com\/actualidad\/wp-json\/wp\/v2\/posts\/14130\/revisions"}],"wp:featuredmedia":[{"embeddable":true,"href":"https:\/\/www.laguiadepamplona.com\/actualidad\/wp-json\/wp\/v2\/media\/10979"}],"wp:attachment":[{"href":"https:\/\/www.laguiadepamplona.com\/actualidad\/wp-json\/wp\/v2\/media?parent=14130"}],"wp:term":[{"taxonomy":"category","embeddable":true,"href":"https:\/\/www.laguiadepamplona.com\/actualidad\/wp-json\/wp\/v2\/categories?post=14130"},{"taxonomy":"post_tag","embeddable":true,"href":"https:\/\/www.laguiadepamplona.com\/actualidad\/wp-json\/wp\/v2\/tags?post=14130"}],"curies":[{"name":"wp","href":"https:\/\/api.w.org\/{rel}","templated":true}]}}