{"id":1344,"date":"2014-04-25T12:10:57","date_gmt":"2014-04-25T11:10:57","guid":{"rendered":"http:\/\/laguiadepamplona.es\/noticias\/?p=1344"},"modified":"2014-04-25T12:10:57","modified_gmt":"2014-04-25T11:10:57","slug":"la-iglesia-de-san-lorenzo-acogera-este-domingo-una-misa-flamenca-en-honor-al-guitarrista-pamplones-sabicas-en-el-dia-de-la-comunidad-gitana-de-navarra","status":"publish","type":"post","link":"https:\/\/www.laguiadepamplona.com\/actualidad\/la-iglesia-de-san-lorenzo-acogera-este-domingo-una-misa-flamenca-en-honor-al-guitarrista-pamplones-sabicas-en-el-dia-de-la-comunidad-gitana-de-navarra\/","title":{"rendered":"La Iglesia de San Lorenzo acoger\u00e1 este domingo una \u2018Misa flamenca\u2019 en honor al guitarrista pamplon\u00e9s Sabicas en el D\u00eda de la Comunidad Gitana de Navarra"},"content":{"rendered":"<h5>Este acto pone fin a as actividades de \u2018Abril, mes de la cultura gitana\u2019<\/h5>\n<p><a href=\"http:\/\/laguiadepamplona.es\/noticias\/wp-content\/uploads\/2014\/04\/misa_flamenca_14_cartel.jpg\"><img loading=\"lazy\" decoding=\"async\" class=\"alignleft size-medium wp-image-1345\" src=\"http:\/\/laguiadepamplona.es\/noticias\/wp-content\/uploads\/2014\/04\/misa_flamenca_14_cartel-213x300.jpg\" alt=\"misa_flamenca_14_cartel\" width=\"213\" height=\"300\" \/><\/a>Un 27 de abril de hace seis siglos la reina Do\u00f1a Blanca recibi\u00f3 a los gitanos en el Castillo de Olite. Es, oficialmente, la fecha de su llegada a Navarra y, desde 2007, esa jornada se celebra el \u2018D\u00eda de la Comunidad Gitana de Navarra\u2019. <strong>Este domingo la Capilla de San Ferm\u00edn de la Iglesia de San Lorenzo acoger\u00e1, a las 12.45 horas, una \u2018Misa flamenca\u2019 en honor a Sabicas<\/strong> que se viene celebrando desde 2012, a\u00f1o en que se conmemor\u00f3 el centenario de la muerte del guitarrista pamplon\u00e9s m\u00e1s internacional.<\/p>\n<p>Cuatro voces flamencas, guitarras, percusiones y teclados de j\u00f3venes interpretes navarros pondr\u00e1n el sabor de la Comunidad Gitana. Combinando alabanzas, tangos, tientos, interpretar\u00e1n canciones en distintas partes de la misa. Estar\u00e1n arropados por Pepe \u2018El Habichuela\u2019 y Paco Su\u00e1rez, que han sido especialmente invitados este a\u00f1o al rito lit\u00fargico. El Habichuela es uno de los pocos guitarristas vivos que conoci\u00f3 al maestro pamplon\u00e9s y Paco Su\u00e1rez, creador y director titular desde 2001 de la European Romani Symphonic Orquestra, tiene en su trayectoria 25 misas flamencas.<\/p>\n<p>Este \u2018Requiem\u2019 es por Agust\u00edn Castell\u00f3n Campos \u2018Sabicas\u2019, guitarrista autodidacta, gitano universal y precursor del flamenco actual, naci\u00f3 el 16 de marzo de 1912 en Pamplona y falleci\u00f3 en Nueva York el 14 de abril de 1990. M\u00e1s de la mitad de su vida la pas\u00f3 fuera de Espa\u00f1a, primero en M\u00e9xico y luego en Estados Unidos, aunque siempre presumi\u00f3 de sus or\u00edgenes pamploneses. Su apodo, al parecer, deriva de su pasi\u00f3n por las habas que cocinaba su madre.<\/p>\n<p>La Misa, que est\u00e1 previsto que dure entre 60 y 75 minutos, estar\u00e1 oficiada por el delegado de la Pastoral Gitana, Javier Albilla, y pondr\u00e1 fin al ciclo de actividades \u2018Abril, mes de la cultura gitana\u2019 que comenz\u00f3 el pasado d\u00eda 8 de abril. Es el tercer a\u00f1o que se celebra este conjunto de actividades, abiertas a la ciudadan\u00eda en general, y entre las que se han encontrado la \u2018Ceremonia del R\u00edo\u2019, la presentaci\u00f3n del v\u00eddeo \u201cChavorr\u00f3s y Chavorr\u00eds con Sabicas\u201d en la Casa de la Juventud del Ayuntamiento de Pamplona o una recepci\u00f3n oficial en el Parlamento Foral.<\/p>\n<p><strong>Los m\u00fasicos intervinientes<\/strong><\/p>\n<ul>\n<li>Juan Luis Mu\u00f1oz Berrio (El Jolis)\u00a0\u00a0\u00a0\u00a0\u00a0\u00a0\u00a0\u00a0\u00a0\u00a0\u00a0 voz<\/li>\n<li>\u00c1ngel Echeverr\u00eda Jim\u00e9nez (Ocray)\u00a0\u00a0\u00a0\u00a0\u00a0\u00a0\u00a0\u00a0 voz<\/li>\n<li>Pedro Alfonso Jim\u00e9nez Roig\u00a0\u00a0\u00a0\u00a0\u00a0\u00a0\u00a0\u00a0\u00a0\u00a0\u00a0\u00a0\u00a0\u00a0\u00a0\u00a0\u00a0\u00a0 voz<\/li>\n<li>Pedro Juan Jim\u00e9nez Roig (El Lele) \u00a0\u00a0\u00a0\u00a0\u00a0\u00a0\u00a0 voz<\/li>\n<li>Rafael Borja Ferreduela\u00a0\u00a0\u00a0\u00a0\u00a0\u00a0\u00a0\u00a0\u00a0\u00a0\u00a0\u00a0\u00a0\u00a0\u00a0\u00a0\u00a0\u00a0\u00a0\u00a0\u00a0\u00a0\u00a0\u00a0\u00a0\u00a0 guitarra<\/li>\n<li>Pedro Planillo Abajo\u00a0\u00a0\u00a0\u00a0\u00a0\u00a0\u00a0\u00a0\u00a0\u00a0\u00a0\u00a0\u00a0\u00a0\u00a0\u00a0\u00a0\u00a0\u00a0\u00a0\u00a0\u00a0\u00a0\u00a0\u00a0\u00a0\u00a0\u00a0\u00a0\u00a0\u00a0\u00a0 guitarra<\/li>\n<li>Javier V\u00e1zquez Jim\u00e9nez\u00a0\u00a0\u00a0\u00a0\u00a0\u00a0\u00a0\u00a0\u00a0\u00a0\u00a0\u00a0\u00a0\u00a0\u00a0\u00a0\u00a0\u00a0\u00a0\u00a0\u00a0\u00a0\u00a0\u00a0\u00a0 teclado<\/li>\n<li>I\u00f1aki V\u00e1zquez Jim\u00e9nez\u00a0\u00a0\u00a0\u00a0\u00a0\u00a0\u00a0\u00a0\u00a0\u00a0\u00a0\u00a0\u00a0\u00a0\u00a0\u00a0\u00a0\u00a0\u00a0\u00a0\u00a0\u00a0\u00a0\u00a0\u00a0\u00a0\u00a0 percusi\u00f3n<\/li>\n<\/ul>\n<p>&nbsp;<\/p>\n","protected":false},"excerpt":{"rendered":"<p>Este acto pone fin a as actividades de \u2018Abril, mes de la cultura gitana\u2019 Un 27 de abril de hace seis siglos la reina Do\u00f1a Blanca recibi\u00f3 a los gitanos&#8230;<\/p>\n","protected":false},"author":1,"featured_media":1345,"comment_status":"open","ping_status":"open","sticky":false,"template":"","format":"standard","meta":{"footnotes":""},"categories":[2],"tags":[5,6,509,966,967,968,8,9],"class_list":["post-1344","post","type-post","status-publish","format-standard","has-post-thumbnail","hentry","category-ayuntamiento-pamplona","tag-actualidad","tag-ayto-pamplona","tag-ayuntamiento-de-pamplona","tag-dia-de-la-comunidad-gitana-de-navarra","tag-honor-a-sabicas","tag-misa-flamenca","tag-noticias","tag-pamplona"],"yoast_head":"<!-- This site is optimized with the Yoast SEO plugin v27.5 - https:\/\/yoast.com\/product\/yoast-seo-wordpress\/ -->\n<title>La Iglesia de San Lorenzo acoger\u00e1 este domingo una \u2018Misa flamenca\u2019 en honor al guitarrista pamplon\u00e9s Sabicas en el D\u00eda de la Comunidad Gitana de Navarra<\/title>\n<meta name=\"robots\" content=\"index, follow, max-snippet:-1, max-image-preview:large, max-video-preview:-1\" \/>\n<link rel=\"canonical\" href=\"https:\/\/www.laguiadepamplona.com\/actualidad\/la-iglesia-de-san-lorenzo-acogera-este-domingo-una-misa-flamenca-en-honor-al-guitarrista-pamplones-sabicas-en-el-dia-de-la-comunidad-gitana-de-navarra\/\" \/>\n<meta property=\"og:locale\" content=\"es_ES\" \/>\n<meta property=\"og:type\" content=\"article\" \/>\n<meta property=\"og:title\" content=\"La Iglesia de San Lorenzo acoger\u00e1 este domingo una \u2018Misa flamenca\u2019 en honor al guitarrista pamplon\u00e9s Sabicas en el D\u00eda de la Comunidad Gitana de Navarra\" \/>\n<meta property=\"og:description\" content=\"Este acto pone fin a as actividades de \u2018Abril, mes de la cultura gitana\u2019 Un 27 de abril de hace seis siglos la reina Do\u00f1a Blanca recibi\u00f3 a los gitanos...\" \/>\n<meta property=\"og:url\" content=\"https:\/\/www.laguiadepamplona.com\/actualidad\/la-iglesia-de-san-lorenzo-acogera-este-domingo-una-misa-flamenca-en-honor-al-guitarrista-pamplones-sabicas-en-el-dia-de-la-comunidad-gitana-de-navarra\/\" \/>\n<meta property=\"og:site_name\" content=\"La Gu\u00eda de Pamplona\" \/>\n<meta property=\"article:publisher\" content=\"https:\/\/www.facebook.com\/laguiadepamplonacom-133175176762273\/?ref=hl\" \/>\n<meta property=\"article:published_time\" content=\"2014-04-25T11:10:57+00:00\" \/>\n<meta name=\"author\" content=\"La Gu\u00eda de Pamplona\" \/>\n<meta name=\"twitter:card\" content=\"summary_large_image\" \/>\n<meta name=\"twitter:creator\" content=\"@LaGuiadPamplona\" \/>\n<meta name=\"twitter:site\" content=\"@LaGuiadPamplona\" \/>\n<meta name=\"twitter:label1\" content=\"Escrito por\" \/>\n\t<meta name=\"twitter:data1\" content=\"La Gu\u00eda de Pamplona\" \/>\n\t<meta name=\"twitter:label2\" content=\"Tiempo de lectura\" \/>\n\t<meta name=\"twitter:data2\" content=\"2 minutos\" \/>\n<script type=\"application\/ld+json\" class=\"yoast-schema-graph\">{\"@context\":\"https:\\\/\\\/schema.org\",\"@graph\":[{\"@type\":\"Article\",\"@id\":\"https:\\\/\\\/www.laguiadepamplona.com\\\/actualidad\\\/la-iglesia-de-san-lorenzo-acogera-este-domingo-una-misa-flamenca-en-honor-al-guitarrista-pamplones-sabicas-en-el-dia-de-la-comunidad-gitana-de-navarra\\\/#article\",\"isPartOf\":{\"@id\":\"https:\\\/\\\/www.laguiadepamplona.com\\\/actualidad\\\/la-iglesia-de-san-lorenzo-acogera-este-domingo-una-misa-flamenca-en-honor-al-guitarrista-pamplones-sabicas-en-el-dia-de-la-comunidad-gitana-de-navarra\\\/\"},\"author\":{\"name\":\"La Gu\u00eda de Pamplona\",\"@id\":\"https:\\\/\\\/www.laguiadepamplona.com\\\/actualidad\\\/#\\\/schema\\\/person\\\/efe887376f0213d4657c93adc50b1fdb\"},\"headline\":\"La Iglesia de San Lorenzo acoger\u00e1 este domingo una \u2018Misa flamenca\u2019 en honor al guitarrista pamplon\u00e9s Sabicas en el D\u00eda de la Comunidad Gitana de Navarra\",\"datePublished\":\"2014-04-25T11:10:57+00:00\",\"mainEntityOfPage\":{\"@id\":\"https:\\\/\\\/www.laguiadepamplona.com\\\/actualidad\\\/la-iglesia-de-san-lorenzo-acogera-este-domingo-una-misa-flamenca-en-honor-al-guitarrista-pamplones-sabicas-en-el-dia-de-la-comunidad-gitana-de-navarra\\\/\"},\"wordCount\":470,\"commentCount\":0,\"publisher\":{\"@id\":\"https:\\\/\\\/www.laguiadepamplona.com\\\/actualidad\\\/#organization\"},\"image\":{\"@id\":\"https:\\\/\\\/www.laguiadepamplona.com\\\/actualidad\\\/la-iglesia-de-san-lorenzo-acogera-este-domingo-una-misa-flamenca-en-honor-al-guitarrista-pamplones-sabicas-en-el-dia-de-la-comunidad-gitana-de-navarra\\\/#primaryimage\"},\"thumbnailUrl\":\"\",\"keywords\":[\"actualidad\",\"ayto pamplona\",\"Ayuntamiento de Pamplona\",\"D\u00eda de la Comunidad Gitana de Navarra\",\"honor a Sabicas\",\"Misa flamenca\",\"noticias\",\"pamplona\"],\"articleSection\":[\"Ayto Pamplona\"],\"inLanguage\":\"es\",\"potentialAction\":[{\"@type\":\"CommentAction\",\"name\":\"Comment\",\"target\":[\"https:\\\/\\\/www.laguiadepamplona.com\\\/actualidad\\\/la-iglesia-de-san-lorenzo-acogera-este-domingo-una-misa-flamenca-en-honor-al-guitarrista-pamplones-sabicas-en-el-dia-de-la-comunidad-gitana-de-navarra\\\/#respond\"]}]},{\"@type\":\"WebPage\",\"@id\":\"https:\\\/\\\/www.laguiadepamplona.com\\\/actualidad\\\/la-iglesia-de-san-lorenzo-acogera-este-domingo-una-misa-flamenca-en-honor-al-guitarrista-pamplones-sabicas-en-el-dia-de-la-comunidad-gitana-de-navarra\\\/\",\"url\":\"https:\\\/\\\/www.laguiadepamplona.com\\\/actualidad\\\/la-iglesia-de-san-lorenzo-acogera-este-domingo-una-misa-flamenca-en-honor-al-guitarrista-pamplones-sabicas-en-el-dia-de-la-comunidad-gitana-de-navarra\\\/\",\"name\":\"La Iglesia de San Lorenzo acoger\u00e1 este domingo una \u2018Misa flamenca\u2019 en honor al guitarrista pamplon\u00e9s Sabicas en el D\u00eda de la Comunidad Gitana de Navarra\",\"isPartOf\":{\"@id\":\"https:\\\/\\\/www.laguiadepamplona.com\\\/actualidad\\\/#website\"},\"primaryImageOfPage\":{\"@id\":\"https:\\\/\\\/www.laguiadepamplona.com\\\/actualidad\\\/la-iglesia-de-san-lorenzo-acogera-este-domingo-una-misa-flamenca-en-honor-al-guitarrista-pamplones-sabicas-en-el-dia-de-la-comunidad-gitana-de-navarra\\\/#primaryimage\"},\"image\":{\"@id\":\"https:\\\/\\\/www.laguiadepamplona.com\\\/actualidad\\\/la-iglesia-de-san-lorenzo-acogera-este-domingo-una-misa-flamenca-en-honor-al-guitarrista-pamplones-sabicas-en-el-dia-de-la-comunidad-gitana-de-navarra\\\/#primaryimage\"},\"thumbnailUrl\":\"\",\"datePublished\":\"2014-04-25T11:10:57+00:00\",\"breadcrumb\":{\"@id\":\"https:\\\/\\\/www.laguiadepamplona.com\\\/actualidad\\\/la-iglesia-de-san-lorenzo-acogera-este-domingo-una-misa-flamenca-en-honor-al-guitarrista-pamplones-sabicas-en-el-dia-de-la-comunidad-gitana-de-navarra\\\/#breadcrumb\"},\"inLanguage\":\"es\",\"potentialAction\":[{\"@type\":\"ReadAction\",\"target\":[\"https:\\\/\\\/www.laguiadepamplona.com\\\/actualidad\\\/la-iglesia-de-san-lorenzo-acogera-este-domingo-una-misa-flamenca-en-honor-al-guitarrista-pamplones-sabicas-en-el-dia-de-la-comunidad-gitana-de-navarra\\\/\"]}]},{\"@type\":\"ImageObject\",\"inLanguage\":\"es\",\"@id\":\"https:\\\/\\\/www.laguiadepamplona.com\\\/actualidad\\\/la-iglesia-de-san-lorenzo-acogera-este-domingo-una-misa-flamenca-en-honor-al-guitarrista-pamplones-sabicas-en-el-dia-de-la-comunidad-gitana-de-navarra\\\/#primaryimage\",\"url\":\"\",\"contentUrl\":\"\"},{\"@type\":\"BreadcrumbList\",\"@id\":\"https:\\\/\\\/www.laguiadepamplona.com\\\/actualidad\\\/la-iglesia-de-san-lorenzo-acogera-este-domingo-una-misa-flamenca-en-honor-al-guitarrista-pamplones-sabicas-en-el-dia-de-la-comunidad-gitana-de-navarra\\\/#breadcrumb\",\"itemListElement\":[{\"@type\":\"ListItem\",\"position\":1,\"name\":\"Portada\",\"item\":\"https:\\\/\\\/www.laguiadepamplona.com\\\/actualidad\\\/\"},{\"@type\":\"ListItem\",\"position\":2,\"name\":\"La Iglesia de San Lorenzo acoger\u00e1 este domingo una \u2018Misa flamenca\u2019 en honor al guitarrista pamplon\u00e9s Sabicas en el D\u00eda de la Comunidad Gitana de Navarra\"}]},{\"@type\":\"WebSite\",\"@id\":\"https:\\\/\\\/www.laguiadepamplona.com\\\/actualidad\\\/#website\",\"url\":\"https:\\\/\\\/www.laguiadepamplona.com\\\/actualidad\\\/\",\"name\":\"La gu\u00eda de Pamplona\",\"description\":\"Noticias de Pamplona\",\"publisher\":{\"@id\":\"https:\\\/\\\/www.laguiadepamplona.com\\\/actualidad\\\/#organization\"},\"potentialAction\":[{\"@type\":\"SearchAction\",\"target\":{\"@type\":\"EntryPoint\",\"urlTemplate\":\"https:\\\/\\\/www.laguiadepamplona.com\\\/actualidad\\\/?s={search_term_string}\"},\"query-input\":{\"@type\":\"PropertyValueSpecification\",\"valueRequired\":true,\"valueName\":\"search_term_string\"}}],\"inLanguage\":\"es\"},{\"@type\":\"Organization\",\"@id\":\"https:\\\/\\\/www.laguiadepamplona.com\\\/actualidad\\\/#organization\",\"name\":\"La Gu\u00eda de Pamplona \\\/ Noticias\",\"url\":\"https:\\\/\\\/www.laguiadepamplona.com\\\/actualidad\\\/\",\"logo\":{\"@type\":\"ImageObject\",\"inLanguage\":\"es\",\"@id\":\"https:\\\/\\\/www.laguiadepamplona.com\\\/actualidad\\\/#\\\/schema\\\/logo\\\/image\\\/\",\"url\":\"https:\\\/\\\/www.laguiadepamplona.com\\\/actualidad\\\/wp-content\\\/uploads\\\/2018\\\/11\\\/logo-laguiadepamplona18-web1.png\",\"contentUrl\":\"https:\\\/\\\/www.laguiadepamplona.com\\\/actualidad\\\/wp-content\\\/uploads\\\/2018\\\/11\\\/logo-laguiadepamplona18-web1.png\",\"width\":600,\"height\":196,\"caption\":\"La Gu\u00eda de Pamplona \\\/ Noticias\"},\"image\":{\"@id\":\"https:\\\/\\\/www.laguiadepamplona.com\\\/actualidad\\\/#\\\/schema\\\/logo\\\/image\\\/\"},\"sameAs\":[\"https:\\\/\\\/www.facebook.com\\\/laguiadepamplonacom-133175176762273\\\/?ref=hl\",\"https:\\\/\\\/x.com\\\/LaGuiadPamplona\",\"https:\\\/\\\/www.instagram.com\\\/la_guia_de_pamplona\\\/\",\"https:\\\/\\\/www.youtube.com\\\/user\\\/laguiadepamplona\"]},{\"@type\":\"Person\",\"@id\":\"https:\\\/\\\/www.laguiadepamplona.com\\\/actualidad\\\/#\\\/schema\\\/person\\\/efe887376f0213d4657c93adc50b1fdb\",\"name\":\"La Gu\u00eda de Pamplona\",\"image\":{\"@type\":\"ImageObject\",\"inLanguage\":\"es\",\"@id\":\"https:\\\/\\\/secure.gravatar.com\\\/avatar\\\/b6992f131dc8d30ab0dff15446e9d346d9dbd95992de0fef795073f5ea83a81c?s=96&d=mm&r=g\",\"url\":\"https:\\\/\\\/secure.gravatar.com\\\/avatar\\\/b6992f131dc8d30ab0dff15446e9d346d9dbd95992de0fef795073f5ea83a81c?s=96&d=mm&r=g\",\"contentUrl\":\"https:\\\/\\\/secure.gravatar.com\\\/avatar\\\/b6992f131dc8d30ab0dff15446e9d346d9dbd95992de0fef795073f5ea83a81c?s=96&d=mm&r=g\",\"caption\":\"La Gu\u00eda de Pamplona\"}}]}<\/script>\n<!-- \/ Yoast SEO plugin. -->","yoast_head_json":{"title":"La Iglesia de San Lorenzo acoger\u00e1 este domingo una \u2018Misa flamenca\u2019 en honor al guitarrista pamplon\u00e9s Sabicas en el D\u00eda de la Comunidad Gitana de Navarra","robots":{"index":"index","follow":"follow","max-snippet":"max-snippet:-1","max-image-preview":"max-image-preview:large","max-video-preview":"max-video-preview:-1"},"canonical":"https:\/\/www.laguiadepamplona.com\/actualidad\/la-iglesia-de-san-lorenzo-acogera-este-domingo-una-misa-flamenca-en-honor-al-guitarrista-pamplones-sabicas-en-el-dia-de-la-comunidad-gitana-de-navarra\/","og_locale":"es_ES","og_type":"article","og_title":"La Iglesia de San Lorenzo acoger\u00e1 este domingo una \u2018Misa flamenca\u2019 en honor al guitarrista pamplon\u00e9s Sabicas en el D\u00eda de la Comunidad Gitana de Navarra","og_description":"Este acto pone fin a as actividades de \u2018Abril, mes de la cultura gitana\u2019 Un 27 de abril de hace seis siglos la reina Do\u00f1a Blanca recibi\u00f3 a los gitanos...","og_url":"https:\/\/www.laguiadepamplona.com\/actualidad\/la-iglesia-de-san-lorenzo-acogera-este-domingo-una-misa-flamenca-en-honor-al-guitarrista-pamplones-sabicas-en-el-dia-de-la-comunidad-gitana-de-navarra\/","og_site_name":"La Gu\u00eda de Pamplona","article_publisher":"https:\/\/www.facebook.com\/laguiadepamplonacom-133175176762273\/?ref=hl","article_published_time":"2014-04-25T11:10:57+00:00","author":"La Gu\u00eda de Pamplona","twitter_card":"summary_large_image","twitter_creator":"@LaGuiadPamplona","twitter_site":"@LaGuiadPamplona","twitter_misc":{"Escrito por":"La Gu\u00eda de Pamplona","Tiempo de lectura":"2 minutos"},"schema":{"@context":"https:\/\/schema.org","@graph":[{"@type":"Article","@id":"https:\/\/www.laguiadepamplona.com\/actualidad\/la-iglesia-de-san-lorenzo-acogera-este-domingo-una-misa-flamenca-en-honor-al-guitarrista-pamplones-sabicas-en-el-dia-de-la-comunidad-gitana-de-navarra\/#article","isPartOf":{"@id":"https:\/\/www.laguiadepamplona.com\/actualidad\/la-iglesia-de-san-lorenzo-acogera-este-domingo-una-misa-flamenca-en-honor-al-guitarrista-pamplones-sabicas-en-el-dia-de-la-comunidad-gitana-de-navarra\/"},"author":{"name":"La Gu\u00eda de Pamplona","@id":"https:\/\/www.laguiadepamplona.com\/actualidad\/#\/schema\/person\/efe887376f0213d4657c93adc50b1fdb"},"headline":"La Iglesia de San Lorenzo acoger\u00e1 este domingo una \u2018Misa flamenca\u2019 en honor al guitarrista pamplon\u00e9s Sabicas en el D\u00eda de la Comunidad Gitana de Navarra","datePublished":"2014-04-25T11:10:57+00:00","mainEntityOfPage":{"@id":"https:\/\/www.laguiadepamplona.com\/actualidad\/la-iglesia-de-san-lorenzo-acogera-este-domingo-una-misa-flamenca-en-honor-al-guitarrista-pamplones-sabicas-en-el-dia-de-la-comunidad-gitana-de-navarra\/"},"wordCount":470,"commentCount":0,"publisher":{"@id":"https:\/\/www.laguiadepamplona.com\/actualidad\/#organization"},"image":{"@id":"https:\/\/www.laguiadepamplona.com\/actualidad\/la-iglesia-de-san-lorenzo-acogera-este-domingo-una-misa-flamenca-en-honor-al-guitarrista-pamplones-sabicas-en-el-dia-de-la-comunidad-gitana-de-navarra\/#primaryimage"},"thumbnailUrl":"","keywords":["actualidad","ayto pamplona","Ayuntamiento de Pamplona","D\u00eda de la Comunidad Gitana de Navarra","honor a Sabicas","Misa flamenca","noticias","pamplona"],"articleSection":["Ayto Pamplona"],"inLanguage":"es","potentialAction":[{"@type":"CommentAction","name":"Comment","target":["https:\/\/www.laguiadepamplona.com\/actualidad\/la-iglesia-de-san-lorenzo-acogera-este-domingo-una-misa-flamenca-en-honor-al-guitarrista-pamplones-sabicas-en-el-dia-de-la-comunidad-gitana-de-navarra\/#respond"]}]},{"@type":"WebPage","@id":"https:\/\/www.laguiadepamplona.com\/actualidad\/la-iglesia-de-san-lorenzo-acogera-este-domingo-una-misa-flamenca-en-honor-al-guitarrista-pamplones-sabicas-en-el-dia-de-la-comunidad-gitana-de-navarra\/","url":"https:\/\/www.laguiadepamplona.com\/actualidad\/la-iglesia-de-san-lorenzo-acogera-este-domingo-una-misa-flamenca-en-honor-al-guitarrista-pamplones-sabicas-en-el-dia-de-la-comunidad-gitana-de-navarra\/","name":"La Iglesia de San Lorenzo acoger\u00e1 este domingo una \u2018Misa flamenca\u2019 en honor al guitarrista pamplon\u00e9s Sabicas en el D\u00eda de la Comunidad Gitana de Navarra","isPartOf":{"@id":"https:\/\/www.laguiadepamplona.com\/actualidad\/#website"},"primaryImageOfPage":{"@id":"https:\/\/www.laguiadepamplona.com\/actualidad\/la-iglesia-de-san-lorenzo-acogera-este-domingo-una-misa-flamenca-en-honor-al-guitarrista-pamplones-sabicas-en-el-dia-de-la-comunidad-gitana-de-navarra\/#primaryimage"},"image":{"@id":"https:\/\/www.laguiadepamplona.com\/actualidad\/la-iglesia-de-san-lorenzo-acogera-este-domingo-una-misa-flamenca-en-honor-al-guitarrista-pamplones-sabicas-en-el-dia-de-la-comunidad-gitana-de-navarra\/#primaryimage"},"thumbnailUrl":"","datePublished":"2014-04-25T11:10:57+00:00","breadcrumb":{"@id":"https:\/\/www.laguiadepamplona.com\/actualidad\/la-iglesia-de-san-lorenzo-acogera-este-domingo-una-misa-flamenca-en-honor-al-guitarrista-pamplones-sabicas-en-el-dia-de-la-comunidad-gitana-de-navarra\/#breadcrumb"},"inLanguage":"es","potentialAction":[{"@type":"ReadAction","target":["https:\/\/www.laguiadepamplona.com\/actualidad\/la-iglesia-de-san-lorenzo-acogera-este-domingo-una-misa-flamenca-en-honor-al-guitarrista-pamplones-sabicas-en-el-dia-de-la-comunidad-gitana-de-navarra\/"]}]},{"@type":"ImageObject","inLanguage":"es","@id":"https:\/\/www.laguiadepamplona.com\/actualidad\/la-iglesia-de-san-lorenzo-acogera-este-domingo-una-misa-flamenca-en-honor-al-guitarrista-pamplones-sabicas-en-el-dia-de-la-comunidad-gitana-de-navarra\/#primaryimage","url":"","contentUrl":""},{"@type":"BreadcrumbList","@id":"https:\/\/www.laguiadepamplona.com\/actualidad\/la-iglesia-de-san-lorenzo-acogera-este-domingo-una-misa-flamenca-en-honor-al-guitarrista-pamplones-sabicas-en-el-dia-de-la-comunidad-gitana-de-navarra\/#breadcrumb","itemListElement":[{"@type":"ListItem","position":1,"name":"Portada","item":"https:\/\/www.laguiadepamplona.com\/actualidad\/"},{"@type":"ListItem","position":2,"name":"La Iglesia de San Lorenzo acoger\u00e1 este domingo una \u2018Misa flamenca\u2019 en honor al guitarrista pamplon\u00e9s Sabicas en el D\u00eda de la Comunidad Gitana de Navarra"}]},{"@type":"WebSite","@id":"https:\/\/www.laguiadepamplona.com\/actualidad\/#website","url":"https:\/\/www.laguiadepamplona.com\/actualidad\/","name":"La gu\u00eda de Pamplona","description":"Noticias de Pamplona","publisher":{"@id":"https:\/\/www.laguiadepamplona.com\/actualidad\/#organization"},"potentialAction":[{"@type":"SearchAction","target":{"@type":"EntryPoint","urlTemplate":"https:\/\/www.laguiadepamplona.com\/actualidad\/?s={search_term_string}"},"query-input":{"@type":"PropertyValueSpecification","valueRequired":true,"valueName":"search_term_string"}}],"inLanguage":"es"},{"@type":"Organization","@id":"https:\/\/www.laguiadepamplona.com\/actualidad\/#organization","name":"La Gu\u00eda de Pamplona \/ Noticias","url":"https:\/\/www.laguiadepamplona.com\/actualidad\/","logo":{"@type":"ImageObject","inLanguage":"es","@id":"https:\/\/www.laguiadepamplona.com\/actualidad\/#\/schema\/logo\/image\/","url":"https:\/\/www.laguiadepamplona.com\/actualidad\/wp-content\/uploads\/2018\/11\/logo-laguiadepamplona18-web1.png","contentUrl":"https:\/\/www.laguiadepamplona.com\/actualidad\/wp-content\/uploads\/2018\/11\/logo-laguiadepamplona18-web1.png","width":600,"height":196,"caption":"La Gu\u00eda de Pamplona \/ Noticias"},"image":{"@id":"https:\/\/www.laguiadepamplona.com\/actualidad\/#\/schema\/logo\/image\/"},"sameAs":["https:\/\/www.facebook.com\/laguiadepamplonacom-133175176762273\/?ref=hl","https:\/\/x.com\/LaGuiadPamplona","https:\/\/www.instagram.com\/la_guia_de_pamplona\/","https:\/\/www.youtube.com\/user\/laguiadepamplona"]},{"@type":"Person","@id":"https:\/\/www.laguiadepamplona.com\/actualidad\/#\/schema\/person\/efe887376f0213d4657c93adc50b1fdb","name":"La Gu\u00eda de Pamplona","image":{"@type":"ImageObject","inLanguage":"es","@id":"https:\/\/secure.gravatar.com\/avatar\/b6992f131dc8d30ab0dff15446e9d346d9dbd95992de0fef795073f5ea83a81c?s=96&d=mm&r=g","url":"https:\/\/secure.gravatar.com\/avatar\/b6992f131dc8d30ab0dff15446e9d346d9dbd95992de0fef795073f5ea83a81c?s=96&d=mm&r=g","contentUrl":"https:\/\/secure.gravatar.com\/avatar\/b6992f131dc8d30ab0dff15446e9d346d9dbd95992de0fef795073f5ea83a81c?s=96&d=mm&r=g","caption":"La Gu\u00eda de Pamplona"}}]}},"post_mailing_queue_ids":[],"_links":{"self":[{"href":"https:\/\/www.laguiadepamplona.com\/actualidad\/wp-json\/wp\/v2\/posts\/1344","targetHints":{"allow":["GET"]}}],"collection":[{"href":"https:\/\/www.laguiadepamplona.com\/actualidad\/wp-json\/wp\/v2\/posts"}],"about":[{"href":"https:\/\/www.laguiadepamplona.com\/actualidad\/wp-json\/wp\/v2\/types\/post"}],"author":[{"embeddable":true,"href":"https:\/\/www.laguiadepamplona.com\/actualidad\/wp-json\/wp\/v2\/users\/1"}],"replies":[{"embeddable":true,"href":"https:\/\/www.laguiadepamplona.com\/actualidad\/wp-json\/wp\/v2\/comments?post=1344"}],"version-history":[{"count":0,"href":"https:\/\/www.laguiadepamplona.com\/actualidad\/wp-json\/wp\/v2\/posts\/1344\/revisions"}],"wp:featuredmedia":[{"embeddable":true,"href":"https:\/\/www.laguiadepamplona.com\/actualidad\/wp-json\/"}],"wp:attachment":[{"href":"https:\/\/www.laguiadepamplona.com\/actualidad\/wp-json\/wp\/v2\/media?parent=1344"}],"wp:term":[{"taxonomy":"category","embeddable":true,"href":"https:\/\/www.laguiadepamplona.com\/actualidad\/wp-json\/wp\/v2\/categories?post=1344"},{"taxonomy":"post_tag","embeddable":true,"href":"https:\/\/www.laguiadepamplona.com\/actualidad\/wp-json\/wp\/v2\/tags?post=1344"}],"curies":[{"name":"wp","href":"https:\/\/api.w.org\/{rel}","templated":true}]}}