{"id":13104,"date":"2017-05-19T13:44:12","date_gmt":"2017-05-19T12:44:12","guid":{"rendered":"http:\/\/laguiadepamplona.es\/actualidad\/?p=13104"},"modified":"2017-05-19T13:44:12","modified_gmt":"2017-05-19T12:44:12","slug":"el-ayuntamiento-pide-formalmente-al-presidente-de-nasuvinsa-y-vicepresidente-del-gobierno-miguel-laparra-que-inicie-la-modificacion-del-plan-especial-de-salesianos","status":"publish","type":"post","link":"https:\/\/www.laguiadepamplona.com\/actualidad\/el-ayuntamiento-pide-formalmente-al-presidente-de-nasuvinsa-y-vicepresidente-del-gobierno-miguel-laparra-que-inicie-la-modificacion-del-plan-especial-de-salesianos\/","title":{"rendered":"El Ayuntamiento pide formalmente al presidente de Nasuvinsa y vicepresidente del Gobierno, Miguel Laparra, que inicie la modificaci\u00f3n del Plan Especial de Salesianos"},"content":{"rendered":"<h3>El Consistorio reclama respetar las alturas de las manzanas del Ensanche y acepta menos \u201cobligaciones a su favor\u201d si disminuye la edificabilidad<\/h3>\n<p><!--more--><\/p>\n<p>El Ayuntamiento de Pamplona ha reclamado formalmente al presidente de Nasuvinsa y vicepresidente del Gobierno de Navarra, Miguel Laparra, que tramite la modificaci\u00f3n del Plan Especial que sustenta el PSIS de Salesianos a trav\u00e9s de una carta remitida ayer jueves por el concejal delegado de Ciudad Habitable y Vivienda, Joxe Abaurrea. En la misiva, el Consistorio pamplon\u00e9s pide que se respeten las actuales manzanas del Ensanche tambi\u00e9n en alturas y aclara que si hubiera disminuci\u00f3n de edificabilidad, el Ayuntamiento aceptar\u00eda una reducci\u00f3n proporcional de las obligaciones a su favor previstas en la normativa urban\u00edstica y en el convenio vigente.<\/p>\n<p>Este Plan Especial establece para el solar donde se ubica el centro educativo, que ser\u00e1 trasladado fuera del t\u00e9rmino municipal de Pamplona, la recalificaci\u00f3n en residencial de promoci\u00f3n libre con once parcelas de las que la mayor\u00eda se destinar\u00edan a viviendas libres que se levantar\u00edan en bloques de entre 7 y 17 alturas. El Ayuntamiento apuesta por modificar ese Plan Especial para poder construir en planta baja m\u00e1s ocho alturas como m\u00e1ximo, con edificios similares al resto de manzanas del Ensanche para mantener el modelo planteado en su momento en el proyecto de Serapio Esparza, o en las evoluciones contempor\u00e1neas de los modelos de Ensanche que se est\u00e1n realizando en otras ciudades del entorno.<\/p>\n<p><strong>Ruptura con los edificios del entorno y con la imagen de la ciudad<\/strong><\/p>\n<p>Este criterio es el que propone el Plan Especial de Reforma Interior (PERI) del I y II Ensanche. As\u00ed, recoge la carta, se evitar\u00eda la ruptura de la morfolog\u00eda urbana y de la tipolog\u00eda edificatoria del II Ensanche con nuevos perfiles de hasta 17 alturas que sobresaldr\u00edan en la vista tanto desde Beloso Alto como desde la Catedral y los Baluartes del Red\u00edn, desapareciendo una de las im\u00e1genes m\u00e1s reconocibles de Pamplona.<\/p>\n<p>Estas alturas no s\u00f3lo afectar\u00edan al perfil externo sino que alterar\u00edan la percepci\u00f3n interior del propio II Ensanche y crear\u00edan una dif\u00edcil convivencia con la edificaci\u00f3n de su entorno m\u00e1s pr\u00f3ximo, mucho m\u00e1s baja, a la vez que alterar\u00edan la secci\u00f3n de las calles de su per\u00edmetro, pensada para menores alturas de edificaci\u00f3n.<\/p>\n<p><strong>Sin una plaza para esta zona del Ensanche<\/strong><\/p>\n<p>Otros de los argumentos recogido es la carta del Ayuntamiento es que el proyecto del Plan Especial no dibuja un espacio que pudiera convertirse en la plaza de esta parte del Ensanche y que, por ejemplo, sirviera de acceso a la nueva dotaci\u00f3n p\u00fablica prevista en PSIS y Plan Especial. En lugar de los espacios peque\u00f1os yuxtapuestos propuestos se podr\u00eda generar un espacio p\u00fablico de car\u00e1cter unitario, eliminando recovecos y zonas escondidas.<\/p>\n<p>Por lo que respecta a la edificabilidad, si se aplicaran los criterios generales para el II Ensanche previstos en el PERI con dos manzanas de planta baja y 4 y 5 alturas con 15 metros de fondo en plantas elevadas se llegar\u00edan a los 47.500 m\u00b2 edificados. El Plan Especial, en cambio, alcanza los 59.500 m\u00b2, lo que supone un incremento del 25%, dificultando que se desarrolle en una ordenaci\u00f3n acorde con su entorno y suponiendo una ruptura del modelo urban\u00edstico. En este sentido, la carta recoge que las\u00a0 alturas m\u00e1ximas deber\u00edan estar en el rango de lo previsto en el PERI del I y II Ensanche, pudiendo aceptarse alguna planta m\u00e1s si fuera imprescindible, o alg\u00fan elemento puntual significativo de mayor altura.<\/p>\n<p>Teniendo en cuenta estos datos, el Consistorio se\u00f1ala que si el prop\u00f3sito de esta modificaci\u00f3n urban\u00edstica es sufragar los gastos del traslado de la actual dotaci\u00f3n docente de Salesianos, el costo del cambio deber\u00eda ajustarse a las plusval\u00edas obtenidas por una ordenaci\u00f3n adecuada. Un informe, encargado por el Gobierno de Navarra y elaborado por la empresa p\u00fablica NASUVINSA, sobre el impacto de un nuevo planteamiento urban\u00edstico en el solar de Salesianos, se\u00f1al\u00f3 que el redise\u00f1o de las torres de viviendas previstas en manzanas como las actuales del II Ensanche supondr\u00eda unas p\u00e9rdidas de entre 14,5 millones y 51,5 millones de euros.<\/p>\n<p><strong>Solicitud antes de que contin\u00fae la tramitaci\u00f3n<\/strong><\/p>\n<p>La solicitud planteada por el Ayuntamiento se produce antes de que el Gobierno de Navarra y la Congregaci\u00f3n Salesiana firmen un convenio para la subasta de las parcelas, tr\u00e1mite en el que no participa Pamplona pero que se ver\u00eda afectado si el Gobierno de Navarra acepta modificar el Plan Especial sobre el que se sustenta el actual del PSIS.<\/p>\n<p>La carta se enmarca en el anuncio realizado en el mes de abril por el alcalde de Pamplona, Joseba Asiron, y el concejal firmante de la misiva despu\u00e9s de que el \u00e1rea de Ciudad Habitable y Vivienda aprobara la concesi\u00f3n de la licencia de parcelaci\u00f3n del solar, un tr\u00e1mite reglado que el Ayuntamiento estaba obligado a aprobar una vez cumplidas todas las condiciones legales exigibles al no existir ning\u00fan elemento legal ni formal que justificase oponerse el otorgamiento de dicha licencia.<\/p>\n<p>La aprobaci\u00f3n definitiva del Plan Sectorial de Incidencia Supramunicipal (PSIS) de Salesianos fue publicada en el Bolet\u00edn Oficial de Navarra n\u00famero 128, de 3 de julio de 2012. El Plan especial que lo desarrolla se aprob\u00f3 inicialmente el 10 de abril de 2015 y definitivamente el 26 de junio del mismo a\u00f1o. El plan recoge la propuesta ganadora del concurso convocado por NASUVINSA, \u2018Sol de Medialuna\u2019, de los arquitectos Javier Larraz And\u00eda e Ignacio Olite Lumbreras. Desarrolla, en el solar de 13.961 m<sup>2<\/sup> situado entre las calles Leyre, Media Luna, San Ferm\u00edn y Aralar. Adem\u00e1s, dibuja un centro c\u00edvico de 3.000 m<sup>2<\/sup>, una calle peatonal que une Aralar y Media Luna prolongando la calle Teobaldos, dos plazas y un espacio comercial.<\/p>\n","protected":false},"excerpt":{"rendered":"<p>El Consistorio reclama respetar las alturas de las manzanas del Ensanche y acepta menos \u201cobligaciones a su favor\u201d si disminuye la edificabilidad<\/p>\n","protected":false},"author":1,"featured_media":10979,"comment_status":"closed","ping_status":"closed","sticky":false,"template":"","format":"standard","meta":{"footnotes":""},"categories":[2],"tags":[],"class_list":["post-13104","post","type-post","status-publish","format-standard","has-post-thumbnail","hentry","category-ayuntamiento-pamplona"],"yoast_head":"<!-- This site is optimized with the Yoast SEO plugin v27.5 - https:\/\/yoast.com\/product\/yoast-seo-wordpress\/ -->\n<title>El Ayuntamiento pide formalmente al presidente de Nasuvinsa y vicepresidente del Gobierno, Miguel Laparra, que inicie la modificaci\u00f3n del Plan Especial de Salesianos<\/title>\n<meta name=\"robots\" content=\"index, follow, max-snippet:-1, max-image-preview:large, max-video-preview:-1\" \/>\n<link rel=\"canonical\" href=\"https:\/\/www.laguiadepamplona.com\/actualidad\/el-ayuntamiento-pide-formalmente-al-presidente-de-nasuvinsa-y-vicepresidente-del-gobierno-miguel-laparra-que-inicie-la-modificacion-del-plan-especial-de-salesianos\/\" \/>\n<meta property=\"og:locale\" content=\"es_ES\" \/>\n<meta property=\"og:type\" content=\"article\" \/>\n<meta property=\"og:title\" content=\"El Ayuntamiento pide formalmente al presidente de Nasuvinsa y vicepresidente del Gobierno, Miguel Laparra, que inicie la modificaci\u00f3n del Plan Especial de Salesianos\" \/>\n<meta property=\"og:description\" content=\"El Consistorio reclama respetar las alturas de las manzanas del Ensanche y acepta menos \u201cobligaciones a su favor\u201d si disminuye la edificabilidad\" \/>\n<meta property=\"og:url\" content=\"https:\/\/www.laguiadepamplona.com\/actualidad\/el-ayuntamiento-pide-formalmente-al-presidente-de-nasuvinsa-y-vicepresidente-del-gobierno-miguel-laparra-que-inicie-la-modificacion-del-plan-especial-de-salesianos\/\" \/>\n<meta property=\"og:site_name\" content=\"La Gu\u00eda de Pamplona\" \/>\n<meta property=\"article:publisher\" content=\"https:\/\/www.facebook.com\/laguiadepamplonacom-133175176762273\/?ref=hl\" \/>\n<meta property=\"article:published_time\" content=\"2017-05-19T12:44:12+00:00\" \/>\n<meta property=\"og:image\" content=\"https:\/\/www.laguiadepamplona.com\/actualidad\/wp-content\/uploads\/2016\/11\/Ayto_Pamplona.jpg\" \/>\n\t<meta property=\"og:image:width\" content=\"900\" \/>\n\t<meta property=\"og:image:height\" content=\"675\" \/>\n\t<meta property=\"og:image:type\" content=\"image\/jpeg\" \/>\n<meta name=\"author\" content=\"La Gu\u00eda de Pamplona\" \/>\n<meta name=\"twitter:card\" content=\"summary_large_image\" \/>\n<meta name=\"twitter:creator\" content=\"@LaGuiadPamplona\" \/>\n<meta name=\"twitter:site\" content=\"@LaGuiadPamplona\" \/>\n<meta name=\"twitter:label1\" content=\"Escrito por\" \/>\n\t<meta name=\"twitter:data1\" content=\"La Gu\u00eda de Pamplona\" \/>\n\t<meta name=\"twitter:label2\" content=\"Tiempo de lectura\" \/>\n\t<meta name=\"twitter:data2\" content=\"5 minutos\" \/>\n<script type=\"application\/ld+json\" class=\"yoast-schema-graph\">{\"@context\":\"https:\\\/\\\/schema.org\",\"@graph\":[{\"@type\":\"Article\",\"@id\":\"https:\\\/\\\/www.laguiadepamplona.com\\\/actualidad\\\/el-ayuntamiento-pide-formalmente-al-presidente-de-nasuvinsa-y-vicepresidente-del-gobierno-miguel-laparra-que-inicie-la-modificacion-del-plan-especial-de-salesianos\\\/#article\",\"isPartOf\":{\"@id\":\"https:\\\/\\\/www.laguiadepamplona.com\\\/actualidad\\\/el-ayuntamiento-pide-formalmente-al-presidente-de-nasuvinsa-y-vicepresidente-del-gobierno-miguel-laparra-que-inicie-la-modificacion-del-plan-especial-de-salesianos\\\/\"},\"author\":{\"name\":\"La Gu\u00eda de Pamplona\",\"@id\":\"https:\\\/\\\/www.laguiadepamplona.com\\\/actualidad\\\/#\\\/schema\\\/person\\\/efe887376f0213d4657c93adc50b1fdb\"},\"headline\":\"El Ayuntamiento pide formalmente al presidente de Nasuvinsa y vicepresidente del Gobierno, Miguel Laparra, que inicie la modificaci\u00f3n del Plan Especial de Salesianos\",\"datePublished\":\"2017-05-19T12:44:12+00:00\",\"mainEntityOfPage\":{\"@id\":\"https:\\\/\\\/www.laguiadepamplona.com\\\/actualidad\\\/el-ayuntamiento-pide-formalmente-al-presidente-de-nasuvinsa-y-vicepresidente-del-gobierno-miguel-laparra-que-inicie-la-modificacion-del-plan-especial-de-salesianos\\\/\"},\"wordCount\":1034,\"publisher\":{\"@id\":\"https:\\\/\\\/www.laguiadepamplona.com\\\/actualidad\\\/#organization\"},\"image\":{\"@id\":\"https:\\\/\\\/www.laguiadepamplona.com\\\/actualidad\\\/el-ayuntamiento-pide-formalmente-al-presidente-de-nasuvinsa-y-vicepresidente-del-gobierno-miguel-laparra-que-inicie-la-modificacion-del-plan-especial-de-salesianos\\\/#primaryimage\"},\"thumbnailUrl\":\"https:\\\/\\\/www.laguiadepamplona.com\\\/actualidad\\\/wp-content\\\/uploads\\\/2016\\\/11\\\/Ayto_Pamplona.jpg\",\"articleSection\":[\"Ayto Pamplona\"],\"inLanguage\":\"es\"},{\"@type\":\"WebPage\",\"@id\":\"https:\\\/\\\/www.laguiadepamplona.com\\\/actualidad\\\/el-ayuntamiento-pide-formalmente-al-presidente-de-nasuvinsa-y-vicepresidente-del-gobierno-miguel-laparra-que-inicie-la-modificacion-del-plan-especial-de-salesianos\\\/\",\"url\":\"https:\\\/\\\/www.laguiadepamplona.com\\\/actualidad\\\/el-ayuntamiento-pide-formalmente-al-presidente-de-nasuvinsa-y-vicepresidente-del-gobierno-miguel-laparra-que-inicie-la-modificacion-del-plan-especial-de-salesianos\\\/\",\"name\":\"El Ayuntamiento pide formalmente al presidente de Nasuvinsa y vicepresidente del Gobierno, Miguel Laparra, que inicie la modificaci\u00f3n del Plan Especial de Salesianos\",\"isPartOf\":{\"@id\":\"https:\\\/\\\/www.laguiadepamplona.com\\\/actualidad\\\/#website\"},\"primaryImageOfPage\":{\"@id\":\"https:\\\/\\\/www.laguiadepamplona.com\\\/actualidad\\\/el-ayuntamiento-pide-formalmente-al-presidente-de-nasuvinsa-y-vicepresidente-del-gobierno-miguel-laparra-que-inicie-la-modificacion-del-plan-especial-de-salesianos\\\/#primaryimage\"},\"image\":{\"@id\":\"https:\\\/\\\/www.laguiadepamplona.com\\\/actualidad\\\/el-ayuntamiento-pide-formalmente-al-presidente-de-nasuvinsa-y-vicepresidente-del-gobierno-miguel-laparra-que-inicie-la-modificacion-del-plan-especial-de-salesianos\\\/#primaryimage\"},\"thumbnailUrl\":\"https:\\\/\\\/www.laguiadepamplona.com\\\/actualidad\\\/wp-content\\\/uploads\\\/2016\\\/11\\\/Ayto_Pamplona.jpg\",\"datePublished\":\"2017-05-19T12:44:12+00:00\",\"breadcrumb\":{\"@id\":\"https:\\\/\\\/www.laguiadepamplona.com\\\/actualidad\\\/el-ayuntamiento-pide-formalmente-al-presidente-de-nasuvinsa-y-vicepresidente-del-gobierno-miguel-laparra-que-inicie-la-modificacion-del-plan-especial-de-salesianos\\\/#breadcrumb\"},\"inLanguage\":\"es\",\"potentialAction\":[{\"@type\":\"ReadAction\",\"target\":[\"https:\\\/\\\/www.laguiadepamplona.com\\\/actualidad\\\/el-ayuntamiento-pide-formalmente-al-presidente-de-nasuvinsa-y-vicepresidente-del-gobierno-miguel-laparra-que-inicie-la-modificacion-del-plan-especial-de-salesianos\\\/\"]}]},{\"@type\":\"ImageObject\",\"inLanguage\":\"es\",\"@id\":\"https:\\\/\\\/www.laguiadepamplona.com\\\/actualidad\\\/el-ayuntamiento-pide-formalmente-al-presidente-de-nasuvinsa-y-vicepresidente-del-gobierno-miguel-laparra-que-inicie-la-modificacion-del-plan-especial-de-salesianos\\\/#primaryimage\",\"url\":\"https:\\\/\\\/www.laguiadepamplona.com\\\/actualidad\\\/wp-content\\\/uploads\\\/2016\\\/11\\\/Ayto_Pamplona.jpg\",\"contentUrl\":\"https:\\\/\\\/www.laguiadepamplona.com\\\/actualidad\\\/wp-content\\\/uploads\\\/2016\\\/11\\\/Ayto_Pamplona.jpg\",\"width\":900,\"height\":675},{\"@type\":\"BreadcrumbList\",\"@id\":\"https:\\\/\\\/www.laguiadepamplona.com\\\/actualidad\\\/el-ayuntamiento-pide-formalmente-al-presidente-de-nasuvinsa-y-vicepresidente-del-gobierno-miguel-laparra-que-inicie-la-modificacion-del-plan-especial-de-salesianos\\\/#breadcrumb\",\"itemListElement\":[{\"@type\":\"ListItem\",\"position\":1,\"name\":\"Portada\",\"item\":\"https:\\\/\\\/www.laguiadepamplona.com\\\/actualidad\\\/\"},{\"@type\":\"ListItem\",\"position\":2,\"name\":\"El Ayuntamiento pide formalmente al presidente de Nasuvinsa y vicepresidente del Gobierno, Miguel Laparra, que inicie la modificaci\u00f3n del Plan Especial de Salesianos\"}]},{\"@type\":\"WebSite\",\"@id\":\"https:\\\/\\\/www.laguiadepamplona.com\\\/actualidad\\\/#website\",\"url\":\"https:\\\/\\\/www.laguiadepamplona.com\\\/actualidad\\\/\",\"name\":\"La gu\u00eda de Pamplona\",\"description\":\"Noticias de Pamplona\",\"publisher\":{\"@id\":\"https:\\\/\\\/www.laguiadepamplona.com\\\/actualidad\\\/#organization\"},\"potentialAction\":[{\"@type\":\"SearchAction\",\"target\":{\"@type\":\"EntryPoint\",\"urlTemplate\":\"https:\\\/\\\/www.laguiadepamplona.com\\\/actualidad\\\/?s={search_term_string}\"},\"query-input\":{\"@type\":\"PropertyValueSpecification\",\"valueRequired\":true,\"valueName\":\"search_term_string\"}}],\"inLanguage\":\"es\"},{\"@type\":\"Organization\",\"@id\":\"https:\\\/\\\/www.laguiadepamplona.com\\\/actualidad\\\/#organization\",\"name\":\"La Gu\u00eda de Pamplona \\\/ Noticias\",\"url\":\"https:\\\/\\\/www.laguiadepamplona.com\\\/actualidad\\\/\",\"logo\":{\"@type\":\"ImageObject\",\"inLanguage\":\"es\",\"@id\":\"https:\\\/\\\/www.laguiadepamplona.com\\\/actualidad\\\/#\\\/schema\\\/logo\\\/image\\\/\",\"url\":\"https:\\\/\\\/www.laguiadepamplona.com\\\/actualidad\\\/wp-content\\\/uploads\\\/2018\\\/11\\\/logo-laguiadepamplona18-web1.png\",\"contentUrl\":\"https:\\\/\\\/www.laguiadepamplona.com\\\/actualidad\\\/wp-content\\\/uploads\\\/2018\\\/11\\\/logo-laguiadepamplona18-web1.png\",\"width\":600,\"height\":196,\"caption\":\"La Gu\u00eda de Pamplona \\\/ Noticias\"},\"image\":{\"@id\":\"https:\\\/\\\/www.laguiadepamplona.com\\\/actualidad\\\/#\\\/schema\\\/logo\\\/image\\\/\"},\"sameAs\":[\"https:\\\/\\\/www.facebook.com\\\/laguiadepamplonacom-133175176762273\\\/?ref=hl\",\"https:\\\/\\\/x.com\\\/LaGuiadPamplona\",\"https:\\\/\\\/www.instagram.com\\\/la_guia_de_pamplona\\\/\",\"https:\\\/\\\/www.youtube.com\\\/user\\\/laguiadepamplona\"]},{\"@type\":\"Person\",\"@id\":\"https:\\\/\\\/www.laguiadepamplona.com\\\/actualidad\\\/#\\\/schema\\\/person\\\/efe887376f0213d4657c93adc50b1fdb\",\"name\":\"La Gu\u00eda de Pamplona\",\"image\":{\"@type\":\"ImageObject\",\"inLanguage\":\"es\",\"@id\":\"https:\\\/\\\/secure.gravatar.com\\\/avatar\\\/b6992f131dc8d30ab0dff15446e9d346d9dbd95992de0fef795073f5ea83a81c?s=96&d=mm&r=g\",\"url\":\"https:\\\/\\\/secure.gravatar.com\\\/avatar\\\/b6992f131dc8d30ab0dff15446e9d346d9dbd95992de0fef795073f5ea83a81c?s=96&d=mm&r=g\",\"contentUrl\":\"https:\\\/\\\/secure.gravatar.com\\\/avatar\\\/b6992f131dc8d30ab0dff15446e9d346d9dbd95992de0fef795073f5ea83a81c?s=96&d=mm&r=g\",\"caption\":\"La Gu\u00eda de Pamplona\"}}]}<\/script>\n<!-- \/ Yoast SEO plugin. -->","yoast_head_json":{"title":"El Ayuntamiento pide formalmente al presidente de Nasuvinsa y vicepresidente del Gobierno, Miguel Laparra, que inicie la modificaci\u00f3n del Plan Especial de Salesianos","robots":{"index":"index","follow":"follow","max-snippet":"max-snippet:-1","max-image-preview":"max-image-preview:large","max-video-preview":"max-video-preview:-1"},"canonical":"https:\/\/www.laguiadepamplona.com\/actualidad\/el-ayuntamiento-pide-formalmente-al-presidente-de-nasuvinsa-y-vicepresidente-del-gobierno-miguel-laparra-que-inicie-la-modificacion-del-plan-especial-de-salesianos\/","og_locale":"es_ES","og_type":"article","og_title":"El Ayuntamiento pide formalmente al presidente de Nasuvinsa y vicepresidente del Gobierno, Miguel Laparra, que inicie la modificaci\u00f3n del Plan Especial de Salesianos","og_description":"El Consistorio reclama respetar las alturas de las manzanas del Ensanche y acepta menos \u201cobligaciones a su favor\u201d si disminuye la edificabilidad","og_url":"https:\/\/www.laguiadepamplona.com\/actualidad\/el-ayuntamiento-pide-formalmente-al-presidente-de-nasuvinsa-y-vicepresidente-del-gobierno-miguel-laparra-que-inicie-la-modificacion-del-plan-especial-de-salesianos\/","og_site_name":"La Gu\u00eda de Pamplona","article_publisher":"https:\/\/www.facebook.com\/laguiadepamplonacom-133175176762273\/?ref=hl","article_published_time":"2017-05-19T12:44:12+00:00","og_image":[{"width":900,"height":675,"url":"https:\/\/www.laguiadepamplona.com\/actualidad\/wp-content\/uploads\/2016\/11\/Ayto_Pamplona.jpg","type":"image\/jpeg"}],"author":"La Gu\u00eda de Pamplona","twitter_card":"summary_large_image","twitter_creator":"@LaGuiadPamplona","twitter_site":"@LaGuiadPamplona","twitter_misc":{"Escrito por":"La Gu\u00eda de Pamplona","Tiempo de lectura":"5 minutos"},"schema":{"@context":"https:\/\/schema.org","@graph":[{"@type":"Article","@id":"https:\/\/www.laguiadepamplona.com\/actualidad\/el-ayuntamiento-pide-formalmente-al-presidente-de-nasuvinsa-y-vicepresidente-del-gobierno-miguel-laparra-que-inicie-la-modificacion-del-plan-especial-de-salesianos\/#article","isPartOf":{"@id":"https:\/\/www.laguiadepamplona.com\/actualidad\/el-ayuntamiento-pide-formalmente-al-presidente-de-nasuvinsa-y-vicepresidente-del-gobierno-miguel-laparra-que-inicie-la-modificacion-del-plan-especial-de-salesianos\/"},"author":{"name":"La Gu\u00eda de Pamplona","@id":"https:\/\/www.laguiadepamplona.com\/actualidad\/#\/schema\/person\/efe887376f0213d4657c93adc50b1fdb"},"headline":"El Ayuntamiento pide formalmente al presidente de Nasuvinsa y vicepresidente del Gobierno, Miguel Laparra, que inicie la modificaci\u00f3n del Plan Especial de Salesianos","datePublished":"2017-05-19T12:44:12+00:00","mainEntityOfPage":{"@id":"https:\/\/www.laguiadepamplona.com\/actualidad\/el-ayuntamiento-pide-formalmente-al-presidente-de-nasuvinsa-y-vicepresidente-del-gobierno-miguel-laparra-que-inicie-la-modificacion-del-plan-especial-de-salesianos\/"},"wordCount":1034,"publisher":{"@id":"https:\/\/www.laguiadepamplona.com\/actualidad\/#organization"},"image":{"@id":"https:\/\/www.laguiadepamplona.com\/actualidad\/el-ayuntamiento-pide-formalmente-al-presidente-de-nasuvinsa-y-vicepresidente-del-gobierno-miguel-laparra-que-inicie-la-modificacion-del-plan-especial-de-salesianos\/#primaryimage"},"thumbnailUrl":"https:\/\/www.laguiadepamplona.com\/actualidad\/wp-content\/uploads\/2016\/11\/Ayto_Pamplona.jpg","articleSection":["Ayto Pamplona"],"inLanguage":"es"},{"@type":"WebPage","@id":"https:\/\/www.laguiadepamplona.com\/actualidad\/el-ayuntamiento-pide-formalmente-al-presidente-de-nasuvinsa-y-vicepresidente-del-gobierno-miguel-laparra-que-inicie-la-modificacion-del-plan-especial-de-salesianos\/","url":"https:\/\/www.laguiadepamplona.com\/actualidad\/el-ayuntamiento-pide-formalmente-al-presidente-de-nasuvinsa-y-vicepresidente-del-gobierno-miguel-laparra-que-inicie-la-modificacion-del-plan-especial-de-salesianos\/","name":"El Ayuntamiento pide formalmente al presidente de Nasuvinsa y vicepresidente del Gobierno, Miguel Laparra, que inicie la modificaci\u00f3n del Plan Especial de Salesianos","isPartOf":{"@id":"https:\/\/www.laguiadepamplona.com\/actualidad\/#website"},"primaryImageOfPage":{"@id":"https:\/\/www.laguiadepamplona.com\/actualidad\/el-ayuntamiento-pide-formalmente-al-presidente-de-nasuvinsa-y-vicepresidente-del-gobierno-miguel-laparra-que-inicie-la-modificacion-del-plan-especial-de-salesianos\/#primaryimage"},"image":{"@id":"https:\/\/www.laguiadepamplona.com\/actualidad\/el-ayuntamiento-pide-formalmente-al-presidente-de-nasuvinsa-y-vicepresidente-del-gobierno-miguel-laparra-que-inicie-la-modificacion-del-plan-especial-de-salesianos\/#primaryimage"},"thumbnailUrl":"https:\/\/www.laguiadepamplona.com\/actualidad\/wp-content\/uploads\/2016\/11\/Ayto_Pamplona.jpg","datePublished":"2017-05-19T12:44:12+00:00","breadcrumb":{"@id":"https:\/\/www.laguiadepamplona.com\/actualidad\/el-ayuntamiento-pide-formalmente-al-presidente-de-nasuvinsa-y-vicepresidente-del-gobierno-miguel-laparra-que-inicie-la-modificacion-del-plan-especial-de-salesianos\/#breadcrumb"},"inLanguage":"es","potentialAction":[{"@type":"ReadAction","target":["https:\/\/www.laguiadepamplona.com\/actualidad\/el-ayuntamiento-pide-formalmente-al-presidente-de-nasuvinsa-y-vicepresidente-del-gobierno-miguel-laparra-que-inicie-la-modificacion-del-plan-especial-de-salesianos\/"]}]},{"@type":"ImageObject","inLanguage":"es","@id":"https:\/\/www.laguiadepamplona.com\/actualidad\/el-ayuntamiento-pide-formalmente-al-presidente-de-nasuvinsa-y-vicepresidente-del-gobierno-miguel-laparra-que-inicie-la-modificacion-del-plan-especial-de-salesianos\/#primaryimage","url":"https:\/\/www.laguiadepamplona.com\/actualidad\/wp-content\/uploads\/2016\/11\/Ayto_Pamplona.jpg","contentUrl":"https:\/\/www.laguiadepamplona.com\/actualidad\/wp-content\/uploads\/2016\/11\/Ayto_Pamplona.jpg","width":900,"height":675},{"@type":"BreadcrumbList","@id":"https:\/\/www.laguiadepamplona.com\/actualidad\/el-ayuntamiento-pide-formalmente-al-presidente-de-nasuvinsa-y-vicepresidente-del-gobierno-miguel-laparra-que-inicie-la-modificacion-del-plan-especial-de-salesianos\/#breadcrumb","itemListElement":[{"@type":"ListItem","position":1,"name":"Portada","item":"https:\/\/www.laguiadepamplona.com\/actualidad\/"},{"@type":"ListItem","position":2,"name":"El Ayuntamiento pide formalmente al presidente de Nasuvinsa y vicepresidente del Gobierno, Miguel Laparra, que inicie la modificaci\u00f3n del Plan Especial de Salesianos"}]},{"@type":"WebSite","@id":"https:\/\/www.laguiadepamplona.com\/actualidad\/#website","url":"https:\/\/www.laguiadepamplona.com\/actualidad\/","name":"La gu\u00eda de Pamplona","description":"Noticias de Pamplona","publisher":{"@id":"https:\/\/www.laguiadepamplona.com\/actualidad\/#organization"},"potentialAction":[{"@type":"SearchAction","target":{"@type":"EntryPoint","urlTemplate":"https:\/\/www.laguiadepamplona.com\/actualidad\/?s={search_term_string}"},"query-input":{"@type":"PropertyValueSpecification","valueRequired":true,"valueName":"search_term_string"}}],"inLanguage":"es"},{"@type":"Organization","@id":"https:\/\/www.laguiadepamplona.com\/actualidad\/#organization","name":"La Gu\u00eda de Pamplona \/ Noticias","url":"https:\/\/www.laguiadepamplona.com\/actualidad\/","logo":{"@type":"ImageObject","inLanguage":"es","@id":"https:\/\/www.laguiadepamplona.com\/actualidad\/#\/schema\/logo\/image\/","url":"https:\/\/www.laguiadepamplona.com\/actualidad\/wp-content\/uploads\/2018\/11\/logo-laguiadepamplona18-web1.png","contentUrl":"https:\/\/www.laguiadepamplona.com\/actualidad\/wp-content\/uploads\/2018\/11\/logo-laguiadepamplona18-web1.png","width":600,"height":196,"caption":"La Gu\u00eda de Pamplona \/ Noticias"},"image":{"@id":"https:\/\/www.laguiadepamplona.com\/actualidad\/#\/schema\/logo\/image\/"},"sameAs":["https:\/\/www.facebook.com\/laguiadepamplonacom-133175176762273\/?ref=hl","https:\/\/x.com\/LaGuiadPamplona","https:\/\/www.instagram.com\/la_guia_de_pamplona\/","https:\/\/www.youtube.com\/user\/laguiadepamplona"]},{"@type":"Person","@id":"https:\/\/www.laguiadepamplona.com\/actualidad\/#\/schema\/person\/efe887376f0213d4657c93adc50b1fdb","name":"La Gu\u00eda de Pamplona","image":{"@type":"ImageObject","inLanguage":"es","@id":"https:\/\/secure.gravatar.com\/avatar\/b6992f131dc8d30ab0dff15446e9d346d9dbd95992de0fef795073f5ea83a81c?s=96&d=mm&r=g","url":"https:\/\/secure.gravatar.com\/avatar\/b6992f131dc8d30ab0dff15446e9d346d9dbd95992de0fef795073f5ea83a81c?s=96&d=mm&r=g","contentUrl":"https:\/\/secure.gravatar.com\/avatar\/b6992f131dc8d30ab0dff15446e9d346d9dbd95992de0fef795073f5ea83a81c?s=96&d=mm&r=g","caption":"La Gu\u00eda de Pamplona"}}]}},"post_mailing_queue_ids":[],"_links":{"self":[{"href":"https:\/\/www.laguiadepamplona.com\/actualidad\/wp-json\/wp\/v2\/posts\/13104","targetHints":{"allow":["GET"]}}],"collection":[{"href":"https:\/\/www.laguiadepamplona.com\/actualidad\/wp-json\/wp\/v2\/posts"}],"about":[{"href":"https:\/\/www.laguiadepamplona.com\/actualidad\/wp-json\/wp\/v2\/types\/post"}],"author":[{"embeddable":true,"href":"https:\/\/www.laguiadepamplona.com\/actualidad\/wp-json\/wp\/v2\/users\/1"}],"replies":[{"embeddable":true,"href":"https:\/\/www.laguiadepamplona.com\/actualidad\/wp-json\/wp\/v2\/comments?post=13104"}],"version-history":[{"count":0,"href":"https:\/\/www.laguiadepamplona.com\/actualidad\/wp-json\/wp\/v2\/posts\/13104\/revisions"}],"wp:featuredmedia":[{"embeddable":true,"href":"https:\/\/www.laguiadepamplona.com\/actualidad\/wp-json\/wp\/v2\/media\/10979"}],"wp:attachment":[{"href":"https:\/\/www.laguiadepamplona.com\/actualidad\/wp-json\/wp\/v2\/media?parent=13104"}],"wp:term":[{"taxonomy":"category","embeddable":true,"href":"https:\/\/www.laguiadepamplona.com\/actualidad\/wp-json\/wp\/v2\/categories?post=13104"},{"taxonomy":"post_tag","embeddable":true,"href":"https:\/\/www.laguiadepamplona.com\/actualidad\/wp-json\/wp\/v2\/tags?post=13104"}],"curies":[{"name":"wp","href":"https:\/\/api.w.org\/{rel}","templated":true}]}}