{"id":13095,"date":"2017-05-19T11:11:48","date_gmt":"2017-05-19T10:11:48","guid":{"rendered":"http:\/\/laguiadepamplona.es\/actualidad\/?p=13095"},"modified":"2017-05-19T11:11:48","modified_gmt":"2017-05-19T10:11:48","slug":"el-ayuntamiento-de-pamplona-inicia-el-proceso-de-acreditaciones-para-la-cobertura-de-los-sanfermines-2017","status":"publish","type":"post","link":"https:\/\/www.laguiadepamplona.com\/actualidad\/el-ayuntamiento-de-pamplona-inicia-el-proceso-de-acreditaciones-para-la-cobertura-de-los-sanfermines-2017\/","title":{"rendered":"El Ayuntamiento de Pamplona inicia el proceso de acreditaciones para la cobertura de los Sanfermines 2017"},"content":{"rendered":"<h3>Este a\u00f1o estrena una aplicaci\u00f3n online para mejorar el sistema y facilitar las peticiones de medios de comunicaci\u00f3n y profesionales gr\u00e1ficos<\/h3>\n<p><!--more--><\/p>\n<p>El Ayuntamiento de Pamplona ha iniciado el proceso de acreditaciones para la cobertura de las fiestas de San Ferm\u00edn 2017 por parte de medios de comunicaci\u00f3n y profesionales gr\u00e1ficos. Este a\u00f1o se estrena un nuevo sistema para tratar de facilitar el proceso, mediante una aplicaci\u00f3n online, de manera que son los medios directamente quienes pueden introducir y cambiar los datos de las personas acreditadas tantas veces como necesiten en el plazo de un mes, hasta el 15 de junio. El acceso al sistema se realiza mediante un usuario y contrase\u00f1a, que se facilita previa solicitud por correo electr\u00f3nico a <a href=\"mailto:SFacreditaciones@pamplona.es\">SFacreditaciones@pamplona.es<\/a>.<\/p>\n<p>El 15 de junio a medianoche se cerrar\u00e1 el sistema para que el servicio de comunicaci\u00f3n municipal pueda proceder a la valoraci\u00f3n de las solicitudes recibidas y asignar las acreditaciones. El Ayuntamiento acredita para tres eventos: el Chupinazo, el Pobre de M\u00ed y los ocho encierros de fiestas. El a\u00f1o pasado, se acredit\u00f3 a m\u00e1s de 400 profesionales gr\u00e1ficos y periodistas de 115 medios de comunicaci\u00f3n de todo el mundo. Se acercaron a cubrir los Sanfermines, especialmente el encierro, fot\u00f3grafos <em>freelance<\/em>, agencias nacionales e internacionales, peri\u00f3dicos de diferentes pa\u00edses, radios, productoras cinematogr\u00e1ficas y de televisi\u00f3n, de 15 pa\u00edses: Estados Unidos, Argentina, China, Reino Unido, Eslovenia, Francia, Turqu\u00eda, Rep\u00fablica Checa, Filipinas, Italia, Alemania, Suecia, Holanda, Colombia y Espa\u00f1a.<\/p>\n<p>Las acreditaciones se repartir\u00e1n despu\u00e9s en los primeros d\u00edas de julio en la Oficina Internacional de Prensa, un proyecto en el que colaboran el Ayuntamiento, el Gobierno de Navarra y la Asociaci\u00f3n de Periodista de Navarra para que los medios de comunicaci\u00f3n tengan un espacio de referencia durante las fiestas. Este espacio ser\u00e1 instalado un a\u00f1o m\u00e1s en el Palacio de Congresos y Auditorio Baluarte.<\/p>\n<p>Al igual que el a\u00f1o pasado, las solicitudes deber\u00e1n ir acompa\u00f1adas de una declaraci\u00f3n responsable sobre la seguridad de los acreditados, as\u00ed como de una justificaci\u00f3n de la solicitud, a modo de explicaci\u00f3n del proyecto que se va a realizar.<\/p>\n","protected":false},"excerpt":{"rendered":"<p>Este a\u00f1o estrena una aplicaci\u00f3n online para mejorar el sistema y facilitar las peticiones de medios de comunicaci\u00f3n y profesionales gr\u00e1ficos<\/p>\n","protected":false},"author":1,"featured_media":12596,"comment_status":"closed","ping_status":"closed","sticky":false,"template":"","format":"standard","meta":{"footnotes":""},"categories":[2],"tags":[],"class_list":["post-13095","post","type-post","status-publish","format-standard","has-post-thumbnail","hentry","category-ayuntamiento-pamplona"],"yoast_head":"<!-- This site is optimized with the Yoast SEO plugin v27.3 - https:\/\/yoast.com\/product\/yoast-seo-wordpress\/ -->\n<title>El Ayuntamiento de Pamplona inicia el proceso de acreditaciones para la cobertura de los Sanfermines 2017<\/title>\n<meta name=\"robots\" content=\"index, follow, max-snippet:-1, max-image-preview:large, max-video-preview:-1\" \/>\n<link rel=\"canonical\" href=\"https:\/\/www.laguiadepamplona.com\/actualidad\/el-ayuntamiento-de-pamplona-inicia-el-proceso-de-acreditaciones-para-la-cobertura-de-los-sanfermines-2017\/\" \/>\n<meta property=\"og:locale\" content=\"es_ES\" \/>\n<meta property=\"og:type\" content=\"article\" \/>\n<meta property=\"og:title\" content=\"El Ayuntamiento de Pamplona inicia el proceso de acreditaciones para la cobertura de los Sanfermines 2017\" \/>\n<meta property=\"og:description\" content=\"Este a\u00f1o estrena una aplicaci\u00f3n online para mejorar el sistema y facilitar las peticiones de medios de comunicaci\u00f3n y profesionales gr\u00e1ficos\" \/>\n<meta property=\"og:url\" content=\"https:\/\/www.laguiadepamplona.com\/actualidad\/el-ayuntamiento-de-pamplona-inicia-el-proceso-de-acreditaciones-para-la-cobertura-de-los-sanfermines-2017\/\" \/>\n<meta property=\"og:site_name\" content=\"La Gu\u00eda de Pamplona\" \/>\n<meta property=\"article:publisher\" content=\"https:\/\/www.facebook.com\/laguiadepamplonacom-133175176762273\/?ref=hl\" \/>\n<meta property=\"article:published_time\" content=\"2017-05-19T10:11:48+00:00\" \/>\n<meta property=\"og:image\" content=\"https:\/\/www.laguiadepamplona.com\/actualidad\/wp-content\/uploads\/2017\/04\/N\u00ba1_\u2018Ma\u00f1anas-sanfermineras\u20191.jpg\" \/>\n\t<meta property=\"og:image:width\" content=\"688\" \/>\n\t<meta property=\"og:image:height\" content=\"1000\" \/>\n\t<meta property=\"og:image:type\" content=\"image\/jpeg\" \/>\n<meta name=\"author\" content=\"La Gu\u00eda de Pamplona\" \/>\n<meta name=\"twitter:card\" content=\"summary_large_image\" \/>\n<meta name=\"twitter:creator\" content=\"@LaGuiadPamplona\" \/>\n<meta name=\"twitter:site\" content=\"@LaGuiadPamplona\" \/>\n<meta name=\"twitter:label1\" content=\"Escrito por\" \/>\n\t<meta name=\"twitter:data1\" content=\"La Gu\u00eda de Pamplona\" \/>\n\t<meta name=\"twitter:label2\" content=\"Tiempo de lectura\" \/>\n\t<meta name=\"twitter:data2\" content=\"2 minutos\" \/>\n<script type=\"application\/ld+json\" class=\"yoast-schema-graph\">{\"@context\":\"https:\\\/\\\/schema.org\",\"@graph\":[{\"@type\":\"Article\",\"@id\":\"https:\\\/\\\/www.laguiadepamplona.com\\\/actualidad\\\/el-ayuntamiento-de-pamplona-inicia-el-proceso-de-acreditaciones-para-la-cobertura-de-los-sanfermines-2017\\\/#article\",\"isPartOf\":{\"@id\":\"https:\\\/\\\/www.laguiadepamplona.com\\\/actualidad\\\/el-ayuntamiento-de-pamplona-inicia-el-proceso-de-acreditaciones-para-la-cobertura-de-los-sanfermines-2017\\\/\"},\"author\":{\"name\":\"La Gu\u00eda de Pamplona\",\"@id\":\"https:\\\/\\\/www.laguiadepamplona.com\\\/actualidad\\\/#\\\/schema\\\/person\\\/efe887376f0213d4657c93adc50b1fdb\"},\"headline\":\"El Ayuntamiento de Pamplona inicia el proceso de acreditaciones para la cobertura de los Sanfermines 2017\",\"datePublished\":\"2017-05-19T10:11:48+00:00\",\"mainEntityOfPage\":{\"@id\":\"https:\\\/\\\/www.laguiadepamplona.com\\\/actualidad\\\/el-ayuntamiento-de-pamplona-inicia-el-proceso-de-acreditaciones-para-la-cobertura-de-los-sanfermines-2017\\\/\"},\"wordCount\":393,\"publisher\":{\"@id\":\"https:\\\/\\\/www.laguiadepamplona.com\\\/actualidad\\\/#organization\"},\"image\":{\"@id\":\"https:\\\/\\\/www.laguiadepamplona.com\\\/actualidad\\\/el-ayuntamiento-de-pamplona-inicia-el-proceso-de-acreditaciones-para-la-cobertura-de-los-sanfermines-2017\\\/#primaryimage\"},\"thumbnailUrl\":\"https:\\\/\\\/www.laguiadepamplona.com\\\/actualidad\\\/wp-content\\\/uploads\\\/2017\\\/04\\\/N\u00ba1_\u2018Ma\u00f1anas-sanfermineras\u20191.jpg\",\"articleSection\":[\"Ayto Pamplona\"],\"inLanguage\":\"es\"},{\"@type\":\"WebPage\",\"@id\":\"https:\\\/\\\/www.laguiadepamplona.com\\\/actualidad\\\/el-ayuntamiento-de-pamplona-inicia-el-proceso-de-acreditaciones-para-la-cobertura-de-los-sanfermines-2017\\\/\",\"url\":\"https:\\\/\\\/www.laguiadepamplona.com\\\/actualidad\\\/el-ayuntamiento-de-pamplona-inicia-el-proceso-de-acreditaciones-para-la-cobertura-de-los-sanfermines-2017\\\/\",\"name\":\"El Ayuntamiento de Pamplona inicia el proceso de acreditaciones para la cobertura de los Sanfermines 2017\",\"isPartOf\":{\"@id\":\"https:\\\/\\\/www.laguiadepamplona.com\\\/actualidad\\\/#website\"},\"primaryImageOfPage\":{\"@id\":\"https:\\\/\\\/www.laguiadepamplona.com\\\/actualidad\\\/el-ayuntamiento-de-pamplona-inicia-el-proceso-de-acreditaciones-para-la-cobertura-de-los-sanfermines-2017\\\/#primaryimage\"},\"image\":{\"@id\":\"https:\\\/\\\/www.laguiadepamplona.com\\\/actualidad\\\/el-ayuntamiento-de-pamplona-inicia-el-proceso-de-acreditaciones-para-la-cobertura-de-los-sanfermines-2017\\\/#primaryimage\"},\"thumbnailUrl\":\"https:\\\/\\\/www.laguiadepamplona.com\\\/actualidad\\\/wp-content\\\/uploads\\\/2017\\\/04\\\/N\u00ba1_\u2018Ma\u00f1anas-sanfermineras\u20191.jpg\",\"datePublished\":\"2017-05-19T10:11:48+00:00\",\"breadcrumb\":{\"@id\":\"https:\\\/\\\/www.laguiadepamplona.com\\\/actualidad\\\/el-ayuntamiento-de-pamplona-inicia-el-proceso-de-acreditaciones-para-la-cobertura-de-los-sanfermines-2017\\\/#breadcrumb\"},\"inLanguage\":\"es\",\"potentialAction\":[{\"@type\":\"ReadAction\",\"target\":[\"https:\\\/\\\/www.laguiadepamplona.com\\\/actualidad\\\/el-ayuntamiento-de-pamplona-inicia-el-proceso-de-acreditaciones-para-la-cobertura-de-los-sanfermines-2017\\\/\"]}]},{\"@type\":\"ImageObject\",\"inLanguage\":\"es\",\"@id\":\"https:\\\/\\\/www.laguiadepamplona.com\\\/actualidad\\\/el-ayuntamiento-de-pamplona-inicia-el-proceso-de-acreditaciones-para-la-cobertura-de-los-sanfermines-2017\\\/#primaryimage\",\"url\":\"https:\\\/\\\/www.laguiadepamplona.com\\\/actualidad\\\/wp-content\\\/uploads\\\/2017\\\/04\\\/N\u00ba1_\u2018Ma\u00f1anas-sanfermineras\u20191.jpg\",\"contentUrl\":\"https:\\\/\\\/www.laguiadepamplona.com\\\/actualidad\\\/wp-content\\\/uploads\\\/2017\\\/04\\\/N\u00ba1_\u2018Ma\u00f1anas-sanfermineras\u20191.jpg\",\"width\":688,\"height\":1000},{\"@type\":\"BreadcrumbList\",\"@id\":\"https:\\\/\\\/www.laguiadepamplona.com\\\/actualidad\\\/el-ayuntamiento-de-pamplona-inicia-el-proceso-de-acreditaciones-para-la-cobertura-de-los-sanfermines-2017\\\/#breadcrumb\",\"itemListElement\":[{\"@type\":\"ListItem\",\"position\":1,\"name\":\"Portada\",\"item\":\"https:\\\/\\\/www.laguiadepamplona.com\\\/actualidad\\\/\"},{\"@type\":\"ListItem\",\"position\":2,\"name\":\"El Ayuntamiento de Pamplona inicia el proceso de acreditaciones para la cobertura de los Sanfermines 2017\"}]},{\"@type\":\"WebSite\",\"@id\":\"https:\\\/\\\/www.laguiadepamplona.com\\\/actualidad\\\/#website\",\"url\":\"https:\\\/\\\/www.laguiadepamplona.com\\\/actualidad\\\/\",\"name\":\"La gu\u00eda de Pamplona\",\"description\":\"Noticias de Pamplona\",\"publisher\":{\"@id\":\"https:\\\/\\\/www.laguiadepamplona.com\\\/actualidad\\\/#organization\"},\"potentialAction\":[{\"@type\":\"SearchAction\",\"target\":{\"@type\":\"EntryPoint\",\"urlTemplate\":\"https:\\\/\\\/www.laguiadepamplona.com\\\/actualidad\\\/?s={search_term_string}\"},\"query-input\":{\"@type\":\"PropertyValueSpecification\",\"valueRequired\":true,\"valueName\":\"search_term_string\"}}],\"inLanguage\":\"es\"},{\"@type\":\"Organization\",\"@id\":\"https:\\\/\\\/www.laguiadepamplona.com\\\/actualidad\\\/#organization\",\"name\":\"La Gu\u00eda de Pamplona \\\/ Noticias\",\"url\":\"https:\\\/\\\/www.laguiadepamplona.com\\\/actualidad\\\/\",\"logo\":{\"@type\":\"ImageObject\",\"inLanguage\":\"es\",\"@id\":\"https:\\\/\\\/www.laguiadepamplona.com\\\/actualidad\\\/#\\\/schema\\\/logo\\\/image\\\/\",\"url\":\"https:\\\/\\\/www.laguiadepamplona.com\\\/actualidad\\\/wp-content\\\/uploads\\\/2018\\\/11\\\/logo-laguiadepamplona18-web1.png\",\"contentUrl\":\"https:\\\/\\\/www.laguiadepamplona.com\\\/actualidad\\\/wp-content\\\/uploads\\\/2018\\\/11\\\/logo-laguiadepamplona18-web1.png\",\"width\":600,\"height\":196,\"caption\":\"La Gu\u00eda de Pamplona \\\/ Noticias\"},\"image\":{\"@id\":\"https:\\\/\\\/www.laguiadepamplona.com\\\/actualidad\\\/#\\\/schema\\\/logo\\\/image\\\/\"},\"sameAs\":[\"https:\\\/\\\/www.facebook.com\\\/laguiadepamplonacom-133175176762273\\\/?ref=hl\",\"https:\\\/\\\/x.com\\\/LaGuiadPamplona\",\"https:\\\/\\\/www.instagram.com\\\/la_guia_de_pamplona\\\/\",\"https:\\\/\\\/www.youtube.com\\\/user\\\/laguiadepamplona\"]},{\"@type\":\"Person\",\"@id\":\"https:\\\/\\\/www.laguiadepamplona.com\\\/actualidad\\\/#\\\/schema\\\/person\\\/efe887376f0213d4657c93adc50b1fdb\",\"name\":\"La Gu\u00eda de Pamplona\",\"image\":{\"@type\":\"ImageObject\",\"inLanguage\":\"es\",\"@id\":\"https:\\\/\\\/secure.gravatar.com\\\/avatar\\\/b6992f131dc8d30ab0dff15446e9d346d9dbd95992de0fef795073f5ea83a81c?s=96&d=mm&r=g\",\"url\":\"https:\\\/\\\/secure.gravatar.com\\\/avatar\\\/b6992f131dc8d30ab0dff15446e9d346d9dbd95992de0fef795073f5ea83a81c?s=96&d=mm&r=g\",\"contentUrl\":\"https:\\\/\\\/secure.gravatar.com\\\/avatar\\\/b6992f131dc8d30ab0dff15446e9d346d9dbd95992de0fef795073f5ea83a81c?s=96&d=mm&r=g\",\"caption\":\"La Gu\u00eda de Pamplona\"}}]}<\/script>\n<!-- \/ Yoast SEO plugin. -->","yoast_head_json":{"title":"El Ayuntamiento de Pamplona inicia el proceso de acreditaciones para la cobertura de los Sanfermines 2017","robots":{"index":"index","follow":"follow","max-snippet":"max-snippet:-1","max-image-preview":"max-image-preview:large","max-video-preview":"max-video-preview:-1"},"canonical":"https:\/\/www.laguiadepamplona.com\/actualidad\/el-ayuntamiento-de-pamplona-inicia-el-proceso-de-acreditaciones-para-la-cobertura-de-los-sanfermines-2017\/","og_locale":"es_ES","og_type":"article","og_title":"El Ayuntamiento de Pamplona inicia el proceso de acreditaciones para la cobertura de los Sanfermines 2017","og_description":"Este a\u00f1o estrena una aplicaci\u00f3n online para mejorar el sistema y facilitar las peticiones de medios de comunicaci\u00f3n y profesionales gr\u00e1ficos","og_url":"https:\/\/www.laguiadepamplona.com\/actualidad\/el-ayuntamiento-de-pamplona-inicia-el-proceso-de-acreditaciones-para-la-cobertura-de-los-sanfermines-2017\/","og_site_name":"La Gu\u00eda de Pamplona","article_publisher":"https:\/\/www.facebook.com\/laguiadepamplonacom-133175176762273\/?ref=hl","article_published_time":"2017-05-19T10:11:48+00:00","og_image":[{"width":688,"height":1000,"url":"https:\/\/www.laguiadepamplona.com\/actualidad\/wp-content\/uploads\/2017\/04\/N\u00ba1_\u2018Ma\u00f1anas-sanfermineras\u20191.jpg","type":"image\/jpeg"}],"author":"La Gu\u00eda de Pamplona","twitter_card":"summary_large_image","twitter_creator":"@LaGuiadPamplona","twitter_site":"@LaGuiadPamplona","twitter_misc":{"Escrito por":"La Gu\u00eda de Pamplona","Tiempo de lectura":"2 minutos"},"schema":{"@context":"https:\/\/schema.org","@graph":[{"@type":"Article","@id":"https:\/\/www.laguiadepamplona.com\/actualidad\/el-ayuntamiento-de-pamplona-inicia-el-proceso-de-acreditaciones-para-la-cobertura-de-los-sanfermines-2017\/#article","isPartOf":{"@id":"https:\/\/www.laguiadepamplona.com\/actualidad\/el-ayuntamiento-de-pamplona-inicia-el-proceso-de-acreditaciones-para-la-cobertura-de-los-sanfermines-2017\/"},"author":{"name":"La Gu\u00eda de Pamplona","@id":"https:\/\/www.laguiadepamplona.com\/actualidad\/#\/schema\/person\/efe887376f0213d4657c93adc50b1fdb"},"headline":"El Ayuntamiento de Pamplona inicia el proceso de acreditaciones para la cobertura de los Sanfermines 2017","datePublished":"2017-05-19T10:11:48+00:00","mainEntityOfPage":{"@id":"https:\/\/www.laguiadepamplona.com\/actualidad\/el-ayuntamiento-de-pamplona-inicia-el-proceso-de-acreditaciones-para-la-cobertura-de-los-sanfermines-2017\/"},"wordCount":393,"publisher":{"@id":"https:\/\/www.laguiadepamplona.com\/actualidad\/#organization"},"image":{"@id":"https:\/\/www.laguiadepamplona.com\/actualidad\/el-ayuntamiento-de-pamplona-inicia-el-proceso-de-acreditaciones-para-la-cobertura-de-los-sanfermines-2017\/#primaryimage"},"thumbnailUrl":"https:\/\/www.laguiadepamplona.com\/actualidad\/wp-content\/uploads\/2017\/04\/N\u00ba1_\u2018Ma\u00f1anas-sanfermineras\u20191.jpg","articleSection":["Ayto Pamplona"],"inLanguage":"es"},{"@type":"WebPage","@id":"https:\/\/www.laguiadepamplona.com\/actualidad\/el-ayuntamiento-de-pamplona-inicia-el-proceso-de-acreditaciones-para-la-cobertura-de-los-sanfermines-2017\/","url":"https:\/\/www.laguiadepamplona.com\/actualidad\/el-ayuntamiento-de-pamplona-inicia-el-proceso-de-acreditaciones-para-la-cobertura-de-los-sanfermines-2017\/","name":"El Ayuntamiento de Pamplona inicia el proceso de acreditaciones para la cobertura de los Sanfermines 2017","isPartOf":{"@id":"https:\/\/www.laguiadepamplona.com\/actualidad\/#website"},"primaryImageOfPage":{"@id":"https:\/\/www.laguiadepamplona.com\/actualidad\/el-ayuntamiento-de-pamplona-inicia-el-proceso-de-acreditaciones-para-la-cobertura-de-los-sanfermines-2017\/#primaryimage"},"image":{"@id":"https:\/\/www.laguiadepamplona.com\/actualidad\/el-ayuntamiento-de-pamplona-inicia-el-proceso-de-acreditaciones-para-la-cobertura-de-los-sanfermines-2017\/#primaryimage"},"thumbnailUrl":"https:\/\/www.laguiadepamplona.com\/actualidad\/wp-content\/uploads\/2017\/04\/N\u00ba1_\u2018Ma\u00f1anas-sanfermineras\u20191.jpg","datePublished":"2017-05-19T10:11:48+00:00","breadcrumb":{"@id":"https:\/\/www.laguiadepamplona.com\/actualidad\/el-ayuntamiento-de-pamplona-inicia-el-proceso-de-acreditaciones-para-la-cobertura-de-los-sanfermines-2017\/#breadcrumb"},"inLanguage":"es","potentialAction":[{"@type":"ReadAction","target":["https:\/\/www.laguiadepamplona.com\/actualidad\/el-ayuntamiento-de-pamplona-inicia-el-proceso-de-acreditaciones-para-la-cobertura-de-los-sanfermines-2017\/"]}]},{"@type":"ImageObject","inLanguage":"es","@id":"https:\/\/www.laguiadepamplona.com\/actualidad\/el-ayuntamiento-de-pamplona-inicia-el-proceso-de-acreditaciones-para-la-cobertura-de-los-sanfermines-2017\/#primaryimage","url":"https:\/\/www.laguiadepamplona.com\/actualidad\/wp-content\/uploads\/2017\/04\/N\u00ba1_\u2018Ma\u00f1anas-sanfermineras\u20191.jpg","contentUrl":"https:\/\/www.laguiadepamplona.com\/actualidad\/wp-content\/uploads\/2017\/04\/N\u00ba1_\u2018Ma\u00f1anas-sanfermineras\u20191.jpg","width":688,"height":1000},{"@type":"BreadcrumbList","@id":"https:\/\/www.laguiadepamplona.com\/actualidad\/el-ayuntamiento-de-pamplona-inicia-el-proceso-de-acreditaciones-para-la-cobertura-de-los-sanfermines-2017\/#breadcrumb","itemListElement":[{"@type":"ListItem","position":1,"name":"Portada","item":"https:\/\/www.laguiadepamplona.com\/actualidad\/"},{"@type":"ListItem","position":2,"name":"El Ayuntamiento de Pamplona inicia el proceso de acreditaciones para la cobertura de los Sanfermines 2017"}]},{"@type":"WebSite","@id":"https:\/\/www.laguiadepamplona.com\/actualidad\/#website","url":"https:\/\/www.laguiadepamplona.com\/actualidad\/","name":"La gu\u00eda de Pamplona","description":"Noticias de Pamplona","publisher":{"@id":"https:\/\/www.laguiadepamplona.com\/actualidad\/#organization"},"potentialAction":[{"@type":"SearchAction","target":{"@type":"EntryPoint","urlTemplate":"https:\/\/www.laguiadepamplona.com\/actualidad\/?s={search_term_string}"},"query-input":{"@type":"PropertyValueSpecification","valueRequired":true,"valueName":"search_term_string"}}],"inLanguage":"es"},{"@type":"Organization","@id":"https:\/\/www.laguiadepamplona.com\/actualidad\/#organization","name":"La Gu\u00eda de Pamplona \/ Noticias","url":"https:\/\/www.laguiadepamplona.com\/actualidad\/","logo":{"@type":"ImageObject","inLanguage":"es","@id":"https:\/\/www.laguiadepamplona.com\/actualidad\/#\/schema\/logo\/image\/","url":"https:\/\/www.laguiadepamplona.com\/actualidad\/wp-content\/uploads\/2018\/11\/logo-laguiadepamplona18-web1.png","contentUrl":"https:\/\/www.laguiadepamplona.com\/actualidad\/wp-content\/uploads\/2018\/11\/logo-laguiadepamplona18-web1.png","width":600,"height":196,"caption":"La Gu\u00eda de Pamplona \/ Noticias"},"image":{"@id":"https:\/\/www.laguiadepamplona.com\/actualidad\/#\/schema\/logo\/image\/"},"sameAs":["https:\/\/www.facebook.com\/laguiadepamplonacom-133175176762273\/?ref=hl","https:\/\/x.com\/LaGuiadPamplona","https:\/\/www.instagram.com\/la_guia_de_pamplona\/","https:\/\/www.youtube.com\/user\/laguiadepamplona"]},{"@type":"Person","@id":"https:\/\/www.laguiadepamplona.com\/actualidad\/#\/schema\/person\/efe887376f0213d4657c93adc50b1fdb","name":"La Gu\u00eda de Pamplona","image":{"@type":"ImageObject","inLanguage":"es","@id":"https:\/\/secure.gravatar.com\/avatar\/b6992f131dc8d30ab0dff15446e9d346d9dbd95992de0fef795073f5ea83a81c?s=96&d=mm&r=g","url":"https:\/\/secure.gravatar.com\/avatar\/b6992f131dc8d30ab0dff15446e9d346d9dbd95992de0fef795073f5ea83a81c?s=96&d=mm&r=g","contentUrl":"https:\/\/secure.gravatar.com\/avatar\/b6992f131dc8d30ab0dff15446e9d346d9dbd95992de0fef795073f5ea83a81c?s=96&d=mm&r=g","caption":"La Gu\u00eda de Pamplona"}}]}},"post_mailing_queue_ids":[],"_links":{"self":[{"href":"https:\/\/www.laguiadepamplona.com\/actualidad\/wp-json\/wp\/v2\/posts\/13095","targetHints":{"allow":["GET"]}}],"collection":[{"href":"https:\/\/www.laguiadepamplona.com\/actualidad\/wp-json\/wp\/v2\/posts"}],"about":[{"href":"https:\/\/www.laguiadepamplona.com\/actualidad\/wp-json\/wp\/v2\/types\/post"}],"author":[{"embeddable":true,"href":"https:\/\/www.laguiadepamplona.com\/actualidad\/wp-json\/wp\/v2\/users\/1"}],"replies":[{"embeddable":true,"href":"https:\/\/www.laguiadepamplona.com\/actualidad\/wp-json\/wp\/v2\/comments?post=13095"}],"version-history":[{"count":0,"href":"https:\/\/www.laguiadepamplona.com\/actualidad\/wp-json\/wp\/v2\/posts\/13095\/revisions"}],"wp:featuredmedia":[{"embeddable":true,"href":"https:\/\/www.laguiadepamplona.com\/actualidad\/wp-json\/wp\/v2\/media\/12596"}],"wp:attachment":[{"href":"https:\/\/www.laguiadepamplona.com\/actualidad\/wp-json\/wp\/v2\/media?parent=13095"}],"wp:term":[{"taxonomy":"category","embeddable":true,"href":"https:\/\/www.laguiadepamplona.com\/actualidad\/wp-json\/wp\/v2\/categories?post=13095"},{"taxonomy":"post_tag","embeddable":true,"href":"https:\/\/www.laguiadepamplona.com\/actualidad\/wp-json\/wp\/v2\/tags?post=13095"}],"curies":[{"name":"wp","href":"https:\/\/api.w.org\/{rel}","templated":true}]}}