{"id":13093,"date":"2017-05-19T11:10:52","date_gmt":"2017-05-19T10:10:52","guid":{"rendered":"http:\/\/laguiadepamplona.es\/actualidad\/?p=13093"},"modified":"2017-05-19T14:57:46","modified_gmt":"2017-05-19T13:57:46","slug":"el-ayuntamiento-recibe-en-el-palacio-del-condestable-al-foro-de-la-diversidad-cultural-de-pamplona","status":"publish","type":"post","link":"https:\/\/www.laguiadepamplona.com\/actualidad\/el-ayuntamiento-recibe-en-el-palacio-del-condestable-al-foro-de-la-diversidad-cultural-de-pamplona\/","title":{"rendered":"El Ayuntamiento recibe en el Palacio del Condestable al Foro de la Diversidad Cultural de Pamplona"},"content":{"rendered":"<h3>El acto ha contado, como ejemplo de diversidad, con las actuaciones de la asociaci\u00f3n Peruarte y del m\u00fasico senegal\u00e9s Rawan Diall\u00f3<\/h3>\n<p><!--more--><\/p>\n<p><a href=\"http:\/\/laguiadepamplona.es\/actualidad\/wp-content\/uploads\/2017\/05\/recepcion_foro_diversidad2.jpg\"><img loading=\"lazy\" decoding=\"async\" class=\"alignleft size-medium wp-image-13107\" src=\"http:\/\/laguiadepamplona.es\/actualidad\/wp-content\/uploads\/2017\/05\/recepcion_foro_diversidad2-300x200.jpg\" alt=\"\" width=\"300\" height=\"200\" srcset=\"https:\/\/www.laguiadepamplona.com\/actualidad\/wp-content\/uploads\/2017\/05\/recepcion_foro_diversidad2-300x200.jpg 300w, https:\/\/www.laguiadepamplona.com\/actualidad\/wp-content\/uploads\/2017\/05\/recepcion_foro_diversidad2-768x511.jpg 768w, https:\/\/www.laguiadepamplona.com\/actualidad\/wp-content\/uploads\/2017\/05\/recepcion_foro_diversidad2.jpg 1000w\" sizes=\"auto, (max-width: 300px) 100vw, 300px\" \/><\/a>El Ayuntamiento de Pamplona ha recibido en el Palacio del Condestable a las asociaciones y entidades representadas en el Foro de la Diversidad Cultural de Pamplona, que naci\u00f3 el pasado mes de diciembre, con el objetivo de trabajar por los derechos y la igualdad de oportunidades de todas las personas de la ciudad, independientemente de su origen. El recibimiento se enmarca en la celebraci\u00f3n este pr\u00f3ximo domingo 21 de mayo del D\u00eda Mundial de la Diversidad Cultural para el Di\u00e1logo y el Desarrollo.<\/p>\n<p>El alcalde de Pamplona, Joseba Asiron, ha presidido el acto, que ha contado con la presencia tambi\u00e9n de varios miembros de la Corporaci\u00f3n municipal. El recibimiento ha comenzado con la actuaci\u00f3n de la asociaci\u00f3n Peruarte, que ha interpretado una danza tradicional de su pa\u00eds que representa la costa, la selva y la monta\u00f1a como ejemplo y diversidad del pa\u00eds. Despu\u00e9s, han intervenido el propio alcalde; el concejal delegado de Participaci\u00f3n Ciudadana, Igualdad y Empoderamiento Social, Alberto Labarga, que preside el foro; y la presidenta de la Federaci\u00f3n de Asociaciones de Inmigrantes de Navarra (FAIN), Silvia Vel\u00e1squez. Adem\u00e1s, ha actuado el m\u00fasico y compositor senegal\u00e9s, Rawan Diall\u00f3, que ha interpretado \u2018Awa\u2019, en tres idiomas, wolof, franc\u00e9s y castellano.<\/p>\n<p><a href=\"http:\/\/laguiadepamplona.es\/actualidad\/wp-content\/uploads\/2017\/05\/recepcion_foro_diversidad3.jpg\"><img loading=\"lazy\" decoding=\"async\" class=\"alignleft size-medium wp-image-13108\" src=\"http:\/\/laguiadepamplona.es\/actualidad\/wp-content\/uploads\/2017\/05\/recepcion_foro_diversidad3-300x200.jpg\" alt=\"\" width=\"300\" height=\"200\" srcset=\"https:\/\/www.laguiadepamplona.com\/actualidad\/wp-content\/uploads\/2017\/05\/recepcion_foro_diversidad3-300x200.jpg 300w, https:\/\/www.laguiadepamplona.com\/actualidad\/wp-content\/uploads\/2017\/05\/recepcion_foro_diversidad3-768x511.jpg 768w, https:\/\/www.laguiadepamplona.com\/actualidad\/wp-content\/uploads\/2017\/05\/recepcion_foro_diversidad3.jpg 1000w\" sizes=\"auto, (max-width: 300px) 100vw, 300px\" \/><\/a>El Foro de la Diversidad trabaja fundamentalmente en tres l\u00edneas estrat\u00e9gicas: la plena ciudadan\u00eda, las campa\u00f1as antirracismo o antirrumores y la diversidad cultural. Se trabaja el reconocimiento como ciudadan\u00eda de todas las personas, independientemente de su origen o situaci\u00f3n administrativa y el contribuir a la construcci\u00f3n de una ciudad m\u00e1s justa para todo el mundo. La plena ciudadan\u00eda se entiende como el ejercicio de los derechos pol\u00edticos, sociales, civiles, econ\u00f3micos y culturales. En la diversidad cultural se apuesta por un modelo de convivencia intercultural basado en la interacci\u00f3n y el reconocimiento mutuo y las campa\u00f1as antirrumores y antirracismo.<\/p>\n<p>Otro aspecto en el que se hace hincapi\u00e9 en el foro es en el fomento y apoyo al asociacionismo, con el fortalecimiento del tejido asociativo, facilitando informaci\u00f3n, formaci\u00f3n y dando visibilidad a la labor que realizan. Se quiere que Pamplona sea una ciudad, un espacio colectivo, que pertenezca a todos sus habitantes, que tengan derecho a encontrar las condiciones para su realizaci\u00f3n pol\u00edtica, social y econ\u00f3mica, asumiendo deberes de solidaridad.<\/p>\n<p><a href=\"http:\/\/laguiadepamplona.es\/actualidad\/wp-content\/uploads\/2017\/05\/recepcion_foro_diversidad4.jpg\"><img loading=\"lazy\" decoding=\"async\" class=\"alignleft size-medium wp-image-13109\" src=\"http:\/\/laguiadepamplona.es\/actualidad\/wp-content\/uploads\/2017\/05\/recepcion_foro_diversidad4-300x200.jpg\" alt=\"\" width=\"300\" height=\"200\" srcset=\"https:\/\/www.laguiadepamplona.com\/actualidad\/wp-content\/uploads\/2017\/05\/recepcion_foro_diversidad4-300x200.jpg 300w, https:\/\/www.laguiadepamplona.com\/actualidad\/wp-content\/uploads\/2017\/05\/recepcion_foro_diversidad4-768x511.jpg 768w, https:\/\/www.laguiadepamplona.com\/actualidad\/wp-content\/uploads\/2017\/05\/recepcion_foro_diversidad4.jpg 1000w\" sizes=\"auto, (max-width: 300px) 100vw, 300px\" \/><\/a>A las dos reuniones del Foro de la Diversidad, celebradas en diciembre y marzo, se ha invitado a m\u00e1s de 70 asociaciones y entidades, entre ellas Flor de \u00c1frica, NABDA, Gaz Kalo, Centro Argentino Navarro, As\u00ed es Bolivia, ORFEY BG, Asociaci\u00f3n de Cameruneses de Navarra y amigos, ASOCOLON, APROE, Virgen del Cisne, ASNINA, Estado Edo, Contigo Per\u00fa, Per\u00fa Arte, Asin, \u00c1frica United, Alter Nativas, ASVENA, Vostok, FAIN, APROE, ASOVENEP, SEI, SOS Racismo, EH 11 Kolore, Plataforma Ciudadana Papeles o Derechos Denontzat.<\/p>\n<p>&nbsp;<\/p>\n","protected":false},"excerpt":{"rendered":"<p>El acto ha contado, como ejemplo de diversidad, con las actuaciones de la asociaci\u00f3n Peruarte y del m\u00fasico senegal\u00e9s Rawan Diall\u00f3<\/p>\n","protected":false},"author":1,"featured_media":13106,"comment_status":"closed","ping_status":"closed","sticky":false,"template":"","format":"standard","meta":{"footnotes":""},"categories":[2],"tags":[],"class_list":["post-13093","post","type-post","status-publish","format-standard","has-post-thumbnail","hentry","category-ayuntamiento-pamplona"],"yoast_head":"<!-- This site is optimized with the Yoast SEO plugin v27.3 - https:\/\/yoast.com\/product\/yoast-seo-wordpress\/ -->\n<title>El Ayuntamiento recibe en el Palacio del Condestable al Foro de la Diversidad Cultural de Pamplona<\/title>\n<meta name=\"robots\" content=\"index, follow, max-snippet:-1, max-image-preview:large, max-video-preview:-1\" \/>\n<link rel=\"canonical\" href=\"https:\/\/www.laguiadepamplona.com\/actualidad\/el-ayuntamiento-recibe-en-el-palacio-del-condestable-al-foro-de-la-diversidad-cultural-de-pamplona\/\" \/>\n<meta property=\"og:locale\" content=\"es_ES\" \/>\n<meta property=\"og:type\" content=\"article\" \/>\n<meta property=\"og:title\" content=\"El Ayuntamiento recibe en el Palacio del Condestable al Foro de la Diversidad Cultural de Pamplona\" \/>\n<meta property=\"og:description\" content=\"El acto ha contado, como ejemplo de diversidad, con las actuaciones de la asociaci\u00f3n Peruarte y del m\u00fasico senegal\u00e9s Rawan Diall\u00f3\" \/>\n<meta property=\"og:url\" content=\"https:\/\/www.laguiadepamplona.com\/actualidad\/el-ayuntamiento-recibe-en-el-palacio-del-condestable-al-foro-de-la-diversidad-cultural-de-pamplona\/\" \/>\n<meta property=\"og:site_name\" content=\"La Gu\u00eda de Pamplona\" \/>\n<meta property=\"article:publisher\" content=\"https:\/\/www.facebook.com\/laguiadepamplonacom-133175176762273\/?ref=hl\" \/>\n<meta property=\"article:published_time\" content=\"2017-05-19T10:10:52+00:00\" \/>\n<meta property=\"article:modified_time\" content=\"2017-05-19T13:57:46+00:00\" \/>\n<meta property=\"og:image\" content=\"https:\/\/www.laguiadepamplona.com\/actualidad\/wp-content\/uploads\/2017\/05\/recepcion_foro_diversidad1.jpg\" \/>\n\t<meta property=\"og:image:width\" content=\"1000\" \/>\n\t<meta property=\"og:image:height\" content=\"666\" \/>\n\t<meta property=\"og:image:type\" content=\"image\/jpeg\" \/>\n<meta name=\"author\" content=\"La Gu\u00eda de Pamplona\" \/>\n<meta name=\"twitter:card\" content=\"summary_large_image\" \/>\n<meta name=\"twitter:creator\" content=\"@LaGuiadPamplona\" \/>\n<meta name=\"twitter:site\" content=\"@LaGuiadPamplona\" \/>\n<meta name=\"twitter:label1\" content=\"Escrito por\" \/>\n\t<meta name=\"twitter:data1\" content=\"La Gu\u00eda de Pamplona\" \/>\n\t<meta name=\"twitter:label2\" content=\"Tiempo de lectura\" \/>\n\t<meta name=\"twitter:data2\" content=\"3 minutos\" \/>\n<script type=\"application\/ld+json\" class=\"yoast-schema-graph\">{\"@context\":\"https:\\\/\\\/schema.org\",\"@graph\":[{\"@type\":\"Article\",\"@id\":\"https:\\\/\\\/www.laguiadepamplona.com\\\/actualidad\\\/el-ayuntamiento-recibe-en-el-palacio-del-condestable-al-foro-de-la-diversidad-cultural-de-pamplona\\\/#article\",\"isPartOf\":{\"@id\":\"https:\\\/\\\/www.laguiadepamplona.com\\\/actualidad\\\/el-ayuntamiento-recibe-en-el-palacio-del-condestable-al-foro-de-la-diversidad-cultural-de-pamplona\\\/\"},\"author\":{\"name\":\"La Gu\u00eda de Pamplona\",\"@id\":\"https:\\\/\\\/www.laguiadepamplona.com\\\/actualidad\\\/#\\\/schema\\\/person\\\/efe887376f0213d4657c93adc50b1fdb\"},\"headline\":\"El Ayuntamiento recibe en el Palacio del Condestable al Foro de la Diversidad Cultural de Pamplona\",\"datePublished\":\"2017-05-19T10:10:52+00:00\",\"dateModified\":\"2017-05-19T13:57:46+00:00\",\"mainEntityOfPage\":{\"@id\":\"https:\\\/\\\/www.laguiadepamplona.com\\\/actualidad\\\/el-ayuntamiento-recibe-en-el-palacio-del-condestable-al-foro-de-la-diversidad-cultural-de-pamplona\\\/\"},\"wordCount\":526,\"publisher\":{\"@id\":\"https:\\\/\\\/www.laguiadepamplona.com\\\/actualidad\\\/#organization\"},\"image\":{\"@id\":\"https:\\\/\\\/www.laguiadepamplona.com\\\/actualidad\\\/el-ayuntamiento-recibe-en-el-palacio-del-condestable-al-foro-de-la-diversidad-cultural-de-pamplona\\\/#primaryimage\"},\"thumbnailUrl\":\"https:\\\/\\\/www.laguiadepamplona.com\\\/actualidad\\\/wp-content\\\/uploads\\\/2017\\\/05\\\/recepcion_foro_diversidad1.jpg\",\"articleSection\":[\"Ayto Pamplona\"],\"inLanguage\":\"es\"},{\"@type\":\"WebPage\",\"@id\":\"https:\\\/\\\/www.laguiadepamplona.com\\\/actualidad\\\/el-ayuntamiento-recibe-en-el-palacio-del-condestable-al-foro-de-la-diversidad-cultural-de-pamplona\\\/\",\"url\":\"https:\\\/\\\/www.laguiadepamplona.com\\\/actualidad\\\/el-ayuntamiento-recibe-en-el-palacio-del-condestable-al-foro-de-la-diversidad-cultural-de-pamplona\\\/\",\"name\":\"El Ayuntamiento recibe en el Palacio del Condestable al Foro de la Diversidad Cultural de Pamplona\",\"isPartOf\":{\"@id\":\"https:\\\/\\\/www.laguiadepamplona.com\\\/actualidad\\\/#website\"},\"primaryImageOfPage\":{\"@id\":\"https:\\\/\\\/www.laguiadepamplona.com\\\/actualidad\\\/el-ayuntamiento-recibe-en-el-palacio-del-condestable-al-foro-de-la-diversidad-cultural-de-pamplona\\\/#primaryimage\"},\"image\":{\"@id\":\"https:\\\/\\\/www.laguiadepamplona.com\\\/actualidad\\\/el-ayuntamiento-recibe-en-el-palacio-del-condestable-al-foro-de-la-diversidad-cultural-de-pamplona\\\/#primaryimage\"},\"thumbnailUrl\":\"https:\\\/\\\/www.laguiadepamplona.com\\\/actualidad\\\/wp-content\\\/uploads\\\/2017\\\/05\\\/recepcion_foro_diversidad1.jpg\",\"datePublished\":\"2017-05-19T10:10:52+00:00\",\"dateModified\":\"2017-05-19T13:57:46+00:00\",\"breadcrumb\":{\"@id\":\"https:\\\/\\\/www.laguiadepamplona.com\\\/actualidad\\\/el-ayuntamiento-recibe-en-el-palacio-del-condestable-al-foro-de-la-diversidad-cultural-de-pamplona\\\/#breadcrumb\"},\"inLanguage\":\"es\",\"potentialAction\":[{\"@type\":\"ReadAction\",\"target\":[\"https:\\\/\\\/www.laguiadepamplona.com\\\/actualidad\\\/el-ayuntamiento-recibe-en-el-palacio-del-condestable-al-foro-de-la-diversidad-cultural-de-pamplona\\\/\"]}]},{\"@type\":\"ImageObject\",\"inLanguage\":\"es\",\"@id\":\"https:\\\/\\\/www.laguiadepamplona.com\\\/actualidad\\\/el-ayuntamiento-recibe-en-el-palacio-del-condestable-al-foro-de-la-diversidad-cultural-de-pamplona\\\/#primaryimage\",\"url\":\"https:\\\/\\\/www.laguiadepamplona.com\\\/actualidad\\\/wp-content\\\/uploads\\\/2017\\\/05\\\/recepcion_foro_diversidad1.jpg\",\"contentUrl\":\"https:\\\/\\\/www.laguiadepamplona.com\\\/actualidad\\\/wp-content\\\/uploads\\\/2017\\\/05\\\/recepcion_foro_diversidad1.jpg\",\"width\":1000,\"height\":666},{\"@type\":\"BreadcrumbList\",\"@id\":\"https:\\\/\\\/www.laguiadepamplona.com\\\/actualidad\\\/el-ayuntamiento-recibe-en-el-palacio-del-condestable-al-foro-de-la-diversidad-cultural-de-pamplona\\\/#breadcrumb\",\"itemListElement\":[{\"@type\":\"ListItem\",\"position\":1,\"name\":\"Portada\",\"item\":\"https:\\\/\\\/www.laguiadepamplona.com\\\/actualidad\\\/\"},{\"@type\":\"ListItem\",\"position\":2,\"name\":\"El Ayuntamiento recibe en el Palacio del Condestable al Foro de la Diversidad Cultural de Pamplona\"}]},{\"@type\":\"WebSite\",\"@id\":\"https:\\\/\\\/www.laguiadepamplona.com\\\/actualidad\\\/#website\",\"url\":\"https:\\\/\\\/www.laguiadepamplona.com\\\/actualidad\\\/\",\"name\":\"La gu\u00eda de Pamplona\",\"description\":\"Noticias de Pamplona\",\"publisher\":{\"@id\":\"https:\\\/\\\/www.laguiadepamplona.com\\\/actualidad\\\/#organization\"},\"potentialAction\":[{\"@type\":\"SearchAction\",\"target\":{\"@type\":\"EntryPoint\",\"urlTemplate\":\"https:\\\/\\\/www.laguiadepamplona.com\\\/actualidad\\\/?s={search_term_string}\"},\"query-input\":{\"@type\":\"PropertyValueSpecification\",\"valueRequired\":true,\"valueName\":\"search_term_string\"}}],\"inLanguage\":\"es\"},{\"@type\":\"Organization\",\"@id\":\"https:\\\/\\\/www.laguiadepamplona.com\\\/actualidad\\\/#organization\",\"name\":\"La Gu\u00eda de Pamplona \\\/ Noticias\",\"url\":\"https:\\\/\\\/www.laguiadepamplona.com\\\/actualidad\\\/\",\"logo\":{\"@type\":\"ImageObject\",\"inLanguage\":\"es\",\"@id\":\"https:\\\/\\\/www.laguiadepamplona.com\\\/actualidad\\\/#\\\/schema\\\/logo\\\/image\\\/\",\"url\":\"https:\\\/\\\/www.laguiadepamplona.com\\\/actualidad\\\/wp-content\\\/uploads\\\/2018\\\/11\\\/logo-laguiadepamplona18-web1.png\",\"contentUrl\":\"https:\\\/\\\/www.laguiadepamplona.com\\\/actualidad\\\/wp-content\\\/uploads\\\/2018\\\/11\\\/logo-laguiadepamplona18-web1.png\",\"width\":600,\"height\":196,\"caption\":\"La Gu\u00eda de Pamplona \\\/ Noticias\"},\"image\":{\"@id\":\"https:\\\/\\\/www.laguiadepamplona.com\\\/actualidad\\\/#\\\/schema\\\/logo\\\/image\\\/\"},\"sameAs\":[\"https:\\\/\\\/www.facebook.com\\\/laguiadepamplonacom-133175176762273\\\/?ref=hl\",\"https:\\\/\\\/x.com\\\/LaGuiadPamplona\",\"https:\\\/\\\/www.instagram.com\\\/la_guia_de_pamplona\\\/\",\"https:\\\/\\\/www.youtube.com\\\/user\\\/laguiadepamplona\"]},{\"@type\":\"Person\",\"@id\":\"https:\\\/\\\/www.laguiadepamplona.com\\\/actualidad\\\/#\\\/schema\\\/person\\\/efe887376f0213d4657c93adc50b1fdb\",\"name\":\"La Gu\u00eda de Pamplona\",\"image\":{\"@type\":\"ImageObject\",\"inLanguage\":\"es\",\"@id\":\"https:\\\/\\\/secure.gravatar.com\\\/avatar\\\/b6992f131dc8d30ab0dff15446e9d346d9dbd95992de0fef795073f5ea83a81c?s=96&d=mm&r=g\",\"url\":\"https:\\\/\\\/secure.gravatar.com\\\/avatar\\\/b6992f131dc8d30ab0dff15446e9d346d9dbd95992de0fef795073f5ea83a81c?s=96&d=mm&r=g\",\"contentUrl\":\"https:\\\/\\\/secure.gravatar.com\\\/avatar\\\/b6992f131dc8d30ab0dff15446e9d346d9dbd95992de0fef795073f5ea83a81c?s=96&d=mm&r=g\",\"caption\":\"La Gu\u00eda de Pamplona\"}}]}<\/script>\n<!-- \/ Yoast SEO plugin. -->","yoast_head_json":{"title":"El Ayuntamiento recibe en el Palacio del Condestable al Foro de la Diversidad Cultural de Pamplona","robots":{"index":"index","follow":"follow","max-snippet":"max-snippet:-1","max-image-preview":"max-image-preview:large","max-video-preview":"max-video-preview:-1"},"canonical":"https:\/\/www.laguiadepamplona.com\/actualidad\/el-ayuntamiento-recibe-en-el-palacio-del-condestable-al-foro-de-la-diversidad-cultural-de-pamplona\/","og_locale":"es_ES","og_type":"article","og_title":"El Ayuntamiento recibe en el Palacio del Condestable al Foro de la Diversidad Cultural de Pamplona","og_description":"El acto ha contado, como ejemplo de diversidad, con las actuaciones de la asociaci\u00f3n Peruarte y del m\u00fasico senegal\u00e9s Rawan Diall\u00f3","og_url":"https:\/\/www.laguiadepamplona.com\/actualidad\/el-ayuntamiento-recibe-en-el-palacio-del-condestable-al-foro-de-la-diversidad-cultural-de-pamplona\/","og_site_name":"La Gu\u00eda de Pamplona","article_publisher":"https:\/\/www.facebook.com\/laguiadepamplonacom-133175176762273\/?ref=hl","article_published_time":"2017-05-19T10:10:52+00:00","article_modified_time":"2017-05-19T13:57:46+00:00","og_image":[{"width":1000,"height":666,"url":"https:\/\/www.laguiadepamplona.com\/actualidad\/wp-content\/uploads\/2017\/05\/recepcion_foro_diversidad1.jpg","type":"image\/jpeg"}],"author":"La Gu\u00eda de Pamplona","twitter_card":"summary_large_image","twitter_creator":"@LaGuiadPamplona","twitter_site":"@LaGuiadPamplona","twitter_misc":{"Escrito por":"La Gu\u00eda de Pamplona","Tiempo de lectura":"3 minutos"},"schema":{"@context":"https:\/\/schema.org","@graph":[{"@type":"Article","@id":"https:\/\/www.laguiadepamplona.com\/actualidad\/el-ayuntamiento-recibe-en-el-palacio-del-condestable-al-foro-de-la-diversidad-cultural-de-pamplona\/#article","isPartOf":{"@id":"https:\/\/www.laguiadepamplona.com\/actualidad\/el-ayuntamiento-recibe-en-el-palacio-del-condestable-al-foro-de-la-diversidad-cultural-de-pamplona\/"},"author":{"name":"La Gu\u00eda de Pamplona","@id":"https:\/\/www.laguiadepamplona.com\/actualidad\/#\/schema\/person\/efe887376f0213d4657c93adc50b1fdb"},"headline":"El Ayuntamiento recibe en el Palacio del Condestable al Foro de la Diversidad Cultural de Pamplona","datePublished":"2017-05-19T10:10:52+00:00","dateModified":"2017-05-19T13:57:46+00:00","mainEntityOfPage":{"@id":"https:\/\/www.laguiadepamplona.com\/actualidad\/el-ayuntamiento-recibe-en-el-palacio-del-condestable-al-foro-de-la-diversidad-cultural-de-pamplona\/"},"wordCount":526,"publisher":{"@id":"https:\/\/www.laguiadepamplona.com\/actualidad\/#organization"},"image":{"@id":"https:\/\/www.laguiadepamplona.com\/actualidad\/el-ayuntamiento-recibe-en-el-palacio-del-condestable-al-foro-de-la-diversidad-cultural-de-pamplona\/#primaryimage"},"thumbnailUrl":"https:\/\/www.laguiadepamplona.com\/actualidad\/wp-content\/uploads\/2017\/05\/recepcion_foro_diversidad1.jpg","articleSection":["Ayto Pamplona"],"inLanguage":"es"},{"@type":"WebPage","@id":"https:\/\/www.laguiadepamplona.com\/actualidad\/el-ayuntamiento-recibe-en-el-palacio-del-condestable-al-foro-de-la-diversidad-cultural-de-pamplona\/","url":"https:\/\/www.laguiadepamplona.com\/actualidad\/el-ayuntamiento-recibe-en-el-palacio-del-condestable-al-foro-de-la-diversidad-cultural-de-pamplona\/","name":"El Ayuntamiento recibe en el Palacio del Condestable al Foro de la Diversidad Cultural de Pamplona","isPartOf":{"@id":"https:\/\/www.laguiadepamplona.com\/actualidad\/#website"},"primaryImageOfPage":{"@id":"https:\/\/www.laguiadepamplona.com\/actualidad\/el-ayuntamiento-recibe-en-el-palacio-del-condestable-al-foro-de-la-diversidad-cultural-de-pamplona\/#primaryimage"},"image":{"@id":"https:\/\/www.laguiadepamplona.com\/actualidad\/el-ayuntamiento-recibe-en-el-palacio-del-condestable-al-foro-de-la-diversidad-cultural-de-pamplona\/#primaryimage"},"thumbnailUrl":"https:\/\/www.laguiadepamplona.com\/actualidad\/wp-content\/uploads\/2017\/05\/recepcion_foro_diversidad1.jpg","datePublished":"2017-05-19T10:10:52+00:00","dateModified":"2017-05-19T13:57:46+00:00","breadcrumb":{"@id":"https:\/\/www.laguiadepamplona.com\/actualidad\/el-ayuntamiento-recibe-en-el-palacio-del-condestable-al-foro-de-la-diversidad-cultural-de-pamplona\/#breadcrumb"},"inLanguage":"es","potentialAction":[{"@type":"ReadAction","target":["https:\/\/www.laguiadepamplona.com\/actualidad\/el-ayuntamiento-recibe-en-el-palacio-del-condestable-al-foro-de-la-diversidad-cultural-de-pamplona\/"]}]},{"@type":"ImageObject","inLanguage":"es","@id":"https:\/\/www.laguiadepamplona.com\/actualidad\/el-ayuntamiento-recibe-en-el-palacio-del-condestable-al-foro-de-la-diversidad-cultural-de-pamplona\/#primaryimage","url":"https:\/\/www.laguiadepamplona.com\/actualidad\/wp-content\/uploads\/2017\/05\/recepcion_foro_diversidad1.jpg","contentUrl":"https:\/\/www.laguiadepamplona.com\/actualidad\/wp-content\/uploads\/2017\/05\/recepcion_foro_diversidad1.jpg","width":1000,"height":666},{"@type":"BreadcrumbList","@id":"https:\/\/www.laguiadepamplona.com\/actualidad\/el-ayuntamiento-recibe-en-el-palacio-del-condestable-al-foro-de-la-diversidad-cultural-de-pamplona\/#breadcrumb","itemListElement":[{"@type":"ListItem","position":1,"name":"Portada","item":"https:\/\/www.laguiadepamplona.com\/actualidad\/"},{"@type":"ListItem","position":2,"name":"El Ayuntamiento recibe en el Palacio del Condestable al Foro de la Diversidad Cultural de Pamplona"}]},{"@type":"WebSite","@id":"https:\/\/www.laguiadepamplona.com\/actualidad\/#website","url":"https:\/\/www.laguiadepamplona.com\/actualidad\/","name":"La gu\u00eda de Pamplona","description":"Noticias de Pamplona","publisher":{"@id":"https:\/\/www.laguiadepamplona.com\/actualidad\/#organization"},"potentialAction":[{"@type":"SearchAction","target":{"@type":"EntryPoint","urlTemplate":"https:\/\/www.laguiadepamplona.com\/actualidad\/?s={search_term_string}"},"query-input":{"@type":"PropertyValueSpecification","valueRequired":true,"valueName":"search_term_string"}}],"inLanguage":"es"},{"@type":"Organization","@id":"https:\/\/www.laguiadepamplona.com\/actualidad\/#organization","name":"La Gu\u00eda de Pamplona \/ Noticias","url":"https:\/\/www.laguiadepamplona.com\/actualidad\/","logo":{"@type":"ImageObject","inLanguage":"es","@id":"https:\/\/www.laguiadepamplona.com\/actualidad\/#\/schema\/logo\/image\/","url":"https:\/\/www.laguiadepamplona.com\/actualidad\/wp-content\/uploads\/2018\/11\/logo-laguiadepamplona18-web1.png","contentUrl":"https:\/\/www.laguiadepamplona.com\/actualidad\/wp-content\/uploads\/2018\/11\/logo-laguiadepamplona18-web1.png","width":600,"height":196,"caption":"La Gu\u00eda de Pamplona \/ Noticias"},"image":{"@id":"https:\/\/www.laguiadepamplona.com\/actualidad\/#\/schema\/logo\/image\/"},"sameAs":["https:\/\/www.facebook.com\/laguiadepamplonacom-133175176762273\/?ref=hl","https:\/\/x.com\/LaGuiadPamplona","https:\/\/www.instagram.com\/la_guia_de_pamplona\/","https:\/\/www.youtube.com\/user\/laguiadepamplona"]},{"@type":"Person","@id":"https:\/\/www.laguiadepamplona.com\/actualidad\/#\/schema\/person\/efe887376f0213d4657c93adc50b1fdb","name":"La Gu\u00eda de Pamplona","image":{"@type":"ImageObject","inLanguage":"es","@id":"https:\/\/secure.gravatar.com\/avatar\/b6992f131dc8d30ab0dff15446e9d346d9dbd95992de0fef795073f5ea83a81c?s=96&d=mm&r=g","url":"https:\/\/secure.gravatar.com\/avatar\/b6992f131dc8d30ab0dff15446e9d346d9dbd95992de0fef795073f5ea83a81c?s=96&d=mm&r=g","contentUrl":"https:\/\/secure.gravatar.com\/avatar\/b6992f131dc8d30ab0dff15446e9d346d9dbd95992de0fef795073f5ea83a81c?s=96&d=mm&r=g","caption":"La Gu\u00eda de Pamplona"}}]}},"post_mailing_queue_ids":[],"_links":{"self":[{"href":"https:\/\/www.laguiadepamplona.com\/actualidad\/wp-json\/wp\/v2\/posts\/13093","targetHints":{"allow":["GET"]}}],"collection":[{"href":"https:\/\/www.laguiadepamplona.com\/actualidad\/wp-json\/wp\/v2\/posts"}],"about":[{"href":"https:\/\/www.laguiadepamplona.com\/actualidad\/wp-json\/wp\/v2\/types\/post"}],"author":[{"embeddable":true,"href":"https:\/\/www.laguiadepamplona.com\/actualidad\/wp-json\/wp\/v2\/users\/1"}],"replies":[{"embeddable":true,"href":"https:\/\/www.laguiadepamplona.com\/actualidad\/wp-json\/wp\/v2\/comments?post=13093"}],"version-history":[{"count":0,"href":"https:\/\/www.laguiadepamplona.com\/actualidad\/wp-json\/wp\/v2\/posts\/13093\/revisions"}],"wp:featuredmedia":[{"embeddable":true,"href":"https:\/\/www.laguiadepamplona.com\/actualidad\/wp-json\/wp\/v2\/media\/13106"}],"wp:attachment":[{"href":"https:\/\/www.laguiadepamplona.com\/actualidad\/wp-json\/wp\/v2\/media?parent=13093"}],"wp:term":[{"taxonomy":"category","embeddable":true,"href":"https:\/\/www.laguiadepamplona.com\/actualidad\/wp-json\/wp\/v2\/categories?post=13093"},{"taxonomy":"post_tag","embeddable":true,"href":"https:\/\/www.laguiadepamplona.com\/actualidad\/wp-json\/wp\/v2\/tags?post=13093"}],"curies":[{"name":"wp","href":"https:\/\/api.w.org\/{rel}","templated":true}]}}