{"id":13090,"date":"2017-05-19T11:10:05","date_gmt":"2017-05-19T10:10:05","guid":{"rendered":"http:\/\/laguiadepamplona.es\/actualidad\/?p=13090"},"modified":"2017-05-19T11:10:05","modified_gmt":"2017-05-19T10:10:05","slug":"la-artista-pamplonesa-mertxe-sueskun-reinterpreta-objetos-cotidianos-para-descubrir-en-ellos-esculturas","status":"publish","type":"post","link":"https:\/\/www.laguiadepamplona.com\/actualidad\/la-artista-pamplonesa-mertxe-sueskun-reinterpreta-objetos-cotidianos-para-descubrir-en-ellos-esculturas\/","title":{"rendered":"La artista pamplonesa Mertxe Sueskun reinterpreta objetos cotidianos para descubrir en ellos esculturas"},"content":{"rendered":"<h3>La exposici\u00f3n \u2018De continentes, contenidos y otros cuentos\u2019 puede visitarse hasta el 2 de julio en el Polvor\u00edn de la Ciudadela<\/h3>\n<p><!--more--><\/p>\n<p><a href=\"http:\/\/laguiadepamplona.es\/actualidad\/wp-content\/uploads\/2017\/05\/Expo-Mertxe-Sueskun.jpg\"><img loading=\"lazy\" decoding=\"async\" class=\"alignleft size-medium wp-image-13091\" src=\"http:\/\/laguiadepamplona.es\/actualidad\/wp-content\/uploads\/2017\/05\/Expo-Mertxe-Sueskun-232x300.jpg\" alt=\"\" width=\"232\" height=\"300\" srcset=\"https:\/\/www.laguiadepamplona.com\/actualidad\/wp-content\/uploads\/2017\/05\/Expo-Mertxe-Sueskun-232x300.jpg 232w, https:\/\/www.laguiadepamplona.com\/actualidad\/wp-content\/uploads\/2017\/05\/Expo-Mertxe-Sueskun-768x995.jpg 768w, https:\/\/www.laguiadepamplona.com\/actualidad\/wp-content\/uploads\/2017\/05\/Expo-Mertxe-Sueskun-791x1024.jpg 791w, https:\/\/www.laguiadepamplona.com\/actualidad\/wp-content\/uploads\/2017\/05\/Expo-Mertxe-Sueskun-300x389.jpg 300w, https:\/\/www.laguiadepamplona.com\/actualidad\/wp-content\/uploads\/2017\/05\/Expo-Mertxe-Sueskun.jpg 1000w\" sizes=\"auto, (max-width: 232px) 100vw, 232px\" \/><\/a>All\u00ed donde nuestros ojos ven un peine, una brocha, unos carretes de hilo, una caja o un simple trozo de algod\u00f3n, los ojos de Mertxe Sueskun ven materiales, posible germen de pr\u00f3ximas creaciones. Tenaz, paciente y reflexiva, deja reposar la materia a la espera del proceso creativo que la desvele y permita que se manifieste como la escultura que es y que quiere descubrir. Esculturas de car\u00e1cter personal, intimistas y muy especiales.<\/p>\n<p>As\u00ed describe la obra de Mertxe Sueskun la historiadora de arte navarra Carmen Areopagita Gracia, una colecci\u00f3n que desde hoy y hasta el pr\u00f3ximo 2 de julio todos los pamploneses pueden descubrir en el Polvor\u00edn de la Ciudadela bajo el t\u00edtulo \u2018De continentes, contenidos y otros cuentos\u2019. La propia artista ha presentado esta ma\u00f1ana en rueda de prensa la exposici\u00f3n, acompa\u00f1ada de la directora de Cultura, Pol\u00edtica Ling\u00fc\u00edstica, Educaci\u00f3n y Deporte, Maitena Muruz\u00e1bal.<\/p>\n<p>La muestra se puede visitar hasta el domingo 2 de julio en el Polvor\u00edn de la Ciudadela. El horario, ya de verano, es de martes a viernes por la tarde, de 18.30 a 21 horas; los s\u00e1bados, de 12 a 14 y de 18.30 a 21 horas; y los domingos y festivos, solo por la ma\u00f1ana, de 12 a 14 horas.<\/p>\n<p><strong>Un nuevo sentido para cada objeto<\/strong><\/p>\n<p>La actividad art\u00edstica de Mertxe Sueskun est\u00e1 ligada a la interpretaci\u00f3n del objeto. Tal y como explica Areopagita, algunas veces lo hace de una forma sencilla, dejando que el objeto (una brocha, un peine, un cepillo, etc.), desprovisto de su funci\u00f3n y de su contexto habitual, protagonice un entorno distinto al acostumbrado, coloc\u00e1ndolo en el marco o la peana, pasando as\u00ed a convertirse en un objeto art\u00edstico.<\/p>\n<p>Partiendo de este principio dada\u00edsta, Sueskun trata de ense\u00f1ar a ver los objetos desde un \u00e1ngulo diferente. En su trabajo, contin\u00faa Areopagita, avanza un paso m\u00e1s, dando a la obra un significado que va m\u00e1s all\u00e1 de lo meramente est\u00e9tico, ya que aporta al objeto un significado antropol\u00f3gico y simb\u00f3lico, mediante el cual consigue superar la limitaci\u00f3n de la materia y del propio objeto. La artista elige los objetos, recoge y busca elementos cotidianos y los dispone de una manera en la que su finalidad original desaparece, dando lugar a un nuevo punto de vista y bajo un nuevo t\u00edtulo revelador. De esta manera, Sueskun descontextualiza el objeto y busca nuevas asociaciones y significados, descubriendo un nuevo sentido para el objeto.<\/p>\n<p>Junto a estas obras, comparten espacio en el Polvor\u00edn de la Ciudadela otras propuestas m\u00e1s elaboradas. Se trata de composiciones seriadas que parten de materiales reciclados y que la artista desarrolla a trav\u00e9s de la geometr\u00eda y el color, dando paso a distintas posibilidades imaginativas y asociativas. Para ello, se sirve de cajas vac\u00edas, algunas veces reticuladas y ocupadas en parte por l\u00e1minas de cart\u00f3n, trozos de algod\u00f3n o carretes de hilo, que generan juegos de formas y vol\u00famenes sugerentes.<\/p>\n<p>Tal y como explica la historiadora de arte Carmen Areopagita, tambi\u00e9n el material elegido puede ocupar toda la estructura contenedora, logrando texturas sugerentes.\u00a0 En este sentido, Mertxe Sueskun explora las cualidades materiales y desvela las est\u00e9ticas en objetos que a priori no las tienen. Son nuevamente objetos cotidianos, desprovistos de su uso habitual, que se transforman en elementos art\u00edsticos gracias a la exploraci\u00f3n de sus cualidades materiales.<\/p>\n<p><strong>La autora<\/strong><\/p>\n<p>Mertxe Sueskun, natural de Pamplona, curs\u00f3 estudios de talla de piedra y madera en Deba y en el Arteleku de San Sebasti\u00e1n. Su obra ha sido seleccionada para distintas muestras, como las de artistas noveles de Guip\u00fazcoa, las bienales de Vitoria, Almer\u00eda, Murica y Szombathely (Hungr\u00eda) y la trienal de Loods (Polonia). En 1996 particip\u00f3 en la exposici\u00f3n Escultores Navarros, en Pamplona, y tres a\u00f1os despu\u00e9s recibi\u00f3 el II Premio Navarra de Escultura.<\/p>\n<p>Ha participado en una docena de exposiciones individuales, la \u00faltima de ellas este a\u00f1o en la sala de cultura de Alsasua. Su obra se ha podido ver principalmente en Guip\u00fazcoa, Bilbao y Madrid, adem\u00e1s de en Pamplona. Asimismo, ha formado parte de exposiciones colectivas en Elg\u00f3ibar, Eibar, Zarautz, Zornotza, Legazpia, Deba, San Sebasti\u00e1n, Vitoria, Bilbao, Almer\u00eda, Santiago de Compostela, Murcia, Bubi\u00f3n, M\u00e1laga, Granada, Loods (Polonia), Szombathely (Hungr\u00eda),\u00a0 Zumaia y Pamplona.<\/p>\n<p>Su obra est\u00e1 presente en el Museo de Szombathely en Hungr\u00eda.<\/p>\n","protected":false},"excerpt":{"rendered":"<p>La exposici\u00f3n \u2018De continentes, contenidos y otros cuentos\u2019 puede visitarse hasta el 2 de julio en el Polvor\u00edn de la Ciudadela<\/p>\n","protected":false},"author":1,"featured_media":13091,"comment_status":"closed","ping_status":"closed","sticky":false,"template":"","format":"standard","meta":{"footnotes":""},"categories":[2],"tags":[],"class_list":["post-13090","post","type-post","status-publish","format-standard","has-post-thumbnail","hentry","category-ayuntamiento-pamplona"],"yoast_head":"<!-- This site is optimized with the Yoast SEO plugin v27.3 - https:\/\/yoast.com\/product\/yoast-seo-wordpress\/ -->\n<title>La artista pamplonesa Mertxe Sueskun reinterpreta objetos cotidianos para descubrir en ellos esculturas<\/title>\n<meta name=\"robots\" content=\"index, follow, max-snippet:-1, max-image-preview:large, max-video-preview:-1\" \/>\n<link rel=\"canonical\" href=\"https:\/\/www.laguiadepamplona.com\/actualidad\/la-artista-pamplonesa-mertxe-sueskun-reinterpreta-objetos-cotidianos-para-descubrir-en-ellos-esculturas\/\" \/>\n<meta property=\"og:locale\" content=\"es_ES\" \/>\n<meta property=\"og:type\" content=\"article\" \/>\n<meta property=\"og:title\" content=\"La artista pamplonesa Mertxe Sueskun reinterpreta objetos cotidianos para descubrir en ellos esculturas\" \/>\n<meta property=\"og:description\" content=\"La exposici\u00f3n \u2018De continentes, contenidos y otros cuentos\u2019 puede visitarse hasta el 2 de julio en el Polvor\u00edn de la Ciudadela\" \/>\n<meta property=\"og:url\" content=\"https:\/\/www.laguiadepamplona.com\/actualidad\/la-artista-pamplonesa-mertxe-sueskun-reinterpreta-objetos-cotidianos-para-descubrir-en-ellos-esculturas\/\" \/>\n<meta property=\"og:site_name\" content=\"La Gu\u00eda de Pamplona\" \/>\n<meta property=\"article:publisher\" content=\"https:\/\/www.facebook.com\/laguiadepamplonacom-133175176762273\/?ref=hl\" \/>\n<meta property=\"article:published_time\" content=\"2017-05-19T10:10:05+00:00\" \/>\n<meta property=\"og:image\" content=\"https:\/\/www.laguiadepamplona.com\/actualidad\/wp-content\/uploads\/2017\/05\/Expo-Mertxe-Sueskun.jpg\" \/>\n\t<meta property=\"og:image:width\" content=\"1000\" \/>\n\t<meta property=\"og:image:height\" content=\"1295\" \/>\n\t<meta property=\"og:image:type\" content=\"image\/jpeg\" \/>\n<meta name=\"author\" content=\"La Gu\u00eda de Pamplona\" \/>\n<meta name=\"twitter:card\" content=\"summary_large_image\" \/>\n<meta name=\"twitter:creator\" content=\"@LaGuiadPamplona\" \/>\n<meta name=\"twitter:site\" content=\"@LaGuiadPamplona\" \/>\n<meta name=\"twitter:label1\" content=\"Escrito por\" \/>\n\t<meta name=\"twitter:data1\" content=\"La Gu\u00eda de Pamplona\" \/>\n\t<meta name=\"twitter:label2\" content=\"Tiempo de lectura\" \/>\n\t<meta name=\"twitter:data2\" content=\"4 minutos\" \/>\n<script type=\"application\/ld+json\" class=\"yoast-schema-graph\">{\"@context\":\"https:\\\/\\\/schema.org\",\"@graph\":[{\"@type\":\"Article\",\"@id\":\"https:\\\/\\\/www.laguiadepamplona.com\\\/actualidad\\\/la-artista-pamplonesa-mertxe-sueskun-reinterpreta-objetos-cotidianos-para-descubrir-en-ellos-esculturas\\\/#article\",\"isPartOf\":{\"@id\":\"https:\\\/\\\/www.laguiadepamplona.com\\\/actualidad\\\/la-artista-pamplonesa-mertxe-sueskun-reinterpreta-objetos-cotidianos-para-descubrir-en-ellos-esculturas\\\/\"},\"author\":{\"name\":\"La Gu\u00eda de Pamplona\",\"@id\":\"https:\\\/\\\/www.laguiadepamplona.com\\\/actualidad\\\/#\\\/schema\\\/person\\\/efe887376f0213d4657c93adc50b1fdb\"},\"headline\":\"La artista pamplonesa Mertxe Sueskun reinterpreta objetos cotidianos para descubrir en ellos esculturas\",\"datePublished\":\"2017-05-19T10:10:05+00:00\",\"mainEntityOfPage\":{\"@id\":\"https:\\\/\\\/www.laguiadepamplona.com\\\/actualidad\\\/la-artista-pamplonesa-mertxe-sueskun-reinterpreta-objetos-cotidianos-para-descubrir-en-ellos-esculturas\\\/\"},\"wordCount\":789,\"publisher\":{\"@id\":\"https:\\\/\\\/www.laguiadepamplona.com\\\/actualidad\\\/#organization\"},\"image\":{\"@id\":\"https:\\\/\\\/www.laguiadepamplona.com\\\/actualidad\\\/la-artista-pamplonesa-mertxe-sueskun-reinterpreta-objetos-cotidianos-para-descubrir-en-ellos-esculturas\\\/#primaryimage\"},\"thumbnailUrl\":\"https:\\\/\\\/www.laguiadepamplona.com\\\/actualidad\\\/wp-content\\\/uploads\\\/2017\\\/05\\\/Expo-Mertxe-Sueskun.jpg\",\"articleSection\":[\"Ayto Pamplona\"],\"inLanguage\":\"es\"},{\"@type\":\"WebPage\",\"@id\":\"https:\\\/\\\/www.laguiadepamplona.com\\\/actualidad\\\/la-artista-pamplonesa-mertxe-sueskun-reinterpreta-objetos-cotidianos-para-descubrir-en-ellos-esculturas\\\/\",\"url\":\"https:\\\/\\\/www.laguiadepamplona.com\\\/actualidad\\\/la-artista-pamplonesa-mertxe-sueskun-reinterpreta-objetos-cotidianos-para-descubrir-en-ellos-esculturas\\\/\",\"name\":\"La artista pamplonesa Mertxe Sueskun reinterpreta objetos cotidianos para descubrir en ellos esculturas\",\"isPartOf\":{\"@id\":\"https:\\\/\\\/www.laguiadepamplona.com\\\/actualidad\\\/#website\"},\"primaryImageOfPage\":{\"@id\":\"https:\\\/\\\/www.laguiadepamplona.com\\\/actualidad\\\/la-artista-pamplonesa-mertxe-sueskun-reinterpreta-objetos-cotidianos-para-descubrir-en-ellos-esculturas\\\/#primaryimage\"},\"image\":{\"@id\":\"https:\\\/\\\/www.laguiadepamplona.com\\\/actualidad\\\/la-artista-pamplonesa-mertxe-sueskun-reinterpreta-objetos-cotidianos-para-descubrir-en-ellos-esculturas\\\/#primaryimage\"},\"thumbnailUrl\":\"https:\\\/\\\/www.laguiadepamplona.com\\\/actualidad\\\/wp-content\\\/uploads\\\/2017\\\/05\\\/Expo-Mertxe-Sueskun.jpg\",\"datePublished\":\"2017-05-19T10:10:05+00:00\",\"breadcrumb\":{\"@id\":\"https:\\\/\\\/www.laguiadepamplona.com\\\/actualidad\\\/la-artista-pamplonesa-mertxe-sueskun-reinterpreta-objetos-cotidianos-para-descubrir-en-ellos-esculturas\\\/#breadcrumb\"},\"inLanguage\":\"es\",\"potentialAction\":[{\"@type\":\"ReadAction\",\"target\":[\"https:\\\/\\\/www.laguiadepamplona.com\\\/actualidad\\\/la-artista-pamplonesa-mertxe-sueskun-reinterpreta-objetos-cotidianos-para-descubrir-en-ellos-esculturas\\\/\"]}]},{\"@type\":\"ImageObject\",\"inLanguage\":\"es\",\"@id\":\"https:\\\/\\\/www.laguiadepamplona.com\\\/actualidad\\\/la-artista-pamplonesa-mertxe-sueskun-reinterpreta-objetos-cotidianos-para-descubrir-en-ellos-esculturas\\\/#primaryimage\",\"url\":\"https:\\\/\\\/www.laguiadepamplona.com\\\/actualidad\\\/wp-content\\\/uploads\\\/2017\\\/05\\\/Expo-Mertxe-Sueskun.jpg\",\"contentUrl\":\"https:\\\/\\\/www.laguiadepamplona.com\\\/actualidad\\\/wp-content\\\/uploads\\\/2017\\\/05\\\/Expo-Mertxe-Sueskun.jpg\",\"width\":1000,\"height\":1295},{\"@type\":\"BreadcrumbList\",\"@id\":\"https:\\\/\\\/www.laguiadepamplona.com\\\/actualidad\\\/la-artista-pamplonesa-mertxe-sueskun-reinterpreta-objetos-cotidianos-para-descubrir-en-ellos-esculturas\\\/#breadcrumb\",\"itemListElement\":[{\"@type\":\"ListItem\",\"position\":1,\"name\":\"Portada\",\"item\":\"https:\\\/\\\/www.laguiadepamplona.com\\\/actualidad\\\/\"},{\"@type\":\"ListItem\",\"position\":2,\"name\":\"La artista pamplonesa Mertxe Sueskun reinterpreta objetos cotidianos para descubrir en ellos esculturas\"}]},{\"@type\":\"WebSite\",\"@id\":\"https:\\\/\\\/www.laguiadepamplona.com\\\/actualidad\\\/#website\",\"url\":\"https:\\\/\\\/www.laguiadepamplona.com\\\/actualidad\\\/\",\"name\":\"La gu\u00eda de Pamplona\",\"description\":\"Noticias de Pamplona\",\"publisher\":{\"@id\":\"https:\\\/\\\/www.laguiadepamplona.com\\\/actualidad\\\/#organization\"},\"potentialAction\":[{\"@type\":\"SearchAction\",\"target\":{\"@type\":\"EntryPoint\",\"urlTemplate\":\"https:\\\/\\\/www.laguiadepamplona.com\\\/actualidad\\\/?s={search_term_string}\"},\"query-input\":{\"@type\":\"PropertyValueSpecification\",\"valueRequired\":true,\"valueName\":\"search_term_string\"}}],\"inLanguage\":\"es\"},{\"@type\":\"Organization\",\"@id\":\"https:\\\/\\\/www.laguiadepamplona.com\\\/actualidad\\\/#organization\",\"name\":\"La Gu\u00eda de Pamplona \\\/ Noticias\",\"url\":\"https:\\\/\\\/www.laguiadepamplona.com\\\/actualidad\\\/\",\"logo\":{\"@type\":\"ImageObject\",\"inLanguage\":\"es\",\"@id\":\"https:\\\/\\\/www.laguiadepamplona.com\\\/actualidad\\\/#\\\/schema\\\/logo\\\/image\\\/\",\"url\":\"https:\\\/\\\/www.laguiadepamplona.com\\\/actualidad\\\/wp-content\\\/uploads\\\/2018\\\/11\\\/logo-laguiadepamplona18-web1.png\",\"contentUrl\":\"https:\\\/\\\/www.laguiadepamplona.com\\\/actualidad\\\/wp-content\\\/uploads\\\/2018\\\/11\\\/logo-laguiadepamplona18-web1.png\",\"width\":600,\"height\":196,\"caption\":\"La Gu\u00eda de Pamplona \\\/ Noticias\"},\"image\":{\"@id\":\"https:\\\/\\\/www.laguiadepamplona.com\\\/actualidad\\\/#\\\/schema\\\/logo\\\/image\\\/\"},\"sameAs\":[\"https:\\\/\\\/www.facebook.com\\\/laguiadepamplonacom-133175176762273\\\/?ref=hl\",\"https:\\\/\\\/x.com\\\/LaGuiadPamplona\",\"https:\\\/\\\/www.instagram.com\\\/la_guia_de_pamplona\\\/\",\"https:\\\/\\\/www.youtube.com\\\/user\\\/laguiadepamplona\"]},{\"@type\":\"Person\",\"@id\":\"https:\\\/\\\/www.laguiadepamplona.com\\\/actualidad\\\/#\\\/schema\\\/person\\\/efe887376f0213d4657c93adc50b1fdb\",\"name\":\"La Gu\u00eda de Pamplona\",\"image\":{\"@type\":\"ImageObject\",\"inLanguage\":\"es\",\"@id\":\"https:\\\/\\\/secure.gravatar.com\\\/avatar\\\/b6992f131dc8d30ab0dff15446e9d346d9dbd95992de0fef795073f5ea83a81c?s=96&d=mm&r=g\",\"url\":\"https:\\\/\\\/secure.gravatar.com\\\/avatar\\\/b6992f131dc8d30ab0dff15446e9d346d9dbd95992de0fef795073f5ea83a81c?s=96&d=mm&r=g\",\"contentUrl\":\"https:\\\/\\\/secure.gravatar.com\\\/avatar\\\/b6992f131dc8d30ab0dff15446e9d346d9dbd95992de0fef795073f5ea83a81c?s=96&d=mm&r=g\",\"caption\":\"La Gu\u00eda de Pamplona\"}}]}<\/script>\n<!-- \/ Yoast SEO plugin. -->","yoast_head_json":{"title":"La artista pamplonesa Mertxe Sueskun reinterpreta objetos cotidianos para descubrir en ellos esculturas","robots":{"index":"index","follow":"follow","max-snippet":"max-snippet:-1","max-image-preview":"max-image-preview:large","max-video-preview":"max-video-preview:-1"},"canonical":"https:\/\/www.laguiadepamplona.com\/actualidad\/la-artista-pamplonesa-mertxe-sueskun-reinterpreta-objetos-cotidianos-para-descubrir-en-ellos-esculturas\/","og_locale":"es_ES","og_type":"article","og_title":"La artista pamplonesa Mertxe Sueskun reinterpreta objetos cotidianos para descubrir en ellos esculturas","og_description":"La exposici\u00f3n \u2018De continentes, contenidos y otros cuentos\u2019 puede visitarse hasta el 2 de julio en el Polvor\u00edn de la Ciudadela","og_url":"https:\/\/www.laguiadepamplona.com\/actualidad\/la-artista-pamplonesa-mertxe-sueskun-reinterpreta-objetos-cotidianos-para-descubrir-en-ellos-esculturas\/","og_site_name":"La Gu\u00eda de Pamplona","article_publisher":"https:\/\/www.facebook.com\/laguiadepamplonacom-133175176762273\/?ref=hl","article_published_time":"2017-05-19T10:10:05+00:00","og_image":[{"width":1000,"height":1295,"url":"https:\/\/www.laguiadepamplona.com\/actualidad\/wp-content\/uploads\/2017\/05\/Expo-Mertxe-Sueskun.jpg","type":"image\/jpeg"}],"author":"La Gu\u00eda de Pamplona","twitter_card":"summary_large_image","twitter_creator":"@LaGuiadPamplona","twitter_site":"@LaGuiadPamplona","twitter_misc":{"Escrito por":"La Gu\u00eda de Pamplona","Tiempo de lectura":"4 minutos"},"schema":{"@context":"https:\/\/schema.org","@graph":[{"@type":"Article","@id":"https:\/\/www.laguiadepamplona.com\/actualidad\/la-artista-pamplonesa-mertxe-sueskun-reinterpreta-objetos-cotidianos-para-descubrir-en-ellos-esculturas\/#article","isPartOf":{"@id":"https:\/\/www.laguiadepamplona.com\/actualidad\/la-artista-pamplonesa-mertxe-sueskun-reinterpreta-objetos-cotidianos-para-descubrir-en-ellos-esculturas\/"},"author":{"name":"La Gu\u00eda de Pamplona","@id":"https:\/\/www.laguiadepamplona.com\/actualidad\/#\/schema\/person\/efe887376f0213d4657c93adc50b1fdb"},"headline":"La artista pamplonesa Mertxe Sueskun reinterpreta objetos cotidianos para descubrir en ellos esculturas","datePublished":"2017-05-19T10:10:05+00:00","mainEntityOfPage":{"@id":"https:\/\/www.laguiadepamplona.com\/actualidad\/la-artista-pamplonesa-mertxe-sueskun-reinterpreta-objetos-cotidianos-para-descubrir-en-ellos-esculturas\/"},"wordCount":789,"publisher":{"@id":"https:\/\/www.laguiadepamplona.com\/actualidad\/#organization"},"image":{"@id":"https:\/\/www.laguiadepamplona.com\/actualidad\/la-artista-pamplonesa-mertxe-sueskun-reinterpreta-objetos-cotidianos-para-descubrir-en-ellos-esculturas\/#primaryimage"},"thumbnailUrl":"https:\/\/www.laguiadepamplona.com\/actualidad\/wp-content\/uploads\/2017\/05\/Expo-Mertxe-Sueskun.jpg","articleSection":["Ayto Pamplona"],"inLanguage":"es"},{"@type":"WebPage","@id":"https:\/\/www.laguiadepamplona.com\/actualidad\/la-artista-pamplonesa-mertxe-sueskun-reinterpreta-objetos-cotidianos-para-descubrir-en-ellos-esculturas\/","url":"https:\/\/www.laguiadepamplona.com\/actualidad\/la-artista-pamplonesa-mertxe-sueskun-reinterpreta-objetos-cotidianos-para-descubrir-en-ellos-esculturas\/","name":"La artista pamplonesa Mertxe Sueskun reinterpreta objetos cotidianos para descubrir en ellos esculturas","isPartOf":{"@id":"https:\/\/www.laguiadepamplona.com\/actualidad\/#website"},"primaryImageOfPage":{"@id":"https:\/\/www.laguiadepamplona.com\/actualidad\/la-artista-pamplonesa-mertxe-sueskun-reinterpreta-objetos-cotidianos-para-descubrir-en-ellos-esculturas\/#primaryimage"},"image":{"@id":"https:\/\/www.laguiadepamplona.com\/actualidad\/la-artista-pamplonesa-mertxe-sueskun-reinterpreta-objetos-cotidianos-para-descubrir-en-ellos-esculturas\/#primaryimage"},"thumbnailUrl":"https:\/\/www.laguiadepamplona.com\/actualidad\/wp-content\/uploads\/2017\/05\/Expo-Mertxe-Sueskun.jpg","datePublished":"2017-05-19T10:10:05+00:00","breadcrumb":{"@id":"https:\/\/www.laguiadepamplona.com\/actualidad\/la-artista-pamplonesa-mertxe-sueskun-reinterpreta-objetos-cotidianos-para-descubrir-en-ellos-esculturas\/#breadcrumb"},"inLanguage":"es","potentialAction":[{"@type":"ReadAction","target":["https:\/\/www.laguiadepamplona.com\/actualidad\/la-artista-pamplonesa-mertxe-sueskun-reinterpreta-objetos-cotidianos-para-descubrir-en-ellos-esculturas\/"]}]},{"@type":"ImageObject","inLanguage":"es","@id":"https:\/\/www.laguiadepamplona.com\/actualidad\/la-artista-pamplonesa-mertxe-sueskun-reinterpreta-objetos-cotidianos-para-descubrir-en-ellos-esculturas\/#primaryimage","url":"https:\/\/www.laguiadepamplona.com\/actualidad\/wp-content\/uploads\/2017\/05\/Expo-Mertxe-Sueskun.jpg","contentUrl":"https:\/\/www.laguiadepamplona.com\/actualidad\/wp-content\/uploads\/2017\/05\/Expo-Mertxe-Sueskun.jpg","width":1000,"height":1295},{"@type":"BreadcrumbList","@id":"https:\/\/www.laguiadepamplona.com\/actualidad\/la-artista-pamplonesa-mertxe-sueskun-reinterpreta-objetos-cotidianos-para-descubrir-en-ellos-esculturas\/#breadcrumb","itemListElement":[{"@type":"ListItem","position":1,"name":"Portada","item":"https:\/\/www.laguiadepamplona.com\/actualidad\/"},{"@type":"ListItem","position":2,"name":"La artista pamplonesa Mertxe Sueskun reinterpreta objetos cotidianos para descubrir en ellos esculturas"}]},{"@type":"WebSite","@id":"https:\/\/www.laguiadepamplona.com\/actualidad\/#website","url":"https:\/\/www.laguiadepamplona.com\/actualidad\/","name":"La gu\u00eda de Pamplona","description":"Noticias de Pamplona","publisher":{"@id":"https:\/\/www.laguiadepamplona.com\/actualidad\/#organization"},"potentialAction":[{"@type":"SearchAction","target":{"@type":"EntryPoint","urlTemplate":"https:\/\/www.laguiadepamplona.com\/actualidad\/?s={search_term_string}"},"query-input":{"@type":"PropertyValueSpecification","valueRequired":true,"valueName":"search_term_string"}}],"inLanguage":"es"},{"@type":"Organization","@id":"https:\/\/www.laguiadepamplona.com\/actualidad\/#organization","name":"La Gu\u00eda de Pamplona \/ Noticias","url":"https:\/\/www.laguiadepamplona.com\/actualidad\/","logo":{"@type":"ImageObject","inLanguage":"es","@id":"https:\/\/www.laguiadepamplona.com\/actualidad\/#\/schema\/logo\/image\/","url":"https:\/\/www.laguiadepamplona.com\/actualidad\/wp-content\/uploads\/2018\/11\/logo-laguiadepamplona18-web1.png","contentUrl":"https:\/\/www.laguiadepamplona.com\/actualidad\/wp-content\/uploads\/2018\/11\/logo-laguiadepamplona18-web1.png","width":600,"height":196,"caption":"La Gu\u00eda de Pamplona \/ Noticias"},"image":{"@id":"https:\/\/www.laguiadepamplona.com\/actualidad\/#\/schema\/logo\/image\/"},"sameAs":["https:\/\/www.facebook.com\/laguiadepamplonacom-133175176762273\/?ref=hl","https:\/\/x.com\/LaGuiadPamplona","https:\/\/www.instagram.com\/la_guia_de_pamplona\/","https:\/\/www.youtube.com\/user\/laguiadepamplona"]},{"@type":"Person","@id":"https:\/\/www.laguiadepamplona.com\/actualidad\/#\/schema\/person\/efe887376f0213d4657c93adc50b1fdb","name":"La Gu\u00eda de Pamplona","image":{"@type":"ImageObject","inLanguage":"es","@id":"https:\/\/secure.gravatar.com\/avatar\/b6992f131dc8d30ab0dff15446e9d346d9dbd95992de0fef795073f5ea83a81c?s=96&d=mm&r=g","url":"https:\/\/secure.gravatar.com\/avatar\/b6992f131dc8d30ab0dff15446e9d346d9dbd95992de0fef795073f5ea83a81c?s=96&d=mm&r=g","contentUrl":"https:\/\/secure.gravatar.com\/avatar\/b6992f131dc8d30ab0dff15446e9d346d9dbd95992de0fef795073f5ea83a81c?s=96&d=mm&r=g","caption":"La Gu\u00eda de Pamplona"}}]}},"post_mailing_queue_ids":[],"_links":{"self":[{"href":"https:\/\/www.laguiadepamplona.com\/actualidad\/wp-json\/wp\/v2\/posts\/13090","targetHints":{"allow":["GET"]}}],"collection":[{"href":"https:\/\/www.laguiadepamplona.com\/actualidad\/wp-json\/wp\/v2\/posts"}],"about":[{"href":"https:\/\/www.laguiadepamplona.com\/actualidad\/wp-json\/wp\/v2\/types\/post"}],"author":[{"embeddable":true,"href":"https:\/\/www.laguiadepamplona.com\/actualidad\/wp-json\/wp\/v2\/users\/1"}],"replies":[{"embeddable":true,"href":"https:\/\/www.laguiadepamplona.com\/actualidad\/wp-json\/wp\/v2\/comments?post=13090"}],"version-history":[{"count":0,"href":"https:\/\/www.laguiadepamplona.com\/actualidad\/wp-json\/wp\/v2\/posts\/13090\/revisions"}],"wp:featuredmedia":[{"embeddable":true,"href":"https:\/\/www.laguiadepamplona.com\/actualidad\/wp-json\/wp\/v2\/media\/13091"}],"wp:attachment":[{"href":"https:\/\/www.laguiadepamplona.com\/actualidad\/wp-json\/wp\/v2\/media?parent=13090"}],"wp:term":[{"taxonomy":"category","embeddable":true,"href":"https:\/\/www.laguiadepamplona.com\/actualidad\/wp-json\/wp\/v2\/categories?post=13090"},{"taxonomy":"post_tag","embeddable":true,"href":"https:\/\/www.laguiadepamplona.com\/actualidad\/wp-json\/wp\/v2\/tags?post=13090"}],"curies":[{"name":"wp","href":"https:\/\/api.w.org\/{rel}","templated":true}]}}