{"id":13088,"date":"2017-05-18T12:16:49","date_gmt":"2017-05-18T11:16:49","guid":{"rendered":"http:\/\/laguiadepamplona.es\/actualidad\/?p=13088"},"modified":"2017-05-18T12:16:49","modified_gmt":"2017-05-18T11:16:49","slug":"informes-juridicos-avalan-que-el-ayuntamiento-incluya-a-la-fundacion-osasuna-en-una-convocatoria-de-ayudas-en-lugar-de-otorgarle-una-subvencion-nominativa","status":"publish","type":"post","link":"https:\/\/www.laguiadepamplona.com\/actualidad\/informes-juridicos-avalan-que-el-ayuntamiento-incluya-a-la-fundacion-osasuna-en-una-convocatoria-de-ayudas-en-lugar-de-otorgarle-una-subvencion-nominativa\/","title":{"rendered":"Informes jur\u00eddicos avalan que el Ayuntamiento incluya a la Fundaci\u00f3n Osasuna en una convocatoria de ayudas en lugar de otorgarle una subvenci\u00f3n nominativa"},"content":{"rendered":"<h3>Entre los argumentos para incluirle en una convocatoria est\u00e1 que hay otros equipos en las primeras ligas de sus competiciones que pueden concurrir<\/h3>\n<p><!--more--><\/p>\n<p>Informes jur\u00eddicos municipales avalan la decisi\u00f3n del Ayuntamiento de Pamplona de incardinar a la Fundaci\u00f3n Osasuna en la convocatoria de ayudas a entidades de \u00edndole f\u00edsico-deportivo que organicen acontecimientos, espect\u00e1culos y otra clase de actividades f\u00edsicodeportivas durante la temporada 2016\/2017 (septiembre a junio) o a lo largo de a\u00f1os 2017 en lugar de otorgarle directamente una subvenci\u00f3n nominativa como hab\u00eda ocurrido hasta 2015. Estos informes se\u00f1alan que existen trece clubes deportivos que cuentan con un primer equipo en categor\u00eda nacional y que promueven, coordinan y desarrollan la pr\u00e1ctica del deporte base, pudiendo, si lo desean, constituir una fundaci\u00f3n. De ellos, Osasuna y Club Deportivo Xota tienen ya constituida la fundaci\u00f3n. De esta forma, existen m\u00e1s entidades que pueden ser merecedoras de recibir el mismo apoyo que el C.A. Osasuna.<\/p>\n<p>Estos informes se\u00f1alan que resulta determinante para que una subvenci\u00f3n tenga car\u00e1cter nominativo que no exista otra entidad que desarrolle la actividad que se considera merecedora de fomento por razones de inter\u00e9s p\u00fablico.<\/p>\n<p><strong>Otras entidades en Pamplona susceptibles de participar en la convocatoria<\/strong><\/p>\n<p>Aunque no se ha recibido ninguna otra solicitud de fundaciones con objetivos similares, en Pamplona existen una serie de clubes deportivos que cuentan con un primer equipo en categor\u00eda nacional y que promueven, coordinan y desarrollan la pr\u00e1ctica del deporte base pudiendo, si as\u00ed lo desean, constituir una fundaci\u00f3n para esta finalidad. En el informe municipal se citan, por ejemplo, S.C.D.R. Anaitasuna en balonmano masculino; Club Pirag\u00fcismo Pamplona en pirag\u00fcismo masculino y femenino; Club Deportivo Pamplona en b\u00e9isbol; Patinaje Navarra Roller Team en patinaje velocidad masculino y femenino; Club Deportivo Trikideak en triatl\u00f3n masculino y femenino; Club Pamplona Atl\u00e9tico en atletismo masculino y femenino; Club Waterpolo 9802 en waterpolo femenino; Club Waterpolo Navarra en waterpolo masculino; Basket Navarra Club en baloncesto masculino; Club Deportivo Arga en b\u00e9isbol y Iru\u00f1a Hockey Patines en hockey patines. Adem\u00e1s, existe en Pamplona, la denominada Fundaci\u00f3n Club Deportivo Xota cuyos objetivos generales son la\u00a0 promoci\u00f3n y difusi\u00f3n del f\u00fatbol-sala y la implantaci\u00f3n de valores educativos entre sus practicantes. Esta fundaci\u00f3n esta vinculada al Club Deportivo Xota que milita en la Liga Nacional de Divisi\u00f3n de Honor de F\u00fatbol Sala.<\/p>\n<p>Estos informes se han elaborado tras la solicitud planteada por ocho concejales en la que se se\u00f1alaba que esa convocatoria hab\u00eda incluido un aumento de la partida de 180.000 euros destinada a subvencionar a la Fundaci\u00f3n Osasuna y que al no existir en Pamplona ninguna otra entidad que pudiera concurrir podr\u00eda tratarse de una subvenci\u00f3n nominativa encubierta.<\/p>\n<p>En 2016 fue el primer a\u00f1o en el que la Fundaci\u00f3n Osasuna obtuvo una subvenci\u00f3n derivada de su concurrencia a la convocatoria de subvenciones.<\/p>\n<p>&nbsp;<\/p>\n","protected":false},"excerpt":{"rendered":"<p>Entre los argumentos para incluirle en una convocatoria est\u00e1 que hay otros equipos en las primeras ligas de sus competiciones que pueden concurrir<\/p>\n","protected":false},"author":1,"featured_media":11924,"comment_status":"closed","ping_status":"closed","sticky":false,"template":"","format":"standard","meta":{"footnotes":""},"categories":[2],"tags":[],"class_list":["post-13088","post","type-post","status-publish","format-standard","has-post-thumbnail","hentry","category-ayuntamiento-pamplona"],"yoast_head":"<!-- This site is optimized with the Yoast SEO plugin v27.3 - https:\/\/yoast.com\/product\/yoast-seo-wordpress\/ -->\n<title>Informes jur\u00eddicos avalan que el Ayuntamiento incluya a la Fundaci\u00f3n Osasuna en una convocatoria de ayudas en lugar de otorgarle una subvenci\u00f3n nominativa<\/title>\n<meta name=\"robots\" content=\"index, follow, max-snippet:-1, max-image-preview:large, max-video-preview:-1\" \/>\n<link rel=\"canonical\" href=\"https:\/\/www.laguiadepamplona.com\/actualidad\/informes-juridicos-avalan-que-el-ayuntamiento-incluya-a-la-fundacion-osasuna-en-una-convocatoria-de-ayudas-en-lugar-de-otorgarle-una-subvencion-nominativa\/\" \/>\n<meta property=\"og:locale\" content=\"es_ES\" \/>\n<meta property=\"og:type\" content=\"article\" \/>\n<meta property=\"og:title\" content=\"Informes jur\u00eddicos avalan que el Ayuntamiento incluya a la Fundaci\u00f3n Osasuna en una convocatoria de ayudas en lugar de otorgarle una subvenci\u00f3n nominativa\" \/>\n<meta property=\"og:description\" content=\"Entre los argumentos para incluirle en una convocatoria est\u00e1 que hay otros equipos en las primeras ligas de sus competiciones que pueden concurrir\" \/>\n<meta property=\"og:url\" content=\"https:\/\/www.laguiadepamplona.com\/actualidad\/informes-juridicos-avalan-que-el-ayuntamiento-incluya-a-la-fundacion-osasuna-en-una-convocatoria-de-ayudas-en-lugar-de-otorgarle-una-subvencion-nominativa\/\" \/>\n<meta property=\"og:site_name\" content=\"La Gu\u00eda de Pamplona\" \/>\n<meta property=\"article:publisher\" content=\"https:\/\/www.facebook.com\/laguiadepamplonacom-133175176762273\/?ref=hl\" \/>\n<meta property=\"article:published_time\" content=\"2017-05-18T11:16:49+00:00\" \/>\n<meta property=\"og:image\" content=\"https:\/\/www.laguiadepamplona.com\/actualidad\/wp-content\/uploads\/2017\/02\/004_visitas_guiada_fundacion_osasuna.jpg\" \/>\n\t<meta property=\"og:image:width\" content=\"800\" \/>\n\t<meta property=\"og:image:height\" content=\"449\" \/>\n\t<meta property=\"og:image:type\" content=\"image\/jpeg\" \/>\n<meta name=\"author\" content=\"La Gu\u00eda de Pamplona\" \/>\n<meta name=\"twitter:card\" content=\"summary_large_image\" \/>\n<meta name=\"twitter:creator\" content=\"@LaGuiadPamplona\" \/>\n<meta name=\"twitter:site\" content=\"@LaGuiadPamplona\" \/>\n<meta name=\"twitter:label1\" content=\"Escrito por\" \/>\n\t<meta name=\"twitter:data1\" content=\"La Gu\u00eda de Pamplona\" \/>\n\t<meta name=\"twitter:label2\" content=\"Tiempo de lectura\" \/>\n\t<meta name=\"twitter:data2\" content=\"3 minutos\" \/>\n<script type=\"application\/ld+json\" class=\"yoast-schema-graph\">{\"@context\":\"https:\\\/\\\/schema.org\",\"@graph\":[{\"@type\":\"Article\",\"@id\":\"https:\\\/\\\/www.laguiadepamplona.com\\\/actualidad\\\/informes-juridicos-avalan-que-el-ayuntamiento-incluya-a-la-fundacion-osasuna-en-una-convocatoria-de-ayudas-en-lugar-de-otorgarle-una-subvencion-nominativa\\\/#article\",\"isPartOf\":{\"@id\":\"https:\\\/\\\/www.laguiadepamplona.com\\\/actualidad\\\/informes-juridicos-avalan-que-el-ayuntamiento-incluya-a-la-fundacion-osasuna-en-una-convocatoria-de-ayudas-en-lugar-de-otorgarle-una-subvencion-nominativa\\\/\"},\"author\":{\"name\":\"La Gu\u00eda de Pamplona\",\"@id\":\"https:\\\/\\\/www.laguiadepamplona.com\\\/actualidad\\\/#\\\/schema\\\/person\\\/efe887376f0213d4657c93adc50b1fdb\"},\"headline\":\"Informes jur\u00eddicos avalan que el Ayuntamiento incluya a la Fundaci\u00f3n Osasuna en una convocatoria de ayudas en lugar de otorgarle una subvenci\u00f3n nominativa\",\"datePublished\":\"2017-05-18T11:16:49+00:00\",\"mainEntityOfPage\":{\"@id\":\"https:\\\/\\\/www.laguiadepamplona.com\\\/actualidad\\\/informes-juridicos-avalan-que-el-ayuntamiento-incluya-a-la-fundacion-osasuna-en-una-convocatoria-de-ayudas-en-lugar-de-otorgarle-una-subvencion-nominativa\\\/\"},\"wordCount\":532,\"publisher\":{\"@id\":\"https:\\\/\\\/www.laguiadepamplona.com\\\/actualidad\\\/#organization\"},\"image\":{\"@id\":\"https:\\\/\\\/www.laguiadepamplona.com\\\/actualidad\\\/informes-juridicos-avalan-que-el-ayuntamiento-incluya-a-la-fundacion-osasuna-en-una-convocatoria-de-ayudas-en-lugar-de-otorgarle-una-subvencion-nominativa\\\/#primaryimage\"},\"thumbnailUrl\":\"https:\\\/\\\/www.laguiadepamplona.com\\\/actualidad\\\/wp-content\\\/uploads\\\/2017\\\/02\\\/004_visitas_guiada_fundacion_osasuna.jpg\",\"articleSection\":[\"Ayto Pamplona\"],\"inLanguage\":\"es\"},{\"@type\":\"WebPage\",\"@id\":\"https:\\\/\\\/www.laguiadepamplona.com\\\/actualidad\\\/informes-juridicos-avalan-que-el-ayuntamiento-incluya-a-la-fundacion-osasuna-en-una-convocatoria-de-ayudas-en-lugar-de-otorgarle-una-subvencion-nominativa\\\/\",\"url\":\"https:\\\/\\\/www.laguiadepamplona.com\\\/actualidad\\\/informes-juridicos-avalan-que-el-ayuntamiento-incluya-a-la-fundacion-osasuna-en-una-convocatoria-de-ayudas-en-lugar-de-otorgarle-una-subvencion-nominativa\\\/\",\"name\":\"Informes jur\u00eddicos avalan que el Ayuntamiento incluya a la Fundaci\u00f3n Osasuna en una convocatoria de ayudas en lugar de otorgarle una subvenci\u00f3n nominativa\",\"isPartOf\":{\"@id\":\"https:\\\/\\\/www.laguiadepamplona.com\\\/actualidad\\\/#website\"},\"primaryImageOfPage\":{\"@id\":\"https:\\\/\\\/www.laguiadepamplona.com\\\/actualidad\\\/informes-juridicos-avalan-que-el-ayuntamiento-incluya-a-la-fundacion-osasuna-en-una-convocatoria-de-ayudas-en-lugar-de-otorgarle-una-subvencion-nominativa\\\/#primaryimage\"},\"image\":{\"@id\":\"https:\\\/\\\/www.laguiadepamplona.com\\\/actualidad\\\/informes-juridicos-avalan-que-el-ayuntamiento-incluya-a-la-fundacion-osasuna-en-una-convocatoria-de-ayudas-en-lugar-de-otorgarle-una-subvencion-nominativa\\\/#primaryimage\"},\"thumbnailUrl\":\"https:\\\/\\\/www.laguiadepamplona.com\\\/actualidad\\\/wp-content\\\/uploads\\\/2017\\\/02\\\/004_visitas_guiada_fundacion_osasuna.jpg\",\"datePublished\":\"2017-05-18T11:16:49+00:00\",\"breadcrumb\":{\"@id\":\"https:\\\/\\\/www.laguiadepamplona.com\\\/actualidad\\\/informes-juridicos-avalan-que-el-ayuntamiento-incluya-a-la-fundacion-osasuna-en-una-convocatoria-de-ayudas-en-lugar-de-otorgarle-una-subvencion-nominativa\\\/#breadcrumb\"},\"inLanguage\":\"es\",\"potentialAction\":[{\"@type\":\"ReadAction\",\"target\":[\"https:\\\/\\\/www.laguiadepamplona.com\\\/actualidad\\\/informes-juridicos-avalan-que-el-ayuntamiento-incluya-a-la-fundacion-osasuna-en-una-convocatoria-de-ayudas-en-lugar-de-otorgarle-una-subvencion-nominativa\\\/\"]}]},{\"@type\":\"ImageObject\",\"inLanguage\":\"es\",\"@id\":\"https:\\\/\\\/www.laguiadepamplona.com\\\/actualidad\\\/informes-juridicos-avalan-que-el-ayuntamiento-incluya-a-la-fundacion-osasuna-en-una-convocatoria-de-ayudas-en-lugar-de-otorgarle-una-subvencion-nominativa\\\/#primaryimage\",\"url\":\"https:\\\/\\\/www.laguiadepamplona.com\\\/actualidad\\\/wp-content\\\/uploads\\\/2017\\\/02\\\/004_visitas_guiada_fundacion_osasuna.jpg\",\"contentUrl\":\"https:\\\/\\\/www.laguiadepamplona.com\\\/actualidad\\\/wp-content\\\/uploads\\\/2017\\\/02\\\/004_visitas_guiada_fundacion_osasuna.jpg\",\"width\":800,\"height\":449},{\"@type\":\"BreadcrumbList\",\"@id\":\"https:\\\/\\\/www.laguiadepamplona.com\\\/actualidad\\\/informes-juridicos-avalan-que-el-ayuntamiento-incluya-a-la-fundacion-osasuna-en-una-convocatoria-de-ayudas-en-lugar-de-otorgarle-una-subvencion-nominativa\\\/#breadcrumb\",\"itemListElement\":[{\"@type\":\"ListItem\",\"position\":1,\"name\":\"Portada\",\"item\":\"https:\\\/\\\/www.laguiadepamplona.com\\\/actualidad\\\/\"},{\"@type\":\"ListItem\",\"position\":2,\"name\":\"Informes jur\u00eddicos avalan que el Ayuntamiento incluya a la Fundaci\u00f3n Osasuna en una convocatoria de ayudas en lugar de otorgarle una subvenci\u00f3n nominativa\"}]},{\"@type\":\"WebSite\",\"@id\":\"https:\\\/\\\/www.laguiadepamplona.com\\\/actualidad\\\/#website\",\"url\":\"https:\\\/\\\/www.laguiadepamplona.com\\\/actualidad\\\/\",\"name\":\"La gu\u00eda de Pamplona\",\"description\":\"Noticias de Pamplona\",\"publisher\":{\"@id\":\"https:\\\/\\\/www.laguiadepamplona.com\\\/actualidad\\\/#organization\"},\"potentialAction\":[{\"@type\":\"SearchAction\",\"target\":{\"@type\":\"EntryPoint\",\"urlTemplate\":\"https:\\\/\\\/www.laguiadepamplona.com\\\/actualidad\\\/?s={search_term_string}\"},\"query-input\":{\"@type\":\"PropertyValueSpecification\",\"valueRequired\":true,\"valueName\":\"search_term_string\"}}],\"inLanguage\":\"es\"},{\"@type\":\"Organization\",\"@id\":\"https:\\\/\\\/www.laguiadepamplona.com\\\/actualidad\\\/#organization\",\"name\":\"La Gu\u00eda de Pamplona \\\/ Noticias\",\"url\":\"https:\\\/\\\/www.laguiadepamplona.com\\\/actualidad\\\/\",\"logo\":{\"@type\":\"ImageObject\",\"inLanguage\":\"es\",\"@id\":\"https:\\\/\\\/www.laguiadepamplona.com\\\/actualidad\\\/#\\\/schema\\\/logo\\\/image\\\/\",\"url\":\"https:\\\/\\\/www.laguiadepamplona.com\\\/actualidad\\\/wp-content\\\/uploads\\\/2018\\\/11\\\/logo-laguiadepamplona18-web1.png\",\"contentUrl\":\"https:\\\/\\\/www.laguiadepamplona.com\\\/actualidad\\\/wp-content\\\/uploads\\\/2018\\\/11\\\/logo-laguiadepamplona18-web1.png\",\"width\":600,\"height\":196,\"caption\":\"La Gu\u00eda de Pamplona \\\/ Noticias\"},\"image\":{\"@id\":\"https:\\\/\\\/www.laguiadepamplona.com\\\/actualidad\\\/#\\\/schema\\\/logo\\\/image\\\/\"},\"sameAs\":[\"https:\\\/\\\/www.facebook.com\\\/laguiadepamplonacom-133175176762273\\\/?ref=hl\",\"https:\\\/\\\/x.com\\\/LaGuiadPamplona\",\"https:\\\/\\\/www.instagram.com\\\/la_guia_de_pamplona\\\/\",\"https:\\\/\\\/www.youtube.com\\\/user\\\/laguiadepamplona\"]},{\"@type\":\"Person\",\"@id\":\"https:\\\/\\\/www.laguiadepamplona.com\\\/actualidad\\\/#\\\/schema\\\/person\\\/efe887376f0213d4657c93adc50b1fdb\",\"name\":\"La Gu\u00eda de Pamplona\",\"image\":{\"@type\":\"ImageObject\",\"inLanguage\":\"es\",\"@id\":\"https:\\\/\\\/secure.gravatar.com\\\/avatar\\\/b6992f131dc8d30ab0dff15446e9d346d9dbd95992de0fef795073f5ea83a81c?s=96&d=mm&r=g\",\"url\":\"https:\\\/\\\/secure.gravatar.com\\\/avatar\\\/b6992f131dc8d30ab0dff15446e9d346d9dbd95992de0fef795073f5ea83a81c?s=96&d=mm&r=g\",\"contentUrl\":\"https:\\\/\\\/secure.gravatar.com\\\/avatar\\\/b6992f131dc8d30ab0dff15446e9d346d9dbd95992de0fef795073f5ea83a81c?s=96&d=mm&r=g\",\"caption\":\"La Gu\u00eda de Pamplona\"}}]}<\/script>\n<!-- \/ Yoast SEO plugin. -->","yoast_head_json":{"title":"Informes jur\u00eddicos avalan que el Ayuntamiento incluya a la Fundaci\u00f3n Osasuna en una convocatoria de ayudas en lugar de otorgarle una subvenci\u00f3n nominativa","robots":{"index":"index","follow":"follow","max-snippet":"max-snippet:-1","max-image-preview":"max-image-preview:large","max-video-preview":"max-video-preview:-1"},"canonical":"https:\/\/www.laguiadepamplona.com\/actualidad\/informes-juridicos-avalan-que-el-ayuntamiento-incluya-a-la-fundacion-osasuna-en-una-convocatoria-de-ayudas-en-lugar-de-otorgarle-una-subvencion-nominativa\/","og_locale":"es_ES","og_type":"article","og_title":"Informes jur\u00eddicos avalan que el Ayuntamiento incluya a la Fundaci\u00f3n Osasuna en una convocatoria de ayudas en lugar de otorgarle una subvenci\u00f3n nominativa","og_description":"Entre los argumentos para incluirle en una convocatoria est\u00e1 que hay otros equipos en las primeras ligas de sus competiciones que pueden concurrir","og_url":"https:\/\/www.laguiadepamplona.com\/actualidad\/informes-juridicos-avalan-que-el-ayuntamiento-incluya-a-la-fundacion-osasuna-en-una-convocatoria-de-ayudas-en-lugar-de-otorgarle-una-subvencion-nominativa\/","og_site_name":"La Gu\u00eda de Pamplona","article_publisher":"https:\/\/www.facebook.com\/laguiadepamplonacom-133175176762273\/?ref=hl","article_published_time":"2017-05-18T11:16:49+00:00","og_image":[{"width":800,"height":449,"url":"https:\/\/www.laguiadepamplona.com\/actualidad\/wp-content\/uploads\/2017\/02\/004_visitas_guiada_fundacion_osasuna.jpg","type":"image\/jpeg"}],"author":"La Gu\u00eda de Pamplona","twitter_card":"summary_large_image","twitter_creator":"@LaGuiadPamplona","twitter_site":"@LaGuiadPamplona","twitter_misc":{"Escrito por":"La Gu\u00eda de Pamplona","Tiempo de lectura":"3 minutos"},"schema":{"@context":"https:\/\/schema.org","@graph":[{"@type":"Article","@id":"https:\/\/www.laguiadepamplona.com\/actualidad\/informes-juridicos-avalan-que-el-ayuntamiento-incluya-a-la-fundacion-osasuna-en-una-convocatoria-de-ayudas-en-lugar-de-otorgarle-una-subvencion-nominativa\/#article","isPartOf":{"@id":"https:\/\/www.laguiadepamplona.com\/actualidad\/informes-juridicos-avalan-que-el-ayuntamiento-incluya-a-la-fundacion-osasuna-en-una-convocatoria-de-ayudas-en-lugar-de-otorgarle-una-subvencion-nominativa\/"},"author":{"name":"La Gu\u00eda de Pamplona","@id":"https:\/\/www.laguiadepamplona.com\/actualidad\/#\/schema\/person\/efe887376f0213d4657c93adc50b1fdb"},"headline":"Informes jur\u00eddicos avalan que el Ayuntamiento incluya a la Fundaci\u00f3n Osasuna en una convocatoria de ayudas en lugar de otorgarle una subvenci\u00f3n nominativa","datePublished":"2017-05-18T11:16:49+00:00","mainEntityOfPage":{"@id":"https:\/\/www.laguiadepamplona.com\/actualidad\/informes-juridicos-avalan-que-el-ayuntamiento-incluya-a-la-fundacion-osasuna-en-una-convocatoria-de-ayudas-en-lugar-de-otorgarle-una-subvencion-nominativa\/"},"wordCount":532,"publisher":{"@id":"https:\/\/www.laguiadepamplona.com\/actualidad\/#organization"},"image":{"@id":"https:\/\/www.laguiadepamplona.com\/actualidad\/informes-juridicos-avalan-que-el-ayuntamiento-incluya-a-la-fundacion-osasuna-en-una-convocatoria-de-ayudas-en-lugar-de-otorgarle-una-subvencion-nominativa\/#primaryimage"},"thumbnailUrl":"https:\/\/www.laguiadepamplona.com\/actualidad\/wp-content\/uploads\/2017\/02\/004_visitas_guiada_fundacion_osasuna.jpg","articleSection":["Ayto Pamplona"],"inLanguage":"es"},{"@type":"WebPage","@id":"https:\/\/www.laguiadepamplona.com\/actualidad\/informes-juridicos-avalan-que-el-ayuntamiento-incluya-a-la-fundacion-osasuna-en-una-convocatoria-de-ayudas-en-lugar-de-otorgarle-una-subvencion-nominativa\/","url":"https:\/\/www.laguiadepamplona.com\/actualidad\/informes-juridicos-avalan-que-el-ayuntamiento-incluya-a-la-fundacion-osasuna-en-una-convocatoria-de-ayudas-en-lugar-de-otorgarle-una-subvencion-nominativa\/","name":"Informes jur\u00eddicos avalan que el Ayuntamiento incluya a la Fundaci\u00f3n Osasuna en una convocatoria de ayudas en lugar de otorgarle una subvenci\u00f3n nominativa","isPartOf":{"@id":"https:\/\/www.laguiadepamplona.com\/actualidad\/#website"},"primaryImageOfPage":{"@id":"https:\/\/www.laguiadepamplona.com\/actualidad\/informes-juridicos-avalan-que-el-ayuntamiento-incluya-a-la-fundacion-osasuna-en-una-convocatoria-de-ayudas-en-lugar-de-otorgarle-una-subvencion-nominativa\/#primaryimage"},"image":{"@id":"https:\/\/www.laguiadepamplona.com\/actualidad\/informes-juridicos-avalan-que-el-ayuntamiento-incluya-a-la-fundacion-osasuna-en-una-convocatoria-de-ayudas-en-lugar-de-otorgarle-una-subvencion-nominativa\/#primaryimage"},"thumbnailUrl":"https:\/\/www.laguiadepamplona.com\/actualidad\/wp-content\/uploads\/2017\/02\/004_visitas_guiada_fundacion_osasuna.jpg","datePublished":"2017-05-18T11:16:49+00:00","breadcrumb":{"@id":"https:\/\/www.laguiadepamplona.com\/actualidad\/informes-juridicos-avalan-que-el-ayuntamiento-incluya-a-la-fundacion-osasuna-en-una-convocatoria-de-ayudas-en-lugar-de-otorgarle-una-subvencion-nominativa\/#breadcrumb"},"inLanguage":"es","potentialAction":[{"@type":"ReadAction","target":["https:\/\/www.laguiadepamplona.com\/actualidad\/informes-juridicos-avalan-que-el-ayuntamiento-incluya-a-la-fundacion-osasuna-en-una-convocatoria-de-ayudas-en-lugar-de-otorgarle-una-subvencion-nominativa\/"]}]},{"@type":"ImageObject","inLanguage":"es","@id":"https:\/\/www.laguiadepamplona.com\/actualidad\/informes-juridicos-avalan-que-el-ayuntamiento-incluya-a-la-fundacion-osasuna-en-una-convocatoria-de-ayudas-en-lugar-de-otorgarle-una-subvencion-nominativa\/#primaryimage","url":"https:\/\/www.laguiadepamplona.com\/actualidad\/wp-content\/uploads\/2017\/02\/004_visitas_guiada_fundacion_osasuna.jpg","contentUrl":"https:\/\/www.laguiadepamplona.com\/actualidad\/wp-content\/uploads\/2017\/02\/004_visitas_guiada_fundacion_osasuna.jpg","width":800,"height":449},{"@type":"BreadcrumbList","@id":"https:\/\/www.laguiadepamplona.com\/actualidad\/informes-juridicos-avalan-que-el-ayuntamiento-incluya-a-la-fundacion-osasuna-en-una-convocatoria-de-ayudas-en-lugar-de-otorgarle-una-subvencion-nominativa\/#breadcrumb","itemListElement":[{"@type":"ListItem","position":1,"name":"Portada","item":"https:\/\/www.laguiadepamplona.com\/actualidad\/"},{"@type":"ListItem","position":2,"name":"Informes jur\u00eddicos avalan que el Ayuntamiento incluya a la Fundaci\u00f3n Osasuna en una convocatoria de ayudas en lugar de otorgarle una subvenci\u00f3n nominativa"}]},{"@type":"WebSite","@id":"https:\/\/www.laguiadepamplona.com\/actualidad\/#website","url":"https:\/\/www.laguiadepamplona.com\/actualidad\/","name":"La gu\u00eda de Pamplona","description":"Noticias de Pamplona","publisher":{"@id":"https:\/\/www.laguiadepamplona.com\/actualidad\/#organization"},"potentialAction":[{"@type":"SearchAction","target":{"@type":"EntryPoint","urlTemplate":"https:\/\/www.laguiadepamplona.com\/actualidad\/?s={search_term_string}"},"query-input":{"@type":"PropertyValueSpecification","valueRequired":true,"valueName":"search_term_string"}}],"inLanguage":"es"},{"@type":"Organization","@id":"https:\/\/www.laguiadepamplona.com\/actualidad\/#organization","name":"La Gu\u00eda de Pamplona \/ Noticias","url":"https:\/\/www.laguiadepamplona.com\/actualidad\/","logo":{"@type":"ImageObject","inLanguage":"es","@id":"https:\/\/www.laguiadepamplona.com\/actualidad\/#\/schema\/logo\/image\/","url":"https:\/\/www.laguiadepamplona.com\/actualidad\/wp-content\/uploads\/2018\/11\/logo-laguiadepamplona18-web1.png","contentUrl":"https:\/\/www.laguiadepamplona.com\/actualidad\/wp-content\/uploads\/2018\/11\/logo-laguiadepamplona18-web1.png","width":600,"height":196,"caption":"La Gu\u00eda de Pamplona \/ Noticias"},"image":{"@id":"https:\/\/www.laguiadepamplona.com\/actualidad\/#\/schema\/logo\/image\/"},"sameAs":["https:\/\/www.facebook.com\/laguiadepamplonacom-133175176762273\/?ref=hl","https:\/\/x.com\/LaGuiadPamplona","https:\/\/www.instagram.com\/la_guia_de_pamplona\/","https:\/\/www.youtube.com\/user\/laguiadepamplona"]},{"@type":"Person","@id":"https:\/\/www.laguiadepamplona.com\/actualidad\/#\/schema\/person\/efe887376f0213d4657c93adc50b1fdb","name":"La Gu\u00eda de Pamplona","image":{"@type":"ImageObject","inLanguage":"es","@id":"https:\/\/secure.gravatar.com\/avatar\/b6992f131dc8d30ab0dff15446e9d346d9dbd95992de0fef795073f5ea83a81c?s=96&d=mm&r=g","url":"https:\/\/secure.gravatar.com\/avatar\/b6992f131dc8d30ab0dff15446e9d346d9dbd95992de0fef795073f5ea83a81c?s=96&d=mm&r=g","contentUrl":"https:\/\/secure.gravatar.com\/avatar\/b6992f131dc8d30ab0dff15446e9d346d9dbd95992de0fef795073f5ea83a81c?s=96&d=mm&r=g","caption":"La Gu\u00eda de Pamplona"}}]}},"post_mailing_queue_ids":[],"_links":{"self":[{"href":"https:\/\/www.laguiadepamplona.com\/actualidad\/wp-json\/wp\/v2\/posts\/13088","targetHints":{"allow":["GET"]}}],"collection":[{"href":"https:\/\/www.laguiadepamplona.com\/actualidad\/wp-json\/wp\/v2\/posts"}],"about":[{"href":"https:\/\/www.laguiadepamplona.com\/actualidad\/wp-json\/wp\/v2\/types\/post"}],"author":[{"embeddable":true,"href":"https:\/\/www.laguiadepamplona.com\/actualidad\/wp-json\/wp\/v2\/users\/1"}],"replies":[{"embeddable":true,"href":"https:\/\/www.laguiadepamplona.com\/actualidad\/wp-json\/wp\/v2\/comments?post=13088"}],"version-history":[{"count":0,"href":"https:\/\/www.laguiadepamplona.com\/actualidad\/wp-json\/wp\/v2\/posts\/13088\/revisions"}],"wp:featuredmedia":[{"embeddable":true,"href":"https:\/\/www.laguiadepamplona.com\/actualidad\/wp-json\/wp\/v2\/media\/11924"}],"wp:attachment":[{"href":"https:\/\/www.laguiadepamplona.com\/actualidad\/wp-json\/wp\/v2\/media?parent=13088"}],"wp:term":[{"taxonomy":"category","embeddable":true,"href":"https:\/\/www.laguiadepamplona.com\/actualidad\/wp-json\/wp\/v2\/categories?post=13088"},{"taxonomy":"post_tag","embeddable":true,"href":"https:\/\/www.laguiadepamplona.com\/actualidad\/wp-json\/wp\/v2\/tags?post=13088"}],"curies":[{"name":"wp","href":"https:\/\/api.w.org\/{rel}","templated":true}]}}