{"id":13086,"date":"2017-05-18T12:15:48","date_gmt":"2017-05-18T11:15:48","guid":{"rendered":"http:\/\/laguiadepamplona.es\/actualidad\/?p=13086"},"modified":"2017-05-18T12:15:48","modified_gmt":"2017-05-18T11:15:48","slug":"el-ayuntamiento-licita-el-contrato-para-ejecutar-varias-actuaciones-en-los-ensanches-dentro-del-plan-de-amabilizacion-del-centro-de-la-ciudad","status":"publish","type":"post","link":"https:\/\/www.laguiadepamplona.com\/actualidad\/el-ayuntamiento-licita-el-contrato-para-ejecutar-varias-actuaciones-en-los-ensanches-dentro-del-plan-de-amabilizacion-del-centro-de-la-ciudad\/","title":{"rendered":"El Ayuntamiento licita el contrato para ejecutar varias actuaciones en los ensanches dentro del Plan de Amabilizaci\u00f3n del centro de la ciudad"},"content":{"rendered":"<h3>Cuenta con un presupuesto de 184.438,15 euros, comenzar\u00e1 a ejecutarse despu\u00e9s de San Ferm\u00edn con un plazo de ejecuci\u00f3n de dos meses<\/h3>\n<p><!--more--><\/p>\n<p>El Ayuntamiento de Pamplona ha hecho p\u00fablica la licitaci\u00f3n del contrato para la ejecuci\u00f3n de las actuaciones que en materia de movilidad se van a realizar principalmente en el I Ensanche, dentro del Plan de Amabilizaci\u00f3n del centro de la ciudad. El presupuesto del contrato es de 184.438,15 euros, IVA incluido, con una previsi\u00f3n de inicio de los trabajos despu\u00e9s de las fiestas de San Ferm\u00edn y una ejecuci\u00f3n de dos meses.<\/p>\n<p>El \u00e1mbito de actuaci\u00f3n en el I Ensanche afecta a la avenida del Ej\u00e9rcito, Navas de Tolosa, calle Bosquecillo, calle Taconera, rotonda del hotel Tres Reyes hasta su intersecci\u00f3n con paseo de Sarasate, Yanguas y Miranda, calle Padre Moret, Sandoval, Jose Alonso y Juli\u00e1n Arteaga. Las obras a realizar, entre otras medidas, regular\u00e1n el tramo de Navas de Tolosa frente al Parlamento para uso exclusivo de autobuses y bicicletas; se reducir\u00e1n los carriles de circulaci\u00f3n en Yanguas y Miranda (de plaza de la Paz a Sarasate), Navas de Tolosa, Jos\u00e9 Alonso, Padre Moret o Taconera; o se peatonalizar\u00e1n las calles Bosquecillo y General Chinchilla.<\/p>\n<p>La actuaci\u00f3n que se va a llevar a cabo en las calles del II Ensanche se reduce al cambio del r\u00e9gimen de aparcamiento regulado. El cuadrante comprendido entre la avenida de San Ignacio, Conde Oliveto, Yanguas y Miranda y paseo de Sarasate pasar\u00e1 de ser zona azul en la que actualmente puede aparcar cualquier persona previo pago de la tarifa establecida a ser zona verde de estacionamiento reservado para residentes durante todo el d\u00eda. Las calles V\u00ednculo y Alh\u00f3ndiga se convertir\u00e1n en peatonales. Tambi\u00e9n se incluyen los trabajos para modificar el cruce de la avenida de Baja Navarra con Paulino Caballero para permitir el giro a la izquierda de autobuses y bicicletas y la colocaci\u00f3n de dos nuevas paradas de autobuses urbanos en la calle Amaya y en la avenida de Zaragoza<\/p>\n<p>El proyecto que se plantea debe ejecutarse en su primera fase con las actuaciones m\u00ednimas que se deben realizar de manera que la zona quede totalmente funcional y con las debidas condiciones de seguridad y accesibilidad con los cambios producidos. Se abrir\u00e1 un plazo, despu\u00e9s de la finalizaci\u00f3n del proyecto, para poder valorar el alcance de las medidas adoptadas evitando una reurbanizaci\u00f3n integral que suponga una inversi\u00f3n elevada, y se apuesta por soluciones reversibles de manera que puedan realizar ajustes y posibles modificaciones.<\/p>\n<p>Las empresas interesadas pueden presentar su solicitud y la documentaci\u00f3n requerida en el registro del \u00e1rea de Ciudad Habitable y Vivienda o en cualesquiera otros recogido en la ley has el viernes 26 de mayo. Las obras a desarrollar se verifican en calles o viales de propiedad municipal, libres de construcciones que impidan su realizaci\u00f3n y, por tanto, no existe inconveniente en la ocupaci\u00f3n de los mismos para su desarrollo.<\/p>\n<p>&nbsp;<\/p>\n","protected":false},"excerpt":{"rendered":"<p>Cuenta con un presupuesto de 184.438,15 euros, comenzar\u00e1 a ejecutarse despu\u00e9s de San Ferm\u00edn con un plazo de ejecuci\u00f3n de dos meses<\/p>\n","protected":false},"author":1,"featured_media":10979,"comment_status":"closed","ping_status":"closed","sticky":false,"template":"","format":"standard","meta":{"footnotes":""},"categories":[2],"tags":[],"class_list":["post-13086","post","type-post","status-publish","format-standard","has-post-thumbnail","hentry","category-ayuntamiento-pamplona"],"yoast_head":"<!-- This site is optimized with the Yoast SEO plugin v27.3 - https:\/\/yoast.com\/product\/yoast-seo-wordpress\/ -->\n<title>El Ayuntamiento licita el contrato para ejecutar varias actuaciones en los ensanches dentro del Plan de Amabilizaci\u00f3n del centro de la ciudad<\/title>\n<meta name=\"robots\" content=\"index, follow, max-snippet:-1, max-image-preview:large, max-video-preview:-1\" \/>\n<link rel=\"canonical\" href=\"https:\/\/www.laguiadepamplona.com\/actualidad\/el-ayuntamiento-licita-el-contrato-para-ejecutar-varias-actuaciones-en-los-ensanches-dentro-del-plan-de-amabilizacion-del-centro-de-la-ciudad\/\" \/>\n<meta property=\"og:locale\" content=\"es_ES\" \/>\n<meta property=\"og:type\" content=\"article\" \/>\n<meta property=\"og:title\" content=\"El Ayuntamiento licita el contrato para ejecutar varias actuaciones en los ensanches dentro del Plan de Amabilizaci\u00f3n del centro de la ciudad\" \/>\n<meta property=\"og:description\" content=\"Cuenta con un presupuesto de 184.438,15 euros, comenzar\u00e1 a ejecutarse despu\u00e9s de San Ferm\u00edn con un plazo de ejecuci\u00f3n de dos meses\" \/>\n<meta property=\"og:url\" content=\"https:\/\/www.laguiadepamplona.com\/actualidad\/el-ayuntamiento-licita-el-contrato-para-ejecutar-varias-actuaciones-en-los-ensanches-dentro-del-plan-de-amabilizacion-del-centro-de-la-ciudad\/\" \/>\n<meta property=\"og:site_name\" content=\"La Gu\u00eda de Pamplona\" \/>\n<meta property=\"article:publisher\" content=\"https:\/\/www.facebook.com\/laguiadepamplonacom-133175176762273\/?ref=hl\" \/>\n<meta property=\"article:published_time\" content=\"2017-05-18T11:15:48+00:00\" \/>\n<meta property=\"og:image\" content=\"https:\/\/www.laguiadepamplona.com\/actualidad\/wp-content\/uploads\/2016\/11\/Ayto_Pamplona.jpg\" \/>\n\t<meta property=\"og:image:width\" content=\"900\" \/>\n\t<meta property=\"og:image:height\" content=\"675\" \/>\n\t<meta property=\"og:image:type\" content=\"image\/jpeg\" \/>\n<meta name=\"author\" content=\"La Gu\u00eda de Pamplona\" \/>\n<meta name=\"twitter:card\" content=\"summary_large_image\" \/>\n<meta name=\"twitter:creator\" content=\"@LaGuiadPamplona\" \/>\n<meta name=\"twitter:site\" content=\"@LaGuiadPamplona\" \/>\n<meta name=\"twitter:label1\" content=\"Escrito por\" \/>\n\t<meta name=\"twitter:data1\" content=\"La Gu\u00eda de Pamplona\" \/>\n\t<meta name=\"twitter:label2\" content=\"Tiempo de lectura\" \/>\n\t<meta name=\"twitter:data2\" content=\"3 minutos\" \/>\n<script type=\"application\/ld+json\" class=\"yoast-schema-graph\">{\"@context\":\"https:\\\/\\\/schema.org\",\"@graph\":[{\"@type\":\"Article\",\"@id\":\"https:\\\/\\\/www.laguiadepamplona.com\\\/actualidad\\\/el-ayuntamiento-licita-el-contrato-para-ejecutar-varias-actuaciones-en-los-ensanches-dentro-del-plan-de-amabilizacion-del-centro-de-la-ciudad\\\/#article\",\"isPartOf\":{\"@id\":\"https:\\\/\\\/www.laguiadepamplona.com\\\/actualidad\\\/el-ayuntamiento-licita-el-contrato-para-ejecutar-varias-actuaciones-en-los-ensanches-dentro-del-plan-de-amabilizacion-del-centro-de-la-ciudad\\\/\"},\"author\":{\"name\":\"La Gu\u00eda de Pamplona\",\"@id\":\"https:\\\/\\\/www.laguiadepamplona.com\\\/actualidad\\\/#\\\/schema\\\/person\\\/efe887376f0213d4657c93adc50b1fdb\"},\"headline\":\"El Ayuntamiento licita el contrato para ejecutar varias actuaciones en los ensanches dentro del Plan de Amabilizaci\u00f3n del centro de la ciudad\",\"datePublished\":\"2017-05-18T11:15:48+00:00\",\"mainEntityOfPage\":{\"@id\":\"https:\\\/\\\/www.laguiadepamplona.com\\\/actualidad\\\/el-ayuntamiento-licita-el-contrato-para-ejecutar-varias-actuaciones-en-los-ensanches-dentro-del-plan-de-amabilizacion-del-centro-de-la-ciudad\\\/\"},\"wordCount\":539,\"publisher\":{\"@id\":\"https:\\\/\\\/www.laguiadepamplona.com\\\/actualidad\\\/#organization\"},\"image\":{\"@id\":\"https:\\\/\\\/www.laguiadepamplona.com\\\/actualidad\\\/el-ayuntamiento-licita-el-contrato-para-ejecutar-varias-actuaciones-en-los-ensanches-dentro-del-plan-de-amabilizacion-del-centro-de-la-ciudad\\\/#primaryimage\"},\"thumbnailUrl\":\"https:\\\/\\\/www.laguiadepamplona.com\\\/actualidad\\\/wp-content\\\/uploads\\\/2016\\\/11\\\/Ayto_Pamplona.jpg\",\"articleSection\":[\"Ayto Pamplona\"],\"inLanguage\":\"es\"},{\"@type\":\"WebPage\",\"@id\":\"https:\\\/\\\/www.laguiadepamplona.com\\\/actualidad\\\/el-ayuntamiento-licita-el-contrato-para-ejecutar-varias-actuaciones-en-los-ensanches-dentro-del-plan-de-amabilizacion-del-centro-de-la-ciudad\\\/\",\"url\":\"https:\\\/\\\/www.laguiadepamplona.com\\\/actualidad\\\/el-ayuntamiento-licita-el-contrato-para-ejecutar-varias-actuaciones-en-los-ensanches-dentro-del-plan-de-amabilizacion-del-centro-de-la-ciudad\\\/\",\"name\":\"El Ayuntamiento licita el contrato para ejecutar varias actuaciones en los ensanches dentro del Plan de Amabilizaci\u00f3n del centro de la ciudad\",\"isPartOf\":{\"@id\":\"https:\\\/\\\/www.laguiadepamplona.com\\\/actualidad\\\/#website\"},\"primaryImageOfPage\":{\"@id\":\"https:\\\/\\\/www.laguiadepamplona.com\\\/actualidad\\\/el-ayuntamiento-licita-el-contrato-para-ejecutar-varias-actuaciones-en-los-ensanches-dentro-del-plan-de-amabilizacion-del-centro-de-la-ciudad\\\/#primaryimage\"},\"image\":{\"@id\":\"https:\\\/\\\/www.laguiadepamplona.com\\\/actualidad\\\/el-ayuntamiento-licita-el-contrato-para-ejecutar-varias-actuaciones-en-los-ensanches-dentro-del-plan-de-amabilizacion-del-centro-de-la-ciudad\\\/#primaryimage\"},\"thumbnailUrl\":\"https:\\\/\\\/www.laguiadepamplona.com\\\/actualidad\\\/wp-content\\\/uploads\\\/2016\\\/11\\\/Ayto_Pamplona.jpg\",\"datePublished\":\"2017-05-18T11:15:48+00:00\",\"breadcrumb\":{\"@id\":\"https:\\\/\\\/www.laguiadepamplona.com\\\/actualidad\\\/el-ayuntamiento-licita-el-contrato-para-ejecutar-varias-actuaciones-en-los-ensanches-dentro-del-plan-de-amabilizacion-del-centro-de-la-ciudad\\\/#breadcrumb\"},\"inLanguage\":\"es\",\"potentialAction\":[{\"@type\":\"ReadAction\",\"target\":[\"https:\\\/\\\/www.laguiadepamplona.com\\\/actualidad\\\/el-ayuntamiento-licita-el-contrato-para-ejecutar-varias-actuaciones-en-los-ensanches-dentro-del-plan-de-amabilizacion-del-centro-de-la-ciudad\\\/\"]}]},{\"@type\":\"ImageObject\",\"inLanguage\":\"es\",\"@id\":\"https:\\\/\\\/www.laguiadepamplona.com\\\/actualidad\\\/el-ayuntamiento-licita-el-contrato-para-ejecutar-varias-actuaciones-en-los-ensanches-dentro-del-plan-de-amabilizacion-del-centro-de-la-ciudad\\\/#primaryimage\",\"url\":\"https:\\\/\\\/www.laguiadepamplona.com\\\/actualidad\\\/wp-content\\\/uploads\\\/2016\\\/11\\\/Ayto_Pamplona.jpg\",\"contentUrl\":\"https:\\\/\\\/www.laguiadepamplona.com\\\/actualidad\\\/wp-content\\\/uploads\\\/2016\\\/11\\\/Ayto_Pamplona.jpg\",\"width\":900,\"height\":675},{\"@type\":\"BreadcrumbList\",\"@id\":\"https:\\\/\\\/www.laguiadepamplona.com\\\/actualidad\\\/el-ayuntamiento-licita-el-contrato-para-ejecutar-varias-actuaciones-en-los-ensanches-dentro-del-plan-de-amabilizacion-del-centro-de-la-ciudad\\\/#breadcrumb\",\"itemListElement\":[{\"@type\":\"ListItem\",\"position\":1,\"name\":\"Portada\",\"item\":\"https:\\\/\\\/www.laguiadepamplona.com\\\/actualidad\\\/\"},{\"@type\":\"ListItem\",\"position\":2,\"name\":\"El Ayuntamiento licita el contrato para ejecutar varias actuaciones en los ensanches dentro del Plan de Amabilizaci\u00f3n del centro de la ciudad\"}]},{\"@type\":\"WebSite\",\"@id\":\"https:\\\/\\\/www.laguiadepamplona.com\\\/actualidad\\\/#website\",\"url\":\"https:\\\/\\\/www.laguiadepamplona.com\\\/actualidad\\\/\",\"name\":\"La gu\u00eda de Pamplona\",\"description\":\"Noticias de Pamplona\",\"publisher\":{\"@id\":\"https:\\\/\\\/www.laguiadepamplona.com\\\/actualidad\\\/#organization\"},\"potentialAction\":[{\"@type\":\"SearchAction\",\"target\":{\"@type\":\"EntryPoint\",\"urlTemplate\":\"https:\\\/\\\/www.laguiadepamplona.com\\\/actualidad\\\/?s={search_term_string}\"},\"query-input\":{\"@type\":\"PropertyValueSpecification\",\"valueRequired\":true,\"valueName\":\"search_term_string\"}}],\"inLanguage\":\"es\"},{\"@type\":\"Organization\",\"@id\":\"https:\\\/\\\/www.laguiadepamplona.com\\\/actualidad\\\/#organization\",\"name\":\"La Gu\u00eda de Pamplona \\\/ Noticias\",\"url\":\"https:\\\/\\\/www.laguiadepamplona.com\\\/actualidad\\\/\",\"logo\":{\"@type\":\"ImageObject\",\"inLanguage\":\"es\",\"@id\":\"https:\\\/\\\/www.laguiadepamplona.com\\\/actualidad\\\/#\\\/schema\\\/logo\\\/image\\\/\",\"url\":\"https:\\\/\\\/www.laguiadepamplona.com\\\/actualidad\\\/wp-content\\\/uploads\\\/2018\\\/11\\\/logo-laguiadepamplona18-web1.png\",\"contentUrl\":\"https:\\\/\\\/www.laguiadepamplona.com\\\/actualidad\\\/wp-content\\\/uploads\\\/2018\\\/11\\\/logo-laguiadepamplona18-web1.png\",\"width\":600,\"height\":196,\"caption\":\"La Gu\u00eda de Pamplona \\\/ Noticias\"},\"image\":{\"@id\":\"https:\\\/\\\/www.laguiadepamplona.com\\\/actualidad\\\/#\\\/schema\\\/logo\\\/image\\\/\"},\"sameAs\":[\"https:\\\/\\\/www.facebook.com\\\/laguiadepamplonacom-133175176762273\\\/?ref=hl\",\"https:\\\/\\\/x.com\\\/LaGuiadPamplona\",\"https:\\\/\\\/www.instagram.com\\\/la_guia_de_pamplona\\\/\",\"https:\\\/\\\/www.youtube.com\\\/user\\\/laguiadepamplona\"]},{\"@type\":\"Person\",\"@id\":\"https:\\\/\\\/www.laguiadepamplona.com\\\/actualidad\\\/#\\\/schema\\\/person\\\/efe887376f0213d4657c93adc50b1fdb\",\"name\":\"La Gu\u00eda de Pamplona\",\"image\":{\"@type\":\"ImageObject\",\"inLanguage\":\"es\",\"@id\":\"https:\\\/\\\/secure.gravatar.com\\\/avatar\\\/b6992f131dc8d30ab0dff15446e9d346d9dbd95992de0fef795073f5ea83a81c?s=96&d=mm&r=g\",\"url\":\"https:\\\/\\\/secure.gravatar.com\\\/avatar\\\/b6992f131dc8d30ab0dff15446e9d346d9dbd95992de0fef795073f5ea83a81c?s=96&d=mm&r=g\",\"contentUrl\":\"https:\\\/\\\/secure.gravatar.com\\\/avatar\\\/b6992f131dc8d30ab0dff15446e9d346d9dbd95992de0fef795073f5ea83a81c?s=96&d=mm&r=g\",\"caption\":\"La Gu\u00eda de Pamplona\"}}]}<\/script>\n<!-- \/ Yoast SEO plugin. -->","yoast_head_json":{"title":"El Ayuntamiento licita el contrato para ejecutar varias actuaciones en los ensanches dentro del Plan de Amabilizaci\u00f3n del centro de la ciudad","robots":{"index":"index","follow":"follow","max-snippet":"max-snippet:-1","max-image-preview":"max-image-preview:large","max-video-preview":"max-video-preview:-1"},"canonical":"https:\/\/www.laguiadepamplona.com\/actualidad\/el-ayuntamiento-licita-el-contrato-para-ejecutar-varias-actuaciones-en-los-ensanches-dentro-del-plan-de-amabilizacion-del-centro-de-la-ciudad\/","og_locale":"es_ES","og_type":"article","og_title":"El Ayuntamiento licita el contrato para ejecutar varias actuaciones en los ensanches dentro del Plan de Amabilizaci\u00f3n del centro de la ciudad","og_description":"Cuenta con un presupuesto de 184.438,15 euros, comenzar\u00e1 a ejecutarse despu\u00e9s de San Ferm\u00edn con un plazo de ejecuci\u00f3n de dos meses","og_url":"https:\/\/www.laguiadepamplona.com\/actualidad\/el-ayuntamiento-licita-el-contrato-para-ejecutar-varias-actuaciones-en-los-ensanches-dentro-del-plan-de-amabilizacion-del-centro-de-la-ciudad\/","og_site_name":"La Gu\u00eda de Pamplona","article_publisher":"https:\/\/www.facebook.com\/laguiadepamplonacom-133175176762273\/?ref=hl","article_published_time":"2017-05-18T11:15:48+00:00","og_image":[{"width":900,"height":675,"url":"https:\/\/www.laguiadepamplona.com\/actualidad\/wp-content\/uploads\/2016\/11\/Ayto_Pamplona.jpg","type":"image\/jpeg"}],"author":"La Gu\u00eda de Pamplona","twitter_card":"summary_large_image","twitter_creator":"@LaGuiadPamplona","twitter_site":"@LaGuiadPamplona","twitter_misc":{"Escrito por":"La Gu\u00eda de Pamplona","Tiempo de lectura":"3 minutos"},"schema":{"@context":"https:\/\/schema.org","@graph":[{"@type":"Article","@id":"https:\/\/www.laguiadepamplona.com\/actualidad\/el-ayuntamiento-licita-el-contrato-para-ejecutar-varias-actuaciones-en-los-ensanches-dentro-del-plan-de-amabilizacion-del-centro-de-la-ciudad\/#article","isPartOf":{"@id":"https:\/\/www.laguiadepamplona.com\/actualidad\/el-ayuntamiento-licita-el-contrato-para-ejecutar-varias-actuaciones-en-los-ensanches-dentro-del-plan-de-amabilizacion-del-centro-de-la-ciudad\/"},"author":{"name":"La Gu\u00eda de Pamplona","@id":"https:\/\/www.laguiadepamplona.com\/actualidad\/#\/schema\/person\/efe887376f0213d4657c93adc50b1fdb"},"headline":"El Ayuntamiento licita el contrato para ejecutar varias actuaciones en los ensanches dentro del Plan de Amabilizaci\u00f3n del centro de la ciudad","datePublished":"2017-05-18T11:15:48+00:00","mainEntityOfPage":{"@id":"https:\/\/www.laguiadepamplona.com\/actualidad\/el-ayuntamiento-licita-el-contrato-para-ejecutar-varias-actuaciones-en-los-ensanches-dentro-del-plan-de-amabilizacion-del-centro-de-la-ciudad\/"},"wordCount":539,"publisher":{"@id":"https:\/\/www.laguiadepamplona.com\/actualidad\/#organization"},"image":{"@id":"https:\/\/www.laguiadepamplona.com\/actualidad\/el-ayuntamiento-licita-el-contrato-para-ejecutar-varias-actuaciones-en-los-ensanches-dentro-del-plan-de-amabilizacion-del-centro-de-la-ciudad\/#primaryimage"},"thumbnailUrl":"https:\/\/www.laguiadepamplona.com\/actualidad\/wp-content\/uploads\/2016\/11\/Ayto_Pamplona.jpg","articleSection":["Ayto Pamplona"],"inLanguage":"es"},{"@type":"WebPage","@id":"https:\/\/www.laguiadepamplona.com\/actualidad\/el-ayuntamiento-licita-el-contrato-para-ejecutar-varias-actuaciones-en-los-ensanches-dentro-del-plan-de-amabilizacion-del-centro-de-la-ciudad\/","url":"https:\/\/www.laguiadepamplona.com\/actualidad\/el-ayuntamiento-licita-el-contrato-para-ejecutar-varias-actuaciones-en-los-ensanches-dentro-del-plan-de-amabilizacion-del-centro-de-la-ciudad\/","name":"El Ayuntamiento licita el contrato para ejecutar varias actuaciones en los ensanches dentro del Plan de Amabilizaci\u00f3n del centro de la ciudad","isPartOf":{"@id":"https:\/\/www.laguiadepamplona.com\/actualidad\/#website"},"primaryImageOfPage":{"@id":"https:\/\/www.laguiadepamplona.com\/actualidad\/el-ayuntamiento-licita-el-contrato-para-ejecutar-varias-actuaciones-en-los-ensanches-dentro-del-plan-de-amabilizacion-del-centro-de-la-ciudad\/#primaryimage"},"image":{"@id":"https:\/\/www.laguiadepamplona.com\/actualidad\/el-ayuntamiento-licita-el-contrato-para-ejecutar-varias-actuaciones-en-los-ensanches-dentro-del-plan-de-amabilizacion-del-centro-de-la-ciudad\/#primaryimage"},"thumbnailUrl":"https:\/\/www.laguiadepamplona.com\/actualidad\/wp-content\/uploads\/2016\/11\/Ayto_Pamplona.jpg","datePublished":"2017-05-18T11:15:48+00:00","breadcrumb":{"@id":"https:\/\/www.laguiadepamplona.com\/actualidad\/el-ayuntamiento-licita-el-contrato-para-ejecutar-varias-actuaciones-en-los-ensanches-dentro-del-plan-de-amabilizacion-del-centro-de-la-ciudad\/#breadcrumb"},"inLanguage":"es","potentialAction":[{"@type":"ReadAction","target":["https:\/\/www.laguiadepamplona.com\/actualidad\/el-ayuntamiento-licita-el-contrato-para-ejecutar-varias-actuaciones-en-los-ensanches-dentro-del-plan-de-amabilizacion-del-centro-de-la-ciudad\/"]}]},{"@type":"ImageObject","inLanguage":"es","@id":"https:\/\/www.laguiadepamplona.com\/actualidad\/el-ayuntamiento-licita-el-contrato-para-ejecutar-varias-actuaciones-en-los-ensanches-dentro-del-plan-de-amabilizacion-del-centro-de-la-ciudad\/#primaryimage","url":"https:\/\/www.laguiadepamplona.com\/actualidad\/wp-content\/uploads\/2016\/11\/Ayto_Pamplona.jpg","contentUrl":"https:\/\/www.laguiadepamplona.com\/actualidad\/wp-content\/uploads\/2016\/11\/Ayto_Pamplona.jpg","width":900,"height":675},{"@type":"BreadcrumbList","@id":"https:\/\/www.laguiadepamplona.com\/actualidad\/el-ayuntamiento-licita-el-contrato-para-ejecutar-varias-actuaciones-en-los-ensanches-dentro-del-plan-de-amabilizacion-del-centro-de-la-ciudad\/#breadcrumb","itemListElement":[{"@type":"ListItem","position":1,"name":"Portada","item":"https:\/\/www.laguiadepamplona.com\/actualidad\/"},{"@type":"ListItem","position":2,"name":"El Ayuntamiento licita el contrato para ejecutar varias actuaciones en los ensanches dentro del Plan de Amabilizaci\u00f3n del centro de la ciudad"}]},{"@type":"WebSite","@id":"https:\/\/www.laguiadepamplona.com\/actualidad\/#website","url":"https:\/\/www.laguiadepamplona.com\/actualidad\/","name":"La gu\u00eda de Pamplona","description":"Noticias de Pamplona","publisher":{"@id":"https:\/\/www.laguiadepamplona.com\/actualidad\/#organization"},"potentialAction":[{"@type":"SearchAction","target":{"@type":"EntryPoint","urlTemplate":"https:\/\/www.laguiadepamplona.com\/actualidad\/?s={search_term_string}"},"query-input":{"@type":"PropertyValueSpecification","valueRequired":true,"valueName":"search_term_string"}}],"inLanguage":"es"},{"@type":"Organization","@id":"https:\/\/www.laguiadepamplona.com\/actualidad\/#organization","name":"La Gu\u00eda de Pamplona \/ Noticias","url":"https:\/\/www.laguiadepamplona.com\/actualidad\/","logo":{"@type":"ImageObject","inLanguage":"es","@id":"https:\/\/www.laguiadepamplona.com\/actualidad\/#\/schema\/logo\/image\/","url":"https:\/\/www.laguiadepamplona.com\/actualidad\/wp-content\/uploads\/2018\/11\/logo-laguiadepamplona18-web1.png","contentUrl":"https:\/\/www.laguiadepamplona.com\/actualidad\/wp-content\/uploads\/2018\/11\/logo-laguiadepamplona18-web1.png","width":600,"height":196,"caption":"La Gu\u00eda de Pamplona \/ Noticias"},"image":{"@id":"https:\/\/www.laguiadepamplona.com\/actualidad\/#\/schema\/logo\/image\/"},"sameAs":["https:\/\/www.facebook.com\/laguiadepamplonacom-133175176762273\/?ref=hl","https:\/\/x.com\/LaGuiadPamplona","https:\/\/www.instagram.com\/la_guia_de_pamplona\/","https:\/\/www.youtube.com\/user\/laguiadepamplona"]},{"@type":"Person","@id":"https:\/\/www.laguiadepamplona.com\/actualidad\/#\/schema\/person\/efe887376f0213d4657c93adc50b1fdb","name":"La Gu\u00eda de Pamplona","image":{"@type":"ImageObject","inLanguage":"es","@id":"https:\/\/secure.gravatar.com\/avatar\/b6992f131dc8d30ab0dff15446e9d346d9dbd95992de0fef795073f5ea83a81c?s=96&d=mm&r=g","url":"https:\/\/secure.gravatar.com\/avatar\/b6992f131dc8d30ab0dff15446e9d346d9dbd95992de0fef795073f5ea83a81c?s=96&d=mm&r=g","contentUrl":"https:\/\/secure.gravatar.com\/avatar\/b6992f131dc8d30ab0dff15446e9d346d9dbd95992de0fef795073f5ea83a81c?s=96&d=mm&r=g","caption":"La Gu\u00eda de Pamplona"}}]}},"post_mailing_queue_ids":[],"_links":{"self":[{"href":"https:\/\/www.laguiadepamplona.com\/actualidad\/wp-json\/wp\/v2\/posts\/13086","targetHints":{"allow":["GET"]}}],"collection":[{"href":"https:\/\/www.laguiadepamplona.com\/actualidad\/wp-json\/wp\/v2\/posts"}],"about":[{"href":"https:\/\/www.laguiadepamplona.com\/actualidad\/wp-json\/wp\/v2\/types\/post"}],"author":[{"embeddable":true,"href":"https:\/\/www.laguiadepamplona.com\/actualidad\/wp-json\/wp\/v2\/users\/1"}],"replies":[{"embeddable":true,"href":"https:\/\/www.laguiadepamplona.com\/actualidad\/wp-json\/wp\/v2\/comments?post=13086"}],"version-history":[{"count":0,"href":"https:\/\/www.laguiadepamplona.com\/actualidad\/wp-json\/wp\/v2\/posts\/13086\/revisions"}],"wp:featuredmedia":[{"embeddable":true,"href":"https:\/\/www.laguiadepamplona.com\/actualidad\/wp-json\/wp\/v2\/media\/10979"}],"wp:attachment":[{"href":"https:\/\/www.laguiadepamplona.com\/actualidad\/wp-json\/wp\/v2\/media?parent=13086"}],"wp:term":[{"taxonomy":"category","embeddable":true,"href":"https:\/\/www.laguiadepamplona.com\/actualidad\/wp-json\/wp\/v2\/categories?post=13086"},{"taxonomy":"post_tag","embeddable":true,"href":"https:\/\/www.laguiadepamplona.com\/actualidad\/wp-json\/wp\/v2\/tags?post=13086"}],"curies":[{"name":"wp","href":"https:\/\/api.w.org\/{rel}","templated":true}]}}