{"id":13082,"date":"2017-05-18T12:13:39","date_gmt":"2017-05-18T11:13:39","guid":{"rendered":"http:\/\/laguiadepamplona.es\/actualidad\/?p=13082"},"modified":"2017-05-18T12:13:39","modified_gmt":"2017-05-18T11:13:39","slug":"civivox-condestable-ofrece-este-sabado-por-la-manana-un-taller-artistico-en-familia-del-ciclo-de-el-legado-de-sarasate-sobre-las-cuerdas-del-violin","status":"publish","type":"post","link":"https:\/\/www.laguiadepamplona.com\/actualidad\/civivox-condestable-ofrece-este-sabado-por-la-manana-un-taller-artistico-en-familia-del-ciclo-de-el-legado-de-sarasate-sobre-las-cuerdas-del-violin\/","title":{"rendered":"Civivox Condestable ofrece este s\u00e1bado por la ma\u00f1ana un taller art\u00edstico en familia del ciclo de \u2018El legado de Sarasate\u2019 sobre las cuerdas del viol\u00edn"},"content":{"rendered":"<h3>El taller, dirigidos a menores de 5 a 10 a\u00f1os acompa\u00f1ados por familiares, se celebrar\u00e1 de 11.30 a 13 horas con inscripci\u00f3n previa gratuita<\/h3>\n<p><!--more--><\/p>\n<p>Civivox Condestable ofrece este s\u00e1bado, 20 de mayo, un taller art\u00edstico en familia incluido entre las actividades del ciclo \u2018El legado de Sarasate\u2019. Se celebrar\u00e1 por la ma\u00f1ana, de 11.30 a 13 horas. Con el t\u00edtulo \u2018Las cuerdas de un viol\u00edn\u2019, la sesi\u00f3n est\u00e1 dirigida a menores de 5 a 10 a\u00f1os, acompa\u00f1ados de familiares. Las inscripciones son gratuitas pero es obligatorio que se realicen previamente en cualquier centro de la Red Civivox: Condestable, Ensanche, Iturrama, Jus la Rocha, Mendillorri, Milagrosa y San Jorge. Existen 16 plazas disponibles que se adjudicar\u00e1n por orden de inscripci\u00f3n.<\/p>\n<p>Durante el taller se trabajar\u00e1n diferentes esculturas m\u00f3viles personalizadas a partir de las cuerdas del viol\u00edn, teniendo en cuenta su forma y construcci\u00f3n. Estar\u00e1 impartido por Ana Rosa S\u00e1nchez, educadora art\u00edstica.<\/p>\n<p>La siguiente sesi\u00f3n de \u2018El legado de Sarasate\u2019 ser\u00e1 el s\u00e1bado 3 de junio en el mismo horario, de 11.30 a 13 horas. En esta ocasi\u00f3n ser\u00e1 en euskera y lleva por t\u00edtulo \u2018Orri-markatzaile musikalak\u2019. En esa sesi\u00f3n, tras realizar una serie de juegos para conocer objetos relacionados con el violinista pamplon\u00e9s Pablo Sarasate, se crear\u00e1n marcap\u00e1ginas personalizados a partir de las im\u00e1genes musicales. Llegar\u00e1 de la mano de la educadora infantil Amaia Artica.<\/p>\n<p>&nbsp;<\/p>\n<p><strong>El legado de Pablo Sarasate. Talleres familiares.<\/strong><\/p>\n<ul>\n<li>Civivox Condestable. De 11.30 a 13 horas<\/li>\n<li>Menores de 5 a 10 a\u00f1os acompa\u00f1ados de familiares<\/li>\n<li>Inscripciones previas gratuitas en cualquier civivox.<\/li>\n<li><strong>Las cuerdas de un viol\u00edn<\/strong><strong>\u2019<\/strong><\/li>\n<li>S\u00e1bado 20 de mayo<\/li>\n<li><strong>\u2018<\/strong><strong>Orri-markatzaile musikalak\u2019<\/strong><\/li>\n<li>S\u00e1bado 3 de junio<\/li>\n<\/ul>\n<p>&nbsp;<\/p>\n","protected":false},"excerpt":{"rendered":"<p>El taller, dirigidos a menores de 5 a 10 a\u00f1os acompa\u00f1ados por familiares, se celebrar\u00e1 de 11.30 a 13 horas con inscripci\u00f3n previa gratuita<\/p>\n","protected":false},"author":1,"featured_media":11008,"comment_status":"closed","ping_status":"closed","sticky":false,"template":"","format":"standard","meta":{"footnotes":""},"categories":[2],"tags":[],"class_list":["post-13082","post","type-post","status-publish","format-standard","has-post-thumbnail","hentry","category-ayuntamiento-pamplona"],"yoast_head":"<!-- This site is optimized with the Yoast SEO plugin v27.3 - https:\/\/yoast.com\/product\/yoast-seo-wordpress\/ -->\n<title>Civivox Condestable ofrece este s\u00e1bado por la ma\u00f1ana un taller art\u00edstico en familia del ciclo de \u2018El legado de Sarasate\u2019 sobre las cuerdas del viol\u00edn<\/title>\n<meta name=\"robots\" content=\"index, follow, max-snippet:-1, max-image-preview:large, max-video-preview:-1\" \/>\n<link rel=\"canonical\" href=\"https:\/\/www.laguiadepamplona.com\/actualidad\/civivox-condestable-ofrece-este-sabado-por-la-manana-un-taller-artistico-en-familia-del-ciclo-de-el-legado-de-sarasate-sobre-las-cuerdas-del-violin\/\" \/>\n<meta property=\"og:locale\" content=\"es_ES\" \/>\n<meta property=\"og:type\" content=\"article\" \/>\n<meta property=\"og:title\" content=\"Civivox Condestable ofrece este s\u00e1bado por la ma\u00f1ana un taller art\u00edstico en familia del ciclo de \u2018El legado de Sarasate\u2019 sobre las cuerdas del viol\u00edn\" \/>\n<meta property=\"og:description\" content=\"El taller, dirigidos a menores de 5 a 10 a\u00f1os acompa\u00f1ados por familiares, se celebrar\u00e1 de 11.30 a 13 horas con inscripci\u00f3n previa gratuita\" \/>\n<meta property=\"og:url\" content=\"https:\/\/www.laguiadepamplona.com\/actualidad\/civivox-condestable-ofrece-este-sabado-por-la-manana-un-taller-artistico-en-familia-del-ciclo-de-el-legado-de-sarasate-sobre-las-cuerdas-del-violin\/\" \/>\n<meta property=\"og:site_name\" content=\"La Gu\u00eda de Pamplona\" \/>\n<meta property=\"article:publisher\" content=\"https:\/\/www.facebook.com\/laguiadepamplonacom-133175176762273\/?ref=hl\" \/>\n<meta property=\"article:published_time\" content=\"2017-05-18T11:13:39+00:00\" \/>\n<meta property=\"og:image\" content=\"https:\/\/www.laguiadepamplona.com\/actualidad\/wp-content\/uploads\/2016\/12\/palacio-condestable-civivox.jpg\" \/>\n\t<meta property=\"og:image:width\" content=\"900\" \/>\n\t<meta property=\"og:image:height\" content=\"675\" \/>\n\t<meta property=\"og:image:type\" content=\"image\/jpeg\" \/>\n<meta name=\"author\" content=\"La Gu\u00eda de Pamplona\" \/>\n<meta name=\"twitter:card\" content=\"summary_large_image\" \/>\n<meta name=\"twitter:creator\" content=\"@LaGuiadPamplona\" \/>\n<meta name=\"twitter:site\" content=\"@LaGuiadPamplona\" \/>\n<meta name=\"twitter:label1\" content=\"Escrito por\" \/>\n\t<meta name=\"twitter:data1\" content=\"La Gu\u00eda de Pamplona\" \/>\n\t<meta name=\"twitter:label2\" content=\"Tiempo de lectura\" \/>\n\t<meta name=\"twitter:data2\" content=\"1 minuto\" \/>\n<script type=\"application\/ld+json\" class=\"yoast-schema-graph\">{\"@context\":\"https:\\\/\\\/schema.org\",\"@graph\":[{\"@type\":\"Article\",\"@id\":\"https:\\\/\\\/www.laguiadepamplona.com\\\/actualidad\\\/civivox-condestable-ofrece-este-sabado-por-la-manana-un-taller-artistico-en-familia-del-ciclo-de-el-legado-de-sarasate-sobre-las-cuerdas-del-violin\\\/#article\",\"isPartOf\":{\"@id\":\"https:\\\/\\\/www.laguiadepamplona.com\\\/actualidad\\\/civivox-condestable-ofrece-este-sabado-por-la-manana-un-taller-artistico-en-familia-del-ciclo-de-el-legado-de-sarasate-sobre-las-cuerdas-del-violin\\\/\"},\"author\":{\"name\":\"La Gu\u00eda de Pamplona\",\"@id\":\"https:\\\/\\\/www.laguiadepamplona.com\\\/actualidad\\\/#\\\/schema\\\/person\\\/efe887376f0213d4657c93adc50b1fdb\"},\"headline\":\"Civivox Condestable ofrece este s\u00e1bado por la ma\u00f1ana un taller art\u00edstico en familia del ciclo de \u2018El legado de Sarasate\u2019 sobre las cuerdas del viol\u00edn\",\"datePublished\":\"2017-05-18T11:13:39+00:00\",\"mainEntityOfPage\":{\"@id\":\"https:\\\/\\\/www.laguiadepamplona.com\\\/actualidad\\\/civivox-condestable-ofrece-este-sabado-por-la-manana-un-taller-artistico-en-familia-del-ciclo-de-el-legado-de-sarasate-sobre-las-cuerdas-del-violin\\\/\"},\"wordCount\":313,\"publisher\":{\"@id\":\"https:\\\/\\\/www.laguiadepamplona.com\\\/actualidad\\\/#organization\"},\"image\":{\"@id\":\"https:\\\/\\\/www.laguiadepamplona.com\\\/actualidad\\\/civivox-condestable-ofrece-este-sabado-por-la-manana-un-taller-artistico-en-familia-del-ciclo-de-el-legado-de-sarasate-sobre-las-cuerdas-del-violin\\\/#primaryimage\"},\"thumbnailUrl\":\"https:\\\/\\\/www.laguiadepamplona.com\\\/actualidad\\\/wp-content\\\/uploads\\\/2016\\\/12\\\/palacio-condestable-civivox.jpg\",\"articleSection\":[\"Ayto Pamplona\"],\"inLanguage\":\"es\"},{\"@type\":\"WebPage\",\"@id\":\"https:\\\/\\\/www.laguiadepamplona.com\\\/actualidad\\\/civivox-condestable-ofrece-este-sabado-por-la-manana-un-taller-artistico-en-familia-del-ciclo-de-el-legado-de-sarasate-sobre-las-cuerdas-del-violin\\\/\",\"url\":\"https:\\\/\\\/www.laguiadepamplona.com\\\/actualidad\\\/civivox-condestable-ofrece-este-sabado-por-la-manana-un-taller-artistico-en-familia-del-ciclo-de-el-legado-de-sarasate-sobre-las-cuerdas-del-violin\\\/\",\"name\":\"Civivox Condestable ofrece este s\u00e1bado por la ma\u00f1ana un taller art\u00edstico en familia del ciclo de \u2018El legado de Sarasate\u2019 sobre las cuerdas del viol\u00edn\",\"isPartOf\":{\"@id\":\"https:\\\/\\\/www.laguiadepamplona.com\\\/actualidad\\\/#website\"},\"primaryImageOfPage\":{\"@id\":\"https:\\\/\\\/www.laguiadepamplona.com\\\/actualidad\\\/civivox-condestable-ofrece-este-sabado-por-la-manana-un-taller-artistico-en-familia-del-ciclo-de-el-legado-de-sarasate-sobre-las-cuerdas-del-violin\\\/#primaryimage\"},\"image\":{\"@id\":\"https:\\\/\\\/www.laguiadepamplona.com\\\/actualidad\\\/civivox-condestable-ofrece-este-sabado-por-la-manana-un-taller-artistico-en-familia-del-ciclo-de-el-legado-de-sarasate-sobre-las-cuerdas-del-violin\\\/#primaryimage\"},\"thumbnailUrl\":\"https:\\\/\\\/www.laguiadepamplona.com\\\/actualidad\\\/wp-content\\\/uploads\\\/2016\\\/12\\\/palacio-condestable-civivox.jpg\",\"datePublished\":\"2017-05-18T11:13:39+00:00\",\"breadcrumb\":{\"@id\":\"https:\\\/\\\/www.laguiadepamplona.com\\\/actualidad\\\/civivox-condestable-ofrece-este-sabado-por-la-manana-un-taller-artistico-en-familia-del-ciclo-de-el-legado-de-sarasate-sobre-las-cuerdas-del-violin\\\/#breadcrumb\"},\"inLanguage\":\"es\",\"potentialAction\":[{\"@type\":\"ReadAction\",\"target\":[\"https:\\\/\\\/www.laguiadepamplona.com\\\/actualidad\\\/civivox-condestable-ofrece-este-sabado-por-la-manana-un-taller-artistico-en-familia-del-ciclo-de-el-legado-de-sarasate-sobre-las-cuerdas-del-violin\\\/\"]}]},{\"@type\":\"ImageObject\",\"inLanguage\":\"es\",\"@id\":\"https:\\\/\\\/www.laguiadepamplona.com\\\/actualidad\\\/civivox-condestable-ofrece-este-sabado-por-la-manana-un-taller-artistico-en-familia-del-ciclo-de-el-legado-de-sarasate-sobre-las-cuerdas-del-violin\\\/#primaryimage\",\"url\":\"https:\\\/\\\/www.laguiadepamplona.com\\\/actualidad\\\/wp-content\\\/uploads\\\/2016\\\/12\\\/palacio-condestable-civivox.jpg\",\"contentUrl\":\"https:\\\/\\\/www.laguiadepamplona.com\\\/actualidad\\\/wp-content\\\/uploads\\\/2016\\\/12\\\/palacio-condestable-civivox.jpg\",\"width\":900,\"height\":675},{\"@type\":\"BreadcrumbList\",\"@id\":\"https:\\\/\\\/www.laguiadepamplona.com\\\/actualidad\\\/civivox-condestable-ofrece-este-sabado-por-la-manana-un-taller-artistico-en-familia-del-ciclo-de-el-legado-de-sarasate-sobre-las-cuerdas-del-violin\\\/#breadcrumb\",\"itemListElement\":[{\"@type\":\"ListItem\",\"position\":1,\"name\":\"Portada\",\"item\":\"https:\\\/\\\/www.laguiadepamplona.com\\\/actualidad\\\/\"},{\"@type\":\"ListItem\",\"position\":2,\"name\":\"Civivox Condestable ofrece este s\u00e1bado por la ma\u00f1ana un taller art\u00edstico en familia del ciclo de \u2018El legado de Sarasate\u2019 sobre las cuerdas del viol\u00edn\"}]},{\"@type\":\"WebSite\",\"@id\":\"https:\\\/\\\/www.laguiadepamplona.com\\\/actualidad\\\/#website\",\"url\":\"https:\\\/\\\/www.laguiadepamplona.com\\\/actualidad\\\/\",\"name\":\"La gu\u00eda de Pamplona\",\"description\":\"Noticias de Pamplona\",\"publisher\":{\"@id\":\"https:\\\/\\\/www.laguiadepamplona.com\\\/actualidad\\\/#organization\"},\"potentialAction\":[{\"@type\":\"SearchAction\",\"target\":{\"@type\":\"EntryPoint\",\"urlTemplate\":\"https:\\\/\\\/www.laguiadepamplona.com\\\/actualidad\\\/?s={search_term_string}\"},\"query-input\":{\"@type\":\"PropertyValueSpecification\",\"valueRequired\":true,\"valueName\":\"search_term_string\"}}],\"inLanguage\":\"es\"},{\"@type\":\"Organization\",\"@id\":\"https:\\\/\\\/www.laguiadepamplona.com\\\/actualidad\\\/#organization\",\"name\":\"La Gu\u00eda de Pamplona \\\/ Noticias\",\"url\":\"https:\\\/\\\/www.laguiadepamplona.com\\\/actualidad\\\/\",\"logo\":{\"@type\":\"ImageObject\",\"inLanguage\":\"es\",\"@id\":\"https:\\\/\\\/www.laguiadepamplona.com\\\/actualidad\\\/#\\\/schema\\\/logo\\\/image\\\/\",\"url\":\"https:\\\/\\\/www.laguiadepamplona.com\\\/actualidad\\\/wp-content\\\/uploads\\\/2018\\\/11\\\/logo-laguiadepamplona18-web1.png\",\"contentUrl\":\"https:\\\/\\\/www.laguiadepamplona.com\\\/actualidad\\\/wp-content\\\/uploads\\\/2018\\\/11\\\/logo-laguiadepamplona18-web1.png\",\"width\":600,\"height\":196,\"caption\":\"La Gu\u00eda de Pamplona \\\/ Noticias\"},\"image\":{\"@id\":\"https:\\\/\\\/www.laguiadepamplona.com\\\/actualidad\\\/#\\\/schema\\\/logo\\\/image\\\/\"},\"sameAs\":[\"https:\\\/\\\/www.facebook.com\\\/laguiadepamplonacom-133175176762273\\\/?ref=hl\",\"https:\\\/\\\/x.com\\\/LaGuiadPamplona\",\"https:\\\/\\\/www.instagram.com\\\/la_guia_de_pamplona\\\/\",\"https:\\\/\\\/www.youtube.com\\\/user\\\/laguiadepamplona\"]},{\"@type\":\"Person\",\"@id\":\"https:\\\/\\\/www.laguiadepamplona.com\\\/actualidad\\\/#\\\/schema\\\/person\\\/efe887376f0213d4657c93adc50b1fdb\",\"name\":\"La Gu\u00eda de Pamplona\",\"image\":{\"@type\":\"ImageObject\",\"inLanguage\":\"es\",\"@id\":\"https:\\\/\\\/secure.gravatar.com\\\/avatar\\\/b6992f131dc8d30ab0dff15446e9d346d9dbd95992de0fef795073f5ea83a81c?s=96&d=mm&r=g\",\"url\":\"https:\\\/\\\/secure.gravatar.com\\\/avatar\\\/b6992f131dc8d30ab0dff15446e9d346d9dbd95992de0fef795073f5ea83a81c?s=96&d=mm&r=g\",\"contentUrl\":\"https:\\\/\\\/secure.gravatar.com\\\/avatar\\\/b6992f131dc8d30ab0dff15446e9d346d9dbd95992de0fef795073f5ea83a81c?s=96&d=mm&r=g\",\"caption\":\"La Gu\u00eda de Pamplona\"}}]}<\/script>\n<!-- \/ Yoast SEO plugin. -->","yoast_head_json":{"title":"Civivox Condestable ofrece este s\u00e1bado por la ma\u00f1ana un taller art\u00edstico en familia del ciclo de \u2018El legado de Sarasate\u2019 sobre las cuerdas del viol\u00edn","robots":{"index":"index","follow":"follow","max-snippet":"max-snippet:-1","max-image-preview":"max-image-preview:large","max-video-preview":"max-video-preview:-1"},"canonical":"https:\/\/www.laguiadepamplona.com\/actualidad\/civivox-condestable-ofrece-este-sabado-por-la-manana-un-taller-artistico-en-familia-del-ciclo-de-el-legado-de-sarasate-sobre-las-cuerdas-del-violin\/","og_locale":"es_ES","og_type":"article","og_title":"Civivox Condestable ofrece este s\u00e1bado por la ma\u00f1ana un taller art\u00edstico en familia del ciclo de \u2018El legado de Sarasate\u2019 sobre las cuerdas del viol\u00edn","og_description":"El taller, dirigidos a menores de 5 a 10 a\u00f1os acompa\u00f1ados por familiares, se celebrar\u00e1 de 11.30 a 13 horas con inscripci\u00f3n previa gratuita","og_url":"https:\/\/www.laguiadepamplona.com\/actualidad\/civivox-condestable-ofrece-este-sabado-por-la-manana-un-taller-artistico-en-familia-del-ciclo-de-el-legado-de-sarasate-sobre-las-cuerdas-del-violin\/","og_site_name":"La Gu\u00eda de Pamplona","article_publisher":"https:\/\/www.facebook.com\/laguiadepamplonacom-133175176762273\/?ref=hl","article_published_time":"2017-05-18T11:13:39+00:00","og_image":[{"width":900,"height":675,"url":"https:\/\/www.laguiadepamplona.com\/actualidad\/wp-content\/uploads\/2016\/12\/palacio-condestable-civivox.jpg","type":"image\/jpeg"}],"author":"La Gu\u00eda de Pamplona","twitter_card":"summary_large_image","twitter_creator":"@LaGuiadPamplona","twitter_site":"@LaGuiadPamplona","twitter_misc":{"Escrito por":"La Gu\u00eda de Pamplona","Tiempo de lectura":"1 minuto"},"schema":{"@context":"https:\/\/schema.org","@graph":[{"@type":"Article","@id":"https:\/\/www.laguiadepamplona.com\/actualidad\/civivox-condestable-ofrece-este-sabado-por-la-manana-un-taller-artistico-en-familia-del-ciclo-de-el-legado-de-sarasate-sobre-las-cuerdas-del-violin\/#article","isPartOf":{"@id":"https:\/\/www.laguiadepamplona.com\/actualidad\/civivox-condestable-ofrece-este-sabado-por-la-manana-un-taller-artistico-en-familia-del-ciclo-de-el-legado-de-sarasate-sobre-las-cuerdas-del-violin\/"},"author":{"name":"La Gu\u00eda de Pamplona","@id":"https:\/\/www.laguiadepamplona.com\/actualidad\/#\/schema\/person\/efe887376f0213d4657c93adc50b1fdb"},"headline":"Civivox Condestable ofrece este s\u00e1bado por la ma\u00f1ana un taller art\u00edstico en familia del ciclo de \u2018El legado de Sarasate\u2019 sobre las cuerdas del viol\u00edn","datePublished":"2017-05-18T11:13:39+00:00","mainEntityOfPage":{"@id":"https:\/\/www.laguiadepamplona.com\/actualidad\/civivox-condestable-ofrece-este-sabado-por-la-manana-un-taller-artistico-en-familia-del-ciclo-de-el-legado-de-sarasate-sobre-las-cuerdas-del-violin\/"},"wordCount":313,"publisher":{"@id":"https:\/\/www.laguiadepamplona.com\/actualidad\/#organization"},"image":{"@id":"https:\/\/www.laguiadepamplona.com\/actualidad\/civivox-condestable-ofrece-este-sabado-por-la-manana-un-taller-artistico-en-familia-del-ciclo-de-el-legado-de-sarasate-sobre-las-cuerdas-del-violin\/#primaryimage"},"thumbnailUrl":"https:\/\/www.laguiadepamplona.com\/actualidad\/wp-content\/uploads\/2016\/12\/palacio-condestable-civivox.jpg","articleSection":["Ayto Pamplona"],"inLanguage":"es"},{"@type":"WebPage","@id":"https:\/\/www.laguiadepamplona.com\/actualidad\/civivox-condestable-ofrece-este-sabado-por-la-manana-un-taller-artistico-en-familia-del-ciclo-de-el-legado-de-sarasate-sobre-las-cuerdas-del-violin\/","url":"https:\/\/www.laguiadepamplona.com\/actualidad\/civivox-condestable-ofrece-este-sabado-por-la-manana-un-taller-artistico-en-familia-del-ciclo-de-el-legado-de-sarasate-sobre-las-cuerdas-del-violin\/","name":"Civivox Condestable ofrece este s\u00e1bado por la ma\u00f1ana un taller art\u00edstico en familia del ciclo de \u2018El legado de Sarasate\u2019 sobre las cuerdas del viol\u00edn","isPartOf":{"@id":"https:\/\/www.laguiadepamplona.com\/actualidad\/#website"},"primaryImageOfPage":{"@id":"https:\/\/www.laguiadepamplona.com\/actualidad\/civivox-condestable-ofrece-este-sabado-por-la-manana-un-taller-artistico-en-familia-del-ciclo-de-el-legado-de-sarasate-sobre-las-cuerdas-del-violin\/#primaryimage"},"image":{"@id":"https:\/\/www.laguiadepamplona.com\/actualidad\/civivox-condestable-ofrece-este-sabado-por-la-manana-un-taller-artistico-en-familia-del-ciclo-de-el-legado-de-sarasate-sobre-las-cuerdas-del-violin\/#primaryimage"},"thumbnailUrl":"https:\/\/www.laguiadepamplona.com\/actualidad\/wp-content\/uploads\/2016\/12\/palacio-condestable-civivox.jpg","datePublished":"2017-05-18T11:13:39+00:00","breadcrumb":{"@id":"https:\/\/www.laguiadepamplona.com\/actualidad\/civivox-condestable-ofrece-este-sabado-por-la-manana-un-taller-artistico-en-familia-del-ciclo-de-el-legado-de-sarasate-sobre-las-cuerdas-del-violin\/#breadcrumb"},"inLanguage":"es","potentialAction":[{"@type":"ReadAction","target":["https:\/\/www.laguiadepamplona.com\/actualidad\/civivox-condestable-ofrece-este-sabado-por-la-manana-un-taller-artistico-en-familia-del-ciclo-de-el-legado-de-sarasate-sobre-las-cuerdas-del-violin\/"]}]},{"@type":"ImageObject","inLanguage":"es","@id":"https:\/\/www.laguiadepamplona.com\/actualidad\/civivox-condestable-ofrece-este-sabado-por-la-manana-un-taller-artistico-en-familia-del-ciclo-de-el-legado-de-sarasate-sobre-las-cuerdas-del-violin\/#primaryimage","url":"https:\/\/www.laguiadepamplona.com\/actualidad\/wp-content\/uploads\/2016\/12\/palacio-condestable-civivox.jpg","contentUrl":"https:\/\/www.laguiadepamplona.com\/actualidad\/wp-content\/uploads\/2016\/12\/palacio-condestable-civivox.jpg","width":900,"height":675},{"@type":"BreadcrumbList","@id":"https:\/\/www.laguiadepamplona.com\/actualidad\/civivox-condestable-ofrece-este-sabado-por-la-manana-un-taller-artistico-en-familia-del-ciclo-de-el-legado-de-sarasate-sobre-las-cuerdas-del-violin\/#breadcrumb","itemListElement":[{"@type":"ListItem","position":1,"name":"Portada","item":"https:\/\/www.laguiadepamplona.com\/actualidad\/"},{"@type":"ListItem","position":2,"name":"Civivox Condestable ofrece este s\u00e1bado por la ma\u00f1ana un taller art\u00edstico en familia del ciclo de \u2018El legado de Sarasate\u2019 sobre las cuerdas del viol\u00edn"}]},{"@type":"WebSite","@id":"https:\/\/www.laguiadepamplona.com\/actualidad\/#website","url":"https:\/\/www.laguiadepamplona.com\/actualidad\/","name":"La gu\u00eda de Pamplona","description":"Noticias de Pamplona","publisher":{"@id":"https:\/\/www.laguiadepamplona.com\/actualidad\/#organization"},"potentialAction":[{"@type":"SearchAction","target":{"@type":"EntryPoint","urlTemplate":"https:\/\/www.laguiadepamplona.com\/actualidad\/?s={search_term_string}"},"query-input":{"@type":"PropertyValueSpecification","valueRequired":true,"valueName":"search_term_string"}}],"inLanguage":"es"},{"@type":"Organization","@id":"https:\/\/www.laguiadepamplona.com\/actualidad\/#organization","name":"La Gu\u00eda de Pamplona \/ Noticias","url":"https:\/\/www.laguiadepamplona.com\/actualidad\/","logo":{"@type":"ImageObject","inLanguage":"es","@id":"https:\/\/www.laguiadepamplona.com\/actualidad\/#\/schema\/logo\/image\/","url":"https:\/\/www.laguiadepamplona.com\/actualidad\/wp-content\/uploads\/2018\/11\/logo-laguiadepamplona18-web1.png","contentUrl":"https:\/\/www.laguiadepamplona.com\/actualidad\/wp-content\/uploads\/2018\/11\/logo-laguiadepamplona18-web1.png","width":600,"height":196,"caption":"La Gu\u00eda de Pamplona \/ Noticias"},"image":{"@id":"https:\/\/www.laguiadepamplona.com\/actualidad\/#\/schema\/logo\/image\/"},"sameAs":["https:\/\/www.facebook.com\/laguiadepamplonacom-133175176762273\/?ref=hl","https:\/\/x.com\/LaGuiadPamplona","https:\/\/www.instagram.com\/la_guia_de_pamplona\/","https:\/\/www.youtube.com\/user\/laguiadepamplona"]},{"@type":"Person","@id":"https:\/\/www.laguiadepamplona.com\/actualidad\/#\/schema\/person\/efe887376f0213d4657c93adc50b1fdb","name":"La Gu\u00eda de Pamplona","image":{"@type":"ImageObject","inLanguage":"es","@id":"https:\/\/secure.gravatar.com\/avatar\/b6992f131dc8d30ab0dff15446e9d346d9dbd95992de0fef795073f5ea83a81c?s=96&d=mm&r=g","url":"https:\/\/secure.gravatar.com\/avatar\/b6992f131dc8d30ab0dff15446e9d346d9dbd95992de0fef795073f5ea83a81c?s=96&d=mm&r=g","contentUrl":"https:\/\/secure.gravatar.com\/avatar\/b6992f131dc8d30ab0dff15446e9d346d9dbd95992de0fef795073f5ea83a81c?s=96&d=mm&r=g","caption":"La Gu\u00eda de Pamplona"}}]}},"post_mailing_queue_ids":[],"_links":{"self":[{"href":"https:\/\/www.laguiadepamplona.com\/actualidad\/wp-json\/wp\/v2\/posts\/13082","targetHints":{"allow":["GET"]}}],"collection":[{"href":"https:\/\/www.laguiadepamplona.com\/actualidad\/wp-json\/wp\/v2\/posts"}],"about":[{"href":"https:\/\/www.laguiadepamplona.com\/actualidad\/wp-json\/wp\/v2\/types\/post"}],"author":[{"embeddable":true,"href":"https:\/\/www.laguiadepamplona.com\/actualidad\/wp-json\/wp\/v2\/users\/1"}],"replies":[{"embeddable":true,"href":"https:\/\/www.laguiadepamplona.com\/actualidad\/wp-json\/wp\/v2\/comments?post=13082"}],"version-history":[{"count":0,"href":"https:\/\/www.laguiadepamplona.com\/actualidad\/wp-json\/wp\/v2\/posts\/13082\/revisions"}],"wp:featuredmedia":[{"embeddable":true,"href":"https:\/\/www.laguiadepamplona.com\/actualidad\/wp-json\/wp\/v2\/media\/11008"}],"wp:attachment":[{"href":"https:\/\/www.laguiadepamplona.com\/actualidad\/wp-json\/wp\/v2\/media?parent=13082"}],"wp:term":[{"taxonomy":"category","embeddable":true,"href":"https:\/\/www.laguiadepamplona.com\/actualidad\/wp-json\/wp\/v2\/categories?post=13082"},{"taxonomy":"post_tag","embeddable":true,"href":"https:\/\/www.laguiadepamplona.com\/actualidad\/wp-json\/wp\/v2\/tags?post=13082"}],"curies":[{"name":"wp","href":"https:\/\/api.w.org\/{rel}","templated":true}]}}