{"id":13072,"date":"2017-05-17T13:56:39","date_gmt":"2017-05-17T12:56:39","guid":{"rendered":"http:\/\/laguiadepamplona.es\/actualidad\/?p=13072"},"modified":"2017-05-17T13:56:39","modified_gmt":"2017-05-17T12:56:39","slug":"el-ayuntamiento-se-compromete-a-ser-una-institucion-ejemplar-en-la-lucha-por-la-igualdad-de-derechos-y-la-no-discriminacion-por-orientacion-sexual-o-identidad-de-genero","status":"publish","type":"post","link":"https:\/\/www.laguiadepamplona.com\/actualidad\/el-ayuntamiento-se-compromete-a-ser-una-institucion-ejemplar-en-la-lucha-por-la-igualdad-de-derechos-y-la-no-discriminacion-por-orientacion-sexual-o-identidad-de-genero\/","title":{"rendered":"El Ayuntamiento se compromete a ser una instituci\u00f3n ejemplar en la lucha por la igualdad de derechos y la no discriminaci\u00f3n por orientaci\u00f3n sexual o identidad de g\u00e9nero"},"content":{"rendered":"<h3>A trav\u00e9s de los portavoces de los grupos municipales, aprueba una declaraci\u00f3n institucional en el D\u00eda Internacional contra la LGTBifobia<\/h3>\n<p><!--more--><\/p>\n<p>El Ayuntamniento de Pamplona, a trav\u00e9s de un acuerdo de los portavoces de los grupos municipales, ha aprobado una declaraci\u00f3n institucional con motivo del D\u00eda Internacional contra la LGTBifobia, que hoy se celebra. En ella, el Ayuntamiento se compromete a trabajar para el Consistorio \u201csea una instituci\u00f3n ejemplar en la lucha por la igualdad de derechos y la no discriminaci\u00f3n por raz\u00f3n de orientaci\u00f3n sexual e identidad de g\u00e9nero\u201d.<\/p>\n<p>Asimismo, el Ayuntamiento manifiesta su compromiso \u201cen impulsar aquellas acciones encaminadas a combatir las situaciones de discriminaci\u00f3n por raz\u00f3n de orientaci\u00f3n sexual y de identidad sexual o de g\u00e9nero\u201d y \u201ca integrar el 17 de mayo, D\u00eda Mundial contra la LGTBifobia, y el 28 de junio, D\u00eda de las Libertades Sexuales, dentro de las acciones culturales y educativas de esta ciudad mediante acciones visibles\u201d.<\/p>\n<p>El texto se\u00f1ala el compromiso municipal \u201ccon el cumplimiento \u00edntegro de la normativa en materia LGBTI para contribuir a que nuestra sociedad sea una sociedad plural, respetuosa, donde puedan convivir todas las personas sin reparar en su identidad de g\u00e9nero u orientaci\u00f3n sexual\u201d. Por \u00faltimo, el Consistorio se compromete a \u201cbuscar la mayor eficiencia y coordinaci\u00f3n de todos los servicios y herramientas a su alcance para alcanzar dicha igualdad\u201d.<\/p>\n<p>Este 17 de mayo se conmemora que hace 27 a\u00f1os la Asamblea General de la Organizaci\u00f3n Mundial de la Salud (OMS) declar\u00f3 la desclasificaci\u00f3n de la homosexualidad como enfermedad mental. A pesar de ello, la homosexualidad es todav\u00eda hoy ilegal en cerca de 78 pa\u00edses y se castiga con la pena de muerte en otros 5.<\/p>\n<p>&nbsp;<\/p>\n","protected":false},"excerpt":{"rendered":"<p>A trav\u00e9s de los portavoces de los grupos municipales, aprueba una declaraci\u00f3n institucional en el D\u00eda Internacional contra la LGTBifobia<\/p>\n","protected":false},"author":1,"featured_media":11094,"comment_status":"closed","ping_status":"closed","sticky":false,"template":"","format":"standard","meta":{"footnotes":""},"categories":[2],"tags":[],"class_list":["post-13072","post","type-post","status-publish","format-standard","has-post-thumbnail","hentry","category-ayuntamiento-pamplona"],"yoast_head":"<!-- This site is optimized with the Yoast SEO plugin v27.3 - https:\/\/yoast.com\/product\/yoast-seo-wordpress\/ -->\n<title>El Ayuntamiento se compromete a ser una instituci\u00f3n ejemplar en la lucha por la igualdad de derechos y la no discriminaci\u00f3n por orientaci\u00f3n sexual o identidad de g\u00e9nero<\/title>\n<meta name=\"robots\" content=\"index, follow, max-snippet:-1, max-image-preview:large, max-video-preview:-1\" \/>\n<link rel=\"canonical\" href=\"https:\/\/www.laguiadepamplona.com\/actualidad\/el-ayuntamiento-se-compromete-a-ser-una-institucion-ejemplar-en-la-lucha-por-la-igualdad-de-derechos-y-la-no-discriminacion-por-orientacion-sexual-o-identidad-de-genero\/\" \/>\n<meta property=\"og:locale\" content=\"es_ES\" \/>\n<meta property=\"og:type\" content=\"article\" \/>\n<meta property=\"og:title\" content=\"El Ayuntamiento se compromete a ser una instituci\u00f3n ejemplar en la lucha por la igualdad de derechos y la no discriminaci\u00f3n por orientaci\u00f3n sexual o identidad de g\u00e9nero\" \/>\n<meta property=\"og:description\" content=\"A trav\u00e9s de los portavoces de los grupos municipales, aprueba una declaraci\u00f3n institucional en el D\u00eda Internacional contra la LGTBifobia\" \/>\n<meta property=\"og:url\" content=\"https:\/\/www.laguiadepamplona.com\/actualidad\/el-ayuntamiento-se-compromete-a-ser-una-institucion-ejemplar-en-la-lucha-por-la-igualdad-de-derechos-y-la-no-discriminacion-por-orientacion-sexual-o-identidad-de-genero\/\" \/>\n<meta property=\"og:site_name\" content=\"La Gu\u00eda de Pamplona\" \/>\n<meta property=\"article:publisher\" content=\"https:\/\/www.facebook.com\/laguiadepamplonacom-133175176762273\/?ref=hl\" \/>\n<meta property=\"article:published_time\" content=\"2017-05-17T12:56:39+00:00\" \/>\n<meta property=\"og:image\" content=\"https:\/\/www.laguiadepamplona.com\/actualidad\/wp-content\/uploads\/2016\/12\/orgullo-gay-bandera-lgtb.jpg\" \/>\n\t<meta property=\"og:image:width\" content=\"860\" \/>\n\t<meta property=\"og:image:height\" content=\"520\" \/>\n\t<meta property=\"og:image:type\" content=\"image\/jpeg\" \/>\n<meta name=\"author\" content=\"La Gu\u00eda de Pamplona\" \/>\n<meta name=\"twitter:card\" content=\"summary_large_image\" \/>\n<meta name=\"twitter:creator\" content=\"@LaGuiadPamplona\" \/>\n<meta name=\"twitter:site\" content=\"@LaGuiadPamplona\" \/>\n<meta name=\"twitter:label1\" content=\"Escrito por\" \/>\n\t<meta name=\"twitter:data1\" content=\"La Gu\u00eda de Pamplona\" \/>\n\t<meta name=\"twitter:label2\" content=\"Tiempo de lectura\" \/>\n\t<meta name=\"twitter:data2\" content=\"1 minuto\" \/>\n<script type=\"application\/ld+json\" class=\"yoast-schema-graph\">{\"@context\":\"https:\\\/\\\/schema.org\",\"@graph\":[{\"@type\":\"Article\",\"@id\":\"https:\\\/\\\/www.laguiadepamplona.com\\\/actualidad\\\/el-ayuntamiento-se-compromete-a-ser-una-institucion-ejemplar-en-la-lucha-por-la-igualdad-de-derechos-y-la-no-discriminacion-por-orientacion-sexual-o-identidad-de-genero\\\/#article\",\"isPartOf\":{\"@id\":\"https:\\\/\\\/www.laguiadepamplona.com\\\/actualidad\\\/el-ayuntamiento-se-compromete-a-ser-una-institucion-ejemplar-en-la-lucha-por-la-igualdad-de-derechos-y-la-no-discriminacion-por-orientacion-sexual-o-identidad-de-genero\\\/\"},\"author\":{\"name\":\"La Gu\u00eda de Pamplona\",\"@id\":\"https:\\\/\\\/www.laguiadepamplona.com\\\/actualidad\\\/#\\\/schema\\\/person\\\/efe887376f0213d4657c93adc50b1fdb\"},\"headline\":\"El Ayuntamiento se compromete a ser una instituci\u00f3n ejemplar en la lucha por la igualdad de derechos y la no discriminaci\u00f3n por orientaci\u00f3n sexual o identidad de g\u00e9nero\",\"datePublished\":\"2017-05-17T12:56:39+00:00\",\"mainEntityOfPage\":{\"@id\":\"https:\\\/\\\/www.laguiadepamplona.com\\\/actualidad\\\/el-ayuntamiento-se-compromete-a-ser-una-institucion-ejemplar-en-la-lucha-por-la-igualdad-de-derechos-y-la-no-discriminacion-por-orientacion-sexual-o-identidad-de-genero\\\/\"},\"wordCount\":331,\"publisher\":{\"@id\":\"https:\\\/\\\/www.laguiadepamplona.com\\\/actualidad\\\/#organization\"},\"image\":{\"@id\":\"https:\\\/\\\/www.laguiadepamplona.com\\\/actualidad\\\/el-ayuntamiento-se-compromete-a-ser-una-institucion-ejemplar-en-la-lucha-por-la-igualdad-de-derechos-y-la-no-discriminacion-por-orientacion-sexual-o-identidad-de-genero\\\/#primaryimage\"},\"thumbnailUrl\":\"https:\\\/\\\/www.laguiadepamplona.com\\\/actualidad\\\/wp-content\\\/uploads\\\/2016\\\/12\\\/orgullo-gay-bandera-lgtb.jpg\",\"articleSection\":[\"Ayto Pamplona\"],\"inLanguage\":\"es\"},{\"@type\":\"WebPage\",\"@id\":\"https:\\\/\\\/www.laguiadepamplona.com\\\/actualidad\\\/el-ayuntamiento-se-compromete-a-ser-una-institucion-ejemplar-en-la-lucha-por-la-igualdad-de-derechos-y-la-no-discriminacion-por-orientacion-sexual-o-identidad-de-genero\\\/\",\"url\":\"https:\\\/\\\/www.laguiadepamplona.com\\\/actualidad\\\/el-ayuntamiento-se-compromete-a-ser-una-institucion-ejemplar-en-la-lucha-por-la-igualdad-de-derechos-y-la-no-discriminacion-por-orientacion-sexual-o-identidad-de-genero\\\/\",\"name\":\"El Ayuntamiento se compromete a ser una instituci\u00f3n ejemplar en la lucha por la igualdad de derechos y la no discriminaci\u00f3n por orientaci\u00f3n sexual o identidad de g\u00e9nero\",\"isPartOf\":{\"@id\":\"https:\\\/\\\/www.laguiadepamplona.com\\\/actualidad\\\/#website\"},\"primaryImageOfPage\":{\"@id\":\"https:\\\/\\\/www.laguiadepamplona.com\\\/actualidad\\\/el-ayuntamiento-se-compromete-a-ser-una-institucion-ejemplar-en-la-lucha-por-la-igualdad-de-derechos-y-la-no-discriminacion-por-orientacion-sexual-o-identidad-de-genero\\\/#primaryimage\"},\"image\":{\"@id\":\"https:\\\/\\\/www.laguiadepamplona.com\\\/actualidad\\\/el-ayuntamiento-se-compromete-a-ser-una-institucion-ejemplar-en-la-lucha-por-la-igualdad-de-derechos-y-la-no-discriminacion-por-orientacion-sexual-o-identidad-de-genero\\\/#primaryimage\"},\"thumbnailUrl\":\"https:\\\/\\\/www.laguiadepamplona.com\\\/actualidad\\\/wp-content\\\/uploads\\\/2016\\\/12\\\/orgullo-gay-bandera-lgtb.jpg\",\"datePublished\":\"2017-05-17T12:56:39+00:00\",\"breadcrumb\":{\"@id\":\"https:\\\/\\\/www.laguiadepamplona.com\\\/actualidad\\\/el-ayuntamiento-se-compromete-a-ser-una-institucion-ejemplar-en-la-lucha-por-la-igualdad-de-derechos-y-la-no-discriminacion-por-orientacion-sexual-o-identidad-de-genero\\\/#breadcrumb\"},\"inLanguage\":\"es\",\"potentialAction\":[{\"@type\":\"ReadAction\",\"target\":[\"https:\\\/\\\/www.laguiadepamplona.com\\\/actualidad\\\/el-ayuntamiento-se-compromete-a-ser-una-institucion-ejemplar-en-la-lucha-por-la-igualdad-de-derechos-y-la-no-discriminacion-por-orientacion-sexual-o-identidad-de-genero\\\/\"]}]},{\"@type\":\"ImageObject\",\"inLanguage\":\"es\",\"@id\":\"https:\\\/\\\/www.laguiadepamplona.com\\\/actualidad\\\/el-ayuntamiento-se-compromete-a-ser-una-institucion-ejemplar-en-la-lucha-por-la-igualdad-de-derechos-y-la-no-discriminacion-por-orientacion-sexual-o-identidad-de-genero\\\/#primaryimage\",\"url\":\"https:\\\/\\\/www.laguiadepamplona.com\\\/actualidad\\\/wp-content\\\/uploads\\\/2016\\\/12\\\/orgullo-gay-bandera-lgtb.jpg\",\"contentUrl\":\"https:\\\/\\\/www.laguiadepamplona.com\\\/actualidad\\\/wp-content\\\/uploads\\\/2016\\\/12\\\/orgullo-gay-bandera-lgtb.jpg\",\"width\":860,\"height\":520,\"caption\":\"lgtbi\"},{\"@type\":\"BreadcrumbList\",\"@id\":\"https:\\\/\\\/www.laguiadepamplona.com\\\/actualidad\\\/el-ayuntamiento-se-compromete-a-ser-una-institucion-ejemplar-en-la-lucha-por-la-igualdad-de-derechos-y-la-no-discriminacion-por-orientacion-sexual-o-identidad-de-genero\\\/#breadcrumb\",\"itemListElement\":[{\"@type\":\"ListItem\",\"position\":1,\"name\":\"Portada\",\"item\":\"https:\\\/\\\/www.laguiadepamplona.com\\\/actualidad\\\/\"},{\"@type\":\"ListItem\",\"position\":2,\"name\":\"El Ayuntamiento se compromete a ser una instituci\u00f3n ejemplar en la lucha por la igualdad de derechos y la no discriminaci\u00f3n por orientaci\u00f3n sexual o identidad de g\u00e9nero\"}]},{\"@type\":\"WebSite\",\"@id\":\"https:\\\/\\\/www.laguiadepamplona.com\\\/actualidad\\\/#website\",\"url\":\"https:\\\/\\\/www.laguiadepamplona.com\\\/actualidad\\\/\",\"name\":\"La gu\u00eda de Pamplona\",\"description\":\"Noticias de Pamplona\",\"publisher\":{\"@id\":\"https:\\\/\\\/www.laguiadepamplona.com\\\/actualidad\\\/#organization\"},\"potentialAction\":[{\"@type\":\"SearchAction\",\"target\":{\"@type\":\"EntryPoint\",\"urlTemplate\":\"https:\\\/\\\/www.laguiadepamplona.com\\\/actualidad\\\/?s={search_term_string}\"},\"query-input\":{\"@type\":\"PropertyValueSpecification\",\"valueRequired\":true,\"valueName\":\"search_term_string\"}}],\"inLanguage\":\"es\"},{\"@type\":\"Organization\",\"@id\":\"https:\\\/\\\/www.laguiadepamplona.com\\\/actualidad\\\/#organization\",\"name\":\"La Gu\u00eda de Pamplona \\\/ Noticias\",\"url\":\"https:\\\/\\\/www.laguiadepamplona.com\\\/actualidad\\\/\",\"logo\":{\"@type\":\"ImageObject\",\"inLanguage\":\"es\",\"@id\":\"https:\\\/\\\/www.laguiadepamplona.com\\\/actualidad\\\/#\\\/schema\\\/logo\\\/image\\\/\",\"url\":\"https:\\\/\\\/www.laguiadepamplona.com\\\/actualidad\\\/wp-content\\\/uploads\\\/2018\\\/11\\\/logo-laguiadepamplona18-web1.png\",\"contentUrl\":\"https:\\\/\\\/www.laguiadepamplona.com\\\/actualidad\\\/wp-content\\\/uploads\\\/2018\\\/11\\\/logo-laguiadepamplona18-web1.png\",\"width\":600,\"height\":196,\"caption\":\"La Gu\u00eda de Pamplona \\\/ Noticias\"},\"image\":{\"@id\":\"https:\\\/\\\/www.laguiadepamplona.com\\\/actualidad\\\/#\\\/schema\\\/logo\\\/image\\\/\"},\"sameAs\":[\"https:\\\/\\\/www.facebook.com\\\/laguiadepamplonacom-133175176762273\\\/?ref=hl\",\"https:\\\/\\\/x.com\\\/LaGuiadPamplona\",\"https:\\\/\\\/www.instagram.com\\\/la_guia_de_pamplona\\\/\",\"https:\\\/\\\/www.youtube.com\\\/user\\\/laguiadepamplona\"]},{\"@type\":\"Person\",\"@id\":\"https:\\\/\\\/www.laguiadepamplona.com\\\/actualidad\\\/#\\\/schema\\\/person\\\/efe887376f0213d4657c93adc50b1fdb\",\"name\":\"La Gu\u00eda de Pamplona\",\"image\":{\"@type\":\"ImageObject\",\"inLanguage\":\"es\",\"@id\":\"https:\\\/\\\/secure.gravatar.com\\\/avatar\\\/b6992f131dc8d30ab0dff15446e9d346d9dbd95992de0fef795073f5ea83a81c?s=96&d=mm&r=g\",\"url\":\"https:\\\/\\\/secure.gravatar.com\\\/avatar\\\/b6992f131dc8d30ab0dff15446e9d346d9dbd95992de0fef795073f5ea83a81c?s=96&d=mm&r=g\",\"contentUrl\":\"https:\\\/\\\/secure.gravatar.com\\\/avatar\\\/b6992f131dc8d30ab0dff15446e9d346d9dbd95992de0fef795073f5ea83a81c?s=96&d=mm&r=g\",\"caption\":\"La Gu\u00eda de Pamplona\"}}]}<\/script>\n<!-- \/ Yoast SEO plugin. -->","yoast_head_json":{"title":"El Ayuntamiento se compromete a ser una instituci\u00f3n ejemplar en la lucha por la igualdad de derechos y la no discriminaci\u00f3n por orientaci\u00f3n sexual o identidad de g\u00e9nero","robots":{"index":"index","follow":"follow","max-snippet":"max-snippet:-1","max-image-preview":"max-image-preview:large","max-video-preview":"max-video-preview:-1"},"canonical":"https:\/\/www.laguiadepamplona.com\/actualidad\/el-ayuntamiento-se-compromete-a-ser-una-institucion-ejemplar-en-la-lucha-por-la-igualdad-de-derechos-y-la-no-discriminacion-por-orientacion-sexual-o-identidad-de-genero\/","og_locale":"es_ES","og_type":"article","og_title":"El Ayuntamiento se compromete a ser una instituci\u00f3n ejemplar en la lucha por la igualdad de derechos y la no discriminaci\u00f3n por orientaci\u00f3n sexual o identidad de g\u00e9nero","og_description":"A trav\u00e9s de los portavoces de los grupos municipales, aprueba una declaraci\u00f3n institucional en el D\u00eda Internacional contra la LGTBifobia","og_url":"https:\/\/www.laguiadepamplona.com\/actualidad\/el-ayuntamiento-se-compromete-a-ser-una-institucion-ejemplar-en-la-lucha-por-la-igualdad-de-derechos-y-la-no-discriminacion-por-orientacion-sexual-o-identidad-de-genero\/","og_site_name":"La Gu\u00eda de Pamplona","article_publisher":"https:\/\/www.facebook.com\/laguiadepamplonacom-133175176762273\/?ref=hl","article_published_time":"2017-05-17T12:56:39+00:00","og_image":[{"width":860,"height":520,"url":"https:\/\/www.laguiadepamplona.com\/actualidad\/wp-content\/uploads\/2016\/12\/orgullo-gay-bandera-lgtb.jpg","type":"image\/jpeg"}],"author":"La Gu\u00eda de Pamplona","twitter_card":"summary_large_image","twitter_creator":"@LaGuiadPamplona","twitter_site":"@LaGuiadPamplona","twitter_misc":{"Escrito por":"La Gu\u00eda de Pamplona","Tiempo de lectura":"1 minuto"},"schema":{"@context":"https:\/\/schema.org","@graph":[{"@type":"Article","@id":"https:\/\/www.laguiadepamplona.com\/actualidad\/el-ayuntamiento-se-compromete-a-ser-una-institucion-ejemplar-en-la-lucha-por-la-igualdad-de-derechos-y-la-no-discriminacion-por-orientacion-sexual-o-identidad-de-genero\/#article","isPartOf":{"@id":"https:\/\/www.laguiadepamplona.com\/actualidad\/el-ayuntamiento-se-compromete-a-ser-una-institucion-ejemplar-en-la-lucha-por-la-igualdad-de-derechos-y-la-no-discriminacion-por-orientacion-sexual-o-identidad-de-genero\/"},"author":{"name":"La Gu\u00eda de Pamplona","@id":"https:\/\/www.laguiadepamplona.com\/actualidad\/#\/schema\/person\/efe887376f0213d4657c93adc50b1fdb"},"headline":"El Ayuntamiento se compromete a ser una instituci\u00f3n ejemplar en la lucha por la igualdad de derechos y la no discriminaci\u00f3n por orientaci\u00f3n sexual o identidad de g\u00e9nero","datePublished":"2017-05-17T12:56:39+00:00","mainEntityOfPage":{"@id":"https:\/\/www.laguiadepamplona.com\/actualidad\/el-ayuntamiento-se-compromete-a-ser-una-institucion-ejemplar-en-la-lucha-por-la-igualdad-de-derechos-y-la-no-discriminacion-por-orientacion-sexual-o-identidad-de-genero\/"},"wordCount":331,"publisher":{"@id":"https:\/\/www.laguiadepamplona.com\/actualidad\/#organization"},"image":{"@id":"https:\/\/www.laguiadepamplona.com\/actualidad\/el-ayuntamiento-se-compromete-a-ser-una-institucion-ejemplar-en-la-lucha-por-la-igualdad-de-derechos-y-la-no-discriminacion-por-orientacion-sexual-o-identidad-de-genero\/#primaryimage"},"thumbnailUrl":"https:\/\/www.laguiadepamplona.com\/actualidad\/wp-content\/uploads\/2016\/12\/orgullo-gay-bandera-lgtb.jpg","articleSection":["Ayto Pamplona"],"inLanguage":"es"},{"@type":"WebPage","@id":"https:\/\/www.laguiadepamplona.com\/actualidad\/el-ayuntamiento-se-compromete-a-ser-una-institucion-ejemplar-en-la-lucha-por-la-igualdad-de-derechos-y-la-no-discriminacion-por-orientacion-sexual-o-identidad-de-genero\/","url":"https:\/\/www.laguiadepamplona.com\/actualidad\/el-ayuntamiento-se-compromete-a-ser-una-institucion-ejemplar-en-la-lucha-por-la-igualdad-de-derechos-y-la-no-discriminacion-por-orientacion-sexual-o-identidad-de-genero\/","name":"El Ayuntamiento se compromete a ser una instituci\u00f3n ejemplar en la lucha por la igualdad de derechos y la no discriminaci\u00f3n por orientaci\u00f3n sexual o identidad de g\u00e9nero","isPartOf":{"@id":"https:\/\/www.laguiadepamplona.com\/actualidad\/#website"},"primaryImageOfPage":{"@id":"https:\/\/www.laguiadepamplona.com\/actualidad\/el-ayuntamiento-se-compromete-a-ser-una-institucion-ejemplar-en-la-lucha-por-la-igualdad-de-derechos-y-la-no-discriminacion-por-orientacion-sexual-o-identidad-de-genero\/#primaryimage"},"image":{"@id":"https:\/\/www.laguiadepamplona.com\/actualidad\/el-ayuntamiento-se-compromete-a-ser-una-institucion-ejemplar-en-la-lucha-por-la-igualdad-de-derechos-y-la-no-discriminacion-por-orientacion-sexual-o-identidad-de-genero\/#primaryimage"},"thumbnailUrl":"https:\/\/www.laguiadepamplona.com\/actualidad\/wp-content\/uploads\/2016\/12\/orgullo-gay-bandera-lgtb.jpg","datePublished":"2017-05-17T12:56:39+00:00","breadcrumb":{"@id":"https:\/\/www.laguiadepamplona.com\/actualidad\/el-ayuntamiento-se-compromete-a-ser-una-institucion-ejemplar-en-la-lucha-por-la-igualdad-de-derechos-y-la-no-discriminacion-por-orientacion-sexual-o-identidad-de-genero\/#breadcrumb"},"inLanguage":"es","potentialAction":[{"@type":"ReadAction","target":["https:\/\/www.laguiadepamplona.com\/actualidad\/el-ayuntamiento-se-compromete-a-ser-una-institucion-ejemplar-en-la-lucha-por-la-igualdad-de-derechos-y-la-no-discriminacion-por-orientacion-sexual-o-identidad-de-genero\/"]}]},{"@type":"ImageObject","inLanguage":"es","@id":"https:\/\/www.laguiadepamplona.com\/actualidad\/el-ayuntamiento-se-compromete-a-ser-una-institucion-ejemplar-en-la-lucha-por-la-igualdad-de-derechos-y-la-no-discriminacion-por-orientacion-sexual-o-identidad-de-genero\/#primaryimage","url":"https:\/\/www.laguiadepamplona.com\/actualidad\/wp-content\/uploads\/2016\/12\/orgullo-gay-bandera-lgtb.jpg","contentUrl":"https:\/\/www.laguiadepamplona.com\/actualidad\/wp-content\/uploads\/2016\/12\/orgullo-gay-bandera-lgtb.jpg","width":860,"height":520,"caption":"lgtbi"},{"@type":"BreadcrumbList","@id":"https:\/\/www.laguiadepamplona.com\/actualidad\/el-ayuntamiento-se-compromete-a-ser-una-institucion-ejemplar-en-la-lucha-por-la-igualdad-de-derechos-y-la-no-discriminacion-por-orientacion-sexual-o-identidad-de-genero\/#breadcrumb","itemListElement":[{"@type":"ListItem","position":1,"name":"Portada","item":"https:\/\/www.laguiadepamplona.com\/actualidad\/"},{"@type":"ListItem","position":2,"name":"El Ayuntamiento se compromete a ser una instituci\u00f3n ejemplar en la lucha por la igualdad de derechos y la no discriminaci\u00f3n por orientaci\u00f3n sexual o identidad de g\u00e9nero"}]},{"@type":"WebSite","@id":"https:\/\/www.laguiadepamplona.com\/actualidad\/#website","url":"https:\/\/www.laguiadepamplona.com\/actualidad\/","name":"La gu\u00eda de Pamplona","description":"Noticias de Pamplona","publisher":{"@id":"https:\/\/www.laguiadepamplona.com\/actualidad\/#organization"},"potentialAction":[{"@type":"SearchAction","target":{"@type":"EntryPoint","urlTemplate":"https:\/\/www.laguiadepamplona.com\/actualidad\/?s={search_term_string}"},"query-input":{"@type":"PropertyValueSpecification","valueRequired":true,"valueName":"search_term_string"}}],"inLanguage":"es"},{"@type":"Organization","@id":"https:\/\/www.laguiadepamplona.com\/actualidad\/#organization","name":"La Gu\u00eda de Pamplona \/ Noticias","url":"https:\/\/www.laguiadepamplona.com\/actualidad\/","logo":{"@type":"ImageObject","inLanguage":"es","@id":"https:\/\/www.laguiadepamplona.com\/actualidad\/#\/schema\/logo\/image\/","url":"https:\/\/www.laguiadepamplona.com\/actualidad\/wp-content\/uploads\/2018\/11\/logo-laguiadepamplona18-web1.png","contentUrl":"https:\/\/www.laguiadepamplona.com\/actualidad\/wp-content\/uploads\/2018\/11\/logo-laguiadepamplona18-web1.png","width":600,"height":196,"caption":"La Gu\u00eda de Pamplona \/ Noticias"},"image":{"@id":"https:\/\/www.laguiadepamplona.com\/actualidad\/#\/schema\/logo\/image\/"},"sameAs":["https:\/\/www.facebook.com\/laguiadepamplonacom-133175176762273\/?ref=hl","https:\/\/x.com\/LaGuiadPamplona","https:\/\/www.instagram.com\/la_guia_de_pamplona\/","https:\/\/www.youtube.com\/user\/laguiadepamplona"]},{"@type":"Person","@id":"https:\/\/www.laguiadepamplona.com\/actualidad\/#\/schema\/person\/efe887376f0213d4657c93adc50b1fdb","name":"La Gu\u00eda de Pamplona","image":{"@type":"ImageObject","inLanguage":"es","@id":"https:\/\/secure.gravatar.com\/avatar\/b6992f131dc8d30ab0dff15446e9d346d9dbd95992de0fef795073f5ea83a81c?s=96&d=mm&r=g","url":"https:\/\/secure.gravatar.com\/avatar\/b6992f131dc8d30ab0dff15446e9d346d9dbd95992de0fef795073f5ea83a81c?s=96&d=mm&r=g","contentUrl":"https:\/\/secure.gravatar.com\/avatar\/b6992f131dc8d30ab0dff15446e9d346d9dbd95992de0fef795073f5ea83a81c?s=96&d=mm&r=g","caption":"La Gu\u00eda de Pamplona"}}]}},"post_mailing_queue_ids":[],"_links":{"self":[{"href":"https:\/\/www.laguiadepamplona.com\/actualidad\/wp-json\/wp\/v2\/posts\/13072","targetHints":{"allow":["GET"]}}],"collection":[{"href":"https:\/\/www.laguiadepamplona.com\/actualidad\/wp-json\/wp\/v2\/posts"}],"about":[{"href":"https:\/\/www.laguiadepamplona.com\/actualidad\/wp-json\/wp\/v2\/types\/post"}],"author":[{"embeddable":true,"href":"https:\/\/www.laguiadepamplona.com\/actualidad\/wp-json\/wp\/v2\/users\/1"}],"replies":[{"embeddable":true,"href":"https:\/\/www.laguiadepamplona.com\/actualidad\/wp-json\/wp\/v2\/comments?post=13072"}],"version-history":[{"count":0,"href":"https:\/\/www.laguiadepamplona.com\/actualidad\/wp-json\/wp\/v2\/posts\/13072\/revisions"}],"wp:featuredmedia":[{"embeddable":true,"href":"https:\/\/www.laguiadepamplona.com\/actualidad\/wp-json\/wp\/v2\/media\/11094"}],"wp:attachment":[{"href":"https:\/\/www.laguiadepamplona.com\/actualidad\/wp-json\/wp\/v2\/media?parent=13072"}],"wp:term":[{"taxonomy":"category","embeddable":true,"href":"https:\/\/www.laguiadepamplona.com\/actualidad\/wp-json\/wp\/v2\/categories?post=13072"},{"taxonomy":"post_tag","embeddable":true,"href":"https:\/\/www.laguiadepamplona.com\/actualidad\/wp-json\/wp\/v2\/tags?post=13072"}],"curies":[{"name":"wp","href":"https:\/\/api.w.org\/{rel}","templated":true}]}}