{"id":13070,"date":"2017-05-17T13:01:23","date_gmt":"2017-05-17T12:01:23","guid":{"rendered":"http:\/\/laguiadepamplona.es\/actualidad\/?p=13070"},"modified":"2017-05-17T13:01:23","modified_gmt":"2017-05-17T12:01:23","slug":"el-ayuntamiento-colocara-las-banderas-oficiales-y-el-retrato-de-felipe-vi-en-el-angulo-izquierdo-de-la-pared-frontal-a-la-presidencia-del-salon-de-plenos","status":"publish","type":"post","link":"https:\/\/www.laguiadepamplona.com\/actualidad\/el-ayuntamiento-colocara-las-banderas-oficiales-y-el-retrato-de-felipe-vi-en-el-angulo-izquierdo-de-la-pared-frontal-a-la-presidencia-del-salon-de-plenos\/","title":{"rendered":"El Ayuntamiento colocar\u00e1 las banderas oficiales y el retrato de Felipe VI en el \u00e1ngulo izquierdo de la pared frontal a la Presidencia del Sal\u00f3n de Plenos"},"content":{"rendered":"<h3>Un informe jur\u00eddico determina que en esa nueva ubicaci\u00f3n esos s\u00edmbolos oficiales ocupar\u00edan \u201cun lugar preferente\u201d como pide la sentencia del TSJN<\/h3>\n<p><!--more--><\/p>\n<p>El Ayuntamiento de Pamplona ubicar\u00e1 las banderas oficiales y el retrato de Felipe VI en el \u00e1ngulo izquierdo de la pared frontal a la presidencia del Sal\u00f3n de Plenos. Un informe de los servicios jur\u00eddicos del\u00a0 Ayuntamiento propone esa ubicaci\u00f3n para darles \u201cun lugar preferente\u201d en el Sal\u00f3n de Plenos, tal y como reclamaba una sentencia del Tribunal Superior de Justicia de Navarra\u201d. Esa sentencia demandaba reubicar esos s\u00edmbolos, actualmente colocados en el \u00e1ngulo derecho de esa misma pared.<\/p>\n<p>La sentencia, respetando la autonom\u00eda municipal, no obligaba ni condenaba al Ayuntamiento a colocar las banderas y el retrato oficial en un lugar concreto, sino que dejaba \u201cal arbitrio de la Corporaci\u00f3n el decidir dicha colocaci\u00f3n, siempre y cuando cumpla con el requisito legal de ser lugar preferente\u201d. Para determinar ese lugar, el informe ha tenido en cuenta la sentencia 124\/2017 del Tribunal Superior de Justicia de Navarra que solicitaba esa reubicaci\u00f3n para ajustarse a la legalidad vigente. La sentencia se\u00f1ala que el lugar actual donde est\u00e1n colocados, en la pared frontal a la presidencia, en el \u00e1ngulo derecho, \u201cno puede calificarse de preferente\u201d, ya que, entre otras razones, est\u00e1n \u201cde espaldas al p\u00fablico y en el lateral menos visible desde la entrada\u201d, incluso ocultas por la hoja de la puerta de acceso que bate hacia ese fondo.<\/p>\n<p>El informe de los servicios jur\u00eddicos considera que \u201cla sentencia estar\u00eda correctamente ejecutada si estos s\u00edmbolos se colocan en la pared frente a la Presidencia del Pleno pero se les da m\u00e1s visibilidad\u201d. Esa mayor visibilidad se le podr\u00eda dar de dos maneras, \u201cbien haciendo que la hola de la entrada de la puerta principal (que sobresale 40 cent\u00edmetros de la pared) no bata hacia el margen derecho donde actualmente est\u00e1n colocados los mencionados s\u00edmbolos, bien colocando los s\u00edmbolos en la pared frente a la Presidencia en el \u00e1ngulo izquierdo\u201d.<\/p>\n<p>Esta \u00faltima es la propuesta elegida ya que, aunque se debe sustituir el monitor de televisi\u00f3n all\u00ed ubicado, \u201cs\u00ed permite que el p\u00fablico vea al entrar (en una vista diagonal a su derecha) los s\u00edmbolos oficiales, consigui\u00e9ndose as\u00ed que las banderas y el retrato del Rey ocupen un lugar preferente\u201d.<\/p>\n<p>El informe propone esa ubicaci\u00f3n despu\u00e9s de analizar las caracter\u00edsticas del sal\u00f3n municipal. Por una parte, su forma, perfectamente rectangular (17,82 metros de largo por 6,93 de ancho) con una puerta principal casi a mitad de sal\u00f3n que bate hacia el lugar donde est\u00e1n actualmente colocadas las banderas oficiales y el retrato de Felipe VI. Por otra, la colocaci\u00f3n de las mesas y sillas donde se sienta la corporaci\u00f3n municipal sobre una plataforma de 17 cent\u00edmetros de ancho \u201cque no permite mover mesas ni sillas para lograr ampliar espacios hacia la zona de la Presidencia\u201d.<\/p>\n<p>Asimismo, se ha tenido en cuenta la decoraci\u00f3n con elementos fijos del sal\u00f3n plenario \u201cque tambi\u00e9n condiciona las posibilidades de colocaci\u00f3n de las banderas y retrato del Rey y estas circunstancias imposibilitan que detr\u00e1s de la Presidencia se puedan colocar estos s\u00edmbolos\u201d. Considera el informe que en un recinto rectangular \u201clos lugares preferentes ser\u00edan las paredes frontales, no las laterales\u201d y dado que la sentencia del TSJN admite la imposibilidad de colocar las banderas tras la Presidencia, la mejor ubicaci\u00f3n ser\u00eda la propuesta en el \u00e1ngulo izquierdo de la pared frontal al hemiciclo.<\/p>\n<p>&nbsp;<\/p>\n","protected":false},"excerpt":{"rendered":"<p>Un informe jur\u00eddico determina que en esa nueva ubicaci\u00f3n esos s\u00edmbolos oficiales ocupar\u00edan \u201cun lugar preferente\u201d como pide la sentencia del TSJN<\/p>\n","protected":false},"author":1,"featured_media":10979,"comment_status":"closed","ping_status":"closed","sticky":false,"template":"","format":"standard","meta":{"footnotes":""},"categories":[2],"tags":[],"class_list":["post-13070","post","type-post","status-publish","format-standard","has-post-thumbnail","hentry","category-ayuntamiento-pamplona"],"yoast_head":"<!-- This site is optimized with the Yoast SEO plugin v27.3 - https:\/\/yoast.com\/product\/yoast-seo-wordpress\/ -->\n<title>El Ayuntamiento colocar\u00e1 las banderas oficiales y el retrato de Felipe VI en el \u00e1ngulo izquierdo de la pared frontal a la Presidencia del Sal\u00f3n de Plenos<\/title>\n<meta name=\"robots\" content=\"index, follow, max-snippet:-1, max-image-preview:large, max-video-preview:-1\" \/>\n<link rel=\"canonical\" href=\"https:\/\/www.laguiadepamplona.com\/actualidad\/el-ayuntamiento-colocara-las-banderas-oficiales-y-el-retrato-de-felipe-vi-en-el-angulo-izquierdo-de-la-pared-frontal-a-la-presidencia-del-salon-de-plenos\/\" \/>\n<meta property=\"og:locale\" content=\"es_ES\" \/>\n<meta property=\"og:type\" content=\"article\" \/>\n<meta property=\"og:title\" content=\"El Ayuntamiento colocar\u00e1 las banderas oficiales y el retrato de Felipe VI en el \u00e1ngulo izquierdo de la pared frontal a la Presidencia del Sal\u00f3n de Plenos\" \/>\n<meta property=\"og:description\" content=\"Un informe jur\u00eddico determina que en esa nueva ubicaci\u00f3n esos s\u00edmbolos oficiales ocupar\u00edan \u201cun lugar preferente\u201d como pide la sentencia del TSJN\" \/>\n<meta property=\"og:url\" content=\"https:\/\/www.laguiadepamplona.com\/actualidad\/el-ayuntamiento-colocara-las-banderas-oficiales-y-el-retrato-de-felipe-vi-en-el-angulo-izquierdo-de-la-pared-frontal-a-la-presidencia-del-salon-de-plenos\/\" \/>\n<meta property=\"og:site_name\" content=\"La Gu\u00eda de Pamplona\" \/>\n<meta property=\"article:publisher\" content=\"https:\/\/www.facebook.com\/laguiadepamplonacom-133175176762273\/?ref=hl\" \/>\n<meta property=\"article:published_time\" content=\"2017-05-17T12:01:23+00:00\" \/>\n<meta property=\"og:image\" content=\"https:\/\/www.laguiadepamplona.com\/actualidad\/wp-content\/uploads\/2016\/11\/Ayto_Pamplona.jpg\" \/>\n\t<meta property=\"og:image:width\" content=\"900\" \/>\n\t<meta property=\"og:image:height\" content=\"675\" \/>\n\t<meta property=\"og:image:type\" content=\"image\/jpeg\" \/>\n<meta name=\"author\" content=\"La Gu\u00eda de Pamplona\" \/>\n<meta name=\"twitter:card\" content=\"summary_large_image\" \/>\n<meta name=\"twitter:creator\" content=\"@LaGuiadPamplona\" \/>\n<meta name=\"twitter:site\" content=\"@LaGuiadPamplona\" \/>\n<meta name=\"twitter:label1\" content=\"Escrito por\" \/>\n\t<meta name=\"twitter:data1\" content=\"La Gu\u00eda de Pamplona\" \/>\n\t<meta name=\"twitter:label2\" content=\"Tiempo de lectura\" \/>\n\t<meta name=\"twitter:data2\" content=\"3 minutos\" \/>\n<script type=\"application\/ld+json\" class=\"yoast-schema-graph\">{\"@context\":\"https:\\\/\\\/schema.org\",\"@graph\":[{\"@type\":\"Article\",\"@id\":\"https:\\\/\\\/www.laguiadepamplona.com\\\/actualidad\\\/el-ayuntamiento-colocara-las-banderas-oficiales-y-el-retrato-de-felipe-vi-en-el-angulo-izquierdo-de-la-pared-frontal-a-la-presidencia-del-salon-de-plenos\\\/#article\",\"isPartOf\":{\"@id\":\"https:\\\/\\\/www.laguiadepamplona.com\\\/actualidad\\\/el-ayuntamiento-colocara-las-banderas-oficiales-y-el-retrato-de-felipe-vi-en-el-angulo-izquierdo-de-la-pared-frontal-a-la-presidencia-del-salon-de-plenos\\\/\"},\"author\":{\"name\":\"La Gu\u00eda de Pamplona\",\"@id\":\"https:\\\/\\\/www.laguiadepamplona.com\\\/actualidad\\\/#\\\/schema\\\/person\\\/efe887376f0213d4657c93adc50b1fdb\"},\"headline\":\"El Ayuntamiento colocar\u00e1 las banderas oficiales y el retrato de Felipe VI en el \u00e1ngulo izquierdo de la pared frontal a la Presidencia del Sal\u00f3n de Plenos\",\"datePublished\":\"2017-05-17T12:01:23+00:00\",\"mainEntityOfPage\":{\"@id\":\"https:\\\/\\\/www.laguiadepamplona.com\\\/actualidad\\\/el-ayuntamiento-colocara-las-banderas-oficiales-y-el-retrato-de-felipe-vi-en-el-angulo-izquierdo-de-la-pared-frontal-a-la-presidencia-del-salon-de-plenos\\\/\"},\"wordCount\":639,\"publisher\":{\"@id\":\"https:\\\/\\\/www.laguiadepamplona.com\\\/actualidad\\\/#organization\"},\"image\":{\"@id\":\"https:\\\/\\\/www.laguiadepamplona.com\\\/actualidad\\\/el-ayuntamiento-colocara-las-banderas-oficiales-y-el-retrato-de-felipe-vi-en-el-angulo-izquierdo-de-la-pared-frontal-a-la-presidencia-del-salon-de-plenos\\\/#primaryimage\"},\"thumbnailUrl\":\"https:\\\/\\\/www.laguiadepamplona.com\\\/actualidad\\\/wp-content\\\/uploads\\\/2016\\\/11\\\/Ayto_Pamplona.jpg\",\"articleSection\":[\"Ayto Pamplona\"],\"inLanguage\":\"es\"},{\"@type\":\"WebPage\",\"@id\":\"https:\\\/\\\/www.laguiadepamplona.com\\\/actualidad\\\/el-ayuntamiento-colocara-las-banderas-oficiales-y-el-retrato-de-felipe-vi-en-el-angulo-izquierdo-de-la-pared-frontal-a-la-presidencia-del-salon-de-plenos\\\/\",\"url\":\"https:\\\/\\\/www.laguiadepamplona.com\\\/actualidad\\\/el-ayuntamiento-colocara-las-banderas-oficiales-y-el-retrato-de-felipe-vi-en-el-angulo-izquierdo-de-la-pared-frontal-a-la-presidencia-del-salon-de-plenos\\\/\",\"name\":\"El Ayuntamiento colocar\u00e1 las banderas oficiales y el retrato de Felipe VI en el \u00e1ngulo izquierdo de la pared frontal a la Presidencia del Sal\u00f3n de Plenos\",\"isPartOf\":{\"@id\":\"https:\\\/\\\/www.laguiadepamplona.com\\\/actualidad\\\/#website\"},\"primaryImageOfPage\":{\"@id\":\"https:\\\/\\\/www.laguiadepamplona.com\\\/actualidad\\\/el-ayuntamiento-colocara-las-banderas-oficiales-y-el-retrato-de-felipe-vi-en-el-angulo-izquierdo-de-la-pared-frontal-a-la-presidencia-del-salon-de-plenos\\\/#primaryimage\"},\"image\":{\"@id\":\"https:\\\/\\\/www.laguiadepamplona.com\\\/actualidad\\\/el-ayuntamiento-colocara-las-banderas-oficiales-y-el-retrato-de-felipe-vi-en-el-angulo-izquierdo-de-la-pared-frontal-a-la-presidencia-del-salon-de-plenos\\\/#primaryimage\"},\"thumbnailUrl\":\"https:\\\/\\\/www.laguiadepamplona.com\\\/actualidad\\\/wp-content\\\/uploads\\\/2016\\\/11\\\/Ayto_Pamplona.jpg\",\"datePublished\":\"2017-05-17T12:01:23+00:00\",\"breadcrumb\":{\"@id\":\"https:\\\/\\\/www.laguiadepamplona.com\\\/actualidad\\\/el-ayuntamiento-colocara-las-banderas-oficiales-y-el-retrato-de-felipe-vi-en-el-angulo-izquierdo-de-la-pared-frontal-a-la-presidencia-del-salon-de-plenos\\\/#breadcrumb\"},\"inLanguage\":\"es\",\"potentialAction\":[{\"@type\":\"ReadAction\",\"target\":[\"https:\\\/\\\/www.laguiadepamplona.com\\\/actualidad\\\/el-ayuntamiento-colocara-las-banderas-oficiales-y-el-retrato-de-felipe-vi-en-el-angulo-izquierdo-de-la-pared-frontal-a-la-presidencia-del-salon-de-plenos\\\/\"]}]},{\"@type\":\"ImageObject\",\"inLanguage\":\"es\",\"@id\":\"https:\\\/\\\/www.laguiadepamplona.com\\\/actualidad\\\/el-ayuntamiento-colocara-las-banderas-oficiales-y-el-retrato-de-felipe-vi-en-el-angulo-izquierdo-de-la-pared-frontal-a-la-presidencia-del-salon-de-plenos\\\/#primaryimage\",\"url\":\"https:\\\/\\\/www.laguiadepamplona.com\\\/actualidad\\\/wp-content\\\/uploads\\\/2016\\\/11\\\/Ayto_Pamplona.jpg\",\"contentUrl\":\"https:\\\/\\\/www.laguiadepamplona.com\\\/actualidad\\\/wp-content\\\/uploads\\\/2016\\\/11\\\/Ayto_Pamplona.jpg\",\"width\":900,\"height\":675},{\"@type\":\"BreadcrumbList\",\"@id\":\"https:\\\/\\\/www.laguiadepamplona.com\\\/actualidad\\\/el-ayuntamiento-colocara-las-banderas-oficiales-y-el-retrato-de-felipe-vi-en-el-angulo-izquierdo-de-la-pared-frontal-a-la-presidencia-del-salon-de-plenos\\\/#breadcrumb\",\"itemListElement\":[{\"@type\":\"ListItem\",\"position\":1,\"name\":\"Portada\",\"item\":\"https:\\\/\\\/www.laguiadepamplona.com\\\/actualidad\\\/\"},{\"@type\":\"ListItem\",\"position\":2,\"name\":\"El Ayuntamiento colocar\u00e1 las banderas oficiales y el retrato de Felipe VI en el \u00e1ngulo izquierdo de la pared frontal a la Presidencia del Sal\u00f3n de Plenos\"}]},{\"@type\":\"WebSite\",\"@id\":\"https:\\\/\\\/www.laguiadepamplona.com\\\/actualidad\\\/#website\",\"url\":\"https:\\\/\\\/www.laguiadepamplona.com\\\/actualidad\\\/\",\"name\":\"La gu\u00eda de Pamplona\",\"description\":\"Noticias de Pamplona\",\"publisher\":{\"@id\":\"https:\\\/\\\/www.laguiadepamplona.com\\\/actualidad\\\/#organization\"},\"potentialAction\":[{\"@type\":\"SearchAction\",\"target\":{\"@type\":\"EntryPoint\",\"urlTemplate\":\"https:\\\/\\\/www.laguiadepamplona.com\\\/actualidad\\\/?s={search_term_string}\"},\"query-input\":{\"@type\":\"PropertyValueSpecification\",\"valueRequired\":true,\"valueName\":\"search_term_string\"}}],\"inLanguage\":\"es\"},{\"@type\":\"Organization\",\"@id\":\"https:\\\/\\\/www.laguiadepamplona.com\\\/actualidad\\\/#organization\",\"name\":\"La Gu\u00eda de Pamplona \\\/ Noticias\",\"url\":\"https:\\\/\\\/www.laguiadepamplona.com\\\/actualidad\\\/\",\"logo\":{\"@type\":\"ImageObject\",\"inLanguage\":\"es\",\"@id\":\"https:\\\/\\\/www.laguiadepamplona.com\\\/actualidad\\\/#\\\/schema\\\/logo\\\/image\\\/\",\"url\":\"https:\\\/\\\/www.laguiadepamplona.com\\\/actualidad\\\/wp-content\\\/uploads\\\/2018\\\/11\\\/logo-laguiadepamplona18-web1.png\",\"contentUrl\":\"https:\\\/\\\/www.laguiadepamplona.com\\\/actualidad\\\/wp-content\\\/uploads\\\/2018\\\/11\\\/logo-laguiadepamplona18-web1.png\",\"width\":600,\"height\":196,\"caption\":\"La Gu\u00eda de Pamplona \\\/ Noticias\"},\"image\":{\"@id\":\"https:\\\/\\\/www.laguiadepamplona.com\\\/actualidad\\\/#\\\/schema\\\/logo\\\/image\\\/\"},\"sameAs\":[\"https:\\\/\\\/www.facebook.com\\\/laguiadepamplonacom-133175176762273\\\/?ref=hl\",\"https:\\\/\\\/x.com\\\/LaGuiadPamplona\",\"https:\\\/\\\/www.instagram.com\\\/la_guia_de_pamplona\\\/\",\"https:\\\/\\\/www.youtube.com\\\/user\\\/laguiadepamplona\"]},{\"@type\":\"Person\",\"@id\":\"https:\\\/\\\/www.laguiadepamplona.com\\\/actualidad\\\/#\\\/schema\\\/person\\\/efe887376f0213d4657c93adc50b1fdb\",\"name\":\"La Gu\u00eda de Pamplona\",\"image\":{\"@type\":\"ImageObject\",\"inLanguage\":\"es\",\"@id\":\"https:\\\/\\\/secure.gravatar.com\\\/avatar\\\/b6992f131dc8d30ab0dff15446e9d346d9dbd95992de0fef795073f5ea83a81c?s=96&d=mm&r=g\",\"url\":\"https:\\\/\\\/secure.gravatar.com\\\/avatar\\\/b6992f131dc8d30ab0dff15446e9d346d9dbd95992de0fef795073f5ea83a81c?s=96&d=mm&r=g\",\"contentUrl\":\"https:\\\/\\\/secure.gravatar.com\\\/avatar\\\/b6992f131dc8d30ab0dff15446e9d346d9dbd95992de0fef795073f5ea83a81c?s=96&d=mm&r=g\",\"caption\":\"La Gu\u00eda de Pamplona\"}}]}<\/script>\n<!-- \/ Yoast SEO plugin. -->","yoast_head_json":{"title":"El Ayuntamiento colocar\u00e1 las banderas oficiales y el retrato de Felipe VI en el \u00e1ngulo izquierdo de la pared frontal a la Presidencia del Sal\u00f3n de Plenos","robots":{"index":"index","follow":"follow","max-snippet":"max-snippet:-1","max-image-preview":"max-image-preview:large","max-video-preview":"max-video-preview:-1"},"canonical":"https:\/\/www.laguiadepamplona.com\/actualidad\/el-ayuntamiento-colocara-las-banderas-oficiales-y-el-retrato-de-felipe-vi-en-el-angulo-izquierdo-de-la-pared-frontal-a-la-presidencia-del-salon-de-plenos\/","og_locale":"es_ES","og_type":"article","og_title":"El Ayuntamiento colocar\u00e1 las banderas oficiales y el retrato de Felipe VI en el \u00e1ngulo izquierdo de la pared frontal a la Presidencia del Sal\u00f3n de Plenos","og_description":"Un informe jur\u00eddico determina que en esa nueva ubicaci\u00f3n esos s\u00edmbolos oficiales ocupar\u00edan \u201cun lugar preferente\u201d como pide la sentencia del TSJN","og_url":"https:\/\/www.laguiadepamplona.com\/actualidad\/el-ayuntamiento-colocara-las-banderas-oficiales-y-el-retrato-de-felipe-vi-en-el-angulo-izquierdo-de-la-pared-frontal-a-la-presidencia-del-salon-de-plenos\/","og_site_name":"La Gu\u00eda de Pamplona","article_publisher":"https:\/\/www.facebook.com\/laguiadepamplonacom-133175176762273\/?ref=hl","article_published_time":"2017-05-17T12:01:23+00:00","og_image":[{"width":900,"height":675,"url":"https:\/\/www.laguiadepamplona.com\/actualidad\/wp-content\/uploads\/2016\/11\/Ayto_Pamplona.jpg","type":"image\/jpeg"}],"author":"La Gu\u00eda de Pamplona","twitter_card":"summary_large_image","twitter_creator":"@LaGuiadPamplona","twitter_site":"@LaGuiadPamplona","twitter_misc":{"Escrito por":"La Gu\u00eda de Pamplona","Tiempo de lectura":"3 minutos"},"schema":{"@context":"https:\/\/schema.org","@graph":[{"@type":"Article","@id":"https:\/\/www.laguiadepamplona.com\/actualidad\/el-ayuntamiento-colocara-las-banderas-oficiales-y-el-retrato-de-felipe-vi-en-el-angulo-izquierdo-de-la-pared-frontal-a-la-presidencia-del-salon-de-plenos\/#article","isPartOf":{"@id":"https:\/\/www.laguiadepamplona.com\/actualidad\/el-ayuntamiento-colocara-las-banderas-oficiales-y-el-retrato-de-felipe-vi-en-el-angulo-izquierdo-de-la-pared-frontal-a-la-presidencia-del-salon-de-plenos\/"},"author":{"name":"La Gu\u00eda de Pamplona","@id":"https:\/\/www.laguiadepamplona.com\/actualidad\/#\/schema\/person\/efe887376f0213d4657c93adc50b1fdb"},"headline":"El Ayuntamiento colocar\u00e1 las banderas oficiales y el retrato de Felipe VI en el \u00e1ngulo izquierdo de la pared frontal a la Presidencia del Sal\u00f3n de Plenos","datePublished":"2017-05-17T12:01:23+00:00","mainEntityOfPage":{"@id":"https:\/\/www.laguiadepamplona.com\/actualidad\/el-ayuntamiento-colocara-las-banderas-oficiales-y-el-retrato-de-felipe-vi-en-el-angulo-izquierdo-de-la-pared-frontal-a-la-presidencia-del-salon-de-plenos\/"},"wordCount":639,"publisher":{"@id":"https:\/\/www.laguiadepamplona.com\/actualidad\/#organization"},"image":{"@id":"https:\/\/www.laguiadepamplona.com\/actualidad\/el-ayuntamiento-colocara-las-banderas-oficiales-y-el-retrato-de-felipe-vi-en-el-angulo-izquierdo-de-la-pared-frontal-a-la-presidencia-del-salon-de-plenos\/#primaryimage"},"thumbnailUrl":"https:\/\/www.laguiadepamplona.com\/actualidad\/wp-content\/uploads\/2016\/11\/Ayto_Pamplona.jpg","articleSection":["Ayto Pamplona"],"inLanguage":"es"},{"@type":"WebPage","@id":"https:\/\/www.laguiadepamplona.com\/actualidad\/el-ayuntamiento-colocara-las-banderas-oficiales-y-el-retrato-de-felipe-vi-en-el-angulo-izquierdo-de-la-pared-frontal-a-la-presidencia-del-salon-de-plenos\/","url":"https:\/\/www.laguiadepamplona.com\/actualidad\/el-ayuntamiento-colocara-las-banderas-oficiales-y-el-retrato-de-felipe-vi-en-el-angulo-izquierdo-de-la-pared-frontal-a-la-presidencia-del-salon-de-plenos\/","name":"El Ayuntamiento colocar\u00e1 las banderas oficiales y el retrato de Felipe VI en el \u00e1ngulo izquierdo de la pared frontal a la Presidencia del Sal\u00f3n de Plenos","isPartOf":{"@id":"https:\/\/www.laguiadepamplona.com\/actualidad\/#website"},"primaryImageOfPage":{"@id":"https:\/\/www.laguiadepamplona.com\/actualidad\/el-ayuntamiento-colocara-las-banderas-oficiales-y-el-retrato-de-felipe-vi-en-el-angulo-izquierdo-de-la-pared-frontal-a-la-presidencia-del-salon-de-plenos\/#primaryimage"},"image":{"@id":"https:\/\/www.laguiadepamplona.com\/actualidad\/el-ayuntamiento-colocara-las-banderas-oficiales-y-el-retrato-de-felipe-vi-en-el-angulo-izquierdo-de-la-pared-frontal-a-la-presidencia-del-salon-de-plenos\/#primaryimage"},"thumbnailUrl":"https:\/\/www.laguiadepamplona.com\/actualidad\/wp-content\/uploads\/2016\/11\/Ayto_Pamplona.jpg","datePublished":"2017-05-17T12:01:23+00:00","breadcrumb":{"@id":"https:\/\/www.laguiadepamplona.com\/actualidad\/el-ayuntamiento-colocara-las-banderas-oficiales-y-el-retrato-de-felipe-vi-en-el-angulo-izquierdo-de-la-pared-frontal-a-la-presidencia-del-salon-de-plenos\/#breadcrumb"},"inLanguage":"es","potentialAction":[{"@type":"ReadAction","target":["https:\/\/www.laguiadepamplona.com\/actualidad\/el-ayuntamiento-colocara-las-banderas-oficiales-y-el-retrato-de-felipe-vi-en-el-angulo-izquierdo-de-la-pared-frontal-a-la-presidencia-del-salon-de-plenos\/"]}]},{"@type":"ImageObject","inLanguage":"es","@id":"https:\/\/www.laguiadepamplona.com\/actualidad\/el-ayuntamiento-colocara-las-banderas-oficiales-y-el-retrato-de-felipe-vi-en-el-angulo-izquierdo-de-la-pared-frontal-a-la-presidencia-del-salon-de-plenos\/#primaryimage","url":"https:\/\/www.laguiadepamplona.com\/actualidad\/wp-content\/uploads\/2016\/11\/Ayto_Pamplona.jpg","contentUrl":"https:\/\/www.laguiadepamplona.com\/actualidad\/wp-content\/uploads\/2016\/11\/Ayto_Pamplona.jpg","width":900,"height":675},{"@type":"BreadcrumbList","@id":"https:\/\/www.laguiadepamplona.com\/actualidad\/el-ayuntamiento-colocara-las-banderas-oficiales-y-el-retrato-de-felipe-vi-en-el-angulo-izquierdo-de-la-pared-frontal-a-la-presidencia-del-salon-de-plenos\/#breadcrumb","itemListElement":[{"@type":"ListItem","position":1,"name":"Portada","item":"https:\/\/www.laguiadepamplona.com\/actualidad\/"},{"@type":"ListItem","position":2,"name":"El Ayuntamiento colocar\u00e1 las banderas oficiales y el retrato de Felipe VI en el \u00e1ngulo izquierdo de la pared frontal a la Presidencia del Sal\u00f3n de Plenos"}]},{"@type":"WebSite","@id":"https:\/\/www.laguiadepamplona.com\/actualidad\/#website","url":"https:\/\/www.laguiadepamplona.com\/actualidad\/","name":"La gu\u00eda de Pamplona","description":"Noticias de Pamplona","publisher":{"@id":"https:\/\/www.laguiadepamplona.com\/actualidad\/#organization"},"potentialAction":[{"@type":"SearchAction","target":{"@type":"EntryPoint","urlTemplate":"https:\/\/www.laguiadepamplona.com\/actualidad\/?s={search_term_string}"},"query-input":{"@type":"PropertyValueSpecification","valueRequired":true,"valueName":"search_term_string"}}],"inLanguage":"es"},{"@type":"Organization","@id":"https:\/\/www.laguiadepamplona.com\/actualidad\/#organization","name":"La Gu\u00eda de Pamplona \/ Noticias","url":"https:\/\/www.laguiadepamplona.com\/actualidad\/","logo":{"@type":"ImageObject","inLanguage":"es","@id":"https:\/\/www.laguiadepamplona.com\/actualidad\/#\/schema\/logo\/image\/","url":"https:\/\/www.laguiadepamplona.com\/actualidad\/wp-content\/uploads\/2018\/11\/logo-laguiadepamplona18-web1.png","contentUrl":"https:\/\/www.laguiadepamplona.com\/actualidad\/wp-content\/uploads\/2018\/11\/logo-laguiadepamplona18-web1.png","width":600,"height":196,"caption":"La Gu\u00eda de Pamplona \/ Noticias"},"image":{"@id":"https:\/\/www.laguiadepamplona.com\/actualidad\/#\/schema\/logo\/image\/"},"sameAs":["https:\/\/www.facebook.com\/laguiadepamplonacom-133175176762273\/?ref=hl","https:\/\/x.com\/LaGuiadPamplona","https:\/\/www.instagram.com\/la_guia_de_pamplona\/","https:\/\/www.youtube.com\/user\/laguiadepamplona"]},{"@type":"Person","@id":"https:\/\/www.laguiadepamplona.com\/actualidad\/#\/schema\/person\/efe887376f0213d4657c93adc50b1fdb","name":"La Gu\u00eda de Pamplona","image":{"@type":"ImageObject","inLanguage":"es","@id":"https:\/\/secure.gravatar.com\/avatar\/b6992f131dc8d30ab0dff15446e9d346d9dbd95992de0fef795073f5ea83a81c?s=96&d=mm&r=g","url":"https:\/\/secure.gravatar.com\/avatar\/b6992f131dc8d30ab0dff15446e9d346d9dbd95992de0fef795073f5ea83a81c?s=96&d=mm&r=g","contentUrl":"https:\/\/secure.gravatar.com\/avatar\/b6992f131dc8d30ab0dff15446e9d346d9dbd95992de0fef795073f5ea83a81c?s=96&d=mm&r=g","caption":"La Gu\u00eda de Pamplona"}}]}},"post_mailing_queue_ids":[],"_links":{"self":[{"href":"https:\/\/www.laguiadepamplona.com\/actualidad\/wp-json\/wp\/v2\/posts\/13070","targetHints":{"allow":["GET"]}}],"collection":[{"href":"https:\/\/www.laguiadepamplona.com\/actualidad\/wp-json\/wp\/v2\/posts"}],"about":[{"href":"https:\/\/www.laguiadepamplona.com\/actualidad\/wp-json\/wp\/v2\/types\/post"}],"author":[{"embeddable":true,"href":"https:\/\/www.laguiadepamplona.com\/actualidad\/wp-json\/wp\/v2\/users\/1"}],"replies":[{"embeddable":true,"href":"https:\/\/www.laguiadepamplona.com\/actualidad\/wp-json\/wp\/v2\/comments?post=13070"}],"version-history":[{"count":0,"href":"https:\/\/www.laguiadepamplona.com\/actualidad\/wp-json\/wp\/v2\/posts\/13070\/revisions"}],"wp:featuredmedia":[{"embeddable":true,"href":"https:\/\/www.laguiadepamplona.com\/actualidad\/wp-json\/wp\/v2\/media\/10979"}],"wp:attachment":[{"href":"https:\/\/www.laguiadepamplona.com\/actualidad\/wp-json\/wp\/v2\/media?parent=13070"}],"wp:term":[{"taxonomy":"category","embeddable":true,"href":"https:\/\/www.laguiadepamplona.com\/actualidad\/wp-json\/wp\/v2\/categories?post=13070"},{"taxonomy":"post_tag","embeddable":true,"href":"https:\/\/www.laguiadepamplona.com\/actualidad\/wp-json\/wp\/v2\/tags?post=13070"}],"curies":[{"name":"wp","href":"https:\/\/api.w.org\/{rel}","templated":true}]}}