{"id":13062,"date":"2017-05-17T12:02:41","date_gmt":"2017-05-17T11:02:41","guid":{"rendered":"http:\/\/laguiadepamplona.es\/actualidad\/?p=13062"},"modified":"2017-05-17T12:02:41","modified_gmt":"2017-05-17T11:02:41","slug":"civivox-mendillorri-ofrece-manana-un-repaso-en-euskera-por-los-ejemplares-de-arbol-mas-antiguos-de-pamplona-con-referencia-a-algunos-ya-desaparecidos","status":"publish","type":"post","link":"https:\/\/www.laguiadepamplona.com\/actualidad\/civivox-mendillorri-ofrece-manana-un-repaso-en-euskera-por-los-ejemplares-de-arbol-mas-antiguos-de-pamplona-con-referencia-a-algunos-ya-desaparecidos\/","title":{"rendered":"Civivox Mendillorri ofrece ma\u00f1ana un repaso en euskera por los ejemplares de \u00e1rbol m\u00e1s antiguos de Pamplona con referencia a algunos ya desaparecidos"},"content":{"rendered":"<h3>Termina este miniciclo sobre el patrimonio natural con una conferencia a cargo de Mikel Belasko de Asociaci\u00f3n Amigos de los \u00c1rboles Viejos<\/h3>\n<p><!--more--><\/p>\n<p><a href=\"http:\/\/laguiadepamplona.es\/actualidad\/wp-content\/uploads\/2017\/05\/arbol_viejo2-1.jpg\"><img loading=\"lazy\" decoding=\"async\" class=\"alignleft size-medium wp-image-13064\" src=\"http:\/\/laguiadepamplona.es\/actualidad\/wp-content\/uploads\/2017\/05\/arbol_viejo2-1-225x300.jpg\" alt=\"\" width=\"225\" height=\"300\" srcset=\"https:\/\/www.laguiadepamplona.com\/actualidad\/wp-content\/uploads\/2017\/05\/arbol_viejo2-1-225x300.jpg 225w, https:\/\/www.laguiadepamplona.com\/actualidad\/wp-content\/uploads\/2017\/05\/arbol_viejo2-1-768x1024.jpg 768w, https:\/\/www.laguiadepamplona.com\/actualidad\/wp-content\/uploads\/2017\/05\/arbol_viejo2-1-300x400.jpg 300w, https:\/\/www.laguiadepamplona.com\/actualidad\/wp-content\/uploads\/2017\/05\/arbol_viejo2-1.jpg 1000w\" sizes=\"auto, (max-width: 225px) 100vw, 225px\" \/><\/a>Ma\u00f1ana termina, en Civivox Mendillorri, el ciclo de tres conferencias dedicadas a las plantas urbanas y a los llamados \u00e1rboles viejos, un conjunto de contenidos que pretende que la ciudadan\u00eda pueda conocer mejor la diversidad paisaj\u00edstica del entorno m\u00e1s cercano y su importancia en los \u00edndices de biodiversidad. A las 19 horas con entrada libre, previa retirada de invitaci\u00f3n desde una hora antes del comienzo, la sesi\u00f3n de ma\u00f1ana ser\u00e1 \u2018Iru\u00f1eko zuhaitz zaharren balio kultural eta historikoa\u2019 (el valor cultural e hist\u00f3ricos de los \u00c1rboles viejos de Pamplona). Su ponente ser\u00e1 Mikel Belasko, de la Asociaci\u00f3n Amigos de los \u00c1rboles Viejos \u2013 Zuhaitz Zaharren Lagunak.<\/p>\n<p>Los \u00e1rboles viejos y veteranos, adem\u00e1s de su valor ambiental, poseen un valor cultural e hist\u00f3rico-patrimonial. La charla del jueves abordar\u00e1 el tema de la historia de los \u00e1rboles de Pamplona, la definici\u00f3n de \u00e1rbol viejo y durante las explicaciones se har\u00e1 un repaso a los ejemplares m\u00e1s famosos de la ciudad: la secuoia de diputaci\u00f3n, el cedro de Aranzadi, el \u00e1rbol de San Jos\u00e9 o el casta\u00f1o de la Casa Colorada&#8230; adem\u00e1s de recordar otros grandes \u00e1rboles hist\u00f3ricos que los precedieron: el \u00e1rbol del cuco, el olmo de Navarrer\u00eda llamado Zugarrondo&#8230;<\/p>\n<p>Belasko es uno de los autores del ejemplar \u2018\u00c1rboles Viejos y \u00c1rboles Singulares de Pamplona\u2019 de la colecci\u00f3n de libros de \u2018Biodiversidad urbana de Pamplona\u2019 editada por el Consistorio. El libro, firmado en 2010 por Belasko y Ana Blanco, Juan Tom\u00e1s Alcalde, Anika Meyer y \u00d3scar Schwendtner est\u00e1 en estos momentos est\u00e1 agotado aunque su contenido es descargable en el enlace <a href=\"http:\/\/www.pamplona.es\/verPagina.asp?idPag=1562&amp;idioma=1\" target=\"_blank\" rel=\"noopener noreferrer\">http:\/\/www.pamplona.es\/verPagina.asp?idPag=1562&amp;idioma=1<\/a>. Adem\u00e1s de ser miembro de la Asociaci\u00f3n Amigos de los \u00c1rboles Viejos \u2013 Zuhaitz Zaharren Lagunak , es vicepresidente de la Sociedad Vasca de Onom\u00e1stica, vocal del Consejo Navarro del Euskera y redactor del informe hist\u00f3rico del Proyecto de Parque Fluvial de la Comarca de Pamplona: R\u00edos Arga, Ultzama y Elorz, entre otros trabajos.<\/p>\n<p><strong>Plantas urbanas y \u00e1rboles viejos<\/strong><\/p>\n<p><strong>Jueves 18 de mayo<\/strong><\/p>\n<ul>\n<li>CONFERENCIA en euskera<\/li>\n<li>El valor cultural e hist\u00f3ricos de los \u00c1rboles viejos de Pamplona (Iru\u00f1eko zuhaitz zaharren balio kultural eta historikoa)<\/li>\n<li>Ponente: Mikel Belasko, Asociaci\u00f3n Amigos de los \u00e1rboles viejos -Zuhaitz Zaharren Lagunak<\/li>\n<li>Civivox Mendillorri. 19 horas. Entrada libre, previa retirada de invitaci\u00f3n desde una hora antes del comienzo, m\u00e1ximo dos por persona<\/li>\n<\/ul>\n<p>&nbsp;<\/p>\n","protected":false},"excerpt":{"rendered":"<p>Termina este miniciclo sobre el patrimonio natural con una conferencia a cargo de Mikel Belasko de Asociaci\u00f3n Amigos de los \u00c1rboles Viejos<\/p>\n","protected":false},"author":1,"featured_media":13063,"comment_status":"closed","ping_status":"closed","sticky":false,"template":"","format":"standard","meta":{"footnotes":""},"categories":[2],"tags":[],"class_list":["post-13062","post","type-post","status-publish","format-standard","has-post-thumbnail","hentry","category-ayuntamiento-pamplona"],"yoast_head":"<!-- This site is optimized with the Yoast SEO plugin v27.3 - https:\/\/yoast.com\/product\/yoast-seo-wordpress\/ -->\n<title>Civivox Mendillorri ofrece ma\u00f1ana un repaso en euskera por los ejemplares de \u00e1rbol m\u00e1s antiguos de Pamplona con referencia a algunos ya desaparecidos<\/title>\n<meta name=\"robots\" content=\"index, follow, max-snippet:-1, max-image-preview:large, max-video-preview:-1\" \/>\n<link rel=\"canonical\" href=\"https:\/\/www.laguiadepamplona.com\/actualidad\/civivox-mendillorri-ofrece-manana-un-repaso-en-euskera-por-los-ejemplares-de-arbol-mas-antiguos-de-pamplona-con-referencia-a-algunos-ya-desaparecidos\/\" \/>\n<meta property=\"og:locale\" content=\"es_ES\" \/>\n<meta property=\"og:type\" content=\"article\" \/>\n<meta property=\"og:title\" content=\"Civivox Mendillorri ofrece ma\u00f1ana un repaso en euskera por los ejemplares de \u00e1rbol m\u00e1s antiguos de Pamplona con referencia a algunos ya desaparecidos\" \/>\n<meta property=\"og:description\" content=\"Termina este miniciclo sobre el patrimonio natural con una conferencia a cargo de Mikel Belasko de Asociaci\u00f3n Amigos de los \u00c1rboles Viejos\" \/>\n<meta property=\"og:url\" content=\"https:\/\/www.laguiadepamplona.com\/actualidad\/civivox-mendillorri-ofrece-manana-un-repaso-en-euskera-por-los-ejemplares-de-arbol-mas-antiguos-de-pamplona-con-referencia-a-algunos-ya-desaparecidos\/\" \/>\n<meta property=\"og:site_name\" content=\"La Gu\u00eda de Pamplona\" \/>\n<meta property=\"article:publisher\" content=\"https:\/\/www.facebook.com\/laguiadepamplonacom-133175176762273\/?ref=hl\" \/>\n<meta property=\"article:published_time\" content=\"2017-05-17T11:02:41+00:00\" \/>\n<meta property=\"og:image\" content=\"https:\/\/www.laguiadepamplona.com\/actualidad\/wp-content\/uploads\/2017\/05\/arbol_viejo-1.jpg\" \/>\n\t<meta property=\"og:image:width\" content=\"1000\" \/>\n\t<meta property=\"og:image:height\" content=\"1333\" \/>\n\t<meta property=\"og:image:type\" content=\"image\/jpeg\" \/>\n<meta name=\"author\" content=\"La Gu\u00eda de Pamplona\" \/>\n<meta name=\"twitter:card\" content=\"summary_large_image\" \/>\n<meta name=\"twitter:creator\" content=\"@LaGuiadPamplona\" \/>\n<meta name=\"twitter:site\" content=\"@LaGuiadPamplona\" \/>\n<meta name=\"twitter:label1\" content=\"Escrito por\" \/>\n\t<meta name=\"twitter:data1\" content=\"La Gu\u00eda de Pamplona\" \/>\n\t<meta name=\"twitter:label2\" content=\"Tiempo de lectura\" \/>\n\t<meta name=\"twitter:data2\" content=\"2 minutos\" \/>\n<script type=\"application\/ld+json\" class=\"yoast-schema-graph\">{\"@context\":\"https:\\\/\\\/schema.org\",\"@graph\":[{\"@type\":\"Article\",\"@id\":\"https:\\\/\\\/www.laguiadepamplona.com\\\/actualidad\\\/civivox-mendillorri-ofrece-manana-un-repaso-en-euskera-por-los-ejemplares-de-arbol-mas-antiguos-de-pamplona-con-referencia-a-algunos-ya-desaparecidos\\\/#article\",\"isPartOf\":{\"@id\":\"https:\\\/\\\/www.laguiadepamplona.com\\\/actualidad\\\/civivox-mendillorri-ofrece-manana-un-repaso-en-euskera-por-los-ejemplares-de-arbol-mas-antiguos-de-pamplona-con-referencia-a-algunos-ya-desaparecidos\\\/\"},\"author\":{\"name\":\"La Gu\u00eda de Pamplona\",\"@id\":\"https:\\\/\\\/www.laguiadepamplona.com\\\/actualidad\\\/#\\\/schema\\\/person\\\/efe887376f0213d4657c93adc50b1fdb\"},\"headline\":\"Civivox Mendillorri ofrece ma\u00f1ana un repaso en euskera por los ejemplares de \u00e1rbol m\u00e1s antiguos de Pamplona con referencia a algunos ya desaparecidos\",\"datePublished\":\"2017-05-17T11:02:41+00:00\",\"mainEntityOfPage\":{\"@id\":\"https:\\\/\\\/www.laguiadepamplona.com\\\/actualidad\\\/civivox-mendillorri-ofrece-manana-un-repaso-en-euskera-por-los-ejemplares-de-arbol-mas-antiguos-de-pamplona-con-referencia-a-algunos-ya-desaparecidos\\\/\"},\"wordCount\":456,\"publisher\":{\"@id\":\"https:\\\/\\\/www.laguiadepamplona.com\\\/actualidad\\\/#organization\"},\"image\":{\"@id\":\"https:\\\/\\\/www.laguiadepamplona.com\\\/actualidad\\\/civivox-mendillorri-ofrece-manana-un-repaso-en-euskera-por-los-ejemplares-de-arbol-mas-antiguos-de-pamplona-con-referencia-a-algunos-ya-desaparecidos\\\/#primaryimage\"},\"thumbnailUrl\":\"https:\\\/\\\/www.laguiadepamplona.com\\\/actualidad\\\/wp-content\\\/uploads\\\/2017\\\/05\\\/arbol_viejo-1.jpg\",\"articleSection\":[\"Ayto Pamplona\"],\"inLanguage\":\"es\"},{\"@type\":\"WebPage\",\"@id\":\"https:\\\/\\\/www.laguiadepamplona.com\\\/actualidad\\\/civivox-mendillorri-ofrece-manana-un-repaso-en-euskera-por-los-ejemplares-de-arbol-mas-antiguos-de-pamplona-con-referencia-a-algunos-ya-desaparecidos\\\/\",\"url\":\"https:\\\/\\\/www.laguiadepamplona.com\\\/actualidad\\\/civivox-mendillorri-ofrece-manana-un-repaso-en-euskera-por-los-ejemplares-de-arbol-mas-antiguos-de-pamplona-con-referencia-a-algunos-ya-desaparecidos\\\/\",\"name\":\"Civivox Mendillorri ofrece ma\u00f1ana un repaso en euskera por los ejemplares de \u00e1rbol m\u00e1s antiguos de Pamplona con referencia a algunos ya desaparecidos\",\"isPartOf\":{\"@id\":\"https:\\\/\\\/www.laguiadepamplona.com\\\/actualidad\\\/#website\"},\"primaryImageOfPage\":{\"@id\":\"https:\\\/\\\/www.laguiadepamplona.com\\\/actualidad\\\/civivox-mendillorri-ofrece-manana-un-repaso-en-euskera-por-los-ejemplares-de-arbol-mas-antiguos-de-pamplona-con-referencia-a-algunos-ya-desaparecidos\\\/#primaryimage\"},\"image\":{\"@id\":\"https:\\\/\\\/www.laguiadepamplona.com\\\/actualidad\\\/civivox-mendillorri-ofrece-manana-un-repaso-en-euskera-por-los-ejemplares-de-arbol-mas-antiguos-de-pamplona-con-referencia-a-algunos-ya-desaparecidos\\\/#primaryimage\"},\"thumbnailUrl\":\"https:\\\/\\\/www.laguiadepamplona.com\\\/actualidad\\\/wp-content\\\/uploads\\\/2017\\\/05\\\/arbol_viejo-1.jpg\",\"datePublished\":\"2017-05-17T11:02:41+00:00\",\"breadcrumb\":{\"@id\":\"https:\\\/\\\/www.laguiadepamplona.com\\\/actualidad\\\/civivox-mendillorri-ofrece-manana-un-repaso-en-euskera-por-los-ejemplares-de-arbol-mas-antiguos-de-pamplona-con-referencia-a-algunos-ya-desaparecidos\\\/#breadcrumb\"},\"inLanguage\":\"es\",\"potentialAction\":[{\"@type\":\"ReadAction\",\"target\":[\"https:\\\/\\\/www.laguiadepamplona.com\\\/actualidad\\\/civivox-mendillorri-ofrece-manana-un-repaso-en-euskera-por-los-ejemplares-de-arbol-mas-antiguos-de-pamplona-con-referencia-a-algunos-ya-desaparecidos\\\/\"]}]},{\"@type\":\"ImageObject\",\"inLanguage\":\"es\",\"@id\":\"https:\\\/\\\/www.laguiadepamplona.com\\\/actualidad\\\/civivox-mendillorri-ofrece-manana-un-repaso-en-euskera-por-los-ejemplares-de-arbol-mas-antiguos-de-pamplona-con-referencia-a-algunos-ya-desaparecidos\\\/#primaryimage\",\"url\":\"https:\\\/\\\/www.laguiadepamplona.com\\\/actualidad\\\/wp-content\\\/uploads\\\/2017\\\/05\\\/arbol_viejo-1.jpg\",\"contentUrl\":\"https:\\\/\\\/www.laguiadepamplona.com\\\/actualidad\\\/wp-content\\\/uploads\\\/2017\\\/05\\\/arbol_viejo-1.jpg\",\"width\":1000,\"height\":1333},{\"@type\":\"BreadcrumbList\",\"@id\":\"https:\\\/\\\/www.laguiadepamplona.com\\\/actualidad\\\/civivox-mendillorri-ofrece-manana-un-repaso-en-euskera-por-los-ejemplares-de-arbol-mas-antiguos-de-pamplona-con-referencia-a-algunos-ya-desaparecidos\\\/#breadcrumb\",\"itemListElement\":[{\"@type\":\"ListItem\",\"position\":1,\"name\":\"Portada\",\"item\":\"https:\\\/\\\/www.laguiadepamplona.com\\\/actualidad\\\/\"},{\"@type\":\"ListItem\",\"position\":2,\"name\":\"Civivox Mendillorri ofrece ma\u00f1ana un repaso en euskera por los ejemplares de \u00e1rbol m\u00e1s antiguos de Pamplona con referencia a algunos ya desaparecidos\"}]},{\"@type\":\"WebSite\",\"@id\":\"https:\\\/\\\/www.laguiadepamplona.com\\\/actualidad\\\/#website\",\"url\":\"https:\\\/\\\/www.laguiadepamplona.com\\\/actualidad\\\/\",\"name\":\"La gu\u00eda de Pamplona\",\"description\":\"Noticias de Pamplona\",\"publisher\":{\"@id\":\"https:\\\/\\\/www.laguiadepamplona.com\\\/actualidad\\\/#organization\"},\"potentialAction\":[{\"@type\":\"SearchAction\",\"target\":{\"@type\":\"EntryPoint\",\"urlTemplate\":\"https:\\\/\\\/www.laguiadepamplona.com\\\/actualidad\\\/?s={search_term_string}\"},\"query-input\":{\"@type\":\"PropertyValueSpecification\",\"valueRequired\":true,\"valueName\":\"search_term_string\"}}],\"inLanguage\":\"es\"},{\"@type\":\"Organization\",\"@id\":\"https:\\\/\\\/www.laguiadepamplona.com\\\/actualidad\\\/#organization\",\"name\":\"La Gu\u00eda de Pamplona \\\/ Noticias\",\"url\":\"https:\\\/\\\/www.laguiadepamplona.com\\\/actualidad\\\/\",\"logo\":{\"@type\":\"ImageObject\",\"inLanguage\":\"es\",\"@id\":\"https:\\\/\\\/www.laguiadepamplona.com\\\/actualidad\\\/#\\\/schema\\\/logo\\\/image\\\/\",\"url\":\"https:\\\/\\\/www.laguiadepamplona.com\\\/actualidad\\\/wp-content\\\/uploads\\\/2018\\\/11\\\/logo-laguiadepamplona18-web1.png\",\"contentUrl\":\"https:\\\/\\\/www.laguiadepamplona.com\\\/actualidad\\\/wp-content\\\/uploads\\\/2018\\\/11\\\/logo-laguiadepamplona18-web1.png\",\"width\":600,\"height\":196,\"caption\":\"La Gu\u00eda de Pamplona \\\/ Noticias\"},\"image\":{\"@id\":\"https:\\\/\\\/www.laguiadepamplona.com\\\/actualidad\\\/#\\\/schema\\\/logo\\\/image\\\/\"},\"sameAs\":[\"https:\\\/\\\/www.facebook.com\\\/laguiadepamplonacom-133175176762273\\\/?ref=hl\",\"https:\\\/\\\/x.com\\\/LaGuiadPamplona\",\"https:\\\/\\\/www.instagram.com\\\/la_guia_de_pamplona\\\/\",\"https:\\\/\\\/www.youtube.com\\\/user\\\/laguiadepamplona\"]},{\"@type\":\"Person\",\"@id\":\"https:\\\/\\\/www.laguiadepamplona.com\\\/actualidad\\\/#\\\/schema\\\/person\\\/efe887376f0213d4657c93adc50b1fdb\",\"name\":\"La Gu\u00eda de Pamplona\",\"image\":{\"@type\":\"ImageObject\",\"inLanguage\":\"es\",\"@id\":\"https:\\\/\\\/secure.gravatar.com\\\/avatar\\\/b6992f131dc8d30ab0dff15446e9d346d9dbd95992de0fef795073f5ea83a81c?s=96&d=mm&r=g\",\"url\":\"https:\\\/\\\/secure.gravatar.com\\\/avatar\\\/b6992f131dc8d30ab0dff15446e9d346d9dbd95992de0fef795073f5ea83a81c?s=96&d=mm&r=g\",\"contentUrl\":\"https:\\\/\\\/secure.gravatar.com\\\/avatar\\\/b6992f131dc8d30ab0dff15446e9d346d9dbd95992de0fef795073f5ea83a81c?s=96&d=mm&r=g\",\"caption\":\"La Gu\u00eda de Pamplona\"}}]}<\/script>\n<!-- \/ Yoast SEO plugin. -->","yoast_head_json":{"title":"Civivox Mendillorri ofrece ma\u00f1ana un repaso en euskera por los ejemplares de \u00e1rbol m\u00e1s antiguos de Pamplona con referencia a algunos ya desaparecidos","robots":{"index":"index","follow":"follow","max-snippet":"max-snippet:-1","max-image-preview":"max-image-preview:large","max-video-preview":"max-video-preview:-1"},"canonical":"https:\/\/www.laguiadepamplona.com\/actualidad\/civivox-mendillorri-ofrece-manana-un-repaso-en-euskera-por-los-ejemplares-de-arbol-mas-antiguos-de-pamplona-con-referencia-a-algunos-ya-desaparecidos\/","og_locale":"es_ES","og_type":"article","og_title":"Civivox Mendillorri ofrece ma\u00f1ana un repaso en euskera por los ejemplares de \u00e1rbol m\u00e1s antiguos de Pamplona con referencia a algunos ya desaparecidos","og_description":"Termina este miniciclo sobre el patrimonio natural con una conferencia a cargo de Mikel Belasko de Asociaci\u00f3n Amigos de los \u00c1rboles Viejos","og_url":"https:\/\/www.laguiadepamplona.com\/actualidad\/civivox-mendillorri-ofrece-manana-un-repaso-en-euskera-por-los-ejemplares-de-arbol-mas-antiguos-de-pamplona-con-referencia-a-algunos-ya-desaparecidos\/","og_site_name":"La Gu\u00eda de Pamplona","article_publisher":"https:\/\/www.facebook.com\/laguiadepamplonacom-133175176762273\/?ref=hl","article_published_time":"2017-05-17T11:02:41+00:00","og_image":[{"width":1000,"height":1333,"url":"https:\/\/www.laguiadepamplona.com\/actualidad\/wp-content\/uploads\/2017\/05\/arbol_viejo-1.jpg","type":"image\/jpeg"}],"author":"La Gu\u00eda de Pamplona","twitter_card":"summary_large_image","twitter_creator":"@LaGuiadPamplona","twitter_site":"@LaGuiadPamplona","twitter_misc":{"Escrito por":"La Gu\u00eda de Pamplona","Tiempo de lectura":"2 minutos"},"schema":{"@context":"https:\/\/schema.org","@graph":[{"@type":"Article","@id":"https:\/\/www.laguiadepamplona.com\/actualidad\/civivox-mendillorri-ofrece-manana-un-repaso-en-euskera-por-los-ejemplares-de-arbol-mas-antiguos-de-pamplona-con-referencia-a-algunos-ya-desaparecidos\/#article","isPartOf":{"@id":"https:\/\/www.laguiadepamplona.com\/actualidad\/civivox-mendillorri-ofrece-manana-un-repaso-en-euskera-por-los-ejemplares-de-arbol-mas-antiguos-de-pamplona-con-referencia-a-algunos-ya-desaparecidos\/"},"author":{"name":"La Gu\u00eda de Pamplona","@id":"https:\/\/www.laguiadepamplona.com\/actualidad\/#\/schema\/person\/efe887376f0213d4657c93adc50b1fdb"},"headline":"Civivox Mendillorri ofrece ma\u00f1ana un repaso en euskera por los ejemplares de \u00e1rbol m\u00e1s antiguos de Pamplona con referencia a algunos ya desaparecidos","datePublished":"2017-05-17T11:02:41+00:00","mainEntityOfPage":{"@id":"https:\/\/www.laguiadepamplona.com\/actualidad\/civivox-mendillorri-ofrece-manana-un-repaso-en-euskera-por-los-ejemplares-de-arbol-mas-antiguos-de-pamplona-con-referencia-a-algunos-ya-desaparecidos\/"},"wordCount":456,"publisher":{"@id":"https:\/\/www.laguiadepamplona.com\/actualidad\/#organization"},"image":{"@id":"https:\/\/www.laguiadepamplona.com\/actualidad\/civivox-mendillorri-ofrece-manana-un-repaso-en-euskera-por-los-ejemplares-de-arbol-mas-antiguos-de-pamplona-con-referencia-a-algunos-ya-desaparecidos\/#primaryimage"},"thumbnailUrl":"https:\/\/www.laguiadepamplona.com\/actualidad\/wp-content\/uploads\/2017\/05\/arbol_viejo-1.jpg","articleSection":["Ayto Pamplona"],"inLanguage":"es"},{"@type":"WebPage","@id":"https:\/\/www.laguiadepamplona.com\/actualidad\/civivox-mendillorri-ofrece-manana-un-repaso-en-euskera-por-los-ejemplares-de-arbol-mas-antiguos-de-pamplona-con-referencia-a-algunos-ya-desaparecidos\/","url":"https:\/\/www.laguiadepamplona.com\/actualidad\/civivox-mendillorri-ofrece-manana-un-repaso-en-euskera-por-los-ejemplares-de-arbol-mas-antiguos-de-pamplona-con-referencia-a-algunos-ya-desaparecidos\/","name":"Civivox Mendillorri ofrece ma\u00f1ana un repaso en euskera por los ejemplares de \u00e1rbol m\u00e1s antiguos de Pamplona con referencia a algunos ya desaparecidos","isPartOf":{"@id":"https:\/\/www.laguiadepamplona.com\/actualidad\/#website"},"primaryImageOfPage":{"@id":"https:\/\/www.laguiadepamplona.com\/actualidad\/civivox-mendillorri-ofrece-manana-un-repaso-en-euskera-por-los-ejemplares-de-arbol-mas-antiguos-de-pamplona-con-referencia-a-algunos-ya-desaparecidos\/#primaryimage"},"image":{"@id":"https:\/\/www.laguiadepamplona.com\/actualidad\/civivox-mendillorri-ofrece-manana-un-repaso-en-euskera-por-los-ejemplares-de-arbol-mas-antiguos-de-pamplona-con-referencia-a-algunos-ya-desaparecidos\/#primaryimage"},"thumbnailUrl":"https:\/\/www.laguiadepamplona.com\/actualidad\/wp-content\/uploads\/2017\/05\/arbol_viejo-1.jpg","datePublished":"2017-05-17T11:02:41+00:00","breadcrumb":{"@id":"https:\/\/www.laguiadepamplona.com\/actualidad\/civivox-mendillorri-ofrece-manana-un-repaso-en-euskera-por-los-ejemplares-de-arbol-mas-antiguos-de-pamplona-con-referencia-a-algunos-ya-desaparecidos\/#breadcrumb"},"inLanguage":"es","potentialAction":[{"@type":"ReadAction","target":["https:\/\/www.laguiadepamplona.com\/actualidad\/civivox-mendillorri-ofrece-manana-un-repaso-en-euskera-por-los-ejemplares-de-arbol-mas-antiguos-de-pamplona-con-referencia-a-algunos-ya-desaparecidos\/"]}]},{"@type":"ImageObject","inLanguage":"es","@id":"https:\/\/www.laguiadepamplona.com\/actualidad\/civivox-mendillorri-ofrece-manana-un-repaso-en-euskera-por-los-ejemplares-de-arbol-mas-antiguos-de-pamplona-con-referencia-a-algunos-ya-desaparecidos\/#primaryimage","url":"https:\/\/www.laguiadepamplona.com\/actualidad\/wp-content\/uploads\/2017\/05\/arbol_viejo-1.jpg","contentUrl":"https:\/\/www.laguiadepamplona.com\/actualidad\/wp-content\/uploads\/2017\/05\/arbol_viejo-1.jpg","width":1000,"height":1333},{"@type":"BreadcrumbList","@id":"https:\/\/www.laguiadepamplona.com\/actualidad\/civivox-mendillorri-ofrece-manana-un-repaso-en-euskera-por-los-ejemplares-de-arbol-mas-antiguos-de-pamplona-con-referencia-a-algunos-ya-desaparecidos\/#breadcrumb","itemListElement":[{"@type":"ListItem","position":1,"name":"Portada","item":"https:\/\/www.laguiadepamplona.com\/actualidad\/"},{"@type":"ListItem","position":2,"name":"Civivox Mendillorri ofrece ma\u00f1ana un repaso en euskera por los ejemplares de \u00e1rbol m\u00e1s antiguos de Pamplona con referencia a algunos ya desaparecidos"}]},{"@type":"WebSite","@id":"https:\/\/www.laguiadepamplona.com\/actualidad\/#website","url":"https:\/\/www.laguiadepamplona.com\/actualidad\/","name":"La gu\u00eda de Pamplona","description":"Noticias de Pamplona","publisher":{"@id":"https:\/\/www.laguiadepamplona.com\/actualidad\/#organization"},"potentialAction":[{"@type":"SearchAction","target":{"@type":"EntryPoint","urlTemplate":"https:\/\/www.laguiadepamplona.com\/actualidad\/?s={search_term_string}"},"query-input":{"@type":"PropertyValueSpecification","valueRequired":true,"valueName":"search_term_string"}}],"inLanguage":"es"},{"@type":"Organization","@id":"https:\/\/www.laguiadepamplona.com\/actualidad\/#organization","name":"La Gu\u00eda de Pamplona \/ Noticias","url":"https:\/\/www.laguiadepamplona.com\/actualidad\/","logo":{"@type":"ImageObject","inLanguage":"es","@id":"https:\/\/www.laguiadepamplona.com\/actualidad\/#\/schema\/logo\/image\/","url":"https:\/\/www.laguiadepamplona.com\/actualidad\/wp-content\/uploads\/2018\/11\/logo-laguiadepamplona18-web1.png","contentUrl":"https:\/\/www.laguiadepamplona.com\/actualidad\/wp-content\/uploads\/2018\/11\/logo-laguiadepamplona18-web1.png","width":600,"height":196,"caption":"La Gu\u00eda de Pamplona \/ Noticias"},"image":{"@id":"https:\/\/www.laguiadepamplona.com\/actualidad\/#\/schema\/logo\/image\/"},"sameAs":["https:\/\/www.facebook.com\/laguiadepamplonacom-133175176762273\/?ref=hl","https:\/\/x.com\/LaGuiadPamplona","https:\/\/www.instagram.com\/la_guia_de_pamplona\/","https:\/\/www.youtube.com\/user\/laguiadepamplona"]},{"@type":"Person","@id":"https:\/\/www.laguiadepamplona.com\/actualidad\/#\/schema\/person\/efe887376f0213d4657c93adc50b1fdb","name":"La Gu\u00eda de Pamplona","image":{"@type":"ImageObject","inLanguage":"es","@id":"https:\/\/secure.gravatar.com\/avatar\/b6992f131dc8d30ab0dff15446e9d346d9dbd95992de0fef795073f5ea83a81c?s=96&d=mm&r=g","url":"https:\/\/secure.gravatar.com\/avatar\/b6992f131dc8d30ab0dff15446e9d346d9dbd95992de0fef795073f5ea83a81c?s=96&d=mm&r=g","contentUrl":"https:\/\/secure.gravatar.com\/avatar\/b6992f131dc8d30ab0dff15446e9d346d9dbd95992de0fef795073f5ea83a81c?s=96&d=mm&r=g","caption":"La Gu\u00eda de Pamplona"}}]}},"post_mailing_queue_ids":[],"_links":{"self":[{"href":"https:\/\/www.laguiadepamplona.com\/actualidad\/wp-json\/wp\/v2\/posts\/13062","targetHints":{"allow":["GET"]}}],"collection":[{"href":"https:\/\/www.laguiadepamplona.com\/actualidad\/wp-json\/wp\/v2\/posts"}],"about":[{"href":"https:\/\/www.laguiadepamplona.com\/actualidad\/wp-json\/wp\/v2\/types\/post"}],"author":[{"embeddable":true,"href":"https:\/\/www.laguiadepamplona.com\/actualidad\/wp-json\/wp\/v2\/users\/1"}],"replies":[{"embeddable":true,"href":"https:\/\/www.laguiadepamplona.com\/actualidad\/wp-json\/wp\/v2\/comments?post=13062"}],"version-history":[{"count":0,"href":"https:\/\/www.laguiadepamplona.com\/actualidad\/wp-json\/wp\/v2\/posts\/13062\/revisions"}],"wp:featuredmedia":[{"embeddable":true,"href":"https:\/\/www.laguiadepamplona.com\/actualidad\/wp-json\/wp\/v2\/media\/13063"}],"wp:attachment":[{"href":"https:\/\/www.laguiadepamplona.com\/actualidad\/wp-json\/wp\/v2\/media?parent=13062"}],"wp:term":[{"taxonomy":"category","embeddable":true,"href":"https:\/\/www.laguiadepamplona.com\/actualidad\/wp-json\/wp\/v2\/categories?post=13062"},{"taxonomy":"post_tag","embeddable":true,"href":"https:\/\/www.laguiadepamplona.com\/actualidad\/wp-json\/wp\/v2\/tags?post=13062"}],"curies":[{"name":"wp","href":"https:\/\/api.w.org\/{rel}","templated":true}]}}