{"id":13059,"date":"2017-05-17T11:58:21","date_gmt":"2017-05-17T10:58:21","guid":{"rendered":"http:\/\/laguiadepamplona.es\/actualidad\/?p=13059"},"modified":"2017-05-17T11:58:21","modified_gmt":"2017-05-17T10:58:21","slug":"el-ayuntamiento-subvencionara-a-jovenes-de-pamplona-que-participen-en-la-travesia-del-pirineo-del-anaitasuna","status":"publish","type":"post","link":"https:\/\/www.laguiadepamplona.com\/actualidad\/el-ayuntamiento-subvencionara-a-jovenes-de-pamplona-que-participen-en-la-travesia-del-pirineo-del-anaitasuna\/","title":{"rendered":"El Ayuntamiento subvencionar\u00e1 a j\u00f3venes de Pamplona que participen en la traves\u00eda del Pirineo del Anaitasuna"},"content":{"rendered":"<h3>La presentaci\u00f3n de esta marcha por semanas ser\u00e1 ma\u00f1ana jueves en la Casa de la Juventud a las 20 horas<\/h3>\n<p><!--more--><\/p>\n<p><a href=\"http:\/\/laguiadepamplona.es\/actualidad\/wp-content\/uploads\/2017\/05\/travesia_presentacion_anaitasuna.jpg\"><img loading=\"lazy\" decoding=\"async\" class=\"alignleft size-medium wp-image-13060\" src=\"http:\/\/laguiadepamplona.es\/actualidad\/wp-content\/uploads\/2017\/05\/travesia_presentacion_anaitasuna-212x300.jpg\" alt=\"\" width=\"212\" height=\"300\" srcset=\"https:\/\/www.laguiadepamplona.com\/actualidad\/wp-content\/uploads\/2017\/05\/travesia_presentacion_anaitasuna-212x300.jpg 212w, https:\/\/www.laguiadepamplona.com\/actualidad\/wp-content\/uploads\/2017\/05\/travesia_presentacion_anaitasuna-768x1086.jpg 768w, https:\/\/www.laguiadepamplona.com\/actualidad\/wp-content\/uploads\/2017\/05\/travesia_presentacion_anaitasuna-724x1024.jpg 724w, https:\/\/www.laguiadepamplona.com\/actualidad\/wp-content\/uploads\/2017\/05\/travesia_presentacion_anaitasuna-300x424.jpg 300w, https:\/\/www.laguiadepamplona.com\/actualidad\/wp-content\/uploads\/2017\/05\/travesia_presentacion_anaitasuna.jpg 1000w\" sizes=\"auto, (max-width: 212px) 100vw, 212px\" \/><\/a>El Ayuntamiento de Pamplona va a subvencionar a j\u00f3venes de Pamplona que participen en la traves\u00eda del Pirineo que organiza la SDCR Anaitasuna. La traves\u00eda, que ser\u00e1 presentada ma\u00f1ana jueves 18 de mayo a las 20 horas en la Casa de la Juventud, est\u00e1 estructurada en siete semanas. Ser\u00e1 la XXX edici\u00f3n de una iniciativa que desde 1987 recorre a pie la distancia que separa el mar Mediterr\u00e1neo del Cant\u00e1brico. Este a\u00f1o comenzar\u00e1 la andadura en Hondarribia el d\u00eda 3 de julio y acabar\u00e1 en el cabo de Banyulls el 19 de Agosto.<\/p>\n<p>Del 3 al 8 de julio, en \u2018Euskal Pirinioa\u2019 se partir\u00e1 de Hondarribia para llegar a Azpegi, punto de inicio de la segunda semana, del 10 al 15 de julio, que finalizar\u00e1 en Candanch\u00fa. El 17 de julio se saldr\u00e1 de Candanch\u00fa para estar en el Hospital de Parz\u00e1n el 22 de julio. De ese punto se saldr\u00e1 el 24 de julio, y en la semana llamada \u2018La ruta de los 3.000\u2019, se llegar\u00e1 a Arties el 29 de julio. La quinta semana, \u2018Pirineo Salvaje\u2019 del 31 de julio al 5 de agosto se andar\u00e1 de Arties a Pl\u00e1 de Rat y en la siguiente, del 7 al 12 de agosto, de Pla de Rat a Ull de Ter. Para finalizar se ir\u00e1 de Ull de Ter a Banyulls del 14 al 19 de agosto.<\/p>\n<p><strong>Tres plazas subvencionadas<\/strong><\/p>\n<p>El precio por semana es de 580 euros. El Ayuntamiento de Pamplona subvencionar\u00e1 tres plazas con un coste de inscripci\u00f3n de 348 euros, lo que supone una ayuda del 40%. Si hubiera m\u00e1s solicitudes, se proceder\u00eda a realizar un sorteo. Los j\u00f3venes con edades entre 16 y 30 a\u00f1os y empadronados en Pamplona tienen hasta el 9 de junio para presentar la solicitud. Puedes ampliarse la informaci\u00f3n en la Casa de la Juventud o en el tel\u00e9fono 948233512.<\/p>\n<p>La novedad de este a\u00f1o, como la del pasado, es que las semanas de los extremos de la traves\u00eda se realizar\u00e1n cada dos a\u00f1os para dar cabida a nuevas actividades. En esta edici\u00f3n son en primer lugar \u2018Sobrare: Ball de Chistau\u2019, \u2018Los ca\u00f1ones de Ordesa\u2019 y \u2018Los miradores del Mid\u2019, tres rutas circulares que se realizar\u00e1n del 1 al 4 de julio. La segunda tanda ser\u00e1 del 24 al 27 de agosto y presenta \u2018Mundos subterr\u00e1neos\u2019, \u2018Neouville, el tour de los mil lagos\u2019 y \u2018Los 3.000 del pirineo central\u2019. Cada ruta tiene una cuota de inscripci\u00f3n de 320 euros excepto la \u00faltima que es de 450 euros.<\/p>\n<p>Las personas interesadas en participar pueden contactar con <a href=\"mailto:anaitasuna@anaitasuna.com\">anaitasuna@anaitasuna.com<\/a> o en el tel\u00e9fono 948254900. El precio incluye el transporte en autob\u00fas desde Pamplona hasta el punto de inicio y el regreso, tiendas de campa\u00f1a y las comidas. El horario de la marcha supera habitualmente las 7 horas sin contar las paradas por lo que la excursi\u00f3n ocupa la mayor parte del d\u00eda. Es imprescindible acudir en buena forma f\u00edsica. Las semanas centrales, \u2018Pirineo Salvaje\u2019, \u2018Desiertos Calc\u00e1reos\u2019 y especialmente \u2018La Ruta de los 3.000\u2019, son las m\u00e1s duras no s\u00f3lo por los desniveles si no sobre todo por el tipo de terreno en el que se anda.<\/p>\n<p>&nbsp;<\/p>\n<p><strong>La traves\u00eda del Pirineo 2017<\/strong><\/p>\n<ul>\n<li>1\u00aa Semana. Euskal Pirinioa. Del 3 al 8 de julio. Hondarribia-Azpegi<\/li>\n<li>2\u00aa Semana. Desiertos Calc\u00e1reos. Del 10 al 15 de julio. Azpegi-Candanch\u00fa<\/li>\n<li>3\u00aa Semana. Senderos del Agu. Del 17 al 22 de julio. De Candanch\u00fa-Hospital de Parz\u00e1n<\/li>\n<li>4\u00aa Semana. La Ruta de los 3.000. Del 24 al 29 de julio. Hospital de Parz\u00e1n-Arties<\/li>\n<li>5\u00aa Semana. Pirineo Salvaje. Del 31 de julio al 5 de agosto. Arties-Pl\u00e1 de Rat<\/li>\n<li>6\u00aa Semana. La ruta Bella. Del 7 al 12 de agosto. Pla de Rat-Ull de Ter<\/li>\n<li>7\u00aa Semana. Senderos Mediterr\u00e1neos. Del 14 al 19 de agosto. Ull de Ter-Banyulls<\/li>\n<\/ul>\n<p>&nbsp;<\/p>\n","protected":false},"excerpt":{"rendered":"<p>La presentaci\u00f3n de esta marcha por semanas ser\u00e1 ma\u00f1ana jueves en la Casa de la Juventud a las 20 horas<\/p>\n","protected":false},"author":1,"featured_media":13060,"comment_status":"closed","ping_status":"closed","sticky":false,"template":"","format":"standard","meta":{"footnotes":""},"categories":[2],"tags":[],"class_list":["post-13059","post","type-post","status-publish","format-standard","has-post-thumbnail","hentry","category-ayuntamiento-pamplona"],"yoast_head":"<!-- This site is optimized with the Yoast SEO plugin v27.3 - https:\/\/yoast.com\/product\/yoast-seo-wordpress\/ -->\n<title>El Ayuntamiento subvencionar\u00e1 a j\u00f3venes de Pamplona que participen en la traves\u00eda del Pirineo del Anaitasuna<\/title>\n<meta name=\"robots\" content=\"index, follow, max-snippet:-1, max-image-preview:large, max-video-preview:-1\" \/>\n<link rel=\"canonical\" href=\"https:\/\/www.laguiadepamplona.com\/actualidad\/el-ayuntamiento-subvencionara-a-jovenes-de-pamplona-que-participen-en-la-travesia-del-pirineo-del-anaitasuna\/\" \/>\n<meta property=\"og:locale\" content=\"es_ES\" \/>\n<meta property=\"og:type\" content=\"article\" \/>\n<meta property=\"og:title\" content=\"El Ayuntamiento subvencionar\u00e1 a j\u00f3venes de Pamplona que participen en la traves\u00eda del Pirineo del Anaitasuna\" \/>\n<meta property=\"og:description\" content=\"La presentaci\u00f3n de esta marcha por semanas ser\u00e1 ma\u00f1ana jueves en la Casa de la Juventud a las 20 horas\" \/>\n<meta property=\"og:url\" content=\"https:\/\/www.laguiadepamplona.com\/actualidad\/el-ayuntamiento-subvencionara-a-jovenes-de-pamplona-que-participen-en-la-travesia-del-pirineo-del-anaitasuna\/\" \/>\n<meta property=\"og:site_name\" content=\"La Gu\u00eda de Pamplona\" \/>\n<meta property=\"article:publisher\" content=\"https:\/\/www.facebook.com\/laguiadepamplonacom-133175176762273\/?ref=hl\" \/>\n<meta property=\"article:published_time\" content=\"2017-05-17T10:58:21+00:00\" \/>\n<meta property=\"og:image\" content=\"https:\/\/www.laguiadepamplona.com\/actualidad\/wp-content\/uploads\/2017\/05\/travesia_presentacion_anaitasuna.jpg\" \/>\n\t<meta property=\"og:image:width\" content=\"1000\" \/>\n\t<meta property=\"og:image:height\" content=\"1414\" \/>\n\t<meta property=\"og:image:type\" content=\"image\/jpeg\" \/>\n<meta name=\"author\" content=\"La Gu\u00eda de Pamplona\" \/>\n<meta name=\"twitter:card\" content=\"summary_large_image\" \/>\n<meta name=\"twitter:creator\" content=\"@LaGuiadPamplona\" \/>\n<meta name=\"twitter:site\" content=\"@LaGuiadPamplona\" \/>\n<meta name=\"twitter:label1\" content=\"Escrito por\" \/>\n\t<meta name=\"twitter:data1\" content=\"La Gu\u00eda de Pamplona\" \/>\n\t<meta name=\"twitter:label2\" content=\"Tiempo de lectura\" \/>\n\t<meta name=\"twitter:data2\" content=\"3 minutos\" \/>\n<script type=\"application\/ld+json\" class=\"yoast-schema-graph\">{\"@context\":\"https:\\\/\\\/schema.org\",\"@graph\":[{\"@type\":\"Article\",\"@id\":\"https:\\\/\\\/www.laguiadepamplona.com\\\/actualidad\\\/el-ayuntamiento-subvencionara-a-jovenes-de-pamplona-que-participen-en-la-travesia-del-pirineo-del-anaitasuna\\\/#article\",\"isPartOf\":{\"@id\":\"https:\\\/\\\/www.laguiadepamplona.com\\\/actualidad\\\/el-ayuntamiento-subvencionara-a-jovenes-de-pamplona-que-participen-en-la-travesia-del-pirineo-del-anaitasuna\\\/\"},\"author\":{\"name\":\"La Gu\u00eda de Pamplona\",\"@id\":\"https:\\\/\\\/www.laguiadepamplona.com\\\/actualidad\\\/#\\\/schema\\\/person\\\/efe887376f0213d4657c93adc50b1fdb\"},\"headline\":\"El Ayuntamiento subvencionar\u00e1 a j\u00f3venes de Pamplona que participen en la traves\u00eda del Pirineo del Anaitasuna\",\"datePublished\":\"2017-05-17T10:58:21+00:00\",\"mainEntityOfPage\":{\"@id\":\"https:\\\/\\\/www.laguiadepamplona.com\\\/actualidad\\\/el-ayuntamiento-subvencionara-a-jovenes-de-pamplona-que-participen-en-la-travesia-del-pirineo-del-anaitasuna\\\/\"},\"wordCount\":648,\"publisher\":{\"@id\":\"https:\\\/\\\/www.laguiadepamplona.com\\\/actualidad\\\/#organization\"},\"image\":{\"@id\":\"https:\\\/\\\/www.laguiadepamplona.com\\\/actualidad\\\/el-ayuntamiento-subvencionara-a-jovenes-de-pamplona-que-participen-en-la-travesia-del-pirineo-del-anaitasuna\\\/#primaryimage\"},\"thumbnailUrl\":\"https:\\\/\\\/www.laguiadepamplona.com\\\/actualidad\\\/wp-content\\\/uploads\\\/2017\\\/05\\\/travesia_presentacion_anaitasuna.jpg\",\"articleSection\":[\"Ayto Pamplona\"],\"inLanguage\":\"es\"},{\"@type\":\"WebPage\",\"@id\":\"https:\\\/\\\/www.laguiadepamplona.com\\\/actualidad\\\/el-ayuntamiento-subvencionara-a-jovenes-de-pamplona-que-participen-en-la-travesia-del-pirineo-del-anaitasuna\\\/\",\"url\":\"https:\\\/\\\/www.laguiadepamplona.com\\\/actualidad\\\/el-ayuntamiento-subvencionara-a-jovenes-de-pamplona-que-participen-en-la-travesia-del-pirineo-del-anaitasuna\\\/\",\"name\":\"El Ayuntamiento subvencionar\u00e1 a j\u00f3venes de Pamplona que participen en la traves\u00eda del Pirineo del Anaitasuna\",\"isPartOf\":{\"@id\":\"https:\\\/\\\/www.laguiadepamplona.com\\\/actualidad\\\/#website\"},\"primaryImageOfPage\":{\"@id\":\"https:\\\/\\\/www.laguiadepamplona.com\\\/actualidad\\\/el-ayuntamiento-subvencionara-a-jovenes-de-pamplona-que-participen-en-la-travesia-del-pirineo-del-anaitasuna\\\/#primaryimage\"},\"image\":{\"@id\":\"https:\\\/\\\/www.laguiadepamplona.com\\\/actualidad\\\/el-ayuntamiento-subvencionara-a-jovenes-de-pamplona-que-participen-en-la-travesia-del-pirineo-del-anaitasuna\\\/#primaryimage\"},\"thumbnailUrl\":\"https:\\\/\\\/www.laguiadepamplona.com\\\/actualidad\\\/wp-content\\\/uploads\\\/2017\\\/05\\\/travesia_presentacion_anaitasuna.jpg\",\"datePublished\":\"2017-05-17T10:58:21+00:00\",\"breadcrumb\":{\"@id\":\"https:\\\/\\\/www.laguiadepamplona.com\\\/actualidad\\\/el-ayuntamiento-subvencionara-a-jovenes-de-pamplona-que-participen-en-la-travesia-del-pirineo-del-anaitasuna\\\/#breadcrumb\"},\"inLanguage\":\"es\",\"potentialAction\":[{\"@type\":\"ReadAction\",\"target\":[\"https:\\\/\\\/www.laguiadepamplona.com\\\/actualidad\\\/el-ayuntamiento-subvencionara-a-jovenes-de-pamplona-que-participen-en-la-travesia-del-pirineo-del-anaitasuna\\\/\"]}]},{\"@type\":\"ImageObject\",\"inLanguage\":\"es\",\"@id\":\"https:\\\/\\\/www.laguiadepamplona.com\\\/actualidad\\\/el-ayuntamiento-subvencionara-a-jovenes-de-pamplona-que-participen-en-la-travesia-del-pirineo-del-anaitasuna\\\/#primaryimage\",\"url\":\"https:\\\/\\\/www.laguiadepamplona.com\\\/actualidad\\\/wp-content\\\/uploads\\\/2017\\\/05\\\/travesia_presentacion_anaitasuna.jpg\",\"contentUrl\":\"https:\\\/\\\/www.laguiadepamplona.com\\\/actualidad\\\/wp-content\\\/uploads\\\/2017\\\/05\\\/travesia_presentacion_anaitasuna.jpg\",\"width\":1000,\"height\":1414},{\"@type\":\"BreadcrumbList\",\"@id\":\"https:\\\/\\\/www.laguiadepamplona.com\\\/actualidad\\\/el-ayuntamiento-subvencionara-a-jovenes-de-pamplona-que-participen-en-la-travesia-del-pirineo-del-anaitasuna\\\/#breadcrumb\",\"itemListElement\":[{\"@type\":\"ListItem\",\"position\":1,\"name\":\"Portada\",\"item\":\"https:\\\/\\\/www.laguiadepamplona.com\\\/actualidad\\\/\"},{\"@type\":\"ListItem\",\"position\":2,\"name\":\"El Ayuntamiento subvencionar\u00e1 a j\u00f3venes de Pamplona que participen en la traves\u00eda del Pirineo del Anaitasuna\"}]},{\"@type\":\"WebSite\",\"@id\":\"https:\\\/\\\/www.laguiadepamplona.com\\\/actualidad\\\/#website\",\"url\":\"https:\\\/\\\/www.laguiadepamplona.com\\\/actualidad\\\/\",\"name\":\"La gu\u00eda de Pamplona\",\"description\":\"Noticias de Pamplona\",\"publisher\":{\"@id\":\"https:\\\/\\\/www.laguiadepamplona.com\\\/actualidad\\\/#organization\"},\"potentialAction\":[{\"@type\":\"SearchAction\",\"target\":{\"@type\":\"EntryPoint\",\"urlTemplate\":\"https:\\\/\\\/www.laguiadepamplona.com\\\/actualidad\\\/?s={search_term_string}\"},\"query-input\":{\"@type\":\"PropertyValueSpecification\",\"valueRequired\":true,\"valueName\":\"search_term_string\"}}],\"inLanguage\":\"es\"},{\"@type\":\"Organization\",\"@id\":\"https:\\\/\\\/www.laguiadepamplona.com\\\/actualidad\\\/#organization\",\"name\":\"La Gu\u00eda de Pamplona \\\/ Noticias\",\"url\":\"https:\\\/\\\/www.laguiadepamplona.com\\\/actualidad\\\/\",\"logo\":{\"@type\":\"ImageObject\",\"inLanguage\":\"es\",\"@id\":\"https:\\\/\\\/www.laguiadepamplona.com\\\/actualidad\\\/#\\\/schema\\\/logo\\\/image\\\/\",\"url\":\"https:\\\/\\\/www.laguiadepamplona.com\\\/actualidad\\\/wp-content\\\/uploads\\\/2018\\\/11\\\/logo-laguiadepamplona18-web1.png\",\"contentUrl\":\"https:\\\/\\\/www.laguiadepamplona.com\\\/actualidad\\\/wp-content\\\/uploads\\\/2018\\\/11\\\/logo-laguiadepamplona18-web1.png\",\"width\":600,\"height\":196,\"caption\":\"La Gu\u00eda de Pamplona \\\/ Noticias\"},\"image\":{\"@id\":\"https:\\\/\\\/www.laguiadepamplona.com\\\/actualidad\\\/#\\\/schema\\\/logo\\\/image\\\/\"},\"sameAs\":[\"https:\\\/\\\/www.facebook.com\\\/laguiadepamplonacom-133175176762273\\\/?ref=hl\",\"https:\\\/\\\/x.com\\\/LaGuiadPamplona\",\"https:\\\/\\\/www.instagram.com\\\/la_guia_de_pamplona\\\/\",\"https:\\\/\\\/www.youtube.com\\\/user\\\/laguiadepamplona\"]},{\"@type\":\"Person\",\"@id\":\"https:\\\/\\\/www.laguiadepamplona.com\\\/actualidad\\\/#\\\/schema\\\/person\\\/efe887376f0213d4657c93adc50b1fdb\",\"name\":\"La Gu\u00eda de Pamplona\",\"image\":{\"@type\":\"ImageObject\",\"inLanguage\":\"es\",\"@id\":\"https:\\\/\\\/secure.gravatar.com\\\/avatar\\\/b6992f131dc8d30ab0dff15446e9d346d9dbd95992de0fef795073f5ea83a81c?s=96&d=mm&r=g\",\"url\":\"https:\\\/\\\/secure.gravatar.com\\\/avatar\\\/b6992f131dc8d30ab0dff15446e9d346d9dbd95992de0fef795073f5ea83a81c?s=96&d=mm&r=g\",\"contentUrl\":\"https:\\\/\\\/secure.gravatar.com\\\/avatar\\\/b6992f131dc8d30ab0dff15446e9d346d9dbd95992de0fef795073f5ea83a81c?s=96&d=mm&r=g\",\"caption\":\"La Gu\u00eda de Pamplona\"}}]}<\/script>\n<!-- \/ Yoast SEO plugin. -->","yoast_head_json":{"title":"El Ayuntamiento subvencionar\u00e1 a j\u00f3venes de Pamplona que participen en la traves\u00eda del Pirineo del Anaitasuna","robots":{"index":"index","follow":"follow","max-snippet":"max-snippet:-1","max-image-preview":"max-image-preview:large","max-video-preview":"max-video-preview:-1"},"canonical":"https:\/\/www.laguiadepamplona.com\/actualidad\/el-ayuntamiento-subvencionara-a-jovenes-de-pamplona-que-participen-en-la-travesia-del-pirineo-del-anaitasuna\/","og_locale":"es_ES","og_type":"article","og_title":"El Ayuntamiento subvencionar\u00e1 a j\u00f3venes de Pamplona que participen en la traves\u00eda del Pirineo del Anaitasuna","og_description":"La presentaci\u00f3n de esta marcha por semanas ser\u00e1 ma\u00f1ana jueves en la Casa de la Juventud a las 20 horas","og_url":"https:\/\/www.laguiadepamplona.com\/actualidad\/el-ayuntamiento-subvencionara-a-jovenes-de-pamplona-que-participen-en-la-travesia-del-pirineo-del-anaitasuna\/","og_site_name":"La Gu\u00eda de Pamplona","article_publisher":"https:\/\/www.facebook.com\/laguiadepamplonacom-133175176762273\/?ref=hl","article_published_time":"2017-05-17T10:58:21+00:00","og_image":[{"width":1000,"height":1414,"url":"https:\/\/www.laguiadepamplona.com\/actualidad\/wp-content\/uploads\/2017\/05\/travesia_presentacion_anaitasuna.jpg","type":"image\/jpeg"}],"author":"La Gu\u00eda de Pamplona","twitter_card":"summary_large_image","twitter_creator":"@LaGuiadPamplona","twitter_site":"@LaGuiadPamplona","twitter_misc":{"Escrito por":"La Gu\u00eda de Pamplona","Tiempo de lectura":"3 minutos"},"schema":{"@context":"https:\/\/schema.org","@graph":[{"@type":"Article","@id":"https:\/\/www.laguiadepamplona.com\/actualidad\/el-ayuntamiento-subvencionara-a-jovenes-de-pamplona-que-participen-en-la-travesia-del-pirineo-del-anaitasuna\/#article","isPartOf":{"@id":"https:\/\/www.laguiadepamplona.com\/actualidad\/el-ayuntamiento-subvencionara-a-jovenes-de-pamplona-que-participen-en-la-travesia-del-pirineo-del-anaitasuna\/"},"author":{"name":"La Gu\u00eda de Pamplona","@id":"https:\/\/www.laguiadepamplona.com\/actualidad\/#\/schema\/person\/efe887376f0213d4657c93adc50b1fdb"},"headline":"El Ayuntamiento subvencionar\u00e1 a j\u00f3venes de Pamplona que participen en la traves\u00eda del Pirineo del Anaitasuna","datePublished":"2017-05-17T10:58:21+00:00","mainEntityOfPage":{"@id":"https:\/\/www.laguiadepamplona.com\/actualidad\/el-ayuntamiento-subvencionara-a-jovenes-de-pamplona-que-participen-en-la-travesia-del-pirineo-del-anaitasuna\/"},"wordCount":648,"publisher":{"@id":"https:\/\/www.laguiadepamplona.com\/actualidad\/#organization"},"image":{"@id":"https:\/\/www.laguiadepamplona.com\/actualidad\/el-ayuntamiento-subvencionara-a-jovenes-de-pamplona-que-participen-en-la-travesia-del-pirineo-del-anaitasuna\/#primaryimage"},"thumbnailUrl":"https:\/\/www.laguiadepamplona.com\/actualidad\/wp-content\/uploads\/2017\/05\/travesia_presentacion_anaitasuna.jpg","articleSection":["Ayto Pamplona"],"inLanguage":"es"},{"@type":"WebPage","@id":"https:\/\/www.laguiadepamplona.com\/actualidad\/el-ayuntamiento-subvencionara-a-jovenes-de-pamplona-que-participen-en-la-travesia-del-pirineo-del-anaitasuna\/","url":"https:\/\/www.laguiadepamplona.com\/actualidad\/el-ayuntamiento-subvencionara-a-jovenes-de-pamplona-que-participen-en-la-travesia-del-pirineo-del-anaitasuna\/","name":"El Ayuntamiento subvencionar\u00e1 a j\u00f3venes de Pamplona que participen en la traves\u00eda del Pirineo del Anaitasuna","isPartOf":{"@id":"https:\/\/www.laguiadepamplona.com\/actualidad\/#website"},"primaryImageOfPage":{"@id":"https:\/\/www.laguiadepamplona.com\/actualidad\/el-ayuntamiento-subvencionara-a-jovenes-de-pamplona-que-participen-en-la-travesia-del-pirineo-del-anaitasuna\/#primaryimage"},"image":{"@id":"https:\/\/www.laguiadepamplona.com\/actualidad\/el-ayuntamiento-subvencionara-a-jovenes-de-pamplona-que-participen-en-la-travesia-del-pirineo-del-anaitasuna\/#primaryimage"},"thumbnailUrl":"https:\/\/www.laguiadepamplona.com\/actualidad\/wp-content\/uploads\/2017\/05\/travesia_presentacion_anaitasuna.jpg","datePublished":"2017-05-17T10:58:21+00:00","breadcrumb":{"@id":"https:\/\/www.laguiadepamplona.com\/actualidad\/el-ayuntamiento-subvencionara-a-jovenes-de-pamplona-que-participen-en-la-travesia-del-pirineo-del-anaitasuna\/#breadcrumb"},"inLanguage":"es","potentialAction":[{"@type":"ReadAction","target":["https:\/\/www.laguiadepamplona.com\/actualidad\/el-ayuntamiento-subvencionara-a-jovenes-de-pamplona-que-participen-en-la-travesia-del-pirineo-del-anaitasuna\/"]}]},{"@type":"ImageObject","inLanguage":"es","@id":"https:\/\/www.laguiadepamplona.com\/actualidad\/el-ayuntamiento-subvencionara-a-jovenes-de-pamplona-que-participen-en-la-travesia-del-pirineo-del-anaitasuna\/#primaryimage","url":"https:\/\/www.laguiadepamplona.com\/actualidad\/wp-content\/uploads\/2017\/05\/travesia_presentacion_anaitasuna.jpg","contentUrl":"https:\/\/www.laguiadepamplona.com\/actualidad\/wp-content\/uploads\/2017\/05\/travesia_presentacion_anaitasuna.jpg","width":1000,"height":1414},{"@type":"BreadcrumbList","@id":"https:\/\/www.laguiadepamplona.com\/actualidad\/el-ayuntamiento-subvencionara-a-jovenes-de-pamplona-que-participen-en-la-travesia-del-pirineo-del-anaitasuna\/#breadcrumb","itemListElement":[{"@type":"ListItem","position":1,"name":"Portada","item":"https:\/\/www.laguiadepamplona.com\/actualidad\/"},{"@type":"ListItem","position":2,"name":"El Ayuntamiento subvencionar\u00e1 a j\u00f3venes de Pamplona que participen en la traves\u00eda del Pirineo del Anaitasuna"}]},{"@type":"WebSite","@id":"https:\/\/www.laguiadepamplona.com\/actualidad\/#website","url":"https:\/\/www.laguiadepamplona.com\/actualidad\/","name":"La gu\u00eda de Pamplona","description":"Noticias de Pamplona","publisher":{"@id":"https:\/\/www.laguiadepamplona.com\/actualidad\/#organization"},"potentialAction":[{"@type":"SearchAction","target":{"@type":"EntryPoint","urlTemplate":"https:\/\/www.laguiadepamplona.com\/actualidad\/?s={search_term_string}"},"query-input":{"@type":"PropertyValueSpecification","valueRequired":true,"valueName":"search_term_string"}}],"inLanguage":"es"},{"@type":"Organization","@id":"https:\/\/www.laguiadepamplona.com\/actualidad\/#organization","name":"La Gu\u00eda de Pamplona \/ Noticias","url":"https:\/\/www.laguiadepamplona.com\/actualidad\/","logo":{"@type":"ImageObject","inLanguage":"es","@id":"https:\/\/www.laguiadepamplona.com\/actualidad\/#\/schema\/logo\/image\/","url":"https:\/\/www.laguiadepamplona.com\/actualidad\/wp-content\/uploads\/2018\/11\/logo-laguiadepamplona18-web1.png","contentUrl":"https:\/\/www.laguiadepamplona.com\/actualidad\/wp-content\/uploads\/2018\/11\/logo-laguiadepamplona18-web1.png","width":600,"height":196,"caption":"La Gu\u00eda de Pamplona \/ Noticias"},"image":{"@id":"https:\/\/www.laguiadepamplona.com\/actualidad\/#\/schema\/logo\/image\/"},"sameAs":["https:\/\/www.facebook.com\/laguiadepamplonacom-133175176762273\/?ref=hl","https:\/\/x.com\/LaGuiadPamplona","https:\/\/www.instagram.com\/la_guia_de_pamplona\/","https:\/\/www.youtube.com\/user\/laguiadepamplona"]},{"@type":"Person","@id":"https:\/\/www.laguiadepamplona.com\/actualidad\/#\/schema\/person\/efe887376f0213d4657c93adc50b1fdb","name":"La Gu\u00eda de Pamplona","image":{"@type":"ImageObject","inLanguage":"es","@id":"https:\/\/secure.gravatar.com\/avatar\/b6992f131dc8d30ab0dff15446e9d346d9dbd95992de0fef795073f5ea83a81c?s=96&d=mm&r=g","url":"https:\/\/secure.gravatar.com\/avatar\/b6992f131dc8d30ab0dff15446e9d346d9dbd95992de0fef795073f5ea83a81c?s=96&d=mm&r=g","contentUrl":"https:\/\/secure.gravatar.com\/avatar\/b6992f131dc8d30ab0dff15446e9d346d9dbd95992de0fef795073f5ea83a81c?s=96&d=mm&r=g","caption":"La Gu\u00eda de Pamplona"}}]}},"post_mailing_queue_ids":[],"_links":{"self":[{"href":"https:\/\/www.laguiadepamplona.com\/actualidad\/wp-json\/wp\/v2\/posts\/13059","targetHints":{"allow":["GET"]}}],"collection":[{"href":"https:\/\/www.laguiadepamplona.com\/actualidad\/wp-json\/wp\/v2\/posts"}],"about":[{"href":"https:\/\/www.laguiadepamplona.com\/actualidad\/wp-json\/wp\/v2\/types\/post"}],"author":[{"embeddable":true,"href":"https:\/\/www.laguiadepamplona.com\/actualidad\/wp-json\/wp\/v2\/users\/1"}],"replies":[{"embeddable":true,"href":"https:\/\/www.laguiadepamplona.com\/actualidad\/wp-json\/wp\/v2\/comments?post=13059"}],"version-history":[{"count":0,"href":"https:\/\/www.laguiadepamplona.com\/actualidad\/wp-json\/wp\/v2\/posts\/13059\/revisions"}],"wp:featuredmedia":[{"embeddable":true,"href":"https:\/\/www.laguiadepamplona.com\/actualidad\/wp-json\/wp\/v2\/media\/13060"}],"wp:attachment":[{"href":"https:\/\/www.laguiadepamplona.com\/actualidad\/wp-json\/wp\/v2\/media?parent=13059"}],"wp:term":[{"taxonomy":"category","embeddable":true,"href":"https:\/\/www.laguiadepamplona.com\/actualidad\/wp-json\/wp\/v2\/categories?post=13059"},{"taxonomy":"post_tag","embeddable":true,"href":"https:\/\/www.laguiadepamplona.com\/actualidad\/wp-json\/wp\/v2\/tags?post=13059"}],"curies":[{"name":"wp","href":"https:\/\/api.w.org\/{rel}","templated":true}]}}