{"id":13057,"date":"2017-05-17T11:16:29","date_gmt":"2017-05-17T10:16:29","guid":{"rendered":"http:\/\/laguiadepamplona.es\/actualidad\/?p=13057"},"modified":"2017-05-17T11:16:29","modified_gmt":"2017-05-17T10:16:29","slug":"la-casa-de-la-juventud-albergara-manana-un-debate-por-una-economia-mas-humana-organizado-por-las-ong-asociacion-sei-y-fundacion-alboan","status":"publish","type":"post","link":"https:\/\/www.laguiadepamplona.com\/actualidad\/la-casa-de-la-juventud-albergara-manana-un-debate-por-una-economia-mas-humana-organizado-por-las-ong-asociacion-sei-y-fundacion-alboan\/","title":{"rendered":"La Casa de la Juventud albergar\u00e1 ma\u00f1ana un debate \u2018Por una econom\u00eda m\u00e1s humana\u2019 organizado por las ONG Asociaci\u00f3n SEI y Fundaci\u00f3n Alboan"},"content":{"rendered":"<h3>Varios ponentes narrar\u00e1n, a modo de manuales de buenas pr\u00e1cticas, proyectos concretos en funcionamiento en distintos pa\u00edses<\/h3>\n<p><!--more--><\/p>\n<p>Ma\u00f1ana, a las 19 horas con entrada libre, en la Casa de la Juventud, tendr\u00e1 lugar la mesa redonda \u2018Por una econom\u00eda m\u00e1s humana\u2019, una actividad organizada por Asociaci\u00f3n SEI (Servicio Socioeducativo Intercultural) y Fundaci\u00f3n Alboan dentro de la programaci\u00f3n de \u201cUna Ventana al mundo, formaci\u00f3n para la solidaridad\u201d. Este programa, que organizan anualmente ambas entidades, esta subvencionado por el Ayuntamiento de Pamplona a trav\u00e9s del Programa Municipal de Cooperaci\u00f3n para el Desarrollo.<\/p>\n<p>Los ponentes en la mesa ser\u00e1n el estudiante de doctorado en Oxford en el \u00e1mbito del Desarrollo Internacional, Emilio Travieso; la licenciada en Relaciones Industriales de Puebla (M\u00e9xico) y coordinadora del \u00c1rea de Acci\u00f3n P\u00fablica y Participaci\u00f3n de ALBOAN, Mary Tere Guzm\u00e1n y el director de la cooperativa Yomol A\u00b4tel Chiapas (M\u00e9xico) y licenciado en Estudios Sociales, Jos\u00e9 Andr\u00e9s Fuentes Gonz\u00e1lez.<\/p>\n<p>La mesa abordar\u00e1 la necesidad de crear alternativas econ\u00f3micas desde la innovaci\u00f3n social. En ese sentido se hablar\u00e1 de experiencias de los ponentes como la de Yomol A\u00b4tel, un grupo de cooperativas centradas en el caf\u00e9 y las claves del \u00e9xito de su propuesta o la de la Red <em>Comparte<\/em>, formada por varias organizaciones internacionales que busca construir alternativas de desarrollo socioecon\u00f3mico.<\/p>\n<p>La desigual distribuci\u00f3n de la riqueza, del poder o de los bienes de la tierra es evidente y esta inequidad muestra la incapacidad del actual modelo de desarrollo para solucionar los problemas econ\u00f3micos, sociales, pol\u00edticos y ambientales que hoy aquejan a la humanidad. Movimientos sociales, grupos y organizaciones trabajan en modelos y l\u00f3gicas alternativas, para buscar respuestas a un modelo que consideran injusto e insostenible. Un modelo basado en el crecimiento econ\u00f3mico que abusa de la explotaci\u00f3n de los recursos naturales; que convierte en pobreza extrema lo que antes era vida; que obliga a migrar y a desplazarse a millones de personas. La defensa de la vida, el uso justo y sostenible de recursos naturales y la importancia de lo local son, entre otros, criterios que persiguen las experiencias alternativas de desarrollo econ\u00f3mico y productivo.<\/p>\n<p>&nbsp;<\/p>\n","protected":false},"excerpt":{"rendered":"<p>Varios ponentes narrar\u00e1n, a modo de manuales de buenas pr\u00e1cticas, proyectos concretos en funcionamiento en distintos pa\u00edses<\/p>\n","protected":false},"author":1,"featured_media":11022,"comment_status":"closed","ping_status":"closed","sticky":false,"template":"","format":"standard","meta":{"footnotes":""},"categories":[2],"tags":[],"class_list":["post-13057","post","type-post","status-publish","format-standard","has-post-thumbnail","hentry","category-ayuntamiento-pamplona"],"yoast_head":"<!-- This site is optimized with the Yoast SEO plugin v27.3 - https:\/\/yoast.com\/product\/yoast-seo-wordpress\/ -->\n<title>La Casa de la Juventud albergar\u00e1 ma\u00f1ana un debate \u2018Por una econom\u00eda m\u00e1s humana\u2019 organizado por las ONG Asociaci\u00f3n SEI y Fundaci\u00f3n Alboan<\/title>\n<meta name=\"robots\" content=\"index, follow, max-snippet:-1, max-image-preview:large, max-video-preview:-1\" \/>\n<link rel=\"canonical\" href=\"https:\/\/www.laguiadepamplona.com\/actualidad\/la-casa-de-la-juventud-albergara-manana-un-debate-por-una-economia-mas-humana-organizado-por-las-ong-asociacion-sei-y-fundacion-alboan\/\" \/>\n<meta property=\"og:locale\" content=\"es_ES\" \/>\n<meta property=\"og:type\" content=\"article\" \/>\n<meta property=\"og:title\" content=\"La Casa de la Juventud albergar\u00e1 ma\u00f1ana un debate \u2018Por una econom\u00eda m\u00e1s humana\u2019 organizado por las ONG Asociaci\u00f3n SEI y Fundaci\u00f3n Alboan\" \/>\n<meta property=\"og:description\" content=\"Varios ponentes narrar\u00e1n, a modo de manuales de buenas pr\u00e1cticas, proyectos concretos en funcionamiento en distintos pa\u00edses\" \/>\n<meta property=\"og:url\" content=\"https:\/\/www.laguiadepamplona.com\/actualidad\/la-casa-de-la-juventud-albergara-manana-un-debate-por-una-economia-mas-humana-organizado-por-las-ong-asociacion-sei-y-fundacion-alboan\/\" \/>\n<meta property=\"og:site_name\" content=\"La Gu\u00eda de Pamplona\" \/>\n<meta property=\"article:publisher\" content=\"https:\/\/www.facebook.com\/laguiadepamplonacom-133175176762273\/?ref=hl\" \/>\n<meta property=\"article:published_time\" content=\"2017-05-17T10:16:29+00:00\" \/>\n<meta property=\"og:image\" content=\"https:\/\/www.laguiadepamplona.com\/actualidad\/wp-content\/uploads\/2016\/12\/casa-juventud-pamplona-600x400.jpg\" \/>\n\t<meta property=\"og:image:width\" content=\"600\" \/>\n\t<meta property=\"og:image:height\" content=\"400\" \/>\n\t<meta property=\"og:image:type\" content=\"image\/jpeg\" \/>\n<meta name=\"author\" content=\"La Gu\u00eda de Pamplona\" \/>\n<meta name=\"twitter:card\" content=\"summary_large_image\" \/>\n<meta name=\"twitter:creator\" content=\"@LaGuiadPamplona\" \/>\n<meta name=\"twitter:site\" content=\"@LaGuiadPamplona\" \/>\n<meta name=\"twitter:label1\" content=\"Escrito por\" \/>\n\t<meta name=\"twitter:data1\" content=\"La Gu\u00eda de Pamplona\" \/>\n\t<meta name=\"twitter:label2\" content=\"Tiempo de lectura\" \/>\n\t<meta name=\"twitter:data2\" content=\"2 minutos\" \/>\n<script type=\"application\/ld+json\" class=\"yoast-schema-graph\">{\"@context\":\"https:\\\/\\\/schema.org\",\"@graph\":[{\"@type\":\"Article\",\"@id\":\"https:\\\/\\\/www.laguiadepamplona.com\\\/actualidad\\\/la-casa-de-la-juventud-albergara-manana-un-debate-por-una-economia-mas-humana-organizado-por-las-ong-asociacion-sei-y-fundacion-alboan\\\/#article\",\"isPartOf\":{\"@id\":\"https:\\\/\\\/www.laguiadepamplona.com\\\/actualidad\\\/la-casa-de-la-juventud-albergara-manana-un-debate-por-una-economia-mas-humana-organizado-por-las-ong-asociacion-sei-y-fundacion-alboan\\\/\"},\"author\":{\"name\":\"La Gu\u00eda de Pamplona\",\"@id\":\"https:\\\/\\\/www.laguiadepamplona.com\\\/actualidad\\\/#\\\/schema\\\/person\\\/efe887376f0213d4657c93adc50b1fdb\"},\"headline\":\"La Casa de la Juventud albergar\u00e1 ma\u00f1ana un debate \u2018Por una econom\u00eda m\u00e1s humana\u2019 organizado por las ONG Asociaci\u00f3n SEI y Fundaci\u00f3n Alboan\",\"datePublished\":\"2017-05-17T10:16:29+00:00\",\"mainEntityOfPage\":{\"@id\":\"https:\\\/\\\/www.laguiadepamplona.com\\\/actualidad\\\/la-casa-de-la-juventud-albergara-manana-un-debate-por-una-economia-mas-humana-organizado-por-las-ong-asociacion-sei-y-fundacion-alboan\\\/\"},\"wordCount\":409,\"publisher\":{\"@id\":\"https:\\\/\\\/www.laguiadepamplona.com\\\/actualidad\\\/#organization\"},\"image\":{\"@id\":\"https:\\\/\\\/www.laguiadepamplona.com\\\/actualidad\\\/la-casa-de-la-juventud-albergara-manana-un-debate-por-una-economia-mas-humana-organizado-por-las-ong-asociacion-sei-y-fundacion-alboan\\\/#primaryimage\"},\"thumbnailUrl\":\"https:\\\/\\\/www.laguiadepamplona.com\\\/actualidad\\\/wp-content\\\/uploads\\\/2016\\\/12\\\/casa-juventud-pamplona-600x400.jpg\",\"articleSection\":[\"Ayto Pamplona\"],\"inLanguage\":\"es\"},{\"@type\":\"WebPage\",\"@id\":\"https:\\\/\\\/www.laguiadepamplona.com\\\/actualidad\\\/la-casa-de-la-juventud-albergara-manana-un-debate-por-una-economia-mas-humana-organizado-por-las-ong-asociacion-sei-y-fundacion-alboan\\\/\",\"url\":\"https:\\\/\\\/www.laguiadepamplona.com\\\/actualidad\\\/la-casa-de-la-juventud-albergara-manana-un-debate-por-una-economia-mas-humana-organizado-por-las-ong-asociacion-sei-y-fundacion-alboan\\\/\",\"name\":\"La Casa de la Juventud albergar\u00e1 ma\u00f1ana un debate \u2018Por una econom\u00eda m\u00e1s humana\u2019 organizado por las ONG Asociaci\u00f3n SEI y Fundaci\u00f3n Alboan\",\"isPartOf\":{\"@id\":\"https:\\\/\\\/www.laguiadepamplona.com\\\/actualidad\\\/#website\"},\"primaryImageOfPage\":{\"@id\":\"https:\\\/\\\/www.laguiadepamplona.com\\\/actualidad\\\/la-casa-de-la-juventud-albergara-manana-un-debate-por-una-economia-mas-humana-organizado-por-las-ong-asociacion-sei-y-fundacion-alboan\\\/#primaryimage\"},\"image\":{\"@id\":\"https:\\\/\\\/www.laguiadepamplona.com\\\/actualidad\\\/la-casa-de-la-juventud-albergara-manana-un-debate-por-una-economia-mas-humana-organizado-por-las-ong-asociacion-sei-y-fundacion-alboan\\\/#primaryimage\"},\"thumbnailUrl\":\"https:\\\/\\\/www.laguiadepamplona.com\\\/actualidad\\\/wp-content\\\/uploads\\\/2016\\\/12\\\/casa-juventud-pamplona-600x400.jpg\",\"datePublished\":\"2017-05-17T10:16:29+00:00\",\"breadcrumb\":{\"@id\":\"https:\\\/\\\/www.laguiadepamplona.com\\\/actualidad\\\/la-casa-de-la-juventud-albergara-manana-un-debate-por-una-economia-mas-humana-organizado-por-las-ong-asociacion-sei-y-fundacion-alboan\\\/#breadcrumb\"},\"inLanguage\":\"es\",\"potentialAction\":[{\"@type\":\"ReadAction\",\"target\":[\"https:\\\/\\\/www.laguiadepamplona.com\\\/actualidad\\\/la-casa-de-la-juventud-albergara-manana-un-debate-por-una-economia-mas-humana-organizado-por-las-ong-asociacion-sei-y-fundacion-alboan\\\/\"]}]},{\"@type\":\"ImageObject\",\"inLanguage\":\"es\",\"@id\":\"https:\\\/\\\/www.laguiadepamplona.com\\\/actualidad\\\/la-casa-de-la-juventud-albergara-manana-un-debate-por-una-economia-mas-humana-organizado-por-las-ong-asociacion-sei-y-fundacion-alboan\\\/#primaryimage\",\"url\":\"https:\\\/\\\/www.laguiadepamplona.com\\\/actualidad\\\/wp-content\\\/uploads\\\/2016\\\/12\\\/casa-juventud-pamplona-600x400.jpg\",\"contentUrl\":\"https:\\\/\\\/www.laguiadepamplona.com\\\/actualidad\\\/wp-content\\\/uploads\\\/2016\\\/12\\\/casa-juventud-pamplona-600x400.jpg\",\"width\":600,\"height\":400},{\"@type\":\"BreadcrumbList\",\"@id\":\"https:\\\/\\\/www.laguiadepamplona.com\\\/actualidad\\\/la-casa-de-la-juventud-albergara-manana-un-debate-por-una-economia-mas-humana-organizado-por-las-ong-asociacion-sei-y-fundacion-alboan\\\/#breadcrumb\",\"itemListElement\":[{\"@type\":\"ListItem\",\"position\":1,\"name\":\"Portada\",\"item\":\"https:\\\/\\\/www.laguiadepamplona.com\\\/actualidad\\\/\"},{\"@type\":\"ListItem\",\"position\":2,\"name\":\"La Casa de la Juventud albergar\u00e1 ma\u00f1ana un debate \u2018Por una econom\u00eda m\u00e1s humana\u2019 organizado por las ONG Asociaci\u00f3n SEI y Fundaci\u00f3n Alboan\"}]},{\"@type\":\"WebSite\",\"@id\":\"https:\\\/\\\/www.laguiadepamplona.com\\\/actualidad\\\/#website\",\"url\":\"https:\\\/\\\/www.laguiadepamplona.com\\\/actualidad\\\/\",\"name\":\"La gu\u00eda de Pamplona\",\"description\":\"Noticias de Pamplona\",\"publisher\":{\"@id\":\"https:\\\/\\\/www.laguiadepamplona.com\\\/actualidad\\\/#organization\"},\"potentialAction\":[{\"@type\":\"SearchAction\",\"target\":{\"@type\":\"EntryPoint\",\"urlTemplate\":\"https:\\\/\\\/www.laguiadepamplona.com\\\/actualidad\\\/?s={search_term_string}\"},\"query-input\":{\"@type\":\"PropertyValueSpecification\",\"valueRequired\":true,\"valueName\":\"search_term_string\"}}],\"inLanguage\":\"es\"},{\"@type\":\"Organization\",\"@id\":\"https:\\\/\\\/www.laguiadepamplona.com\\\/actualidad\\\/#organization\",\"name\":\"La Gu\u00eda de Pamplona \\\/ Noticias\",\"url\":\"https:\\\/\\\/www.laguiadepamplona.com\\\/actualidad\\\/\",\"logo\":{\"@type\":\"ImageObject\",\"inLanguage\":\"es\",\"@id\":\"https:\\\/\\\/www.laguiadepamplona.com\\\/actualidad\\\/#\\\/schema\\\/logo\\\/image\\\/\",\"url\":\"https:\\\/\\\/www.laguiadepamplona.com\\\/actualidad\\\/wp-content\\\/uploads\\\/2018\\\/11\\\/logo-laguiadepamplona18-web1.png\",\"contentUrl\":\"https:\\\/\\\/www.laguiadepamplona.com\\\/actualidad\\\/wp-content\\\/uploads\\\/2018\\\/11\\\/logo-laguiadepamplona18-web1.png\",\"width\":600,\"height\":196,\"caption\":\"La Gu\u00eda de Pamplona \\\/ Noticias\"},\"image\":{\"@id\":\"https:\\\/\\\/www.laguiadepamplona.com\\\/actualidad\\\/#\\\/schema\\\/logo\\\/image\\\/\"},\"sameAs\":[\"https:\\\/\\\/www.facebook.com\\\/laguiadepamplonacom-133175176762273\\\/?ref=hl\",\"https:\\\/\\\/x.com\\\/LaGuiadPamplona\",\"https:\\\/\\\/www.instagram.com\\\/la_guia_de_pamplona\\\/\",\"https:\\\/\\\/www.youtube.com\\\/user\\\/laguiadepamplona\"]},{\"@type\":\"Person\",\"@id\":\"https:\\\/\\\/www.laguiadepamplona.com\\\/actualidad\\\/#\\\/schema\\\/person\\\/efe887376f0213d4657c93adc50b1fdb\",\"name\":\"La Gu\u00eda de Pamplona\",\"image\":{\"@type\":\"ImageObject\",\"inLanguage\":\"es\",\"@id\":\"https:\\\/\\\/secure.gravatar.com\\\/avatar\\\/b6992f131dc8d30ab0dff15446e9d346d9dbd95992de0fef795073f5ea83a81c?s=96&d=mm&r=g\",\"url\":\"https:\\\/\\\/secure.gravatar.com\\\/avatar\\\/b6992f131dc8d30ab0dff15446e9d346d9dbd95992de0fef795073f5ea83a81c?s=96&d=mm&r=g\",\"contentUrl\":\"https:\\\/\\\/secure.gravatar.com\\\/avatar\\\/b6992f131dc8d30ab0dff15446e9d346d9dbd95992de0fef795073f5ea83a81c?s=96&d=mm&r=g\",\"caption\":\"La Gu\u00eda de Pamplona\"}}]}<\/script>\n<!-- \/ Yoast SEO plugin. -->","yoast_head_json":{"title":"La Casa de la Juventud albergar\u00e1 ma\u00f1ana un debate \u2018Por una econom\u00eda m\u00e1s humana\u2019 organizado por las ONG Asociaci\u00f3n SEI y Fundaci\u00f3n Alboan","robots":{"index":"index","follow":"follow","max-snippet":"max-snippet:-1","max-image-preview":"max-image-preview:large","max-video-preview":"max-video-preview:-1"},"canonical":"https:\/\/www.laguiadepamplona.com\/actualidad\/la-casa-de-la-juventud-albergara-manana-un-debate-por-una-economia-mas-humana-organizado-por-las-ong-asociacion-sei-y-fundacion-alboan\/","og_locale":"es_ES","og_type":"article","og_title":"La Casa de la Juventud albergar\u00e1 ma\u00f1ana un debate \u2018Por una econom\u00eda m\u00e1s humana\u2019 organizado por las ONG Asociaci\u00f3n SEI y Fundaci\u00f3n Alboan","og_description":"Varios ponentes narrar\u00e1n, a modo de manuales de buenas pr\u00e1cticas, proyectos concretos en funcionamiento en distintos pa\u00edses","og_url":"https:\/\/www.laguiadepamplona.com\/actualidad\/la-casa-de-la-juventud-albergara-manana-un-debate-por-una-economia-mas-humana-organizado-por-las-ong-asociacion-sei-y-fundacion-alboan\/","og_site_name":"La Gu\u00eda de Pamplona","article_publisher":"https:\/\/www.facebook.com\/laguiadepamplonacom-133175176762273\/?ref=hl","article_published_time":"2017-05-17T10:16:29+00:00","og_image":[{"width":600,"height":400,"url":"https:\/\/www.laguiadepamplona.com\/actualidad\/wp-content\/uploads\/2016\/12\/casa-juventud-pamplona-600x400.jpg","type":"image\/jpeg"}],"author":"La Gu\u00eda de Pamplona","twitter_card":"summary_large_image","twitter_creator":"@LaGuiadPamplona","twitter_site":"@LaGuiadPamplona","twitter_misc":{"Escrito por":"La Gu\u00eda de Pamplona","Tiempo de lectura":"2 minutos"},"schema":{"@context":"https:\/\/schema.org","@graph":[{"@type":"Article","@id":"https:\/\/www.laguiadepamplona.com\/actualidad\/la-casa-de-la-juventud-albergara-manana-un-debate-por-una-economia-mas-humana-organizado-por-las-ong-asociacion-sei-y-fundacion-alboan\/#article","isPartOf":{"@id":"https:\/\/www.laguiadepamplona.com\/actualidad\/la-casa-de-la-juventud-albergara-manana-un-debate-por-una-economia-mas-humana-organizado-por-las-ong-asociacion-sei-y-fundacion-alboan\/"},"author":{"name":"La Gu\u00eda de Pamplona","@id":"https:\/\/www.laguiadepamplona.com\/actualidad\/#\/schema\/person\/efe887376f0213d4657c93adc50b1fdb"},"headline":"La Casa de la Juventud albergar\u00e1 ma\u00f1ana un debate \u2018Por una econom\u00eda m\u00e1s humana\u2019 organizado por las ONG Asociaci\u00f3n SEI y Fundaci\u00f3n Alboan","datePublished":"2017-05-17T10:16:29+00:00","mainEntityOfPage":{"@id":"https:\/\/www.laguiadepamplona.com\/actualidad\/la-casa-de-la-juventud-albergara-manana-un-debate-por-una-economia-mas-humana-organizado-por-las-ong-asociacion-sei-y-fundacion-alboan\/"},"wordCount":409,"publisher":{"@id":"https:\/\/www.laguiadepamplona.com\/actualidad\/#organization"},"image":{"@id":"https:\/\/www.laguiadepamplona.com\/actualidad\/la-casa-de-la-juventud-albergara-manana-un-debate-por-una-economia-mas-humana-organizado-por-las-ong-asociacion-sei-y-fundacion-alboan\/#primaryimage"},"thumbnailUrl":"https:\/\/www.laguiadepamplona.com\/actualidad\/wp-content\/uploads\/2016\/12\/casa-juventud-pamplona-600x400.jpg","articleSection":["Ayto Pamplona"],"inLanguage":"es"},{"@type":"WebPage","@id":"https:\/\/www.laguiadepamplona.com\/actualidad\/la-casa-de-la-juventud-albergara-manana-un-debate-por-una-economia-mas-humana-organizado-por-las-ong-asociacion-sei-y-fundacion-alboan\/","url":"https:\/\/www.laguiadepamplona.com\/actualidad\/la-casa-de-la-juventud-albergara-manana-un-debate-por-una-economia-mas-humana-organizado-por-las-ong-asociacion-sei-y-fundacion-alboan\/","name":"La Casa de la Juventud albergar\u00e1 ma\u00f1ana un debate \u2018Por una econom\u00eda m\u00e1s humana\u2019 organizado por las ONG Asociaci\u00f3n SEI y Fundaci\u00f3n Alboan","isPartOf":{"@id":"https:\/\/www.laguiadepamplona.com\/actualidad\/#website"},"primaryImageOfPage":{"@id":"https:\/\/www.laguiadepamplona.com\/actualidad\/la-casa-de-la-juventud-albergara-manana-un-debate-por-una-economia-mas-humana-organizado-por-las-ong-asociacion-sei-y-fundacion-alboan\/#primaryimage"},"image":{"@id":"https:\/\/www.laguiadepamplona.com\/actualidad\/la-casa-de-la-juventud-albergara-manana-un-debate-por-una-economia-mas-humana-organizado-por-las-ong-asociacion-sei-y-fundacion-alboan\/#primaryimage"},"thumbnailUrl":"https:\/\/www.laguiadepamplona.com\/actualidad\/wp-content\/uploads\/2016\/12\/casa-juventud-pamplona-600x400.jpg","datePublished":"2017-05-17T10:16:29+00:00","breadcrumb":{"@id":"https:\/\/www.laguiadepamplona.com\/actualidad\/la-casa-de-la-juventud-albergara-manana-un-debate-por-una-economia-mas-humana-organizado-por-las-ong-asociacion-sei-y-fundacion-alboan\/#breadcrumb"},"inLanguage":"es","potentialAction":[{"@type":"ReadAction","target":["https:\/\/www.laguiadepamplona.com\/actualidad\/la-casa-de-la-juventud-albergara-manana-un-debate-por-una-economia-mas-humana-organizado-por-las-ong-asociacion-sei-y-fundacion-alboan\/"]}]},{"@type":"ImageObject","inLanguage":"es","@id":"https:\/\/www.laguiadepamplona.com\/actualidad\/la-casa-de-la-juventud-albergara-manana-un-debate-por-una-economia-mas-humana-organizado-por-las-ong-asociacion-sei-y-fundacion-alboan\/#primaryimage","url":"https:\/\/www.laguiadepamplona.com\/actualidad\/wp-content\/uploads\/2016\/12\/casa-juventud-pamplona-600x400.jpg","contentUrl":"https:\/\/www.laguiadepamplona.com\/actualidad\/wp-content\/uploads\/2016\/12\/casa-juventud-pamplona-600x400.jpg","width":600,"height":400},{"@type":"BreadcrumbList","@id":"https:\/\/www.laguiadepamplona.com\/actualidad\/la-casa-de-la-juventud-albergara-manana-un-debate-por-una-economia-mas-humana-organizado-por-las-ong-asociacion-sei-y-fundacion-alboan\/#breadcrumb","itemListElement":[{"@type":"ListItem","position":1,"name":"Portada","item":"https:\/\/www.laguiadepamplona.com\/actualidad\/"},{"@type":"ListItem","position":2,"name":"La Casa de la Juventud albergar\u00e1 ma\u00f1ana un debate \u2018Por una econom\u00eda m\u00e1s humana\u2019 organizado por las ONG Asociaci\u00f3n SEI y Fundaci\u00f3n Alboan"}]},{"@type":"WebSite","@id":"https:\/\/www.laguiadepamplona.com\/actualidad\/#website","url":"https:\/\/www.laguiadepamplona.com\/actualidad\/","name":"La gu\u00eda de Pamplona","description":"Noticias de Pamplona","publisher":{"@id":"https:\/\/www.laguiadepamplona.com\/actualidad\/#organization"},"potentialAction":[{"@type":"SearchAction","target":{"@type":"EntryPoint","urlTemplate":"https:\/\/www.laguiadepamplona.com\/actualidad\/?s={search_term_string}"},"query-input":{"@type":"PropertyValueSpecification","valueRequired":true,"valueName":"search_term_string"}}],"inLanguage":"es"},{"@type":"Organization","@id":"https:\/\/www.laguiadepamplona.com\/actualidad\/#organization","name":"La Gu\u00eda de Pamplona \/ Noticias","url":"https:\/\/www.laguiadepamplona.com\/actualidad\/","logo":{"@type":"ImageObject","inLanguage":"es","@id":"https:\/\/www.laguiadepamplona.com\/actualidad\/#\/schema\/logo\/image\/","url":"https:\/\/www.laguiadepamplona.com\/actualidad\/wp-content\/uploads\/2018\/11\/logo-laguiadepamplona18-web1.png","contentUrl":"https:\/\/www.laguiadepamplona.com\/actualidad\/wp-content\/uploads\/2018\/11\/logo-laguiadepamplona18-web1.png","width":600,"height":196,"caption":"La Gu\u00eda de Pamplona \/ Noticias"},"image":{"@id":"https:\/\/www.laguiadepamplona.com\/actualidad\/#\/schema\/logo\/image\/"},"sameAs":["https:\/\/www.facebook.com\/laguiadepamplonacom-133175176762273\/?ref=hl","https:\/\/x.com\/LaGuiadPamplona","https:\/\/www.instagram.com\/la_guia_de_pamplona\/","https:\/\/www.youtube.com\/user\/laguiadepamplona"]},{"@type":"Person","@id":"https:\/\/www.laguiadepamplona.com\/actualidad\/#\/schema\/person\/efe887376f0213d4657c93adc50b1fdb","name":"La Gu\u00eda de Pamplona","image":{"@type":"ImageObject","inLanguage":"es","@id":"https:\/\/secure.gravatar.com\/avatar\/b6992f131dc8d30ab0dff15446e9d346d9dbd95992de0fef795073f5ea83a81c?s=96&d=mm&r=g","url":"https:\/\/secure.gravatar.com\/avatar\/b6992f131dc8d30ab0dff15446e9d346d9dbd95992de0fef795073f5ea83a81c?s=96&d=mm&r=g","contentUrl":"https:\/\/secure.gravatar.com\/avatar\/b6992f131dc8d30ab0dff15446e9d346d9dbd95992de0fef795073f5ea83a81c?s=96&d=mm&r=g","caption":"La Gu\u00eda de Pamplona"}}]}},"post_mailing_queue_ids":[],"_links":{"self":[{"href":"https:\/\/www.laguiadepamplona.com\/actualidad\/wp-json\/wp\/v2\/posts\/13057","targetHints":{"allow":["GET"]}}],"collection":[{"href":"https:\/\/www.laguiadepamplona.com\/actualidad\/wp-json\/wp\/v2\/posts"}],"about":[{"href":"https:\/\/www.laguiadepamplona.com\/actualidad\/wp-json\/wp\/v2\/types\/post"}],"author":[{"embeddable":true,"href":"https:\/\/www.laguiadepamplona.com\/actualidad\/wp-json\/wp\/v2\/users\/1"}],"replies":[{"embeddable":true,"href":"https:\/\/www.laguiadepamplona.com\/actualidad\/wp-json\/wp\/v2\/comments?post=13057"}],"version-history":[{"count":0,"href":"https:\/\/www.laguiadepamplona.com\/actualidad\/wp-json\/wp\/v2\/posts\/13057\/revisions"}],"wp:featuredmedia":[{"embeddable":true,"href":"https:\/\/www.laguiadepamplona.com\/actualidad\/wp-json\/wp\/v2\/media\/11022"}],"wp:attachment":[{"href":"https:\/\/www.laguiadepamplona.com\/actualidad\/wp-json\/wp\/v2\/media?parent=13057"}],"wp:term":[{"taxonomy":"category","embeddable":true,"href":"https:\/\/www.laguiadepamplona.com\/actualidad\/wp-json\/wp\/v2\/categories?post=13057"},{"taxonomy":"post_tag","embeddable":true,"href":"https:\/\/www.laguiadepamplona.com\/actualidad\/wp-json\/wp\/v2\/tags?post=13057"}],"curies":[{"name":"wp","href":"https:\/\/api.w.org\/{rel}","templated":true}]}}