{"id":13027,"date":"2017-05-16T11:52:07","date_gmt":"2017-05-16T10:52:07","guid":{"rendered":"http:\/\/laguiadepamplona.es\/actualidad\/?p=13027"},"modified":"2017-05-16T11:52:07","modified_gmt":"2017-05-16T10:52:07","slug":"el-servicio-de-prestamo-de-bicicletas-publicas-del-ayuntamiento-de-pamplona-nbici-se-interrumpe-72-horas-por-razones-tecnicas","status":"publish","type":"post","link":"https:\/\/www.laguiadepamplona.com\/actualidad\/el-servicio-de-prestamo-de-bicicletas-publicas-del-ayuntamiento-de-pamplona-nbici-se-interrumpe-72-horas-por-razones-tecnicas\/","title":{"rendered":"El servicio de pr\u00e9stamo de bicicletas p\u00fablicas del Ayuntamiento de Pamplona (nbici) se interrumpe 72 horas por razones t\u00e9cnicas"},"content":{"rendered":"<h3>La empresa gestora del sistema va a efectuar un cambio de servidor<\/h3>\n<p><!--more--><\/p>\n<p>\u2018nbici\u2019, el sistema de pr\u00e9stamo de bicicletas p\u00fablicas del Ayuntamiento de Pamplona estar\u00e1 fuera de servicio los d\u00edas 17,18 y 19 de mayo. El motivo es una interrupci\u00f3n t\u00e9cnica ya que la empresa gestora va a realizar el cambio de servidor del sistema para as\u00ed mejorar el servicio a los usuarios que, en las \u00faltimas semanas, han encontrado algunos problemas a la hora de recoger y depositar las bicicletas en las bases. Una vez los t\u00e9cnicos comprueben que este cambio de servidor funciona correctamente y que el servicio se puede reanudar sin fallos, -posiblemente en torno al pr\u00f3ximo fin de semana- nbici volver\u00e1 a funcionar con normalidad, aunque cabe la posibilidad de que se produzcan algunos cambios en la gesti\u00f3n del sistema, que est\u00e1 a cargo de la empresa CEMUSA.<\/p>\n<p>El Ayuntamiento de Pamplona puso en marcha en junio de 2007 el servicio de alquiler de bicicletas con el objetivo de fomentar el uso de la bici como medio de transporte. La ciudad cuenta con cinco bases repartidas por diferentes puntos: calle Arrieta, junto a la Plaza de Toros; en la Vuelta del Castillo en la esquina de P\u00edo XII con avenida del Ej\u00e9rcito; en el paseo Anelier en el barrio de Rochapea; en el Aulario de la UPNA y en Universidad de Navarra junto al CIMA.<\/p>\n<p>Para alquilar las bicis y activar el sistema hace falta una tarjeta de acreditaci\u00f3n que identifica al usuario y que una vez reconocida por el lector de la base, recoge los datos de esa persona y libera la bici del anclaje. Las ventajas de este servicio que persigue fomentar otros tipo de movilidad son que sus usuarios no necesitan tener bicicleta propia para desplazarse ni hacer labores de mantenimiento y, pueden ir de un sitio a otro en este medio de transporte. Tiene, adem\u00e1s, la ventaja a\u00f1adida de que si lo utiliza en combinaci\u00f3n con otros, el usuario no tiene que cargar con la bici desde el punto de origen.<\/p>\n","protected":false},"excerpt":{"rendered":"<p>La empresa gestora del sistema va a efectuar un cambio de servidor<\/p>\n","protected":false},"author":1,"featured_media":11470,"comment_status":"closed","ping_status":"closed","sticky":false,"template":"","format":"standard","meta":{"footnotes":""},"categories":[2],"tags":[],"class_list":["post-13027","post","type-post","status-publish","format-standard","has-post-thumbnail","hentry","category-ayuntamiento-pamplona"],"yoast_head":"<!-- This site is optimized with the Yoast SEO plugin v27.3 - https:\/\/yoast.com\/product\/yoast-seo-wordpress\/ -->\n<title>El servicio de pr\u00e9stamo de bicicletas p\u00fablicas del Ayuntamiento de Pamplona (nbici) se interrumpe 72 horas por razones t\u00e9cnicas<\/title>\n<meta name=\"robots\" content=\"index, follow, max-snippet:-1, max-image-preview:large, max-video-preview:-1\" \/>\n<link rel=\"canonical\" href=\"https:\/\/www.laguiadepamplona.com\/actualidad\/el-servicio-de-prestamo-de-bicicletas-publicas-del-ayuntamiento-de-pamplona-nbici-se-interrumpe-72-horas-por-razones-tecnicas\/\" \/>\n<meta property=\"og:locale\" content=\"es_ES\" \/>\n<meta property=\"og:type\" content=\"article\" \/>\n<meta property=\"og:title\" content=\"El servicio de pr\u00e9stamo de bicicletas p\u00fablicas del Ayuntamiento de Pamplona (nbici) se interrumpe 72 horas por razones t\u00e9cnicas\" \/>\n<meta property=\"og:description\" content=\"La empresa gestora del sistema va a efectuar un cambio de servidor\" \/>\n<meta property=\"og:url\" content=\"https:\/\/www.laguiadepamplona.com\/actualidad\/el-servicio-de-prestamo-de-bicicletas-publicas-del-ayuntamiento-de-pamplona-nbici-se-interrumpe-72-horas-por-razones-tecnicas\/\" \/>\n<meta property=\"og:site_name\" content=\"La Gu\u00eda de Pamplona\" \/>\n<meta property=\"article:publisher\" content=\"https:\/\/www.facebook.com\/laguiadepamplonacom-133175176762273\/?ref=hl\" \/>\n<meta property=\"article:published_time\" content=\"2017-05-16T10:52:07+00:00\" \/>\n<meta property=\"og:image\" content=\"https:\/\/www.laguiadepamplona.com\/actualidad\/wp-content\/uploads\/2017\/01\/bici-urbano-casco.jpg\" \/>\n\t<meta property=\"og:image:width\" content=\"859\" \/>\n\t<meta property=\"og:image:height\" content=\"483\" \/>\n\t<meta property=\"og:image:type\" content=\"image\/jpeg\" \/>\n<meta name=\"author\" content=\"La Gu\u00eda de Pamplona\" \/>\n<meta name=\"twitter:card\" content=\"summary_large_image\" \/>\n<meta name=\"twitter:creator\" content=\"@LaGuiadPamplona\" \/>\n<meta name=\"twitter:site\" content=\"@LaGuiadPamplona\" \/>\n<meta name=\"twitter:label1\" content=\"Escrito por\" \/>\n\t<meta name=\"twitter:data1\" content=\"La Gu\u00eda de Pamplona\" \/>\n\t<meta name=\"twitter:label2\" content=\"Tiempo de lectura\" \/>\n\t<meta name=\"twitter:data2\" content=\"2 minutos\" \/>\n<script type=\"application\/ld+json\" class=\"yoast-schema-graph\">{\"@context\":\"https:\\\/\\\/schema.org\",\"@graph\":[{\"@type\":\"Article\",\"@id\":\"https:\\\/\\\/www.laguiadepamplona.com\\\/actualidad\\\/el-servicio-de-prestamo-de-bicicletas-publicas-del-ayuntamiento-de-pamplona-nbici-se-interrumpe-72-horas-por-razones-tecnicas\\\/#article\",\"isPartOf\":{\"@id\":\"https:\\\/\\\/www.laguiadepamplona.com\\\/actualidad\\\/el-servicio-de-prestamo-de-bicicletas-publicas-del-ayuntamiento-de-pamplona-nbici-se-interrumpe-72-horas-por-razones-tecnicas\\\/\"},\"author\":{\"name\":\"La Gu\u00eda de Pamplona\",\"@id\":\"https:\\\/\\\/www.laguiadepamplona.com\\\/actualidad\\\/#\\\/schema\\\/person\\\/efe887376f0213d4657c93adc50b1fdb\"},\"headline\":\"El servicio de pr\u00e9stamo de bicicletas p\u00fablicas del Ayuntamiento de Pamplona (nbici) se interrumpe 72 horas por razones t\u00e9cnicas\",\"datePublished\":\"2017-05-16T10:52:07+00:00\",\"mainEntityOfPage\":{\"@id\":\"https:\\\/\\\/www.laguiadepamplona.com\\\/actualidad\\\/el-servicio-de-prestamo-de-bicicletas-publicas-del-ayuntamiento-de-pamplona-nbici-se-interrumpe-72-horas-por-razones-tecnicas\\\/\"},\"wordCount\":371,\"publisher\":{\"@id\":\"https:\\\/\\\/www.laguiadepamplona.com\\\/actualidad\\\/#organization\"},\"image\":{\"@id\":\"https:\\\/\\\/www.laguiadepamplona.com\\\/actualidad\\\/el-servicio-de-prestamo-de-bicicletas-publicas-del-ayuntamiento-de-pamplona-nbici-se-interrumpe-72-horas-por-razones-tecnicas\\\/#primaryimage\"},\"thumbnailUrl\":\"https:\\\/\\\/www.laguiadepamplona.com\\\/actualidad\\\/wp-content\\\/uploads\\\/2017\\\/01\\\/bici-urbano-casco.jpg\",\"articleSection\":[\"Ayto Pamplona\"],\"inLanguage\":\"es\"},{\"@type\":\"WebPage\",\"@id\":\"https:\\\/\\\/www.laguiadepamplona.com\\\/actualidad\\\/el-servicio-de-prestamo-de-bicicletas-publicas-del-ayuntamiento-de-pamplona-nbici-se-interrumpe-72-horas-por-razones-tecnicas\\\/\",\"url\":\"https:\\\/\\\/www.laguiadepamplona.com\\\/actualidad\\\/el-servicio-de-prestamo-de-bicicletas-publicas-del-ayuntamiento-de-pamplona-nbici-se-interrumpe-72-horas-por-razones-tecnicas\\\/\",\"name\":\"El servicio de pr\u00e9stamo de bicicletas p\u00fablicas del Ayuntamiento de Pamplona (nbici) se interrumpe 72 horas por razones t\u00e9cnicas\",\"isPartOf\":{\"@id\":\"https:\\\/\\\/www.laguiadepamplona.com\\\/actualidad\\\/#website\"},\"primaryImageOfPage\":{\"@id\":\"https:\\\/\\\/www.laguiadepamplona.com\\\/actualidad\\\/el-servicio-de-prestamo-de-bicicletas-publicas-del-ayuntamiento-de-pamplona-nbici-se-interrumpe-72-horas-por-razones-tecnicas\\\/#primaryimage\"},\"image\":{\"@id\":\"https:\\\/\\\/www.laguiadepamplona.com\\\/actualidad\\\/el-servicio-de-prestamo-de-bicicletas-publicas-del-ayuntamiento-de-pamplona-nbici-se-interrumpe-72-horas-por-razones-tecnicas\\\/#primaryimage\"},\"thumbnailUrl\":\"https:\\\/\\\/www.laguiadepamplona.com\\\/actualidad\\\/wp-content\\\/uploads\\\/2017\\\/01\\\/bici-urbano-casco.jpg\",\"datePublished\":\"2017-05-16T10:52:07+00:00\",\"breadcrumb\":{\"@id\":\"https:\\\/\\\/www.laguiadepamplona.com\\\/actualidad\\\/el-servicio-de-prestamo-de-bicicletas-publicas-del-ayuntamiento-de-pamplona-nbici-se-interrumpe-72-horas-por-razones-tecnicas\\\/#breadcrumb\"},\"inLanguage\":\"es\",\"potentialAction\":[{\"@type\":\"ReadAction\",\"target\":[\"https:\\\/\\\/www.laguiadepamplona.com\\\/actualidad\\\/el-servicio-de-prestamo-de-bicicletas-publicas-del-ayuntamiento-de-pamplona-nbici-se-interrumpe-72-horas-por-razones-tecnicas\\\/\"]}]},{\"@type\":\"ImageObject\",\"inLanguage\":\"es\",\"@id\":\"https:\\\/\\\/www.laguiadepamplona.com\\\/actualidad\\\/el-servicio-de-prestamo-de-bicicletas-publicas-del-ayuntamiento-de-pamplona-nbici-se-interrumpe-72-horas-por-razones-tecnicas\\\/#primaryimage\",\"url\":\"https:\\\/\\\/www.laguiadepamplona.com\\\/actualidad\\\/wp-content\\\/uploads\\\/2017\\\/01\\\/bici-urbano-casco.jpg\",\"contentUrl\":\"https:\\\/\\\/www.laguiadepamplona.com\\\/actualidad\\\/wp-content\\\/uploads\\\/2017\\\/01\\\/bici-urbano-casco.jpg\",\"width\":859,\"height\":483},{\"@type\":\"BreadcrumbList\",\"@id\":\"https:\\\/\\\/www.laguiadepamplona.com\\\/actualidad\\\/el-servicio-de-prestamo-de-bicicletas-publicas-del-ayuntamiento-de-pamplona-nbici-se-interrumpe-72-horas-por-razones-tecnicas\\\/#breadcrumb\",\"itemListElement\":[{\"@type\":\"ListItem\",\"position\":1,\"name\":\"Portada\",\"item\":\"https:\\\/\\\/www.laguiadepamplona.com\\\/actualidad\\\/\"},{\"@type\":\"ListItem\",\"position\":2,\"name\":\"El servicio de pr\u00e9stamo de bicicletas p\u00fablicas del Ayuntamiento de Pamplona (nbici) se interrumpe 72 horas por razones t\u00e9cnicas\"}]},{\"@type\":\"WebSite\",\"@id\":\"https:\\\/\\\/www.laguiadepamplona.com\\\/actualidad\\\/#website\",\"url\":\"https:\\\/\\\/www.laguiadepamplona.com\\\/actualidad\\\/\",\"name\":\"La gu\u00eda de Pamplona\",\"description\":\"Noticias de Pamplona\",\"publisher\":{\"@id\":\"https:\\\/\\\/www.laguiadepamplona.com\\\/actualidad\\\/#organization\"},\"potentialAction\":[{\"@type\":\"SearchAction\",\"target\":{\"@type\":\"EntryPoint\",\"urlTemplate\":\"https:\\\/\\\/www.laguiadepamplona.com\\\/actualidad\\\/?s={search_term_string}\"},\"query-input\":{\"@type\":\"PropertyValueSpecification\",\"valueRequired\":true,\"valueName\":\"search_term_string\"}}],\"inLanguage\":\"es\"},{\"@type\":\"Organization\",\"@id\":\"https:\\\/\\\/www.laguiadepamplona.com\\\/actualidad\\\/#organization\",\"name\":\"La Gu\u00eda de Pamplona \\\/ Noticias\",\"url\":\"https:\\\/\\\/www.laguiadepamplona.com\\\/actualidad\\\/\",\"logo\":{\"@type\":\"ImageObject\",\"inLanguage\":\"es\",\"@id\":\"https:\\\/\\\/www.laguiadepamplona.com\\\/actualidad\\\/#\\\/schema\\\/logo\\\/image\\\/\",\"url\":\"https:\\\/\\\/www.laguiadepamplona.com\\\/actualidad\\\/wp-content\\\/uploads\\\/2018\\\/11\\\/logo-laguiadepamplona18-web1.png\",\"contentUrl\":\"https:\\\/\\\/www.laguiadepamplona.com\\\/actualidad\\\/wp-content\\\/uploads\\\/2018\\\/11\\\/logo-laguiadepamplona18-web1.png\",\"width\":600,\"height\":196,\"caption\":\"La Gu\u00eda de Pamplona \\\/ Noticias\"},\"image\":{\"@id\":\"https:\\\/\\\/www.laguiadepamplona.com\\\/actualidad\\\/#\\\/schema\\\/logo\\\/image\\\/\"},\"sameAs\":[\"https:\\\/\\\/www.facebook.com\\\/laguiadepamplonacom-133175176762273\\\/?ref=hl\",\"https:\\\/\\\/x.com\\\/LaGuiadPamplona\",\"https:\\\/\\\/www.instagram.com\\\/la_guia_de_pamplona\\\/\",\"https:\\\/\\\/www.youtube.com\\\/user\\\/laguiadepamplona\"]},{\"@type\":\"Person\",\"@id\":\"https:\\\/\\\/www.laguiadepamplona.com\\\/actualidad\\\/#\\\/schema\\\/person\\\/efe887376f0213d4657c93adc50b1fdb\",\"name\":\"La Gu\u00eda de Pamplona\",\"image\":{\"@type\":\"ImageObject\",\"inLanguage\":\"es\",\"@id\":\"https:\\\/\\\/secure.gravatar.com\\\/avatar\\\/b6992f131dc8d30ab0dff15446e9d346d9dbd95992de0fef795073f5ea83a81c?s=96&d=mm&r=g\",\"url\":\"https:\\\/\\\/secure.gravatar.com\\\/avatar\\\/b6992f131dc8d30ab0dff15446e9d346d9dbd95992de0fef795073f5ea83a81c?s=96&d=mm&r=g\",\"contentUrl\":\"https:\\\/\\\/secure.gravatar.com\\\/avatar\\\/b6992f131dc8d30ab0dff15446e9d346d9dbd95992de0fef795073f5ea83a81c?s=96&d=mm&r=g\",\"caption\":\"La Gu\u00eda de Pamplona\"}}]}<\/script>\n<!-- \/ Yoast SEO plugin. -->","yoast_head_json":{"title":"El servicio de pr\u00e9stamo de bicicletas p\u00fablicas del Ayuntamiento de Pamplona (nbici) se interrumpe 72 horas por razones t\u00e9cnicas","robots":{"index":"index","follow":"follow","max-snippet":"max-snippet:-1","max-image-preview":"max-image-preview:large","max-video-preview":"max-video-preview:-1"},"canonical":"https:\/\/www.laguiadepamplona.com\/actualidad\/el-servicio-de-prestamo-de-bicicletas-publicas-del-ayuntamiento-de-pamplona-nbici-se-interrumpe-72-horas-por-razones-tecnicas\/","og_locale":"es_ES","og_type":"article","og_title":"El servicio de pr\u00e9stamo de bicicletas p\u00fablicas del Ayuntamiento de Pamplona (nbici) se interrumpe 72 horas por razones t\u00e9cnicas","og_description":"La empresa gestora del sistema va a efectuar un cambio de servidor","og_url":"https:\/\/www.laguiadepamplona.com\/actualidad\/el-servicio-de-prestamo-de-bicicletas-publicas-del-ayuntamiento-de-pamplona-nbici-se-interrumpe-72-horas-por-razones-tecnicas\/","og_site_name":"La Gu\u00eda de Pamplona","article_publisher":"https:\/\/www.facebook.com\/laguiadepamplonacom-133175176762273\/?ref=hl","article_published_time":"2017-05-16T10:52:07+00:00","og_image":[{"width":859,"height":483,"url":"https:\/\/www.laguiadepamplona.com\/actualidad\/wp-content\/uploads\/2017\/01\/bici-urbano-casco.jpg","type":"image\/jpeg"}],"author":"La Gu\u00eda de Pamplona","twitter_card":"summary_large_image","twitter_creator":"@LaGuiadPamplona","twitter_site":"@LaGuiadPamplona","twitter_misc":{"Escrito por":"La Gu\u00eda de Pamplona","Tiempo de lectura":"2 minutos"},"schema":{"@context":"https:\/\/schema.org","@graph":[{"@type":"Article","@id":"https:\/\/www.laguiadepamplona.com\/actualidad\/el-servicio-de-prestamo-de-bicicletas-publicas-del-ayuntamiento-de-pamplona-nbici-se-interrumpe-72-horas-por-razones-tecnicas\/#article","isPartOf":{"@id":"https:\/\/www.laguiadepamplona.com\/actualidad\/el-servicio-de-prestamo-de-bicicletas-publicas-del-ayuntamiento-de-pamplona-nbici-se-interrumpe-72-horas-por-razones-tecnicas\/"},"author":{"name":"La Gu\u00eda de Pamplona","@id":"https:\/\/www.laguiadepamplona.com\/actualidad\/#\/schema\/person\/efe887376f0213d4657c93adc50b1fdb"},"headline":"El servicio de pr\u00e9stamo de bicicletas p\u00fablicas del Ayuntamiento de Pamplona (nbici) se interrumpe 72 horas por razones t\u00e9cnicas","datePublished":"2017-05-16T10:52:07+00:00","mainEntityOfPage":{"@id":"https:\/\/www.laguiadepamplona.com\/actualidad\/el-servicio-de-prestamo-de-bicicletas-publicas-del-ayuntamiento-de-pamplona-nbici-se-interrumpe-72-horas-por-razones-tecnicas\/"},"wordCount":371,"publisher":{"@id":"https:\/\/www.laguiadepamplona.com\/actualidad\/#organization"},"image":{"@id":"https:\/\/www.laguiadepamplona.com\/actualidad\/el-servicio-de-prestamo-de-bicicletas-publicas-del-ayuntamiento-de-pamplona-nbici-se-interrumpe-72-horas-por-razones-tecnicas\/#primaryimage"},"thumbnailUrl":"https:\/\/www.laguiadepamplona.com\/actualidad\/wp-content\/uploads\/2017\/01\/bici-urbano-casco.jpg","articleSection":["Ayto Pamplona"],"inLanguage":"es"},{"@type":"WebPage","@id":"https:\/\/www.laguiadepamplona.com\/actualidad\/el-servicio-de-prestamo-de-bicicletas-publicas-del-ayuntamiento-de-pamplona-nbici-se-interrumpe-72-horas-por-razones-tecnicas\/","url":"https:\/\/www.laguiadepamplona.com\/actualidad\/el-servicio-de-prestamo-de-bicicletas-publicas-del-ayuntamiento-de-pamplona-nbici-se-interrumpe-72-horas-por-razones-tecnicas\/","name":"El servicio de pr\u00e9stamo de bicicletas p\u00fablicas del Ayuntamiento de Pamplona (nbici) se interrumpe 72 horas por razones t\u00e9cnicas","isPartOf":{"@id":"https:\/\/www.laguiadepamplona.com\/actualidad\/#website"},"primaryImageOfPage":{"@id":"https:\/\/www.laguiadepamplona.com\/actualidad\/el-servicio-de-prestamo-de-bicicletas-publicas-del-ayuntamiento-de-pamplona-nbici-se-interrumpe-72-horas-por-razones-tecnicas\/#primaryimage"},"image":{"@id":"https:\/\/www.laguiadepamplona.com\/actualidad\/el-servicio-de-prestamo-de-bicicletas-publicas-del-ayuntamiento-de-pamplona-nbici-se-interrumpe-72-horas-por-razones-tecnicas\/#primaryimage"},"thumbnailUrl":"https:\/\/www.laguiadepamplona.com\/actualidad\/wp-content\/uploads\/2017\/01\/bici-urbano-casco.jpg","datePublished":"2017-05-16T10:52:07+00:00","breadcrumb":{"@id":"https:\/\/www.laguiadepamplona.com\/actualidad\/el-servicio-de-prestamo-de-bicicletas-publicas-del-ayuntamiento-de-pamplona-nbici-se-interrumpe-72-horas-por-razones-tecnicas\/#breadcrumb"},"inLanguage":"es","potentialAction":[{"@type":"ReadAction","target":["https:\/\/www.laguiadepamplona.com\/actualidad\/el-servicio-de-prestamo-de-bicicletas-publicas-del-ayuntamiento-de-pamplona-nbici-se-interrumpe-72-horas-por-razones-tecnicas\/"]}]},{"@type":"ImageObject","inLanguage":"es","@id":"https:\/\/www.laguiadepamplona.com\/actualidad\/el-servicio-de-prestamo-de-bicicletas-publicas-del-ayuntamiento-de-pamplona-nbici-se-interrumpe-72-horas-por-razones-tecnicas\/#primaryimage","url":"https:\/\/www.laguiadepamplona.com\/actualidad\/wp-content\/uploads\/2017\/01\/bici-urbano-casco.jpg","contentUrl":"https:\/\/www.laguiadepamplona.com\/actualidad\/wp-content\/uploads\/2017\/01\/bici-urbano-casco.jpg","width":859,"height":483},{"@type":"BreadcrumbList","@id":"https:\/\/www.laguiadepamplona.com\/actualidad\/el-servicio-de-prestamo-de-bicicletas-publicas-del-ayuntamiento-de-pamplona-nbici-se-interrumpe-72-horas-por-razones-tecnicas\/#breadcrumb","itemListElement":[{"@type":"ListItem","position":1,"name":"Portada","item":"https:\/\/www.laguiadepamplona.com\/actualidad\/"},{"@type":"ListItem","position":2,"name":"El servicio de pr\u00e9stamo de bicicletas p\u00fablicas del Ayuntamiento de Pamplona (nbici) se interrumpe 72 horas por razones t\u00e9cnicas"}]},{"@type":"WebSite","@id":"https:\/\/www.laguiadepamplona.com\/actualidad\/#website","url":"https:\/\/www.laguiadepamplona.com\/actualidad\/","name":"La gu\u00eda de Pamplona","description":"Noticias de Pamplona","publisher":{"@id":"https:\/\/www.laguiadepamplona.com\/actualidad\/#organization"},"potentialAction":[{"@type":"SearchAction","target":{"@type":"EntryPoint","urlTemplate":"https:\/\/www.laguiadepamplona.com\/actualidad\/?s={search_term_string}"},"query-input":{"@type":"PropertyValueSpecification","valueRequired":true,"valueName":"search_term_string"}}],"inLanguage":"es"},{"@type":"Organization","@id":"https:\/\/www.laguiadepamplona.com\/actualidad\/#organization","name":"La Gu\u00eda de Pamplona \/ Noticias","url":"https:\/\/www.laguiadepamplona.com\/actualidad\/","logo":{"@type":"ImageObject","inLanguage":"es","@id":"https:\/\/www.laguiadepamplona.com\/actualidad\/#\/schema\/logo\/image\/","url":"https:\/\/www.laguiadepamplona.com\/actualidad\/wp-content\/uploads\/2018\/11\/logo-laguiadepamplona18-web1.png","contentUrl":"https:\/\/www.laguiadepamplona.com\/actualidad\/wp-content\/uploads\/2018\/11\/logo-laguiadepamplona18-web1.png","width":600,"height":196,"caption":"La Gu\u00eda de Pamplona \/ Noticias"},"image":{"@id":"https:\/\/www.laguiadepamplona.com\/actualidad\/#\/schema\/logo\/image\/"},"sameAs":["https:\/\/www.facebook.com\/laguiadepamplonacom-133175176762273\/?ref=hl","https:\/\/x.com\/LaGuiadPamplona","https:\/\/www.instagram.com\/la_guia_de_pamplona\/","https:\/\/www.youtube.com\/user\/laguiadepamplona"]},{"@type":"Person","@id":"https:\/\/www.laguiadepamplona.com\/actualidad\/#\/schema\/person\/efe887376f0213d4657c93adc50b1fdb","name":"La Gu\u00eda de Pamplona","image":{"@type":"ImageObject","inLanguage":"es","@id":"https:\/\/secure.gravatar.com\/avatar\/b6992f131dc8d30ab0dff15446e9d346d9dbd95992de0fef795073f5ea83a81c?s=96&d=mm&r=g","url":"https:\/\/secure.gravatar.com\/avatar\/b6992f131dc8d30ab0dff15446e9d346d9dbd95992de0fef795073f5ea83a81c?s=96&d=mm&r=g","contentUrl":"https:\/\/secure.gravatar.com\/avatar\/b6992f131dc8d30ab0dff15446e9d346d9dbd95992de0fef795073f5ea83a81c?s=96&d=mm&r=g","caption":"La Gu\u00eda de Pamplona"}}]}},"post_mailing_queue_ids":[],"_links":{"self":[{"href":"https:\/\/www.laguiadepamplona.com\/actualidad\/wp-json\/wp\/v2\/posts\/13027","targetHints":{"allow":["GET"]}}],"collection":[{"href":"https:\/\/www.laguiadepamplona.com\/actualidad\/wp-json\/wp\/v2\/posts"}],"about":[{"href":"https:\/\/www.laguiadepamplona.com\/actualidad\/wp-json\/wp\/v2\/types\/post"}],"author":[{"embeddable":true,"href":"https:\/\/www.laguiadepamplona.com\/actualidad\/wp-json\/wp\/v2\/users\/1"}],"replies":[{"embeddable":true,"href":"https:\/\/www.laguiadepamplona.com\/actualidad\/wp-json\/wp\/v2\/comments?post=13027"}],"version-history":[{"count":0,"href":"https:\/\/www.laguiadepamplona.com\/actualidad\/wp-json\/wp\/v2\/posts\/13027\/revisions"}],"wp:featuredmedia":[{"embeddable":true,"href":"https:\/\/www.laguiadepamplona.com\/actualidad\/wp-json\/wp\/v2\/media\/11470"}],"wp:attachment":[{"href":"https:\/\/www.laguiadepamplona.com\/actualidad\/wp-json\/wp\/v2\/media?parent=13027"}],"wp:term":[{"taxonomy":"category","embeddable":true,"href":"https:\/\/www.laguiadepamplona.com\/actualidad\/wp-json\/wp\/v2\/categories?post=13027"},{"taxonomy":"post_tag","embeddable":true,"href":"https:\/\/www.laguiadepamplona.com\/actualidad\/wp-json\/wp\/v2\/tags?post=13027"}],"curies":[{"name":"wp","href":"https:\/\/api.w.org\/{rel}","templated":true}]}}