{"id":1243,"date":"2014-04-15T17:35:30","date_gmt":"2014-04-15T16:35:30","guid":{"rendered":"http:\/\/laguiadepamplona.es\/noticias\/?p=1243"},"modified":"2014-04-15T17:35:30","modified_gmt":"2014-04-15T16:35:30","slug":"este-jueves-tendra-lugar-la-funcion-de-las-cinco-llagas-en-la-iglesia-de-san-agustin-en-cumplimiento-de-el-voto-que-se-acordo-en-el-ano-1600-por-la-remision-de-la-peste","status":"publish","type":"post","link":"https:\/\/www.laguiadepamplona.com\/actualidad\/este-jueves-tendra-lugar-la-funcion-de-las-cinco-llagas-en-la-iglesia-de-san-agustin-en-cumplimiento-de-el-voto-que-se-acordo-en-el-ano-1600-por-la-remision-de-la-peste\/","title":{"rendered":"Este jueves tendr\u00e1 lugar la Funci\u00f3n de las Cinco Llagas en la Iglesia de San Agust\u00edn, en cumplimiento de el voto que se acord\u00f3 en el a\u00f1o 1600 por la remisi\u00f3n de la Peste"},"content":{"rendered":"<h5>Es el \u00fanico acto de la Semana Santa pamplonesa al que la Corporaci\u00f3n acude en \u2018Cuerpo de ciudad\u2019<\/h5>\n<p><a href=\"http:\/\/laguiadepamplona.es\/noticias\/wp-content\/uploads\/2014\/04\/Funci\u00f3n-de-las-Cinco-Llagas.jpg\"><img loading=\"lazy\" decoding=\"async\" class=\"alignleft size-medium wp-image-1244\" alt=\"Funci\u00f3n de las Cinco Llagas\" src=\"http:\/\/laguiadepamplona.es\/noticias\/wp-content\/uploads\/2014\/04\/Funci\u00f3n-de-las-Cinco-Llagas-300x225.jpg\" width=\"300\" height=\"225\" \/><\/a>Este pr\u00f3ximo jueves en Pamplona tendr\u00e1 lugar la Funci\u00f3n de las Cinco Llagas. Es el \u00fanico acto de la Semana Santa enteramente municipal, ya que desde hace m\u00e1s de cuatro siglos el d\u00eda de Jueves Santo la Corporaci\u00f3n de Pamplona asiste en \u2018Cuerpo de ciudad\u2019 a la Iglesia de San Agust\u00edn, para renovar el voto que los regidores de la ciudad acordaron el 2 de septiembre del a\u00f1o 1600, un a\u00f1o despu\u00e9s del fin de una epidemia de Peste Bub\u00f3nica.<\/p>\n<p>El jueves a las 17.25 horas, la Corporaci\u00f3n municipal saldr\u00e1 en comitiva desde la Casa Consistorial, con los corporativos provistos de cadenas, medallas y bast\u00f3n, ellos con frac y chistera y ellas con traje de gala y mant\u00f3n, para dirigirse a esta funci\u00f3n lit\u00fargica recorriendo las calles Mercaderes y Calderer\u00eda hasta llegar al templo.<\/p>\n<p>Es el \u00fanico momento del a\u00f1o en el que las medallas de los Corporativos cuelgan por el reverso del emblema, el espacio d\u00f3nde figura la representaci\u00f3n de las Cinco Llagas. Como describ\u00eda Prem\u00edn de Iru\u00f1a en 1932 \u201csobre fondo de oro las cinco llagas (&#8230;) esmaltadas en color rojo a modo de sangre, y por orla la corona de espinas de color verde\u201d. En el anverso de la medalla oficial est\u00e1 el escudo de la ciudad. El acto en s\u00ed comenzar\u00e1 a las 17.30 horas.<\/p>\n<p><strong>Una procesi\u00f3n \u201cinterior\u201d<\/strong><\/p>\n<p>Es esta una procesi\u00f3n peculiar, que transcurre por el interior del templo, aunque no siempre fue as\u00ed. Hoy en d\u00eda la Corporaci\u00f3n, presidida por el alcalde de Pamplona Enrique Maya, se colocar\u00e1 en el Altar Mayor y, tras al saludo del p\u00e1rroco, se iniciar\u00e1 el recorrido de la comitiva. La encabezar\u00e1n los hermanos de la Hermandad de la Pasi\u00f3n con los hachones, la bandera \u2018de luto\u2019 de la ciudad, con su portador y los dos borlistas, seguidos por el Cabildo Catedralicio. Tras ellos va, en andas portadas por cuatro personas, la efigie de las Cinco Llagas. A continuaci\u00f3n se disponen los maceros, el resto de la Corporaci\u00f3n municipal y, cerrando la comitiva, la Polic\u00eda Municipal en traje de gala.<\/p>\n<p>Tras la procesi\u00f3n en el templo, la Corporaci\u00f3n vuelve al Altar Mayor de la iglesia para escuchar la alocuci\u00f3n del p\u00e1rroco. Finalizado la Funci\u00f3n, alrededor de las 18 horas, la Corporaci\u00f3n se trasladar\u00e1 a la Catedral de Pamplona para participar en los Oficios y la Misa \u2018In Coena Domini\u2019. La jornada concluir\u00e1 en la iglesia de San Saturnino, templo al que est\u00e1 adscrito el Ayuntamiento, donde se realizar\u00e1 la tradicional visita al Monumento.<\/p>\n<p><strong>\u201cLas Cinco Llagas de Nuestro Se\u00f1or\u201d<\/strong><\/p>\n<p>Las Cinco Llagas es un paso que se lleva en andas; una imagen policromada de un Sagrado Coraz\u00f3n que descansa sobre las manos de dos \u00e1ngeles arrodillados. El Sagrado Coraz\u00f3n tiene tallado en su superficie la representaci\u00f3n de las heridas de la Crucifixi\u00f3n: las llagas de las extremidades del Crucificado y la que, seg\u00fan las Escrituras, le infligi\u00f3 la lanza de Longinos en un costado, circundadas por la corona de espinas.<\/p>\n<p>El Voto de las Cinco Llagas, es uno de los diez que compromet\u00edan a la ciudad. \u00c9ste se instaur\u00f3 en el a\u00f1o 1600 como acci\u00f3n de gracias por la erradicaci\u00f3n de la peste que, a\u00f1o anterior, asol\u00f3 la ciudad y diezm\u00f3 a la poblaci\u00f3n. Como recoge el historiador Juan Jos\u00e9 Martinena, contaba el escribano Mart\u00edn de Senosiain, Secretario del Ayuntamiento, que en el a\u00f1o 1599 un fraile franciscano de Calahorra, tras recibir una comunicaci\u00f3n divina, transmiti\u00f3 a su superior, y \u00e9ste al obispo de la ciudad, c\u00f3mo acabar con la peste que azotaba Pamplona.<\/p>\n<p>El remedio, que al parecer funcion\u00f3 y seg\u00fan los cronistas erradic\u00f3 la enfermedad, era que la poblaci\u00f3n portara sobre el pecho descubierto durante 15 d\u00edas la imagen impresa en papel o pergamino de las Cinco Llagas, adem\u00e1s de realizar una procesi\u00f3n en Jueves Santo con las \u201csagradas insignias\u201d en andas. La ciudad se volc\u00f3, muchas fueron las procesiones y veneraciones de las que hay noticia, y cuentan las cr\u00f3nicas que en el plazo fijado por el sue\u00f1o del monje, la peste termin\u00f3.<\/p>\n<p>El Consistorio elev\u00f3 al a\u00f1o siguiente el Voto a acuerdo municipal y se estipul\u00f3 su celebraci\u00f3n peri\u00f3dica que, como recoge Juan Jos\u00e9 Martinena, se sigui\u00f3 cumpliendo salvo en periodos como la Francesada de 1809, los a\u00f1os de la Desamortizaci\u00f3n de Mendiz\u00e1bal o durante la II Rep\u00fablica.<\/p>\n<p>&nbsp;<\/p>\n","protected":false},"excerpt":{"rendered":"<p>Es el \u00fanico acto de la Semana Santa pamplonesa al que la Corporaci\u00f3n acude en \u2018Cuerpo de ciudad\u2019 Este pr\u00f3ximo jueves en Pamplona tendr\u00e1 lugar la Funci\u00f3n de las Cinco&#8230;<\/p>\n","protected":false},"author":1,"featured_media":1244,"comment_status":"open","ping_status":"open","sticky":false,"template":"","format":"standard","meta":{"footnotes":""},"categories":[2],"tags":[5,854,6,855,856,8,9,857],"class_list":["post-1243","post","type-post","status-publish","format-standard","has-post-thumbnail","hentry","category-ayuntamiento-pamplona","tag-actualidad","tag-ano-1600","tag-ayto-pamplona","tag-funcion-de-las-cinco-llagas","tag-iglesia-de-san-agustin","tag-noticias","tag-pamplona","tag-voto"],"yoast_head":"<!-- This site is optimized with the Yoast SEO plugin v27.5 - https:\/\/yoast.com\/product\/yoast-seo-wordpress\/ -->\n<title>Este jueves tendr\u00e1 lugar la Funci\u00f3n de las Cinco Llagas en la Iglesia de San Agust\u00edn, en cumplimiento de el voto que se acord\u00f3 en el a\u00f1o 1600 por la remisi\u00f3n de la Peste<\/title>\n<meta name=\"robots\" content=\"index, follow, max-snippet:-1, max-image-preview:large, max-video-preview:-1\" \/>\n<link rel=\"canonical\" href=\"https:\/\/www.laguiadepamplona.com\/actualidad\/este-jueves-tendra-lugar-la-funcion-de-las-cinco-llagas-en-la-iglesia-de-san-agustin-en-cumplimiento-de-el-voto-que-se-acordo-en-el-ano-1600-por-la-remision-de-la-peste\/\" \/>\n<meta property=\"og:locale\" content=\"es_ES\" \/>\n<meta property=\"og:type\" content=\"article\" \/>\n<meta property=\"og:title\" content=\"Este jueves tendr\u00e1 lugar la Funci\u00f3n de las Cinco Llagas en la Iglesia de San Agust\u00edn, en cumplimiento de el voto que se acord\u00f3 en el a\u00f1o 1600 por la remisi\u00f3n de la Peste\" \/>\n<meta property=\"og:description\" content=\"Es el \u00fanico acto de la Semana Santa pamplonesa al que la Corporaci\u00f3n acude en \u2018Cuerpo de ciudad\u2019 Este pr\u00f3ximo jueves en Pamplona tendr\u00e1 lugar la Funci\u00f3n de las Cinco...\" \/>\n<meta property=\"og:url\" content=\"https:\/\/www.laguiadepamplona.com\/actualidad\/este-jueves-tendra-lugar-la-funcion-de-las-cinco-llagas-en-la-iglesia-de-san-agustin-en-cumplimiento-de-el-voto-que-se-acordo-en-el-ano-1600-por-la-remision-de-la-peste\/\" \/>\n<meta property=\"og:site_name\" content=\"La Gu\u00eda de Pamplona\" \/>\n<meta property=\"article:publisher\" content=\"https:\/\/www.facebook.com\/laguiadepamplonacom-133175176762273\/?ref=hl\" \/>\n<meta property=\"article:published_time\" content=\"2014-04-15T16:35:30+00:00\" \/>\n<meta name=\"author\" content=\"La Gu\u00eda de Pamplona\" \/>\n<meta name=\"twitter:card\" content=\"summary_large_image\" \/>\n<meta name=\"twitter:creator\" content=\"@LaGuiadPamplona\" \/>\n<meta name=\"twitter:site\" content=\"@LaGuiadPamplona\" \/>\n<meta name=\"twitter:label1\" content=\"Escrito por\" \/>\n\t<meta name=\"twitter:data1\" content=\"La Gu\u00eda de Pamplona\" \/>\n\t<meta name=\"twitter:label2\" content=\"Tiempo de lectura\" \/>\n\t<meta name=\"twitter:data2\" content=\"4 minutos\" \/>\n<script type=\"application\/ld+json\" class=\"yoast-schema-graph\">{\"@context\":\"https:\\\/\\\/schema.org\",\"@graph\":[{\"@type\":\"Article\",\"@id\":\"https:\\\/\\\/www.laguiadepamplona.com\\\/actualidad\\\/este-jueves-tendra-lugar-la-funcion-de-las-cinco-llagas-en-la-iglesia-de-san-agustin-en-cumplimiento-de-el-voto-que-se-acordo-en-el-ano-1600-por-la-remision-de-la-peste\\\/#article\",\"isPartOf\":{\"@id\":\"https:\\\/\\\/www.laguiadepamplona.com\\\/actualidad\\\/este-jueves-tendra-lugar-la-funcion-de-las-cinco-llagas-en-la-iglesia-de-san-agustin-en-cumplimiento-de-el-voto-que-se-acordo-en-el-ano-1600-por-la-remision-de-la-peste\\\/\"},\"author\":{\"name\":\"La Gu\u00eda de Pamplona\",\"@id\":\"https:\\\/\\\/www.laguiadepamplona.com\\\/actualidad\\\/#\\\/schema\\\/person\\\/efe887376f0213d4657c93adc50b1fdb\"},\"headline\":\"Este jueves tendr\u00e1 lugar la Funci\u00f3n de las Cinco Llagas en la Iglesia de San Agust\u00edn, en cumplimiento de el voto que se acord\u00f3 en el a\u00f1o 1600 por la remisi\u00f3n de la Peste\",\"datePublished\":\"2014-04-15T16:35:30+00:00\",\"mainEntityOfPage\":{\"@id\":\"https:\\\/\\\/www.laguiadepamplona.com\\\/actualidad\\\/este-jueves-tendra-lugar-la-funcion-de-las-cinco-llagas-en-la-iglesia-de-san-agustin-en-cumplimiento-de-el-voto-que-se-acordo-en-el-ano-1600-por-la-remision-de-la-peste\\\/\"},\"wordCount\":827,\"commentCount\":0,\"publisher\":{\"@id\":\"https:\\\/\\\/www.laguiadepamplona.com\\\/actualidad\\\/#organization\"},\"image\":{\"@id\":\"https:\\\/\\\/www.laguiadepamplona.com\\\/actualidad\\\/este-jueves-tendra-lugar-la-funcion-de-las-cinco-llagas-en-la-iglesia-de-san-agustin-en-cumplimiento-de-el-voto-que-se-acordo-en-el-ano-1600-por-la-remision-de-la-peste\\\/#primaryimage\"},\"thumbnailUrl\":\"\",\"keywords\":[\"actualidad\",\"a\u00f1o 1600\",\"ayto pamplona\",\"Funci\u00f3n de las Cinco Llagas\",\"Iglesia de San Agust\u00edn\",\"noticias\",\"pamplona\",\"voto\"],\"articleSection\":[\"Ayto Pamplona\"],\"inLanguage\":\"es\",\"potentialAction\":[{\"@type\":\"CommentAction\",\"name\":\"Comment\",\"target\":[\"https:\\\/\\\/www.laguiadepamplona.com\\\/actualidad\\\/este-jueves-tendra-lugar-la-funcion-de-las-cinco-llagas-en-la-iglesia-de-san-agustin-en-cumplimiento-de-el-voto-que-se-acordo-en-el-ano-1600-por-la-remision-de-la-peste\\\/#respond\"]}]},{\"@type\":\"WebPage\",\"@id\":\"https:\\\/\\\/www.laguiadepamplona.com\\\/actualidad\\\/este-jueves-tendra-lugar-la-funcion-de-las-cinco-llagas-en-la-iglesia-de-san-agustin-en-cumplimiento-de-el-voto-que-se-acordo-en-el-ano-1600-por-la-remision-de-la-peste\\\/\",\"url\":\"https:\\\/\\\/www.laguiadepamplona.com\\\/actualidad\\\/este-jueves-tendra-lugar-la-funcion-de-las-cinco-llagas-en-la-iglesia-de-san-agustin-en-cumplimiento-de-el-voto-que-se-acordo-en-el-ano-1600-por-la-remision-de-la-peste\\\/\",\"name\":\"Este jueves tendr\u00e1 lugar la Funci\u00f3n de las Cinco Llagas en la Iglesia de San Agust\u00edn, en cumplimiento de el voto que se acord\u00f3 en el a\u00f1o 1600 por la remisi\u00f3n de la Peste\",\"isPartOf\":{\"@id\":\"https:\\\/\\\/www.laguiadepamplona.com\\\/actualidad\\\/#website\"},\"primaryImageOfPage\":{\"@id\":\"https:\\\/\\\/www.laguiadepamplona.com\\\/actualidad\\\/este-jueves-tendra-lugar-la-funcion-de-las-cinco-llagas-en-la-iglesia-de-san-agustin-en-cumplimiento-de-el-voto-que-se-acordo-en-el-ano-1600-por-la-remision-de-la-peste\\\/#primaryimage\"},\"image\":{\"@id\":\"https:\\\/\\\/www.laguiadepamplona.com\\\/actualidad\\\/este-jueves-tendra-lugar-la-funcion-de-las-cinco-llagas-en-la-iglesia-de-san-agustin-en-cumplimiento-de-el-voto-que-se-acordo-en-el-ano-1600-por-la-remision-de-la-peste\\\/#primaryimage\"},\"thumbnailUrl\":\"\",\"datePublished\":\"2014-04-15T16:35:30+00:00\",\"breadcrumb\":{\"@id\":\"https:\\\/\\\/www.laguiadepamplona.com\\\/actualidad\\\/este-jueves-tendra-lugar-la-funcion-de-las-cinco-llagas-en-la-iglesia-de-san-agustin-en-cumplimiento-de-el-voto-que-se-acordo-en-el-ano-1600-por-la-remision-de-la-peste\\\/#breadcrumb\"},\"inLanguage\":\"es\",\"potentialAction\":[{\"@type\":\"ReadAction\",\"target\":[\"https:\\\/\\\/www.laguiadepamplona.com\\\/actualidad\\\/este-jueves-tendra-lugar-la-funcion-de-las-cinco-llagas-en-la-iglesia-de-san-agustin-en-cumplimiento-de-el-voto-que-se-acordo-en-el-ano-1600-por-la-remision-de-la-peste\\\/\"]}]},{\"@type\":\"ImageObject\",\"inLanguage\":\"es\",\"@id\":\"https:\\\/\\\/www.laguiadepamplona.com\\\/actualidad\\\/este-jueves-tendra-lugar-la-funcion-de-las-cinco-llagas-en-la-iglesia-de-san-agustin-en-cumplimiento-de-el-voto-que-se-acordo-en-el-ano-1600-por-la-remision-de-la-peste\\\/#primaryimage\",\"url\":\"\",\"contentUrl\":\"\"},{\"@type\":\"BreadcrumbList\",\"@id\":\"https:\\\/\\\/www.laguiadepamplona.com\\\/actualidad\\\/este-jueves-tendra-lugar-la-funcion-de-las-cinco-llagas-en-la-iglesia-de-san-agustin-en-cumplimiento-de-el-voto-que-se-acordo-en-el-ano-1600-por-la-remision-de-la-peste\\\/#breadcrumb\",\"itemListElement\":[{\"@type\":\"ListItem\",\"position\":1,\"name\":\"Portada\",\"item\":\"https:\\\/\\\/www.laguiadepamplona.com\\\/actualidad\\\/\"},{\"@type\":\"ListItem\",\"position\":2,\"name\":\"Este jueves tendr\u00e1 lugar la Funci\u00f3n de las Cinco Llagas en la Iglesia de San Agust\u00edn, en cumplimiento de el voto que se acord\u00f3 en el a\u00f1o 1600 por la remisi\u00f3n de la Peste\"}]},{\"@type\":\"WebSite\",\"@id\":\"https:\\\/\\\/www.laguiadepamplona.com\\\/actualidad\\\/#website\",\"url\":\"https:\\\/\\\/www.laguiadepamplona.com\\\/actualidad\\\/\",\"name\":\"La gu\u00eda de Pamplona\",\"description\":\"Noticias de Pamplona\",\"publisher\":{\"@id\":\"https:\\\/\\\/www.laguiadepamplona.com\\\/actualidad\\\/#organization\"},\"potentialAction\":[{\"@type\":\"SearchAction\",\"target\":{\"@type\":\"EntryPoint\",\"urlTemplate\":\"https:\\\/\\\/www.laguiadepamplona.com\\\/actualidad\\\/?s={search_term_string}\"},\"query-input\":{\"@type\":\"PropertyValueSpecification\",\"valueRequired\":true,\"valueName\":\"search_term_string\"}}],\"inLanguage\":\"es\"},{\"@type\":\"Organization\",\"@id\":\"https:\\\/\\\/www.laguiadepamplona.com\\\/actualidad\\\/#organization\",\"name\":\"La Gu\u00eda de Pamplona \\\/ Noticias\",\"url\":\"https:\\\/\\\/www.laguiadepamplona.com\\\/actualidad\\\/\",\"logo\":{\"@type\":\"ImageObject\",\"inLanguage\":\"es\",\"@id\":\"https:\\\/\\\/www.laguiadepamplona.com\\\/actualidad\\\/#\\\/schema\\\/logo\\\/image\\\/\",\"url\":\"https:\\\/\\\/www.laguiadepamplona.com\\\/actualidad\\\/wp-content\\\/uploads\\\/2018\\\/11\\\/logo-laguiadepamplona18-web1.png\",\"contentUrl\":\"https:\\\/\\\/www.laguiadepamplona.com\\\/actualidad\\\/wp-content\\\/uploads\\\/2018\\\/11\\\/logo-laguiadepamplona18-web1.png\",\"width\":600,\"height\":196,\"caption\":\"La Gu\u00eda de Pamplona \\\/ Noticias\"},\"image\":{\"@id\":\"https:\\\/\\\/www.laguiadepamplona.com\\\/actualidad\\\/#\\\/schema\\\/logo\\\/image\\\/\"},\"sameAs\":[\"https:\\\/\\\/www.facebook.com\\\/laguiadepamplonacom-133175176762273\\\/?ref=hl\",\"https:\\\/\\\/x.com\\\/LaGuiadPamplona\",\"https:\\\/\\\/www.instagram.com\\\/la_guia_de_pamplona\\\/\",\"https:\\\/\\\/www.youtube.com\\\/user\\\/laguiadepamplona\"]},{\"@type\":\"Person\",\"@id\":\"https:\\\/\\\/www.laguiadepamplona.com\\\/actualidad\\\/#\\\/schema\\\/person\\\/efe887376f0213d4657c93adc50b1fdb\",\"name\":\"La Gu\u00eda de Pamplona\",\"image\":{\"@type\":\"ImageObject\",\"inLanguage\":\"es\",\"@id\":\"https:\\\/\\\/secure.gravatar.com\\\/avatar\\\/b6992f131dc8d30ab0dff15446e9d346d9dbd95992de0fef795073f5ea83a81c?s=96&d=mm&r=g\",\"url\":\"https:\\\/\\\/secure.gravatar.com\\\/avatar\\\/b6992f131dc8d30ab0dff15446e9d346d9dbd95992de0fef795073f5ea83a81c?s=96&d=mm&r=g\",\"contentUrl\":\"https:\\\/\\\/secure.gravatar.com\\\/avatar\\\/b6992f131dc8d30ab0dff15446e9d346d9dbd95992de0fef795073f5ea83a81c?s=96&d=mm&r=g\",\"caption\":\"La Gu\u00eda de Pamplona\"}}]}<\/script>\n<!-- \/ Yoast SEO plugin. -->","yoast_head_json":{"title":"Este jueves tendr\u00e1 lugar la Funci\u00f3n de las Cinco Llagas en la Iglesia de San Agust\u00edn, en cumplimiento de el voto que se acord\u00f3 en el a\u00f1o 1600 por la remisi\u00f3n de la Peste","robots":{"index":"index","follow":"follow","max-snippet":"max-snippet:-1","max-image-preview":"max-image-preview:large","max-video-preview":"max-video-preview:-1"},"canonical":"https:\/\/www.laguiadepamplona.com\/actualidad\/este-jueves-tendra-lugar-la-funcion-de-las-cinco-llagas-en-la-iglesia-de-san-agustin-en-cumplimiento-de-el-voto-que-se-acordo-en-el-ano-1600-por-la-remision-de-la-peste\/","og_locale":"es_ES","og_type":"article","og_title":"Este jueves tendr\u00e1 lugar la Funci\u00f3n de las Cinco Llagas en la Iglesia de San Agust\u00edn, en cumplimiento de el voto que se acord\u00f3 en el a\u00f1o 1600 por la remisi\u00f3n de la Peste","og_description":"Es el \u00fanico acto de la Semana Santa pamplonesa al que la Corporaci\u00f3n acude en \u2018Cuerpo de ciudad\u2019 Este pr\u00f3ximo jueves en Pamplona tendr\u00e1 lugar la Funci\u00f3n de las Cinco...","og_url":"https:\/\/www.laguiadepamplona.com\/actualidad\/este-jueves-tendra-lugar-la-funcion-de-las-cinco-llagas-en-la-iglesia-de-san-agustin-en-cumplimiento-de-el-voto-que-se-acordo-en-el-ano-1600-por-la-remision-de-la-peste\/","og_site_name":"La Gu\u00eda de Pamplona","article_publisher":"https:\/\/www.facebook.com\/laguiadepamplonacom-133175176762273\/?ref=hl","article_published_time":"2014-04-15T16:35:30+00:00","author":"La Gu\u00eda de Pamplona","twitter_card":"summary_large_image","twitter_creator":"@LaGuiadPamplona","twitter_site":"@LaGuiadPamplona","twitter_misc":{"Escrito por":"La Gu\u00eda de Pamplona","Tiempo de lectura":"4 minutos"},"schema":{"@context":"https:\/\/schema.org","@graph":[{"@type":"Article","@id":"https:\/\/www.laguiadepamplona.com\/actualidad\/este-jueves-tendra-lugar-la-funcion-de-las-cinco-llagas-en-la-iglesia-de-san-agustin-en-cumplimiento-de-el-voto-que-se-acordo-en-el-ano-1600-por-la-remision-de-la-peste\/#article","isPartOf":{"@id":"https:\/\/www.laguiadepamplona.com\/actualidad\/este-jueves-tendra-lugar-la-funcion-de-las-cinco-llagas-en-la-iglesia-de-san-agustin-en-cumplimiento-de-el-voto-que-se-acordo-en-el-ano-1600-por-la-remision-de-la-peste\/"},"author":{"name":"La Gu\u00eda de Pamplona","@id":"https:\/\/www.laguiadepamplona.com\/actualidad\/#\/schema\/person\/efe887376f0213d4657c93adc50b1fdb"},"headline":"Este jueves tendr\u00e1 lugar la Funci\u00f3n de las Cinco Llagas en la Iglesia de San Agust\u00edn, en cumplimiento de el voto que se acord\u00f3 en el a\u00f1o 1600 por la remisi\u00f3n de la Peste","datePublished":"2014-04-15T16:35:30+00:00","mainEntityOfPage":{"@id":"https:\/\/www.laguiadepamplona.com\/actualidad\/este-jueves-tendra-lugar-la-funcion-de-las-cinco-llagas-en-la-iglesia-de-san-agustin-en-cumplimiento-de-el-voto-que-se-acordo-en-el-ano-1600-por-la-remision-de-la-peste\/"},"wordCount":827,"commentCount":0,"publisher":{"@id":"https:\/\/www.laguiadepamplona.com\/actualidad\/#organization"},"image":{"@id":"https:\/\/www.laguiadepamplona.com\/actualidad\/este-jueves-tendra-lugar-la-funcion-de-las-cinco-llagas-en-la-iglesia-de-san-agustin-en-cumplimiento-de-el-voto-que-se-acordo-en-el-ano-1600-por-la-remision-de-la-peste\/#primaryimage"},"thumbnailUrl":"","keywords":["actualidad","a\u00f1o 1600","ayto pamplona","Funci\u00f3n de las Cinco Llagas","Iglesia de San Agust\u00edn","noticias","pamplona","voto"],"articleSection":["Ayto Pamplona"],"inLanguage":"es","potentialAction":[{"@type":"CommentAction","name":"Comment","target":["https:\/\/www.laguiadepamplona.com\/actualidad\/este-jueves-tendra-lugar-la-funcion-de-las-cinco-llagas-en-la-iglesia-de-san-agustin-en-cumplimiento-de-el-voto-que-se-acordo-en-el-ano-1600-por-la-remision-de-la-peste\/#respond"]}]},{"@type":"WebPage","@id":"https:\/\/www.laguiadepamplona.com\/actualidad\/este-jueves-tendra-lugar-la-funcion-de-las-cinco-llagas-en-la-iglesia-de-san-agustin-en-cumplimiento-de-el-voto-que-se-acordo-en-el-ano-1600-por-la-remision-de-la-peste\/","url":"https:\/\/www.laguiadepamplona.com\/actualidad\/este-jueves-tendra-lugar-la-funcion-de-las-cinco-llagas-en-la-iglesia-de-san-agustin-en-cumplimiento-de-el-voto-que-se-acordo-en-el-ano-1600-por-la-remision-de-la-peste\/","name":"Este jueves tendr\u00e1 lugar la Funci\u00f3n de las Cinco Llagas en la Iglesia de San Agust\u00edn, en cumplimiento de el voto que se acord\u00f3 en el a\u00f1o 1600 por la remisi\u00f3n de la Peste","isPartOf":{"@id":"https:\/\/www.laguiadepamplona.com\/actualidad\/#website"},"primaryImageOfPage":{"@id":"https:\/\/www.laguiadepamplona.com\/actualidad\/este-jueves-tendra-lugar-la-funcion-de-las-cinco-llagas-en-la-iglesia-de-san-agustin-en-cumplimiento-de-el-voto-que-se-acordo-en-el-ano-1600-por-la-remision-de-la-peste\/#primaryimage"},"image":{"@id":"https:\/\/www.laguiadepamplona.com\/actualidad\/este-jueves-tendra-lugar-la-funcion-de-las-cinco-llagas-en-la-iglesia-de-san-agustin-en-cumplimiento-de-el-voto-que-se-acordo-en-el-ano-1600-por-la-remision-de-la-peste\/#primaryimage"},"thumbnailUrl":"","datePublished":"2014-04-15T16:35:30+00:00","breadcrumb":{"@id":"https:\/\/www.laguiadepamplona.com\/actualidad\/este-jueves-tendra-lugar-la-funcion-de-las-cinco-llagas-en-la-iglesia-de-san-agustin-en-cumplimiento-de-el-voto-que-se-acordo-en-el-ano-1600-por-la-remision-de-la-peste\/#breadcrumb"},"inLanguage":"es","potentialAction":[{"@type":"ReadAction","target":["https:\/\/www.laguiadepamplona.com\/actualidad\/este-jueves-tendra-lugar-la-funcion-de-las-cinco-llagas-en-la-iglesia-de-san-agustin-en-cumplimiento-de-el-voto-que-se-acordo-en-el-ano-1600-por-la-remision-de-la-peste\/"]}]},{"@type":"ImageObject","inLanguage":"es","@id":"https:\/\/www.laguiadepamplona.com\/actualidad\/este-jueves-tendra-lugar-la-funcion-de-las-cinco-llagas-en-la-iglesia-de-san-agustin-en-cumplimiento-de-el-voto-que-se-acordo-en-el-ano-1600-por-la-remision-de-la-peste\/#primaryimage","url":"","contentUrl":""},{"@type":"BreadcrumbList","@id":"https:\/\/www.laguiadepamplona.com\/actualidad\/este-jueves-tendra-lugar-la-funcion-de-las-cinco-llagas-en-la-iglesia-de-san-agustin-en-cumplimiento-de-el-voto-que-se-acordo-en-el-ano-1600-por-la-remision-de-la-peste\/#breadcrumb","itemListElement":[{"@type":"ListItem","position":1,"name":"Portada","item":"https:\/\/www.laguiadepamplona.com\/actualidad\/"},{"@type":"ListItem","position":2,"name":"Este jueves tendr\u00e1 lugar la Funci\u00f3n de las Cinco Llagas en la Iglesia de San Agust\u00edn, en cumplimiento de el voto que se acord\u00f3 en el a\u00f1o 1600 por la remisi\u00f3n de la Peste"}]},{"@type":"WebSite","@id":"https:\/\/www.laguiadepamplona.com\/actualidad\/#website","url":"https:\/\/www.laguiadepamplona.com\/actualidad\/","name":"La gu\u00eda de Pamplona","description":"Noticias de Pamplona","publisher":{"@id":"https:\/\/www.laguiadepamplona.com\/actualidad\/#organization"},"potentialAction":[{"@type":"SearchAction","target":{"@type":"EntryPoint","urlTemplate":"https:\/\/www.laguiadepamplona.com\/actualidad\/?s={search_term_string}"},"query-input":{"@type":"PropertyValueSpecification","valueRequired":true,"valueName":"search_term_string"}}],"inLanguage":"es"},{"@type":"Organization","@id":"https:\/\/www.laguiadepamplona.com\/actualidad\/#organization","name":"La Gu\u00eda de Pamplona \/ Noticias","url":"https:\/\/www.laguiadepamplona.com\/actualidad\/","logo":{"@type":"ImageObject","inLanguage":"es","@id":"https:\/\/www.laguiadepamplona.com\/actualidad\/#\/schema\/logo\/image\/","url":"https:\/\/www.laguiadepamplona.com\/actualidad\/wp-content\/uploads\/2018\/11\/logo-laguiadepamplona18-web1.png","contentUrl":"https:\/\/www.laguiadepamplona.com\/actualidad\/wp-content\/uploads\/2018\/11\/logo-laguiadepamplona18-web1.png","width":600,"height":196,"caption":"La Gu\u00eda de Pamplona \/ Noticias"},"image":{"@id":"https:\/\/www.laguiadepamplona.com\/actualidad\/#\/schema\/logo\/image\/"},"sameAs":["https:\/\/www.facebook.com\/laguiadepamplonacom-133175176762273\/?ref=hl","https:\/\/x.com\/LaGuiadPamplona","https:\/\/www.instagram.com\/la_guia_de_pamplona\/","https:\/\/www.youtube.com\/user\/laguiadepamplona"]},{"@type":"Person","@id":"https:\/\/www.laguiadepamplona.com\/actualidad\/#\/schema\/person\/efe887376f0213d4657c93adc50b1fdb","name":"La Gu\u00eda de Pamplona","image":{"@type":"ImageObject","inLanguage":"es","@id":"https:\/\/secure.gravatar.com\/avatar\/b6992f131dc8d30ab0dff15446e9d346d9dbd95992de0fef795073f5ea83a81c?s=96&d=mm&r=g","url":"https:\/\/secure.gravatar.com\/avatar\/b6992f131dc8d30ab0dff15446e9d346d9dbd95992de0fef795073f5ea83a81c?s=96&d=mm&r=g","contentUrl":"https:\/\/secure.gravatar.com\/avatar\/b6992f131dc8d30ab0dff15446e9d346d9dbd95992de0fef795073f5ea83a81c?s=96&d=mm&r=g","caption":"La Gu\u00eda de Pamplona"}}]}},"post_mailing_queue_ids":[],"_links":{"self":[{"href":"https:\/\/www.laguiadepamplona.com\/actualidad\/wp-json\/wp\/v2\/posts\/1243","targetHints":{"allow":["GET"]}}],"collection":[{"href":"https:\/\/www.laguiadepamplona.com\/actualidad\/wp-json\/wp\/v2\/posts"}],"about":[{"href":"https:\/\/www.laguiadepamplona.com\/actualidad\/wp-json\/wp\/v2\/types\/post"}],"author":[{"embeddable":true,"href":"https:\/\/www.laguiadepamplona.com\/actualidad\/wp-json\/wp\/v2\/users\/1"}],"replies":[{"embeddable":true,"href":"https:\/\/www.laguiadepamplona.com\/actualidad\/wp-json\/wp\/v2\/comments?post=1243"}],"version-history":[{"count":0,"href":"https:\/\/www.laguiadepamplona.com\/actualidad\/wp-json\/wp\/v2\/posts\/1243\/revisions"}],"wp:featuredmedia":[{"embeddable":true,"href":"https:\/\/www.laguiadepamplona.com\/actualidad\/wp-json\/"}],"wp:attachment":[{"href":"https:\/\/www.laguiadepamplona.com\/actualidad\/wp-json\/wp\/v2\/media?parent=1243"}],"wp:term":[{"taxonomy":"category","embeddable":true,"href":"https:\/\/www.laguiadepamplona.com\/actualidad\/wp-json\/wp\/v2\/categories?post=1243"},{"taxonomy":"post_tag","embeddable":true,"href":"https:\/\/www.laguiadepamplona.com\/actualidad\/wp-json\/wp\/v2\/tags?post=1243"}],"curies":[{"name":"wp","href":"https:\/\/api.w.org\/{rel}","templated":true}]}}