{"id":12373,"date":"2017-03-22T13:48:25","date_gmt":"2017-03-22T12:48:25","guid":{"rendered":"http:\/\/laguiadepamplona.es\/actualidad\/?p=12373"},"modified":"2017-03-22T13:48:25","modified_gmt":"2017-03-22T12:48:25","slug":"15-alumnos-han-comenzado-en-landaben-un-programa-de-formacion-y-empleo-sobre-carpinteria-y-mueble-disenado-por-el-ayuntamiento-de-pamplona-para-un-ano","status":"publish","type":"post","link":"https:\/\/www.laguiadepamplona.com\/actualidad\/15-alumnos-han-comenzado-en-landaben-un-programa-de-formacion-y-empleo-sobre-carpinteria-y-mueble-disenado-por-el-ayuntamiento-de-pamplona-para-un-ano\/","title":{"rendered":"15 alumnos han comenzado en Landaben un programa de formaci\u00f3n y empleo sobre \u2018Carpinter\u00eda y mueble\u2019, dise\u00f1ado por el Ayuntamiento de Pamplona para un a\u00f1o"},"content":{"rendered":"<h3>Es un programa de financiaci\u00f3n \u00edntegramente municipal y, durante el desarrollo del contrato, el alumnado tambi\u00e9n trabajar\u00e1 en entornos reales<\/h3>\n<p><!--more--><\/p>\n<p>Esta semana ha comenzado en las instalaciones municipales del Pol\u00edgono de Landaben el programa formativo de \u2018Carpinter\u00eda y mueble\u2019, un programa de financiaci\u00f3n \u00edntegramente municipal que est\u00e1 destinado a personas seleccionadas desde el \u00c1rea de Acci\u00f3n Social y Desarrollo Comunitario. La concejala delegada, Edurne Eguino, ha querido darle la bienvenida a las 15 personas que forman el alumnado en estos primeros d\u00edas. El grupo tiene una edad media de 28 a\u00f1os y sus integrantes estar\u00e1n contratados durante un a\u00f1o por el equivalente a un 32% de jornada, en alternancia formaci\u00f3n y trabajo pr\u00e1ctico (4,5 meses de etapa formativa y 7,5 meses de ejecuci\u00f3n de obras).<\/p>\n<p>A lo largo de estos 12 meses el alumnado, tutorizado por dos monitores, aprender\u00e1 a manejar las herramientas y maquinaria necesaria para estos trabajos, adem\u00e1s de cerrajer\u00eda, instalaci\u00f3n restituci\u00f3n y mantenimiento de puertas y ventanas, interpretaci\u00f3n de planos, elaboraci\u00f3n de presupuestos&#8230; A ello hay que sumar m\u00f3dulos complementarios sobre igualdad, sensibilizaci\u00f3n ambiental o prevenci\u00f3n de riesgos laborales, entre otros.<\/p>\n<p>Con el fin de garantizar que en la fase de trabajo productivo se adquieran las competencias profesionales ligadas a la ocupaci\u00f3n y a la pr\u00e1ctica profesional, \u00e9sta se realizar\u00e1 en entorno de trabajo real y efectivo como es la rehabilitaci\u00f3n de viviendas municipales para emergencias habitacionales o en situaciones de infravivienda o el mantenimiento y conservaci\u00f3n de oficinas y locales municipales.<\/p>\n<p>Esta es la primera iniciativa en comenzar de entre las previstas para el periodo 2017-2018 en Landaben. El pr\u00f3ximo mes de junio podr\u00edan comenzar otros Programas de Formaci\u00f3n y empleo del Ayuntamiento de Pamplona: tres escuelas taller y tres programas integrados, que est\u00e1n pendientes de la resoluci\u00f3n de la convocatoria de ayudas del Gobierno de Navarra. La \u00faltima de las ocho iniciativas dise\u00f1ada por el Consistorio para este periodo, esta de financiaci\u00f3n municipal \u00edntegra, ser\u00e1 otro programa de formaci\u00f3n, en este caso en \u2018Atenci\u00f3n a personas dependientes en instituciones\u2019, que se iniciar\u00e1 en el mes de noviembre.<\/p>\n","protected":false},"excerpt":{"rendered":"<p>Es un programa de financiaci\u00f3n \u00edntegramente municipal y, durante el desarrollo del contrato, el alumnado tambi\u00e9n trabajar\u00e1 en entornos reales<\/p>\n","protected":false},"author":1,"featured_media":12371,"comment_status":"closed","ping_status":"closed","sticky":false,"template":"","format":"standard","meta":{"footnotes":""},"categories":[2],"tags":[],"class_list":["post-12373","post","type-post","status-publish","format-standard","has-post-thumbnail","hentry","category-ayuntamiento-pamplona"],"yoast_head":"<!-- This site is optimized with the Yoast SEO plugin v27.5 - https:\/\/yoast.com\/product\/yoast-seo-wordpress\/ -->\n<title>15 alumnos han comenzado en Landaben un programa de formaci\u00f3n y empleo sobre \u2018Carpinter\u00eda y mueble\u2019, dise\u00f1ado por el Ayuntamiento de Pamplona para un a\u00f1o<\/title>\n<meta name=\"robots\" content=\"index, follow, max-snippet:-1, max-image-preview:large, max-video-preview:-1\" \/>\n<link rel=\"canonical\" href=\"https:\/\/www.laguiadepamplona.com\/actualidad\/15-alumnos-han-comenzado-en-landaben-un-programa-de-formacion-y-empleo-sobre-carpinteria-y-mueble-disenado-por-el-ayuntamiento-de-pamplona-para-un-ano\/\" \/>\n<meta property=\"og:locale\" content=\"es_ES\" \/>\n<meta property=\"og:type\" content=\"article\" \/>\n<meta property=\"og:title\" content=\"15 alumnos han comenzado en Landaben un programa de formaci\u00f3n y empleo sobre \u2018Carpinter\u00eda y mueble\u2019, dise\u00f1ado por el Ayuntamiento de Pamplona para un a\u00f1o\" \/>\n<meta property=\"og:description\" content=\"Es un programa de financiaci\u00f3n \u00edntegramente municipal y, durante el desarrollo del contrato, el alumnado tambi\u00e9n trabajar\u00e1 en entornos reales\" \/>\n<meta property=\"og:url\" content=\"https:\/\/www.laguiadepamplona.com\/actualidad\/15-alumnos-han-comenzado-en-landaben-un-programa-de-formacion-y-empleo-sobre-carpinteria-y-mueble-disenado-por-el-ayuntamiento-de-pamplona-para-un-ano\/\" \/>\n<meta property=\"og:site_name\" content=\"La Gu\u00eda de Pamplona\" \/>\n<meta property=\"article:publisher\" content=\"https:\/\/www.facebook.com\/laguiadepamplonacom-133175176762273\/?ref=hl\" \/>\n<meta property=\"article:published_time\" content=\"2017-03-22T12:48:25+00:00\" \/>\n<meta property=\"og:image\" content=\"https:\/\/www.laguiadepamplona.com\/actualidad\/wp-content\/uploads\/2017\/03\/visita_taller_carpinteria_1.jpg\" \/>\n\t<meta property=\"og:image:width\" content=\"1000\" \/>\n\t<meta property=\"og:image:height\" content=\"666\" \/>\n\t<meta property=\"og:image:type\" content=\"image\/jpeg\" \/>\n<meta name=\"author\" content=\"La Gu\u00eda de Pamplona\" \/>\n<meta name=\"twitter:card\" content=\"summary_large_image\" \/>\n<meta name=\"twitter:creator\" content=\"@LaGuiadPamplona\" \/>\n<meta name=\"twitter:site\" content=\"@LaGuiadPamplona\" \/>\n<meta name=\"twitter:label1\" content=\"Escrito por\" \/>\n\t<meta name=\"twitter:data1\" content=\"La Gu\u00eda de Pamplona\" \/>\n\t<meta name=\"twitter:label2\" content=\"Tiempo de lectura\" \/>\n\t<meta name=\"twitter:data2\" content=\"2 minutos\" \/>\n<script type=\"application\/ld+json\" class=\"yoast-schema-graph\">{\"@context\":\"https:\\\/\\\/schema.org\",\"@graph\":[{\"@type\":\"Article\",\"@id\":\"https:\\\/\\\/www.laguiadepamplona.com\\\/actualidad\\\/15-alumnos-han-comenzado-en-landaben-un-programa-de-formacion-y-empleo-sobre-carpinteria-y-mueble-disenado-por-el-ayuntamiento-de-pamplona-para-un-ano\\\/#article\",\"isPartOf\":{\"@id\":\"https:\\\/\\\/www.laguiadepamplona.com\\\/actualidad\\\/15-alumnos-han-comenzado-en-landaben-un-programa-de-formacion-y-empleo-sobre-carpinteria-y-mueble-disenado-por-el-ayuntamiento-de-pamplona-para-un-ano\\\/\"},\"author\":{\"name\":\"La Gu\u00eda de Pamplona\",\"@id\":\"https:\\\/\\\/www.laguiadepamplona.com\\\/actualidad\\\/#\\\/schema\\\/person\\\/efe887376f0213d4657c93adc50b1fdb\"},\"headline\":\"15 alumnos han comenzado en Landaben un programa de formaci\u00f3n y empleo sobre \u2018Carpinter\u00eda y mueble\u2019, dise\u00f1ado por el Ayuntamiento de Pamplona para un a\u00f1o\",\"datePublished\":\"2017-03-22T12:48:25+00:00\",\"mainEntityOfPage\":{\"@id\":\"https:\\\/\\\/www.laguiadepamplona.com\\\/actualidad\\\/15-alumnos-han-comenzado-en-landaben-un-programa-de-formacion-y-empleo-sobre-carpinteria-y-mueble-disenado-por-el-ayuntamiento-de-pamplona-para-un-ano\\\/\"},\"wordCount\":399,\"publisher\":{\"@id\":\"https:\\\/\\\/www.laguiadepamplona.com\\\/actualidad\\\/#organization\"},\"image\":{\"@id\":\"https:\\\/\\\/www.laguiadepamplona.com\\\/actualidad\\\/15-alumnos-han-comenzado-en-landaben-un-programa-de-formacion-y-empleo-sobre-carpinteria-y-mueble-disenado-por-el-ayuntamiento-de-pamplona-para-un-ano\\\/#primaryimage\"},\"thumbnailUrl\":\"https:\\\/\\\/www.laguiadepamplona.com\\\/actualidad\\\/wp-content\\\/uploads\\\/2017\\\/03\\\/visita_taller_carpinteria_1.jpg\",\"articleSection\":[\"Ayto Pamplona\"],\"inLanguage\":\"es\"},{\"@type\":\"WebPage\",\"@id\":\"https:\\\/\\\/www.laguiadepamplona.com\\\/actualidad\\\/15-alumnos-han-comenzado-en-landaben-un-programa-de-formacion-y-empleo-sobre-carpinteria-y-mueble-disenado-por-el-ayuntamiento-de-pamplona-para-un-ano\\\/\",\"url\":\"https:\\\/\\\/www.laguiadepamplona.com\\\/actualidad\\\/15-alumnos-han-comenzado-en-landaben-un-programa-de-formacion-y-empleo-sobre-carpinteria-y-mueble-disenado-por-el-ayuntamiento-de-pamplona-para-un-ano\\\/\",\"name\":\"15 alumnos han comenzado en Landaben un programa de formaci\u00f3n y empleo sobre \u2018Carpinter\u00eda y mueble\u2019, dise\u00f1ado por el Ayuntamiento de Pamplona para un a\u00f1o\",\"isPartOf\":{\"@id\":\"https:\\\/\\\/www.laguiadepamplona.com\\\/actualidad\\\/#website\"},\"primaryImageOfPage\":{\"@id\":\"https:\\\/\\\/www.laguiadepamplona.com\\\/actualidad\\\/15-alumnos-han-comenzado-en-landaben-un-programa-de-formacion-y-empleo-sobre-carpinteria-y-mueble-disenado-por-el-ayuntamiento-de-pamplona-para-un-ano\\\/#primaryimage\"},\"image\":{\"@id\":\"https:\\\/\\\/www.laguiadepamplona.com\\\/actualidad\\\/15-alumnos-han-comenzado-en-landaben-un-programa-de-formacion-y-empleo-sobre-carpinteria-y-mueble-disenado-por-el-ayuntamiento-de-pamplona-para-un-ano\\\/#primaryimage\"},\"thumbnailUrl\":\"https:\\\/\\\/www.laguiadepamplona.com\\\/actualidad\\\/wp-content\\\/uploads\\\/2017\\\/03\\\/visita_taller_carpinteria_1.jpg\",\"datePublished\":\"2017-03-22T12:48:25+00:00\",\"breadcrumb\":{\"@id\":\"https:\\\/\\\/www.laguiadepamplona.com\\\/actualidad\\\/15-alumnos-han-comenzado-en-landaben-un-programa-de-formacion-y-empleo-sobre-carpinteria-y-mueble-disenado-por-el-ayuntamiento-de-pamplona-para-un-ano\\\/#breadcrumb\"},\"inLanguage\":\"es\",\"potentialAction\":[{\"@type\":\"ReadAction\",\"target\":[\"https:\\\/\\\/www.laguiadepamplona.com\\\/actualidad\\\/15-alumnos-han-comenzado-en-landaben-un-programa-de-formacion-y-empleo-sobre-carpinteria-y-mueble-disenado-por-el-ayuntamiento-de-pamplona-para-un-ano\\\/\"]}]},{\"@type\":\"ImageObject\",\"inLanguage\":\"es\",\"@id\":\"https:\\\/\\\/www.laguiadepamplona.com\\\/actualidad\\\/15-alumnos-han-comenzado-en-landaben-un-programa-de-formacion-y-empleo-sobre-carpinteria-y-mueble-disenado-por-el-ayuntamiento-de-pamplona-para-un-ano\\\/#primaryimage\",\"url\":\"https:\\\/\\\/www.laguiadepamplona.com\\\/actualidad\\\/wp-content\\\/uploads\\\/2017\\\/03\\\/visita_taller_carpinteria_1.jpg\",\"contentUrl\":\"https:\\\/\\\/www.laguiadepamplona.com\\\/actualidad\\\/wp-content\\\/uploads\\\/2017\\\/03\\\/visita_taller_carpinteria_1.jpg\",\"width\":1000,\"height\":666},{\"@type\":\"BreadcrumbList\",\"@id\":\"https:\\\/\\\/www.laguiadepamplona.com\\\/actualidad\\\/15-alumnos-han-comenzado-en-landaben-un-programa-de-formacion-y-empleo-sobre-carpinteria-y-mueble-disenado-por-el-ayuntamiento-de-pamplona-para-un-ano\\\/#breadcrumb\",\"itemListElement\":[{\"@type\":\"ListItem\",\"position\":1,\"name\":\"Portada\",\"item\":\"https:\\\/\\\/www.laguiadepamplona.com\\\/actualidad\\\/\"},{\"@type\":\"ListItem\",\"position\":2,\"name\":\"15 alumnos han comenzado en Landaben un programa de formaci\u00f3n y empleo sobre \u2018Carpinter\u00eda y mueble\u2019, dise\u00f1ado por el Ayuntamiento de Pamplona para un a\u00f1o\"}]},{\"@type\":\"WebSite\",\"@id\":\"https:\\\/\\\/www.laguiadepamplona.com\\\/actualidad\\\/#website\",\"url\":\"https:\\\/\\\/www.laguiadepamplona.com\\\/actualidad\\\/\",\"name\":\"La gu\u00eda de Pamplona\",\"description\":\"Noticias de Pamplona\",\"publisher\":{\"@id\":\"https:\\\/\\\/www.laguiadepamplona.com\\\/actualidad\\\/#organization\"},\"potentialAction\":[{\"@type\":\"SearchAction\",\"target\":{\"@type\":\"EntryPoint\",\"urlTemplate\":\"https:\\\/\\\/www.laguiadepamplona.com\\\/actualidad\\\/?s={search_term_string}\"},\"query-input\":{\"@type\":\"PropertyValueSpecification\",\"valueRequired\":true,\"valueName\":\"search_term_string\"}}],\"inLanguage\":\"es\"},{\"@type\":\"Organization\",\"@id\":\"https:\\\/\\\/www.laguiadepamplona.com\\\/actualidad\\\/#organization\",\"name\":\"La Gu\u00eda de Pamplona \\\/ Noticias\",\"url\":\"https:\\\/\\\/www.laguiadepamplona.com\\\/actualidad\\\/\",\"logo\":{\"@type\":\"ImageObject\",\"inLanguage\":\"es\",\"@id\":\"https:\\\/\\\/www.laguiadepamplona.com\\\/actualidad\\\/#\\\/schema\\\/logo\\\/image\\\/\",\"url\":\"https:\\\/\\\/www.laguiadepamplona.com\\\/actualidad\\\/wp-content\\\/uploads\\\/2018\\\/11\\\/logo-laguiadepamplona18-web1.png\",\"contentUrl\":\"https:\\\/\\\/www.laguiadepamplona.com\\\/actualidad\\\/wp-content\\\/uploads\\\/2018\\\/11\\\/logo-laguiadepamplona18-web1.png\",\"width\":600,\"height\":196,\"caption\":\"La Gu\u00eda de Pamplona \\\/ Noticias\"},\"image\":{\"@id\":\"https:\\\/\\\/www.laguiadepamplona.com\\\/actualidad\\\/#\\\/schema\\\/logo\\\/image\\\/\"},\"sameAs\":[\"https:\\\/\\\/www.facebook.com\\\/laguiadepamplonacom-133175176762273\\\/?ref=hl\",\"https:\\\/\\\/x.com\\\/LaGuiadPamplona\",\"https:\\\/\\\/www.instagram.com\\\/la_guia_de_pamplona\\\/\",\"https:\\\/\\\/www.youtube.com\\\/user\\\/laguiadepamplona\"]},{\"@type\":\"Person\",\"@id\":\"https:\\\/\\\/www.laguiadepamplona.com\\\/actualidad\\\/#\\\/schema\\\/person\\\/efe887376f0213d4657c93adc50b1fdb\",\"name\":\"La Gu\u00eda de Pamplona\",\"image\":{\"@type\":\"ImageObject\",\"inLanguage\":\"es\",\"@id\":\"https:\\\/\\\/secure.gravatar.com\\\/avatar\\\/b6992f131dc8d30ab0dff15446e9d346d9dbd95992de0fef795073f5ea83a81c?s=96&d=mm&r=g\",\"url\":\"https:\\\/\\\/secure.gravatar.com\\\/avatar\\\/b6992f131dc8d30ab0dff15446e9d346d9dbd95992de0fef795073f5ea83a81c?s=96&d=mm&r=g\",\"contentUrl\":\"https:\\\/\\\/secure.gravatar.com\\\/avatar\\\/b6992f131dc8d30ab0dff15446e9d346d9dbd95992de0fef795073f5ea83a81c?s=96&d=mm&r=g\",\"caption\":\"La Gu\u00eda de Pamplona\"}}]}<\/script>\n<!-- \/ Yoast SEO plugin. -->","yoast_head_json":{"title":"15 alumnos han comenzado en Landaben un programa de formaci\u00f3n y empleo sobre \u2018Carpinter\u00eda y mueble\u2019, dise\u00f1ado por el Ayuntamiento de Pamplona para un a\u00f1o","robots":{"index":"index","follow":"follow","max-snippet":"max-snippet:-1","max-image-preview":"max-image-preview:large","max-video-preview":"max-video-preview:-1"},"canonical":"https:\/\/www.laguiadepamplona.com\/actualidad\/15-alumnos-han-comenzado-en-landaben-un-programa-de-formacion-y-empleo-sobre-carpinteria-y-mueble-disenado-por-el-ayuntamiento-de-pamplona-para-un-ano\/","og_locale":"es_ES","og_type":"article","og_title":"15 alumnos han comenzado en Landaben un programa de formaci\u00f3n y empleo sobre \u2018Carpinter\u00eda y mueble\u2019, dise\u00f1ado por el Ayuntamiento de Pamplona para un a\u00f1o","og_description":"Es un programa de financiaci\u00f3n \u00edntegramente municipal y, durante el desarrollo del contrato, el alumnado tambi\u00e9n trabajar\u00e1 en entornos reales","og_url":"https:\/\/www.laguiadepamplona.com\/actualidad\/15-alumnos-han-comenzado-en-landaben-un-programa-de-formacion-y-empleo-sobre-carpinteria-y-mueble-disenado-por-el-ayuntamiento-de-pamplona-para-un-ano\/","og_site_name":"La Gu\u00eda de Pamplona","article_publisher":"https:\/\/www.facebook.com\/laguiadepamplonacom-133175176762273\/?ref=hl","article_published_time":"2017-03-22T12:48:25+00:00","og_image":[{"width":1000,"height":666,"url":"https:\/\/www.laguiadepamplona.com\/actualidad\/wp-content\/uploads\/2017\/03\/visita_taller_carpinteria_1.jpg","type":"image\/jpeg"}],"author":"La Gu\u00eda de Pamplona","twitter_card":"summary_large_image","twitter_creator":"@LaGuiadPamplona","twitter_site":"@LaGuiadPamplona","twitter_misc":{"Escrito por":"La Gu\u00eda de Pamplona","Tiempo de lectura":"2 minutos"},"schema":{"@context":"https:\/\/schema.org","@graph":[{"@type":"Article","@id":"https:\/\/www.laguiadepamplona.com\/actualidad\/15-alumnos-han-comenzado-en-landaben-un-programa-de-formacion-y-empleo-sobre-carpinteria-y-mueble-disenado-por-el-ayuntamiento-de-pamplona-para-un-ano\/#article","isPartOf":{"@id":"https:\/\/www.laguiadepamplona.com\/actualidad\/15-alumnos-han-comenzado-en-landaben-un-programa-de-formacion-y-empleo-sobre-carpinteria-y-mueble-disenado-por-el-ayuntamiento-de-pamplona-para-un-ano\/"},"author":{"name":"La Gu\u00eda de Pamplona","@id":"https:\/\/www.laguiadepamplona.com\/actualidad\/#\/schema\/person\/efe887376f0213d4657c93adc50b1fdb"},"headline":"15 alumnos han comenzado en Landaben un programa de formaci\u00f3n y empleo sobre \u2018Carpinter\u00eda y mueble\u2019, dise\u00f1ado por el Ayuntamiento de Pamplona para un a\u00f1o","datePublished":"2017-03-22T12:48:25+00:00","mainEntityOfPage":{"@id":"https:\/\/www.laguiadepamplona.com\/actualidad\/15-alumnos-han-comenzado-en-landaben-un-programa-de-formacion-y-empleo-sobre-carpinteria-y-mueble-disenado-por-el-ayuntamiento-de-pamplona-para-un-ano\/"},"wordCount":399,"publisher":{"@id":"https:\/\/www.laguiadepamplona.com\/actualidad\/#organization"},"image":{"@id":"https:\/\/www.laguiadepamplona.com\/actualidad\/15-alumnos-han-comenzado-en-landaben-un-programa-de-formacion-y-empleo-sobre-carpinteria-y-mueble-disenado-por-el-ayuntamiento-de-pamplona-para-un-ano\/#primaryimage"},"thumbnailUrl":"https:\/\/www.laguiadepamplona.com\/actualidad\/wp-content\/uploads\/2017\/03\/visita_taller_carpinteria_1.jpg","articleSection":["Ayto Pamplona"],"inLanguage":"es"},{"@type":"WebPage","@id":"https:\/\/www.laguiadepamplona.com\/actualidad\/15-alumnos-han-comenzado-en-landaben-un-programa-de-formacion-y-empleo-sobre-carpinteria-y-mueble-disenado-por-el-ayuntamiento-de-pamplona-para-un-ano\/","url":"https:\/\/www.laguiadepamplona.com\/actualidad\/15-alumnos-han-comenzado-en-landaben-un-programa-de-formacion-y-empleo-sobre-carpinteria-y-mueble-disenado-por-el-ayuntamiento-de-pamplona-para-un-ano\/","name":"15 alumnos han comenzado en Landaben un programa de formaci\u00f3n y empleo sobre \u2018Carpinter\u00eda y mueble\u2019, dise\u00f1ado por el Ayuntamiento de Pamplona para un a\u00f1o","isPartOf":{"@id":"https:\/\/www.laguiadepamplona.com\/actualidad\/#website"},"primaryImageOfPage":{"@id":"https:\/\/www.laguiadepamplona.com\/actualidad\/15-alumnos-han-comenzado-en-landaben-un-programa-de-formacion-y-empleo-sobre-carpinteria-y-mueble-disenado-por-el-ayuntamiento-de-pamplona-para-un-ano\/#primaryimage"},"image":{"@id":"https:\/\/www.laguiadepamplona.com\/actualidad\/15-alumnos-han-comenzado-en-landaben-un-programa-de-formacion-y-empleo-sobre-carpinteria-y-mueble-disenado-por-el-ayuntamiento-de-pamplona-para-un-ano\/#primaryimage"},"thumbnailUrl":"https:\/\/www.laguiadepamplona.com\/actualidad\/wp-content\/uploads\/2017\/03\/visita_taller_carpinteria_1.jpg","datePublished":"2017-03-22T12:48:25+00:00","breadcrumb":{"@id":"https:\/\/www.laguiadepamplona.com\/actualidad\/15-alumnos-han-comenzado-en-landaben-un-programa-de-formacion-y-empleo-sobre-carpinteria-y-mueble-disenado-por-el-ayuntamiento-de-pamplona-para-un-ano\/#breadcrumb"},"inLanguage":"es","potentialAction":[{"@type":"ReadAction","target":["https:\/\/www.laguiadepamplona.com\/actualidad\/15-alumnos-han-comenzado-en-landaben-un-programa-de-formacion-y-empleo-sobre-carpinteria-y-mueble-disenado-por-el-ayuntamiento-de-pamplona-para-un-ano\/"]}]},{"@type":"ImageObject","inLanguage":"es","@id":"https:\/\/www.laguiadepamplona.com\/actualidad\/15-alumnos-han-comenzado-en-landaben-un-programa-de-formacion-y-empleo-sobre-carpinteria-y-mueble-disenado-por-el-ayuntamiento-de-pamplona-para-un-ano\/#primaryimage","url":"https:\/\/www.laguiadepamplona.com\/actualidad\/wp-content\/uploads\/2017\/03\/visita_taller_carpinteria_1.jpg","contentUrl":"https:\/\/www.laguiadepamplona.com\/actualidad\/wp-content\/uploads\/2017\/03\/visita_taller_carpinteria_1.jpg","width":1000,"height":666},{"@type":"BreadcrumbList","@id":"https:\/\/www.laguiadepamplona.com\/actualidad\/15-alumnos-han-comenzado-en-landaben-un-programa-de-formacion-y-empleo-sobre-carpinteria-y-mueble-disenado-por-el-ayuntamiento-de-pamplona-para-un-ano\/#breadcrumb","itemListElement":[{"@type":"ListItem","position":1,"name":"Portada","item":"https:\/\/www.laguiadepamplona.com\/actualidad\/"},{"@type":"ListItem","position":2,"name":"15 alumnos han comenzado en Landaben un programa de formaci\u00f3n y empleo sobre \u2018Carpinter\u00eda y mueble\u2019, dise\u00f1ado por el Ayuntamiento de Pamplona para un a\u00f1o"}]},{"@type":"WebSite","@id":"https:\/\/www.laguiadepamplona.com\/actualidad\/#website","url":"https:\/\/www.laguiadepamplona.com\/actualidad\/","name":"La gu\u00eda de Pamplona","description":"Noticias de Pamplona","publisher":{"@id":"https:\/\/www.laguiadepamplona.com\/actualidad\/#organization"},"potentialAction":[{"@type":"SearchAction","target":{"@type":"EntryPoint","urlTemplate":"https:\/\/www.laguiadepamplona.com\/actualidad\/?s={search_term_string}"},"query-input":{"@type":"PropertyValueSpecification","valueRequired":true,"valueName":"search_term_string"}}],"inLanguage":"es"},{"@type":"Organization","@id":"https:\/\/www.laguiadepamplona.com\/actualidad\/#organization","name":"La Gu\u00eda de Pamplona \/ Noticias","url":"https:\/\/www.laguiadepamplona.com\/actualidad\/","logo":{"@type":"ImageObject","inLanguage":"es","@id":"https:\/\/www.laguiadepamplona.com\/actualidad\/#\/schema\/logo\/image\/","url":"https:\/\/www.laguiadepamplona.com\/actualidad\/wp-content\/uploads\/2018\/11\/logo-laguiadepamplona18-web1.png","contentUrl":"https:\/\/www.laguiadepamplona.com\/actualidad\/wp-content\/uploads\/2018\/11\/logo-laguiadepamplona18-web1.png","width":600,"height":196,"caption":"La Gu\u00eda de Pamplona \/ Noticias"},"image":{"@id":"https:\/\/www.laguiadepamplona.com\/actualidad\/#\/schema\/logo\/image\/"},"sameAs":["https:\/\/www.facebook.com\/laguiadepamplonacom-133175176762273\/?ref=hl","https:\/\/x.com\/LaGuiadPamplona","https:\/\/www.instagram.com\/la_guia_de_pamplona\/","https:\/\/www.youtube.com\/user\/laguiadepamplona"]},{"@type":"Person","@id":"https:\/\/www.laguiadepamplona.com\/actualidad\/#\/schema\/person\/efe887376f0213d4657c93adc50b1fdb","name":"La Gu\u00eda de Pamplona","image":{"@type":"ImageObject","inLanguage":"es","@id":"https:\/\/secure.gravatar.com\/avatar\/b6992f131dc8d30ab0dff15446e9d346d9dbd95992de0fef795073f5ea83a81c?s=96&d=mm&r=g","url":"https:\/\/secure.gravatar.com\/avatar\/b6992f131dc8d30ab0dff15446e9d346d9dbd95992de0fef795073f5ea83a81c?s=96&d=mm&r=g","contentUrl":"https:\/\/secure.gravatar.com\/avatar\/b6992f131dc8d30ab0dff15446e9d346d9dbd95992de0fef795073f5ea83a81c?s=96&d=mm&r=g","caption":"La Gu\u00eda de Pamplona"}}]}},"post_mailing_queue_ids":[],"_links":{"self":[{"href":"https:\/\/www.laguiadepamplona.com\/actualidad\/wp-json\/wp\/v2\/posts\/12373","targetHints":{"allow":["GET"]}}],"collection":[{"href":"https:\/\/www.laguiadepamplona.com\/actualidad\/wp-json\/wp\/v2\/posts"}],"about":[{"href":"https:\/\/www.laguiadepamplona.com\/actualidad\/wp-json\/wp\/v2\/types\/post"}],"author":[{"embeddable":true,"href":"https:\/\/www.laguiadepamplona.com\/actualidad\/wp-json\/wp\/v2\/users\/1"}],"replies":[{"embeddable":true,"href":"https:\/\/www.laguiadepamplona.com\/actualidad\/wp-json\/wp\/v2\/comments?post=12373"}],"version-history":[{"count":0,"href":"https:\/\/www.laguiadepamplona.com\/actualidad\/wp-json\/wp\/v2\/posts\/12373\/revisions"}],"wp:featuredmedia":[{"embeddable":true,"href":"https:\/\/www.laguiadepamplona.com\/actualidad\/wp-json\/wp\/v2\/media\/12371"}],"wp:attachment":[{"href":"https:\/\/www.laguiadepamplona.com\/actualidad\/wp-json\/wp\/v2\/media?parent=12373"}],"wp:term":[{"taxonomy":"category","embeddable":true,"href":"https:\/\/www.laguiadepamplona.com\/actualidad\/wp-json\/wp\/v2\/categories?post=12373"},{"taxonomy":"post_tag","embeddable":true,"href":"https:\/\/www.laguiadepamplona.com\/actualidad\/wp-json\/wp\/v2\/tags?post=12373"}],"curies":[{"name":"wp","href":"https:\/\/api.w.org\/{rel}","templated":true}]}}