{"id":12366,"date":"2017-03-22T13:42:59","date_gmt":"2017-03-22T12:42:59","guid":{"rendered":"http:\/\/laguiadepamplona.es\/actualidad\/?p=12366"},"modified":"2017-03-22T13:42:59","modified_gmt":"2017-03-22T12:42:59","slug":"pamplona-se-une-este-sabado-a-la-hora-del-planeta-y-apagara-la-luz-de-los-principales-edificios-y-monumentos-publicos-durante-una-hora","status":"publish","type":"post","link":"https:\/\/www.laguiadepamplona.com\/actualidad\/pamplona-se-une-este-sabado-a-la-hora-del-planeta-y-apagara-la-luz-de-los-principales-edificios-y-monumentos-publicos-durante-una-hora\/","title":{"rendered":"Pamplona se une este s\u00e1bado a la hora del planeta y apagar\u00e1 la luz de los principales edificios y monumentos p\u00fablicos durante una hora"},"content":{"rendered":"<h3>Con este acto, el Ayuntamiento quiere mostrar su apoyo a la acci\u00f3n contra el cambio clim\u00e1tico<\/h3>\n<p><!--more--><\/p>\n<p>Este s\u00e1bado 25 de marzo, el Ayuntamiento de Pamplona apagar\u00e1 durante una hora las luces de la Casa Consistorial, la iluminaci\u00f3n de las murallas, de los fosos de la Taconera y de la trasera de la catedral. Dejar\u00e1 en penumbra los puentes de San Pedro, Santa Engracia y Miluce, el faro de San Pedro, la fachada de Casa Gurbindo y una parte de los puentes del meandro de Aranzadi. No se ver\u00e1 la iluminaci\u00f3n ornamental de las fachadas de distintos edificios de las calles Nueva, San Saturnino y Navarrer\u00eda, ni las del hotel La Perla ni del Palacio de Guendul\u00e1in, y tampoco las de las iglesias de San Nicol\u00e1s, San Cernin y San Lorenzo. Estar\u00e1 apagada la Estatua de los Fueros, en el paseo Sarasate, y el Monumento a los Ca\u00eddos, en la plaza de la Libertad.<\/p>\n<p>De 20.30 a 21.30 horas, el Ayuntamiento de Pamplona apagar\u00e1 la luz de los principales edificios y monumentos p\u00fablicos para mostrar su apoyo a la acci\u00f3n contra el cambio clim\u00e1tico. De esta manera, el Ayuntamiento se adhiere a la iniciativa \u2018La hora del planeta\u2019, que como su propio nombre indica pretende recabar el compromiso de ciudades de todos los continentes con la naturaleza, el medio ambiente y la salud.<\/p>\n<p>\u2018La hora del planeta\u2019 (<a href=\"http:\/\/www.horadelplaneta.es\/\" target=\"_blank\">www.horadelplaneta.es<\/a>) es una campa\u00f1a del World Wide Fund For Nature (WWF) que comenz\u00f3 en 2007 en Sidney, Australia, con el gesto simb\u00f3lico de apagar la luz durante una hora como muestra de la lucha contra el cambio clim\u00e1tico. Diez a\u00f1os despu\u00e9s, se ha convertido en la mayor iniciativa mundial en defensa del medio ambiente, y una llamada a movilizarse y a actuar de forma constructiva en defensa del planeta.<\/p>\n<p>Tal y como apunta esta organizaci\u00f3n, el a\u00f1o 2016 ha sido el m\u00e1s c\u00e1lido registrado desde 1880. Desde que comenz\u00f3 este siglo, a\u00f1ade, cada a\u00f1o se han batido records de temperatura respecto al anterior. El cambio clim\u00e1tico es ya evidente en todo el planeta y especialmente en regiones como el \u00c1rtico. Pero al mismo tiempo hay razones para el optimismo, tal y como se\u00f1ala WWF, el 4 de noviembre de 2016 entr\u00f3 en vigor el Acuerdo de Par\u00eds para frenar el cambio clim\u00e1tico, marcando un punto de inflexi\u00f3n y el comienzo de una transici\u00f3n global hacia un desarrollo y una econom\u00eda limpia y baja en carbono.<\/p>\n<p>&nbsp;<\/p>\n","protected":false},"excerpt":{"rendered":"<p>Con este acto, el Ayuntamiento quiere mostrar su apoyo a la acci\u00f3n contra el cambio clim\u00e1tico<\/p>\n","protected":false},"author":1,"featured_media":10979,"comment_status":"closed","ping_status":"closed","sticky":false,"template":"","format":"standard","meta":{"footnotes":""},"categories":[2],"tags":[],"class_list":["post-12366","post","type-post","status-publish","format-standard","has-post-thumbnail","hentry","category-ayuntamiento-pamplona"],"yoast_head":"<!-- This site is optimized with the Yoast SEO plugin v27.5 - https:\/\/yoast.com\/product\/yoast-seo-wordpress\/ -->\n<title>Pamplona se une este s\u00e1bado a la hora del planeta y apagar\u00e1 la luz de los principales edificios y monumentos p\u00fablicos durante una hora<\/title>\n<meta name=\"robots\" content=\"index, follow, max-snippet:-1, max-image-preview:large, max-video-preview:-1\" \/>\n<link rel=\"canonical\" href=\"https:\/\/www.laguiadepamplona.com\/actualidad\/pamplona-se-une-este-sabado-a-la-hora-del-planeta-y-apagara-la-luz-de-los-principales-edificios-y-monumentos-publicos-durante-una-hora\/\" \/>\n<meta property=\"og:locale\" content=\"es_ES\" \/>\n<meta property=\"og:type\" content=\"article\" \/>\n<meta property=\"og:title\" content=\"Pamplona se une este s\u00e1bado a la hora del planeta y apagar\u00e1 la luz de los principales edificios y monumentos p\u00fablicos durante una hora\" \/>\n<meta property=\"og:description\" content=\"Con este acto, el Ayuntamiento quiere mostrar su apoyo a la acci\u00f3n contra el cambio clim\u00e1tico\" \/>\n<meta property=\"og:url\" content=\"https:\/\/www.laguiadepamplona.com\/actualidad\/pamplona-se-une-este-sabado-a-la-hora-del-planeta-y-apagara-la-luz-de-los-principales-edificios-y-monumentos-publicos-durante-una-hora\/\" \/>\n<meta property=\"og:site_name\" content=\"La Gu\u00eda de Pamplona\" \/>\n<meta property=\"article:publisher\" content=\"https:\/\/www.facebook.com\/laguiadepamplonacom-133175176762273\/?ref=hl\" \/>\n<meta property=\"article:published_time\" content=\"2017-03-22T12:42:59+00:00\" \/>\n<meta property=\"og:image\" content=\"https:\/\/www.laguiadepamplona.com\/actualidad\/wp-content\/uploads\/2016\/11\/Ayto_Pamplona.jpg\" \/>\n\t<meta property=\"og:image:width\" content=\"900\" \/>\n\t<meta property=\"og:image:height\" content=\"675\" \/>\n\t<meta property=\"og:image:type\" content=\"image\/jpeg\" \/>\n<meta name=\"author\" content=\"La Gu\u00eda de Pamplona\" \/>\n<meta name=\"twitter:card\" content=\"summary_large_image\" \/>\n<meta name=\"twitter:creator\" content=\"@LaGuiadPamplona\" \/>\n<meta name=\"twitter:site\" content=\"@LaGuiadPamplona\" \/>\n<meta name=\"twitter:label1\" content=\"Escrito por\" \/>\n\t<meta name=\"twitter:data1\" content=\"La Gu\u00eda de Pamplona\" \/>\n\t<meta name=\"twitter:label2\" content=\"Tiempo de lectura\" \/>\n\t<meta name=\"twitter:data2\" content=\"2 minutos\" \/>\n<script type=\"application\/ld+json\" class=\"yoast-schema-graph\">{\"@context\":\"https:\\\/\\\/schema.org\",\"@graph\":[{\"@type\":\"Article\",\"@id\":\"https:\\\/\\\/www.laguiadepamplona.com\\\/actualidad\\\/pamplona-se-une-este-sabado-a-la-hora-del-planeta-y-apagara-la-luz-de-los-principales-edificios-y-monumentos-publicos-durante-una-hora\\\/#article\",\"isPartOf\":{\"@id\":\"https:\\\/\\\/www.laguiadepamplona.com\\\/actualidad\\\/pamplona-se-une-este-sabado-a-la-hora-del-planeta-y-apagara-la-luz-de-los-principales-edificios-y-monumentos-publicos-durante-una-hora\\\/\"},\"author\":{\"name\":\"La Gu\u00eda de Pamplona\",\"@id\":\"https:\\\/\\\/www.laguiadepamplona.com\\\/actualidad\\\/#\\\/schema\\\/person\\\/efe887376f0213d4657c93adc50b1fdb\"},\"headline\":\"Pamplona se une este s\u00e1bado a la hora del planeta y apagar\u00e1 la luz de los principales edificios y monumentos p\u00fablicos durante una hora\",\"datePublished\":\"2017-03-22T12:42:59+00:00\",\"mainEntityOfPage\":{\"@id\":\"https:\\\/\\\/www.laguiadepamplona.com\\\/actualidad\\\/pamplona-se-une-este-sabado-a-la-hora-del-planeta-y-apagara-la-luz-de-los-principales-edificios-y-monumentos-publicos-durante-una-hora\\\/\"},\"wordCount\":452,\"publisher\":{\"@id\":\"https:\\\/\\\/www.laguiadepamplona.com\\\/actualidad\\\/#organization\"},\"image\":{\"@id\":\"https:\\\/\\\/www.laguiadepamplona.com\\\/actualidad\\\/pamplona-se-une-este-sabado-a-la-hora-del-planeta-y-apagara-la-luz-de-los-principales-edificios-y-monumentos-publicos-durante-una-hora\\\/#primaryimage\"},\"thumbnailUrl\":\"https:\\\/\\\/www.laguiadepamplona.com\\\/actualidad\\\/wp-content\\\/uploads\\\/2016\\\/11\\\/Ayto_Pamplona.jpg\",\"articleSection\":[\"Ayto Pamplona\"],\"inLanguage\":\"es\"},{\"@type\":\"WebPage\",\"@id\":\"https:\\\/\\\/www.laguiadepamplona.com\\\/actualidad\\\/pamplona-se-une-este-sabado-a-la-hora-del-planeta-y-apagara-la-luz-de-los-principales-edificios-y-monumentos-publicos-durante-una-hora\\\/\",\"url\":\"https:\\\/\\\/www.laguiadepamplona.com\\\/actualidad\\\/pamplona-se-une-este-sabado-a-la-hora-del-planeta-y-apagara-la-luz-de-los-principales-edificios-y-monumentos-publicos-durante-una-hora\\\/\",\"name\":\"Pamplona se une este s\u00e1bado a la hora del planeta y apagar\u00e1 la luz de los principales edificios y monumentos p\u00fablicos durante una hora\",\"isPartOf\":{\"@id\":\"https:\\\/\\\/www.laguiadepamplona.com\\\/actualidad\\\/#website\"},\"primaryImageOfPage\":{\"@id\":\"https:\\\/\\\/www.laguiadepamplona.com\\\/actualidad\\\/pamplona-se-une-este-sabado-a-la-hora-del-planeta-y-apagara-la-luz-de-los-principales-edificios-y-monumentos-publicos-durante-una-hora\\\/#primaryimage\"},\"image\":{\"@id\":\"https:\\\/\\\/www.laguiadepamplona.com\\\/actualidad\\\/pamplona-se-une-este-sabado-a-la-hora-del-planeta-y-apagara-la-luz-de-los-principales-edificios-y-monumentos-publicos-durante-una-hora\\\/#primaryimage\"},\"thumbnailUrl\":\"https:\\\/\\\/www.laguiadepamplona.com\\\/actualidad\\\/wp-content\\\/uploads\\\/2016\\\/11\\\/Ayto_Pamplona.jpg\",\"datePublished\":\"2017-03-22T12:42:59+00:00\",\"breadcrumb\":{\"@id\":\"https:\\\/\\\/www.laguiadepamplona.com\\\/actualidad\\\/pamplona-se-une-este-sabado-a-la-hora-del-planeta-y-apagara-la-luz-de-los-principales-edificios-y-monumentos-publicos-durante-una-hora\\\/#breadcrumb\"},\"inLanguage\":\"es\",\"potentialAction\":[{\"@type\":\"ReadAction\",\"target\":[\"https:\\\/\\\/www.laguiadepamplona.com\\\/actualidad\\\/pamplona-se-une-este-sabado-a-la-hora-del-planeta-y-apagara-la-luz-de-los-principales-edificios-y-monumentos-publicos-durante-una-hora\\\/\"]}]},{\"@type\":\"ImageObject\",\"inLanguage\":\"es\",\"@id\":\"https:\\\/\\\/www.laguiadepamplona.com\\\/actualidad\\\/pamplona-se-une-este-sabado-a-la-hora-del-planeta-y-apagara-la-luz-de-los-principales-edificios-y-monumentos-publicos-durante-una-hora\\\/#primaryimage\",\"url\":\"https:\\\/\\\/www.laguiadepamplona.com\\\/actualidad\\\/wp-content\\\/uploads\\\/2016\\\/11\\\/Ayto_Pamplona.jpg\",\"contentUrl\":\"https:\\\/\\\/www.laguiadepamplona.com\\\/actualidad\\\/wp-content\\\/uploads\\\/2016\\\/11\\\/Ayto_Pamplona.jpg\",\"width\":900,\"height\":675},{\"@type\":\"BreadcrumbList\",\"@id\":\"https:\\\/\\\/www.laguiadepamplona.com\\\/actualidad\\\/pamplona-se-une-este-sabado-a-la-hora-del-planeta-y-apagara-la-luz-de-los-principales-edificios-y-monumentos-publicos-durante-una-hora\\\/#breadcrumb\",\"itemListElement\":[{\"@type\":\"ListItem\",\"position\":1,\"name\":\"Portada\",\"item\":\"https:\\\/\\\/www.laguiadepamplona.com\\\/actualidad\\\/\"},{\"@type\":\"ListItem\",\"position\":2,\"name\":\"Pamplona se une este s\u00e1bado a la hora del planeta y apagar\u00e1 la luz de los principales edificios y monumentos p\u00fablicos durante una hora\"}]},{\"@type\":\"WebSite\",\"@id\":\"https:\\\/\\\/www.laguiadepamplona.com\\\/actualidad\\\/#website\",\"url\":\"https:\\\/\\\/www.laguiadepamplona.com\\\/actualidad\\\/\",\"name\":\"La gu\u00eda de Pamplona\",\"description\":\"Noticias de Pamplona\",\"publisher\":{\"@id\":\"https:\\\/\\\/www.laguiadepamplona.com\\\/actualidad\\\/#organization\"},\"potentialAction\":[{\"@type\":\"SearchAction\",\"target\":{\"@type\":\"EntryPoint\",\"urlTemplate\":\"https:\\\/\\\/www.laguiadepamplona.com\\\/actualidad\\\/?s={search_term_string}\"},\"query-input\":{\"@type\":\"PropertyValueSpecification\",\"valueRequired\":true,\"valueName\":\"search_term_string\"}}],\"inLanguage\":\"es\"},{\"@type\":\"Organization\",\"@id\":\"https:\\\/\\\/www.laguiadepamplona.com\\\/actualidad\\\/#organization\",\"name\":\"La Gu\u00eda de Pamplona \\\/ Noticias\",\"url\":\"https:\\\/\\\/www.laguiadepamplona.com\\\/actualidad\\\/\",\"logo\":{\"@type\":\"ImageObject\",\"inLanguage\":\"es\",\"@id\":\"https:\\\/\\\/www.laguiadepamplona.com\\\/actualidad\\\/#\\\/schema\\\/logo\\\/image\\\/\",\"url\":\"https:\\\/\\\/www.laguiadepamplona.com\\\/actualidad\\\/wp-content\\\/uploads\\\/2018\\\/11\\\/logo-laguiadepamplona18-web1.png\",\"contentUrl\":\"https:\\\/\\\/www.laguiadepamplona.com\\\/actualidad\\\/wp-content\\\/uploads\\\/2018\\\/11\\\/logo-laguiadepamplona18-web1.png\",\"width\":600,\"height\":196,\"caption\":\"La Gu\u00eda de Pamplona \\\/ Noticias\"},\"image\":{\"@id\":\"https:\\\/\\\/www.laguiadepamplona.com\\\/actualidad\\\/#\\\/schema\\\/logo\\\/image\\\/\"},\"sameAs\":[\"https:\\\/\\\/www.facebook.com\\\/laguiadepamplonacom-133175176762273\\\/?ref=hl\",\"https:\\\/\\\/x.com\\\/LaGuiadPamplona\",\"https:\\\/\\\/www.instagram.com\\\/la_guia_de_pamplona\\\/\",\"https:\\\/\\\/www.youtube.com\\\/user\\\/laguiadepamplona\"]},{\"@type\":\"Person\",\"@id\":\"https:\\\/\\\/www.laguiadepamplona.com\\\/actualidad\\\/#\\\/schema\\\/person\\\/efe887376f0213d4657c93adc50b1fdb\",\"name\":\"La Gu\u00eda de Pamplona\",\"image\":{\"@type\":\"ImageObject\",\"inLanguage\":\"es\",\"@id\":\"https:\\\/\\\/secure.gravatar.com\\\/avatar\\\/b6992f131dc8d30ab0dff15446e9d346d9dbd95992de0fef795073f5ea83a81c?s=96&d=mm&r=g\",\"url\":\"https:\\\/\\\/secure.gravatar.com\\\/avatar\\\/b6992f131dc8d30ab0dff15446e9d346d9dbd95992de0fef795073f5ea83a81c?s=96&d=mm&r=g\",\"contentUrl\":\"https:\\\/\\\/secure.gravatar.com\\\/avatar\\\/b6992f131dc8d30ab0dff15446e9d346d9dbd95992de0fef795073f5ea83a81c?s=96&d=mm&r=g\",\"caption\":\"La Gu\u00eda de Pamplona\"}}]}<\/script>\n<!-- \/ Yoast SEO plugin. -->","yoast_head_json":{"title":"Pamplona se une este s\u00e1bado a la hora del planeta y apagar\u00e1 la luz de los principales edificios y monumentos p\u00fablicos durante una hora","robots":{"index":"index","follow":"follow","max-snippet":"max-snippet:-1","max-image-preview":"max-image-preview:large","max-video-preview":"max-video-preview:-1"},"canonical":"https:\/\/www.laguiadepamplona.com\/actualidad\/pamplona-se-une-este-sabado-a-la-hora-del-planeta-y-apagara-la-luz-de-los-principales-edificios-y-monumentos-publicos-durante-una-hora\/","og_locale":"es_ES","og_type":"article","og_title":"Pamplona se une este s\u00e1bado a la hora del planeta y apagar\u00e1 la luz de los principales edificios y monumentos p\u00fablicos durante una hora","og_description":"Con este acto, el Ayuntamiento quiere mostrar su apoyo a la acci\u00f3n contra el cambio clim\u00e1tico","og_url":"https:\/\/www.laguiadepamplona.com\/actualidad\/pamplona-se-une-este-sabado-a-la-hora-del-planeta-y-apagara-la-luz-de-los-principales-edificios-y-monumentos-publicos-durante-una-hora\/","og_site_name":"La Gu\u00eda de Pamplona","article_publisher":"https:\/\/www.facebook.com\/laguiadepamplonacom-133175176762273\/?ref=hl","article_published_time":"2017-03-22T12:42:59+00:00","og_image":[{"width":900,"height":675,"url":"https:\/\/www.laguiadepamplona.com\/actualidad\/wp-content\/uploads\/2016\/11\/Ayto_Pamplona.jpg","type":"image\/jpeg"}],"author":"La Gu\u00eda de Pamplona","twitter_card":"summary_large_image","twitter_creator":"@LaGuiadPamplona","twitter_site":"@LaGuiadPamplona","twitter_misc":{"Escrito por":"La Gu\u00eda de Pamplona","Tiempo de lectura":"2 minutos"},"schema":{"@context":"https:\/\/schema.org","@graph":[{"@type":"Article","@id":"https:\/\/www.laguiadepamplona.com\/actualidad\/pamplona-se-une-este-sabado-a-la-hora-del-planeta-y-apagara-la-luz-de-los-principales-edificios-y-monumentos-publicos-durante-una-hora\/#article","isPartOf":{"@id":"https:\/\/www.laguiadepamplona.com\/actualidad\/pamplona-se-une-este-sabado-a-la-hora-del-planeta-y-apagara-la-luz-de-los-principales-edificios-y-monumentos-publicos-durante-una-hora\/"},"author":{"name":"La Gu\u00eda de Pamplona","@id":"https:\/\/www.laguiadepamplona.com\/actualidad\/#\/schema\/person\/efe887376f0213d4657c93adc50b1fdb"},"headline":"Pamplona se une este s\u00e1bado a la hora del planeta y apagar\u00e1 la luz de los principales edificios y monumentos p\u00fablicos durante una hora","datePublished":"2017-03-22T12:42:59+00:00","mainEntityOfPage":{"@id":"https:\/\/www.laguiadepamplona.com\/actualidad\/pamplona-se-une-este-sabado-a-la-hora-del-planeta-y-apagara-la-luz-de-los-principales-edificios-y-monumentos-publicos-durante-una-hora\/"},"wordCount":452,"publisher":{"@id":"https:\/\/www.laguiadepamplona.com\/actualidad\/#organization"},"image":{"@id":"https:\/\/www.laguiadepamplona.com\/actualidad\/pamplona-se-une-este-sabado-a-la-hora-del-planeta-y-apagara-la-luz-de-los-principales-edificios-y-monumentos-publicos-durante-una-hora\/#primaryimage"},"thumbnailUrl":"https:\/\/www.laguiadepamplona.com\/actualidad\/wp-content\/uploads\/2016\/11\/Ayto_Pamplona.jpg","articleSection":["Ayto Pamplona"],"inLanguage":"es"},{"@type":"WebPage","@id":"https:\/\/www.laguiadepamplona.com\/actualidad\/pamplona-se-une-este-sabado-a-la-hora-del-planeta-y-apagara-la-luz-de-los-principales-edificios-y-monumentos-publicos-durante-una-hora\/","url":"https:\/\/www.laguiadepamplona.com\/actualidad\/pamplona-se-une-este-sabado-a-la-hora-del-planeta-y-apagara-la-luz-de-los-principales-edificios-y-monumentos-publicos-durante-una-hora\/","name":"Pamplona se une este s\u00e1bado a la hora del planeta y apagar\u00e1 la luz de los principales edificios y monumentos p\u00fablicos durante una hora","isPartOf":{"@id":"https:\/\/www.laguiadepamplona.com\/actualidad\/#website"},"primaryImageOfPage":{"@id":"https:\/\/www.laguiadepamplona.com\/actualidad\/pamplona-se-une-este-sabado-a-la-hora-del-planeta-y-apagara-la-luz-de-los-principales-edificios-y-monumentos-publicos-durante-una-hora\/#primaryimage"},"image":{"@id":"https:\/\/www.laguiadepamplona.com\/actualidad\/pamplona-se-une-este-sabado-a-la-hora-del-planeta-y-apagara-la-luz-de-los-principales-edificios-y-monumentos-publicos-durante-una-hora\/#primaryimage"},"thumbnailUrl":"https:\/\/www.laguiadepamplona.com\/actualidad\/wp-content\/uploads\/2016\/11\/Ayto_Pamplona.jpg","datePublished":"2017-03-22T12:42:59+00:00","breadcrumb":{"@id":"https:\/\/www.laguiadepamplona.com\/actualidad\/pamplona-se-une-este-sabado-a-la-hora-del-planeta-y-apagara-la-luz-de-los-principales-edificios-y-monumentos-publicos-durante-una-hora\/#breadcrumb"},"inLanguage":"es","potentialAction":[{"@type":"ReadAction","target":["https:\/\/www.laguiadepamplona.com\/actualidad\/pamplona-se-une-este-sabado-a-la-hora-del-planeta-y-apagara-la-luz-de-los-principales-edificios-y-monumentos-publicos-durante-una-hora\/"]}]},{"@type":"ImageObject","inLanguage":"es","@id":"https:\/\/www.laguiadepamplona.com\/actualidad\/pamplona-se-une-este-sabado-a-la-hora-del-planeta-y-apagara-la-luz-de-los-principales-edificios-y-monumentos-publicos-durante-una-hora\/#primaryimage","url":"https:\/\/www.laguiadepamplona.com\/actualidad\/wp-content\/uploads\/2016\/11\/Ayto_Pamplona.jpg","contentUrl":"https:\/\/www.laguiadepamplona.com\/actualidad\/wp-content\/uploads\/2016\/11\/Ayto_Pamplona.jpg","width":900,"height":675},{"@type":"BreadcrumbList","@id":"https:\/\/www.laguiadepamplona.com\/actualidad\/pamplona-se-une-este-sabado-a-la-hora-del-planeta-y-apagara-la-luz-de-los-principales-edificios-y-monumentos-publicos-durante-una-hora\/#breadcrumb","itemListElement":[{"@type":"ListItem","position":1,"name":"Portada","item":"https:\/\/www.laguiadepamplona.com\/actualidad\/"},{"@type":"ListItem","position":2,"name":"Pamplona se une este s\u00e1bado a la hora del planeta y apagar\u00e1 la luz de los principales edificios y monumentos p\u00fablicos durante una hora"}]},{"@type":"WebSite","@id":"https:\/\/www.laguiadepamplona.com\/actualidad\/#website","url":"https:\/\/www.laguiadepamplona.com\/actualidad\/","name":"La gu\u00eda de Pamplona","description":"Noticias de Pamplona","publisher":{"@id":"https:\/\/www.laguiadepamplona.com\/actualidad\/#organization"},"potentialAction":[{"@type":"SearchAction","target":{"@type":"EntryPoint","urlTemplate":"https:\/\/www.laguiadepamplona.com\/actualidad\/?s={search_term_string}"},"query-input":{"@type":"PropertyValueSpecification","valueRequired":true,"valueName":"search_term_string"}}],"inLanguage":"es"},{"@type":"Organization","@id":"https:\/\/www.laguiadepamplona.com\/actualidad\/#organization","name":"La Gu\u00eda de Pamplona \/ Noticias","url":"https:\/\/www.laguiadepamplona.com\/actualidad\/","logo":{"@type":"ImageObject","inLanguage":"es","@id":"https:\/\/www.laguiadepamplona.com\/actualidad\/#\/schema\/logo\/image\/","url":"https:\/\/www.laguiadepamplona.com\/actualidad\/wp-content\/uploads\/2018\/11\/logo-laguiadepamplona18-web1.png","contentUrl":"https:\/\/www.laguiadepamplona.com\/actualidad\/wp-content\/uploads\/2018\/11\/logo-laguiadepamplona18-web1.png","width":600,"height":196,"caption":"La Gu\u00eda de Pamplona \/ Noticias"},"image":{"@id":"https:\/\/www.laguiadepamplona.com\/actualidad\/#\/schema\/logo\/image\/"},"sameAs":["https:\/\/www.facebook.com\/laguiadepamplonacom-133175176762273\/?ref=hl","https:\/\/x.com\/LaGuiadPamplona","https:\/\/www.instagram.com\/la_guia_de_pamplona\/","https:\/\/www.youtube.com\/user\/laguiadepamplona"]},{"@type":"Person","@id":"https:\/\/www.laguiadepamplona.com\/actualidad\/#\/schema\/person\/efe887376f0213d4657c93adc50b1fdb","name":"La Gu\u00eda de Pamplona","image":{"@type":"ImageObject","inLanguage":"es","@id":"https:\/\/secure.gravatar.com\/avatar\/b6992f131dc8d30ab0dff15446e9d346d9dbd95992de0fef795073f5ea83a81c?s=96&d=mm&r=g","url":"https:\/\/secure.gravatar.com\/avatar\/b6992f131dc8d30ab0dff15446e9d346d9dbd95992de0fef795073f5ea83a81c?s=96&d=mm&r=g","contentUrl":"https:\/\/secure.gravatar.com\/avatar\/b6992f131dc8d30ab0dff15446e9d346d9dbd95992de0fef795073f5ea83a81c?s=96&d=mm&r=g","caption":"La Gu\u00eda de Pamplona"}}]}},"post_mailing_queue_ids":[],"_links":{"self":[{"href":"https:\/\/www.laguiadepamplona.com\/actualidad\/wp-json\/wp\/v2\/posts\/12366","targetHints":{"allow":["GET"]}}],"collection":[{"href":"https:\/\/www.laguiadepamplona.com\/actualidad\/wp-json\/wp\/v2\/posts"}],"about":[{"href":"https:\/\/www.laguiadepamplona.com\/actualidad\/wp-json\/wp\/v2\/types\/post"}],"author":[{"embeddable":true,"href":"https:\/\/www.laguiadepamplona.com\/actualidad\/wp-json\/wp\/v2\/users\/1"}],"replies":[{"embeddable":true,"href":"https:\/\/www.laguiadepamplona.com\/actualidad\/wp-json\/wp\/v2\/comments?post=12366"}],"version-history":[{"count":0,"href":"https:\/\/www.laguiadepamplona.com\/actualidad\/wp-json\/wp\/v2\/posts\/12366\/revisions"}],"wp:featuredmedia":[{"embeddable":true,"href":"https:\/\/www.laguiadepamplona.com\/actualidad\/wp-json\/wp\/v2\/media\/10979"}],"wp:attachment":[{"href":"https:\/\/www.laguiadepamplona.com\/actualidad\/wp-json\/wp\/v2\/media?parent=12366"}],"wp:term":[{"taxonomy":"category","embeddable":true,"href":"https:\/\/www.laguiadepamplona.com\/actualidad\/wp-json\/wp\/v2\/categories?post=12366"},{"taxonomy":"post_tag","embeddable":true,"href":"https:\/\/www.laguiadepamplona.com\/actualidad\/wp-json\/wp\/v2\/tags?post=12366"}],"curies":[{"name":"wp","href":"https:\/\/api.w.org\/{rel}","templated":true}]}}