{"id":12357,"date":"2017-03-21T17:55:43","date_gmt":"2017-03-21T16:55:43","guid":{"rendered":"http:\/\/laguiadepamplona.es\/actualidad\/?p=12357"},"modified":"2017-03-21T17:55:43","modified_gmt":"2017-03-21T16:55:43","slug":"abierto-el-plazo-de-inscripcion-en-los-talleres-de-cocina-del-1-y-8-de-abril-en-los-mercados-municipales-de-ensanche-y-ermitagana-para-menores-de-9-a-12-anos","status":"publish","type":"post","link":"https:\/\/www.laguiadepamplona.com\/actualidad\/abierto-el-plazo-de-inscripcion-en-los-talleres-de-cocina-del-1-y-8-de-abril-en-los-mercados-municipales-de-ensanche-y-ermitagana-para-menores-de-9-a-12-anos\/","title":{"rendered":"Abierto el plazo de inscripci\u00f3n en los talleres de cocina del 1 y 8 de abril en los mercados municipales de Ensanche y Ermitaga\u00f1a para menores de 9 a 12 a\u00f1os"},"content":{"rendered":"<h3>Las inscripciones, que cuestan 2 euros, en el tel\u00e9fono 010 (948420100 desde m\u00f3vil, fuera de Pamplona o llamadas desde fijo con tarifa plana)<\/h3>\n<p><!--more--><\/p>\n<p>El Ayuntamiento de Pamplona ya ha abierto el plazo de inscripci\u00f3n para apuntarse a los dos talleres de cocina que se van a celebrar en los mercados municipales de Ermitaga\u00f1a y Ensanche los s\u00e1bados 1 y 8 de abril y que est\u00e1n dirigidos a menores de 9 a 12 a\u00f1os. El del 1 de abril se celebrar\u00e1 en Ermitaga\u00f1a y el del 8 de abril tendr\u00e1 lugar en el mercado del Ensanche. Los dos se desarrollar\u00e1n de 11.30 a 13 horas.<\/p>\n<p>Las inscripciones, que cuestan dos euros, se realizan en el Tel\u00e9fono de Atenci\u00f3n Ciudadana 010 (948420100 si se llama desde m\u00f3vil, desde fuera de Pamplona o desde fijo dentro de una tarifa plana con un operador telef\u00f3nico). Se podr\u00e1 realizar el abono con tarjeta de cr\u00e9dito. El objetivo de esta actividad es que aprendan a cocinar sano y sabroso.<\/p>\n<p>Los talleres comenzar\u00e1n con un paseo por el merado para que los participantes vean de cerca los productos y adquieran nociones b\u00e1sicas del desarrollo posterior de la actividad. En la sesi\u00f3n, los participantes podr\u00e1n manipular los alimentos y colaborar en la elaboraci\u00f3n de las recetas, ya que se la sesi\u00f3n s participativa y se elaboran los platos en el momento. El taller estar\u00e1 impartido por el cocinero y nutricionista Juan Carlos Fern\u00e1ndez y las recetas estar\u00e1n elaboradas con productos de temporada.<\/p>\n<p>La actividad forma parte de una acci\u00f3n anual que se divide por trimestres, con la que se busca que los ni\u00f1os disfruten de la cocina pero teniendo siempre conocimiento de la importancia de una saludable alimentaci\u00f3n. Los mercados son un claro exponente de este tipo de alimentaci\u00f3n dada la contrastada calidad de sus productos, frescos y locales. As\u00ed, el Ayuntamiento y los mercados organizan cuatro talleres al a\u00f1o: primavera, verano, en septiembre con el inicio del curso escolar y en Navidad. Adem\u00e1s, se enmarca en la colaboraci\u00f3n que mantiene el Consistorio pamplon\u00e9s con los mercados municipales del Ensanche y Ermitaga\u00f1a. Con ella se busca, a trav\u00e9s de actividades y otras iniciativas, promocionar el producto fresco y de calidad que se vende en los mercados, fidelizar a los habituales compradores y tambi\u00e9n captar nuevos clientes.<\/p>\n<p>&nbsp;<\/p>\n","protected":false},"excerpt":{"rendered":"<p>Las inscripciones, que cuestan 2 euros, en el tel\u00e9fono 010 (948420100 desde m\u00f3vil, fuera de Pamplona o llamadas desde fijo con tarifa plana)<\/p>\n","protected":false},"author":1,"featured_media":11749,"comment_status":"closed","ping_status":"closed","sticky":false,"template":"","format":"standard","meta":{"footnotes":""},"categories":[2],"tags":[],"class_list":["post-12357","post","type-post","status-publish","format-standard","has-post-thumbnail","hentry","category-ayuntamiento-pamplona"],"yoast_head":"<!-- This site is optimized with the Yoast SEO plugin v27.5 - https:\/\/yoast.com\/product\/yoast-seo-wordpress\/ -->\n<title>Abierto el plazo de inscripci\u00f3n en los talleres de cocina del 1 y 8 de abril en los mercados municipales de Ensanche y Ermitaga\u00f1a para menores de 9 a 12 a\u00f1os<\/title>\n<meta name=\"robots\" content=\"index, follow, max-snippet:-1, max-image-preview:large, max-video-preview:-1\" \/>\n<link rel=\"canonical\" href=\"https:\/\/www.laguiadepamplona.com\/actualidad\/abierto-el-plazo-de-inscripcion-en-los-talleres-de-cocina-del-1-y-8-de-abril-en-los-mercados-municipales-de-ensanche-y-ermitagana-para-menores-de-9-a-12-anos\/\" \/>\n<meta property=\"og:locale\" content=\"es_ES\" \/>\n<meta property=\"og:type\" content=\"article\" \/>\n<meta property=\"og:title\" content=\"Abierto el plazo de inscripci\u00f3n en los talleres de cocina del 1 y 8 de abril en los mercados municipales de Ensanche y Ermitaga\u00f1a para menores de 9 a 12 a\u00f1os\" \/>\n<meta property=\"og:description\" content=\"Las inscripciones, que cuestan 2 euros, en el tel\u00e9fono 010 (948420100 desde m\u00f3vil, fuera de Pamplona o llamadas desde fijo con tarifa plana)\" \/>\n<meta property=\"og:url\" content=\"https:\/\/www.laguiadepamplona.com\/actualidad\/abierto-el-plazo-de-inscripcion-en-los-talleres-de-cocina-del-1-y-8-de-abril-en-los-mercados-municipales-de-ensanche-y-ermitagana-para-menores-de-9-a-12-anos\/\" \/>\n<meta property=\"og:site_name\" content=\"La Gu\u00eda de Pamplona\" \/>\n<meta property=\"article:publisher\" content=\"https:\/\/www.facebook.com\/laguiadepamplonacom-133175176762273\/?ref=hl\" \/>\n<meta property=\"article:published_time\" content=\"2017-03-21T16:55:43+00:00\" \/>\n<meta property=\"og:image\" content=\"https:\/\/www.laguiadepamplona.com\/actualidad\/wp-content\/uploads\/2017\/02\/mercado-ensanche.jpg\" \/>\n\t<meta property=\"og:image:width\" content=\"640\" \/>\n\t<meta property=\"og:image:height\" content=\"480\" \/>\n\t<meta property=\"og:image:type\" content=\"image\/jpeg\" \/>\n<meta name=\"author\" content=\"La Gu\u00eda de Pamplona\" \/>\n<meta name=\"twitter:card\" content=\"summary_large_image\" \/>\n<meta name=\"twitter:creator\" content=\"@LaGuiadPamplona\" \/>\n<meta name=\"twitter:site\" content=\"@LaGuiadPamplona\" \/>\n<meta name=\"twitter:label1\" content=\"Escrito por\" \/>\n\t<meta name=\"twitter:data1\" content=\"La Gu\u00eda de Pamplona\" \/>\n\t<meta name=\"twitter:label2\" content=\"Tiempo de lectura\" \/>\n\t<meta name=\"twitter:data2\" content=\"2 minutos\" \/>\n<script type=\"application\/ld+json\" class=\"yoast-schema-graph\">{\"@context\":\"https:\\\/\\\/schema.org\",\"@graph\":[{\"@type\":\"Article\",\"@id\":\"https:\\\/\\\/www.laguiadepamplona.com\\\/actualidad\\\/abierto-el-plazo-de-inscripcion-en-los-talleres-de-cocina-del-1-y-8-de-abril-en-los-mercados-municipales-de-ensanche-y-ermitagana-para-menores-de-9-a-12-anos\\\/#article\",\"isPartOf\":{\"@id\":\"https:\\\/\\\/www.laguiadepamplona.com\\\/actualidad\\\/abierto-el-plazo-de-inscripcion-en-los-talleres-de-cocina-del-1-y-8-de-abril-en-los-mercados-municipales-de-ensanche-y-ermitagana-para-menores-de-9-a-12-anos\\\/\"},\"author\":{\"name\":\"La Gu\u00eda de Pamplona\",\"@id\":\"https:\\\/\\\/www.laguiadepamplona.com\\\/actualidad\\\/#\\\/schema\\\/person\\\/efe887376f0213d4657c93adc50b1fdb\"},\"headline\":\"Abierto el plazo de inscripci\u00f3n en los talleres de cocina del 1 y 8 de abril en los mercados municipales de Ensanche y Ermitaga\u00f1a para menores de 9 a 12 a\u00f1os\",\"datePublished\":\"2017-03-21T16:55:43+00:00\",\"mainEntityOfPage\":{\"@id\":\"https:\\\/\\\/www.laguiadepamplona.com\\\/actualidad\\\/abierto-el-plazo-de-inscripcion-en-los-talleres-de-cocina-del-1-y-8-de-abril-en-los-mercados-municipales-de-ensanche-y-ermitagana-para-menores-de-9-a-12-anos\\\/\"},\"wordCount\":429,\"publisher\":{\"@id\":\"https:\\\/\\\/www.laguiadepamplona.com\\\/actualidad\\\/#organization\"},\"image\":{\"@id\":\"https:\\\/\\\/www.laguiadepamplona.com\\\/actualidad\\\/abierto-el-plazo-de-inscripcion-en-los-talleres-de-cocina-del-1-y-8-de-abril-en-los-mercados-municipales-de-ensanche-y-ermitagana-para-menores-de-9-a-12-anos\\\/#primaryimage\"},\"thumbnailUrl\":\"https:\\\/\\\/www.laguiadepamplona.com\\\/actualidad\\\/wp-content\\\/uploads\\\/2017\\\/02\\\/mercado-ensanche.jpg\",\"articleSection\":[\"Ayto Pamplona\"],\"inLanguage\":\"es\"},{\"@type\":\"WebPage\",\"@id\":\"https:\\\/\\\/www.laguiadepamplona.com\\\/actualidad\\\/abierto-el-plazo-de-inscripcion-en-los-talleres-de-cocina-del-1-y-8-de-abril-en-los-mercados-municipales-de-ensanche-y-ermitagana-para-menores-de-9-a-12-anos\\\/\",\"url\":\"https:\\\/\\\/www.laguiadepamplona.com\\\/actualidad\\\/abierto-el-plazo-de-inscripcion-en-los-talleres-de-cocina-del-1-y-8-de-abril-en-los-mercados-municipales-de-ensanche-y-ermitagana-para-menores-de-9-a-12-anos\\\/\",\"name\":\"Abierto el plazo de inscripci\u00f3n en los talleres de cocina del 1 y 8 de abril en los mercados municipales de Ensanche y Ermitaga\u00f1a para menores de 9 a 12 a\u00f1os\",\"isPartOf\":{\"@id\":\"https:\\\/\\\/www.laguiadepamplona.com\\\/actualidad\\\/#website\"},\"primaryImageOfPage\":{\"@id\":\"https:\\\/\\\/www.laguiadepamplona.com\\\/actualidad\\\/abierto-el-plazo-de-inscripcion-en-los-talleres-de-cocina-del-1-y-8-de-abril-en-los-mercados-municipales-de-ensanche-y-ermitagana-para-menores-de-9-a-12-anos\\\/#primaryimage\"},\"image\":{\"@id\":\"https:\\\/\\\/www.laguiadepamplona.com\\\/actualidad\\\/abierto-el-plazo-de-inscripcion-en-los-talleres-de-cocina-del-1-y-8-de-abril-en-los-mercados-municipales-de-ensanche-y-ermitagana-para-menores-de-9-a-12-anos\\\/#primaryimage\"},\"thumbnailUrl\":\"https:\\\/\\\/www.laguiadepamplona.com\\\/actualidad\\\/wp-content\\\/uploads\\\/2017\\\/02\\\/mercado-ensanche.jpg\",\"datePublished\":\"2017-03-21T16:55:43+00:00\",\"breadcrumb\":{\"@id\":\"https:\\\/\\\/www.laguiadepamplona.com\\\/actualidad\\\/abierto-el-plazo-de-inscripcion-en-los-talleres-de-cocina-del-1-y-8-de-abril-en-los-mercados-municipales-de-ensanche-y-ermitagana-para-menores-de-9-a-12-anos\\\/#breadcrumb\"},\"inLanguage\":\"es\",\"potentialAction\":[{\"@type\":\"ReadAction\",\"target\":[\"https:\\\/\\\/www.laguiadepamplona.com\\\/actualidad\\\/abierto-el-plazo-de-inscripcion-en-los-talleres-de-cocina-del-1-y-8-de-abril-en-los-mercados-municipales-de-ensanche-y-ermitagana-para-menores-de-9-a-12-anos\\\/\"]}]},{\"@type\":\"ImageObject\",\"inLanguage\":\"es\",\"@id\":\"https:\\\/\\\/www.laguiadepamplona.com\\\/actualidad\\\/abierto-el-plazo-de-inscripcion-en-los-talleres-de-cocina-del-1-y-8-de-abril-en-los-mercados-municipales-de-ensanche-y-ermitagana-para-menores-de-9-a-12-anos\\\/#primaryimage\",\"url\":\"https:\\\/\\\/www.laguiadepamplona.com\\\/actualidad\\\/wp-content\\\/uploads\\\/2017\\\/02\\\/mercado-ensanche.jpg\",\"contentUrl\":\"https:\\\/\\\/www.laguiadepamplona.com\\\/actualidad\\\/wp-content\\\/uploads\\\/2017\\\/02\\\/mercado-ensanche.jpg\",\"width\":640,\"height\":480},{\"@type\":\"BreadcrumbList\",\"@id\":\"https:\\\/\\\/www.laguiadepamplona.com\\\/actualidad\\\/abierto-el-plazo-de-inscripcion-en-los-talleres-de-cocina-del-1-y-8-de-abril-en-los-mercados-municipales-de-ensanche-y-ermitagana-para-menores-de-9-a-12-anos\\\/#breadcrumb\",\"itemListElement\":[{\"@type\":\"ListItem\",\"position\":1,\"name\":\"Portada\",\"item\":\"https:\\\/\\\/www.laguiadepamplona.com\\\/actualidad\\\/\"},{\"@type\":\"ListItem\",\"position\":2,\"name\":\"Abierto el plazo de inscripci\u00f3n en los talleres de cocina del 1 y 8 de abril en los mercados municipales de Ensanche y Ermitaga\u00f1a para menores de 9 a 12 a\u00f1os\"}]},{\"@type\":\"WebSite\",\"@id\":\"https:\\\/\\\/www.laguiadepamplona.com\\\/actualidad\\\/#website\",\"url\":\"https:\\\/\\\/www.laguiadepamplona.com\\\/actualidad\\\/\",\"name\":\"La gu\u00eda de Pamplona\",\"description\":\"Noticias de Pamplona\",\"publisher\":{\"@id\":\"https:\\\/\\\/www.laguiadepamplona.com\\\/actualidad\\\/#organization\"},\"potentialAction\":[{\"@type\":\"SearchAction\",\"target\":{\"@type\":\"EntryPoint\",\"urlTemplate\":\"https:\\\/\\\/www.laguiadepamplona.com\\\/actualidad\\\/?s={search_term_string}\"},\"query-input\":{\"@type\":\"PropertyValueSpecification\",\"valueRequired\":true,\"valueName\":\"search_term_string\"}}],\"inLanguage\":\"es\"},{\"@type\":\"Organization\",\"@id\":\"https:\\\/\\\/www.laguiadepamplona.com\\\/actualidad\\\/#organization\",\"name\":\"La Gu\u00eda de Pamplona \\\/ Noticias\",\"url\":\"https:\\\/\\\/www.laguiadepamplona.com\\\/actualidad\\\/\",\"logo\":{\"@type\":\"ImageObject\",\"inLanguage\":\"es\",\"@id\":\"https:\\\/\\\/www.laguiadepamplona.com\\\/actualidad\\\/#\\\/schema\\\/logo\\\/image\\\/\",\"url\":\"https:\\\/\\\/www.laguiadepamplona.com\\\/actualidad\\\/wp-content\\\/uploads\\\/2018\\\/11\\\/logo-laguiadepamplona18-web1.png\",\"contentUrl\":\"https:\\\/\\\/www.laguiadepamplona.com\\\/actualidad\\\/wp-content\\\/uploads\\\/2018\\\/11\\\/logo-laguiadepamplona18-web1.png\",\"width\":600,\"height\":196,\"caption\":\"La Gu\u00eda de Pamplona \\\/ Noticias\"},\"image\":{\"@id\":\"https:\\\/\\\/www.laguiadepamplona.com\\\/actualidad\\\/#\\\/schema\\\/logo\\\/image\\\/\"},\"sameAs\":[\"https:\\\/\\\/www.facebook.com\\\/laguiadepamplonacom-133175176762273\\\/?ref=hl\",\"https:\\\/\\\/x.com\\\/LaGuiadPamplona\",\"https:\\\/\\\/www.instagram.com\\\/la_guia_de_pamplona\\\/\",\"https:\\\/\\\/www.youtube.com\\\/user\\\/laguiadepamplona\"]},{\"@type\":\"Person\",\"@id\":\"https:\\\/\\\/www.laguiadepamplona.com\\\/actualidad\\\/#\\\/schema\\\/person\\\/efe887376f0213d4657c93adc50b1fdb\",\"name\":\"La Gu\u00eda de Pamplona\",\"image\":{\"@type\":\"ImageObject\",\"inLanguage\":\"es\",\"@id\":\"https:\\\/\\\/secure.gravatar.com\\\/avatar\\\/b6992f131dc8d30ab0dff15446e9d346d9dbd95992de0fef795073f5ea83a81c?s=96&d=mm&r=g\",\"url\":\"https:\\\/\\\/secure.gravatar.com\\\/avatar\\\/b6992f131dc8d30ab0dff15446e9d346d9dbd95992de0fef795073f5ea83a81c?s=96&d=mm&r=g\",\"contentUrl\":\"https:\\\/\\\/secure.gravatar.com\\\/avatar\\\/b6992f131dc8d30ab0dff15446e9d346d9dbd95992de0fef795073f5ea83a81c?s=96&d=mm&r=g\",\"caption\":\"La Gu\u00eda de Pamplona\"}}]}<\/script>\n<!-- \/ Yoast SEO plugin. -->","yoast_head_json":{"title":"Abierto el plazo de inscripci\u00f3n en los talleres de cocina del 1 y 8 de abril en los mercados municipales de Ensanche y Ermitaga\u00f1a para menores de 9 a 12 a\u00f1os","robots":{"index":"index","follow":"follow","max-snippet":"max-snippet:-1","max-image-preview":"max-image-preview:large","max-video-preview":"max-video-preview:-1"},"canonical":"https:\/\/www.laguiadepamplona.com\/actualidad\/abierto-el-plazo-de-inscripcion-en-los-talleres-de-cocina-del-1-y-8-de-abril-en-los-mercados-municipales-de-ensanche-y-ermitagana-para-menores-de-9-a-12-anos\/","og_locale":"es_ES","og_type":"article","og_title":"Abierto el plazo de inscripci\u00f3n en los talleres de cocina del 1 y 8 de abril en los mercados municipales de Ensanche y Ermitaga\u00f1a para menores de 9 a 12 a\u00f1os","og_description":"Las inscripciones, que cuestan 2 euros, en el tel\u00e9fono 010 (948420100 desde m\u00f3vil, fuera de Pamplona o llamadas desde fijo con tarifa plana)","og_url":"https:\/\/www.laguiadepamplona.com\/actualidad\/abierto-el-plazo-de-inscripcion-en-los-talleres-de-cocina-del-1-y-8-de-abril-en-los-mercados-municipales-de-ensanche-y-ermitagana-para-menores-de-9-a-12-anos\/","og_site_name":"La Gu\u00eda de Pamplona","article_publisher":"https:\/\/www.facebook.com\/laguiadepamplonacom-133175176762273\/?ref=hl","article_published_time":"2017-03-21T16:55:43+00:00","og_image":[{"width":640,"height":480,"url":"https:\/\/www.laguiadepamplona.com\/actualidad\/wp-content\/uploads\/2017\/02\/mercado-ensanche.jpg","type":"image\/jpeg"}],"author":"La Gu\u00eda de Pamplona","twitter_card":"summary_large_image","twitter_creator":"@LaGuiadPamplona","twitter_site":"@LaGuiadPamplona","twitter_misc":{"Escrito por":"La Gu\u00eda de Pamplona","Tiempo de lectura":"2 minutos"},"schema":{"@context":"https:\/\/schema.org","@graph":[{"@type":"Article","@id":"https:\/\/www.laguiadepamplona.com\/actualidad\/abierto-el-plazo-de-inscripcion-en-los-talleres-de-cocina-del-1-y-8-de-abril-en-los-mercados-municipales-de-ensanche-y-ermitagana-para-menores-de-9-a-12-anos\/#article","isPartOf":{"@id":"https:\/\/www.laguiadepamplona.com\/actualidad\/abierto-el-plazo-de-inscripcion-en-los-talleres-de-cocina-del-1-y-8-de-abril-en-los-mercados-municipales-de-ensanche-y-ermitagana-para-menores-de-9-a-12-anos\/"},"author":{"name":"La Gu\u00eda de Pamplona","@id":"https:\/\/www.laguiadepamplona.com\/actualidad\/#\/schema\/person\/efe887376f0213d4657c93adc50b1fdb"},"headline":"Abierto el plazo de inscripci\u00f3n en los talleres de cocina del 1 y 8 de abril en los mercados municipales de Ensanche y Ermitaga\u00f1a para menores de 9 a 12 a\u00f1os","datePublished":"2017-03-21T16:55:43+00:00","mainEntityOfPage":{"@id":"https:\/\/www.laguiadepamplona.com\/actualidad\/abierto-el-plazo-de-inscripcion-en-los-talleres-de-cocina-del-1-y-8-de-abril-en-los-mercados-municipales-de-ensanche-y-ermitagana-para-menores-de-9-a-12-anos\/"},"wordCount":429,"publisher":{"@id":"https:\/\/www.laguiadepamplona.com\/actualidad\/#organization"},"image":{"@id":"https:\/\/www.laguiadepamplona.com\/actualidad\/abierto-el-plazo-de-inscripcion-en-los-talleres-de-cocina-del-1-y-8-de-abril-en-los-mercados-municipales-de-ensanche-y-ermitagana-para-menores-de-9-a-12-anos\/#primaryimage"},"thumbnailUrl":"https:\/\/www.laguiadepamplona.com\/actualidad\/wp-content\/uploads\/2017\/02\/mercado-ensanche.jpg","articleSection":["Ayto Pamplona"],"inLanguage":"es"},{"@type":"WebPage","@id":"https:\/\/www.laguiadepamplona.com\/actualidad\/abierto-el-plazo-de-inscripcion-en-los-talleres-de-cocina-del-1-y-8-de-abril-en-los-mercados-municipales-de-ensanche-y-ermitagana-para-menores-de-9-a-12-anos\/","url":"https:\/\/www.laguiadepamplona.com\/actualidad\/abierto-el-plazo-de-inscripcion-en-los-talleres-de-cocina-del-1-y-8-de-abril-en-los-mercados-municipales-de-ensanche-y-ermitagana-para-menores-de-9-a-12-anos\/","name":"Abierto el plazo de inscripci\u00f3n en los talleres de cocina del 1 y 8 de abril en los mercados municipales de Ensanche y Ermitaga\u00f1a para menores de 9 a 12 a\u00f1os","isPartOf":{"@id":"https:\/\/www.laguiadepamplona.com\/actualidad\/#website"},"primaryImageOfPage":{"@id":"https:\/\/www.laguiadepamplona.com\/actualidad\/abierto-el-plazo-de-inscripcion-en-los-talleres-de-cocina-del-1-y-8-de-abril-en-los-mercados-municipales-de-ensanche-y-ermitagana-para-menores-de-9-a-12-anos\/#primaryimage"},"image":{"@id":"https:\/\/www.laguiadepamplona.com\/actualidad\/abierto-el-plazo-de-inscripcion-en-los-talleres-de-cocina-del-1-y-8-de-abril-en-los-mercados-municipales-de-ensanche-y-ermitagana-para-menores-de-9-a-12-anos\/#primaryimage"},"thumbnailUrl":"https:\/\/www.laguiadepamplona.com\/actualidad\/wp-content\/uploads\/2017\/02\/mercado-ensanche.jpg","datePublished":"2017-03-21T16:55:43+00:00","breadcrumb":{"@id":"https:\/\/www.laguiadepamplona.com\/actualidad\/abierto-el-plazo-de-inscripcion-en-los-talleres-de-cocina-del-1-y-8-de-abril-en-los-mercados-municipales-de-ensanche-y-ermitagana-para-menores-de-9-a-12-anos\/#breadcrumb"},"inLanguage":"es","potentialAction":[{"@type":"ReadAction","target":["https:\/\/www.laguiadepamplona.com\/actualidad\/abierto-el-plazo-de-inscripcion-en-los-talleres-de-cocina-del-1-y-8-de-abril-en-los-mercados-municipales-de-ensanche-y-ermitagana-para-menores-de-9-a-12-anos\/"]}]},{"@type":"ImageObject","inLanguage":"es","@id":"https:\/\/www.laguiadepamplona.com\/actualidad\/abierto-el-plazo-de-inscripcion-en-los-talleres-de-cocina-del-1-y-8-de-abril-en-los-mercados-municipales-de-ensanche-y-ermitagana-para-menores-de-9-a-12-anos\/#primaryimage","url":"https:\/\/www.laguiadepamplona.com\/actualidad\/wp-content\/uploads\/2017\/02\/mercado-ensanche.jpg","contentUrl":"https:\/\/www.laguiadepamplona.com\/actualidad\/wp-content\/uploads\/2017\/02\/mercado-ensanche.jpg","width":640,"height":480},{"@type":"BreadcrumbList","@id":"https:\/\/www.laguiadepamplona.com\/actualidad\/abierto-el-plazo-de-inscripcion-en-los-talleres-de-cocina-del-1-y-8-de-abril-en-los-mercados-municipales-de-ensanche-y-ermitagana-para-menores-de-9-a-12-anos\/#breadcrumb","itemListElement":[{"@type":"ListItem","position":1,"name":"Portada","item":"https:\/\/www.laguiadepamplona.com\/actualidad\/"},{"@type":"ListItem","position":2,"name":"Abierto el plazo de inscripci\u00f3n en los talleres de cocina del 1 y 8 de abril en los mercados municipales de Ensanche y Ermitaga\u00f1a para menores de 9 a 12 a\u00f1os"}]},{"@type":"WebSite","@id":"https:\/\/www.laguiadepamplona.com\/actualidad\/#website","url":"https:\/\/www.laguiadepamplona.com\/actualidad\/","name":"La gu\u00eda de Pamplona","description":"Noticias de Pamplona","publisher":{"@id":"https:\/\/www.laguiadepamplona.com\/actualidad\/#organization"},"potentialAction":[{"@type":"SearchAction","target":{"@type":"EntryPoint","urlTemplate":"https:\/\/www.laguiadepamplona.com\/actualidad\/?s={search_term_string}"},"query-input":{"@type":"PropertyValueSpecification","valueRequired":true,"valueName":"search_term_string"}}],"inLanguage":"es"},{"@type":"Organization","@id":"https:\/\/www.laguiadepamplona.com\/actualidad\/#organization","name":"La Gu\u00eda de Pamplona \/ Noticias","url":"https:\/\/www.laguiadepamplona.com\/actualidad\/","logo":{"@type":"ImageObject","inLanguage":"es","@id":"https:\/\/www.laguiadepamplona.com\/actualidad\/#\/schema\/logo\/image\/","url":"https:\/\/www.laguiadepamplona.com\/actualidad\/wp-content\/uploads\/2018\/11\/logo-laguiadepamplona18-web1.png","contentUrl":"https:\/\/www.laguiadepamplona.com\/actualidad\/wp-content\/uploads\/2018\/11\/logo-laguiadepamplona18-web1.png","width":600,"height":196,"caption":"La Gu\u00eda de Pamplona \/ Noticias"},"image":{"@id":"https:\/\/www.laguiadepamplona.com\/actualidad\/#\/schema\/logo\/image\/"},"sameAs":["https:\/\/www.facebook.com\/laguiadepamplonacom-133175176762273\/?ref=hl","https:\/\/x.com\/LaGuiadPamplona","https:\/\/www.instagram.com\/la_guia_de_pamplona\/","https:\/\/www.youtube.com\/user\/laguiadepamplona"]},{"@type":"Person","@id":"https:\/\/www.laguiadepamplona.com\/actualidad\/#\/schema\/person\/efe887376f0213d4657c93adc50b1fdb","name":"La Gu\u00eda de Pamplona","image":{"@type":"ImageObject","inLanguage":"es","@id":"https:\/\/secure.gravatar.com\/avatar\/b6992f131dc8d30ab0dff15446e9d346d9dbd95992de0fef795073f5ea83a81c?s=96&d=mm&r=g","url":"https:\/\/secure.gravatar.com\/avatar\/b6992f131dc8d30ab0dff15446e9d346d9dbd95992de0fef795073f5ea83a81c?s=96&d=mm&r=g","contentUrl":"https:\/\/secure.gravatar.com\/avatar\/b6992f131dc8d30ab0dff15446e9d346d9dbd95992de0fef795073f5ea83a81c?s=96&d=mm&r=g","caption":"La Gu\u00eda de Pamplona"}}]}},"post_mailing_queue_ids":[],"_links":{"self":[{"href":"https:\/\/www.laguiadepamplona.com\/actualidad\/wp-json\/wp\/v2\/posts\/12357","targetHints":{"allow":["GET"]}}],"collection":[{"href":"https:\/\/www.laguiadepamplona.com\/actualidad\/wp-json\/wp\/v2\/posts"}],"about":[{"href":"https:\/\/www.laguiadepamplona.com\/actualidad\/wp-json\/wp\/v2\/types\/post"}],"author":[{"embeddable":true,"href":"https:\/\/www.laguiadepamplona.com\/actualidad\/wp-json\/wp\/v2\/users\/1"}],"replies":[{"embeddable":true,"href":"https:\/\/www.laguiadepamplona.com\/actualidad\/wp-json\/wp\/v2\/comments?post=12357"}],"version-history":[{"count":0,"href":"https:\/\/www.laguiadepamplona.com\/actualidad\/wp-json\/wp\/v2\/posts\/12357\/revisions"}],"wp:featuredmedia":[{"embeddable":true,"href":"https:\/\/www.laguiadepamplona.com\/actualidad\/wp-json\/wp\/v2\/media\/11749"}],"wp:attachment":[{"href":"https:\/\/www.laguiadepamplona.com\/actualidad\/wp-json\/wp\/v2\/media?parent=12357"}],"wp:term":[{"taxonomy":"category","embeddable":true,"href":"https:\/\/www.laguiadepamplona.com\/actualidad\/wp-json\/wp\/v2\/categories?post=12357"},{"taxonomy":"post_tag","embeddable":true,"href":"https:\/\/www.laguiadepamplona.com\/actualidad\/wp-json\/wp\/v2\/tags?post=12357"}],"curies":[{"name":"wp","href":"https:\/\/api.w.org\/{rel}","templated":true}]}}