{"id":12355,"date":"2017-03-21T17:55:02","date_gmt":"2017-03-21T16:55:02","guid":{"rendered":"http:\/\/laguiadepamplona.es\/actualidad\/?p=12355"},"modified":"2017-03-21T17:55:02","modified_gmt":"2017-03-21T16:55:02","slug":"el-ayuntamiento-deja-circular-el-autobus-de-hazte-oir-por-pamplona-tras-la-retirada-de-la-publicidad-y-los-logos-del-vehiculo","status":"publish","type":"post","link":"https:\/\/www.laguiadepamplona.com\/actualidad\/el-ayuntamiento-deja-circular-el-autobus-de-hazte-oir-por-pamplona-tras-la-retirada-de-la-publicidad-y-los-logos-del-vehiculo\/","title":{"rendered":"El Ayuntamiento deja circular el autob\u00fas de \u2018Hazte O\u00edr\u2019 por Pamplona tras la retirada de la publicidad y los logos del veh\u00edculo"},"content":{"rendered":"<h3>Inicialmente hab\u00eda sido inmovilizado en el pol\u00edgono de Agustinos por contravenir la ordenanza municipal de publicidad<\/h3>\n<p><!--more--><\/p>\n<p>El Ayuntamiento de Pamplona ha permitido la circulaci\u00f3n del autob\u00fas de Hazte O\u00edr por la ciudad una vez que el veh\u00edculo retirase la publicidad y los logos del veh\u00edculo. Inicialmente, hab\u00eda sido inmovilizado en el pol\u00edgono de Agustinos por Polic\u00eda Municipal, siguiendo las indicaciones de la asesor\u00eda jur\u00eddica municipal, informando a los representantes de la plataforma Hazte O\u00edr que para circular por el t\u00e9rmino municipal de Pamplona tendr\u00eda que retirar o tapar la leyenda del autob\u00fas.<\/p>\n<p>Seg\u00fan la asesor\u00eda jur\u00eddica, el autob\u00fas es el medio que utiliza la organizaci\u00f3n Hazte O\u00edr para una campa\u00f1a transf\u00f3bica y, de acuerdo con la ordenanza municipal de publicidad, la publicidad m\u00f3vil por el t\u00e9rmino municipal requiere autorizaci\u00f3n previa, que no hab\u00eda solicitado la plataforma.<\/p>\n<p>En concreto, la ordenanza municipal de publicidad (BON n\u00famero 75, de 22 de junio de 1992) recoge en sus art\u00edculos 2, 10 y 15 lo referente a publicidad m\u00f3vil.\u00a0 As\u00ed, tal y como recoge el art\u00edculo 2, se considera publicidad m\u00f3vil la \u201cconsistente en el ejercicio de actividades publicitarias mediante cualquier elemento de tracci\u00f3n mec\u00e1nica o animal (veh\u00edculos, aeronaves, etc.)\u201d. El art\u00edculo 10 de la norma contempla la necesidad de autorizaci\u00f3n previa para la realizaci\u00f3n de publicidad m\u00f3vil en el t\u00e9rmino municipal: \u201cPara la autorizaci\u00f3n de actividades publicitarias que vayan a realizarse por cualquier medio de tracci\u00f3n mec\u00e1nica o animal, deber\u00e1 presentarse memoria indicativa de las actividades previstas, indicando horarios, medios publicitarios, instrumentos a utilizar, etc. El Ayuntamiento conceder\u00e1 las licencias siempre y cuando los mensajes publicitarios se ajusten a las condiciones administrativas se\u00f1aladas en la presente Ordenanza, y queden suficientemente garantizadas la adecuada circulaci\u00f3n viaria y peatonal, pudiendo el Ayuntamiento limitar en la autorizaci\u00f3n las condiciones concretas en las que se autorizar\u00e1 la actividad publicitaria\u201d. El art\u00edculo decimoquinto de la ordenanza de publicidad recoge la forma de tramitar las licencias.<\/p>\n<p>En declaraciones ante los medios, el alcalde de Pamplona, Joseba Asiron ha recordado la normativa municipal y se ha lamentado de la campa\u00f1a publicitaria: \u201cLo peor de este tema es que se ponga en marcha una campa\u00f1a que genera sufrimiento en un sector muy sensible de la poblaci\u00f3n. Dijimos muy claramente que \u00edbamos a hacer todo lo posible para que esta campa\u00f1a no se plasmara en Pamplona. El autob\u00fas de Hazte O\u00edr en las condiciones que lo hemos visto en otras ciudades con mensajes transf\u00f3bicos no va a circular por Pamplona y haremos lo que est\u00e9 en nuestras manos desde un punto de vista legal para evitarlo\u201d, ha declarado antes de la llegada del veh\u00edculo. \u201cEste es un Ayuntamiento serio y consecuentemente haremos cumplir la normativa. Es mi opini\u00f3n que este tipo de circos no pueden tener cabida en una sociedad que por encima de todo quiere garantizar la igualdad de todas las personas\u201d, ha insistido.<\/p>\n<p>&nbsp;<\/p>\n","protected":false},"excerpt":{"rendered":"<p>Inicialmente hab\u00eda sido inmovilizado en el pol\u00edgono de Agustinos por contravenir la ordenanza municipal de publicidad<\/p>\n","protected":false},"author":1,"featured_media":10979,"comment_status":"closed","ping_status":"closed","sticky":false,"template":"","format":"standard","meta":{"footnotes":""},"categories":[2],"tags":[],"class_list":["post-12355","post","type-post","status-publish","format-standard","has-post-thumbnail","hentry","category-ayuntamiento-pamplona"],"yoast_head":"<!-- This site is optimized with the Yoast SEO plugin v27.5 - https:\/\/yoast.com\/product\/yoast-seo-wordpress\/ -->\n<title>El Ayuntamiento deja circular el autob\u00fas de \u2018Hazte O\u00edr\u2019 por Pamplona tras la retirada de la publicidad y los logos del veh\u00edculo<\/title>\n<meta name=\"robots\" content=\"index, follow, max-snippet:-1, max-image-preview:large, max-video-preview:-1\" \/>\n<link rel=\"canonical\" href=\"https:\/\/www.laguiadepamplona.com\/actualidad\/el-ayuntamiento-deja-circular-el-autobus-de-hazte-oir-por-pamplona-tras-la-retirada-de-la-publicidad-y-los-logos-del-vehiculo\/\" \/>\n<meta property=\"og:locale\" content=\"es_ES\" \/>\n<meta property=\"og:type\" content=\"article\" \/>\n<meta property=\"og:title\" content=\"El Ayuntamiento deja circular el autob\u00fas de \u2018Hazte O\u00edr\u2019 por Pamplona tras la retirada de la publicidad y los logos del veh\u00edculo\" \/>\n<meta property=\"og:description\" content=\"Inicialmente hab\u00eda sido inmovilizado en el pol\u00edgono de Agustinos por contravenir la ordenanza municipal de publicidad\" \/>\n<meta property=\"og:url\" content=\"https:\/\/www.laguiadepamplona.com\/actualidad\/el-ayuntamiento-deja-circular-el-autobus-de-hazte-oir-por-pamplona-tras-la-retirada-de-la-publicidad-y-los-logos-del-vehiculo\/\" \/>\n<meta property=\"og:site_name\" content=\"La Gu\u00eda de Pamplona\" \/>\n<meta property=\"article:publisher\" content=\"https:\/\/www.facebook.com\/laguiadepamplonacom-133175176762273\/?ref=hl\" \/>\n<meta property=\"article:published_time\" content=\"2017-03-21T16:55:02+00:00\" \/>\n<meta property=\"og:image\" content=\"https:\/\/www.laguiadepamplona.com\/actualidad\/wp-content\/uploads\/2016\/11\/Ayto_Pamplona.jpg\" \/>\n\t<meta property=\"og:image:width\" content=\"900\" \/>\n\t<meta property=\"og:image:height\" content=\"675\" \/>\n\t<meta property=\"og:image:type\" content=\"image\/jpeg\" \/>\n<meta name=\"author\" content=\"La Gu\u00eda de Pamplona\" \/>\n<meta name=\"twitter:card\" content=\"summary_large_image\" \/>\n<meta name=\"twitter:creator\" content=\"@LaGuiadPamplona\" \/>\n<meta name=\"twitter:site\" content=\"@LaGuiadPamplona\" \/>\n<meta name=\"twitter:label1\" content=\"Escrito por\" \/>\n\t<meta name=\"twitter:data1\" content=\"La Gu\u00eda de Pamplona\" \/>\n\t<meta name=\"twitter:label2\" content=\"Tiempo de lectura\" \/>\n\t<meta name=\"twitter:data2\" content=\"3 minutos\" \/>\n<script type=\"application\/ld+json\" class=\"yoast-schema-graph\">{\"@context\":\"https:\\\/\\\/schema.org\",\"@graph\":[{\"@type\":\"Article\",\"@id\":\"https:\\\/\\\/www.laguiadepamplona.com\\\/actualidad\\\/el-ayuntamiento-deja-circular-el-autobus-de-hazte-oir-por-pamplona-tras-la-retirada-de-la-publicidad-y-los-logos-del-vehiculo\\\/#article\",\"isPartOf\":{\"@id\":\"https:\\\/\\\/www.laguiadepamplona.com\\\/actualidad\\\/el-ayuntamiento-deja-circular-el-autobus-de-hazte-oir-por-pamplona-tras-la-retirada-de-la-publicidad-y-los-logos-del-vehiculo\\\/\"},\"author\":{\"name\":\"La Gu\u00eda de Pamplona\",\"@id\":\"https:\\\/\\\/www.laguiadepamplona.com\\\/actualidad\\\/#\\\/schema\\\/person\\\/efe887376f0213d4657c93adc50b1fdb\"},\"headline\":\"El Ayuntamiento deja circular el autob\u00fas de \u2018Hazte O\u00edr\u2019 por Pamplona tras la retirada de la publicidad y los logos del veh\u00edculo\",\"datePublished\":\"2017-03-21T16:55:02+00:00\",\"mainEntityOfPage\":{\"@id\":\"https:\\\/\\\/www.laguiadepamplona.com\\\/actualidad\\\/el-ayuntamiento-deja-circular-el-autobus-de-hazte-oir-por-pamplona-tras-la-retirada-de-la-publicidad-y-los-logos-del-vehiculo\\\/\"},\"wordCount\":548,\"publisher\":{\"@id\":\"https:\\\/\\\/www.laguiadepamplona.com\\\/actualidad\\\/#organization\"},\"image\":{\"@id\":\"https:\\\/\\\/www.laguiadepamplona.com\\\/actualidad\\\/el-ayuntamiento-deja-circular-el-autobus-de-hazte-oir-por-pamplona-tras-la-retirada-de-la-publicidad-y-los-logos-del-vehiculo\\\/#primaryimage\"},\"thumbnailUrl\":\"https:\\\/\\\/www.laguiadepamplona.com\\\/actualidad\\\/wp-content\\\/uploads\\\/2016\\\/11\\\/Ayto_Pamplona.jpg\",\"articleSection\":[\"Ayto Pamplona\"],\"inLanguage\":\"es\"},{\"@type\":\"WebPage\",\"@id\":\"https:\\\/\\\/www.laguiadepamplona.com\\\/actualidad\\\/el-ayuntamiento-deja-circular-el-autobus-de-hazte-oir-por-pamplona-tras-la-retirada-de-la-publicidad-y-los-logos-del-vehiculo\\\/\",\"url\":\"https:\\\/\\\/www.laguiadepamplona.com\\\/actualidad\\\/el-ayuntamiento-deja-circular-el-autobus-de-hazte-oir-por-pamplona-tras-la-retirada-de-la-publicidad-y-los-logos-del-vehiculo\\\/\",\"name\":\"El Ayuntamiento deja circular el autob\u00fas de \u2018Hazte O\u00edr\u2019 por Pamplona tras la retirada de la publicidad y los logos del veh\u00edculo\",\"isPartOf\":{\"@id\":\"https:\\\/\\\/www.laguiadepamplona.com\\\/actualidad\\\/#website\"},\"primaryImageOfPage\":{\"@id\":\"https:\\\/\\\/www.laguiadepamplona.com\\\/actualidad\\\/el-ayuntamiento-deja-circular-el-autobus-de-hazte-oir-por-pamplona-tras-la-retirada-de-la-publicidad-y-los-logos-del-vehiculo\\\/#primaryimage\"},\"image\":{\"@id\":\"https:\\\/\\\/www.laguiadepamplona.com\\\/actualidad\\\/el-ayuntamiento-deja-circular-el-autobus-de-hazte-oir-por-pamplona-tras-la-retirada-de-la-publicidad-y-los-logos-del-vehiculo\\\/#primaryimage\"},\"thumbnailUrl\":\"https:\\\/\\\/www.laguiadepamplona.com\\\/actualidad\\\/wp-content\\\/uploads\\\/2016\\\/11\\\/Ayto_Pamplona.jpg\",\"datePublished\":\"2017-03-21T16:55:02+00:00\",\"breadcrumb\":{\"@id\":\"https:\\\/\\\/www.laguiadepamplona.com\\\/actualidad\\\/el-ayuntamiento-deja-circular-el-autobus-de-hazte-oir-por-pamplona-tras-la-retirada-de-la-publicidad-y-los-logos-del-vehiculo\\\/#breadcrumb\"},\"inLanguage\":\"es\",\"potentialAction\":[{\"@type\":\"ReadAction\",\"target\":[\"https:\\\/\\\/www.laguiadepamplona.com\\\/actualidad\\\/el-ayuntamiento-deja-circular-el-autobus-de-hazte-oir-por-pamplona-tras-la-retirada-de-la-publicidad-y-los-logos-del-vehiculo\\\/\"]}]},{\"@type\":\"ImageObject\",\"inLanguage\":\"es\",\"@id\":\"https:\\\/\\\/www.laguiadepamplona.com\\\/actualidad\\\/el-ayuntamiento-deja-circular-el-autobus-de-hazte-oir-por-pamplona-tras-la-retirada-de-la-publicidad-y-los-logos-del-vehiculo\\\/#primaryimage\",\"url\":\"https:\\\/\\\/www.laguiadepamplona.com\\\/actualidad\\\/wp-content\\\/uploads\\\/2016\\\/11\\\/Ayto_Pamplona.jpg\",\"contentUrl\":\"https:\\\/\\\/www.laguiadepamplona.com\\\/actualidad\\\/wp-content\\\/uploads\\\/2016\\\/11\\\/Ayto_Pamplona.jpg\",\"width\":900,\"height\":675},{\"@type\":\"BreadcrumbList\",\"@id\":\"https:\\\/\\\/www.laguiadepamplona.com\\\/actualidad\\\/el-ayuntamiento-deja-circular-el-autobus-de-hazte-oir-por-pamplona-tras-la-retirada-de-la-publicidad-y-los-logos-del-vehiculo\\\/#breadcrumb\",\"itemListElement\":[{\"@type\":\"ListItem\",\"position\":1,\"name\":\"Portada\",\"item\":\"https:\\\/\\\/www.laguiadepamplona.com\\\/actualidad\\\/\"},{\"@type\":\"ListItem\",\"position\":2,\"name\":\"El Ayuntamiento deja circular el autob\u00fas de \u2018Hazte O\u00edr\u2019 por Pamplona tras la retirada de la publicidad y los logos del veh\u00edculo\"}]},{\"@type\":\"WebSite\",\"@id\":\"https:\\\/\\\/www.laguiadepamplona.com\\\/actualidad\\\/#website\",\"url\":\"https:\\\/\\\/www.laguiadepamplona.com\\\/actualidad\\\/\",\"name\":\"La gu\u00eda de Pamplona\",\"description\":\"Noticias de Pamplona\",\"publisher\":{\"@id\":\"https:\\\/\\\/www.laguiadepamplona.com\\\/actualidad\\\/#organization\"},\"potentialAction\":[{\"@type\":\"SearchAction\",\"target\":{\"@type\":\"EntryPoint\",\"urlTemplate\":\"https:\\\/\\\/www.laguiadepamplona.com\\\/actualidad\\\/?s={search_term_string}\"},\"query-input\":{\"@type\":\"PropertyValueSpecification\",\"valueRequired\":true,\"valueName\":\"search_term_string\"}}],\"inLanguage\":\"es\"},{\"@type\":\"Organization\",\"@id\":\"https:\\\/\\\/www.laguiadepamplona.com\\\/actualidad\\\/#organization\",\"name\":\"La Gu\u00eda de Pamplona \\\/ Noticias\",\"url\":\"https:\\\/\\\/www.laguiadepamplona.com\\\/actualidad\\\/\",\"logo\":{\"@type\":\"ImageObject\",\"inLanguage\":\"es\",\"@id\":\"https:\\\/\\\/www.laguiadepamplona.com\\\/actualidad\\\/#\\\/schema\\\/logo\\\/image\\\/\",\"url\":\"https:\\\/\\\/www.laguiadepamplona.com\\\/actualidad\\\/wp-content\\\/uploads\\\/2018\\\/11\\\/logo-laguiadepamplona18-web1.png\",\"contentUrl\":\"https:\\\/\\\/www.laguiadepamplona.com\\\/actualidad\\\/wp-content\\\/uploads\\\/2018\\\/11\\\/logo-laguiadepamplona18-web1.png\",\"width\":600,\"height\":196,\"caption\":\"La Gu\u00eda de Pamplona \\\/ Noticias\"},\"image\":{\"@id\":\"https:\\\/\\\/www.laguiadepamplona.com\\\/actualidad\\\/#\\\/schema\\\/logo\\\/image\\\/\"},\"sameAs\":[\"https:\\\/\\\/www.facebook.com\\\/laguiadepamplonacom-133175176762273\\\/?ref=hl\",\"https:\\\/\\\/x.com\\\/LaGuiadPamplona\",\"https:\\\/\\\/www.instagram.com\\\/la_guia_de_pamplona\\\/\",\"https:\\\/\\\/www.youtube.com\\\/user\\\/laguiadepamplona\"]},{\"@type\":\"Person\",\"@id\":\"https:\\\/\\\/www.laguiadepamplona.com\\\/actualidad\\\/#\\\/schema\\\/person\\\/efe887376f0213d4657c93adc50b1fdb\",\"name\":\"La Gu\u00eda de Pamplona\",\"image\":{\"@type\":\"ImageObject\",\"inLanguage\":\"es\",\"@id\":\"https:\\\/\\\/secure.gravatar.com\\\/avatar\\\/b6992f131dc8d30ab0dff15446e9d346d9dbd95992de0fef795073f5ea83a81c?s=96&d=mm&r=g\",\"url\":\"https:\\\/\\\/secure.gravatar.com\\\/avatar\\\/b6992f131dc8d30ab0dff15446e9d346d9dbd95992de0fef795073f5ea83a81c?s=96&d=mm&r=g\",\"contentUrl\":\"https:\\\/\\\/secure.gravatar.com\\\/avatar\\\/b6992f131dc8d30ab0dff15446e9d346d9dbd95992de0fef795073f5ea83a81c?s=96&d=mm&r=g\",\"caption\":\"La Gu\u00eda de Pamplona\"}}]}<\/script>\n<!-- \/ Yoast SEO plugin. -->","yoast_head_json":{"title":"El Ayuntamiento deja circular el autob\u00fas de \u2018Hazte O\u00edr\u2019 por Pamplona tras la retirada de la publicidad y los logos del veh\u00edculo","robots":{"index":"index","follow":"follow","max-snippet":"max-snippet:-1","max-image-preview":"max-image-preview:large","max-video-preview":"max-video-preview:-1"},"canonical":"https:\/\/www.laguiadepamplona.com\/actualidad\/el-ayuntamiento-deja-circular-el-autobus-de-hazte-oir-por-pamplona-tras-la-retirada-de-la-publicidad-y-los-logos-del-vehiculo\/","og_locale":"es_ES","og_type":"article","og_title":"El Ayuntamiento deja circular el autob\u00fas de \u2018Hazte O\u00edr\u2019 por Pamplona tras la retirada de la publicidad y los logos del veh\u00edculo","og_description":"Inicialmente hab\u00eda sido inmovilizado en el pol\u00edgono de Agustinos por contravenir la ordenanza municipal de publicidad","og_url":"https:\/\/www.laguiadepamplona.com\/actualidad\/el-ayuntamiento-deja-circular-el-autobus-de-hazte-oir-por-pamplona-tras-la-retirada-de-la-publicidad-y-los-logos-del-vehiculo\/","og_site_name":"La Gu\u00eda de Pamplona","article_publisher":"https:\/\/www.facebook.com\/laguiadepamplonacom-133175176762273\/?ref=hl","article_published_time":"2017-03-21T16:55:02+00:00","og_image":[{"width":900,"height":675,"url":"https:\/\/www.laguiadepamplona.com\/actualidad\/wp-content\/uploads\/2016\/11\/Ayto_Pamplona.jpg","type":"image\/jpeg"}],"author":"La Gu\u00eda de Pamplona","twitter_card":"summary_large_image","twitter_creator":"@LaGuiadPamplona","twitter_site":"@LaGuiadPamplona","twitter_misc":{"Escrito por":"La Gu\u00eda de Pamplona","Tiempo de lectura":"3 minutos"},"schema":{"@context":"https:\/\/schema.org","@graph":[{"@type":"Article","@id":"https:\/\/www.laguiadepamplona.com\/actualidad\/el-ayuntamiento-deja-circular-el-autobus-de-hazte-oir-por-pamplona-tras-la-retirada-de-la-publicidad-y-los-logos-del-vehiculo\/#article","isPartOf":{"@id":"https:\/\/www.laguiadepamplona.com\/actualidad\/el-ayuntamiento-deja-circular-el-autobus-de-hazte-oir-por-pamplona-tras-la-retirada-de-la-publicidad-y-los-logos-del-vehiculo\/"},"author":{"name":"La Gu\u00eda de Pamplona","@id":"https:\/\/www.laguiadepamplona.com\/actualidad\/#\/schema\/person\/efe887376f0213d4657c93adc50b1fdb"},"headline":"El Ayuntamiento deja circular el autob\u00fas de \u2018Hazte O\u00edr\u2019 por Pamplona tras la retirada de la publicidad y los logos del veh\u00edculo","datePublished":"2017-03-21T16:55:02+00:00","mainEntityOfPage":{"@id":"https:\/\/www.laguiadepamplona.com\/actualidad\/el-ayuntamiento-deja-circular-el-autobus-de-hazte-oir-por-pamplona-tras-la-retirada-de-la-publicidad-y-los-logos-del-vehiculo\/"},"wordCount":548,"publisher":{"@id":"https:\/\/www.laguiadepamplona.com\/actualidad\/#organization"},"image":{"@id":"https:\/\/www.laguiadepamplona.com\/actualidad\/el-ayuntamiento-deja-circular-el-autobus-de-hazte-oir-por-pamplona-tras-la-retirada-de-la-publicidad-y-los-logos-del-vehiculo\/#primaryimage"},"thumbnailUrl":"https:\/\/www.laguiadepamplona.com\/actualidad\/wp-content\/uploads\/2016\/11\/Ayto_Pamplona.jpg","articleSection":["Ayto Pamplona"],"inLanguage":"es"},{"@type":"WebPage","@id":"https:\/\/www.laguiadepamplona.com\/actualidad\/el-ayuntamiento-deja-circular-el-autobus-de-hazte-oir-por-pamplona-tras-la-retirada-de-la-publicidad-y-los-logos-del-vehiculo\/","url":"https:\/\/www.laguiadepamplona.com\/actualidad\/el-ayuntamiento-deja-circular-el-autobus-de-hazte-oir-por-pamplona-tras-la-retirada-de-la-publicidad-y-los-logos-del-vehiculo\/","name":"El Ayuntamiento deja circular el autob\u00fas de \u2018Hazte O\u00edr\u2019 por Pamplona tras la retirada de la publicidad y los logos del veh\u00edculo","isPartOf":{"@id":"https:\/\/www.laguiadepamplona.com\/actualidad\/#website"},"primaryImageOfPage":{"@id":"https:\/\/www.laguiadepamplona.com\/actualidad\/el-ayuntamiento-deja-circular-el-autobus-de-hazte-oir-por-pamplona-tras-la-retirada-de-la-publicidad-y-los-logos-del-vehiculo\/#primaryimage"},"image":{"@id":"https:\/\/www.laguiadepamplona.com\/actualidad\/el-ayuntamiento-deja-circular-el-autobus-de-hazte-oir-por-pamplona-tras-la-retirada-de-la-publicidad-y-los-logos-del-vehiculo\/#primaryimage"},"thumbnailUrl":"https:\/\/www.laguiadepamplona.com\/actualidad\/wp-content\/uploads\/2016\/11\/Ayto_Pamplona.jpg","datePublished":"2017-03-21T16:55:02+00:00","breadcrumb":{"@id":"https:\/\/www.laguiadepamplona.com\/actualidad\/el-ayuntamiento-deja-circular-el-autobus-de-hazte-oir-por-pamplona-tras-la-retirada-de-la-publicidad-y-los-logos-del-vehiculo\/#breadcrumb"},"inLanguage":"es","potentialAction":[{"@type":"ReadAction","target":["https:\/\/www.laguiadepamplona.com\/actualidad\/el-ayuntamiento-deja-circular-el-autobus-de-hazte-oir-por-pamplona-tras-la-retirada-de-la-publicidad-y-los-logos-del-vehiculo\/"]}]},{"@type":"ImageObject","inLanguage":"es","@id":"https:\/\/www.laguiadepamplona.com\/actualidad\/el-ayuntamiento-deja-circular-el-autobus-de-hazte-oir-por-pamplona-tras-la-retirada-de-la-publicidad-y-los-logos-del-vehiculo\/#primaryimage","url":"https:\/\/www.laguiadepamplona.com\/actualidad\/wp-content\/uploads\/2016\/11\/Ayto_Pamplona.jpg","contentUrl":"https:\/\/www.laguiadepamplona.com\/actualidad\/wp-content\/uploads\/2016\/11\/Ayto_Pamplona.jpg","width":900,"height":675},{"@type":"BreadcrumbList","@id":"https:\/\/www.laguiadepamplona.com\/actualidad\/el-ayuntamiento-deja-circular-el-autobus-de-hazte-oir-por-pamplona-tras-la-retirada-de-la-publicidad-y-los-logos-del-vehiculo\/#breadcrumb","itemListElement":[{"@type":"ListItem","position":1,"name":"Portada","item":"https:\/\/www.laguiadepamplona.com\/actualidad\/"},{"@type":"ListItem","position":2,"name":"El Ayuntamiento deja circular el autob\u00fas de \u2018Hazte O\u00edr\u2019 por Pamplona tras la retirada de la publicidad y los logos del veh\u00edculo"}]},{"@type":"WebSite","@id":"https:\/\/www.laguiadepamplona.com\/actualidad\/#website","url":"https:\/\/www.laguiadepamplona.com\/actualidad\/","name":"La gu\u00eda de Pamplona","description":"Noticias de Pamplona","publisher":{"@id":"https:\/\/www.laguiadepamplona.com\/actualidad\/#organization"},"potentialAction":[{"@type":"SearchAction","target":{"@type":"EntryPoint","urlTemplate":"https:\/\/www.laguiadepamplona.com\/actualidad\/?s={search_term_string}"},"query-input":{"@type":"PropertyValueSpecification","valueRequired":true,"valueName":"search_term_string"}}],"inLanguage":"es"},{"@type":"Organization","@id":"https:\/\/www.laguiadepamplona.com\/actualidad\/#organization","name":"La Gu\u00eda de Pamplona \/ Noticias","url":"https:\/\/www.laguiadepamplona.com\/actualidad\/","logo":{"@type":"ImageObject","inLanguage":"es","@id":"https:\/\/www.laguiadepamplona.com\/actualidad\/#\/schema\/logo\/image\/","url":"https:\/\/www.laguiadepamplona.com\/actualidad\/wp-content\/uploads\/2018\/11\/logo-laguiadepamplona18-web1.png","contentUrl":"https:\/\/www.laguiadepamplona.com\/actualidad\/wp-content\/uploads\/2018\/11\/logo-laguiadepamplona18-web1.png","width":600,"height":196,"caption":"La Gu\u00eda de Pamplona \/ Noticias"},"image":{"@id":"https:\/\/www.laguiadepamplona.com\/actualidad\/#\/schema\/logo\/image\/"},"sameAs":["https:\/\/www.facebook.com\/laguiadepamplonacom-133175176762273\/?ref=hl","https:\/\/x.com\/LaGuiadPamplona","https:\/\/www.instagram.com\/la_guia_de_pamplona\/","https:\/\/www.youtube.com\/user\/laguiadepamplona"]},{"@type":"Person","@id":"https:\/\/www.laguiadepamplona.com\/actualidad\/#\/schema\/person\/efe887376f0213d4657c93adc50b1fdb","name":"La Gu\u00eda de Pamplona","image":{"@type":"ImageObject","inLanguage":"es","@id":"https:\/\/secure.gravatar.com\/avatar\/b6992f131dc8d30ab0dff15446e9d346d9dbd95992de0fef795073f5ea83a81c?s=96&d=mm&r=g","url":"https:\/\/secure.gravatar.com\/avatar\/b6992f131dc8d30ab0dff15446e9d346d9dbd95992de0fef795073f5ea83a81c?s=96&d=mm&r=g","contentUrl":"https:\/\/secure.gravatar.com\/avatar\/b6992f131dc8d30ab0dff15446e9d346d9dbd95992de0fef795073f5ea83a81c?s=96&d=mm&r=g","caption":"La Gu\u00eda de Pamplona"}}]}},"post_mailing_queue_ids":[],"_links":{"self":[{"href":"https:\/\/www.laguiadepamplona.com\/actualidad\/wp-json\/wp\/v2\/posts\/12355","targetHints":{"allow":["GET"]}}],"collection":[{"href":"https:\/\/www.laguiadepamplona.com\/actualidad\/wp-json\/wp\/v2\/posts"}],"about":[{"href":"https:\/\/www.laguiadepamplona.com\/actualidad\/wp-json\/wp\/v2\/types\/post"}],"author":[{"embeddable":true,"href":"https:\/\/www.laguiadepamplona.com\/actualidad\/wp-json\/wp\/v2\/users\/1"}],"replies":[{"embeddable":true,"href":"https:\/\/www.laguiadepamplona.com\/actualidad\/wp-json\/wp\/v2\/comments?post=12355"}],"version-history":[{"count":0,"href":"https:\/\/www.laguiadepamplona.com\/actualidad\/wp-json\/wp\/v2\/posts\/12355\/revisions"}],"wp:featuredmedia":[{"embeddable":true,"href":"https:\/\/www.laguiadepamplona.com\/actualidad\/wp-json\/wp\/v2\/media\/10979"}],"wp:attachment":[{"href":"https:\/\/www.laguiadepamplona.com\/actualidad\/wp-json\/wp\/v2\/media?parent=12355"}],"wp:term":[{"taxonomy":"category","embeddable":true,"href":"https:\/\/www.laguiadepamplona.com\/actualidad\/wp-json\/wp\/v2\/categories?post=12355"},{"taxonomy":"post_tag","embeddable":true,"href":"https:\/\/www.laguiadepamplona.com\/actualidad\/wp-json\/wp\/v2\/tags?post=12355"}],"curies":[{"name":"wp","href":"https:\/\/api.w.org\/{rel}","templated":true}]}}