{"id":12351,"date":"2017-03-21T13:26:45","date_gmt":"2017-03-21T12:26:45","guid":{"rendered":"http:\/\/laguiadepamplona.es\/actualidad\/?p=12351"},"modified":"2017-03-21T13:26:45","modified_gmt":"2017-03-21T12:26:45","slug":"el-observatorio-de-la-movilidad-analizara-las-cuatro-propuestas-finalistas-para-las-intervenciones-en-pio-xii-y-en-el-eje-baranain-plaza-de-la-paz-dos-por-cada-eje","status":"publish","type":"post","link":"https:\/\/www.laguiadepamplona.com\/actualidad\/el-observatorio-de-la-movilidad-analizara-las-cuatro-propuestas-finalistas-para-las-intervenciones-en-pio-xii-y-en-el-eje-baranain-plaza-de-la-paz-dos-por-cada-eje\/","title":{"rendered":"El Observatorio de la Movilidad analizar\u00e1 las cuatro propuestas finalistas para las intervenciones en P\u00edo XII y en el eje Bara\u00f1\u00e1in-Plaza de la Paz, dos por cada eje"},"content":{"rendered":"<h3>El Grupo interdisciplinar de Trabajo T\u00e9cnico ha seleccionado estas opciones tras estudiar hasta seis para P\u00edo XII y tres en el eje de Bara\u00f1\u00e1in<\/h3>\n<p><!--more--><\/p>\n<p>El Grupo de Trabajo T\u00e9cnico -integrado por personal expertos del \u00c1rea de Ecolog\u00eda Urbana y Movilidad, Seguridad Ciudadana, Ciudad Habitable y Vivienda y el servicio de transporte de la Mancomunidad ha determinado ya las cuatro opciones consideradas de mayor viabilidad y con vocaci\u00f3n de tratamiento integral, que van a proponerse para definir las intervenciones en P\u00edo XII y en el eje Bara\u00f1\u00e1in-Plaza de la Paz. Ahora las cuatro opciones, dos por espacio a intervenir, se presentar\u00e1n a debate p\u00fablico en el Observatorio de la Movilidad del Ayuntamiento, convocado el pr\u00f3ximo jueves 23 de marzo, a las 18 horas, en el Planetario de Pamplona. Esta sesi\u00f3n p\u00fablica tiene como fin analizar con los colectivos interesados las opciones estudiadas para complementar el an\u00e1lisis t\u00e9cnico.<\/p>\n<p>Esta ma\u00f1ana el concejal delegado de Ecolog\u00eda Urbana y Movilidad, Armando Cuenca, y la directora del \u00c1rea, Camino Jaso, han presentado las cuatro opciones que se llevar\u00e1n a ese foro al que est\u00e1n convocados ciclistas, peatones, personal usuario del transporte p\u00fablico y del privado, adem\u00e1s de todos los grupos pol\u00edticos del Consistorio y de la Mancomunidad de la Comarca de Pamplona. En la reuni\u00f3n, asimismo, estar\u00e1 presente personal t\u00e9cnico de las \u00e1reas municipales implicadas.<\/p>\n<p>De las propuestas presentadas, tres (4B-P\u00edo XII\/ y Alternativas 1 y 3 para el eje Bara\u00f1\u00e1in-Burlada) han sido escogidas de entre las opciones presentadas por la consultora por GEA21; una cuarta (4C-P\u00edo XII) se ha generado en el an\u00e1lisis t\u00e9cnico realizado por Ayuntamiento y Mancomunidad. As\u00ed, esta semana culminar\u00e1n 18 meses de trabajo en torno los dos primeros grandes ejes de movilidad de la ciudad en los que se va a intervenir y cuyas actuaciones est\u00e1n previstas para este a\u00f1o dentro del Plan de Actuaciones de Movilidad Sostenible del Consistorio.<\/p>\n<p>El planteamiento final para ambas intervenciones ayudar\u00e1 a definir la \u201cintervenci\u00f3n tipo\u201d en el resto de Ejes Sostenibles: el Norte-Sur (Berriozar-UPNA), el eje San Jorge-Sadar y el eje Chantrea-Centro.<\/p>\n<p><strong>P\u00edo XII: dos opciones para un tratamiento integral<\/strong><\/p>\n<p>Los t\u00e9cnicos han apostado por soluciones integrales para P\u00edo XII, descartando cuatro de las opciones propuestas inicialmente que se centraban en exceso en el tr\u00e1nsito ciclista. Las dos posibilidades finalmente seleccionadas, una a propuesta de Gea21 (4B o Bouleverd Sostenible) y otra realizada desde el Grupo de Trabajo T\u00e9cnico (4C), incluyen un tratamiento espec\u00edfico de la movilidad peatonal -sobre todo en grandes cruces, como el de P\u00edo XII con Iturrama-; un carril bus segregado y un carril bici, tambi\u00e9n segregado. La diferencia fundamental entre las dos opciones que se llevar\u00e1n al Observatorio radica en la situaci\u00f3n del carril bus: bien en el centro de la calzada (4B), o bien en los laterales, junto al carril bici (4C).<\/p>\n<p>La propuesta 4B combina la mejora de la velocidad y la accesibilidad al transporte p\u00fablico, con la reducci\u00f3n de la velocidad y del n\u00famero de carriles destinados al veh\u00edculo privado. Asimismo evita el posible conflicto de las bicicletas con las paradas de la villavesa trasladando a las personas usuarias del transporte p\u00fablico hasta plataformas de acceso, las denominadas \u2018estilo tranv\u00eda\u2019. La propuesta 4C coincide con la estructura t\u00e9cnica de BRT- <em>Bus Rapid Transit<\/em> e implicar\u00eda llevar el carril-bus al lateral de la calzada (de fuera hacia dentro: aceras\/ carriles bici\/carriles bus\/ y carrilles para veh\u00edculos \u2013dos por sentido-).<\/p>\n<p>Hoy en d\u00eda el eje de P\u00edo XII presenta una estructura t\u00edpica de las v\u00edas de alta capacidad, tambi\u00e9n llamadas \u2018autopistas urbanas\u2019 (grandes avenidas de tr\u00e1fico r\u00e1pido previstas para veh\u00edculos a motor): se garantiza la fluidez del coche a costa de forzar al peat\u00f3n a dar grandes rodeos. La idea de la intervenci\u00f3n es caminar hacia la filosof\u00eda de <em>ciudad 8-80<\/em>, que implica un modelo de movilidad lo suficientemente seguro como para que una ni\u00f1a de 8 a\u00f1os y un jubilado de 80 puedan atravesar la ciudad de manera r\u00e1pida y sin riesgos. Asimismo se pretende mejorar la velocidad comercial de los autobuses; generar carriles bici seguros; mejorar la visibilidad de los pasos de cebra y reducir los tiempos de espera de los peatones en los cruces.<\/p>\n<p><strong>Un comienzo para la uni\u00f3n Bara\u00f1\u00e1in-Burlada<\/strong><\/p>\n<p>Con ese mismo criterio de recuperar espacio urbano para diferentes tipos de movilidad, el Grupo de Trabajo T\u00e9cnico llevar\u00e1 el pr\u00f3ximo jueves a debate al Observatorio de la Movilidad del Ayuntamiento de Pamplona otras dos opciones para el eje Bara\u00f1\u00e1in-Plaza de la Paz. En realidad el eje estudiado en origen planteaba la uni\u00f3n completa entre Bara\u00f1\u00e1in-Burlada pero, por el momento, se abordar\u00e1 el segmento comprendido entre el l\u00edmite del t\u00e9rmino municipal de Bara\u00f1\u00e1in y la Plaza de la Paz.<\/p>\n<p>En este caso las dos alternativas (V-1 y V-3) fueron planteadas en origen por la consultora madrile\u00f1a GEA21, junto con una tercera ya descartada,. La diferencia entre ambas propuestas es la situaci\u00f3n en la que se ubica el carril bici (en el centro de la calzada y con car\u00e1cter bidireccional en la variante 1\/ en los laterales de la calzada y unidireccional en la variante 3). Aunque ambas alternativas suponen la desaparici\u00f3n de uno de los carriles actuales, en la V-1 ese tercer carril podr\u00eda volver a aparecer en la proximidad de las intersecciones, eliminando zonas de aparcamiento.<\/p>\n<p><strong>Consenso y participaci\u00f3n para dise\u00f1an una ciudad de todos<\/strong><\/p>\n<p>La convocatoria el pr\u00f3ximo jueves del Observatorio de la Movilidad para plantear todas estas alternativas quiere ser la cristalizaci\u00f3n del compromiso de b\u00fasqueda del consenso entre las distintas \u00e1reas, grupos pol\u00edticos y Mancomunidad. El arranque de las deliberaciones sobre este tema tuvo lugar el 7 de octubre del a\u00f1o pasado.<\/p>\n<p>La metodolog\u00eda y la dinamizaci\u00f3n del Observatorio estar\u00e1n a cargo del \u00c1rea de Participaci\u00f3n Ciudadana, Igualdad y Empoderamiento Social. El objetivo de las din\u00e1micas es lograr una evaluaci\u00f3n de las distintas opciones seg\u00fan los diferentes modos: movilidad peatonal, ciclista, transporte p\u00fablico y veh\u00edculo privado. En ese foro tambi\u00e9n se trabajar\u00e1 y se analizar\u00e1n propuestas de los diversos agentes implicados sobre posibles afecciones al tr\u00e1fico motorizado, aparcamiento, convivencia entre bicicleta y viandantes, acceso a los garajes, seguridad en los cruces para los medios de transporte sostenibles m\u00e1s vulnerables, etc.<\/p>\n<p>El objetivo del foro es doble: por un lado, se evaluar\u00e1 cada opci\u00f3n desde cada uno de los modos de transporte y tambi\u00e9n desde el punto de vista de la seguridad, la accesibilidad y la comodidad para los distintos usuarios. A partir de estas conclusiones, cada grupo de trabajo elaborar\u00e1 un an\u00e1lisis integrado de cada propuesta que ser\u00e1 la base para la toma de decisiones por parte del Grupo T\u00e9cnico Interdisciplinar.<\/p>\n<p>El Ayuntamiento se ha comprometido a tomar en consideraci\u00f3n la opini\u00f3n del Observatorio a la hora de tomar la decisi\u00f3n final sobre la intervenci\u00f3n. El car\u00e1cter del Observatorio de la Movilidad \u2013al igual que el resto de los instrumentos de participaci\u00f3n del Ayuntamiento- es consultivo. No obstante, el papel del Observatorio fue fundamental a la hora de echar a andar el proceso de an\u00e1lisis y es previsible que las valoraciones realizadas tengan un peso importante a la hora de tomar la decisi\u00f3n definitiva.<\/p>\n<p><strong>Alternativas barajadas en los dos ejes<\/strong><\/p>\n<p><strong><u>ALTERNATIVAS FINALISTAS P\u00cdO XII<\/u><\/strong><\/p>\n<ul>\n<li>Alternativa 4b o Boulevard Sostenible: carril bici unidireccional en los laterales de la calzada m\u00e1s carril bus en el centro, a ambos lados de la mediana.<\/li>\n<li>Alternativa 4c implicar\u00eda llevar el carril-bus al lateral de la calzada (de fuera hacia dentro: aceras\/ carriles bici\/carriles bus\/ y carrilles para veh\u00edculos \u2013dos por sentido-).<\/li>\n<\/ul>\n<p><strong><u>OTRAS ALTERNATIVAS ESTUDIADAS PARA P\u00cdO XII<\/u><\/strong><\/p>\n<ul>\n<li>Alternativa 1: carril bici bidireccional en el centro de la calzada (pegado a la mediana)<\/li>\n<li>Alternativa 2: carril bici unidireccional en el centro de la calzada (uno a cada lado de la mediana)<\/li>\n<li>Alternativa 3: carril bus-bici unidireccional. El autob\u00fas y la bicicleta comparten un mismo carril de 4,5m de ancho.<\/li>\n<li>Alternativa 4a: carril bici unidireccional en los laterales de la calzada<\/li>\n<li>Alternativa 5 o Calzada Reservada a Transportes sostenibles: se segrega P\u00edo XII en dos mitades, una a cada lado de la mediana. Uno de los lados de la mediana se reserva al autob\u00fas y la bicicleta y el otro se reserva al veh\u00edculo privado.<\/li>\n<\/ul>\n<p><strong><u>ALTERNATIVAS FINALISTAS BARA\u00d1\u00c1IN-PLAZA DE LA PAZ<\/u><\/strong><\/p>\n<ul>\n<li>Alternativa V-1: carril bici bidireccional junto a la mediana (a debate)<\/li>\n<li>Alternativa V-3: carril bici unidireccional en los laterales de la calzada y el carril bus.<\/li>\n<\/ul>\n<p><strong><u>OTRAS ALTERNATIVAS ESTUDIADAS BARA\u00d1\u00c1IN-PLAZA DE LA PAZ<\/u><\/strong><\/p>\n<ul>\n<li>Alternativa V-2: carril bus-bici de 4,5 metros de anchura. Esta alternativa ya ha sido descartada por el equipo t\u00e9cnico, por lo que no se analizar\u00e1 en el Observatorio.<\/li>\n<\/ul>\n<h3><a href=\"http:\/\/laguiadepamplona.es\/actualidad\/wp-content\/uploads\/2017\/03\/17.03.21_propuestas-P\u00edo-XII-y-eje-avda-Bara\u00f1ain-plaza-de-la-paz.pdf\" target=\"_blank\">Propuestas P\u00edo XII y eje avda Bara\u00f1ain-plaza de la paz.pdf<\/a><\/h3>\n<p>&nbsp;<\/p>\n","protected":false},"excerpt":{"rendered":"<p>El Grupo interdisciplinar de Trabajo T\u00e9cnico ha seleccionado estas opciones tras estudiar hasta seis para P\u00edo XII y tres en el eje de Bara\u00f1\u00e1in<\/p>\n","protected":false},"author":1,"featured_media":12353,"comment_status":"closed","ping_status":"closed","sticky":false,"template":"","format":"standard","meta":{"footnotes":""},"categories":[2],"tags":[],"class_list":["post-12351","post","type-post","status-publish","format-standard","has-post-thumbnail","hentry","category-ayuntamiento-pamplona"],"yoast_head":"<!-- This site is optimized with the Yoast SEO plugin v27.5 - https:\/\/yoast.com\/product\/yoast-seo-wordpress\/ -->\n<title>El Observatorio de la Movilidad analizar\u00e1 las cuatro propuestas finalistas para las intervenciones en P\u00edo XII y en el eje Bara\u00f1\u00e1in-Plaza de la Paz, dos por cada eje<\/title>\n<meta name=\"robots\" content=\"index, follow, max-snippet:-1, max-image-preview:large, max-video-preview:-1\" \/>\n<link rel=\"canonical\" href=\"https:\/\/www.laguiadepamplona.com\/actualidad\/el-observatorio-de-la-movilidad-analizara-las-cuatro-propuestas-finalistas-para-las-intervenciones-en-pio-xii-y-en-el-eje-baranain-plaza-de-la-paz-dos-por-cada-eje\/\" \/>\n<meta property=\"og:locale\" content=\"es_ES\" \/>\n<meta property=\"og:type\" content=\"article\" \/>\n<meta property=\"og:title\" content=\"El Observatorio de la Movilidad analizar\u00e1 las cuatro propuestas finalistas para las intervenciones en P\u00edo XII y en el eje Bara\u00f1\u00e1in-Plaza de la Paz, dos por cada eje\" \/>\n<meta property=\"og:description\" content=\"El Grupo interdisciplinar de Trabajo T\u00e9cnico ha seleccionado estas opciones tras estudiar hasta seis para P\u00edo XII y tres en el eje de Bara\u00f1\u00e1in\" \/>\n<meta property=\"og:url\" content=\"https:\/\/www.laguiadepamplona.com\/actualidad\/el-observatorio-de-la-movilidad-analizara-las-cuatro-propuestas-finalistas-para-las-intervenciones-en-pio-xii-y-en-el-eje-baranain-plaza-de-la-paz-dos-por-cada-eje\/\" \/>\n<meta property=\"og:site_name\" content=\"La Gu\u00eda de Pamplona\" \/>\n<meta property=\"article:publisher\" content=\"https:\/\/www.facebook.com\/laguiadepamplonacom-133175176762273\/?ref=hl\" \/>\n<meta property=\"article:published_time\" content=\"2017-03-21T12:26:45+00:00\" \/>\n<meta property=\"og:image\" content=\"https:\/\/www.laguiadepamplona.com\/actualidad\/wp-content\/uploads\/2017\/03\/propuestas-P\u00edo-XII-y-eje-avda-Bara\u00f1ain-plaza-de-la-paz-1.jpg\" \/>\n\t<meta property=\"og:image:width\" content=\"1000\" \/>\n\t<meta property=\"og:image:height\" content=\"645\" \/>\n\t<meta property=\"og:image:type\" content=\"image\/jpeg\" \/>\n<meta name=\"author\" content=\"La Gu\u00eda de Pamplona\" \/>\n<meta name=\"twitter:card\" content=\"summary_large_image\" \/>\n<meta name=\"twitter:creator\" content=\"@LaGuiadPamplona\" \/>\n<meta name=\"twitter:site\" content=\"@LaGuiadPamplona\" \/>\n<meta name=\"twitter:label1\" content=\"Escrito por\" \/>\n\t<meta name=\"twitter:data1\" content=\"La Gu\u00eda de Pamplona\" \/>\n\t<meta name=\"twitter:label2\" content=\"Tiempo de lectura\" \/>\n\t<meta name=\"twitter:data2\" content=\"8 minutos\" \/>\n<script type=\"application\/ld+json\" class=\"yoast-schema-graph\">{\"@context\":\"https:\\\/\\\/schema.org\",\"@graph\":[{\"@type\":\"Article\",\"@id\":\"https:\\\/\\\/www.laguiadepamplona.com\\\/actualidad\\\/el-observatorio-de-la-movilidad-analizara-las-cuatro-propuestas-finalistas-para-las-intervenciones-en-pio-xii-y-en-el-eje-baranain-plaza-de-la-paz-dos-por-cada-eje\\\/#article\",\"isPartOf\":{\"@id\":\"https:\\\/\\\/www.laguiadepamplona.com\\\/actualidad\\\/el-observatorio-de-la-movilidad-analizara-las-cuatro-propuestas-finalistas-para-las-intervenciones-en-pio-xii-y-en-el-eje-baranain-plaza-de-la-paz-dos-por-cada-eje\\\/\"},\"author\":{\"name\":\"La Gu\u00eda de Pamplona\",\"@id\":\"https:\\\/\\\/www.laguiadepamplona.com\\\/actualidad\\\/#\\\/schema\\\/person\\\/efe887376f0213d4657c93adc50b1fdb\"},\"headline\":\"El Observatorio de la Movilidad analizar\u00e1 las cuatro propuestas finalistas para las intervenciones en P\u00edo XII y en el eje Bara\u00f1\u00e1in-Plaza de la Paz, dos por cada eje\",\"datePublished\":\"2017-03-21T12:26:45+00:00\",\"mainEntityOfPage\":{\"@id\":\"https:\\\/\\\/www.laguiadepamplona.com\\\/actualidad\\\/el-observatorio-de-la-movilidad-analizara-las-cuatro-propuestas-finalistas-para-las-intervenciones-en-pio-xii-y-en-el-eje-baranain-plaza-de-la-paz-dos-por-cada-eje\\\/\"},\"wordCount\":1570,\"publisher\":{\"@id\":\"https:\\\/\\\/www.laguiadepamplona.com\\\/actualidad\\\/#organization\"},\"image\":{\"@id\":\"https:\\\/\\\/www.laguiadepamplona.com\\\/actualidad\\\/el-observatorio-de-la-movilidad-analizara-las-cuatro-propuestas-finalistas-para-las-intervenciones-en-pio-xii-y-en-el-eje-baranain-plaza-de-la-paz-dos-por-cada-eje\\\/#primaryimage\"},\"thumbnailUrl\":\"https:\\\/\\\/www.laguiadepamplona.com\\\/actualidad\\\/wp-content\\\/uploads\\\/2017\\\/03\\\/propuestas-P\u00edo-XII-y-eje-avda-Bara\u00f1ain-plaza-de-la-paz-1.jpg\",\"articleSection\":[\"Ayto Pamplona\"],\"inLanguage\":\"es\"},{\"@type\":\"WebPage\",\"@id\":\"https:\\\/\\\/www.laguiadepamplona.com\\\/actualidad\\\/el-observatorio-de-la-movilidad-analizara-las-cuatro-propuestas-finalistas-para-las-intervenciones-en-pio-xii-y-en-el-eje-baranain-plaza-de-la-paz-dos-por-cada-eje\\\/\",\"url\":\"https:\\\/\\\/www.laguiadepamplona.com\\\/actualidad\\\/el-observatorio-de-la-movilidad-analizara-las-cuatro-propuestas-finalistas-para-las-intervenciones-en-pio-xii-y-en-el-eje-baranain-plaza-de-la-paz-dos-por-cada-eje\\\/\",\"name\":\"El Observatorio de la Movilidad analizar\u00e1 las cuatro propuestas finalistas para las intervenciones en P\u00edo XII y en el eje Bara\u00f1\u00e1in-Plaza de la Paz, dos por cada eje\",\"isPartOf\":{\"@id\":\"https:\\\/\\\/www.laguiadepamplona.com\\\/actualidad\\\/#website\"},\"primaryImageOfPage\":{\"@id\":\"https:\\\/\\\/www.laguiadepamplona.com\\\/actualidad\\\/el-observatorio-de-la-movilidad-analizara-las-cuatro-propuestas-finalistas-para-las-intervenciones-en-pio-xii-y-en-el-eje-baranain-plaza-de-la-paz-dos-por-cada-eje\\\/#primaryimage\"},\"image\":{\"@id\":\"https:\\\/\\\/www.laguiadepamplona.com\\\/actualidad\\\/el-observatorio-de-la-movilidad-analizara-las-cuatro-propuestas-finalistas-para-las-intervenciones-en-pio-xii-y-en-el-eje-baranain-plaza-de-la-paz-dos-por-cada-eje\\\/#primaryimage\"},\"thumbnailUrl\":\"https:\\\/\\\/www.laguiadepamplona.com\\\/actualidad\\\/wp-content\\\/uploads\\\/2017\\\/03\\\/propuestas-P\u00edo-XII-y-eje-avda-Bara\u00f1ain-plaza-de-la-paz-1.jpg\",\"datePublished\":\"2017-03-21T12:26:45+00:00\",\"breadcrumb\":{\"@id\":\"https:\\\/\\\/www.laguiadepamplona.com\\\/actualidad\\\/el-observatorio-de-la-movilidad-analizara-las-cuatro-propuestas-finalistas-para-las-intervenciones-en-pio-xii-y-en-el-eje-baranain-plaza-de-la-paz-dos-por-cada-eje\\\/#breadcrumb\"},\"inLanguage\":\"es\",\"potentialAction\":[{\"@type\":\"ReadAction\",\"target\":[\"https:\\\/\\\/www.laguiadepamplona.com\\\/actualidad\\\/el-observatorio-de-la-movilidad-analizara-las-cuatro-propuestas-finalistas-para-las-intervenciones-en-pio-xii-y-en-el-eje-baranain-plaza-de-la-paz-dos-por-cada-eje\\\/\"]}]},{\"@type\":\"ImageObject\",\"inLanguage\":\"es\",\"@id\":\"https:\\\/\\\/www.laguiadepamplona.com\\\/actualidad\\\/el-observatorio-de-la-movilidad-analizara-las-cuatro-propuestas-finalistas-para-las-intervenciones-en-pio-xii-y-en-el-eje-baranain-plaza-de-la-paz-dos-por-cada-eje\\\/#primaryimage\",\"url\":\"https:\\\/\\\/www.laguiadepamplona.com\\\/actualidad\\\/wp-content\\\/uploads\\\/2017\\\/03\\\/propuestas-P\u00edo-XII-y-eje-avda-Bara\u00f1ain-plaza-de-la-paz-1.jpg\",\"contentUrl\":\"https:\\\/\\\/www.laguiadepamplona.com\\\/actualidad\\\/wp-content\\\/uploads\\\/2017\\\/03\\\/propuestas-P\u00edo-XII-y-eje-avda-Bara\u00f1ain-plaza-de-la-paz-1.jpg\",\"width\":1000,\"height\":645},{\"@type\":\"BreadcrumbList\",\"@id\":\"https:\\\/\\\/www.laguiadepamplona.com\\\/actualidad\\\/el-observatorio-de-la-movilidad-analizara-las-cuatro-propuestas-finalistas-para-las-intervenciones-en-pio-xii-y-en-el-eje-baranain-plaza-de-la-paz-dos-por-cada-eje\\\/#breadcrumb\",\"itemListElement\":[{\"@type\":\"ListItem\",\"position\":1,\"name\":\"Portada\",\"item\":\"https:\\\/\\\/www.laguiadepamplona.com\\\/actualidad\\\/\"},{\"@type\":\"ListItem\",\"position\":2,\"name\":\"El Observatorio de la Movilidad analizar\u00e1 las cuatro propuestas finalistas para las intervenciones en P\u00edo XII y en el eje Bara\u00f1\u00e1in-Plaza de la Paz, dos por cada eje\"}]},{\"@type\":\"WebSite\",\"@id\":\"https:\\\/\\\/www.laguiadepamplona.com\\\/actualidad\\\/#website\",\"url\":\"https:\\\/\\\/www.laguiadepamplona.com\\\/actualidad\\\/\",\"name\":\"La gu\u00eda de Pamplona\",\"description\":\"Noticias de Pamplona\",\"publisher\":{\"@id\":\"https:\\\/\\\/www.laguiadepamplona.com\\\/actualidad\\\/#organization\"},\"potentialAction\":[{\"@type\":\"SearchAction\",\"target\":{\"@type\":\"EntryPoint\",\"urlTemplate\":\"https:\\\/\\\/www.laguiadepamplona.com\\\/actualidad\\\/?s={search_term_string}\"},\"query-input\":{\"@type\":\"PropertyValueSpecification\",\"valueRequired\":true,\"valueName\":\"search_term_string\"}}],\"inLanguage\":\"es\"},{\"@type\":\"Organization\",\"@id\":\"https:\\\/\\\/www.laguiadepamplona.com\\\/actualidad\\\/#organization\",\"name\":\"La Gu\u00eda de Pamplona \\\/ Noticias\",\"url\":\"https:\\\/\\\/www.laguiadepamplona.com\\\/actualidad\\\/\",\"logo\":{\"@type\":\"ImageObject\",\"inLanguage\":\"es\",\"@id\":\"https:\\\/\\\/www.laguiadepamplona.com\\\/actualidad\\\/#\\\/schema\\\/logo\\\/image\\\/\",\"url\":\"https:\\\/\\\/www.laguiadepamplona.com\\\/actualidad\\\/wp-content\\\/uploads\\\/2018\\\/11\\\/logo-laguiadepamplona18-web1.png\",\"contentUrl\":\"https:\\\/\\\/www.laguiadepamplona.com\\\/actualidad\\\/wp-content\\\/uploads\\\/2018\\\/11\\\/logo-laguiadepamplona18-web1.png\",\"width\":600,\"height\":196,\"caption\":\"La Gu\u00eda de Pamplona \\\/ Noticias\"},\"image\":{\"@id\":\"https:\\\/\\\/www.laguiadepamplona.com\\\/actualidad\\\/#\\\/schema\\\/logo\\\/image\\\/\"},\"sameAs\":[\"https:\\\/\\\/www.facebook.com\\\/laguiadepamplonacom-133175176762273\\\/?ref=hl\",\"https:\\\/\\\/x.com\\\/LaGuiadPamplona\",\"https:\\\/\\\/www.instagram.com\\\/la_guia_de_pamplona\\\/\",\"https:\\\/\\\/www.youtube.com\\\/user\\\/laguiadepamplona\"]},{\"@type\":\"Person\",\"@id\":\"https:\\\/\\\/www.laguiadepamplona.com\\\/actualidad\\\/#\\\/schema\\\/person\\\/efe887376f0213d4657c93adc50b1fdb\",\"name\":\"La Gu\u00eda de Pamplona\",\"image\":{\"@type\":\"ImageObject\",\"inLanguage\":\"es\",\"@id\":\"https:\\\/\\\/secure.gravatar.com\\\/avatar\\\/b6992f131dc8d30ab0dff15446e9d346d9dbd95992de0fef795073f5ea83a81c?s=96&d=mm&r=g\",\"url\":\"https:\\\/\\\/secure.gravatar.com\\\/avatar\\\/b6992f131dc8d30ab0dff15446e9d346d9dbd95992de0fef795073f5ea83a81c?s=96&d=mm&r=g\",\"contentUrl\":\"https:\\\/\\\/secure.gravatar.com\\\/avatar\\\/b6992f131dc8d30ab0dff15446e9d346d9dbd95992de0fef795073f5ea83a81c?s=96&d=mm&r=g\",\"caption\":\"La Gu\u00eda de Pamplona\"}}]}<\/script>\n<!-- \/ Yoast SEO plugin. -->","yoast_head_json":{"title":"El Observatorio de la Movilidad analizar\u00e1 las cuatro propuestas finalistas para las intervenciones en P\u00edo XII y en el eje Bara\u00f1\u00e1in-Plaza de la Paz, dos por cada eje","robots":{"index":"index","follow":"follow","max-snippet":"max-snippet:-1","max-image-preview":"max-image-preview:large","max-video-preview":"max-video-preview:-1"},"canonical":"https:\/\/www.laguiadepamplona.com\/actualidad\/el-observatorio-de-la-movilidad-analizara-las-cuatro-propuestas-finalistas-para-las-intervenciones-en-pio-xii-y-en-el-eje-baranain-plaza-de-la-paz-dos-por-cada-eje\/","og_locale":"es_ES","og_type":"article","og_title":"El Observatorio de la Movilidad analizar\u00e1 las cuatro propuestas finalistas para las intervenciones en P\u00edo XII y en el eje Bara\u00f1\u00e1in-Plaza de la Paz, dos por cada eje","og_description":"El Grupo interdisciplinar de Trabajo T\u00e9cnico ha seleccionado estas opciones tras estudiar hasta seis para P\u00edo XII y tres en el eje de Bara\u00f1\u00e1in","og_url":"https:\/\/www.laguiadepamplona.com\/actualidad\/el-observatorio-de-la-movilidad-analizara-las-cuatro-propuestas-finalistas-para-las-intervenciones-en-pio-xii-y-en-el-eje-baranain-plaza-de-la-paz-dos-por-cada-eje\/","og_site_name":"La Gu\u00eda de Pamplona","article_publisher":"https:\/\/www.facebook.com\/laguiadepamplonacom-133175176762273\/?ref=hl","article_published_time":"2017-03-21T12:26:45+00:00","og_image":[{"width":1000,"height":645,"url":"https:\/\/www.laguiadepamplona.com\/actualidad\/wp-content\/uploads\/2017\/03\/propuestas-P\u00edo-XII-y-eje-avda-Bara\u00f1ain-plaza-de-la-paz-1.jpg","type":"image\/jpeg"}],"author":"La Gu\u00eda de Pamplona","twitter_card":"summary_large_image","twitter_creator":"@LaGuiadPamplona","twitter_site":"@LaGuiadPamplona","twitter_misc":{"Escrito por":"La Gu\u00eda de Pamplona","Tiempo de lectura":"8 minutos"},"schema":{"@context":"https:\/\/schema.org","@graph":[{"@type":"Article","@id":"https:\/\/www.laguiadepamplona.com\/actualidad\/el-observatorio-de-la-movilidad-analizara-las-cuatro-propuestas-finalistas-para-las-intervenciones-en-pio-xii-y-en-el-eje-baranain-plaza-de-la-paz-dos-por-cada-eje\/#article","isPartOf":{"@id":"https:\/\/www.laguiadepamplona.com\/actualidad\/el-observatorio-de-la-movilidad-analizara-las-cuatro-propuestas-finalistas-para-las-intervenciones-en-pio-xii-y-en-el-eje-baranain-plaza-de-la-paz-dos-por-cada-eje\/"},"author":{"name":"La Gu\u00eda de Pamplona","@id":"https:\/\/www.laguiadepamplona.com\/actualidad\/#\/schema\/person\/efe887376f0213d4657c93adc50b1fdb"},"headline":"El Observatorio de la Movilidad analizar\u00e1 las cuatro propuestas finalistas para las intervenciones en P\u00edo XII y en el eje Bara\u00f1\u00e1in-Plaza de la Paz, dos por cada eje","datePublished":"2017-03-21T12:26:45+00:00","mainEntityOfPage":{"@id":"https:\/\/www.laguiadepamplona.com\/actualidad\/el-observatorio-de-la-movilidad-analizara-las-cuatro-propuestas-finalistas-para-las-intervenciones-en-pio-xii-y-en-el-eje-baranain-plaza-de-la-paz-dos-por-cada-eje\/"},"wordCount":1570,"publisher":{"@id":"https:\/\/www.laguiadepamplona.com\/actualidad\/#organization"},"image":{"@id":"https:\/\/www.laguiadepamplona.com\/actualidad\/el-observatorio-de-la-movilidad-analizara-las-cuatro-propuestas-finalistas-para-las-intervenciones-en-pio-xii-y-en-el-eje-baranain-plaza-de-la-paz-dos-por-cada-eje\/#primaryimage"},"thumbnailUrl":"https:\/\/www.laguiadepamplona.com\/actualidad\/wp-content\/uploads\/2017\/03\/propuestas-P\u00edo-XII-y-eje-avda-Bara\u00f1ain-plaza-de-la-paz-1.jpg","articleSection":["Ayto Pamplona"],"inLanguage":"es"},{"@type":"WebPage","@id":"https:\/\/www.laguiadepamplona.com\/actualidad\/el-observatorio-de-la-movilidad-analizara-las-cuatro-propuestas-finalistas-para-las-intervenciones-en-pio-xii-y-en-el-eje-baranain-plaza-de-la-paz-dos-por-cada-eje\/","url":"https:\/\/www.laguiadepamplona.com\/actualidad\/el-observatorio-de-la-movilidad-analizara-las-cuatro-propuestas-finalistas-para-las-intervenciones-en-pio-xii-y-en-el-eje-baranain-plaza-de-la-paz-dos-por-cada-eje\/","name":"El Observatorio de la Movilidad analizar\u00e1 las cuatro propuestas finalistas para las intervenciones en P\u00edo XII y en el eje Bara\u00f1\u00e1in-Plaza de la Paz, dos por cada eje","isPartOf":{"@id":"https:\/\/www.laguiadepamplona.com\/actualidad\/#website"},"primaryImageOfPage":{"@id":"https:\/\/www.laguiadepamplona.com\/actualidad\/el-observatorio-de-la-movilidad-analizara-las-cuatro-propuestas-finalistas-para-las-intervenciones-en-pio-xii-y-en-el-eje-baranain-plaza-de-la-paz-dos-por-cada-eje\/#primaryimage"},"image":{"@id":"https:\/\/www.laguiadepamplona.com\/actualidad\/el-observatorio-de-la-movilidad-analizara-las-cuatro-propuestas-finalistas-para-las-intervenciones-en-pio-xii-y-en-el-eje-baranain-plaza-de-la-paz-dos-por-cada-eje\/#primaryimage"},"thumbnailUrl":"https:\/\/www.laguiadepamplona.com\/actualidad\/wp-content\/uploads\/2017\/03\/propuestas-P\u00edo-XII-y-eje-avda-Bara\u00f1ain-plaza-de-la-paz-1.jpg","datePublished":"2017-03-21T12:26:45+00:00","breadcrumb":{"@id":"https:\/\/www.laguiadepamplona.com\/actualidad\/el-observatorio-de-la-movilidad-analizara-las-cuatro-propuestas-finalistas-para-las-intervenciones-en-pio-xii-y-en-el-eje-baranain-plaza-de-la-paz-dos-por-cada-eje\/#breadcrumb"},"inLanguage":"es","potentialAction":[{"@type":"ReadAction","target":["https:\/\/www.laguiadepamplona.com\/actualidad\/el-observatorio-de-la-movilidad-analizara-las-cuatro-propuestas-finalistas-para-las-intervenciones-en-pio-xii-y-en-el-eje-baranain-plaza-de-la-paz-dos-por-cada-eje\/"]}]},{"@type":"ImageObject","inLanguage":"es","@id":"https:\/\/www.laguiadepamplona.com\/actualidad\/el-observatorio-de-la-movilidad-analizara-las-cuatro-propuestas-finalistas-para-las-intervenciones-en-pio-xii-y-en-el-eje-baranain-plaza-de-la-paz-dos-por-cada-eje\/#primaryimage","url":"https:\/\/www.laguiadepamplona.com\/actualidad\/wp-content\/uploads\/2017\/03\/propuestas-P\u00edo-XII-y-eje-avda-Bara\u00f1ain-plaza-de-la-paz-1.jpg","contentUrl":"https:\/\/www.laguiadepamplona.com\/actualidad\/wp-content\/uploads\/2017\/03\/propuestas-P\u00edo-XII-y-eje-avda-Bara\u00f1ain-plaza-de-la-paz-1.jpg","width":1000,"height":645},{"@type":"BreadcrumbList","@id":"https:\/\/www.laguiadepamplona.com\/actualidad\/el-observatorio-de-la-movilidad-analizara-las-cuatro-propuestas-finalistas-para-las-intervenciones-en-pio-xii-y-en-el-eje-baranain-plaza-de-la-paz-dos-por-cada-eje\/#breadcrumb","itemListElement":[{"@type":"ListItem","position":1,"name":"Portada","item":"https:\/\/www.laguiadepamplona.com\/actualidad\/"},{"@type":"ListItem","position":2,"name":"El Observatorio de la Movilidad analizar\u00e1 las cuatro propuestas finalistas para las intervenciones en P\u00edo XII y en el eje Bara\u00f1\u00e1in-Plaza de la Paz, dos por cada eje"}]},{"@type":"WebSite","@id":"https:\/\/www.laguiadepamplona.com\/actualidad\/#website","url":"https:\/\/www.laguiadepamplona.com\/actualidad\/","name":"La gu\u00eda de Pamplona","description":"Noticias de Pamplona","publisher":{"@id":"https:\/\/www.laguiadepamplona.com\/actualidad\/#organization"},"potentialAction":[{"@type":"SearchAction","target":{"@type":"EntryPoint","urlTemplate":"https:\/\/www.laguiadepamplona.com\/actualidad\/?s={search_term_string}"},"query-input":{"@type":"PropertyValueSpecification","valueRequired":true,"valueName":"search_term_string"}}],"inLanguage":"es"},{"@type":"Organization","@id":"https:\/\/www.laguiadepamplona.com\/actualidad\/#organization","name":"La Gu\u00eda de Pamplona \/ Noticias","url":"https:\/\/www.laguiadepamplona.com\/actualidad\/","logo":{"@type":"ImageObject","inLanguage":"es","@id":"https:\/\/www.laguiadepamplona.com\/actualidad\/#\/schema\/logo\/image\/","url":"https:\/\/www.laguiadepamplona.com\/actualidad\/wp-content\/uploads\/2018\/11\/logo-laguiadepamplona18-web1.png","contentUrl":"https:\/\/www.laguiadepamplona.com\/actualidad\/wp-content\/uploads\/2018\/11\/logo-laguiadepamplona18-web1.png","width":600,"height":196,"caption":"La Gu\u00eda de Pamplona \/ Noticias"},"image":{"@id":"https:\/\/www.laguiadepamplona.com\/actualidad\/#\/schema\/logo\/image\/"},"sameAs":["https:\/\/www.facebook.com\/laguiadepamplonacom-133175176762273\/?ref=hl","https:\/\/x.com\/LaGuiadPamplona","https:\/\/www.instagram.com\/la_guia_de_pamplona\/","https:\/\/www.youtube.com\/user\/laguiadepamplona"]},{"@type":"Person","@id":"https:\/\/www.laguiadepamplona.com\/actualidad\/#\/schema\/person\/efe887376f0213d4657c93adc50b1fdb","name":"La Gu\u00eda de Pamplona","image":{"@type":"ImageObject","inLanguage":"es","@id":"https:\/\/secure.gravatar.com\/avatar\/b6992f131dc8d30ab0dff15446e9d346d9dbd95992de0fef795073f5ea83a81c?s=96&d=mm&r=g","url":"https:\/\/secure.gravatar.com\/avatar\/b6992f131dc8d30ab0dff15446e9d346d9dbd95992de0fef795073f5ea83a81c?s=96&d=mm&r=g","contentUrl":"https:\/\/secure.gravatar.com\/avatar\/b6992f131dc8d30ab0dff15446e9d346d9dbd95992de0fef795073f5ea83a81c?s=96&d=mm&r=g","caption":"La Gu\u00eda de Pamplona"}}]}},"post_mailing_queue_ids":[],"_links":{"self":[{"href":"https:\/\/www.laguiadepamplona.com\/actualidad\/wp-json\/wp\/v2\/posts\/12351","targetHints":{"allow":["GET"]}}],"collection":[{"href":"https:\/\/www.laguiadepamplona.com\/actualidad\/wp-json\/wp\/v2\/posts"}],"about":[{"href":"https:\/\/www.laguiadepamplona.com\/actualidad\/wp-json\/wp\/v2\/types\/post"}],"author":[{"embeddable":true,"href":"https:\/\/www.laguiadepamplona.com\/actualidad\/wp-json\/wp\/v2\/users\/1"}],"replies":[{"embeddable":true,"href":"https:\/\/www.laguiadepamplona.com\/actualidad\/wp-json\/wp\/v2\/comments?post=12351"}],"version-history":[{"count":0,"href":"https:\/\/www.laguiadepamplona.com\/actualidad\/wp-json\/wp\/v2\/posts\/12351\/revisions"}],"wp:featuredmedia":[{"embeddable":true,"href":"https:\/\/www.laguiadepamplona.com\/actualidad\/wp-json\/wp\/v2\/media\/12353"}],"wp:attachment":[{"href":"https:\/\/www.laguiadepamplona.com\/actualidad\/wp-json\/wp\/v2\/media?parent=12351"}],"wp:term":[{"taxonomy":"category","embeddable":true,"href":"https:\/\/www.laguiadepamplona.com\/actualidad\/wp-json\/wp\/v2\/categories?post=12351"},{"taxonomy":"post_tag","embeddable":true,"href":"https:\/\/www.laguiadepamplona.com\/actualidad\/wp-json\/wp\/v2\/tags?post=12351"}],"curies":[{"name":"wp","href":"https:\/\/api.w.org\/{rel}","templated":true}]}}