{"id":12346,"date":"2017-03-21T11:05:50","date_gmt":"2017-03-21T10:05:50","guid":{"rendered":"http:\/\/laguiadepamplona.es\/actualidad\/?p=12346"},"modified":"2017-03-21T11:05:50","modified_gmt":"2017-03-21T10:05:50","slug":"este-sabado-comienzan-los-talleres-de-quimica-educativa-en-euskera-de-la-casa-de-la-juventud","status":"publish","type":"post","link":"https:\/\/www.laguiadepamplona.com\/actualidad\/este-sabado-comienzan-los-talleres-de-quimica-educativa-en-euskera-de-la-casa-de-la-juventud\/","title":{"rendered":"Este s\u00e1bado comienzan los talleres de qu\u00edmica educativa en euskera de la Casa de la Juventud"},"content":{"rendered":"<h3>Quedan plazas para los ocho talleres, que son gratuitos y de inscripci\u00f3n independiente<\/h3>\n<p><!--more--><\/p>\n<p>Dentro de la apuesta del Ayuntamiento de Pamplona por la ciencia y el emprendimiento desde el \u00e1mbito educativo para los j\u00f3venes este s\u00e1bado comienza el primero de los ocho talleres gratuitos de qu\u00edmica en euskera, previstos hasta el mes de mayo. A\u00fan quedan plazas libres para apuntarse a esta iniciativa de \u2018Ciencia en la Casa\u2019 cuyas sesiones ser\u00e1n impartidas por los j\u00f3venes universitarios de Oreka.<\/p>\n<p>Los talleres est\u00e1n destinados a j\u00f3venes de 11 a 18 a\u00f1os (desde el primer curso de ESO hasta Bachiller), y tendr\u00e1n lugar en las instalaciones de la Casa de la Juventud. Los talleres pretenden logras que los estudiantes vean la aplicaci\u00f3n de los conceptos b\u00e1sicos obtenidos en el colegio o instituto de forma te\u00f3rica y que eso se lleva a cabo de la forma m\u00e1s divertida, visual y llamativa posible. El proyecto educativo de Oreka, Kimikarin, ya est\u00e1 implantado en Pa\u00eds Vasco, China e India y tiene como nombre internacional \u2018Little Eisntein\u00b4s\u2019.<\/p>\n<p>Todas las sesiones tendr\u00e1n lugar de 11 a 13 horas y las citas son los s\u00e1bados 25 de marzo, 1, 8 y 29 de abril y 6, 13, 20 y 27 de mayo. Cada una de las sesiones tiene inscripci\u00f3n independiente y 30 plazas de n\u00famero m\u00e1ximo de asistentes. Los interesados pueden apuntarse llamando al tel\u00e9fono 948233512, inscribi\u00e9ndose presencialmente en la Casa de la Juventud (calle Sang\u00fcesa, 30) o a trav\u00e9s del correo <a href=\"mailto:casajuventud@casajuventud.com\">casajuventud@casajuventud.com<\/a>.<\/p>\n<p>El formato consta de ocho de sesiones. La primera ser\u00e1 \u2018Introducci\u00f3n a la qu\u00edmica\u2019 y, a partir de ah\u00ed, se ir\u00e1n abordando el color, la energ\u00eda, el fuego, el agua y los reactivos, adem\u00e1s de una sesi\u00f3n de \u2018Qu\u00edmica a lo grande\u2019 y un taller-exposici\u00f3n final. Todas las sesiones estar\u00e1n compuestas de una peque\u00f1a introducci\u00f3n al tema del d\u00eda y una presentaci\u00f3n, tras lo que se abordar\u00e1 la creaci\u00f3n de equipos y el desarrollo de experimentos, para acabar con una valoraci\u00f3n. El material empleado ser\u00e1 aportado por la Casa de la Juventud y el resultado de los experimentos se podr\u00e1 retirar al final de la sesi\u00f3n.<\/p>\n<p><strong>Programa Kimikarin en la Casa de la Juventud. Talleres en euskera<\/strong><\/p>\n<p><strong>Del 25 de marzo al 27 de mayo<\/strong><\/p>\n<ul>\n<li>SESIONES DE QU\u00cdMICA EN EUSKERA<\/li>\n<li>Para j\u00f3venes de 11 a 18 a\u00f1os (desde el primer curso de ESO hasta Bachiller)<\/li>\n<li>N\u00ba de plazas: 30 por sesi\u00f3n<\/li>\n<li>D\u00edas: los s\u00e1bados 25 de marzo, 1, 8 y 29 de abril y 6, 13, 20 y 27 de mayo. De 11 a 13 horas<\/li>\n<li>Inscripci\u00f3n previa gratuita en el tel\u00e9fono 948233512, presencialmente en la Casa de la Juventud (calle Sang\u00fcesa, 30) o a trav\u00e9s del correo <a href=\"mailto:casajuventud@casajuventud.com\">casajuventud@casajuventud.com<\/a><\/li>\n<\/ul>\n<p>&nbsp;<\/p>\n","protected":false},"excerpt":{"rendered":"<p>Quedan plazas para los ocho talleres, que son gratuitos y de inscripci\u00f3n independiente<\/p>\n","protected":false},"author":1,"featured_media":11022,"comment_status":"closed","ping_status":"closed","sticky":false,"template":"","format":"standard","meta":{"footnotes":""},"categories":[2],"tags":[],"class_list":["post-12346","post","type-post","status-publish","format-standard","has-post-thumbnail","hentry","category-ayuntamiento-pamplona"],"yoast_head":"<!-- This site is optimized with the Yoast SEO plugin v27.5 - https:\/\/yoast.com\/product\/yoast-seo-wordpress\/ -->\n<title>Este s\u00e1bado comienzan los talleres de qu\u00edmica educativa en euskera de la Casa de la Juventud<\/title>\n<meta name=\"robots\" content=\"index, follow, max-snippet:-1, max-image-preview:large, max-video-preview:-1\" \/>\n<link rel=\"canonical\" href=\"https:\/\/www.laguiadepamplona.com\/actualidad\/este-sabado-comienzan-los-talleres-de-quimica-educativa-en-euskera-de-la-casa-de-la-juventud\/\" \/>\n<meta property=\"og:locale\" content=\"es_ES\" \/>\n<meta property=\"og:type\" content=\"article\" \/>\n<meta property=\"og:title\" content=\"Este s\u00e1bado comienzan los talleres de qu\u00edmica educativa en euskera de la Casa de la Juventud\" \/>\n<meta property=\"og:description\" content=\"Quedan plazas para los ocho talleres, que son gratuitos y de inscripci\u00f3n independiente\" \/>\n<meta property=\"og:url\" content=\"https:\/\/www.laguiadepamplona.com\/actualidad\/este-sabado-comienzan-los-talleres-de-quimica-educativa-en-euskera-de-la-casa-de-la-juventud\/\" \/>\n<meta property=\"og:site_name\" content=\"La Gu\u00eda de Pamplona\" \/>\n<meta property=\"article:publisher\" content=\"https:\/\/www.facebook.com\/laguiadepamplonacom-133175176762273\/?ref=hl\" \/>\n<meta property=\"article:published_time\" content=\"2017-03-21T10:05:50+00:00\" \/>\n<meta property=\"og:image\" content=\"https:\/\/www.laguiadepamplona.com\/actualidad\/wp-content\/uploads\/2016\/12\/casa-juventud-pamplona-600x400.jpg\" \/>\n\t<meta property=\"og:image:width\" content=\"600\" \/>\n\t<meta property=\"og:image:height\" content=\"400\" \/>\n\t<meta property=\"og:image:type\" content=\"image\/jpeg\" \/>\n<meta name=\"author\" content=\"La Gu\u00eda de Pamplona\" \/>\n<meta name=\"twitter:card\" content=\"summary_large_image\" \/>\n<meta name=\"twitter:creator\" content=\"@LaGuiadPamplona\" \/>\n<meta name=\"twitter:site\" content=\"@LaGuiadPamplona\" \/>\n<meta name=\"twitter:label1\" content=\"Escrito por\" \/>\n\t<meta name=\"twitter:data1\" content=\"La Gu\u00eda de Pamplona\" \/>\n\t<meta name=\"twitter:label2\" content=\"Tiempo de lectura\" \/>\n\t<meta name=\"twitter:data2\" content=\"2 minutos\" \/>\n<script type=\"application\/ld+json\" class=\"yoast-schema-graph\">{\"@context\":\"https:\\\/\\\/schema.org\",\"@graph\":[{\"@type\":\"Article\",\"@id\":\"https:\\\/\\\/www.laguiadepamplona.com\\\/actualidad\\\/este-sabado-comienzan-los-talleres-de-quimica-educativa-en-euskera-de-la-casa-de-la-juventud\\\/#article\",\"isPartOf\":{\"@id\":\"https:\\\/\\\/www.laguiadepamplona.com\\\/actualidad\\\/este-sabado-comienzan-los-talleres-de-quimica-educativa-en-euskera-de-la-casa-de-la-juventud\\\/\"},\"author\":{\"name\":\"La Gu\u00eda de Pamplona\",\"@id\":\"https:\\\/\\\/www.laguiadepamplona.com\\\/actualidad\\\/#\\\/schema\\\/person\\\/efe887376f0213d4657c93adc50b1fdb\"},\"headline\":\"Este s\u00e1bado comienzan los talleres de qu\u00edmica educativa en euskera de la Casa de la Juventud\",\"datePublished\":\"2017-03-21T10:05:50+00:00\",\"mainEntityOfPage\":{\"@id\":\"https:\\\/\\\/www.laguiadepamplona.com\\\/actualidad\\\/este-sabado-comienzan-los-talleres-de-quimica-educativa-en-euskera-de-la-casa-de-la-juventud\\\/\"},\"wordCount\":486,\"publisher\":{\"@id\":\"https:\\\/\\\/www.laguiadepamplona.com\\\/actualidad\\\/#organization\"},\"image\":{\"@id\":\"https:\\\/\\\/www.laguiadepamplona.com\\\/actualidad\\\/este-sabado-comienzan-los-talleres-de-quimica-educativa-en-euskera-de-la-casa-de-la-juventud\\\/#primaryimage\"},\"thumbnailUrl\":\"https:\\\/\\\/www.laguiadepamplona.com\\\/actualidad\\\/wp-content\\\/uploads\\\/2016\\\/12\\\/casa-juventud-pamplona-600x400.jpg\",\"articleSection\":[\"Ayto Pamplona\"],\"inLanguage\":\"es\"},{\"@type\":\"WebPage\",\"@id\":\"https:\\\/\\\/www.laguiadepamplona.com\\\/actualidad\\\/este-sabado-comienzan-los-talleres-de-quimica-educativa-en-euskera-de-la-casa-de-la-juventud\\\/\",\"url\":\"https:\\\/\\\/www.laguiadepamplona.com\\\/actualidad\\\/este-sabado-comienzan-los-talleres-de-quimica-educativa-en-euskera-de-la-casa-de-la-juventud\\\/\",\"name\":\"Este s\u00e1bado comienzan los talleres de qu\u00edmica educativa en euskera de la Casa de la Juventud\",\"isPartOf\":{\"@id\":\"https:\\\/\\\/www.laguiadepamplona.com\\\/actualidad\\\/#website\"},\"primaryImageOfPage\":{\"@id\":\"https:\\\/\\\/www.laguiadepamplona.com\\\/actualidad\\\/este-sabado-comienzan-los-talleres-de-quimica-educativa-en-euskera-de-la-casa-de-la-juventud\\\/#primaryimage\"},\"image\":{\"@id\":\"https:\\\/\\\/www.laguiadepamplona.com\\\/actualidad\\\/este-sabado-comienzan-los-talleres-de-quimica-educativa-en-euskera-de-la-casa-de-la-juventud\\\/#primaryimage\"},\"thumbnailUrl\":\"https:\\\/\\\/www.laguiadepamplona.com\\\/actualidad\\\/wp-content\\\/uploads\\\/2016\\\/12\\\/casa-juventud-pamplona-600x400.jpg\",\"datePublished\":\"2017-03-21T10:05:50+00:00\",\"breadcrumb\":{\"@id\":\"https:\\\/\\\/www.laguiadepamplona.com\\\/actualidad\\\/este-sabado-comienzan-los-talleres-de-quimica-educativa-en-euskera-de-la-casa-de-la-juventud\\\/#breadcrumb\"},\"inLanguage\":\"es\",\"potentialAction\":[{\"@type\":\"ReadAction\",\"target\":[\"https:\\\/\\\/www.laguiadepamplona.com\\\/actualidad\\\/este-sabado-comienzan-los-talleres-de-quimica-educativa-en-euskera-de-la-casa-de-la-juventud\\\/\"]}]},{\"@type\":\"ImageObject\",\"inLanguage\":\"es\",\"@id\":\"https:\\\/\\\/www.laguiadepamplona.com\\\/actualidad\\\/este-sabado-comienzan-los-talleres-de-quimica-educativa-en-euskera-de-la-casa-de-la-juventud\\\/#primaryimage\",\"url\":\"https:\\\/\\\/www.laguiadepamplona.com\\\/actualidad\\\/wp-content\\\/uploads\\\/2016\\\/12\\\/casa-juventud-pamplona-600x400.jpg\",\"contentUrl\":\"https:\\\/\\\/www.laguiadepamplona.com\\\/actualidad\\\/wp-content\\\/uploads\\\/2016\\\/12\\\/casa-juventud-pamplona-600x400.jpg\",\"width\":600,\"height\":400},{\"@type\":\"BreadcrumbList\",\"@id\":\"https:\\\/\\\/www.laguiadepamplona.com\\\/actualidad\\\/este-sabado-comienzan-los-talleres-de-quimica-educativa-en-euskera-de-la-casa-de-la-juventud\\\/#breadcrumb\",\"itemListElement\":[{\"@type\":\"ListItem\",\"position\":1,\"name\":\"Portada\",\"item\":\"https:\\\/\\\/www.laguiadepamplona.com\\\/actualidad\\\/\"},{\"@type\":\"ListItem\",\"position\":2,\"name\":\"Este s\u00e1bado comienzan los talleres de qu\u00edmica educativa en euskera de la Casa de la Juventud\"}]},{\"@type\":\"WebSite\",\"@id\":\"https:\\\/\\\/www.laguiadepamplona.com\\\/actualidad\\\/#website\",\"url\":\"https:\\\/\\\/www.laguiadepamplona.com\\\/actualidad\\\/\",\"name\":\"La gu\u00eda de Pamplona\",\"description\":\"Noticias de Pamplona\",\"publisher\":{\"@id\":\"https:\\\/\\\/www.laguiadepamplona.com\\\/actualidad\\\/#organization\"},\"potentialAction\":[{\"@type\":\"SearchAction\",\"target\":{\"@type\":\"EntryPoint\",\"urlTemplate\":\"https:\\\/\\\/www.laguiadepamplona.com\\\/actualidad\\\/?s={search_term_string}\"},\"query-input\":{\"@type\":\"PropertyValueSpecification\",\"valueRequired\":true,\"valueName\":\"search_term_string\"}}],\"inLanguage\":\"es\"},{\"@type\":\"Organization\",\"@id\":\"https:\\\/\\\/www.laguiadepamplona.com\\\/actualidad\\\/#organization\",\"name\":\"La Gu\u00eda de Pamplona \\\/ Noticias\",\"url\":\"https:\\\/\\\/www.laguiadepamplona.com\\\/actualidad\\\/\",\"logo\":{\"@type\":\"ImageObject\",\"inLanguage\":\"es\",\"@id\":\"https:\\\/\\\/www.laguiadepamplona.com\\\/actualidad\\\/#\\\/schema\\\/logo\\\/image\\\/\",\"url\":\"https:\\\/\\\/www.laguiadepamplona.com\\\/actualidad\\\/wp-content\\\/uploads\\\/2018\\\/11\\\/logo-laguiadepamplona18-web1.png\",\"contentUrl\":\"https:\\\/\\\/www.laguiadepamplona.com\\\/actualidad\\\/wp-content\\\/uploads\\\/2018\\\/11\\\/logo-laguiadepamplona18-web1.png\",\"width\":600,\"height\":196,\"caption\":\"La Gu\u00eda de Pamplona \\\/ Noticias\"},\"image\":{\"@id\":\"https:\\\/\\\/www.laguiadepamplona.com\\\/actualidad\\\/#\\\/schema\\\/logo\\\/image\\\/\"},\"sameAs\":[\"https:\\\/\\\/www.facebook.com\\\/laguiadepamplonacom-133175176762273\\\/?ref=hl\",\"https:\\\/\\\/x.com\\\/LaGuiadPamplona\",\"https:\\\/\\\/www.instagram.com\\\/la_guia_de_pamplona\\\/\",\"https:\\\/\\\/www.youtube.com\\\/user\\\/laguiadepamplona\"]},{\"@type\":\"Person\",\"@id\":\"https:\\\/\\\/www.laguiadepamplona.com\\\/actualidad\\\/#\\\/schema\\\/person\\\/efe887376f0213d4657c93adc50b1fdb\",\"name\":\"La Gu\u00eda de Pamplona\",\"image\":{\"@type\":\"ImageObject\",\"inLanguage\":\"es\",\"@id\":\"https:\\\/\\\/secure.gravatar.com\\\/avatar\\\/b6992f131dc8d30ab0dff15446e9d346d9dbd95992de0fef795073f5ea83a81c?s=96&d=mm&r=g\",\"url\":\"https:\\\/\\\/secure.gravatar.com\\\/avatar\\\/b6992f131dc8d30ab0dff15446e9d346d9dbd95992de0fef795073f5ea83a81c?s=96&d=mm&r=g\",\"contentUrl\":\"https:\\\/\\\/secure.gravatar.com\\\/avatar\\\/b6992f131dc8d30ab0dff15446e9d346d9dbd95992de0fef795073f5ea83a81c?s=96&d=mm&r=g\",\"caption\":\"La Gu\u00eda de Pamplona\"}}]}<\/script>\n<!-- \/ Yoast SEO plugin. -->","yoast_head_json":{"title":"Este s\u00e1bado comienzan los talleres de qu\u00edmica educativa en euskera de la Casa de la Juventud","robots":{"index":"index","follow":"follow","max-snippet":"max-snippet:-1","max-image-preview":"max-image-preview:large","max-video-preview":"max-video-preview:-1"},"canonical":"https:\/\/www.laguiadepamplona.com\/actualidad\/este-sabado-comienzan-los-talleres-de-quimica-educativa-en-euskera-de-la-casa-de-la-juventud\/","og_locale":"es_ES","og_type":"article","og_title":"Este s\u00e1bado comienzan los talleres de qu\u00edmica educativa en euskera de la Casa de la Juventud","og_description":"Quedan plazas para los ocho talleres, que son gratuitos y de inscripci\u00f3n independiente","og_url":"https:\/\/www.laguiadepamplona.com\/actualidad\/este-sabado-comienzan-los-talleres-de-quimica-educativa-en-euskera-de-la-casa-de-la-juventud\/","og_site_name":"La Gu\u00eda de Pamplona","article_publisher":"https:\/\/www.facebook.com\/laguiadepamplonacom-133175176762273\/?ref=hl","article_published_time":"2017-03-21T10:05:50+00:00","og_image":[{"width":600,"height":400,"url":"https:\/\/www.laguiadepamplona.com\/actualidad\/wp-content\/uploads\/2016\/12\/casa-juventud-pamplona-600x400.jpg","type":"image\/jpeg"}],"author":"La Gu\u00eda de Pamplona","twitter_card":"summary_large_image","twitter_creator":"@LaGuiadPamplona","twitter_site":"@LaGuiadPamplona","twitter_misc":{"Escrito por":"La Gu\u00eda de Pamplona","Tiempo de lectura":"2 minutos"},"schema":{"@context":"https:\/\/schema.org","@graph":[{"@type":"Article","@id":"https:\/\/www.laguiadepamplona.com\/actualidad\/este-sabado-comienzan-los-talleres-de-quimica-educativa-en-euskera-de-la-casa-de-la-juventud\/#article","isPartOf":{"@id":"https:\/\/www.laguiadepamplona.com\/actualidad\/este-sabado-comienzan-los-talleres-de-quimica-educativa-en-euskera-de-la-casa-de-la-juventud\/"},"author":{"name":"La Gu\u00eda de Pamplona","@id":"https:\/\/www.laguiadepamplona.com\/actualidad\/#\/schema\/person\/efe887376f0213d4657c93adc50b1fdb"},"headline":"Este s\u00e1bado comienzan los talleres de qu\u00edmica educativa en euskera de la Casa de la Juventud","datePublished":"2017-03-21T10:05:50+00:00","mainEntityOfPage":{"@id":"https:\/\/www.laguiadepamplona.com\/actualidad\/este-sabado-comienzan-los-talleres-de-quimica-educativa-en-euskera-de-la-casa-de-la-juventud\/"},"wordCount":486,"publisher":{"@id":"https:\/\/www.laguiadepamplona.com\/actualidad\/#organization"},"image":{"@id":"https:\/\/www.laguiadepamplona.com\/actualidad\/este-sabado-comienzan-los-talleres-de-quimica-educativa-en-euskera-de-la-casa-de-la-juventud\/#primaryimage"},"thumbnailUrl":"https:\/\/www.laguiadepamplona.com\/actualidad\/wp-content\/uploads\/2016\/12\/casa-juventud-pamplona-600x400.jpg","articleSection":["Ayto Pamplona"],"inLanguage":"es"},{"@type":"WebPage","@id":"https:\/\/www.laguiadepamplona.com\/actualidad\/este-sabado-comienzan-los-talleres-de-quimica-educativa-en-euskera-de-la-casa-de-la-juventud\/","url":"https:\/\/www.laguiadepamplona.com\/actualidad\/este-sabado-comienzan-los-talleres-de-quimica-educativa-en-euskera-de-la-casa-de-la-juventud\/","name":"Este s\u00e1bado comienzan los talleres de qu\u00edmica educativa en euskera de la Casa de la Juventud","isPartOf":{"@id":"https:\/\/www.laguiadepamplona.com\/actualidad\/#website"},"primaryImageOfPage":{"@id":"https:\/\/www.laguiadepamplona.com\/actualidad\/este-sabado-comienzan-los-talleres-de-quimica-educativa-en-euskera-de-la-casa-de-la-juventud\/#primaryimage"},"image":{"@id":"https:\/\/www.laguiadepamplona.com\/actualidad\/este-sabado-comienzan-los-talleres-de-quimica-educativa-en-euskera-de-la-casa-de-la-juventud\/#primaryimage"},"thumbnailUrl":"https:\/\/www.laguiadepamplona.com\/actualidad\/wp-content\/uploads\/2016\/12\/casa-juventud-pamplona-600x400.jpg","datePublished":"2017-03-21T10:05:50+00:00","breadcrumb":{"@id":"https:\/\/www.laguiadepamplona.com\/actualidad\/este-sabado-comienzan-los-talleres-de-quimica-educativa-en-euskera-de-la-casa-de-la-juventud\/#breadcrumb"},"inLanguage":"es","potentialAction":[{"@type":"ReadAction","target":["https:\/\/www.laguiadepamplona.com\/actualidad\/este-sabado-comienzan-los-talleres-de-quimica-educativa-en-euskera-de-la-casa-de-la-juventud\/"]}]},{"@type":"ImageObject","inLanguage":"es","@id":"https:\/\/www.laguiadepamplona.com\/actualidad\/este-sabado-comienzan-los-talleres-de-quimica-educativa-en-euskera-de-la-casa-de-la-juventud\/#primaryimage","url":"https:\/\/www.laguiadepamplona.com\/actualidad\/wp-content\/uploads\/2016\/12\/casa-juventud-pamplona-600x400.jpg","contentUrl":"https:\/\/www.laguiadepamplona.com\/actualidad\/wp-content\/uploads\/2016\/12\/casa-juventud-pamplona-600x400.jpg","width":600,"height":400},{"@type":"BreadcrumbList","@id":"https:\/\/www.laguiadepamplona.com\/actualidad\/este-sabado-comienzan-los-talleres-de-quimica-educativa-en-euskera-de-la-casa-de-la-juventud\/#breadcrumb","itemListElement":[{"@type":"ListItem","position":1,"name":"Portada","item":"https:\/\/www.laguiadepamplona.com\/actualidad\/"},{"@type":"ListItem","position":2,"name":"Este s\u00e1bado comienzan los talleres de qu\u00edmica educativa en euskera de la Casa de la Juventud"}]},{"@type":"WebSite","@id":"https:\/\/www.laguiadepamplona.com\/actualidad\/#website","url":"https:\/\/www.laguiadepamplona.com\/actualidad\/","name":"La gu\u00eda de Pamplona","description":"Noticias de Pamplona","publisher":{"@id":"https:\/\/www.laguiadepamplona.com\/actualidad\/#organization"},"potentialAction":[{"@type":"SearchAction","target":{"@type":"EntryPoint","urlTemplate":"https:\/\/www.laguiadepamplona.com\/actualidad\/?s={search_term_string}"},"query-input":{"@type":"PropertyValueSpecification","valueRequired":true,"valueName":"search_term_string"}}],"inLanguage":"es"},{"@type":"Organization","@id":"https:\/\/www.laguiadepamplona.com\/actualidad\/#organization","name":"La Gu\u00eda de Pamplona \/ Noticias","url":"https:\/\/www.laguiadepamplona.com\/actualidad\/","logo":{"@type":"ImageObject","inLanguage":"es","@id":"https:\/\/www.laguiadepamplona.com\/actualidad\/#\/schema\/logo\/image\/","url":"https:\/\/www.laguiadepamplona.com\/actualidad\/wp-content\/uploads\/2018\/11\/logo-laguiadepamplona18-web1.png","contentUrl":"https:\/\/www.laguiadepamplona.com\/actualidad\/wp-content\/uploads\/2018\/11\/logo-laguiadepamplona18-web1.png","width":600,"height":196,"caption":"La Gu\u00eda de Pamplona \/ Noticias"},"image":{"@id":"https:\/\/www.laguiadepamplona.com\/actualidad\/#\/schema\/logo\/image\/"},"sameAs":["https:\/\/www.facebook.com\/laguiadepamplonacom-133175176762273\/?ref=hl","https:\/\/x.com\/LaGuiadPamplona","https:\/\/www.instagram.com\/la_guia_de_pamplona\/","https:\/\/www.youtube.com\/user\/laguiadepamplona"]},{"@type":"Person","@id":"https:\/\/www.laguiadepamplona.com\/actualidad\/#\/schema\/person\/efe887376f0213d4657c93adc50b1fdb","name":"La Gu\u00eda de Pamplona","image":{"@type":"ImageObject","inLanguage":"es","@id":"https:\/\/secure.gravatar.com\/avatar\/b6992f131dc8d30ab0dff15446e9d346d9dbd95992de0fef795073f5ea83a81c?s=96&d=mm&r=g","url":"https:\/\/secure.gravatar.com\/avatar\/b6992f131dc8d30ab0dff15446e9d346d9dbd95992de0fef795073f5ea83a81c?s=96&d=mm&r=g","contentUrl":"https:\/\/secure.gravatar.com\/avatar\/b6992f131dc8d30ab0dff15446e9d346d9dbd95992de0fef795073f5ea83a81c?s=96&d=mm&r=g","caption":"La Gu\u00eda de Pamplona"}}]}},"post_mailing_queue_ids":[],"_links":{"self":[{"href":"https:\/\/www.laguiadepamplona.com\/actualidad\/wp-json\/wp\/v2\/posts\/12346","targetHints":{"allow":["GET"]}}],"collection":[{"href":"https:\/\/www.laguiadepamplona.com\/actualidad\/wp-json\/wp\/v2\/posts"}],"about":[{"href":"https:\/\/www.laguiadepamplona.com\/actualidad\/wp-json\/wp\/v2\/types\/post"}],"author":[{"embeddable":true,"href":"https:\/\/www.laguiadepamplona.com\/actualidad\/wp-json\/wp\/v2\/users\/1"}],"replies":[{"embeddable":true,"href":"https:\/\/www.laguiadepamplona.com\/actualidad\/wp-json\/wp\/v2\/comments?post=12346"}],"version-history":[{"count":0,"href":"https:\/\/www.laguiadepamplona.com\/actualidad\/wp-json\/wp\/v2\/posts\/12346\/revisions"}],"wp:featuredmedia":[{"embeddable":true,"href":"https:\/\/www.laguiadepamplona.com\/actualidad\/wp-json\/wp\/v2\/media\/11022"}],"wp:attachment":[{"href":"https:\/\/www.laguiadepamplona.com\/actualidad\/wp-json\/wp\/v2\/media?parent=12346"}],"wp:term":[{"taxonomy":"category","embeddable":true,"href":"https:\/\/www.laguiadepamplona.com\/actualidad\/wp-json\/wp\/v2\/categories?post=12346"},{"taxonomy":"post_tag","embeddable":true,"href":"https:\/\/www.laguiadepamplona.com\/actualidad\/wp-json\/wp\/v2\/tags?post=12346"}],"curies":[{"name":"wp","href":"https:\/\/api.w.org\/{rel}","templated":true}]}}