{"id":12343,"date":"2017-03-21T11:00:53","date_gmt":"2017-03-21T10:00:53","guid":{"rendered":"http:\/\/laguiadepamplona.es\/actualidad\/?p=12343"},"modified":"2017-03-21T11:00:53","modified_gmt":"2017-03-21T10:00:53","slug":"harkaitz-cano-y-maite-arroitajauregi-mursego-presentan-el-recital-poetico-porto-el-miercoles-en-civivox-condestable","status":"publish","type":"post","link":"https:\/\/www.laguiadepamplona.com\/actualidad\/harkaitz-cano-y-maite-arroitajauregi-mursego-presentan-el-recital-poetico-porto-el-miercoles-en-civivox-condestable\/","title":{"rendered":"Harkaitz Cano y Maite Arroitajauregi (Mursego) presentan el recital po\u00e9tico \u2018Porto\u2019 el mi\u00e9rcoles en Civivox Condestable"},"content":{"rendered":"<h3>El concierto, con entrada libre, ofrece una visi\u00f3n l\u00edrica y humor\u00edstica de la vida actual, con el vino como hilo conductor<\/h3>\n<p><!--more--><\/p>\n<p>El escritor Harkaitz Cano y la compositora e int\u00e9rprete Maite Arroitajauregi (Mursego), protagonizar\u00e1n ma\u00f1ana mi\u00e9rcoles 22 de marzo en Civivox Condestable el recital po\u00e9tico \u2018Porto\u2019, una \u2018embriagadora\u2019 colaboraci\u00f3n entre dos grandes artistas, con el vino como leitmotiv. El espect\u00e1culo, con entrada libre, comenzar\u00e1 a las 19.30 horas y forma parte de la programaci\u00f3n cultural en euskera que organizan conjuntamente el Ayuntamiento de Pamplona y el Ateneo Navarro.<\/p>\n<p>\u2018Porto\u2019 es un espect\u00e1culo que, con la excusa del vino, pretende ofrecer una visi\u00f3n l\u00edrica y humor\u00edstica en torno a la vida actual, para lo cual entreteje poemas y canciones de Fernando Pessoa, Charles Baudelaire, Rafa Berrio y otros autores, junto con composiciones realizadas ex profeso, con el acompa\u00f1amiento de la habitual capacidad improvisadora de Mursego.<\/p>\n<p>El vino, uno de los estimulantes legales de mayor aceptaci\u00f3n, puede ser contemplado desde diversos puntos de vista: recurso para promover o suscitar el contacto social, nociva adicci\u00f3n, dulce embriaguez, pariente del olvido\u2026 Igualmente, ha sido relacionado a menudo con la inspiraci\u00f3n de los poetas, empezando con el dios Baco hasta nuestros d\u00edas. \u2018In vino veritas\u2019, dice el antiguo proverbio, pero, sin humor, \u00bfpara qu\u00e9 sirve la verdad?, se planten en el espect\u00e1culo.<\/p>\n<p>Harkaitz Cano (<a href=\"http:\/\/eu.wikipedia.org\/wiki\/Lasarte\" target=\"_blank\">Lasarte<\/a>, Gipuzkoa, 1975) es uno de los autores m\u00e1s prol\u00edficos del panorama literario vasco. Ha cultivado todo lo tipos de g\u00e9neros literarios, cuentos, novela, poes\u00eda, cr\u00f3nicas, literatura infantil y juvenil e incluso ha realizado traducciones. Nueva York, ciudad en la que residi\u00f3 durante una temporada, aparece frecuentemente en sus trabajos. Ha ganado en dos ocasiones el <a href=\"http:\/\/eu.wikipedia.org\/wiki\/Euskadi_Saria\" target=\"_blank\">Euskadi Saria<\/a>, en 2005 por \u2018Belarraren ahoa\u2019 (\u2018El filo de la hierba\u2019) y en 2012 por su novela \u2018Twist\u2019, gracias a esta misma obra logr\u00f3 tambi\u00e9n el Premio de la Cr\u00edtica de 2012.<\/p>\n<p>Maite Arroitajauregi &#8211; Mursego (Eibar,1977) es licenciada en violonchelo por el Conservatorio Superior de Vitoria. Despu\u00e9s de formar parte de varias bandas, en 2009 crea Mursego, su proyecto en solitario, con el que publica su primer disco (\u2018Bat\u2019). Desde entonces ha seguido en la b\u00fasqueda de un lenguaje musical propio, tratando de hibridar vanguardia, folclore y m\u00fasica cl\u00e1sica, dando como resultado innumerables conciertos y dos discos m\u00e1s (\u2018Bi\u2019 e \u2018Hiru\u2019). M\u00e1s all\u00e1 de colaboraciones puntuales con el mundo de la danza y el teatro, inicia una fruct\u00edfera andadura en el mundo audiovisual poniendo m\u00fasica a varios cortometrajes, as\u00ed como componiendo la banda sonora de los largometrajes \u2018Invisible\u2019, \u2018Emak Bakia\u2019 y \u2018Amama\u2019.<\/p>\n<p>&nbsp;<\/p>\n","protected":false},"excerpt":{"rendered":"<p>El concierto, con entrada libre, ofrece una visi\u00f3n l\u00edrica y humor\u00edstica de la vida actual, con el vino como hilo conductor<\/p>\n","protected":false},"author":1,"featured_media":12344,"comment_status":"closed","ping_status":"closed","sticky":false,"template":"","format":"standard","meta":{"footnotes":""},"categories":[2],"tags":[],"class_list":["post-12343","post","type-post","status-publish","format-standard","has-post-thumbnail","hentry","category-ayuntamiento-pamplona"],"yoast_head":"<!-- This site is optimized with the Yoast SEO plugin v27.5 - https:\/\/yoast.com\/product\/yoast-seo-wordpress\/ -->\n<title>Harkaitz Cano y Maite Arroitajauregi (Mursego) presentan el recital po\u00e9tico \u2018Porto\u2019 el mi\u00e9rcoles en Civivox Condestable<\/title>\n<meta name=\"robots\" content=\"index, follow, max-snippet:-1, max-image-preview:large, max-video-preview:-1\" \/>\n<link rel=\"canonical\" href=\"https:\/\/www.laguiadepamplona.com\/actualidad\/harkaitz-cano-y-maite-arroitajauregi-mursego-presentan-el-recital-poetico-porto-el-miercoles-en-civivox-condestable\/\" \/>\n<meta property=\"og:locale\" content=\"es_ES\" \/>\n<meta property=\"og:type\" content=\"article\" \/>\n<meta property=\"og:title\" content=\"Harkaitz Cano y Maite Arroitajauregi (Mursego) presentan el recital po\u00e9tico \u2018Porto\u2019 el mi\u00e9rcoles en Civivox Condestable\" \/>\n<meta property=\"og:description\" content=\"El concierto, con entrada libre, ofrece una visi\u00f3n l\u00edrica y humor\u00edstica de la vida actual, con el vino como hilo conductor\" \/>\n<meta property=\"og:url\" content=\"https:\/\/www.laguiadepamplona.com\/actualidad\/harkaitz-cano-y-maite-arroitajauregi-mursego-presentan-el-recital-poetico-porto-el-miercoles-en-civivox-condestable\/\" \/>\n<meta property=\"og:site_name\" content=\"La Gu\u00eda de Pamplona\" \/>\n<meta property=\"article:publisher\" content=\"https:\/\/www.facebook.com\/laguiadepamplonacom-133175176762273\/?ref=hl\" \/>\n<meta property=\"article:published_time\" content=\"2017-03-21T10:00:53+00:00\" \/>\n<meta property=\"og:image\" content=\"https:\/\/www.laguiadepamplona.com\/actualidad\/wp-content\/uploads\/2017\/03\/Espectaculo-euskera_Porto.jpg\" \/>\n\t<meta property=\"og:image:width\" content=\"1000\" \/>\n\t<meta property=\"og:image:height\" content=\"563\" \/>\n\t<meta property=\"og:image:type\" content=\"image\/jpeg\" \/>\n<meta name=\"author\" content=\"La Gu\u00eda de Pamplona\" \/>\n<meta name=\"twitter:card\" content=\"summary_large_image\" \/>\n<meta name=\"twitter:creator\" content=\"@LaGuiadPamplona\" \/>\n<meta name=\"twitter:site\" content=\"@LaGuiadPamplona\" \/>\n<meta name=\"twitter:label1\" content=\"Escrito por\" \/>\n\t<meta name=\"twitter:data1\" content=\"La Gu\u00eda de Pamplona\" \/>\n\t<meta name=\"twitter:label2\" content=\"Tiempo de lectura\" \/>\n\t<meta name=\"twitter:data2\" content=\"2 minutos\" \/>\n<script type=\"application\/ld+json\" class=\"yoast-schema-graph\">{\"@context\":\"https:\\\/\\\/schema.org\",\"@graph\":[{\"@type\":\"Article\",\"@id\":\"https:\\\/\\\/www.laguiadepamplona.com\\\/actualidad\\\/harkaitz-cano-y-maite-arroitajauregi-mursego-presentan-el-recital-poetico-porto-el-miercoles-en-civivox-condestable\\\/#article\",\"isPartOf\":{\"@id\":\"https:\\\/\\\/www.laguiadepamplona.com\\\/actualidad\\\/harkaitz-cano-y-maite-arroitajauregi-mursego-presentan-el-recital-poetico-porto-el-miercoles-en-civivox-condestable\\\/\"},\"author\":{\"name\":\"La Gu\u00eda de Pamplona\",\"@id\":\"https:\\\/\\\/www.laguiadepamplona.com\\\/actualidad\\\/#\\\/schema\\\/person\\\/efe887376f0213d4657c93adc50b1fdb\"},\"headline\":\"Harkaitz Cano y Maite Arroitajauregi (Mursego) presentan el recital po\u00e9tico \u2018Porto\u2019 el mi\u00e9rcoles en Civivox Condestable\",\"datePublished\":\"2017-03-21T10:00:53+00:00\",\"mainEntityOfPage\":{\"@id\":\"https:\\\/\\\/www.laguiadepamplona.com\\\/actualidad\\\/harkaitz-cano-y-maite-arroitajauregi-mursego-presentan-el-recital-poetico-porto-el-miercoles-en-civivox-condestable\\\/\"},\"wordCount\":467,\"publisher\":{\"@id\":\"https:\\\/\\\/www.laguiadepamplona.com\\\/actualidad\\\/#organization\"},\"image\":{\"@id\":\"https:\\\/\\\/www.laguiadepamplona.com\\\/actualidad\\\/harkaitz-cano-y-maite-arroitajauregi-mursego-presentan-el-recital-poetico-porto-el-miercoles-en-civivox-condestable\\\/#primaryimage\"},\"thumbnailUrl\":\"https:\\\/\\\/www.laguiadepamplona.com\\\/actualidad\\\/wp-content\\\/uploads\\\/2017\\\/03\\\/Espectaculo-euskera_Porto.jpg\",\"articleSection\":[\"Ayto Pamplona\"],\"inLanguage\":\"es\"},{\"@type\":\"WebPage\",\"@id\":\"https:\\\/\\\/www.laguiadepamplona.com\\\/actualidad\\\/harkaitz-cano-y-maite-arroitajauregi-mursego-presentan-el-recital-poetico-porto-el-miercoles-en-civivox-condestable\\\/\",\"url\":\"https:\\\/\\\/www.laguiadepamplona.com\\\/actualidad\\\/harkaitz-cano-y-maite-arroitajauregi-mursego-presentan-el-recital-poetico-porto-el-miercoles-en-civivox-condestable\\\/\",\"name\":\"Harkaitz Cano y Maite Arroitajauregi (Mursego) presentan el recital po\u00e9tico \u2018Porto\u2019 el mi\u00e9rcoles en Civivox Condestable\",\"isPartOf\":{\"@id\":\"https:\\\/\\\/www.laguiadepamplona.com\\\/actualidad\\\/#website\"},\"primaryImageOfPage\":{\"@id\":\"https:\\\/\\\/www.laguiadepamplona.com\\\/actualidad\\\/harkaitz-cano-y-maite-arroitajauregi-mursego-presentan-el-recital-poetico-porto-el-miercoles-en-civivox-condestable\\\/#primaryimage\"},\"image\":{\"@id\":\"https:\\\/\\\/www.laguiadepamplona.com\\\/actualidad\\\/harkaitz-cano-y-maite-arroitajauregi-mursego-presentan-el-recital-poetico-porto-el-miercoles-en-civivox-condestable\\\/#primaryimage\"},\"thumbnailUrl\":\"https:\\\/\\\/www.laguiadepamplona.com\\\/actualidad\\\/wp-content\\\/uploads\\\/2017\\\/03\\\/Espectaculo-euskera_Porto.jpg\",\"datePublished\":\"2017-03-21T10:00:53+00:00\",\"breadcrumb\":{\"@id\":\"https:\\\/\\\/www.laguiadepamplona.com\\\/actualidad\\\/harkaitz-cano-y-maite-arroitajauregi-mursego-presentan-el-recital-poetico-porto-el-miercoles-en-civivox-condestable\\\/#breadcrumb\"},\"inLanguage\":\"es\",\"potentialAction\":[{\"@type\":\"ReadAction\",\"target\":[\"https:\\\/\\\/www.laguiadepamplona.com\\\/actualidad\\\/harkaitz-cano-y-maite-arroitajauregi-mursego-presentan-el-recital-poetico-porto-el-miercoles-en-civivox-condestable\\\/\"]}]},{\"@type\":\"ImageObject\",\"inLanguage\":\"es\",\"@id\":\"https:\\\/\\\/www.laguiadepamplona.com\\\/actualidad\\\/harkaitz-cano-y-maite-arroitajauregi-mursego-presentan-el-recital-poetico-porto-el-miercoles-en-civivox-condestable\\\/#primaryimage\",\"url\":\"https:\\\/\\\/www.laguiadepamplona.com\\\/actualidad\\\/wp-content\\\/uploads\\\/2017\\\/03\\\/Espectaculo-euskera_Porto.jpg\",\"contentUrl\":\"https:\\\/\\\/www.laguiadepamplona.com\\\/actualidad\\\/wp-content\\\/uploads\\\/2017\\\/03\\\/Espectaculo-euskera_Porto.jpg\",\"width\":1000,\"height\":563},{\"@type\":\"BreadcrumbList\",\"@id\":\"https:\\\/\\\/www.laguiadepamplona.com\\\/actualidad\\\/harkaitz-cano-y-maite-arroitajauregi-mursego-presentan-el-recital-poetico-porto-el-miercoles-en-civivox-condestable\\\/#breadcrumb\",\"itemListElement\":[{\"@type\":\"ListItem\",\"position\":1,\"name\":\"Portada\",\"item\":\"https:\\\/\\\/www.laguiadepamplona.com\\\/actualidad\\\/\"},{\"@type\":\"ListItem\",\"position\":2,\"name\":\"Harkaitz Cano y Maite Arroitajauregi (Mursego) presentan el recital po\u00e9tico \u2018Porto\u2019 el mi\u00e9rcoles en Civivox Condestable\"}]},{\"@type\":\"WebSite\",\"@id\":\"https:\\\/\\\/www.laguiadepamplona.com\\\/actualidad\\\/#website\",\"url\":\"https:\\\/\\\/www.laguiadepamplona.com\\\/actualidad\\\/\",\"name\":\"La gu\u00eda de Pamplona\",\"description\":\"Noticias de Pamplona\",\"publisher\":{\"@id\":\"https:\\\/\\\/www.laguiadepamplona.com\\\/actualidad\\\/#organization\"},\"potentialAction\":[{\"@type\":\"SearchAction\",\"target\":{\"@type\":\"EntryPoint\",\"urlTemplate\":\"https:\\\/\\\/www.laguiadepamplona.com\\\/actualidad\\\/?s={search_term_string}\"},\"query-input\":{\"@type\":\"PropertyValueSpecification\",\"valueRequired\":true,\"valueName\":\"search_term_string\"}}],\"inLanguage\":\"es\"},{\"@type\":\"Organization\",\"@id\":\"https:\\\/\\\/www.laguiadepamplona.com\\\/actualidad\\\/#organization\",\"name\":\"La Gu\u00eda de Pamplona \\\/ Noticias\",\"url\":\"https:\\\/\\\/www.laguiadepamplona.com\\\/actualidad\\\/\",\"logo\":{\"@type\":\"ImageObject\",\"inLanguage\":\"es\",\"@id\":\"https:\\\/\\\/www.laguiadepamplona.com\\\/actualidad\\\/#\\\/schema\\\/logo\\\/image\\\/\",\"url\":\"https:\\\/\\\/www.laguiadepamplona.com\\\/actualidad\\\/wp-content\\\/uploads\\\/2018\\\/11\\\/logo-laguiadepamplona18-web1.png\",\"contentUrl\":\"https:\\\/\\\/www.laguiadepamplona.com\\\/actualidad\\\/wp-content\\\/uploads\\\/2018\\\/11\\\/logo-laguiadepamplona18-web1.png\",\"width\":600,\"height\":196,\"caption\":\"La Gu\u00eda de Pamplona \\\/ Noticias\"},\"image\":{\"@id\":\"https:\\\/\\\/www.laguiadepamplona.com\\\/actualidad\\\/#\\\/schema\\\/logo\\\/image\\\/\"},\"sameAs\":[\"https:\\\/\\\/www.facebook.com\\\/laguiadepamplonacom-133175176762273\\\/?ref=hl\",\"https:\\\/\\\/x.com\\\/LaGuiadPamplona\",\"https:\\\/\\\/www.instagram.com\\\/la_guia_de_pamplona\\\/\",\"https:\\\/\\\/www.youtube.com\\\/user\\\/laguiadepamplona\"]},{\"@type\":\"Person\",\"@id\":\"https:\\\/\\\/www.laguiadepamplona.com\\\/actualidad\\\/#\\\/schema\\\/person\\\/efe887376f0213d4657c93adc50b1fdb\",\"name\":\"La Gu\u00eda de Pamplona\",\"image\":{\"@type\":\"ImageObject\",\"inLanguage\":\"es\",\"@id\":\"https:\\\/\\\/secure.gravatar.com\\\/avatar\\\/b6992f131dc8d30ab0dff15446e9d346d9dbd95992de0fef795073f5ea83a81c?s=96&d=mm&r=g\",\"url\":\"https:\\\/\\\/secure.gravatar.com\\\/avatar\\\/b6992f131dc8d30ab0dff15446e9d346d9dbd95992de0fef795073f5ea83a81c?s=96&d=mm&r=g\",\"contentUrl\":\"https:\\\/\\\/secure.gravatar.com\\\/avatar\\\/b6992f131dc8d30ab0dff15446e9d346d9dbd95992de0fef795073f5ea83a81c?s=96&d=mm&r=g\",\"caption\":\"La Gu\u00eda de Pamplona\"}}]}<\/script>\n<!-- \/ Yoast SEO plugin. -->","yoast_head_json":{"title":"Harkaitz Cano y Maite Arroitajauregi (Mursego) presentan el recital po\u00e9tico \u2018Porto\u2019 el mi\u00e9rcoles en Civivox Condestable","robots":{"index":"index","follow":"follow","max-snippet":"max-snippet:-1","max-image-preview":"max-image-preview:large","max-video-preview":"max-video-preview:-1"},"canonical":"https:\/\/www.laguiadepamplona.com\/actualidad\/harkaitz-cano-y-maite-arroitajauregi-mursego-presentan-el-recital-poetico-porto-el-miercoles-en-civivox-condestable\/","og_locale":"es_ES","og_type":"article","og_title":"Harkaitz Cano y Maite Arroitajauregi (Mursego) presentan el recital po\u00e9tico \u2018Porto\u2019 el mi\u00e9rcoles en Civivox Condestable","og_description":"El concierto, con entrada libre, ofrece una visi\u00f3n l\u00edrica y humor\u00edstica de la vida actual, con el vino como hilo conductor","og_url":"https:\/\/www.laguiadepamplona.com\/actualidad\/harkaitz-cano-y-maite-arroitajauregi-mursego-presentan-el-recital-poetico-porto-el-miercoles-en-civivox-condestable\/","og_site_name":"La Gu\u00eda de Pamplona","article_publisher":"https:\/\/www.facebook.com\/laguiadepamplonacom-133175176762273\/?ref=hl","article_published_time":"2017-03-21T10:00:53+00:00","og_image":[{"width":1000,"height":563,"url":"https:\/\/www.laguiadepamplona.com\/actualidad\/wp-content\/uploads\/2017\/03\/Espectaculo-euskera_Porto.jpg","type":"image\/jpeg"}],"author":"La Gu\u00eda de Pamplona","twitter_card":"summary_large_image","twitter_creator":"@LaGuiadPamplona","twitter_site":"@LaGuiadPamplona","twitter_misc":{"Escrito por":"La Gu\u00eda de Pamplona","Tiempo de lectura":"2 minutos"},"schema":{"@context":"https:\/\/schema.org","@graph":[{"@type":"Article","@id":"https:\/\/www.laguiadepamplona.com\/actualidad\/harkaitz-cano-y-maite-arroitajauregi-mursego-presentan-el-recital-poetico-porto-el-miercoles-en-civivox-condestable\/#article","isPartOf":{"@id":"https:\/\/www.laguiadepamplona.com\/actualidad\/harkaitz-cano-y-maite-arroitajauregi-mursego-presentan-el-recital-poetico-porto-el-miercoles-en-civivox-condestable\/"},"author":{"name":"La Gu\u00eda de Pamplona","@id":"https:\/\/www.laguiadepamplona.com\/actualidad\/#\/schema\/person\/efe887376f0213d4657c93adc50b1fdb"},"headline":"Harkaitz Cano y Maite Arroitajauregi (Mursego) presentan el recital po\u00e9tico \u2018Porto\u2019 el mi\u00e9rcoles en Civivox Condestable","datePublished":"2017-03-21T10:00:53+00:00","mainEntityOfPage":{"@id":"https:\/\/www.laguiadepamplona.com\/actualidad\/harkaitz-cano-y-maite-arroitajauregi-mursego-presentan-el-recital-poetico-porto-el-miercoles-en-civivox-condestable\/"},"wordCount":467,"publisher":{"@id":"https:\/\/www.laguiadepamplona.com\/actualidad\/#organization"},"image":{"@id":"https:\/\/www.laguiadepamplona.com\/actualidad\/harkaitz-cano-y-maite-arroitajauregi-mursego-presentan-el-recital-poetico-porto-el-miercoles-en-civivox-condestable\/#primaryimage"},"thumbnailUrl":"https:\/\/www.laguiadepamplona.com\/actualidad\/wp-content\/uploads\/2017\/03\/Espectaculo-euskera_Porto.jpg","articleSection":["Ayto Pamplona"],"inLanguage":"es"},{"@type":"WebPage","@id":"https:\/\/www.laguiadepamplona.com\/actualidad\/harkaitz-cano-y-maite-arroitajauregi-mursego-presentan-el-recital-poetico-porto-el-miercoles-en-civivox-condestable\/","url":"https:\/\/www.laguiadepamplona.com\/actualidad\/harkaitz-cano-y-maite-arroitajauregi-mursego-presentan-el-recital-poetico-porto-el-miercoles-en-civivox-condestable\/","name":"Harkaitz Cano y Maite Arroitajauregi (Mursego) presentan el recital po\u00e9tico \u2018Porto\u2019 el mi\u00e9rcoles en Civivox Condestable","isPartOf":{"@id":"https:\/\/www.laguiadepamplona.com\/actualidad\/#website"},"primaryImageOfPage":{"@id":"https:\/\/www.laguiadepamplona.com\/actualidad\/harkaitz-cano-y-maite-arroitajauregi-mursego-presentan-el-recital-poetico-porto-el-miercoles-en-civivox-condestable\/#primaryimage"},"image":{"@id":"https:\/\/www.laguiadepamplona.com\/actualidad\/harkaitz-cano-y-maite-arroitajauregi-mursego-presentan-el-recital-poetico-porto-el-miercoles-en-civivox-condestable\/#primaryimage"},"thumbnailUrl":"https:\/\/www.laguiadepamplona.com\/actualidad\/wp-content\/uploads\/2017\/03\/Espectaculo-euskera_Porto.jpg","datePublished":"2017-03-21T10:00:53+00:00","breadcrumb":{"@id":"https:\/\/www.laguiadepamplona.com\/actualidad\/harkaitz-cano-y-maite-arroitajauregi-mursego-presentan-el-recital-poetico-porto-el-miercoles-en-civivox-condestable\/#breadcrumb"},"inLanguage":"es","potentialAction":[{"@type":"ReadAction","target":["https:\/\/www.laguiadepamplona.com\/actualidad\/harkaitz-cano-y-maite-arroitajauregi-mursego-presentan-el-recital-poetico-porto-el-miercoles-en-civivox-condestable\/"]}]},{"@type":"ImageObject","inLanguage":"es","@id":"https:\/\/www.laguiadepamplona.com\/actualidad\/harkaitz-cano-y-maite-arroitajauregi-mursego-presentan-el-recital-poetico-porto-el-miercoles-en-civivox-condestable\/#primaryimage","url":"https:\/\/www.laguiadepamplona.com\/actualidad\/wp-content\/uploads\/2017\/03\/Espectaculo-euskera_Porto.jpg","contentUrl":"https:\/\/www.laguiadepamplona.com\/actualidad\/wp-content\/uploads\/2017\/03\/Espectaculo-euskera_Porto.jpg","width":1000,"height":563},{"@type":"BreadcrumbList","@id":"https:\/\/www.laguiadepamplona.com\/actualidad\/harkaitz-cano-y-maite-arroitajauregi-mursego-presentan-el-recital-poetico-porto-el-miercoles-en-civivox-condestable\/#breadcrumb","itemListElement":[{"@type":"ListItem","position":1,"name":"Portada","item":"https:\/\/www.laguiadepamplona.com\/actualidad\/"},{"@type":"ListItem","position":2,"name":"Harkaitz Cano y Maite Arroitajauregi (Mursego) presentan el recital po\u00e9tico \u2018Porto\u2019 el mi\u00e9rcoles en Civivox Condestable"}]},{"@type":"WebSite","@id":"https:\/\/www.laguiadepamplona.com\/actualidad\/#website","url":"https:\/\/www.laguiadepamplona.com\/actualidad\/","name":"La gu\u00eda de Pamplona","description":"Noticias de Pamplona","publisher":{"@id":"https:\/\/www.laguiadepamplona.com\/actualidad\/#organization"},"potentialAction":[{"@type":"SearchAction","target":{"@type":"EntryPoint","urlTemplate":"https:\/\/www.laguiadepamplona.com\/actualidad\/?s={search_term_string}"},"query-input":{"@type":"PropertyValueSpecification","valueRequired":true,"valueName":"search_term_string"}}],"inLanguage":"es"},{"@type":"Organization","@id":"https:\/\/www.laguiadepamplona.com\/actualidad\/#organization","name":"La Gu\u00eda de Pamplona \/ Noticias","url":"https:\/\/www.laguiadepamplona.com\/actualidad\/","logo":{"@type":"ImageObject","inLanguage":"es","@id":"https:\/\/www.laguiadepamplona.com\/actualidad\/#\/schema\/logo\/image\/","url":"https:\/\/www.laguiadepamplona.com\/actualidad\/wp-content\/uploads\/2018\/11\/logo-laguiadepamplona18-web1.png","contentUrl":"https:\/\/www.laguiadepamplona.com\/actualidad\/wp-content\/uploads\/2018\/11\/logo-laguiadepamplona18-web1.png","width":600,"height":196,"caption":"La Gu\u00eda de Pamplona \/ Noticias"},"image":{"@id":"https:\/\/www.laguiadepamplona.com\/actualidad\/#\/schema\/logo\/image\/"},"sameAs":["https:\/\/www.facebook.com\/laguiadepamplonacom-133175176762273\/?ref=hl","https:\/\/x.com\/LaGuiadPamplona","https:\/\/www.instagram.com\/la_guia_de_pamplona\/","https:\/\/www.youtube.com\/user\/laguiadepamplona"]},{"@type":"Person","@id":"https:\/\/www.laguiadepamplona.com\/actualidad\/#\/schema\/person\/efe887376f0213d4657c93adc50b1fdb","name":"La Gu\u00eda de Pamplona","image":{"@type":"ImageObject","inLanguage":"es","@id":"https:\/\/secure.gravatar.com\/avatar\/b6992f131dc8d30ab0dff15446e9d346d9dbd95992de0fef795073f5ea83a81c?s=96&d=mm&r=g","url":"https:\/\/secure.gravatar.com\/avatar\/b6992f131dc8d30ab0dff15446e9d346d9dbd95992de0fef795073f5ea83a81c?s=96&d=mm&r=g","contentUrl":"https:\/\/secure.gravatar.com\/avatar\/b6992f131dc8d30ab0dff15446e9d346d9dbd95992de0fef795073f5ea83a81c?s=96&d=mm&r=g","caption":"La Gu\u00eda de Pamplona"}}]}},"post_mailing_queue_ids":[],"_links":{"self":[{"href":"https:\/\/www.laguiadepamplona.com\/actualidad\/wp-json\/wp\/v2\/posts\/12343","targetHints":{"allow":["GET"]}}],"collection":[{"href":"https:\/\/www.laguiadepamplona.com\/actualidad\/wp-json\/wp\/v2\/posts"}],"about":[{"href":"https:\/\/www.laguiadepamplona.com\/actualidad\/wp-json\/wp\/v2\/types\/post"}],"author":[{"embeddable":true,"href":"https:\/\/www.laguiadepamplona.com\/actualidad\/wp-json\/wp\/v2\/users\/1"}],"replies":[{"embeddable":true,"href":"https:\/\/www.laguiadepamplona.com\/actualidad\/wp-json\/wp\/v2\/comments?post=12343"}],"version-history":[{"count":0,"href":"https:\/\/www.laguiadepamplona.com\/actualidad\/wp-json\/wp\/v2\/posts\/12343\/revisions"}],"wp:featuredmedia":[{"embeddable":true,"href":"https:\/\/www.laguiadepamplona.com\/actualidad\/wp-json\/wp\/v2\/media\/12344"}],"wp:attachment":[{"href":"https:\/\/www.laguiadepamplona.com\/actualidad\/wp-json\/wp\/v2\/media?parent=12343"}],"wp:term":[{"taxonomy":"category","embeddable":true,"href":"https:\/\/www.laguiadepamplona.com\/actualidad\/wp-json\/wp\/v2\/categories?post=12343"},{"taxonomy":"post_tag","embeddable":true,"href":"https:\/\/www.laguiadepamplona.com\/actualidad\/wp-json\/wp\/v2\/tags?post=12343"}],"curies":[{"name":"wp","href":"https:\/\/api.w.org\/{rel}","templated":true}]}}