{"id":12340,"date":"2017-03-21T10:59:53","date_gmt":"2017-03-21T09:59:53","guid":{"rendered":"http:\/\/laguiadepamplona.es\/actualidad\/?p=12340"},"modified":"2017-03-21T11:52:58","modified_gmt":"2017-03-21T10:52:58","slug":"10-internas-comienzan-hoy-un-curso-de-manualidades-en-la-carcel-dentro-del-pograma-de-formacion-para-reclusas-del-ayuntamiento-de-pamplona","status":"publish","type":"post","link":"https:\/\/www.laguiadepamplona.com\/actualidad\/10-internas-comienzan-hoy-un-curso-de-manualidades-en-la-carcel-dentro-del-pograma-de-formacion-para-reclusas-del-ayuntamiento-de-pamplona\/","title":{"rendered":"10 internas comienzan hoy un curso de manualidades en la c\u00e1rcel, dentro del programa de formaci\u00f3n para reclusas del Ayuntamiento de Pamplona"},"content":{"rendered":"<h3>A lo largo del a\u00f1o se impartir\u00e1n 240 horas en cuatro talleres de manualidades, confecci\u00f3n de moda y complementos creativos<\/h3>\n<p><!--more--><\/p>\n<p>Este a\u00f1o el Ayuntamiento de Pamplona, a trav\u00e9s del \u00c1rea de Acci\u00f3n Social y Desarrollo Comunitario, va a impartir cuatro contenidos formativos a las reclusas del m\u00f3dulo de mujeres de la c\u00e1rcel de Pamplona. En total, al acabar el a\u00f1o habr\u00e1n podido sumar hasta 240 horas de formaci\u00f3n por participante. Esta ma\u00f1ana comenzaba un \u2018Taller de manualidades\u2019 especialmente dedicado al manejo del cuero, de 60 horas de duraci\u00f3n, siguiendo la estela Taller de confecci\u00f3n de moda, tambi\u00e9n de 60 horas, que comenz\u00f3 a principios de mes. Ambos cursos, que acabar\u00e1n a finales de junio, alternan sus horarios en d\u00edas distintos y franjas horarias diversas para permitir simultanearlos.<\/p>\n<p>Actualmente en el m\u00f3dulo de mujeres de la c\u00e1rcel de Pamplona hay alrededor de 19 reclusas, entre prisi\u00f3n preventiva y condenas efectivas. En general la mayor\u00eda de las internas est\u00e1n matriculadas en al menos un taller, ya que estos contenidos de formaci\u00f3n ocupacional, adem\u00e1s de ayudarles a aprender un oficio y darles contenidos que fomenten su crecimiento personal y su posterior vuelta a la vida en sociedad, les ayudan a hacer un uso creativo y l\u00fadico del tiempo de reclusi\u00f3n y suelen dise\u00f1arse conforme a sus solicitudes.<\/p>\n<p>En concreto en el taller iniciado hoy el alumnado realizar\u00e1 trabajos en cuero, en estampaci\u00f3n y customizaci\u00f3n de objetos, \u2018Transfer\u2019, manejo del fieltro, personalizaci\u00f3n de complementos o trabajos en papel. En el taller de confecci\u00f3n las participantes crear\u00e1n prendas de vestir y accesorios como, estuches, neceseres y bolsos. Las alumnas podr\u00e1n arreglar sus propias prendas de vestir a la vez que adquieren conocimientos en arreglos de ropa de forma que, al final de la formaci\u00f3n, hayan aprendido tanto el manejo de las m\u00e1quinas de coser industriales, como la confecci\u00f3n en s\u00ed. Estos talleres se realizan gracias a las diez m\u00e1quinas profesionales que el Consistorio instal\u00f3 en una sala del recinto, cuando se hizo la inauguraci\u00f3n del centro penitenciario en el a\u00f1o 2012.<\/p>\n<p><strong>15 alumnas por taller de media<\/strong><\/p>\n<p>Este programa de Formaci\u00f3n para el empleo del Ayuntamiento de Pamplona se realiza desde el a\u00f1o 2000 gracias a la colaboraci\u00f3n entre el Consistorio e Instituciones penitenciarias. Desde su inicio en el m\u00f3dulo de mujeres de la c\u00e1rcel se han impartido talleres de diversos contenidos: h\u00e1bitos saludables, arte floral, creaci\u00f3n artesanal, corte y confecci\u00f3n, arreglo de ropa, est\u00e9tica e imagen personal, customizaci\u00f3n de prendas, habilidades inform\u00e1ticas o realizaci\u00f3n de vidriera contempor\u00e1nea.<\/p>\n<p>El planteamiento de los talleres municipales procura ser abierto, ya que el peculiar perfil de las alumnas hace necesaria cierta flexibilidad. A lo largo del a\u00f1o los ingresos y altas de mujeres son habituales, al estar muchas de ellas en situaci\u00f3n preventiva, por lo que hay una importante rotaci\u00f3n del alumnado. Tambi\u00e9n es alta la participaci\u00f3n. En estos a\u00f1os la media de alumnas por taller ronda las 15 internas. Los cursos, en la medida de lo posible, se plantean con contenidos demandados por las propias internas.<\/p>\n<p>En el segundo semestre de este a\u00f1o los cursos previstos son: Complementos creativos y la segunda parte del Taller de manualidades, ambos de 60 horas de duraci\u00f3n. Estos contenidos comenzar\u00e1n en los meses de agosto y septiembre, respectivamente, est\u00e1 previsto que se extiendan hasta final de a\u00f1o.<\/p>\n<p><strong>Talleres para mujeres reclusas del Ayuntamiento de Pamplona en 2017<\/strong><\/p>\n<p><strong>Taller confecci\u00f3n de moda<\/strong><\/p>\n<ul>\n<li>Horas: 60<\/li>\n<li>D\u00edas: mi\u00e9rcoles y jueves<\/li>\n<li>Comienzo fin: del 1 de marzo al 29 de junio<\/li>\n<li>Horario de tarde<\/li>\n<li>Monitora: Edurne S\u00e1nchez<\/li>\n<\/ul>\n<p><strong>Taller de manualidades 1\u00ba<\/strong><\/p>\n<ul>\n<li>Horas: 60<\/li>\n<li>D\u00edas: martes y viernes<\/li>\n<li>Comienzo fin: del 13 de marzo al 30 de junio<\/li>\n<li>Horario de ma\u00f1ana<\/li>\n<li>Monitora: Patxi Huarte<\/li>\n<\/ul>\n<p><strong>Taller de manualidades 2<\/strong><\/p>\n<ul>\n<li>Horas: 60<\/li>\n<li>Fechas por determinar<\/li>\n<li>De agosto a diciembre<\/li>\n<li>Monitor: Patxi Huarte<\/li>\n<\/ul>\n<p><strong>Taller de complementos creativos<\/strong><\/p>\n<ul>\n<li>Horas: 60<\/li>\n<li>Fechas por determinar<\/li>\n<li>De septiembre a diciembre<\/li>\n<li>Monitora: Edurne S\u00e1nchez<\/li>\n<\/ul>\n<p>&nbsp;<\/p>\n<p><span style=\"border-radius: 2px; text-indent: 20px; width: auto; padding: 0px 4px 0px 0px; text-align: center; font: bold 11px\/20px 'Helvetica Neue',Helvetica,sans-serif; color: #ffffff; background: #bd081c  no-repeat scroll 3px 50% \/ 14px 14px; position: absolute; opacity: 1; z-index: 8675309; display: none; cursor: pointer;\">Guardar<\/span><\/p>\n","protected":false},"excerpt":{"rendered":"<p>A lo largo del a\u00f1o se impartir\u00e1n 240 horas en cuatro talleres de manualidades, confecci\u00f3n de moda y complementos creativos<\/p>\n","protected":false},"author":1,"featured_media":12341,"comment_status":"closed","ping_status":"closed","sticky":false,"template":"","format":"standard","meta":{"footnotes":""},"categories":[2],"tags":[],"class_list":["post-12340","post","type-post","status-publish","format-standard","has-post-thumbnail","hentry","category-ayuntamiento-pamplona"],"yoast_head":"<!-- This site is optimized with the Yoast SEO plugin v27.5 - https:\/\/yoast.com\/product\/yoast-seo-wordpress\/ -->\n<title>10 internas comienzan hoy un curso de manualidades en la c\u00e1rcel, dentro del programa de formaci\u00f3n para reclusas del Ayuntamiento de Pamplona<\/title>\n<meta name=\"robots\" content=\"index, follow, max-snippet:-1, max-image-preview:large, max-video-preview:-1\" \/>\n<link rel=\"canonical\" href=\"https:\/\/www.laguiadepamplona.com\/actualidad\/10-internas-comienzan-hoy-un-curso-de-manualidades-en-la-carcel-dentro-del-pograma-de-formacion-para-reclusas-del-ayuntamiento-de-pamplona\/\" \/>\n<meta property=\"og:locale\" content=\"es_ES\" \/>\n<meta property=\"og:type\" content=\"article\" \/>\n<meta property=\"og:title\" content=\"10 internas comienzan hoy un curso de manualidades en la c\u00e1rcel, dentro del programa de formaci\u00f3n para reclusas del Ayuntamiento de Pamplona\" \/>\n<meta property=\"og:description\" content=\"A lo largo del a\u00f1o se impartir\u00e1n 240 horas en cuatro talleres de manualidades, confecci\u00f3n de moda y complementos creativos\" \/>\n<meta property=\"og:url\" content=\"https:\/\/www.laguiadepamplona.com\/actualidad\/10-internas-comienzan-hoy-un-curso-de-manualidades-en-la-carcel-dentro-del-pograma-de-formacion-para-reclusas-del-ayuntamiento-de-pamplona\/\" \/>\n<meta property=\"og:site_name\" content=\"La Gu\u00eda de Pamplona\" \/>\n<meta property=\"article:publisher\" content=\"https:\/\/www.facebook.com\/laguiadepamplonacom-133175176762273\/?ref=hl\" \/>\n<meta property=\"article:published_time\" content=\"2017-03-21T09:59:53+00:00\" \/>\n<meta property=\"article:modified_time\" content=\"2017-03-21T10:52:58+00:00\" \/>\n<meta property=\"og:image\" content=\"https:\/\/www.laguiadepamplona.com\/actualidad\/wp-content\/uploads\/2017\/03\/maquinas_profesionales_carcel_pamplona.jpg\" \/>\n\t<meta property=\"og:image:width\" content=\"1000\" \/>\n\t<meta property=\"og:image:height\" content=\"563\" \/>\n\t<meta property=\"og:image:type\" content=\"image\/jpeg\" \/>\n<meta name=\"author\" content=\"La Gu\u00eda de Pamplona\" \/>\n<meta name=\"twitter:card\" content=\"summary_large_image\" \/>\n<meta name=\"twitter:creator\" content=\"@LaGuiadPamplona\" \/>\n<meta name=\"twitter:site\" content=\"@LaGuiadPamplona\" \/>\n<meta name=\"twitter:label1\" content=\"Escrito por\" \/>\n\t<meta name=\"twitter:data1\" content=\"La Gu\u00eda de Pamplona\" \/>\n\t<meta name=\"twitter:label2\" content=\"Tiempo de lectura\" \/>\n\t<meta name=\"twitter:data2\" content=\"3 minutos\" \/>\n<script type=\"application\/ld+json\" class=\"yoast-schema-graph\">{\"@context\":\"https:\\\/\\\/schema.org\",\"@graph\":[{\"@type\":\"Article\",\"@id\":\"https:\\\/\\\/www.laguiadepamplona.com\\\/actualidad\\\/10-internas-comienzan-hoy-un-curso-de-manualidades-en-la-carcel-dentro-del-pograma-de-formacion-para-reclusas-del-ayuntamiento-de-pamplona\\\/#article\",\"isPartOf\":{\"@id\":\"https:\\\/\\\/www.laguiadepamplona.com\\\/actualidad\\\/10-internas-comienzan-hoy-un-curso-de-manualidades-en-la-carcel-dentro-del-pograma-de-formacion-para-reclusas-del-ayuntamiento-de-pamplona\\\/\"},\"author\":{\"name\":\"La Gu\u00eda de Pamplona\",\"@id\":\"https:\\\/\\\/www.laguiadepamplona.com\\\/actualidad\\\/#\\\/schema\\\/person\\\/efe887376f0213d4657c93adc50b1fdb\"},\"headline\":\"10 internas comienzan hoy un curso de manualidades en la c\u00e1rcel, dentro del programa de formaci\u00f3n para reclusas del Ayuntamiento de Pamplona\",\"datePublished\":\"2017-03-21T09:59:53+00:00\",\"dateModified\":\"2017-03-21T10:52:58+00:00\",\"mainEntityOfPage\":{\"@id\":\"https:\\\/\\\/www.laguiadepamplona.com\\\/actualidad\\\/10-internas-comienzan-hoy-un-curso-de-manualidades-en-la-carcel-dentro-del-pograma-de-formacion-para-reclusas-del-ayuntamiento-de-pamplona\\\/\"},\"wordCount\":713,\"publisher\":{\"@id\":\"https:\\\/\\\/www.laguiadepamplona.com\\\/actualidad\\\/#organization\"},\"image\":{\"@id\":\"https:\\\/\\\/www.laguiadepamplona.com\\\/actualidad\\\/10-internas-comienzan-hoy-un-curso-de-manualidades-en-la-carcel-dentro-del-pograma-de-formacion-para-reclusas-del-ayuntamiento-de-pamplona\\\/#primaryimage\"},\"thumbnailUrl\":\"https:\\\/\\\/www.laguiadepamplona.com\\\/actualidad\\\/wp-content\\\/uploads\\\/2017\\\/03\\\/maquinas_profesionales_carcel_pamplona.jpg\",\"articleSection\":[\"Ayto Pamplona\"],\"inLanguage\":\"es\"},{\"@type\":\"WebPage\",\"@id\":\"https:\\\/\\\/www.laguiadepamplona.com\\\/actualidad\\\/10-internas-comienzan-hoy-un-curso-de-manualidades-en-la-carcel-dentro-del-pograma-de-formacion-para-reclusas-del-ayuntamiento-de-pamplona\\\/\",\"url\":\"https:\\\/\\\/www.laguiadepamplona.com\\\/actualidad\\\/10-internas-comienzan-hoy-un-curso-de-manualidades-en-la-carcel-dentro-del-pograma-de-formacion-para-reclusas-del-ayuntamiento-de-pamplona\\\/\",\"name\":\"10 internas comienzan hoy un curso de manualidades en la c\u00e1rcel, dentro del programa de formaci\u00f3n para reclusas del Ayuntamiento de Pamplona\",\"isPartOf\":{\"@id\":\"https:\\\/\\\/www.laguiadepamplona.com\\\/actualidad\\\/#website\"},\"primaryImageOfPage\":{\"@id\":\"https:\\\/\\\/www.laguiadepamplona.com\\\/actualidad\\\/10-internas-comienzan-hoy-un-curso-de-manualidades-en-la-carcel-dentro-del-pograma-de-formacion-para-reclusas-del-ayuntamiento-de-pamplona\\\/#primaryimage\"},\"image\":{\"@id\":\"https:\\\/\\\/www.laguiadepamplona.com\\\/actualidad\\\/10-internas-comienzan-hoy-un-curso-de-manualidades-en-la-carcel-dentro-del-pograma-de-formacion-para-reclusas-del-ayuntamiento-de-pamplona\\\/#primaryimage\"},\"thumbnailUrl\":\"https:\\\/\\\/www.laguiadepamplona.com\\\/actualidad\\\/wp-content\\\/uploads\\\/2017\\\/03\\\/maquinas_profesionales_carcel_pamplona.jpg\",\"datePublished\":\"2017-03-21T09:59:53+00:00\",\"dateModified\":\"2017-03-21T10:52:58+00:00\",\"breadcrumb\":{\"@id\":\"https:\\\/\\\/www.laguiadepamplona.com\\\/actualidad\\\/10-internas-comienzan-hoy-un-curso-de-manualidades-en-la-carcel-dentro-del-pograma-de-formacion-para-reclusas-del-ayuntamiento-de-pamplona\\\/#breadcrumb\"},\"inLanguage\":\"es\",\"potentialAction\":[{\"@type\":\"ReadAction\",\"target\":[\"https:\\\/\\\/www.laguiadepamplona.com\\\/actualidad\\\/10-internas-comienzan-hoy-un-curso-de-manualidades-en-la-carcel-dentro-del-pograma-de-formacion-para-reclusas-del-ayuntamiento-de-pamplona\\\/\"]}]},{\"@type\":\"ImageObject\",\"inLanguage\":\"es\",\"@id\":\"https:\\\/\\\/www.laguiadepamplona.com\\\/actualidad\\\/10-internas-comienzan-hoy-un-curso-de-manualidades-en-la-carcel-dentro-del-pograma-de-formacion-para-reclusas-del-ayuntamiento-de-pamplona\\\/#primaryimage\",\"url\":\"https:\\\/\\\/www.laguiadepamplona.com\\\/actualidad\\\/wp-content\\\/uploads\\\/2017\\\/03\\\/maquinas_profesionales_carcel_pamplona.jpg\",\"contentUrl\":\"https:\\\/\\\/www.laguiadepamplona.com\\\/actualidad\\\/wp-content\\\/uploads\\\/2017\\\/03\\\/maquinas_profesionales_carcel_pamplona.jpg\",\"width\":1000,\"height\":563},{\"@type\":\"BreadcrumbList\",\"@id\":\"https:\\\/\\\/www.laguiadepamplona.com\\\/actualidad\\\/10-internas-comienzan-hoy-un-curso-de-manualidades-en-la-carcel-dentro-del-pograma-de-formacion-para-reclusas-del-ayuntamiento-de-pamplona\\\/#breadcrumb\",\"itemListElement\":[{\"@type\":\"ListItem\",\"position\":1,\"name\":\"Portada\",\"item\":\"https:\\\/\\\/www.laguiadepamplona.com\\\/actualidad\\\/\"},{\"@type\":\"ListItem\",\"position\":2,\"name\":\"10 internas comienzan hoy un curso de manualidades en la c\u00e1rcel, dentro del programa de formaci\u00f3n para reclusas del Ayuntamiento de Pamplona\"}]},{\"@type\":\"WebSite\",\"@id\":\"https:\\\/\\\/www.laguiadepamplona.com\\\/actualidad\\\/#website\",\"url\":\"https:\\\/\\\/www.laguiadepamplona.com\\\/actualidad\\\/\",\"name\":\"La gu\u00eda de Pamplona\",\"description\":\"Noticias de Pamplona\",\"publisher\":{\"@id\":\"https:\\\/\\\/www.laguiadepamplona.com\\\/actualidad\\\/#organization\"},\"potentialAction\":[{\"@type\":\"SearchAction\",\"target\":{\"@type\":\"EntryPoint\",\"urlTemplate\":\"https:\\\/\\\/www.laguiadepamplona.com\\\/actualidad\\\/?s={search_term_string}\"},\"query-input\":{\"@type\":\"PropertyValueSpecification\",\"valueRequired\":true,\"valueName\":\"search_term_string\"}}],\"inLanguage\":\"es\"},{\"@type\":\"Organization\",\"@id\":\"https:\\\/\\\/www.laguiadepamplona.com\\\/actualidad\\\/#organization\",\"name\":\"La Gu\u00eda de Pamplona \\\/ Noticias\",\"url\":\"https:\\\/\\\/www.laguiadepamplona.com\\\/actualidad\\\/\",\"logo\":{\"@type\":\"ImageObject\",\"inLanguage\":\"es\",\"@id\":\"https:\\\/\\\/www.laguiadepamplona.com\\\/actualidad\\\/#\\\/schema\\\/logo\\\/image\\\/\",\"url\":\"https:\\\/\\\/www.laguiadepamplona.com\\\/actualidad\\\/wp-content\\\/uploads\\\/2018\\\/11\\\/logo-laguiadepamplona18-web1.png\",\"contentUrl\":\"https:\\\/\\\/www.laguiadepamplona.com\\\/actualidad\\\/wp-content\\\/uploads\\\/2018\\\/11\\\/logo-laguiadepamplona18-web1.png\",\"width\":600,\"height\":196,\"caption\":\"La Gu\u00eda de Pamplona \\\/ Noticias\"},\"image\":{\"@id\":\"https:\\\/\\\/www.laguiadepamplona.com\\\/actualidad\\\/#\\\/schema\\\/logo\\\/image\\\/\"},\"sameAs\":[\"https:\\\/\\\/www.facebook.com\\\/laguiadepamplonacom-133175176762273\\\/?ref=hl\",\"https:\\\/\\\/x.com\\\/LaGuiadPamplona\",\"https:\\\/\\\/www.instagram.com\\\/la_guia_de_pamplona\\\/\",\"https:\\\/\\\/www.youtube.com\\\/user\\\/laguiadepamplona\"]},{\"@type\":\"Person\",\"@id\":\"https:\\\/\\\/www.laguiadepamplona.com\\\/actualidad\\\/#\\\/schema\\\/person\\\/efe887376f0213d4657c93adc50b1fdb\",\"name\":\"La Gu\u00eda de Pamplona\",\"image\":{\"@type\":\"ImageObject\",\"inLanguage\":\"es\",\"@id\":\"https:\\\/\\\/secure.gravatar.com\\\/avatar\\\/b6992f131dc8d30ab0dff15446e9d346d9dbd95992de0fef795073f5ea83a81c?s=96&d=mm&r=g\",\"url\":\"https:\\\/\\\/secure.gravatar.com\\\/avatar\\\/b6992f131dc8d30ab0dff15446e9d346d9dbd95992de0fef795073f5ea83a81c?s=96&d=mm&r=g\",\"contentUrl\":\"https:\\\/\\\/secure.gravatar.com\\\/avatar\\\/b6992f131dc8d30ab0dff15446e9d346d9dbd95992de0fef795073f5ea83a81c?s=96&d=mm&r=g\",\"caption\":\"La Gu\u00eda de Pamplona\"}}]}<\/script>\n<!-- \/ Yoast SEO plugin. -->","yoast_head_json":{"title":"10 internas comienzan hoy un curso de manualidades en la c\u00e1rcel, dentro del programa de formaci\u00f3n para reclusas del Ayuntamiento de Pamplona","robots":{"index":"index","follow":"follow","max-snippet":"max-snippet:-1","max-image-preview":"max-image-preview:large","max-video-preview":"max-video-preview:-1"},"canonical":"https:\/\/www.laguiadepamplona.com\/actualidad\/10-internas-comienzan-hoy-un-curso-de-manualidades-en-la-carcel-dentro-del-pograma-de-formacion-para-reclusas-del-ayuntamiento-de-pamplona\/","og_locale":"es_ES","og_type":"article","og_title":"10 internas comienzan hoy un curso de manualidades en la c\u00e1rcel, dentro del programa de formaci\u00f3n para reclusas del Ayuntamiento de Pamplona","og_description":"A lo largo del a\u00f1o se impartir\u00e1n 240 horas en cuatro talleres de manualidades, confecci\u00f3n de moda y complementos creativos","og_url":"https:\/\/www.laguiadepamplona.com\/actualidad\/10-internas-comienzan-hoy-un-curso-de-manualidades-en-la-carcel-dentro-del-pograma-de-formacion-para-reclusas-del-ayuntamiento-de-pamplona\/","og_site_name":"La Gu\u00eda de Pamplona","article_publisher":"https:\/\/www.facebook.com\/laguiadepamplonacom-133175176762273\/?ref=hl","article_published_time":"2017-03-21T09:59:53+00:00","article_modified_time":"2017-03-21T10:52:58+00:00","og_image":[{"width":1000,"height":563,"url":"https:\/\/www.laguiadepamplona.com\/actualidad\/wp-content\/uploads\/2017\/03\/maquinas_profesionales_carcel_pamplona.jpg","type":"image\/jpeg"}],"author":"La Gu\u00eda de Pamplona","twitter_card":"summary_large_image","twitter_creator":"@LaGuiadPamplona","twitter_site":"@LaGuiadPamplona","twitter_misc":{"Escrito por":"La Gu\u00eda de Pamplona","Tiempo de lectura":"3 minutos"},"schema":{"@context":"https:\/\/schema.org","@graph":[{"@type":"Article","@id":"https:\/\/www.laguiadepamplona.com\/actualidad\/10-internas-comienzan-hoy-un-curso-de-manualidades-en-la-carcel-dentro-del-pograma-de-formacion-para-reclusas-del-ayuntamiento-de-pamplona\/#article","isPartOf":{"@id":"https:\/\/www.laguiadepamplona.com\/actualidad\/10-internas-comienzan-hoy-un-curso-de-manualidades-en-la-carcel-dentro-del-pograma-de-formacion-para-reclusas-del-ayuntamiento-de-pamplona\/"},"author":{"name":"La Gu\u00eda de Pamplona","@id":"https:\/\/www.laguiadepamplona.com\/actualidad\/#\/schema\/person\/efe887376f0213d4657c93adc50b1fdb"},"headline":"10 internas comienzan hoy un curso de manualidades en la c\u00e1rcel, dentro del programa de formaci\u00f3n para reclusas del Ayuntamiento de Pamplona","datePublished":"2017-03-21T09:59:53+00:00","dateModified":"2017-03-21T10:52:58+00:00","mainEntityOfPage":{"@id":"https:\/\/www.laguiadepamplona.com\/actualidad\/10-internas-comienzan-hoy-un-curso-de-manualidades-en-la-carcel-dentro-del-pograma-de-formacion-para-reclusas-del-ayuntamiento-de-pamplona\/"},"wordCount":713,"publisher":{"@id":"https:\/\/www.laguiadepamplona.com\/actualidad\/#organization"},"image":{"@id":"https:\/\/www.laguiadepamplona.com\/actualidad\/10-internas-comienzan-hoy-un-curso-de-manualidades-en-la-carcel-dentro-del-pograma-de-formacion-para-reclusas-del-ayuntamiento-de-pamplona\/#primaryimage"},"thumbnailUrl":"https:\/\/www.laguiadepamplona.com\/actualidad\/wp-content\/uploads\/2017\/03\/maquinas_profesionales_carcel_pamplona.jpg","articleSection":["Ayto Pamplona"],"inLanguage":"es"},{"@type":"WebPage","@id":"https:\/\/www.laguiadepamplona.com\/actualidad\/10-internas-comienzan-hoy-un-curso-de-manualidades-en-la-carcel-dentro-del-pograma-de-formacion-para-reclusas-del-ayuntamiento-de-pamplona\/","url":"https:\/\/www.laguiadepamplona.com\/actualidad\/10-internas-comienzan-hoy-un-curso-de-manualidades-en-la-carcel-dentro-del-pograma-de-formacion-para-reclusas-del-ayuntamiento-de-pamplona\/","name":"10 internas comienzan hoy un curso de manualidades en la c\u00e1rcel, dentro del programa de formaci\u00f3n para reclusas del Ayuntamiento de Pamplona","isPartOf":{"@id":"https:\/\/www.laguiadepamplona.com\/actualidad\/#website"},"primaryImageOfPage":{"@id":"https:\/\/www.laguiadepamplona.com\/actualidad\/10-internas-comienzan-hoy-un-curso-de-manualidades-en-la-carcel-dentro-del-pograma-de-formacion-para-reclusas-del-ayuntamiento-de-pamplona\/#primaryimage"},"image":{"@id":"https:\/\/www.laguiadepamplona.com\/actualidad\/10-internas-comienzan-hoy-un-curso-de-manualidades-en-la-carcel-dentro-del-pograma-de-formacion-para-reclusas-del-ayuntamiento-de-pamplona\/#primaryimage"},"thumbnailUrl":"https:\/\/www.laguiadepamplona.com\/actualidad\/wp-content\/uploads\/2017\/03\/maquinas_profesionales_carcel_pamplona.jpg","datePublished":"2017-03-21T09:59:53+00:00","dateModified":"2017-03-21T10:52:58+00:00","breadcrumb":{"@id":"https:\/\/www.laguiadepamplona.com\/actualidad\/10-internas-comienzan-hoy-un-curso-de-manualidades-en-la-carcel-dentro-del-pograma-de-formacion-para-reclusas-del-ayuntamiento-de-pamplona\/#breadcrumb"},"inLanguage":"es","potentialAction":[{"@type":"ReadAction","target":["https:\/\/www.laguiadepamplona.com\/actualidad\/10-internas-comienzan-hoy-un-curso-de-manualidades-en-la-carcel-dentro-del-pograma-de-formacion-para-reclusas-del-ayuntamiento-de-pamplona\/"]}]},{"@type":"ImageObject","inLanguage":"es","@id":"https:\/\/www.laguiadepamplona.com\/actualidad\/10-internas-comienzan-hoy-un-curso-de-manualidades-en-la-carcel-dentro-del-pograma-de-formacion-para-reclusas-del-ayuntamiento-de-pamplona\/#primaryimage","url":"https:\/\/www.laguiadepamplona.com\/actualidad\/wp-content\/uploads\/2017\/03\/maquinas_profesionales_carcel_pamplona.jpg","contentUrl":"https:\/\/www.laguiadepamplona.com\/actualidad\/wp-content\/uploads\/2017\/03\/maquinas_profesionales_carcel_pamplona.jpg","width":1000,"height":563},{"@type":"BreadcrumbList","@id":"https:\/\/www.laguiadepamplona.com\/actualidad\/10-internas-comienzan-hoy-un-curso-de-manualidades-en-la-carcel-dentro-del-pograma-de-formacion-para-reclusas-del-ayuntamiento-de-pamplona\/#breadcrumb","itemListElement":[{"@type":"ListItem","position":1,"name":"Portada","item":"https:\/\/www.laguiadepamplona.com\/actualidad\/"},{"@type":"ListItem","position":2,"name":"10 internas comienzan hoy un curso de manualidades en la c\u00e1rcel, dentro del programa de formaci\u00f3n para reclusas del Ayuntamiento de Pamplona"}]},{"@type":"WebSite","@id":"https:\/\/www.laguiadepamplona.com\/actualidad\/#website","url":"https:\/\/www.laguiadepamplona.com\/actualidad\/","name":"La gu\u00eda de Pamplona","description":"Noticias de Pamplona","publisher":{"@id":"https:\/\/www.laguiadepamplona.com\/actualidad\/#organization"},"potentialAction":[{"@type":"SearchAction","target":{"@type":"EntryPoint","urlTemplate":"https:\/\/www.laguiadepamplona.com\/actualidad\/?s={search_term_string}"},"query-input":{"@type":"PropertyValueSpecification","valueRequired":true,"valueName":"search_term_string"}}],"inLanguage":"es"},{"@type":"Organization","@id":"https:\/\/www.laguiadepamplona.com\/actualidad\/#organization","name":"La Gu\u00eda de Pamplona \/ Noticias","url":"https:\/\/www.laguiadepamplona.com\/actualidad\/","logo":{"@type":"ImageObject","inLanguage":"es","@id":"https:\/\/www.laguiadepamplona.com\/actualidad\/#\/schema\/logo\/image\/","url":"https:\/\/www.laguiadepamplona.com\/actualidad\/wp-content\/uploads\/2018\/11\/logo-laguiadepamplona18-web1.png","contentUrl":"https:\/\/www.laguiadepamplona.com\/actualidad\/wp-content\/uploads\/2018\/11\/logo-laguiadepamplona18-web1.png","width":600,"height":196,"caption":"La Gu\u00eda de Pamplona \/ Noticias"},"image":{"@id":"https:\/\/www.laguiadepamplona.com\/actualidad\/#\/schema\/logo\/image\/"},"sameAs":["https:\/\/www.facebook.com\/laguiadepamplonacom-133175176762273\/?ref=hl","https:\/\/x.com\/LaGuiadPamplona","https:\/\/www.instagram.com\/la_guia_de_pamplona\/","https:\/\/www.youtube.com\/user\/laguiadepamplona"]},{"@type":"Person","@id":"https:\/\/www.laguiadepamplona.com\/actualidad\/#\/schema\/person\/efe887376f0213d4657c93adc50b1fdb","name":"La Gu\u00eda de Pamplona","image":{"@type":"ImageObject","inLanguage":"es","@id":"https:\/\/secure.gravatar.com\/avatar\/b6992f131dc8d30ab0dff15446e9d346d9dbd95992de0fef795073f5ea83a81c?s=96&d=mm&r=g","url":"https:\/\/secure.gravatar.com\/avatar\/b6992f131dc8d30ab0dff15446e9d346d9dbd95992de0fef795073f5ea83a81c?s=96&d=mm&r=g","contentUrl":"https:\/\/secure.gravatar.com\/avatar\/b6992f131dc8d30ab0dff15446e9d346d9dbd95992de0fef795073f5ea83a81c?s=96&d=mm&r=g","caption":"La Gu\u00eda de Pamplona"}}]}},"post_mailing_queue_ids":[],"_links":{"self":[{"href":"https:\/\/www.laguiadepamplona.com\/actualidad\/wp-json\/wp\/v2\/posts\/12340","targetHints":{"allow":["GET"]}}],"collection":[{"href":"https:\/\/www.laguiadepamplona.com\/actualidad\/wp-json\/wp\/v2\/posts"}],"about":[{"href":"https:\/\/www.laguiadepamplona.com\/actualidad\/wp-json\/wp\/v2\/types\/post"}],"author":[{"embeddable":true,"href":"https:\/\/www.laguiadepamplona.com\/actualidad\/wp-json\/wp\/v2\/users\/1"}],"replies":[{"embeddable":true,"href":"https:\/\/www.laguiadepamplona.com\/actualidad\/wp-json\/wp\/v2\/comments?post=12340"}],"version-history":[{"count":0,"href":"https:\/\/www.laguiadepamplona.com\/actualidad\/wp-json\/wp\/v2\/posts\/12340\/revisions"}],"wp:featuredmedia":[{"embeddable":true,"href":"https:\/\/www.laguiadepamplona.com\/actualidad\/wp-json\/wp\/v2\/media\/12341"}],"wp:attachment":[{"href":"https:\/\/www.laguiadepamplona.com\/actualidad\/wp-json\/wp\/v2\/media?parent=12340"}],"wp:term":[{"taxonomy":"category","embeddable":true,"href":"https:\/\/www.laguiadepamplona.com\/actualidad\/wp-json\/wp\/v2\/categories?post=12340"},{"taxonomy":"post_tag","embeddable":true,"href":"https:\/\/www.laguiadepamplona.com\/actualidad\/wp-json\/wp\/v2\/tags?post=12340"}],"curies":[{"name":"wp","href":"https:\/\/api.w.org\/{rel}","templated":true}]}}