{"id":12338,"date":"2017-03-21T10:57:11","date_gmt":"2017-03-21T09:57:11","guid":{"rendered":"http:\/\/laguiadepamplona.es\/actualidad\/?p=12338"},"modified":"2017-03-21T10:57:11","modified_gmt":"2017-03-21T09:57:11","slug":"el-ciclo-miradas-de-cultura-contemporanea-comienza-este-miercoles-en-civivox-san-jorge-con-cinco-espectaculos-que-combinan-musica-danza-poesia-e-improvisacion","status":"publish","type":"post","link":"https:\/\/www.laguiadepamplona.com\/actualidad\/el-ciclo-miradas-de-cultura-contemporanea-comienza-este-miercoles-en-civivox-san-jorge-con-cinco-espectaculos-que-combinan-musica-danza-poesia-e-improvisacion\/","title":{"rendered":"El ciclo Miradas de cultura contempor\u00e1nea comienza este mi\u00e9rcoles en Civivox San Jorge, con cinco espect\u00e1culos que combinan m\u00fasica, danza, poes\u00eda e improvisaci\u00f3n"},"content":{"rendered":"<h3>Las propuestas se presentar\u00e1n los d\u00edas 22, 24, 27, 29 y 31 de marzo, a las 19.30 horas, con entrada libre<\/h3>\n<p><!--more--><\/p>\n<p>Cinco espect\u00e1culos conforman la nueva edici\u00f3n del ciclo Miradas de cultura contempor\u00e1nea que, un a\u00f1o m\u00e1s, ofrece el Ayuntamiento a trav\u00e9s de la red Civivox. Ma\u00f1ana mi\u00e9rcoles comienza el ciclo con \u2019Acci\u00f3n Matrioska\u2019 de Po\u00e9tica Kiribila, que continuar\u00e1 los d\u00edas 24, 27, 29 y 31 de enero. Las propuestas que se llevan a cabo este a\u00f1o combinan m\u00fasica, poes\u00eda, danza contempor\u00e1nea e improvisaci\u00f3n. Todos los espect\u00e1culos se desarrollar\u00e1n en Civivox San Jorge, a las 19.30 horas, con entrada libre.<\/p>\n<p>Po\u00e9tica Kiribila abrir\u00e1 la edici\u00f3n con \u2018Acci\u00f3n Matrioska\u2019, una propuesta esc\u00e9nica que incluye danza, m\u00fasica en directo, poes\u00eda y teatro, y que acomete con iron\u00eda, sensibilidad y humor el amor rom\u00e1ntico, desmitific\u00e1ndolo. La protagonista, Violeta, adopta diferentes roles y posturas, a veces conformista, otras rabiosa, otras c\u00ednica&#8230; y as\u00ed el p\u00fablico asistente se ve reflejado en situaciones cotidianas. Se presenta, por tanto, una visita femenina desde la cr\u00edtica positiva de todo aquellos que somos capaces de hacer por amor. El proyecto Po\u00e9tica Kiribila es una acci\u00f3n cultural iniciada en 2013 que une distintas disciplinas art\u00edsticas, utilizando distintas formas de expresi\u00f3n y distintas v\u00edas que combinan nueva creaci\u00f3n con humor y sencillez.<\/p>\n<p>El viernes 24 CMC Garaikideak pone en escena \u2018Kosmos 2.0\u2019, a las 19.30 horas con entrada libre. Se trata de una reinterpretaci\u00f3n de la que fue la tercera propuesta de esta compa\u00f1\u00eda titulada Kosmos. El espect\u00e1culo se concibe como una propuesta musical de revisi\u00f3n de ciertos mitos cl\u00e1sicos a partir del lenguaje de la m\u00fasica contempor\u00e1nea: partiendo de los fundamentos hist\u00f3rico-musicales del barroco, el objetivo es adentrarse en el simbolismo sonoro de la tradici\u00f3n matem\u00e1tica y astron\u00f3mica. A\u00fana creaci\u00f3n e interpretaci\u00f3n musical, con CMC Garaikideak y Atena, y consta de cinco obras. El concierto cuenta, adem\u00e1s, con la colaboraci\u00f3n de la Orquesta de C\u00e1mara Paulino Otamendi que interpretar\u00e1 la obra \u2018Hypatia\u2019, de Ignacio Fern\u00e1ndez Galindo.<\/p>\n<p><strong>M\u00fasica, txistu, poes\u00eda, danza e improvisaci\u00f3n<\/strong><\/p>\n<p>La semana que viene continuar\u00e1 el ciclo con otros tres espect\u00e1culos en Civivox San Jorge. El lunes 27 ser\u00e1 el turno del espect\u00e1culo de m\u00fasica y poes\u00eda \u2018Versonautas\u2019. Se trata de un viaje sonoro a trav\u00e9s de m\u00fasicas compuestas por los propios versonautas, que recogen textos de grandes poetas, que son tambi\u00e9n profetas, sabios y fil\u00f3sofos. Poetas como Nicol\u00e1s Guill\u00e9n, Jaime Gil de Biedma, Idea Vilari\u00f1o, Luis Cernuda, Clara Jan\u00e9s, Rub\u00e9n Dar\u00edo, Le\u00f3n Felipe o Manel Garc\u00eda Grau se fusionan con un mundo sonoro verson\u00e1utico propio creado para cada texto. Detr\u00e1s de \u2018Versonautas\u2019 se encuentran los m\u00fasicos polifac\u00e9ticos Roqui Albero y Ana Sanahuja.<\/p>\n<p>\u20183.3\u2019 es el t\u00edtulo de la mirada programada para el mi\u00e9rcoles 29 de marzo. M\u00fasica, danza contempor\u00e1nea e improvisaci\u00f3n a cargo de tres artistas, I\u00f1aki Rodr\u00edguez, Hilario Rodeiro y Carmen Larraz. La propuesta es la expresi\u00f3n en s\u00ed misma, en un momento de celebraci\u00f3n sensorial con el espectador: el placer de bailar, el placer de la m\u00fasica, el placer de observar, de emocionarse y de convertirse en una parte de un todo. La uni\u00f3n instant\u00e1nea de danza y m\u00fasica&#8230; el momento en directo como proceso creativo&#8230; lo irrepetible de cada instante, el est\u00edmulo de la escucha, y de la capacidad del juego como medio para entender la creaci\u00f3n. Los tres artistas se unen para crear ese instante en el que el espectador se convierte en cocreador de una composici\u00f3n fugaz e irrepetible.<\/p>\n<p>El ciclo Miradas concluir\u00e1 con el mes, el 31 de marzo, y el espect\u00e1culo \u2018Xendrak\u2019, centrado en el txistu, que combina tambi\u00e9n m\u00fasica, danza y elementos audiovisuales y que pone en escena el nuevo trabajo discogr\u00e1fico del compositor navarro Urtzi Iraizoz. La obra se compone de nueve piezas que vienen a ser como nueve senderos en los que perderse, v\u00edas repletas de cruces de caminos donde se puede disfrutar del txistu en solitario, en grupo o combinado con el piano o el acorde\u00f3n. Se trata, por tanto, de un espect\u00e1culo multidisciplinar que supone una apuesta de actualizaci\u00f3n de un instrumento como el txistu y que plantea un di\u00e1logo fluido entre tradici\u00f3n y contemporaneidad.<\/p>\n<p>&nbsp;<\/p>\n<p><strong>Miradas [de cultura contempor\u00e1nea]. Del 22 al 31 de marzo. Civivox San Jorge<\/strong><\/p>\n<ul>\n<li><strong>Mi\u00e9rcoles 22 de marzo, 19.30 horas. Entrada libre<\/strong>\n<ul>\n<li><strong>\u2018Acci\u00f3n Matrioska\u2019<\/strong><\/li>\n<li>Po\u00e9tica Kiribila. Maider Lekunberri, actriz; Paula Azcona, vilonchelo; Sandra Aguerri, danza<\/li>\n<\/ul>\n<\/li>\n<li><strong>Viernes 24 de marzo, 19.30 horas. Entrada libre<\/strong>\n<ul>\n<li><strong>\u2018Kosmos 2.0\u2019<\/strong><\/li>\n<li>CMC Garaikideak, Compa\u00f1\u00eda Art\u00edstica Atena y Orquesta de C\u00e1mara Paulino Otamendi<\/li>\n<\/ul>\n<\/li>\n<li><strong>Lunes 27 de marzo, 19.30 horas. Entrada libre<\/strong>\n<ul>\n<li><strong>\u2018Versonautas\u2019<\/strong><\/li>\n<li>Roqui Albero, trompeta, flugelhorn, voz y efectos; Ana Sanahuja, piano, teclados, coros y efectos<\/li>\n<\/ul>\n<\/li>\n<li><strong>Mi\u00e9rcoles 29 de marzo, 19.30 horas. Entrada libre<\/strong>\n<ul>\n<li><strong>\u20183.3\u2019<\/strong><\/li>\n<li>I\u00f1aki Rodr\u00edguez, saxos, flautas y clarinetes; Hilario Rodeiro, electr\u00f3nica y percusiones; Carmen Larraz, danza contempor\u00e1nea<\/li>\n<\/ul>\n<\/li>\n<li><strong>Viernes 31 de marzo, 19.30 horas. Entrada libre<\/strong>\n<ul>\n<li><strong>\u2018Xendrak\u2019<\/strong><\/li>\n<li>Aitor Urkiza, txistu; Alfonso Iturria, txistu; Carlos Pe\u00f1aranda, txistu; Urko Arozena, percusi\u00f3n; Xabier Olazabal, acorde\u00f3n, txistu y silbote; Leyre Lisarri, piano; Endika Guti\u00e9rrez, piano; Naroa Echarri y Naiara Ayesa, danza; Andr\u00e9s Lopetegi, elementos audiovisuales<\/li>\n<\/ul>\n<\/li>\n<\/ul>\n<p>&nbsp;<\/p>\n","protected":false},"excerpt":{"rendered":"<p>Las propuestas se presentar\u00e1n los d\u00edas 22, 24, 27, 29 y 31 de marzo, a las 19.30 horas, con entrada libre<\/p>\n","protected":false},"author":1,"featured_media":11047,"comment_status":"closed","ping_status":"closed","sticky":false,"template":"","format":"standard","meta":{"footnotes":""},"categories":[2],"tags":[],"class_list":["post-12338","post","type-post","status-publish","format-standard","has-post-thumbnail","hentry","category-ayuntamiento-pamplona"],"yoast_head":"<!-- This site is optimized with the Yoast SEO plugin v27.5 - https:\/\/yoast.com\/product\/yoast-seo-wordpress\/ -->\n<title>El ciclo Miradas de cultura contempor\u00e1nea comienza este mi\u00e9rcoles en Civivox San Jorge, con cinco espect\u00e1culos que combinan m\u00fasica, danza, poes\u00eda e improvisaci\u00f3n<\/title>\n<meta name=\"robots\" content=\"index, follow, max-snippet:-1, max-image-preview:large, max-video-preview:-1\" \/>\n<link rel=\"canonical\" href=\"https:\/\/www.laguiadepamplona.com\/actualidad\/el-ciclo-miradas-de-cultura-contemporanea-comienza-este-miercoles-en-civivox-san-jorge-con-cinco-espectaculos-que-combinan-musica-danza-poesia-e-improvisacion\/\" \/>\n<meta property=\"og:locale\" content=\"es_ES\" \/>\n<meta property=\"og:type\" content=\"article\" \/>\n<meta property=\"og:title\" content=\"El ciclo Miradas de cultura contempor\u00e1nea comienza este mi\u00e9rcoles en Civivox San Jorge, con cinco espect\u00e1culos que combinan m\u00fasica, danza, poes\u00eda e improvisaci\u00f3n\" \/>\n<meta property=\"og:description\" content=\"Las propuestas se presentar\u00e1n los d\u00edas 22, 24, 27, 29 y 31 de marzo, a las 19.30 horas, con entrada libre\" \/>\n<meta property=\"og:url\" content=\"https:\/\/www.laguiadepamplona.com\/actualidad\/el-ciclo-miradas-de-cultura-contemporanea-comienza-este-miercoles-en-civivox-san-jorge-con-cinco-espectaculos-que-combinan-musica-danza-poesia-e-improvisacion\/\" \/>\n<meta property=\"og:site_name\" content=\"La Gu\u00eda de Pamplona\" \/>\n<meta property=\"article:publisher\" content=\"https:\/\/www.facebook.com\/laguiadepamplonacom-133175176762273\/?ref=hl\" \/>\n<meta property=\"article:published_time\" content=\"2017-03-21T09:57:11+00:00\" \/>\n<meta property=\"og:image\" content=\"https:\/\/www.laguiadepamplona.com\/actualidad\/wp-content\/uploads\/2016\/12\/civivox-san-jorge.jpg\" \/>\n\t<meta property=\"og:image:width\" content=\"900\" \/>\n\t<meta property=\"og:image:height\" content=\"675\" \/>\n\t<meta property=\"og:image:type\" content=\"image\/jpeg\" \/>\n<meta name=\"author\" content=\"La Gu\u00eda de Pamplona\" \/>\n<meta name=\"twitter:card\" content=\"summary_large_image\" \/>\n<meta name=\"twitter:creator\" content=\"@LaGuiadPamplona\" \/>\n<meta name=\"twitter:site\" content=\"@LaGuiadPamplona\" \/>\n<meta name=\"twitter:label1\" content=\"Escrito por\" \/>\n\t<meta name=\"twitter:data1\" content=\"La Gu\u00eda de Pamplona\" \/>\n\t<meta name=\"twitter:label2\" content=\"Tiempo de lectura\" \/>\n\t<meta name=\"twitter:data2\" content=\"5 minutos\" \/>\n<script type=\"application\/ld+json\" class=\"yoast-schema-graph\">{\"@context\":\"https:\\\/\\\/schema.org\",\"@graph\":[{\"@type\":\"Article\",\"@id\":\"https:\\\/\\\/www.laguiadepamplona.com\\\/actualidad\\\/el-ciclo-miradas-de-cultura-contemporanea-comienza-este-miercoles-en-civivox-san-jorge-con-cinco-espectaculos-que-combinan-musica-danza-poesia-e-improvisacion\\\/#article\",\"isPartOf\":{\"@id\":\"https:\\\/\\\/www.laguiadepamplona.com\\\/actualidad\\\/el-ciclo-miradas-de-cultura-contemporanea-comienza-este-miercoles-en-civivox-san-jorge-con-cinco-espectaculos-que-combinan-musica-danza-poesia-e-improvisacion\\\/\"},\"author\":{\"name\":\"La Gu\u00eda de Pamplona\",\"@id\":\"https:\\\/\\\/www.laguiadepamplona.com\\\/actualidad\\\/#\\\/schema\\\/person\\\/efe887376f0213d4657c93adc50b1fdb\"},\"headline\":\"El ciclo Miradas de cultura contempor\u00e1nea comienza este mi\u00e9rcoles en Civivox San Jorge, con cinco espect\u00e1culos que combinan m\u00fasica, danza, poes\u00eda e improvisaci\u00f3n\",\"datePublished\":\"2017-03-21T09:57:11+00:00\",\"mainEntityOfPage\":{\"@id\":\"https:\\\/\\\/www.laguiadepamplona.com\\\/actualidad\\\/el-ciclo-miradas-de-cultura-contemporanea-comienza-este-miercoles-en-civivox-san-jorge-con-cinco-espectaculos-que-combinan-musica-danza-poesia-e-improvisacion\\\/\"},\"wordCount\":945,\"publisher\":{\"@id\":\"https:\\\/\\\/www.laguiadepamplona.com\\\/actualidad\\\/#organization\"},\"image\":{\"@id\":\"https:\\\/\\\/www.laguiadepamplona.com\\\/actualidad\\\/el-ciclo-miradas-de-cultura-contemporanea-comienza-este-miercoles-en-civivox-san-jorge-con-cinco-espectaculos-que-combinan-musica-danza-poesia-e-improvisacion\\\/#primaryimage\"},\"thumbnailUrl\":\"https:\\\/\\\/www.laguiadepamplona.com\\\/actualidad\\\/wp-content\\\/uploads\\\/2016\\\/12\\\/civivox-san-jorge.jpg\",\"articleSection\":[\"Ayto Pamplona\"],\"inLanguage\":\"es\"},{\"@type\":\"WebPage\",\"@id\":\"https:\\\/\\\/www.laguiadepamplona.com\\\/actualidad\\\/el-ciclo-miradas-de-cultura-contemporanea-comienza-este-miercoles-en-civivox-san-jorge-con-cinco-espectaculos-que-combinan-musica-danza-poesia-e-improvisacion\\\/\",\"url\":\"https:\\\/\\\/www.laguiadepamplona.com\\\/actualidad\\\/el-ciclo-miradas-de-cultura-contemporanea-comienza-este-miercoles-en-civivox-san-jorge-con-cinco-espectaculos-que-combinan-musica-danza-poesia-e-improvisacion\\\/\",\"name\":\"El ciclo Miradas de cultura contempor\u00e1nea comienza este mi\u00e9rcoles en Civivox San Jorge, con cinco espect\u00e1culos que combinan m\u00fasica, danza, poes\u00eda e improvisaci\u00f3n\",\"isPartOf\":{\"@id\":\"https:\\\/\\\/www.laguiadepamplona.com\\\/actualidad\\\/#website\"},\"primaryImageOfPage\":{\"@id\":\"https:\\\/\\\/www.laguiadepamplona.com\\\/actualidad\\\/el-ciclo-miradas-de-cultura-contemporanea-comienza-este-miercoles-en-civivox-san-jorge-con-cinco-espectaculos-que-combinan-musica-danza-poesia-e-improvisacion\\\/#primaryimage\"},\"image\":{\"@id\":\"https:\\\/\\\/www.laguiadepamplona.com\\\/actualidad\\\/el-ciclo-miradas-de-cultura-contemporanea-comienza-este-miercoles-en-civivox-san-jorge-con-cinco-espectaculos-que-combinan-musica-danza-poesia-e-improvisacion\\\/#primaryimage\"},\"thumbnailUrl\":\"https:\\\/\\\/www.laguiadepamplona.com\\\/actualidad\\\/wp-content\\\/uploads\\\/2016\\\/12\\\/civivox-san-jorge.jpg\",\"datePublished\":\"2017-03-21T09:57:11+00:00\",\"breadcrumb\":{\"@id\":\"https:\\\/\\\/www.laguiadepamplona.com\\\/actualidad\\\/el-ciclo-miradas-de-cultura-contemporanea-comienza-este-miercoles-en-civivox-san-jorge-con-cinco-espectaculos-que-combinan-musica-danza-poesia-e-improvisacion\\\/#breadcrumb\"},\"inLanguage\":\"es\",\"potentialAction\":[{\"@type\":\"ReadAction\",\"target\":[\"https:\\\/\\\/www.laguiadepamplona.com\\\/actualidad\\\/el-ciclo-miradas-de-cultura-contemporanea-comienza-este-miercoles-en-civivox-san-jorge-con-cinco-espectaculos-que-combinan-musica-danza-poesia-e-improvisacion\\\/\"]}]},{\"@type\":\"ImageObject\",\"inLanguage\":\"es\",\"@id\":\"https:\\\/\\\/www.laguiadepamplona.com\\\/actualidad\\\/el-ciclo-miradas-de-cultura-contemporanea-comienza-este-miercoles-en-civivox-san-jorge-con-cinco-espectaculos-que-combinan-musica-danza-poesia-e-improvisacion\\\/#primaryimage\",\"url\":\"https:\\\/\\\/www.laguiadepamplona.com\\\/actualidad\\\/wp-content\\\/uploads\\\/2016\\\/12\\\/civivox-san-jorge.jpg\",\"contentUrl\":\"https:\\\/\\\/www.laguiadepamplona.com\\\/actualidad\\\/wp-content\\\/uploads\\\/2016\\\/12\\\/civivox-san-jorge.jpg\",\"width\":900,\"height\":675},{\"@type\":\"BreadcrumbList\",\"@id\":\"https:\\\/\\\/www.laguiadepamplona.com\\\/actualidad\\\/el-ciclo-miradas-de-cultura-contemporanea-comienza-este-miercoles-en-civivox-san-jorge-con-cinco-espectaculos-que-combinan-musica-danza-poesia-e-improvisacion\\\/#breadcrumb\",\"itemListElement\":[{\"@type\":\"ListItem\",\"position\":1,\"name\":\"Portada\",\"item\":\"https:\\\/\\\/www.laguiadepamplona.com\\\/actualidad\\\/\"},{\"@type\":\"ListItem\",\"position\":2,\"name\":\"El ciclo Miradas de cultura contempor\u00e1nea comienza este mi\u00e9rcoles en Civivox San Jorge, con cinco espect\u00e1culos que combinan m\u00fasica, danza, poes\u00eda e improvisaci\u00f3n\"}]},{\"@type\":\"WebSite\",\"@id\":\"https:\\\/\\\/www.laguiadepamplona.com\\\/actualidad\\\/#website\",\"url\":\"https:\\\/\\\/www.laguiadepamplona.com\\\/actualidad\\\/\",\"name\":\"La gu\u00eda de Pamplona\",\"description\":\"Noticias de Pamplona\",\"publisher\":{\"@id\":\"https:\\\/\\\/www.laguiadepamplona.com\\\/actualidad\\\/#organization\"},\"potentialAction\":[{\"@type\":\"SearchAction\",\"target\":{\"@type\":\"EntryPoint\",\"urlTemplate\":\"https:\\\/\\\/www.laguiadepamplona.com\\\/actualidad\\\/?s={search_term_string}\"},\"query-input\":{\"@type\":\"PropertyValueSpecification\",\"valueRequired\":true,\"valueName\":\"search_term_string\"}}],\"inLanguage\":\"es\"},{\"@type\":\"Organization\",\"@id\":\"https:\\\/\\\/www.laguiadepamplona.com\\\/actualidad\\\/#organization\",\"name\":\"La Gu\u00eda de Pamplona \\\/ Noticias\",\"url\":\"https:\\\/\\\/www.laguiadepamplona.com\\\/actualidad\\\/\",\"logo\":{\"@type\":\"ImageObject\",\"inLanguage\":\"es\",\"@id\":\"https:\\\/\\\/www.laguiadepamplona.com\\\/actualidad\\\/#\\\/schema\\\/logo\\\/image\\\/\",\"url\":\"https:\\\/\\\/www.laguiadepamplona.com\\\/actualidad\\\/wp-content\\\/uploads\\\/2018\\\/11\\\/logo-laguiadepamplona18-web1.png\",\"contentUrl\":\"https:\\\/\\\/www.laguiadepamplona.com\\\/actualidad\\\/wp-content\\\/uploads\\\/2018\\\/11\\\/logo-laguiadepamplona18-web1.png\",\"width\":600,\"height\":196,\"caption\":\"La Gu\u00eda de Pamplona \\\/ Noticias\"},\"image\":{\"@id\":\"https:\\\/\\\/www.laguiadepamplona.com\\\/actualidad\\\/#\\\/schema\\\/logo\\\/image\\\/\"},\"sameAs\":[\"https:\\\/\\\/www.facebook.com\\\/laguiadepamplonacom-133175176762273\\\/?ref=hl\",\"https:\\\/\\\/x.com\\\/LaGuiadPamplona\",\"https:\\\/\\\/www.instagram.com\\\/la_guia_de_pamplona\\\/\",\"https:\\\/\\\/www.youtube.com\\\/user\\\/laguiadepamplona\"]},{\"@type\":\"Person\",\"@id\":\"https:\\\/\\\/www.laguiadepamplona.com\\\/actualidad\\\/#\\\/schema\\\/person\\\/efe887376f0213d4657c93adc50b1fdb\",\"name\":\"La Gu\u00eda de Pamplona\",\"image\":{\"@type\":\"ImageObject\",\"inLanguage\":\"es\",\"@id\":\"https:\\\/\\\/secure.gravatar.com\\\/avatar\\\/b6992f131dc8d30ab0dff15446e9d346d9dbd95992de0fef795073f5ea83a81c?s=96&d=mm&r=g\",\"url\":\"https:\\\/\\\/secure.gravatar.com\\\/avatar\\\/b6992f131dc8d30ab0dff15446e9d346d9dbd95992de0fef795073f5ea83a81c?s=96&d=mm&r=g\",\"contentUrl\":\"https:\\\/\\\/secure.gravatar.com\\\/avatar\\\/b6992f131dc8d30ab0dff15446e9d346d9dbd95992de0fef795073f5ea83a81c?s=96&d=mm&r=g\",\"caption\":\"La Gu\u00eda de Pamplona\"}}]}<\/script>\n<!-- \/ Yoast SEO plugin. -->","yoast_head_json":{"title":"El ciclo Miradas de cultura contempor\u00e1nea comienza este mi\u00e9rcoles en Civivox San Jorge, con cinco espect\u00e1culos que combinan m\u00fasica, danza, poes\u00eda e improvisaci\u00f3n","robots":{"index":"index","follow":"follow","max-snippet":"max-snippet:-1","max-image-preview":"max-image-preview:large","max-video-preview":"max-video-preview:-1"},"canonical":"https:\/\/www.laguiadepamplona.com\/actualidad\/el-ciclo-miradas-de-cultura-contemporanea-comienza-este-miercoles-en-civivox-san-jorge-con-cinco-espectaculos-que-combinan-musica-danza-poesia-e-improvisacion\/","og_locale":"es_ES","og_type":"article","og_title":"El ciclo Miradas de cultura contempor\u00e1nea comienza este mi\u00e9rcoles en Civivox San Jorge, con cinco espect\u00e1culos que combinan m\u00fasica, danza, poes\u00eda e improvisaci\u00f3n","og_description":"Las propuestas se presentar\u00e1n los d\u00edas 22, 24, 27, 29 y 31 de marzo, a las 19.30 horas, con entrada libre","og_url":"https:\/\/www.laguiadepamplona.com\/actualidad\/el-ciclo-miradas-de-cultura-contemporanea-comienza-este-miercoles-en-civivox-san-jorge-con-cinco-espectaculos-que-combinan-musica-danza-poesia-e-improvisacion\/","og_site_name":"La Gu\u00eda de Pamplona","article_publisher":"https:\/\/www.facebook.com\/laguiadepamplonacom-133175176762273\/?ref=hl","article_published_time":"2017-03-21T09:57:11+00:00","og_image":[{"width":900,"height":675,"url":"https:\/\/www.laguiadepamplona.com\/actualidad\/wp-content\/uploads\/2016\/12\/civivox-san-jorge.jpg","type":"image\/jpeg"}],"author":"La Gu\u00eda de Pamplona","twitter_card":"summary_large_image","twitter_creator":"@LaGuiadPamplona","twitter_site":"@LaGuiadPamplona","twitter_misc":{"Escrito por":"La Gu\u00eda de Pamplona","Tiempo de lectura":"5 minutos"},"schema":{"@context":"https:\/\/schema.org","@graph":[{"@type":"Article","@id":"https:\/\/www.laguiadepamplona.com\/actualidad\/el-ciclo-miradas-de-cultura-contemporanea-comienza-este-miercoles-en-civivox-san-jorge-con-cinco-espectaculos-que-combinan-musica-danza-poesia-e-improvisacion\/#article","isPartOf":{"@id":"https:\/\/www.laguiadepamplona.com\/actualidad\/el-ciclo-miradas-de-cultura-contemporanea-comienza-este-miercoles-en-civivox-san-jorge-con-cinco-espectaculos-que-combinan-musica-danza-poesia-e-improvisacion\/"},"author":{"name":"La Gu\u00eda de Pamplona","@id":"https:\/\/www.laguiadepamplona.com\/actualidad\/#\/schema\/person\/efe887376f0213d4657c93adc50b1fdb"},"headline":"El ciclo Miradas de cultura contempor\u00e1nea comienza este mi\u00e9rcoles en Civivox San Jorge, con cinco espect\u00e1culos que combinan m\u00fasica, danza, poes\u00eda e improvisaci\u00f3n","datePublished":"2017-03-21T09:57:11+00:00","mainEntityOfPage":{"@id":"https:\/\/www.laguiadepamplona.com\/actualidad\/el-ciclo-miradas-de-cultura-contemporanea-comienza-este-miercoles-en-civivox-san-jorge-con-cinco-espectaculos-que-combinan-musica-danza-poesia-e-improvisacion\/"},"wordCount":945,"publisher":{"@id":"https:\/\/www.laguiadepamplona.com\/actualidad\/#organization"},"image":{"@id":"https:\/\/www.laguiadepamplona.com\/actualidad\/el-ciclo-miradas-de-cultura-contemporanea-comienza-este-miercoles-en-civivox-san-jorge-con-cinco-espectaculos-que-combinan-musica-danza-poesia-e-improvisacion\/#primaryimage"},"thumbnailUrl":"https:\/\/www.laguiadepamplona.com\/actualidad\/wp-content\/uploads\/2016\/12\/civivox-san-jorge.jpg","articleSection":["Ayto Pamplona"],"inLanguage":"es"},{"@type":"WebPage","@id":"https:\/\/www.laguiadepamplona.com\/actualidad\/el-ciclo-miradas-de-cultura-contemporanea-comienza-este-miercoles-en-civivox-san-jorge-con-cinco-espectaculos-que-combinan-musica-danza-poesia-e-improvisacion\/","url":"https:\/\/www.laguiadepamplona.com\/actualidad\/el-ciclo-miradas-de-cultura-contemporanea-comienza-este-miercoles-en-civivox-san-jorge-con-cinco-espectaculos-que-combinan-musica-danza-poesia-e-improvisacion\/","name":"El ciclo Miradas de cultura contempor\u00e1nea comienza este mi\u00e9rcoles en Civivox San Jorge, con cinco espect\u00e1culos que combinan m\u00fasica, danza, poes\u00eda e improvisaci\u00f3n","isPartOf":{"@id":"https:\/\/www.laguiadepamplona.com\/actualidad\/#website"},"primaryImageOfPage":{"@id":"https:\/\/www.laguiadepamplona.com\/actualidad\/el-ciclo-miradas-de-cultura-contemporanea-comienza-este-miercoles-en-civivox-san-jorge-con-cinco-espectaculos-que-combinan-musica-danza-poesia-e-improvisacion\/#primaryimage"},"image":{"@id":"https:\/\/www.laguiadepamplona.com\/actualidad\/el-ciclo-miradas-de-cultura-contemporanea-comienza-este-miercoles-en-civivox-san-jorge-con-cinco-espectaculos-que-combinan-musica-danza-poesia-e-improvisacion\/#primaryimage"},"thumbnailUrl":"https:\/\/www.laguiadepamplona.com\/actualidad\/wp-content\/uploads\/2016\/12\/civivox-san-jorge.jpg","datePublished":"2017-03-21T09:57:11+00:00","breadcrumb":{"@id":"https:\/\/www.laguiadepamplona.com\/actualidad\/el-ciclo-miradas-de-cultura-contemporanea-comienza-este-miercoles-en-civivox-san-jorge-con-cinco-espectaculos-que-combinan-musica-danza-poesia-e-improvisacion\/#breadcrumb"},"inLanguage":"es","potentialAction":[{"@type":"ReadAction","target":["https:\/\/www.laguiadepamplona.com\/actualidad\/el-ciclo-miradas-de-cultura-contemporanea-comienza-este-miercoles-en-civivox-san-jorge-con-cinco-espectaculos-que-combinan-musica-danza-poesia-e-improvisacion\/"]}]},{"@type":"ImageObject","inLanguage":"es","@id":"https:\/\/www.laguiadepamplona.com\/actualidad\/el-ciclo-miradas-de-cultura-contemporanea-comienza-este-miercoles-en-civivox-san-jorge-con-cinco-espectaculos-que-combinan-musica-danza-poesia-e-improvisacion\/#primaryimage","url":"https:\/\/www.laguiadepamplona.com\/actualidad\/wp-content\/uploads\/2016\/12\/civivox-san-jorge.jpg","contentUrl":"https:\/\/www.laguiadepamplona.com\/actualidad\/wp-content\/uploads\/2016\/12\/civivox-san-jorge.jpg","width":900,"height":675},{"@type":"BreadcrumbList","@id":"https:\/\/www.laguiadepamplona.com\/actualidad\/el-ciclo-miradas-de-cultura-contemporanea-comienza-este-miercoles-en-civivox-san-jorge-con-cinco-espectaculos-que-combinan-musica-danza-poesia-e-improvisacion\/#breadcrumb","itemListElement":[{"@type":"ListItem","position":1,"name":"Portada","item":"https:\/\/www.laguiadepamplona.com\/actualidad\/"},{"@type":"ListItem","position":2,"name":"El ciclo Miradas de cultura contempor\u00e1nea comienza este mi\u00e9rcoles en Civivox San Jorge, con cinco espect\u00e1culos que combinan m\u00fasica, danza, poes\u00eda e improvisaci\u00f3n"}]},{"@type":"WebSite","@id":"https:\/\/www.laguiadepamplona.com\/actualidad\/#website","url":"https:\/\/www.laguiadepamplona.com\/actualidad\/","name":"La gu\u00eda de Pamplona","description":"Noticias de Pamplona","publisher":{"@id":"https:\/\/www.laguiadepamplona.com\/actualidad\/#organization"},"potentialAction":[{"@type":"SearchAction","target":{"@type":"EntryPoint","urlTemplate":"https:\/\/www.laguiadepamplona.com\/actualidad\/?s={search_term_string}"},"query-input":{"@type":"PropertyValueSpecification","valueRequired":true,"valueName":"search_term_string"}}],"inLanguage":"es"},{"@type":"Organization","@id":"https:\/\/www.laguiadepamplona.com\/actualidad\/#organization","name":"La Gu\u00eda de Pamplona \/ Noticias","url":"https:\/\/www.laguiadepamplona.com\/actualidad\/","logo":{"@type":"ImageObject","inLanguage":"es","@id":"https:\/\/www.laguiadepamplona.com\/actualidad\/#\/schema\/logo\/image\/","url":"https:\/\/www.laguiadepamplona.com\/actualidad\/wp-content\/uploads\/2018\/11\/logo-laguiadepamplona18-web1.png","contentUrl":"https:\/\/www.laguiadepamplona.com\/actualidad\/wp-content\/uploads\/2018\/11\/logo-laguiadepamplona18-web1.png","width":600,"height":196,"caption":"La Gu\u00eda de Pamplona \/ Noticias"},"image":{"@id":"https:\/\/www.laguiadepamplona.com\/actualidad\/#\/schema\/logo\/image\/"},"sameAs":["https:\/\/www.facebook.com\/laguiadepamplonacom-133175176762273\/?ref=hl","https:\/\/x.com\/LaGuiadPamplona","https:\/\/www.instagram.com\/la_guia_de_pamplona\/","https:\/\/www.youtube.com\/user\/laguiadepamplona"]},{"@type":"Person","@id":"https:\/\/www.laguiadepamplona.com\/actualidad\/#\/schema\/person\/efe887376f0213d4657c93adc50b1fdb","name":"La Gu\u00eda de Pamplona","image":{"@type":"ImageObject","inLanguage":"es","@id":"https:\/\/secure.gravatar.com\/avatar\/b6992f131dc8d30ab0dff15446e9d346d9dbd95992de0fef795073f5ea83a81c?s=96&d=mm&r=g","url":"https:\/\/secure.gravatar.com\/avatar\/b6992f131dc8d30ab0dff15446e9d346d9dbd95992de0fef795073f5ea83a81c?s=96&d=mm&r=g","contentUrl":"https:\/\/secure.gravatar.com\/avatar\/b6992f131dc8d30ab0dff15446e9d346d9dbd95992de0fef795073f5ea83a81c?s=96&d=mm&r=g","caption":"La Gu\u00eda de Pamplona"}}]}},"post_mailing_queue_ids":[],"_links":{"self":[{"href":"https:\/\/www.laguiadepamplona.com\/actualidad\/wp-json\/wp\/v2\/posts\/12338","targetHints":{"allow":["GET"]}}],"collection":[{"href":"https:\/\/www.laguiadepamplona.com\/actualidad\/wp-json\/wp\/v2\/posts"}],"about":[{"href":"https:\/\/www.laguiadepamplona.com\/actualidad\/wp-json\/wp\/v2\/types\/post"}],"author":[{"embeddable":true,"href":"https:\/\/www.laguiadepamplona.com\/actualidad\/wp-json\/wp\/v2\/users\/1"}],"replies":[{"embeddable":true,"href":"https:\/\/www.laguiadepamplona.com\/actualidad\/wp-json\/wp\/v2\/comments?post=12338"}],"version-history":[{"count":0,"href":"https:\/\/www.laguiadepamplona.com\/actualidad\/wp-json\/wp\/v2\/posts\/12338\/revisions"}],"wp:featuredmedia":[{"embeddable":true,"href":"https:\/\/www.laguiadepamplona.com\/actualidad\/wp-json\/wp\/v2\/media\/11047"}],"wp:attachment":[{"href":"https:\/\/www.laguiadepamplona.com\/actualidad\/wp-json\/wp\/v2\/media?parent=12338"}],"wp:term":[{"taxonomy":"category","embeddable":true,"href":"https:\/\/www.laguiadepamplona.com\/actualidad\/wp-json\/wp\/v2\/categories?post=12338"},{"taxonomy":"post_tag","embeddable":true,"href":"https:\/\/www.laguiadepamplona.com\/actualidad\/wp-json\/wp\/v2\/tags?post=12338"}],"curies":[{"name":"wp","href":"https:\/\/api.w.org\/{rel}","templated":true}]}}