{"id":12335,"date":"2017-03-20T16:23:50","date_gmt":"2017-03-20T15:23:50","guid":{"rendered":"http:\/\/laguiadepamplona.es\/actualidad\/?p=12335"},"modified":"2017-03-20T16:23:50","modified_gmt":"2017-03-20T15:23:50","slug":"el-alcalde-de-pamplona-se-reune-con-el-presidente-del-consorcio-udalbiltza-para-estudiar-posibles-vias-de-colaboracion-entre-ambas-instituciones","status":"publish","type":"post","link":"https:\/\/www.laguiadepamplona.com\/actualidad\/el-alcalde-de-pamplona-se-reune-con-el-presidente-del-consorcio-udalbiltza-para-estudiar-posibles-vias-de-colaboracion-entre-ambas-instituciones\/","title":{"rendered":"El alcalde de Pamplona se re\u00fane con el presidente del Consorcio Udalbiltza para estudiar posibles v\u00edas de colaboraci\u00f3n entre ambas instituciones"},"content":{"rendered":"<h3>Representantes de Udalbiltza han explicado el acuerdo firmado con el Consistorio de Vitoria-Gasteiz para analizar la perdurabilidad de los barrios<\/h3>\n<p><!--more--><\/p>\n<p>El alcalde de Pamplona, Joseba Asiron, se ha reunido hoy con el presidente del Consorcio Udalbiltza, Luis Intxauspe, en un encuentro en el que se han estudiado posibles v\u00edas de colaboraci\u00f3n entre ambas instituciones. Los representantes de Udalbiltza han dado a conocer las acciones que est\u00e1 llevando a cabo el Consorcio en estos momentos, as\u00ed como otros proyectos en los que est\u00e1 trabajando para impulsar en un futuro. Asimismo, han explicado al alcalde el acuerdo firmado el a\u00f1o pasado con el Ayuntamiento de Vitoria-Gasteiz para analizar e impulsar la perdurabilidad de los barrios, un modelo que podr\u00eda servir de base para ser trabajado en otros municipios de forma conjunta.<\/p>\n<p>Entres los objetivos del Consorcio Udalbiltza se encuentra el de incrementar el mutuo conocimiento de los ayuntamientos y la colaboraci\u00f3n entre ellos. A fin de materializar ese prop\u00f3sito, Udalbiltza desarrolla diversas acciones tanto entre los municipios consorciados como con aquellos con quienes firma acuerdos de colaboraci\u00f3n.<\/p>\n<p>&nbsp;<\/p>\n","protected":false},"excerpt":{"rendered":"<p>Representantes de Udalbiltza han explicado el acuerdo firmado con el Consistorio de Vitoria-Gasteiz para analizar la perdurabilidad de los barrios<\/p>\n","protected":false},"author":1,"featured_media":12336,"comment_status":"closed","ping_status":"closed","sticky":false,"template":"","format":"standard","meta":{"footnotes":""},"categories":[2],"tags":[],"class_list":["post-12335","post","type-post","status-publish","format-standard","has-post-thumbnail","hentry","category-ayuntamiento-pamplona"],"yoast_head":"<!-- This site is optimized with the Yoast SEO plugin v27.5 - https:\/\/yoast.com\/product\/yoast-seo-wordpress\/ -->\n<title>El alcalde de Pamplona se re\u00fane con el presidente del Consorcio Udalbiltza para estudiar posibles v\u00edas de colaboraci\u00f3n entre ambas instituciones<\/title>\n<meta name=\"robots\" content=\"index, follow, max-snippet:-1, max-image-preview:large, max-video-preview:-1\" \/>\n<link rel=\"canonical\" href=\"https:\/\/www.laguiadepamplona.com\/actualidad\/el-alcalde-de-pamplona-se-reune-con-el-presidente-del-consorcio-udalbiltza-para-estudiar-posibles-vias-de-colaboracion-entre-ambas-instituciones\/\" \/>\n<meta property=\"og:locale\" content=\"es_ES\" \/>\n<meta property=\"og:type\" content=\"article\" \/>\n<meta property=\"og:title\" content=\"El alcalde de Pamplona se re\u00fane con el presidente del Consorcio Udalbiltza para estudiar posibles v\u00edas de colaboraci\u00f3n entre ambas instituciones\" \/>\n<meta property=\"og:description\" content=\"Representantes de Udalbiltza han explicado el acuerdo firmado con el Consistorio de Vitoria-Gasteiz para analizar la perdurabilidad de los barrios\" \/>\n<meta property=\"og:url\" content=\"https:\/\/www.laguiadepamplona.com\/actualidad\/el-alcalde-de-pamplona-se-reune-con-el-presidente-del-consorcio-udalbiltza-para-estudiar-posibles-vias-de-colaboracion-entre-ambas-instituciones\/\" \/>\n<meta property=\"og:site_name\" content=\"La Gu\u00eda de Pamplona\" \/>\n<meta property=\"article:publisher\" content=\"https:\/\/www.facebook.com\/laguiadepamplonacom-133175176762273\/?ref=hl\" \/>\n<meta property=\"article:published_time\" content=\"2017-03-20T15:23:50+00:00\" \/>\n<meta property=\"og:image\" content=\"https:\/\/www.laguiadepamplona.com\/actualidad\/wp-content\/uploads\/2017\/03\/reunion_udalbiltza_1.jpg\" \/>\n\t<meta property=\"og:image:width\" content=\"1000\" \/>\n\t<meta property=\"og:image:height\" content=\"667\" \/>\n\t<meta property=\"og:image:type\" content=\"image\/jpeg\" \/>\n<meta name=\"author\" content=\"La Gu\u00eda de Pamplona\" \/>\n<meta name=\"twitter:card\" content=\"summary_large_image\" \/>\n<meta name=\"twitter:creator\" content=\"@LaGuiadPamplona\" \/>\n<meta name=\"twitter:site\" content=\"@LaGuiadPamplona\" \/>\n<meta name=\"twitter:label1\" content=\"Escrito por\" \/>\n\t<meta name=\"twitter:data1\" content=\"La Gu\u00eda de Pamplona\" \/>\n\t<meta name=\"twitter:label2\" content=\"Tiempo de lectura\" \/>\n\t<meta name=\"twitter:data2\" content=\"1 minuto\" \/>\n<script type=\"application\/ld+json\" class=\"yoast-schema-graph\">{\"@context\":\"https:\\\/\\\/schema.org\",\"@graph\":[{\"@type\":\"Article\",\"@id\":\"https:\\\/\\\/www.laguiadepamplona.com\\\/actualidad\\\/el-alcalde-de-pamplona-se-reune-con-el-presidente-del-consorcio-udalbiltza-para-estudiar-posibles-vias-de-colaboracion-entre-ambas-instituciones\\\/#article\",\"isPartOf\":{\"@id\":\"https:\\\/\\\/www.laguiadepamplona.com\\\/actualidad\\\/el-alcalde-de-pamplona-se-reune-con-el-presidente-del-consorcio-udalbiltza-para-estudiar-posibles-vias-de-colaboracion-entre-ambas-instituciones\\\/\"},\"author\":{\"name\":\"La Gu\u00eda de Pamplona\",\"@id\":\"https:\\\/\\\/www.laguiadepamplona.com\\\/actualidad\\\/#\\\/schema\\\/person\\\/efe887376f0213d4657c93adc50b1fdb\"},\"headline\":\"El alcalde de Pamplona se re\u00fane con el presidente del Consorcio Udalbiltza para estudiar posibles v\u00edas de colaboraci\u00f3n entre ambas instituciones\",\"datePublished\":\"2017-03-20T15:23:50+00:00\",\"mainEntityOfPage\":{\"@id\":\"https:\\\/\\\/www.laguiadepamplona.com\\\/actualidad\\\/el-alcalde-de-pamplona-se-reune-con-el-presidente-del-consorcio-udalbiltza-para-estudiar-posibles-vias-de-colaboracion-entre-ambas-instituciones\\\/\"},\"wordCount\":207,\"publisher\":{\"@id\":\"https:\\\/\\\/www.laguiadepamplona.com\\\/actualidad\\\/#organization\"},\"image\":{\"@id\":\"https:\\\/\\\/www.laguiadepamplona.com\\\/actualidad\\\/el-alcalde-de-pamplona-se-reune-con-el-presidente-del-consorcio-udalbiltza-para-estudiar-posibles-vias-de-colaboracion-entre-ambas-instituciones\\\/#primaryimage\"},\"thumbnailUrl\":\"https:\\\/\\\/www.laguiadepamplona.com\\\/actualidad\\\/wp-content\\\/uploads\\\/2017\\\/03\\\/reunion_udalbiltza_1.jpg\",\"articleSection\":[\"Ayto Pamplona\"],\"inLanguage\":\"es\"},{\"@type\":\"WebPage\",\"@id\":\"https:\\\/\\\/www.laguiadepamplona.com\\\/actualidad\\\/el-alcalde-de-pamplona-se-reune-con-el-presidente-del-consorcio-udalbiltza-para-estudiar-posibles-vias-de-colaboracion-entre-ambas-instituciones\\\/\",\"url\":\"https:\\\/\\\/www.laguiadepamplona.com\\\/actualidad\\\/el-alcalde-de-pamplona-se-reune-con-el-presidente-del-consorcio-udalbiltza-para-estudiar-posibles-vias-de-colaboracion-entre-ambas-instituciones\\\/\",\"name\":\"El alcalde de Pamplona se re\u00fane con el presidente del Consorcio Udalbiltza para estudiar posibles v\u00edas de colaboraci\u00f3n entre ambas instituciones\",\"isPartOf\":{\"@id\":\"https:\\\/\\\/www.laguiadepamplona.com\\\/actualidad\\\/#website\"},\"primaryImageOfPage\":{\"@id\":\"https:\\\/\\\/www.laguiadepamplona.com\\\/actualidad\\\/el-alcalde-de-pamplona-se-reune-con-el-presidente-del-consorcio-udalbiltza-para-estudiar-posibles-vias-de-colaboracion-entre-ambas-instituciones\\\/#primaryimage\"},\"image\":{\"@id\":\"https:\\\/\\\/www.laguiadepamplona.com\\\/actualidad\\\/el-alcalde-de-pamplona-se-reune-con-el-presidente-del-consorcio-udalbiltza-para-estudiar-posibles-vias-de-colaboracion-entre-ambas-instituciones\\\/#primaryimage\"},\"thumbnailUrl\":\"https:\\\/\\\/www.laguiadepamplona.com\\\/actualidad\\\/wp-content\\\/uploads\\\/2017\\\/03\\\/reunion_udalbiltza_1.jpg\",\"datePublished\":\"2017-03-20T15:23:50+00:00\",\"breadcrumb\":{\"@id\":\"https:\\\/\\\/www.laguiadepamplona.com\\\/actualidad\\\/el-alcalde-de-pamplona-se-reune-con-el-presidente-del-consorcio-udalbiltza-para-estudiar-posibles-vias-de-colaboracion-entre-ambas-instituciones\\\/#breadcrumb\"},\"inLanguage\":\"es\",\"potentialAction\":[{\"@type\":\"ReadAction\",\"target\":[\"https:\\\/\\\/www.laguiadepamplona.com\\\/actualidad\\\/el-alcalde-de-pamplona-se-reune-con-el-presidente-del-consorcio-udalbiltza-para-estudiar-posibles-vias-de-colaboracion-entre-ambas-instituciones\\\/\"]}]},{\"@type\":\"ImageObject\",\"inLanguage\":\"es\",\"@id\":\"https:\\\/\\\/www.laguiadepamplona.com\\\/actualidad\\\/el-alcalde-de-pamplona-se-reune-con-el-presidente-del-consorcio-udalbiltza-para-estudiar-posibles-vias-de-colaboracion-entre-ambas-instituciones\\\/#primaryimage\",\"url\":\"https:\\\/\\\/www.laguiadepamplona.com\\\/actualidad\\\/wp-content\\\/uploads\\\/2017\\\/03\\\/reunion_udalbiltza_1.jpg\",\"contentUrl\":\"https:\\\/\\\/www.laguiadepamplona.com\\\/actualidad\\\/wp-content\\\/uploads\\\/2017\\\/03\\\/reunion_udalbiltza_1.jpg\",\"width\":1000,\"height\":667},{\"@type\":\"BreadcrumbList\",\"@id\":\"https:\\\/\\\/www.laguiadepamplona.com\\\/actualidad\\\/el-alcalde-de-pamplona-se-reune-con-el-presidente-del-consorcio-udalbiltza-para-estudiar-posibles-vias-de-colaboracion-entre-ambas-instituciones\\\/#breadcrumb\",\"itemListElement\":[{\"@type\":\"ListItem\",\"position\":1,\"name\":\"Portada\",\"item\":\"https:\\\/\\\/www.laguiadepamplona.com\\\/actualidad\\\/\"},{\"@type\":\"ListItem\",\"position\":2,\"name\":\"El alcalde de Pamplona se re\u00fane con el presidente del Consorcio Udalbiltza para estudiar posibles v\u00edas de colaboraci\u00f3n entre ambas instituciones\"}]},{\"@type\":\"WebSite\",\"@id\":\"https:\\\/\\\/www.laguiadepamplona.com\\\/actualidad\\\/#website\",\"url\":\"https:\\\/\\\/www.laguiadepamplona.com\\\/actualidad\\\/\",\"name\":\"La gu\u00eda de Pamplona\",\"description\":\"Noticias de Pamplona\",\"publisher\":{\"@id\":\"https:\\\/\\\/www.laguiadepamplona.com\\\/actualidad\\\/#organization\"},\"potentialAction\":[{\"@type\":\"SearchAction\",\"target\":{\"@type\":\"EntryPoint\",\"urlTemplate\":\"https:\\\/\\\/www.laguiadepamplona.com\\\/actualidad\\\/?s={search_term_string}\"},\"query-input\":{\"@type\":\"PropertyValueSpecification\",\"valueRequired\":true,\"valueName\":\"search_term_string\"}}],\"inLanguage\":\"es\"},{\"@type\":\"Organization\",\"@id\":\"https:\\\/\\\/www.laguiadepamplona.com\\\/actualidad\\\/#organization\",\"name\":\"La Gu\u00eda de Pamplona \\\/ Noticias\",\"url\":\"https:\\\/\\\/www.laguiadepamplona.com\\\/actualidad\\\/\",\"logo\":{\"@type\":\"ImageObject\",\"inLanguage\":\"es\",\"@id\":\"https:\\\/\\\/www.laguiadepamplona.com\\\/actualidad\\\/#\\\/schema\\\/logo\\\/image\\\/\",\"url\":\"https:\\\/\\\/www.laguiadepamplona.com\\\/actualidad\\\/wp-content\\\/uploads\\\/2018\\\/11\\\/logo-laguiadepamplona18-web1.png\",\"contentUrl\":\"https:\\\/\\\/www.laguiadepamplona.com\\\/actualidad\\\/wp-content\\\/uploads\\\/2018\\\/11\\\/logo-laguiadepamplona18-web1.png\",\"width\":600,\"height\":196,\"caption\":\"La Gu\u00eda de Pamplona \\\/ Noticias\"},\"image\":{\"@id\":\"https:\\\/\\\/www.laguiadepamplona.com\\\/actualidad\\\/#\\\/schema\\\/logo\\\/image\\\/\"},\"sameAs\":[\"https:\\\/\\\/www.facebook.com\\\/laguiadepamplonacom-133175176762273\\\/?ref=hl\",\"https:\\\/\\\/x.com\\\/LaGuiadPamplona\",\"https:\\\/\\\/www.instagram.com\\\/la_guia_de_pamplona\\\/\",\"https:\\\/\\\/www.youtube.com\\\/user\\\/laguiadepamplona\"]},{\"@type\":\"Person\",\"@id\":\"https:\\\/\\\/www.laguiadepamplona.com\\\/actualidad\\\/#\\\/schema\\\/person\\\/efe887376f0213d4657c93adc50b1fdb\",\"name\":\"La Gu\u00eda de Pamplona\",\"image\":{\"@type\":\"ImageObject\",\"inLanguage\":\"es\",\"@id\":\"https:\\\/\\\/secure.gravatar.com\\\/avatar\\\/b6992f131dc8d30ab0dff15446e9d346d9dbd95992de0fef795073f5ea83a81c?s=96&d=mm&r=g\",\"url\":\"https:\\\/\\\/secure.gravatar.com\\\/avatar\\\/b6992f131dc8d30ab0dff15446e9d346d9dbd95992de0fef795073f5ea83a81c?s=96&d=mm&r=g\",\"contentUrl\":\"https:\\\/\\\/secure.gravatar.com\\\/avatar\\\/b6992f131dc8d30ab0dff15446e9d346d9dbd95992de0fef795073f5ea83a81c?s=96&d=mm&r=g\",\"caption\":\"La Gu\u00eda de Pamplona\"}}]}<\/script>\n<!-- \/ Yoast SEO plugin. -->","yoast_head_json":{"title":"El alcalde de Pamplona se re\u00fane con el presidente del Consorcio Udalbiltza para estudiar posibles v\u00edas de colaboraci\u00f3n entre ambas instituciones","robots":{"index":"index","follow":"follow","max-snippet":"max-snippet:-1","max-image-preview":"max-image-preview:large","max-video-preview":"max-video-preview:-1"},"canonical":"https:\/\/www.laguiadepamplona.com\/actualidad\/el-alcalde-de-pamplona-se-reune-con-el-presidente-del-consorcio-udalbiltza-para-estudiar-posibles-vias-de-colaboracion-entre-ambas-instituciones\/","og_locale":"es_ES","og_type":"article","og_title":"El alcalde de Pamplona se re\u00fane con el presidente del Consorcio Udalbiltza para estudiar posibles v\u00edas de colaboraci\u00f3n entre ambas instituciones","og_description":"Representantes de Udalbiltza han explicado el acuerdo firmado con el Consistorio de Vitoria-Gasteiz para analizar la perdurabilidad de los barrios","og_url":"https:\/\/www.laguiadepamplona.com\/actualidad\/el-alcalde-de-pamplona-se-reune-con-el-presidente-del-consorcio-udalbiltza-para-estudiar-posibles-vias-de-colaboracion-entre-ambas-instituciones\/","og_site_name":"La Gu\u00eda de Pamplona","article_publisher":"https:\/\/www.facebook.com\/laguiadepamplonacom-133175176762273\/?ref=hl","article_published_time":"2017-03-20T15:23:50+00:00","og_image":[{"width":1000,"height":667,"url":"https:\/\/www.laguiadepamplona.com\/actualidad\/wp-content\/uploads\/2017\/03\/reunion_udalbiltza_1.jpg","type":"image\/jpeg"}],"author":"La Gu\u00eda de Pamplona","twitter_card":"summary_large_image","twitter_creator":"@LaGuiadPamplona","twitter_site":"@LaGuiadPamplona","twitter_misc":{"Escrito por":"La Gu\u00eda de Pamplona","Tiempo de lectura":"1 minuto"},"schema":{"@context":"https:\/\/schema.org","@graph":[{"@type":"Article","@id":"https:\/\/www.laguiadepamplona.com\/actualidad\/el-alcalde-de-pamplona-se-reune-con-el-presidente-del-consorcio-udalbiltza-para-estudiar-posibles-vias-de-colaboracion-entre-ambas-instituciones\/#article","isPartOf":{"@id":"https:\/\/www.laguiadepamplona.com\/actualidad\/el-alcalde-de-pamplona-se-reune-con-el-presidente-del-consorcio-udalbiltza-para-estudiar-posibles-vias-de-colaboracion-entre-ambas-instituciones\/"},"author":{"name":"La Gu\u00eda de Pamplona","@id":"https:\/\/www.laguiadepamplona.com\/actualidad\/#\/schema\/person\/efe887376f0213d4657c93adc50b1fdb"},"headline":"El alcalde de Pamplona se re\u00fane con el presidente del Consorcio Udalbiltza para estudiar posibles v\u00edas de colaboraci\u00f3n entre ambas instituciones","datePublished":"2017-03-20T15:23:50+00:00","mainEntityOfPage":{"@id":"https:\/\/www.laguiadepamplona.com\/actualidad\/el-alcalde-de-pamplona-se-reune-con-el-presidente-del-consorcio-udalbiltza-para-estudiar-posibles-vias-de-colaboracion-entre-ambas-instituciones\/"},"wordCount":207,"publisher":{"@id":"https:\/\/www.laguiadepamplona.com\/actualidad\/#organization"},"image":{"@id":"https:\/\/www.laguiadepamplona.com\/actualidad\/el-alcalde-de-pamplona-se-reune-con-el-presidente-del-consorcio-udalbiltza-para-estudiar-posibles-vias-de-colaboracion-entre-ambas-instituciones\/#primaryimage"},"thumbnailUrl":"https:\/\/www.laguiadepamplona.com\/actualidad\/wp-content\/uploads\/2017\/03\/reunion_udalbiltza_1.jpg","articleSection":["Ayto Pamplona"],"inLanguage":"es"},{"@type":"WebPage","@id":"https:\/\/www.laguiadepamplona.com\/actualidad\/el-alcalde-de-pamplona-se-reune-con-el-presidente-del-consorcio-udalbiltza-para-estudiar-posibles-vias-de-colaboracion-entre-ambas-instituciones\/","url":"https:\/\/www.laguiadepamplona.com\/actualidad\/el-alcalde-de-pamplona-se-reune-con-el-presidente-del-consorcio-udalbiltza-para-estudiar-posibles-vias-de-colaboracion-entre-ambas-instituciones\/","name":"El alcalde de Pamplona se re\u00fane con el presidente del Consorcio Udalbiltza para estudiar posibles v\u00edas de colaboraci\u00f3n entre ambas instituciones","isPartOf":{"@id":"https:\/\/www.laguiadepamplona.com\/actualidad\/#website"},"primaryImageOfPage":{"@id":"https:\/\/www.laguiadepamplona.com\/actualidad\/el-alcalde-de-pamplona-se-reune-con-el-presidente-del-consorcio-udalbiltza-para-estudiar-posibles-vias-de-colaboracion-entre-ambas-instituciones\/#primaryimage"},"image":{"@id":"https:\/\/www.laguiadepamplona.com\/actualidad\/el-alcalde-de-pamplona-se-reune-con-el-presidente-del-consorcio-udalbiltza-para-estudiar-posibles-vias-de-colaboracion-entre-ambas-instituciones\/#primaryimage"},"thumbnailUrl":"https:\/\/www.laguiadepamplona.com\/actualidad\/wp-content\/uploads\/2017\/03\/reunion_udalbiltza_1.jpg","datePublished":"2017-03-20T15:23:50+00:00","breadcrumb":{"@id":"https:\/\/www.laguiadepamplona.com\/actualidad\/el-alcalde-de-pamplona-se-reune-con-el-presidente-del-consorcio-udalbiltza-para-estudiar-posibles-vias-de-colaboracion-entre-ambas-instituciones\/#breadcrumb"},"inLanguage":"es","potentialAction":[{"@type":"ReadAction","target":["https:\/\/www.laguiadepamplona.com\/actualidad\/el-alcalde-de-pamplona-se-reune-con-el-presidente-del-consorcio-udalbiltza-para-estudiar-posibles-vias-de-colaboracion-entre-ambas-instituciones\/"]}]},{"@type":"ImageObject","inLanguage":"es","@id":"https:\/\/www.laguiadepamplona.com\/actualidad\/el-alcalde-de-pamplona-se-reune-con-el-presidente-del-consorcio-udalbiltza-para-estudiar-posibles-vias-de-colaboracion-entre-ambas-instituciones\/#primaryimage","url":"https:\/\/www.laguiadepamplona.com\/actualidad\/wp-content\/uploads\/2017\/03\/reunion_udalbiltza_1.jpg","contentUrl":"https:\/\/www.laguiadepamplona.com\/actualidad\/wp-content\/uploads\/2017\/03\/reunion_udalbiltza_1.jpg","width":1000,"height":667},{"@type":"BreadcrumbList","@id":"https:\/\/www.laguiadepamplona.com\/actualidad\/el-alcalde-de-pamplona-se-reune-con-el-presidente-del-consorcio-udalbiltza-para-estudiar-posibles-vias-de-colaboracion-entre-ambas-instituciones\/#breadcrumb","itemListElement":[{"@type":"ListItem","position":1,"name":"Portada","item":"https:\/\/www.laguiadepamplona.com\/actualidad\/"},{"@type":"ListItem","position":2,"name":"El alcalde de Pamplona se re\u00fane con el presidente del Consorcio Udalbiltza para estudiar posibles v\u00edas de colaboraci\u00f3n entre ambas instituciones"}]},{"@type":"WebSite","@id":"https:\/\/www.laguiadepamplona.com\/actualidad\/#website","url":"https:\/\/www.laguiadepamplona.com\/actualidad\/","name":"La gu\u00eda de Pamplona","description":"Noticias de Pamplona","publisher":{"@id":"https:\/\/www.laguiadepamplona.com\/actualidad\/#organization"},"potentialAction":[{"@type":"SearchAction","target":{"@type":"EntryPoint","urlTemplate":"https:\/\/www.laguiadepamplona.com\/actualidad\/?s={search_term_string}"},"query-input":{"@type":"PropertyValueSpecification","valueRequired":true,"valueName":"search_term_string"}}],"inLanguage":"es"},{"@type":"Organization","@id":"https:\/\/www.laguiadepamplona.com\/actualidad\/#organization","name":"La Gu\u00eda de Pamplona \/ Noticias","url":"https:\/\/www.laguiadepamplona.com\/actualidad\/","logo":{"@type":"ImageObject","inLanguage":"es","@id":"https:\/\/www.laguiadepamplona.com\/actualidad\/#\/schema\/logo\/image\/","url":"https:\/\/www.laguiadepamplona.com\/actualidad\/wp-content\/uploads\/2018\/11\/logo-laguiadepamplona18-web1.png","contentUrl":"https:\/\/www.laguiadepamplona.com\/actualidad\/wp-content\/uploads\/2018\/11\/logo-laguiadepamplona18-web1.png","width":600,"height":196,"caption":"La Gu\u00eda de Pamplona \/ Noticias"},"image":{"@id":"https:\/\/www.laguiadepamplona.com\/actualidad\/#\/schema\/logo\/image\/"},"sameAs":["https:\/\/www.facebook.com\/laguiadepamplonacom-133175176762273\/?ref=hl","https:\/\/x.com\/LaGuiadPamplona","https:\/\/www.instagram.com\/la_guia_de_pamplona\/","https:\/\/www.youtube.com\/user\/laguiadepamplona"]},{"@type":"Person","@id":"https:\/\/www.laguiadepamplona.com\/actualidad\/#\/schema\/person\/efe887376f0213d4657c93adc50b1fdb","name":"La Gu\u00eda de Pamplona","image":{"@type":"ImageObject","inLanguage":"es","@id":"https:\/\/secure.gravatar.com\/avatar\/b6992f131dc8d30ab0dff15446e9d346d9dbd95992de0fef795073f5ea83a81c?s=96&d=mm&r=g","url":"https:\/\/secure.gravatar.com\/avatar\/b6992f131dc8d30ab0dff15446e9d346d9dbd95992de0fef795073f5ea83a81c?s=96&d=mm&r=g","contentUrl":"https:\/\/secure.gravatar.com\/avatar\/b6992f131dc8d30ab0dff15446e9d346d9dbd95992de0fef795073f5ea83a81c?s=96&d=mm&r=g","caption":"La Gu\u00eda de Pamplona"}}]}},"post_mailing_queue_ids":[],"_links":{"self":[{"href":"https:\/\/www.laguiadepamplona.com\/actualidad\/wp-json\/wp\/v2\/posts\/12335","targetHints":{"allow":["GET"]}}],"collection":[{"href":"https:\/\/www.laguiadepamplona.com\/actualidad\/wp-json\/wp\/v2\/posts"}],"about":[{"href":"https:\/\/www.laguiadepamplona.com\/actualidad\/wp-json\/wp\/v2\/types\/post"}],"author":[{"embeddable":true,"href":"https:\/\/www.laguiadepamplona.com\/actualidad\/wp-json\/wp\/v2\/users\/1"}],"replies":[{"embeddable":true,"href":"https:\/\/www.laguiadepamplona.com\/actualidad\/wp-json\/wp\/v2\/comments?post=12335"}],"version-history":[{"count":0,"href":"https:\/\/www.laguiadepamplona.com\/actualidad\/wp-json\/wp\/v2\/posts\/12335\/revisions"}],"wp:featuredmedia":[{"embeddable":true,"href":"https:\/\/www.laguiadepamplona.com\/actualidad\/wp-json\/wp\/v2\/media\/12336"}],"wp:attachment":[{"href":"https:\/\/www.laguiadepamplona.com\/actualidad\/wp-json\/wp\/v2\/media?parent=12335"}],"wp:term":[{"taxonomy":"category","embeddable":true,"href":"https:\/\/www.laguiadepamplona.com\/actualidad\/wp-json\/wp\/v2\/categories?post=12335"},{"taxonomy":"post_tag","embeddable":true,"href":"https:\/\/www.laguiadepamplona.com\/actualidad\/wp-json\/wp\/v2\/tags?post=12335"}],"curies":[{"name":"wp","href":"https:\/\/api.w.org\/{rel}","templated":true}]}}