{"id":12325,"date":"2017-03-20T16:15:46","date_gmt":"2017-03-20T15:15:46","guid":{"rendered":"http:\/\/laguiadepamplona.es\/actualidad\/?p=12325"},"modified":"2017-03-20T16:15:46","modified_gmt":"2017-03-20T15:15:46","slug":"el-ayuntamiento-preve-poner-en-marcha-a-lo-largo-de-este-ano-la-comercializadora-municipal-de-energia-electrica-renovable-tras-el-aval-de-un-primer-informe-juridico","status":"publish","type":"post","link":"https:\/\/www.laguiadepamplona.com\/actualidad\/el-ayuntamiento-preve-poner-en-marcha-a-lo-largo-de-este-ano-la-comercializadora-municipal-de-energia-electrica-renovable-tras-el-aval-de-un-primer-informe-juridico\/","title":{"rendered":"El Ayuntamiento prev\u00e9 poner en marcha a lo largo de este a\u00f1o la comercializadora municipal de energ\u00eda el\u00e9ctrica renovable tras el aval de un primer informe jur\u00eddico"},"content":{"rendered":"<h3>Ese informe se\u00f1ala que el proyecto, que plantea un ahorro anual inicial de entre 27.000 y 50.000 euros en alumbrado y edificios p\u00fablicos, es viable<\/h3>\n<p><!--more--><\/p>\n<p>El Ayuntamiento de Pamplona prev\u00e9 poner en marcha antes de que acabe el a\u00f1o la comercializadora municipal de energ\u00eda el\u00e9ctrica renovable tras conocerse un primer informe jur\u00eddico que es favorable a la creaci\u00f3n de esta comercializadora. Un estudio presentado en abril del a\u00f1o pasado se\u00f1al\u00f3 que era t\u00e9cnicamente viable y que permitir\u00eda ahorrar al Consistorio pamplon\u00e9s entre 27.000 y 50.000 euros desde el primer a\u00f1o en el gasto correspondiente al alumbrado p\u00fablico y a los edificios municipales. Adem\u00e1s, la comercializadora se abrir\u00e1 a consumidores particulares, ya que este estudio jur\u00eddico, que esta en manos de los servicios jur\u00eddicos del Ayuntamiento, lo considera legal.<\/p>\n<p>Seg\u00fan los estudios del \u00c1rea de Ecolog\u00eda Urbana, con la comercializadora municipal de energ\u00eda el\u00e9ctrica se ahorrar\u00e1n los costes de intermediarios y se podr\u00e1 decidir la pol\u00edtica tarifar\u00eda y el margen de beneficio. As\u00ed se generar\u00e1 un ahorro directo para el Ayuntamiento y se podr\u00e1n reservar fondos para pol\u00edticas dirigidas a erradicar la pobreza energ\u00e9tica a la vez que se impulsan acciones de eficiencia energ\u00e9tica y de producci\u00f3n de renovables.<\/p>\n<p><strong>Soberan\u00eda energ\u00e9tica y lucha activa contra el cambio clim\u00e1tico<\/strong><\/p>\n<p>Asimismo y seg\u00fan la filosof\u00eda que impulsa esta iniciativa, se pretende fomentar la soberan\u00eda energ\u00e9tica con la municipalizaci\u00f3n del servicio ya que se tendr\u00e1 el control sobre la energ\u00eda que se compra, sin depender del oligopolio de las grandes el\u00e9ctricas. De esta forma, se dar\u00e1 el primer paso hac\u00eda el \u201cempoderamiento del municipio\u201d y se abrir\u00e1 la posibilidad de controlar a nivel local la producci\u00f3n de energ\u00eda y la eficiencia, un control que tambi\u00e9n podr\u00eda realizar la ciudadan\u00eda. Todo ello, teniendo en cuenta la lucha activa contra el cambio clim\u00e1tico al reducir el gasto energ\u00e9tico y fomentar la producci\u00f3n y el consumo de energ\u00edas renovables. De esta forma, Pamplona se unir\u00e1 a otras ciudades como C\u00e1diz, Barcelona y Zaragoza, que tambi\u00e9n est\u00e1n trabajando en estos momentos en proyectos de caracter\u00edsticas similares.<\/p>\n<p>Los plazos marcados se\u00f1alan que habr\u00eda que dar de alta en el sector el\u00e9ctrico a la comercializadora antes de diciembre de 2017 para que inicie su actividad en 2018. De esta forma, a lo largo de este a\u00f1o se llevar\u00e1 a cabo su constituci\u00f3n con la definici\u00f3n de su organizaci\u00f3n y la plantilla de personal correspondiente.<\/p>\n<p><strong>Valoraci\u00f3n jur\u00eddica sobre el modelo administrativo-legal y dar servicio a la ciudadan\u00eda<\/strong><\/p>\n<p>El objetivo principal del estudio externo, elaborado por la consultora Col\u00b7lectiu Ronda\u00a0 ha sido orientar al Ayuntamiento en la valoraci\u00f3n jur\u00eddica sobre el modelo administrativo-legal para la comercializaci\u00f3n energ\u00e9tica directa desde un organismo municipal. En estos momentos los servicios jur\u00eddicos municipales est\u00e1n estudiando la documentaci\u00f3n para validar las conclusiones recogidas en este informe final.<\/p>\n<p>Los tres aspectos que ha trabajado el estudio son las opciones de la figura administrativo-legal para el futuro organismo municipal incluyendo espec\u00edficamente el modelo cooperativo; las posibilidades existentes para que la figura administrativo-legal de la comercializadora incorpore la participaci\u00f3n de la ciudadan\u00eda y las personas trabajadoras y, por \u00faltimo, las condiciones en caso de un convenio bilateral entre el Ayuntamiento de Pamplona (o el futuro organismo municipal) y la Mancomunidad de la Comarca de Pamplona para aprovechar la energ\u00eda renovable producida por la misma. De los tres aspectos ha merecido un an\u00e1lisis m\u00e1s profundo las limitaciones que podr\u00eda haber en el ejercicio de la actividad comercializadora para dar servicio a terceros.<\/p>\n<p>Las conclusiones del estudio se\u00f1alan que s\u00ed es posible crear una comercializadora municipal. En una primera fase se pondr\u00eda en marcha con el 80% de la actividad dirigida a cubrir el suministro para el alumbrado de las calles y edificios p\u00fablicos, y el 20% restante para abastecer a la ciudadan\u00eda. Se cubrir\u00edan las necesidades de unas 3.000 viviendas. Se constituir\u00eda como una sociedad mercantil cuyo capital social ser\u00eda \u00edntegramente p\u00fablico. No gozar\u00eda de autonom\u00eda en la toma de sus decisiones sino que estar\u00eda sometida a un control por parte del Ayuntamiento similar al que \u00e9ste ejerce sobre sus propios servicios.<\/p>\n<p>En la segunda fase se podr\u00eda ampliar el servicio de suministro a la ciudadan\u00eda a trav\u00e9s de un modelo de sociedad cooperativa de consumidores y usuarios, que incluir\u00eda a la comercializadora municipal, y que permitir\u00eda la democratizaci\u00f3n de la gesti\u00f3n, empoderar a los consumidores, aumentar la participaci\u00f3n y lograr la transparencia.<\/p>\n<p><strong>Funcionamiento de la comercializadora municipal<\/strong><\/p>\n<p>La comercializadora municipal acudir\u00eda a la subasta del mercado el\u00e9ctrico que fija las tarifas para adquirir la energ\u00eda necesaria para el primer a\u00f1o encender el alumbrado p\u00fablico y a partir del segundo incluir tambi\u00e9n los edificios municipales. En un futuro, tambi\u00e9n podr\u00eda trabajar con personas particulares y con clientes fuera del \u00e1mbito municipal. A este respecto, Som Energ\u00eda\/Energia Gara Nafarroa, la cooperativa de consumo y producci\u00f3n de energ\u00eda verde sin \u00e1nimo de lucro que realiz\u00f3 el estudio del a\u00f1o pasado, indicaba que la gesti\u00f3n de la compra de energ\u00eda es un elemento crucial para la viabilidad de la actividad y recomendaba que sea realizara por una entidad especializada.<\/p>\n<p>La inversi\u00f3n de este proyecto ascender\u00eda el primer a\u00f1o a 25.000 euros, cantidad que el segundo se reducir\u00eda a 9.090 euros, seg\u00fan el estudio de viabilidad presentado hoy. A eso se une la reserva de 250.000 euros como aval para poder participar en el mercado el\u00e9ctrico que hay que realizar el primer a\u00f1o. Por lo que respecta a los gastos de gesti\u00f3n, el estudio indicaba que rondar\u00edan los 116.000 euros al a\u00f1o y se crear\u00edan tres puestos de trabajo.<\/p>\n<p>&nbsp;<\/p>\n","protected":false},"excerpt":{"rendered":"<p>Ese informe se\u00f1ala que el proyecto, que plantea un ahorro anual inicial de entre 27.000 y 50.000 euros en alumbrado y edificios p\u00fablicos, es viable<\/p>\n","protected":false},"author":1,"featured_media":10979,"comment_status":"closed","ping_status":"closed","sticky":false,"template":"","format":"standard","meta":{"footnotes":""},"categories":[2],"tags":[],"class_list":["post-12325","post","type-post","status-publish","format-standard","has-post-thumbnail","hentry","category-ayuntamiento-pamplona"],"yoast_head":"<!-- This site is optimized with the Yoast SEO plugin v27.5 - https:\/\/yoast.com\/product\/yoast-seo-wordpress\/ -->\n<title>El Ayuntamiento prev\u00e9 poner en marcha a lo largo de este a\u00f1o la comercializadora municipal de energ\u00eda el\u00e9ctrica renovable tras el aval de un primer informe jur\u00eddico<\/title>\n<meta name=\"robots\" content=\"index, follow, max-snippet:-1, max-image-preview:large, max-video-preview:-1\" \/>\n<link rel=\"canonical\" href=\"https:\/\/www.laguiadepamplona.com\/actualidad\/el-ayuntamiento-preve-poner-en-marcha-a-lo-largo-de-este-ano-la-comercializadora-municipal-de-energia-electrica-renovable-tras-el-aval-de-un-primer-informe-juridico\/\" \/>\n<meta property=\"og:locale\" content=\"es_ES\" \/>\n<meta property=\"og:type\" content=\"article\" \/>\n<meta property=\"og:title\" content=\"El Ayuntamiento prev\u00e9 poner en marcha a lo largo de este a\u00f1o la comercializadora municipal de energ\u00eda el\u00e9ctrica renovable tras el aval de un primer informe jur\u00eddico\" \/>\n<meta property=\"og:description\" content=\"Ese informe se\u00f1ala que el proyecto, que plantea un ahorro anual inicial de entre 27.000 y 50.000 euros en alumbrado y edificios p\u00fablicos, es viable\" \/>\n<meta property=\"og:url\" content=\"https:\/\/www.laguiadepamplona.com\/actualidad\/el-ayuntamiento-preve-poner-en-marcha-a-lo-largo-de-este-ano-la-comercializadora-municipal-de-energia-electrica-renovable-tras-el-aval-de-un-primer-informe-juridico\/\" \/>\n<meta property=\"og:site_name\" content=\"La Gu\u00eda de Pamplona\" \/>\n<meta property=\"article:publisher\" content=\"https:\/\/www.facebook.com\/laguiadepamplonacom-133175176762273\/?ref=hl\" \/>\n<meta property=\"article:published_time\" content=\"2017-03-20T15:15:46+00:00\" \/>\n<meta property=\"og:image\" content=\"https:\/\/www.laguiadepamplona.com\/actualidad\/wp-content\/uploads\/2016\/11\/Ayto_Pamplona.jpg\" \/>\n\t<meta property=\"og:image:width\" content=\"900\" \/>\n\t<meta property=\"og:image:height\" content=\"675\" \/>\n\t<meta property=\"og:image:type\" content=\"image\/jpeg\" \/>\n<meta name=\"author\" content=\"La Gu\u00eda de Pamplona\" \/>\n<meta name=\"twitter:card\" content=\"summary_large_image\" \/>\n<meta name=\"twitter:creator\" content=\"@LaGuiadPamplona\" \/>\n<meta name=\"twitter:site\" content=\"@LaGuiadPamplona\" \/>\n<meta name=\"twitter:label1\" content=\"Escrito por\" \/>\n\t<meta name=\"twitter:data1\" content=\"La Gu\u00eda de Pamplona\" \/>\n\t<meta name=\"twitter:label2\" content=\"Tiempo de lectura\" \/>\n\t<meta name=\"twitter:data2\" content=\"5 minutos\" \/>\n<script type=\"application\/ld+json\" class=\"yoast-schema-graph\">{\"@context\":\"https:\\\/\\\/schema.org\",\"@graph\":[{\"@type\":\"Article\",\"@id\":\"https:\\\/\\\/www.laguiadepamplona.com\\\/actualidad\\\/el-ayuntamiento-preve-poner-en-marcha-a-lo-largo-de-este-ano-la-comercializadora-municipal-de-energia-electrica-renovable-tras-el-aval-de-un-primer-informe-juridico\\\/#article\",\"isPartOf\":{\"@id\":\"https:\\\/\\\/www.laguiadepamplona.com\\\/actualidad\\\/el-ayuntamiento-preve-poner-en-marcha-a-lo-largo-de-este-ano-la-comercializadora-municipal-de-energia-electrica-renovable-tras-el-aval-de-un-primer-informe-juridico\\\/\"},\"author\":{\"name\":\"La Gu\u00eda de Pamplona\",\"@id\":\"https:\\\/\\\/www.laguiadepamplona.com\\\/actualidad\\\/#\\\/schema\\\/person\\\/efe887376f0213d4657c93adc50b1fdb\"},\"headline\":\"El Ayuntamiento prev\u00e9 poner en marcha a lo largo de este a\u00f1o la comercializadora municipal de energ\u00eda el\u00e9ctrica renovable tras el aval de un primer informe jur\u00eddico\",\"datePublished\":\"2017-03-20T15:15:46+00:00\",\"mainEntityOfPage\":{\"@id\":\"https:\\\/\\\/www.laguiadepamplona.com\\\/actualidad\\\/el-ayuntamiento-preve-poner-en-marcha-a-lo-largo-de-este-ano-la-comercializadora-municipal-de-energia-electrica-renovable-tras-el-aval-de-un-primer-informe-juridico\\\/\"},\"wordCount\":1056,\"publisher\":{\"@id\":\"https:\\\/\\\/www.laguiadepamplona.com\\\/actualidad\\\/#organization\"},\"image\":{\"@id\":\"https:\\\/\\\/www.laguiadepamplona.com\\\/actualidad\\\/el-ayuntamiento-preve-poner-en-marcha-a-lo-largo-de-este-ano-la-comercializadora-municipal-de-energia-electrica-renovable-tras-el-aval-de-un-primer-informe-juridico\\\/#primaryimage\"},\"thumbnailUrl\":\"https:\\\/\\\/www.laguiadepamplona.com\\\/actualidad\\\/wp-content\\\/uploads\\\/2016\\\/11\\\/Ayto_Pamplona.jpg\",\"articleSection\":[\"Ayto Pamplona\"],\"inLanguage\":\"es\"},{\"@type\":\"WebPage\",\"@id\":\"https:\\\/\\\/www.laguiadepamplona.com\\\/actualidad\\\/el-ayuntamiento-preve-poner-en-marcha-a-lo-largo-de-este-ano-la-comercializadora-municipal-de-energia-electrica-renovable-tras-el-aval-de-un-primer-informe-juridico\\\/\",\"url\":\"https:\\\/\\\/www.laguiadepamplona.com\\\/actualidad\\\/el-ayuntamiento-preve-poner-en-marcha-a-lo-largo-de-este-ano-la-comercializadora-municipal-de-energia-electrica-renovable-tras-el-aval-de-un-primer-informe-juridico\\\/\",\"name\":\"El Ayuntamiento prev\u00e9 poner en marcha a lo largo de este a\u00f1o la comercializadora municipal de energ\u00eda el\u00e9ctrica renovable tras el aval de un primer informe jur\u00eddico\",\"isPartOf\":{\"@id\":\"https:\\\/\\\/www.laguiadepamplona.com\\\/actualidad\\\/#website\"},\"primaryImageOfPage\":{\"@id\":\"https:\\\/\\\/www.laguiadepamplona.com\\\/actualidad\\\/el-ayuntamiento-preve-poner-en-marcha-a-lo-largo-de-este-ano-la-comercializadora-municipal-de-energia-electrica-renovable-tras-el-aval-de-un-primer-informe-juridico\\\/#primaryimage\"},\"image\":{\"@id\":\"https:\\\/\\\/www.laguiadepamplona.com\\\/actualidad\\\/el-ayuntamiento-preve-poner-en-marcha-a-lo-largo-de-este-ano-la-comercializadora-municipal-de-energia-electrica-renovable-tras-el-aval-de-un-primer-informe-juridico\\\/#primaryimage\"},\"thumbnailUrl\":\"https:\\\/\\\/www.laguiadepamplona.com\\\/actualidad\\\/wp-content\\\/uploads\\\/2016\\\/11\\\/Ayto_Pamplona.jpg\",\"datePublished\":\"2017-03-20T15:15:46+00:00\",\"breadcrumb\":{\"@id\":\"https:\\\/\\\/www.laguiadepamplona.com\\\/actualidad\\\/el-ayuntamiento-preve-poner-en-marcha-a-lo-largo-de-este-ano-la-comercializadora-municipal-de-energia-electrica-renovable-tras-el-aval-de-un-primer-informe-juridico\\\/#breadcrumb\"},\"inLanguage\":\"es\",\"potentialAction\":[{\"@type\":\"ReadAction\",\"target\":[\"https:\\\/\\\/www.laguiadepamplona.com\\\/actualidad\\\/el-ayuntamiento-preve-poner-en-marcha-a-lo-largo-de-este-ano-la-comercializadora-municipal-de-energia-electrica-renovable-tras-el-aval-de-un-primer-informe-juridico\\\/\"]}]},{\"@type\":\"ImageObject\",\"inLanguage\":\"es\",\"@id\":\"https:\\\/\\\/www.laguiadepamplona.com\\\/actualidad\\\/el-ayuntamiento-preve-poner-en-marcha-a-lo-largo-de-este-ano-la-comercializadora-municipal-de-energia-electrica-renovable-tras-el-aval-de-un-primer-informe-juridico\\\/#primaryimage\",\"url\":\"https:\\\/\\\/www.laguiadepamplona.com\\\/actualidad\\\/wp-content\\\/uploads\\\/2016\\\/11\\\/Ayto_Pamplona.jpg\",\"contentUrl\":\"https:\\\/\\\/www.laguiadepamplona.com\\\/actualidad\\\/wp-content\\\/uploads\\\/2016\\\/11\\\/Ayto_Pamplona.jpg\",\"width\":900,\"height\":675},{\"@type\":\"BreadcrumbList\",\"@id\":\"https:\\\/\\\/www.laguiadepamplona.com\\\/actualidad\\\/el-ayuntamiento-preve-poner-en-marcha-a-lo-largo-de-este-ano-la-comercializadora-municipal-de-energia-electrica-renovable-tras-el-aval-de-un-primer-informe-juridico\\\/#breadcrumb\",\"itemListElement\":[{\"@type\":\"ListItem\",\"position\":1,\"name\":\"Portada\",\"item\":\"https:\\\/\\\/www.laguiadepamplona.com\\\/actualidad\\\/\"},{\"@type\":\"ListItem\",\"position\":2,\"name\":\"El Ayuntamiento prev\u00e9 poner en marcha a lo largo de este a\u00f1o la comercializadora municipal de energ\u00eda el\u00e9ctrica renovable tras el aval de un primer informe jur\u00eddico\"}]},{\"@type\":\"WebSite\",\"@id\":\"https:\\\/\\\/www.laguiadepamplona.com\\\/actualidad\\\/#website\",\"url\":\"https:\\\/\\\/www.laguiadepamplona.com\\\/actualidad\\\/\",\"name\":\"La gu\u00eda de Pamplona\",\"description\":\"Noticias de Pamplona\",\"publisher\":{\"@id\":\"https:\\\/\\\/www.laguiadepamplona.com\\\/actualidad\\\/#organization\"},\"potentialAction\":[{\"@type\":\"SearchAction\",\"target\":{\"@type\":\"EntryPoint\",\"urlTemplate\":\"https:\\\/\\\/www.laguiadepamplona.com\\\/actualidad\\\/?s={search_term_string}\"},\"query-input\":{\"@type\":\"PropertyValueSpecification\",\"valueRequired\":true,\"valueName\":\"search_term_string\"}}],\"inLanguage\":\"es\"},{\"@type\":\"Organization\",\"@id\":\"https:\\\/\\\/www.laguiadepamplona.com\\\/actualidad\\\/#organization\",\"name\":\"La Gu\u00eda de Pamplona \\\/ Noticias\",\"url\":\"https:\\\/\\\/www.laguiadepamplona.com\\\/actualidad\\\/\",\"logo\":{\"@type\":\"ImageObject\",\"inLanguage\":\"es\",\"@id\":\"https:\\\/\\\/www.laguiadepamplona.com\\\/actualidad\\\/#\\\/schema\\\/logo\\\/image\\\/\",\"url\":\"https:\\\/\\\/www.laguiadepamplona.com\\\/actualidad\\\/wp-content\\\/uploads\\\/2018\\\/11\\\/logo-laguiadepamplona18-web1.png\",\"contentUrl\":\"https:\\\/\\\/www.laguiadepamplona.com\\\/actualidad\\\/wp-content\\\/uploads\\\/2018\\\/11\\\/logo-laguiadepamplona18-web1.png\",\"width\":600,\"height\":196,\"caption\":\"La Gu\u00eda de Pamplona \\\/ Noticias\"},\"image\":{\"@id\":\"https:\\\/\\\/www.laguiadepamplona.com\\\/actualidad\\\/#\\\/schema\\\/logo\\\/image\\\/\"},\"sameAs\":[\"https:\\\/\\\/www.facebook.com\\\/laguiadepamplonacom-133175176762273\\\/?ref=hl\",\"https:\\\/\\\/x.com\\\/LaGuiadPamplona\",\"https:\\\/\\\/www.instagram.com\\\/la_guia_de_pamplona\\\/\",\"https:\\\/\\\/www.youtube.com\\\/user\\\/laguiadepamplona\"]},{\"@type\":\"Person\",\"@id\":\"https:\\\/\\\/www.laguiadepamplona.com\\\/actualidad\\\/#\\\/schema\\\/person\\\/efe887376f0213d4657c93adc50b1fdb\",\"name\":\"La Gu\u00eda de Pamplona\",\"image\":{\"@type\":\"ImageObject\",\"inLanguage\":\"es\",\"@id\":\"https:\\\/\\\/secure.gravatar.com\\\/avatar\\\/b6992f131dc8d30ab0dff15446e9d346d9dbd95992de0fef795073f5ea83a81c?s=96&d=mm&r=g\",\"url\":\"https:\\\/\\\/secure.gravatar.com\\\/avatar\\\/b6992f131dc8d30ab0dff15446e9d346d9dbd95992de0fef795073f5ea83a81c?s=96&d=mm&r=g\",\"contentUrl\":\"https:\\\/\\\/secure.gravatar.com\\\/avatar\\\/b6992f131dc8d30ab0dff15446e9d346d9dbd95992de0fef795073f5ea83a81c?s=96&d=mm&r=g\",\"caption\":\"La Gu\u00eda de Pamplona\"}}]}<\/script>\n<!-- \/ Yoast SEO plugin. -->","yoast_head_json":{"title":"El Ayuntamiento prev\u00e9 poner en marcha a lo largo de este a\u00f1o la comercializadora municipal de energ\u00eda el\u00e9ctrica renovable tras el aval de un primer informe jur\u00eddico","robots":{"index":"index","follow":"follow","max-snippet":"max-snippet:-1","max-image-preview":"max-image-preview:large","max-video-preview":"max-video-preview:-1"},"canonical":"https:\/\/www.laguiadepamplona.com\/actualidad\/el-ayuntamiento-preve-poner-en-marcha-a-lo-largo-de-este-ano-la-comercializadora-municipal-de-energia-electrica-renovable-tras-el-aval-de-un-primer-informe-juridico\/","og_locale":"es_ES","og_type":"article","og_title":"El Ayuntamiento prev\u00e9 poner en marcha a lo largo de este a\u00f1o la comercializadora municipal de energ\u00eda el\u00e9ctrica renovable tras el aval de un primer informe jur\u00eddico","og_description":"Ese informe se\u00f1ala que el proyecto, que plantea un ahorro anual inicial de entre 27.000 y 50.000 euros en alumbrado y edificios p\u00fablicos, es viable","og_url":"https:\/\/www.laguiadepamplona.com\/actualidad\/el-ayuntamiento-preve-poner-en-marcha-a-lo-largo-de-este-ano-la-comercializadora-municipal-de-energia-electrica-renovable-tras-el-aval-de-un-primer-informe-juridico\/","og_site_name":"La Gu\u00eda de Pamplona","article_publisher":"https:\/\/www.facebook.com\/laguiadepamplonacom-133175176762273\/?ref=hl","article_published_time":"2017-03-20T15:15:46+00:00","og_image":[{"width":900,"height":675,"url":"https:\/\/www.laguiadepamplona.com\/actualidad\/wp-content\/uploads\/2016\/11\/Ayto_Pamplona.jpg","type":"image\/jpeg"}],"author":"La Gu\u00eda de Pamplona","twitter_card":"summary_large_image","twitter_creator":"@LaGuiadPamplona","twitter_site":"@LaGuiadPamplona","twitter_misc":{"Escrito por":"La Gu\u00eda de Pamplona","Tiempo de lectura":"5 minutos"},"schema":{"@context":"https:\/\/schema.org","@graph":[{"@type":"Article","@id":"https:\/\/www.laguiadepamplona.com\/actualidad\/el-ayuntamiento-preve-poner-en-marcha-a-lo-largo-de-este-ano-la-comercializadora-municipal-de-energia-electrica-renovable-tras-el-aval-de-un-primer-informe-juridico\/#article","isPartOf":{"@id":"https:\/\/www.laguiadepamplona.com\/actualidad\/el-ayuntamiento-preve-poner-en-marcha-a-lo-largo-de-este-ano-la-comercializadora-municipal-de-energia-electrica-renovable-tras-el-aval-de-un-primer-informe-juridico\/"},"author":{"name":"La Gu\u00eda de Pamplona","@id":"https:\/\/www.laguiadepamplona.com\/actualidad\/#\/schema\/person\/efe887376f0213d4657c93adc50b1fdb"},"headline":"El Ayuntamiento prev\u00e9 poner en marcha a lo largo de este a\u00f1o la comercializadora municipal de energ\u00eda el\u00e9ctrica renovable tras el aval de un primer informe jur\u00eddico","datePublished":"2017-03-20T15:15:46+00:00","mainEntityOfPage":{"@id":"https:\/\/www.laguiadepamplona.com\/actualidad\/el-ayuntamiento-preve-poner-en-marcha-a-lo-largo-de-este-ano-la-comercializadora-municipal-de-energia-electrica-renovable-tras-el-aval-de-un-primer-informe-juridico\/"},"wordCount":1056,"publisher":{"@id":"https:\/\/www.laguiadepamplona.com\/actualidad\/#organization"},"image":{"@id":"https:\/\/www.laguiadepamplona.com\/actualidad\/el-ayuntamiento-preve-poner-en-marcha-a-lo-largo-de-este-ano-la-comercializadora-municipal-de-energia-electrica-renovable-tras-el-aval-de-un-primer-informe-juridico\/#primaryimage"},"thumbnailUrl":"https:\/\/www.laguiadepamplona.com\/actualidad\/wp-content\/uploads\/2016\/11\/Ayto_Pamplona.jpg","articleSection":["Ayto Pamplona"],"inLanguage":"es"},{"@type":"WebPage","@id":"https:\/\/www.laguiadepamplona.com\/actualidad\/el-ayuntamiento-preve-poner-en-marcha-a-lo-largo-de-este-ano-la-comercializadora-municipal-de-energia-electrica-renovable-tras-el-aval-de-un-primer-informe-juridico\/","url":"https:\/\/www.laguiadepamplona.com\/actualidad\/el-ayuntamiento-preve-poner-en-marcha-a-lo-largo-de-este-ano-la-comercializadora-municipal-de-energia-electrica-renovable-tras-el-aval-de-un-primer-informe-juridico\/","name":"El Ayuntamiento prev\u00e9 poner en marcha a lo largo de este a\u00f1o la comercializadora municipal de energ\u00eda el\u00e9ctrica renovable tras el aval de un primer informe jur\u00eddico","isPartOf":{"@id":"https:\/\/www.laguiadepamplona.com\/actualidad\/#website"},"primaryImageOfPage":{"@id":"https:\/\/www.laguiadepamplona.com\/actualidad\/el-ayuntamiento-preve-poner-en-marcha-a-lo-largo-de-este-ano-la-comercializadora-municipal-de-energia-electrica-renovable-tras-el-aval-de-un-primer-informe-juridico\/#primaryimage"},"image":{"@id":"https:\/\/www.laguiadepamplona.com\/actualidad\/el-ayuntamiento-preve-poner-en-marcha-a-lo-largo-de-este-ano-la-comercializadora-municipal-de-energia-electrica-renovable-tras-el-aval-de-un-primer-informe-juridico\/#primaryimage"},"thumbnailUrl":"https:\/\/www.laguiadepamplona.com\/actualidad\/wp-content\/uploads\/2016\/11\/Ayto_Pamplona.jpg","datePublished":"2017-03-20T15:15:46+00:00","breadcrumb":{"@id":"https:\/\/www.laguiadepamplona.com\/actualidad\/el-ayuntamiento-preve-poner-en-marcha-a-lo-largo-de-este-ano-la-comercializadora-municipal-de-energia-electrica-renovable-tras-el-aval-de-un-primer-informe-juridico\/#breadcrumb"},"inLanguage":"es","potentialAction":[{"@type":"ReadAction","target":["https:\/\/www.laguiadepamplona.com\/actualidad\/el-ayuntamiento-preve-poner-en-marcha-a-lo-largo-de-este-ano-la-comercializadora-municipal-de-energia-electrica-renovable-tras-el-aval-de-un-primer-informe-juridico\/"]}]},{"@type":"ImageObject","inLanguage":"es","@id":"https:\/\/www.laguiadepamplona.com\/actualidad\/el-ayuntamiento-preve-poner-en-marcha-a-lo-largo-de-este-ano-la-comercializadora-municipal-de-energia-electrica-renovable-tras-el-aval-de-un-primer-informe-juridico\/#primaryimage","url":"https:\/\/www.laguiadepamplona.com\/actualidad\/wp-content\/uploads\/2016\/11\/Ayto_Pamplona.jpg","contentUrl":"https:\/\/www.laguiadepamplona.com\/actualidad\/wp-content\/uploads\/2016\/11\/Ayto_Pamplona.jpg","width":900,"height":675},{"@type":"BreadcrumbList","@id":"https:\/\/www.laguiadepamplona.com\/actualidad\/el-ayuntamiento-preve-poner-en-marcha-a-lo-largo-de-este-ano-la-comercializadora-municipal-de-energia-electrica-renovable-tras-el-aval-de-un-primer-informe-juridico\/#breadcrumb","itemListElement":[{"@type":"ListItem","position":1,"name":"Portada","item":"https:\/\/www.laguiadepamplona.com\/actualidad\/"},{"@type":"ListItem","position":2,"name":"El Ayuntamiento prev\u00e9 poner en marcha a lo largo de este a\u00f1o la comercializadora municipal de energ\u00eda el\u00e9ctrica renovable tras el aval de un primer informe jur\u00eddico"}]},{"@type":"WebSite","@id":"https:\/\/www.laguiadepamplona.com\/actualidad\/#website","url":"https:\/\/www.laguiadepamplona.com\/actualidad\/","name":"La gu\u00eda de Pamplona","description":"Noticias de Pamplona","publisher":{"@id":"https:\/\/www.laguiadepamplona.com\/actualidad\/#organization"},"potentialAction":[{"@type":"SearchAction","target":{"@type":"EntryPoint","urlTemplate":"https:\/\/www.laguiadepamplona.com\/actualidad\/?s={search_term_string}"},"query-input":{"@type":"PropertyValueSpecification","valueRequired":true,"valueName":"search_term_string"}}],"inLanguage":"es"},{"@type":"Organization","@id":"https:\/\/www.laguiadepamplona.com\/actualidad\/#organization","name":"La Gu\u00eda de Pamplona \/ Noticias","url":"https:\/\/www.laguiadepamplona.com\/actualidad\/","logo":{"@type":"ImageObject","inLanguage":"es","@id":"https:\/\/www.laguiadepamplona.com\/actualidad\/#\/schema\/logo\/image\/","url":"https:\/\/www.laguiadepamplona.com\/actualidad\/wp-content\/uploads\/2018\/11\/logo-laguiadepamplona18-web1.png","contentUrl":"https:\/\/www.laguiadepamplona.com\/actualidad\/wp-content\/uploads\/2018\/11\/logo-laguiadepamplona18-web1.png","width":600,"height":196,"caption":"La Gu\u00eda de Pamplona \/ Noticias"},"image":{"@id":"https:\/\/www.laguiadepamplona.com\/actualidad\/#\/schema\/logo\/image\/"},"sameAs":["https:\/\/www.facebook.com\/laguiadepamplonacom-133175176762273\/?ref=hl","https:\/\/x.com\/LaGuiadPamplona","https:\/\/www.instagram.com\/la_guia_de_pamplona\/","https:\/\/www.youtube.com\/user\/laguiadepamplona"]},{"@type":"Person","@id":"https:\/\/www.laguiadepamplona.com\/actualidad\/#\/schema\/person\/efe887376f0213d4657c93adc50b1fdb","name":"La Gu\u00eda de Pamplona","image":{"@type":"ImageObject","inLanguage":"es","@id":"https:\/\/secure.gravatar.com\/avatar\/b6992f131dc8d30ab0dff15446e9d346d9dbd95992de0fef795073f5ea83a81c?s=96&d=mm&r=g","url":"https:\/\/secure.gravatar.com\/avatar\/b6992f131dc8d30ab0dff15446e9d346d9dbd95992de0fef795073f5ea83a81c?s=96&d=mm&r=g","contentUrl":"https:\/\/secure.gravatar.com\/avatar\/b6992f131dc8d30ab0dff15446e9d346d9dbd95992de0fef795073f5ea83a81c?s=96&d=mm&r=g","caption":"La Gu\u00eda de Pamplona"}}]}},"post_mailing_queue_ids":[],"_links":{"self":[{"href":"https:\/\/www.laguiadepamplona.com\/actualidad\/wp-json\/wp\/v2\/posts\/12325","targetHints":{"allow":["GET"]}}],"collection":[{"href":"https:\/\/www.laguiadepamplona.com\/actualidad\/wp-json\/wp\/v2\/posts"}],"about":[{"href":"https:\/\/www.laguiadepamplona.com\/actualidad\/wp-json\/wp\/v2\/types\/post"}],"author":[{"embeddable":true,"href":"https:\/\/www.laguiadepamplona.com\/actualidad\/wp-json\/wp\/v2\/users\/1"}],"replies":[{"embeddable":true,"href":"https:\/\/www.laguiadepamplona.com\/actualidad\/wp-json\/wp\/v2\/comments?post=12325"}],"version-history":[{"count":0,"href":"https:\/\/www.laguiadepamplona.com\/actualidad\/wp-json\/wp\/v2\/posts\/12325\/revisions"}],"wp:featuredmedia":[{"embeddable":true,"href":"https:\/\/www.laguiadepamplona.com\/actualidad\/wp-json\/wp\/v2\/media\/10979"}],"wp:attachment":[{"href":"https:\/\/www.laguiadepamplona.com\/actualidad\/wp-json\/wp\/v2\/media?parent=12325"}],"wp:term":[{"taxonomy":"category","embeddable":true,"href":"https:\/\/www.laguiadepamplona.com\/actualidad\/wp-json\/wp\/v2\/categories?post=12325"},{"taxonomy":"post_tag","embeddable":true,"href":"https:\/\/www.laguiadepamplona.com\/actualidad\/wp-json\/wp\/v2\/tags?post=12325"}],"curies":[{"name":"wp","href":"https:\/\/api.w.org\/{rel}","templated":true}]}}