{"id":12323,"date":"2017-03-20T16:14:46","date_gmt":"2017-03-20T15:14:46","guid":{"rendered":"http:\/\/laguiadepamplona.es\/actualidad\/?p=12323"},"modified":"2017-03-20T16:14:46","modified_gmt":"2017-03-20T15:14:46","slug":"la-comision-de-asuntos-ciudadanos-visita-el-colegio-publico-san-francisco-que-ha-solicitado-al-ayuntamiento-apoyo-para-realizar-el-proyecto-que-permita-cubrir-el-patio","status":"publish","type":"post","link":"https:\/\/www.laguiadepamplona.com\/actualidad\/la-comision-de-asuntos-ciudadanos-visita-el-colegio-publico-san-francisco-que-ha-solicitado-al-ayuntamiento-apoyo-para-realizar-el-proyecto-que-permita-cubrir-el-patio\/","title":{"rendered":"La Comisi\u00f3n de Asuntos Ciudadanos visita el Colegio P\u00fablico San Francisco que ha solicitado al ayuntamiento apoyo para realizar el proyecto que permita cubrir el patio"},"content":{"rendered":"<h3>Representantes escolares tambi\u00e9n solicitan el uso del patio del Palacio de Ezpeleta ante la saturaci\u00f3n de sus instalaciones<\/h3>\n<p><!--more--><\/p>\n<p>La Comisi\u00f3n de Asuntos Ciudadanos del Ayuntamiento de Pamplona ha visitado esta ma\u00f1ana el Colegio P\u00fablico San Francisco que quiere instalar una cubierta en el patio escolar para lo que ha solicitado al Ayuntamiento apoyo para poder realizar el proyecto de la obra. El centro escolar cuenta en los \u00faltimos a\u00f1os con unos 400 alumnos matriculados. De esta forma el alumnado no se ver\u00eda obligado a permanecer en las galer\u00edas o en las aulas los d\u00edas de lluvia durante los recreos o en el tiempo libre del comedor. Esos d\u00edas, el nivel de ruido que se alcanza en las galer\u00edas es superior al admitido tanto en la normativa foral como en la estatal. Adem\u00e1s, no se pueden realizar ninguna actividad extraescolar cuando llueve ni celebraciones especiales como Olentzero, carnavales o la semana cultural, por ejemplo. Por \u00faltimo, en estos momentos hay 18 grupos por lo que se hacen 36 sesiones de educaci\u00f3n f\u00edsica pero solamente hay horario para atender a 28 y 8 se imparten en una sala peque\u00f1a de psicomotricidad. El edificio es obra de Juli\u00e1n Artega y se construy\u00f3 en 1905 con tres plantas, una superficie de 3.000 m<sup>2<\/sup> y un patio en forma de \u2018U\u2019.<\/p>\n<p>En la visita han participado la directora del centro, Nekane Lasa; el jefe de estudios del modelo A, Joaqu\u00edn Escaray; la jefa de estudios del modelo D, Aitziber Iraola; y la pofesora de Educaci\u00f3n F\u00edsica, Itziar Zenborain. Seg\u00fan han manifestado, la primera petici\u00f3n cursada al Ayuntamiento de Pamplona para cubrir el patio es del curso escolar 2003\/04. Desde entonces han sido numerosas las solicitudes y reivindicaciones como la celebrada en 2012\/13 cuando se cubri\u00f3 el patio con distintas telas. En enero de 2015 se empez\u00f3 a desarrollar un trabajo en colaboraci\u00f3n con la Escuela de Arquitectura de la Universidad de Navarra con el fin de estudiar las posibilidades art\u00edsticas y t\u00e9cnicas para la cubierta del patio y se eligi\u00f3 entre doce un proyecto por votaci\u00f3n de alumnado, familias y trabajadores del centro.<\/p>\n<p><strong>El \u00fanico centro de Primaria de Pamplona sin patio cubierto<\/strong><\/p>\n<p>Otros datos que se han aportado en el encuentro son que el Colegio P\u00fablico San Francisco es el centro de Pamplona que menos metros cuadrados tiene de espacio al aire libre por alumno con 2,88 m<sup>2<\/sup> y que es el \u00fanico colegio de Primaria que no dispone de un espacio cubierto. La media de metros cuadrados de los centros educativos de Pamplona de espacio cubierto y al aire libre por alumno es de 22,37 m<sup>2<\/sup>.<\/p>\n<p>Por \u00faltimo, representantes del centro han planteado la opci\u00f3n de utilizar el patio del Palacio Ezpeleta. El acceso principal al edificio est\u00e1 en la calle Mayor pero al patio se puede entrar directamente desde la calle San Francisco, enfrente del colegio. La solicitud es en concreto para utilizarlo de 12 a 12.50 horas los lunes, martes, jueves y viernes durante los recreos del alumnado de Educaci\u00f3n Infantil y de 15 a 16.40 horas los mismo d\u00edas para sesiones de educaci\u00f3n f\u00edsica o actividades l\u00fadicas. Seg\u00fan han explicado, la escuela est\u00e1 ocupada al completo y la organizaci\u00f3n de tiempos de recreo y la utilizaci\u00f3n de espacios comunes como el gimnasio es complicada. Incluso se dan momentos en que el alumnado de Primaria no puede acceder al gimnasio o al patio porque no est\u00e1n libres.<\/p>\n<p>&nbsp;<\/p>\n","protected":false},"excerpt":{"rendered":"<p>Representantes escolares tambi\u00e9n solicitan el uso del patio del Palacio de Ezpeleta ante la saturaci\u00f3n de sus instalaciones<\/p>\n","protected":false},"author":1,"featured_media":12324,"comment_status":"closed","ping_status":"closed","sticky":false,"template":"","format":"standard","meta":{"footnotes":""},"categories":[2],"tags":[],"class_list":["post-12323","post","type-post","status-publish","format-standard","has-post-thumbnail","hentry","category-ayuntamiento-pamplona"],"yoast_head":"<!-- This site is optimized with the Yoast SEO plugin v27.5 - https:\/\/yoast.com\/product\/yoast-seo-wordpress\/ -->\n<title>La Comisi\u00f3n de Asuntos Ciudadanos visita el Colegio P\u00fablico San Francisco que ha solicitado al ayuntamiento apoyo para realizar el proyecto que permita cubrir el patio<\/title>\n<meta name=\"robots\" content=\"index, follow, max-snippet:-1, max-image-preview:large, max-video-preview:-1\" \/>\n<link rel=\"canonical\" href=\"https:\/\/www.laguiadepamplona.com\/actualidad\/la-comision-de-asuntos-ciudadanos-visita-el-colegio-publico-san-francisco-que-ha-solicitado-al-ayuntamiento-apoyo-para-realizar-el-proyecto-que-permita-cubrir-el-patio\/\" \/>\n<meta property=\"og:locale\" content=\"es_ES\" \/>\n<meta property=\"og:type\" content=\"article\" \/>\n<meta property=\"og:title\" content=\"La Comisi\u00f3n de Asuntos Ciudadanos visita el Colegio P\u00fablico San Francisco que ha solicitado al ayuntamiento apoyo para realizar el proyecto que permita cubrir el patio\" \/>\n<meta property=\"og:description\" content=\"Representantes escolares tambi\u00e9n solicitan el uso del patio del Palacio de Ezpeleta ante la saturaci\u00f3n de sus instalaciones\" \/>\n<meta property=\"og:url\" content=\"https:\/\/www.laguiadepamplona.com\/actualidad\/la-comision-de-asuntos-ciudadanos-visita-el-colegio-publico-san-francisco-que-ha-solicitado-al-ayuntamiento-apoyo-para-realizar-el-proyecto-que-permita-cubrir-el-patio\/\" \/>\n<meta property=\"og:site_name\" content=\"La Gu\u00eda de Pamplona\" \/>\n<meta property=\"article:publisher\" content=\"https:\/\/www.facebook.com\/laguiadepamplonacom-133175176762273\/?ref=hl\" \/>\n<meta property=\"article:published_time\" content=\"2017-03-20T15:14:46+00:00\" \/>\n<meta property=\"og:image\" content=\"https:\/\/www.laguiadepamplona.com\/actualidad\/wp-content\/uploads\/2017\/03\/visita_asuntos_ciudadanos_colegio_san_francisco_1.jpg\" \/>\n\t<meta property=\"og:image:width\" content=\"1000\" \/>\n\t<meta property=\"og:image:height\" content=\"667\" \/>\n\t<meta property=\"og:image:type\" content=\"image\/jpeg\" \/>\n<meta name=\"author\" content=\"La Gu\u00eda de Pamplona\" \/>\n<meta name=\"twitter:card\" content=\"summary_large_image\" \/>\n<meta name=\"twitter:creator\" content=\"@LaGuiadPamplona\" \/>\n<meta name=\"twitter:site\" content=\"@LaGuiadPamplona\" \/>\n<meta name=\"twitter:label1\" content=\"Escrito por\" \/>\n\t<meta name=\"twitter:data1\" content=\"La Gu\u00eda de Pamplona\" \/>\n\t<meta name=\"twitter:label2\" content=\"Tiempo de lectura\" \/>\n\t<meta name=\"twitter:data2\" content=\"3 minutos\" \/>\n<script type=\"application\/ld+json\" class=\"yoast-schema-graph\">{\"@context\":\"https:\\\/\\\/schema.org\",\"@graph\":[{\"@type\":\"Article\",\"@id\":\"https:\\\/\\\/www.laguiadepamplona.com\\\/actualidad\\\/la-comision-de-asuntos-ciudadanos-visita-el-colegio-publico-san-francisco-que-ha-solicitado-al-ayuntamiento-apoyo-para-realizar-el-proyecto-que-permita-cubrir-el-patio\\\/#article\",\"isPartOf\":{\"@id\":\"https:\\\/\\\/www.laguiadepamplona.com\\\/actualidad\\\/la-comision-de-asuntos-ciudadanos-visita-el-colegio-publico-san-francisco-que-ha-solicitado-al-ayuntamiento-apoyo-para-realizar-el-proyecto-que-permita-cubrir-el-patio\\\/\"},\"author\":{\"name\":\"La Gu\u00eda de Pamplona\",\"@id\":\"https:\\\/\\\/www.laguiadepamplona.com\\\/actualidad\\\/#\\\/schema\\\/person\\\/efe887376f0213d4657c93adc50b1fdb\"},\"headline\":\"La Comisi\u00f3n de Asuntos Ciudadanos visita el Colegio P\u00fablico San Francisco que ha solicitado al ayuntamiento apoyo para realizar el proyecto que permita cubrir el patio\",\"datePublished\":\"2017-03-20T15:14:46+00:00\",\"mainEntityOfPage\":{\"@id\":\"https:\\\/\\\/www.laguiadepamplona.com\\\/actualidad\\\/la-comision-de-asuntos-ciudadanos-visita-el-colegio-publico-san-francisco-que-ha-solicitado-al-ayuntamiento-apoyo-para-realizar-el-proyecto-que-permita-cubrir-el-patio\\\/\"},\"wordCount\":615,\"publisher\":{\"@id\":\"https:\\\/\\\/www.laguiadepamplona.com\\\/actualidad\\\/#organization\"},\"image\":{\"@id\":\"https:\\\/\\\/www.laguiadepamplona.com\\\/actualidad\\\/la-comision-de-asuntos-ciudadanos-visita-el-colegio-publico-san-francisco-que-ha-solicitado-al-ayuntamiento-apoyo-para-realizar-el-proyecto-que-permita-cubrir-el-patio\\\/#primaryimage\"},\"thumbnailUrl\":\"https:\\\/\\\/www.laguiadepamplona.com\\\/actualidad\\\/wp-content\\\/uploads\\\/2017\\\/03\\\/visita_asuntos_ciudadanos_colegio_san_francisco_1.jpg\",\"articleSection\":[\"Ayto Pamplona\"],\"inLanguage\":\"es\"},{\"@type\":\"WebPage\",\"@id\":\"https:\\\/\\\/www.laguiadepamplona.com\\\/actualidad\\\/la-comision-de-asuntos-ciudadanos-visita-el-colegio-publico-san-francisco-que-ha-solicitado-al-ayuntamiento-apoyo-para-realizar-el-proyecto-que-permita-cubrir-el-patio\\\/\",\"url\":\"https:\\\/\\\/www.laguiadepamplona.com\\\/actualidad\\\/la-comision-de-asuntos-ciudadanos-visita-el-colegio-publico-san-francisco-que-ha-solicitado-al-ayuntamiento-apoyo-para-realizar-el-proyecto-que-permita-cubrir-el-patio\\\/\",\"name\":\"La Comisi\u00f3n de Asuntos Ciudadanos visita el Colegio P\u00fablico San Francisco que ha solicitado al ayuntamiento apoyo para realizar el proyecto que permita cubrir el patio\",\"isPartOf\":{\"@id\":\"https:\\\/\\\/www.laguiadepamplona.com\\\/actualidad\\\/#website\"},\"primaryImageOfPage\":{\"@id\":\"https:\\\/\\\/www.laguiadepamplona.com\\\/actualidad\\\/la-comision-de-asuntos-ciudadanos-visita-el-colegio-publico-san-francisco-que-ha-solicitado-al-ayuntamiento-apoyo-para-realizar-el-proyecto-que-permita-cubrir-el-patio\\\/#primaryimage\"},\"image\":{\"@id\":\"https:\\\/\\\/www.laguiadepamplona.com\\\/actualidad\\\/la-comision-de-asuntos-ciudadanos-visita-el-colegio-publico-san-francisco-que-ha-solicitado-al-ayuntamiento-apoyo-para-realizar-el-proyecto-que-permita-cubrir-el-patio\\\/#primaryimage\"},\"thumbnailUrl\":\"https:\\\/\\\/www.laguiadepamplona.com\\\/actualidad\\\/wp-content\\\/uploads\\\/2017\\\/03\\\/visita_asuntos_ciudadanos_colegio_san_francisco_1.jpg\",\"datePublished\":\"2017-03-20T15:14:46+00:00\",\"breadcrumb\":{\"@id\":\"https:\\\/\\\/www.laguiadepamplona.com\\\/actualidad\\\/la-comision-de-asuntos-ciudadanos-visita-el-colegio-publico-san-francisco-que-ha-solicitado-al-ayuntamiento-apoyo-para-realizar-el-proyecto-que-permita-cubrir-el-patio\\\/#breadcrumb\"},\"inLanguage\":\"es\",\"potentialAction\":[{\"@type\":\"ReadAction\",\"target\":[\"https:\\\/\\\/www.laguiadepamplona.com\\\/actualidad\\\/la-comision-de-asuntos-ciudadanos-visita-el-colegio-publico-san-francisco-que-ha-solicitado-al-ayuntamiento-apoyo-para-realizar-el-proyecto-que-permita-cubrir-el-patio\\\/\"]}]},{\"@type\":\"ImageObject\",\"inLanguage\":\"es\",\"@id\":\"https:\\\/\\\/www.laguiadepamplona.com\\\/actualidad\\\/la-comision-de-asuntos-ciudadanos-visita-el-colegio-publico-san-francisco-que-ha-solicitado-al-ayuntamiento-apoyo-para-realizar-el-proyecto-que-permita-cubrir-el-patio\\\/#primaryimage\",\"url\":\"https:\\\/\\\/www.laguiadepamplona.com\\\/actualidad\\\/wp-content\\\/uploads\\\/2017\\\/03\\\/visita_asuntos_ciudadanos_colegio_san_francisco_1.jpg\",\"contentUrl\":\"https:\\\/\\\/www.laguiadepamplona.com\\\/actualidad\\\/wp-content\\\/uploads\\\/2017\\\/03\\\/visita_asuntos_ciudadanos_colegio_san_francisco_1.jpg\",\"width\":1000,\"height\":667},{\"@type\":\"BreadcrumbList\",\"@id\":\"https:\\\/\\\/www.laguiadepamplona.com\\\/actualidad\\\/la-comision-de-asuntos-ciudadanos-visita-el-colegio-publico-san-francisco-que-ha-solicitado-al-ayuntamiento-apoyo-para-realizar-el-proyecto-que-permita-cubrir-el-patio\\\/#breadcrumb\",\"itemListElement\":[{\"@type\":\"ListItem\",\"position\":1,\"name\":\"Portada\",\"item\":\"https:\\\/\\\/www.laguiadepamplona.com\\\/actualidad\\\/\"},{\"@type\":\"ListItem\",\"position\":2,\"name\":\"La Comisi\u00f3n de Asuntos Ciudadanos visita el Colegio P\u00fablico San Francisco que ha solicitado al ayuntamiento apoyo para realizar el proyecto que permita cubrir el patio\"}]},{\"@type\":\"WebSite\",\"@id\":\"https:\\\/\\\/www.laguiadepamplona.com\\\/actualidad\\\/#website\",\"url\":\"https:\\\/\\\/www.laguiadepamplona.com\\\/actualidad\\\/\",\"name\":\"La gu\u00eda de Pamplona\",\"description\":\"Noticias de Pamplona\",\"publisher\":{\"@id\":\"https:\\\/\\\/www.laguiadepamplona.com\\\/actualidad\\\/#organization\"},\"potentialAction\":[{\"@type\":\"SearchAction\",\"target\":{\"@type\":\"EntryPoint\",\"urlTemplate\":\"https:\\\/\\\/www.laguiadepamplona.com\\\/actualidad\\\/?s={search_term_string}\"},\"query-input\":{\"@type\":\"PropertyValueSpecification\",\"valueRequired\":true,\"valueName\":\"search_term_string\"}}],\"inLanguage\":\"es\"},{\"@type\":\"Organization\",\"@id\":\"https:\\\/\\\/www.laguiadepamplona.com\\\/actualidad\\\/#organization\",\"name\":\"La Gu\u00eda de Pamplona \\\/ Noticias\",\"url\":\"https:\\\/\\\/www.laguiadepamplona.com\\\/actualidad\\\/\",\"logo\":{\"@type\":\"ImageObject\",\"inLanguage\":\"es\",\"@id\":\"https:\\\/\\\/www.laguiadepamplona.com\\\/actualidad\\\/#\\\/schema\\\/logo\\\/image\\\/\",\"url\":\"https:\\\/\\\/www.laguiadepamplona.com\\\/actualidad\\\/wp-content\\\/uploads\\\/2018\\\/11\\\/logo-laguiadepamplona18-web1.png\",\"contentUrl\":\"https:\\\/\\\/www.laguiadepamplona.com\\\/actualidad\\\/wp-content\\\/uploads\\\/2018\\\/11\\\/logo-laguiadepamplona18-web1.png\",\"width\":600,\"height\":196,\"caption\":\"La Gu\u00eda de Pamplona \\\/ Noticias\"},\"image\":{\"@id\":\"https:\\\/\\\/www.laguiadepamplona.com\\\/actualidad\\\/#\\\/schema\\\/logo\\\/image\\\/\"},\"sameAs\":[\"https:\\\/\\\/www.facebook.com\\\/laguiadepamplonacom-133175176762273\\\/?ref=hl\",\"https:\\\/\\\/x.com\\\/LaGuiadPamplona\",\"https:\\\/\\\/www.instagram.com\\\/la_guia_de_pamplona\\\/\",\"https:\\\/\\\/www.youtube.com\\\/user\\\/laguiadepamplona\"]},{\"@type\":\"Person\",\"@id\":\"https:\\\/\\\/www.laguiadepamplona.com\\\/actualidad\\\/#\\\/schema\\\/person\\\/efe887376f0213d4657c93adc50b1fdb\",\"name\":\"La Gu\u00eda de Pamplona\",\"image\":{\"@type\":\"ImageObject\",\"inLanguage\":\"es\",\"@id\":\"https:\\\/\\\/secure.gravatar.com\\\/avatar\\\/b6992f131dc8d30ab0dff15446e9d346d9dbd95992de0fef795073f5ea83a81c?s=96&d=mm&r=g\",\"url\":\"https:\\\/\\\/secure.gravatar.com\\\/avatar\\\/b6992f131dc8d30ab0dff15446e9d346d9dbd95992de0fef795073f5ea83a81c?s=96&d=mm&r=g\",\"contentUrl\":\"https:\\\/\\\/secure.gravatar.com\\\/avatar\\\/b6992f131dc8d30ab0dff15446e9d346d9dbd95992de0fef795073f5ea83a81c?s=96&d=mm&r=g\",\"caption\":\"La Gu\u00eda de Pamplona\"}}]}<\/script>\n<!-- \/ Yoast SEO plugin. -->","yoast_head_json":{"title":"La Comisi\u00f3n de Asuntos Ciudadanos visita el Colegio P\u00fablico San Francisco que ha solicitado al ayuntamiento apoyo para realizar el proyecto que permita cubrir el patio","robots":{"index":"index","follow":"follow","max-snippet":"max-snippet:-1","max-image-preview":"max-image-preview:large","max-video-preview":"max-video-preview:-1"},"canonical":"https:\/\/www.laguiadepamplona.com\/actualidad\/la-comision-de-asuntos-ciudadanos-visita-el-colegio-publico-san-francisco-que-ha-solicitado-al-ayuntamiento-apoyo-para-realizar-el-proyecto-que-permita-cubrir-el-patio\/","og_locale":"es_ES","og_type":"article","og_title":"La Comisi\u00f3n de Asuntos Ciudadanos visita el Colegio P\u00fablico San Francisco que ha solicitado al ayuntamiento apoyo para realizar el proyecto que permita cubrir el patio","og_description":"Representantes escolares tambi\u00e9n solicitan el uso del patio del Palacio de Ezpeleta ante la saturaci\u00f3n de sus instalaciones","og_url":"https:\/\/www.laguiadepamplona.com\/actualidad\/la-comision-de-asuntos-ciudadanos-visita-el-colegio-publico-san-francisco-que-ha-solicitado-al-ayuntamiento-apoyo-para-realizar-el-proyecto-que-permita-cubrir-el-patio\/","og_site_name":"La Gu\u00eda de Pamplona","article_publisher":"https:\/\/www.facebook.com\/laguiadepamplonacom-133175176762273\/?ref=hl","article_published_time":"2017-03-20T15:14:46+00:00","og_image":[{"width":1000,"height":667,"url":"https:\/\/www.laguiadepamplona.com\/actualidad\/wp-content\/uploads\/2017\/03\/visita_asuntos_ciudadanos_colegio_san_francisco_1.jpg","type":"image\/jpeg"}],"author":"La Gu\u00eda de Pamplona","twitter_card":"summary_large_image","twitter_creator":"@LaGuiadPamplona","twitter_site":"@LaGuiadPamplona","twitter_misc":{"Escrito por":"La Gu\u00eda de Pamplona","Tiempo de lectura":"3 minutos"},"schema":{"@context":"https:\/\/schema.org","@graph":[{"@type":"Article","@id":"https:\/\/www.laguiadepamplona.com\/actualidad\/la-comision-de-asuntos-ciudadanos-visita-el-colegio-publico-san-francisco-que-ha-solicitado-al-ayuntamiento-apoyo-para-realizar-el-proyecto-que-permita-cubrir-el-patio\/#article","isPartOf":{"@id":"https:\/\/www.laguiadepamplona.com\/actualidad\/la-comision-de-asuntos-ciudadanos-visita-el-colegio-publico-san-francisco-que-ha-solicitado-al-ayuntamiento-apoyo-para-realizar-el-proyecto-que-permita-cubrir-el-patio\/"},"author":{"name":"La Gu\u00eda de Pamplona","@id":"https:\/\/www.laguiadepamplona.com\/actualidad\/#\/schema\/person\/efe887376f0213d4657c93adc50b1fdb"},"headline":"La Comisi\u00f3n de Asuntos Ciudadanos visita el Colegio P\u00fablico San Francisco que ha solicitado al ayuntamiento apoyo para realizar el proyecto que permita cubrir el patio","datePublished":"2017-03-20T15:14:46+00:00","mainEntityOfPage":{"@id":"https:\/\/www.laguiadepamplona.com\/actualidad\/la-comision-de-asuntos-ciudadanos-visita-el-colegio-publico-san-francisco-que-ha-solicitado-al-ayuntamiento-apoyo-para-realizar-el-proyecto-que-permita-cubrir-el-patio\/"},"wordCount":615,"publisher":{"@id":"https:\/\/www.laguiadepamplona.com\/actualidad\/#organization"},"image":{"@id":"https:\/\/www.laguiadepamplona.com\/actualidad\/la-comision-de-asuntos-ciudadanos-visita-el-colegio-publico-san-francisco-que-ha-solicitado-al-ayuntamiento-apoyo-para-realizar-el-proyecto-que-permita-cubrir-el-patio\/#primaryimage"},"thumbnailUrl":"https:\/\/www.laguiadepamplona.com\/actualidad\/wp-content\/uploads\/2017\/03\/visita_asuntos_ciudadanos_colegio_san_francisco_1.jpg","articleSection":["Ayto Pamplona"],"inLanguage":"es"},{"@type":"WebPage","@id":"https:\/\/www.laguiadepamplona.com\/actualidad\/la-comision-de-asuntos-ciudadanos-visita-el-colegio-publico-san-francisco-que-ha-solicitado-al-ayuntamiento-apoyo-para-realizar-el-proyecto-que-permita-cubrir-el-patio\/","url":"https:\/\/www.laguiadepamplona.com\/actualidad\/la-comision-de-asuntos-ciudadanos-visita-el-colegio-publico-san-francisco-que-ha-solicitado-al-ayuntamiento-apoyo-para-realizar-el-proyecto-que-permita-cubrir-el-patio\/","name":"La Comisi\u00f3n de Asuntos Ciudadanos visita el Colegio P\u00fablico San Francisco que ha solicitado al ayuntamiento apoyo para realizar el proyecto que permita cubrir el patio","isPartOf":{"@id":"https:\/\/www.laguiadepamplona.com\/actualidad\/#website"},"primaryImageOfPage":{"@id":"https:\/\/www.laguiadepamplona.com\/actualidad\/la-comision-de-asuntos-ciudadanos-visita-el-colegio-publico-san-francisco-que-ha-solicitado-al-ayuntamiento-apoyo-para-realizar-el-proyecto-que-permita-cubrir-el-patio\/#primaryimage"},"image":{"@id":"https:\/\/www.laguiadepamplona.com\/actualidad\/la-comision-de-asuntos-ciudadanos-visita-el-colegio-publico-san-francisco-que-ha-solicitado-al-ayuntamiento-apoyo-para-realizar-el-proyecto-que-permita-cubrir-el-patio\/#primaryimage"},"thumbnailUrl":"https:\/\/www.laguiadepamplona.com\/actualidad\/wp-content\/uploads\/2017\/03\/visita_asuntos_ciudadanos_colegio_san_francisco_1.jpg","datePublished":"2017-03-20T15:14:46+00:00","breadcrumb":{"@id":"https:\/\/www.laguiadepamplona.com\/actualidad\/la-comision-de-asuntos-ciudadanos-visita-el-colegio-publico-san-francisco-que-ha-solicitado-al-ayuntamiento-apoyo-para-realizar-el-proyecto-que-permita-cubrir-el-patio\/#breadcrumb"},"inLanguage":"es","potentialAction":[{"@type":"ReadAction","target":["https:\/\/www.laguiadepamplona.com\/actualidad\/la-comision-de-asuntos-ciudadanos-visita-el-colegio-publico-san-francisco-que-ha-solicitado-al-ayuntamiento-apoyo-para-realizar-el-proyecto-que-permita-cubrir-el-patio\/"]}]},{"@type":"ImageObject","inLanguage":"es","@id":"https:\/\/www.laguiadepamplona.com\/actualidad\/la-comision-de-asuntos-ciudadanos-visita-el-colegio-publico-san-francisco-que-ha-solicitado-al-ayuntamiento-apoyo-para-realizar-el-proyecto-que-permita-cubrir-el-patio\/#primaryimage","url":"https:\/\/www.laguiadepamplona.com\/actualidad\/wp-content\/uploads\/2017\/03\/visita_asuntos_ciudadanos_colegio_san_francisco_1.jpg","contentUrl":"https:\/\/www.laguiadepamplona.com\/actualidad\/wp-content\/uploads\/2017\/03\/visita_asuntos_ciudadanos_colegio_san_francisco_1.jpg","width":1000,"height":667},{"@type":"BreadcrumbList","@id":"https:\/\/www.laguiadepamplona.com\/actualidad\/la-comision-de-asuntos-ciudadanos-visita-el-colegio-publico-san-francisco-que-ha-solicitado-al-ayuntamiento-apoyo-para-realizar-el-proyecto-que-permita-cubrir-el-patio\/#breadcrumb","itemListElement":[{"@type":"ListItem","position":1,"name":"Portada","item":"https:\/\/www.laguiadepamplona.com\/actualidad\/"},{"@type":"ListItem","position":2,"name":"La Comisi\u00f3n de Asuntos Ciudadanos visita el Colegio P\u00fablico San Francisco que ha solicitado al ayuntamiento apoyo para realizar el proyecto que permita cubrir el patio"}]},{"@type":"WebSite","@id":"https:\/\/www.laguiadepamplona.com\/actualidad\/#website","url":"https:\/\/www.laguiadepamplona.com\/actualidad\/","name":"La gu\u00eda de Pamplona","description":"Noticias de Pamplona","publisher":{"@id":"https:\/\/www.laguiadepamplona.com\/actualidad\/#organization"},"potentialAction":[{"@type":"SearchAction","target":{"@type":"EntryPoint","urlTemplate":"https:\/\/www.laguiadepamplona.com\/actualidad\/?s={search_term_string}"},"query-input":{"@type":"PropertyValueSpecification","valueRequired":true,"valueName":"search_term_string"}}],"inLanguage":"es"},{"@type":"Organization","@id":"https:\/\/www.laguiadepamplona.com\/actualidad\/#organization","name":"La Gu\u00eda de Pamplona \/ Noticias","url":"https:\/\/www.laguiadepamplona.com\/actualidad\/","logo":{"@type":"ImageObject","inLanguage":"es","@id":"https:\/\/www.laguiadepamplona.com\/actualidad\/#\/schema\/logo\/image\/","url":"https:\/\/www.laguiadepamplona.com\/actualidad\/wp-content\/uploads\/2018\/11\/logo-laguiadepamplona18-web1.png","contentUrl":"https:\/\/www.laguiadepamplona.com\/actualidad\/wp-content\/uploads\/2018\/11\/logo-laguiadepamplona18-web1.png","width":600,"height":196,"caption":"La Gu\u00eda de Pamplona \/ Noticias"},"image":{"@id":"https:\/\/www.laguiadepamplona.com\/actualidad\/#\/schema\/logo\/image\/"},"sameAs":["https:\/\/www.facebook.com\/laguiadepamplonacom-133175176762273\/?ref=hl","https:\/\/x.com\/LaGuiadPamplona","https:\/\/www.instagram.com\/la_guia_de_pamplona\/","https:\/\/www.youtube.com\/user\/laguiadepamplona"]},{"@type":"Person","@id":"https:\/\/www.laguiadepamplona.com\/actualidad\/#\/schema\/person\/efe887376f0213d4657c93adc50b1fdb","name":"La Gu\u00eda de Pamplona","image":{"@type":"ImageObject","inLanguage":"es","@id":"https:\/\/secure.gravatar.com\/avatar\/b6992f131dc8d30ab0dff15446e9d346d9dbd95992de0fef795073f5ea83a81c?s=96&d=mm&r=g","url":"https:\/\/secure.gravatar.com\/avatar\/b6992f131dc8d30ab0dff15446e9d346d9dbd95992de0fef795073f5ea83a81c?s=96&d=mm&r=g","contentUrl":"https:\/\/secure.gravatar.com\/avatar\/b6992f131dc8d30ab0dff15446e9d346d9dbd95992de0fef795073f5ea83a81c?s=96&d=mm&r=g","caption":"La Gu\u00eda de Pamplona"}}]}},"post_mailing_queue_ids":[],"_links":{"self":[{"href":"https:\/\/www.laguiadepamplona.com\/actualidad\/wp-json\/wp\/v2\/posts\/12323","targetHints":{"allow":["GET"]}}],"collection":[{"href":"https:\/\/www.laguiadepamplona.com\/actualidad\/wp-json\/wp\/v2\/posts"}],"about":[{"href":"https:\/\/www.laguiadepamplona.com\/actualidad\/wp-json\/wp\/v2\/types\/post"}],"author":[{"embeddable":true,"href":"https:\/\/www.laguiadepamplona.com\/actualidad\/wp-json\/wp\/v2\/users\/1"}],"replies":[{"embeddable":true,"href":"https:\/\/www.laguiadepamplona.com\/actualidad\/wp-json\/wp\/v2\/comments?post=12323"}],"version-history":[{"count":0,"href":"https:\/\/www.laguiadepamplona.com\/actualidad\/wp-json\/wp\/v2\/posts\/12323\/revisions"}],"wp:featuredmedia":[{"embeddable":true,"href":"https:\/\/www.laguiadepamplona.com\/actualidad\/wp-json\/wp\/v2\/media\/12324"}],"wp:attachment":[{"href":"https:\/\/www.laguiadepamplona.com\/actualidad\/wp-json\/wp\/v2\/media?parent=12323"}],"wp:term":[{"taxonomy":"category","embeddable":true,"href":"https:\/\/www.laguiadepamplona.com\/actualidad\/wp-json\/wp\/v2\/categories?post=12323"},{"taxonomy":"post_tag","embeddable":true,"href":"https:\/\/www.laguiadepamplona.com\/actualidad\/wp-json\/wp\/v2\/tags?post=12323"}],"curies":[{"name":"wp","href":"https:\/\/api.w.org\/{rel}","templated":true}]}}