{"id":12321,"date":"2017-03-20T12:11:25","date_gmt":"2017-03-20T11:11:25","guid":{"rendered":"http:\/\/laguiadepamplona.es\/actualidad\/?p=12321"},"modified":"2017-03-20T12:11:25","modified_gmt":"2017-03-20T11:11:25","slug":"los-vecinos-asociaciones-y-entidades-del-ensanche-tendran-manana-foro-de-barrio-con-el-ayuntamiento","status":"publish","type":"post","link":"https:\/\/www.laguiadepamplona.com\/actualidad\/los-vecinos-asociaciones-y-entidades-del-ensanche-tendran-manana-foro-de-barrio-con-el-ayuntamiento\/","title":{"rendered":"Los vecinos, asociaciones y entidades del Ensanche tendr\u00e1n ma\u00f1ana Foro de Barrio con el Ayuntamiento"},"content":{"rendered":"<h3>El encuentro ser\u00e1 a las 18.30 horas en civivox Ensanche con la concejala Itziar G\u00f3mez, y la participaci\u00f3n es libre<\/h3>\n<p><!--more--><\/p>\n<p>Los vecinos, asociaciones y entidades del Ensanche tendr\u00e1n ma\u00f1ana martes Foro de Barrio. El Ayuntamiento de Pamplona ha organizado el encuentro a partir de las <strong><u>18.30 horas en civivox Ensanche<\/u><\/strong> para que los vecinos de esta zona de la ciudad puedan participar en este espacio de encuentro y di\u00e1logo con el Ayuntamiento. La concejala Itziar G\u00f3mez y t\u00e9cnicos municipales acudir\u00e1n a la cita para ofrecer informaci\u00f3n de primera mano de los planes y proyectos municipales, as\u00ed como para recoger las inquietudes y sugerencias que los vecinos quieran plantear.<\/p>\n<p>La participaci\u00f3n en el foro es libre. Adem\u00e1s, la reuni\u00f3n podr\u00e1 seguirse en directo a trav\u00e9s de internet, en el canal de Youtube \u2018Pamplona es participaci\u00f3n \/ Iru\u00f1a partaidetza da\u2019, enlace al que se puede acceder desde la propia plataforma de v\u00eddeo digital o desde la portada de la web municipal, <a href=\"http:\/\/www.pamplona.es\/\" target=\"_blank\">www.pamplona.es<\/a>.<\/p>\n<p>La de ma\u00f1ana es la d\u00e9cima cita de este a\u00f1o 2017, tras la celebraci\u00f3n de los Foros de Barrio de Milagrosa-Arrosad\u00eda y Azpilaga\u00f1a, de Lezkairu y Santamar\u00eda La Real, de Rochapea, de Mendillorri, Iturrama, Casco Antiguo, Chantrea, Etxabakoitz y Erripagaina, Beloso y Bidezar. Con esta iniciativa, el Ayuntamiento pretende promover un espacio de di\u00e1logo para que la ciudadan\u00eda formule sus propuestas, consulte, aporte y reciba informaci\u00f3n del concejal de barrio y del Ayuntamiento.<\/p>\n<p>Durante este primer trimestre de 2017, est\u00e1 prevista la celebraci\u00f3n de foros en todos los barrios de la ciudad, con un total de 13 citas. Adem\u00e1s, este a\u00f1o 2017 habr\u00e1 otras dos rondas m\u00e1s en cada uno de los trece barrios, de manera que pr\u00e1cticamente todos los martes del a\u00f1o, salvo el verano, habr\u00e1 foros en alg\u00fan barrio de la ciudad.<\/p>\n<p>&nbsp;<\/p>\n<p>&nbsp;<\/p>\n<p><strong>Calendario pr\u00f3ximos foros de barrio 2017<\/strong><\/p>\n<table width=\"652\">\n<tbody>\n<tr>\n<td width=\"75\"><strong>FECHA<\/strong><\/td>\n<td width=\"242\"><strong>BARRIO<\/strong><\/td>\n<td width=\"139\"><strong>LUGAR<\/strong><\/td>\n<td width=\"66\">\n<h5>HORA<\/h5>\n<\/td>\n<td width=\"129\"><strong>CONCEJAL RESPONSABLE<\/strong><\/td>\n<\/tr>\n<tr>\n<td width=\"75\">21 marzo<\/td>\n<td width=\"242\">Ensanches<\/td>\n<td width=\"139\">Civivox Ensanche<\/td>\n<td width=\"66\">18.30 h.<\/td>\n<td width=\"129\">Itziar G\u00f3mez<\/td>\n<\/tr>\n<tr>\n<td width=\"75\">28 marzo<\/td>\n<td width=\"242\">San Juan\/Ermitaga\u00f1a\/Mendebaldea<\/td>\n<td width=\"139\">Jos\u00e9 Mar\u00eda Huarte<\/td>\n<td width=\"66\">18.30 h.<\/td>\n<td width=\"129\">Esther Cremaes<\/td>\n<\/tr>\n<tr>\n<td width=\"75\">30 marzo<\/td>\n<td width=\"242\">Buztintxuri<\/td>\n<td width=\"139\">C.P. Buztintxuri<\/td>\n<td width=\"66\">18.30 h.<\/td>\n<td width=\"129\">Mikel Armend\u00e1riz<\/td>\n<\/tr>\n<tr>\n<td width=\"75\">4 abril<\/td>\n<td width=\"242\">San Jorge<\/td>\n<td width=\"139\">Civivox San Jorge<\/td>\n<td width=\"66\">18.30 h.<\/td>\n<td width=\"129\">Aritz Romeo<\/td>\n<\/tr>\n<\/tbody>\n<\/table>\n<p>&nbsp;<\/p>\n<p>&nbsp;<\/p>\n","protected":false},"excerpt":{"rendered":"<p>El encuentro ser\u00e1 a las 18.30 horas en civivox Ensanche con la concejala Itziar G\u00f3mez, y la participaci\u00f3n es libre<\/p>\n","protected":false},"author":1,"featured_media":11186,"comment_status":"closed","ping_status":"closed","sticky":false,"template":"","format":"standard","meta":{"footnotes":""},"categories":[2],"tags":[],"class_list":["post-12321","post","type-post","status-publish","format-standard","has-post-thumbnail","hentry","category-ayuntamiento-pamplona"],"yoast_head":"<!-- This site is optimized with the Yoast SEO plugin v27.5 - https:\/\/yoast.com\/product\/yoast-seo-wordpress\/ -->\n<title>Los vecinos, asociaciones y entidades del Ensanche tendr\u00e1n ma\u00f1ana Foro de Barrio con el Ayuntamiento<\/title>\n<meta name=\"robots\" content=\"index, follow, max-snippet:-1, max-image-preview:large, max-video-preview:-1\" \/>\n<link rel=\"canonical\" href=\"https:\/\/www.laguiadepamplona.com\/actualidad\/los-vecinos-asociaciones-y-entidades-del-ensanche-tendran-manana-foro-de-barrio-con-el-ayuntamiento\/\" \/>\n<meta property=\"og:locale\" content=\"es_ES\" \/>\n<meta property=\"og:type\" content=\"article\" \/>\n<meta property=\"og:title\" content=\"Los vecinos, asociaciones y entidades del Ensanche tendr\u00e1n ma\u00f1ana Foro de Barrio con el Ayuntamiento\" \/>\n<meta property=\"og:description\" content=\"El encuentro ser\u00e1 a las 18.30 horas en civivox Ensanche con la concejala Itziar G\u00f3mez, y la participaci\u00f3n es libre\" \/>\n<meta property=\"og:url\" content=\"https:\/\/www.laguiadepamplona.com\/actualidad\/los-vecinos-asociaciones-y-entidades-del-ensanche-tendran-manana-foro-de-barrio-con-el-ayuntamiento\/\" \/>\n<meta property=\"og:site_name\" content=\"La Gu\u00eda de Pamplona\" \/>\n<meta property=\"article:publisher\" content=\"https:\/\/www.facebook.com\/laguiadepamplonacom-133175176762273\/?ref=hl\" \/>\n<meta property=\"article:published_time\" content=\"2017-03-20T11:11:25+00:00\" \/>\n<meta property=\"og:image\" content=\"https:\/\/www.laguiadepamplona.com\/actualidad\/wp-content\/uploads\/2016\/12\/Civivox-ensanche.jpg\" \/>\n\t<meta property=\"og:image:width\" content=\"1024\" \/>\n\t<meta property=\"og:image:height\" content=\"768\" \/>\n\t<meta property=\"og:image:type\" content=\"image\/jpeg\" \/>\n<meta name=\"author\" content=\"La Gu\u00eda de Pamplona\" \/>\n<meta name=\"twitter:card\" content=\"summary_large_image\" \/>\n<meta name=\"twitter:creator\" content=\"@LaGuiadPamplona\" \/>\n<meta name=\"twitter:site\" content=\"@LaGuiadPamplona\" \/>\n<meta name=\"twitter:label1\" content=\"Escrito por\" \/>\n\t<meta name=\"twitter:data1\" content=\"La Gu\u00eda de Pamplona\" \/>\n\t<meta name=\"twitter:label2\" content=\"Tiempo de lectura\" \/>\n\t<meta name=\"twitter:data2\" content=\"2 minutos\" \/>\n<script type=\"application\/ld+json\" class=\"yoast-schema-graph\">{\"@context\":\"https:\\\/\\\/schema.org\",\"@graph\":[{\"@type\":\"Article\",\"@id\":\"https:\\\/\\\/www.laguiadepamplona.com\\\/actualidad\\\/los-vecinos-asociaciones-y-entidades-del-ensanche-tendran-manana-foro-de-barrio-con-el-ayuntamiento\\\/#article\",\"isPartOf\":{\"@id\":\"https:\\\/\\\/www.laguiadepamplona.com\\\/actualidad\\\/los-vecinos-asociaciones-y-entidades-del-ensanche-tendran-manana-foro-de-barrio-con-el-ayuntamiento\\\/\"},\"author\":{\"name\":\"La Gu\u00eda de Pamplona\",\"@id\":\"https:\\\/\\\/www.laguiadepamplona.com\\\/actualidad\\\/#\\\/schema\\\/person\\\/efe887376f0213d4657c93adc50b1fdb\"},\"headline\":\"Los vecinos, asociaciones y entidades del Ensanche tendr\u00e1n ma\u00f1ana Foro de Barrio con el Ayuntamiento\",\"datePublished\":\"2017-03-20T11:11:25+00:00\",\"mainEntityOfPage\":{\"@id\":\"https:\\\/\\\/www.laguiadepamplona.com\\\/actualidad\\\/los-vecinos-asociaciones-y-entidades-del-ensanche-tendran-manana-foro-de-barrio-con-el-ayuntamiento\\\/\"},\"wordCount\":394,\"publisher\":{\"@id\":\"https:\\\/\\\/www.laguiadepamplona.com\\\/actualidad\\\/#organization\"},\"image\":{\"@id\":\"https:\\\/\\\/www.laguiadepamplona.com\\\/actualidad\\\/los-vecinos-asociaciones-y-entidades-del-ensanche-tendran-manana-foro-de-barrio-con-el-ayuntamiento\\\/#primaryimage\"},\"thumbnailUrl\":\"https:\\\/\\\/www.laguiadepamplona.com\\\/actualidad\\\/wp-content\\\/uploads\\\/2016\\\/12\\\/Civivox-ensanche.jpg\",\"articleSection\":[\"Ayto Pamplona\"],\"inLanguage\":\"es\"},{\"@type\":\"WebPage\",\"@id\":\"https:\\\/\\\/www.laguiadepamplona.com\\\/actualidad\\\/los-vecinos-asociaciones-y-entidades-del-ensanche-tendran-manana-foro-de-barrio-con-el-ayuntamiento\\\/\",\"url\":\"https:\\\/\\\/www.laguiadepamplona.com\\\/actualidad\\\/los-vecinos-asociaciones-y-entidades-del-ensanche-tendran-manana-foro-de-barrio-con-el-ayuntamiento\\\/\",\"name\":\"Los vecinos, asociaciones y entidades del Ensanche tendr\u00e1n ma\u00f1ana Foro de Barrio con el Ayuntamiento\",\"isPartOf\":{\"@id\":\"https:\\\/\\\/www.laguiadepamplona.com\\\/actualidad\\\/#website\"},\"primaryImageOfPage\":{\"@id\":\"https:\\\/\\\/www.laguiadepamplona.com\\\/actualidad\\\/los-vecinos-asociaciones-y-entidades-del-ensanche-tendran-manana-foro-de-barrio-con-el-ayuntamiento\\\/#primaryimage\"},\"image\":{\"@id\":\"https:\\\/\\\/www.laguiadepamplona.com\\\/actualidad\\\/los-vecinos-asociaciones-y-entidades-del-ensanche-tendran-manana-foro-de-barrio-con-el-ayuntamiento\\\/#primaryimage\"},\"thumbnailUrl\":\"https:\\\/\\\/www.laguiadepamplona.com\\\/actualidad\\\/wp-content\\\/uploads\\\/2016\\\/12\\\/Civivox-ensanche.jpg\",\"datePublished\":\"2017-03-20T11:11:25+00:00\",\"breadcrumb\":{\"@id\":\"https:\\\/\\\/www.laguiadepamplona.com\\\/actualidad\\\/los-vecinos-asociaciones-y-entidades-del-ensanche-tendran-manana-foro-de-barrio-con-el-ayuntamiento\\\/#breadcrumb\"},\"inLanguage\":\"es\",\"potentialAction\":[{\"@type\":\"ReadAction\",\"target\":[\"https:\\\/\\\/www.laguiadepamplona.com\\\/actualidad\\\/los-vecinos-asociaciones-y-entidades-del-ensanche-tendran-manana-foro-de-barrio-con-el-ayuntamiento\\\/\"]}]},{\"@type\":\"ImageObject\",\"inLanguage\":\"es\",\"@id\":\"https:\\\/\\\/www.laguiadepamplona.com\\\/actualidad\\\/los-vecinos-asociaciones-y-entidades-del-ensanche-tendran-manana-foro-de-barrio-con-el-ayuntamiento\\\/#primaryimage\",\"url\":\"https:\\\/\\\/www.laguiadepamplona.com\\\/actualidad\\\/wp-content\\\/uploads\\\/2016\\\/12\\\/Civivox-ensanche.jpg\",\"contentUrl\":\"https:\\\/\\\/www.laguiadepamplona.com\\\/actualidad\\\/wp-content\\\/uploads\\\/2016\\\/12\\\/Civivox-ensanche.jpg\",\"width\":1024,\"height\":768},{\"@type\":\"BreadcrumbList\",\"@id\":\"https:\\\/\\\/www.laguiadepamplona.com\\\/actualidad\\\/los-vecinos-asociaciones-y-entidades-del-ensanche-tendran-manana-foro-de-barrio-con-el-ayuntamiento\\\/#breadcrumb\",\"itemListElement\":[{\"@type\":\"ListItem\",\"position\":1,\"name\":\"Portada\",\"item\":\"https:\\\/\\\/www.laguiadepamplona.com\\\/actualidad\\\/\"},{\"@type\":\"ListItem\",\"position\":2,\"name\":\"Los vecinos, asociaciones y entidades del Ensanche tendr\u00e1n ma\u00f1ana Foro de Barrio con el Ayuntamiento\"}]},{\"@type\":\"WebSite\",\"@id\":\"https:\\\/\\\/www.laguiadepamplona.com\\\/actualidad\\\/#website\",\"url\":\"https:\\\/\\\/www.laguiadepamplona.com\\\/actualidad\\\/\",\"name\":\"La gu\u00eda de Pamplona\",\"description\":\"Noticias de Pamplona\",\"publisher\":{\"@id\":\"https:\\\/\\\/www.laguiadepamplona.com\\\/actualidad\\\/#organization\"},\"potentialAction\":[{\"@type\":\"SearchAction\",\"target\":{\"@type\":\"EntryPoint\",\"urlTemplate\":\"https:\\\/\\\/www.laguiadepamplona.com\\\/actualidad\\\/?s={search_term_string}\"},\"query-input\":{\"@type\":\"PropertyValueSpecification\",\"valueRequired\":true,\"valueName\":\"search_term_string\"}}],\"inLanguage\":\"es\"},{\"@type\":\"Organization\",\"@id\":\"https:\\\/\\\/www.laguiadepamplona.com\\\/actualidad\\\/#organization\",\"name\":\"La Gu\u00eda de Pamplona \\\/ Noticias\",\"url\":\"https:\\\/\\\/www.laguiadepamplona.com\\\/actualidad\\\/\",\"logo\":{\"@type\":\"ImageObject\",\"inLanguage\":\"es\",\"@id\":\"https:\\\/\\\/www.laguiadepamplona.com\\\/actualidad\\\/#\\\/schema\\\/logo\\\/image\\\/\",\"url\":\"https:\\\/\\\/www.laguiadepamplona.com\\\/actualidad\\\/wp-content\\\/uploads\\\/2018\\\/11\\\/logo-laguiadepamplona18-web1.png\",\"contentUrl\":\"https:\\\/\\\/www.laguiadepamplona.com\\\/actualidad\\\/wp-content\\\/uploads\\\/2018\\\/11\\\/logo-laguiadepamplona18-web1.png\",\"width\":600,\"height\":196,\"caption\":\"La Gu\u00eda de Pamplona \\\/ Noticias\"},\"image\":{\"@id\":\"https:\\\/\\\/www.laguiadepamplona.com\\\/actualidad\\\/#\\\/schema\\\/logo\\\/image\\\/\"},\"sameAs\":[\"https:\\\/\\\/www.facebook.com\\\/laguiadepamplonacom-133175176762273\\\/?ref=hl\",\"https:\\\/\\\/x.com\\\/LaGuiadPamplona\",\"https:\\\/\\\/www.instagram.com\\\/la_guia_de_pamplona\\\/\",\"https:\\\/\\\/www.youtube.com\\\/user\\\/laguiadepamplona\"]},{\"@type\":\"Person\",\"@id\":\"https:\\\/\\\/www.laguiadepamplona.com\\\/actualidad\\\/#\\\/schema\\\/person\\\/efe887376f0213d4657c93adc50b1fdb\",\"name\":\"La Gu\u00eda de Pamplona\",\"image\":{\"@type\":\"ImageObject\",\"inLanguage\":\"es\",\"@id\":\"https:\\\/\\\/secure.gravatar.com\\\/avatar\\\/b6992f131dc8d30ab0dff15446e9d346d9dbd95992de0fef795073f5ea83a81c?s=96&d=mm&r=g\",\"url\":\"https:\\\/\\\/secure.gravatar.com\\\/avatar\\\/b6992f131dc8d30ab0dff15446e9d346d9dbd95992de0fef795073f5ea83a81c?s=96&d=mm&r=g\",\"contentUrl\":\"https:\\\/\\\/secure.gravatar.com\\\/avatar\\\/b6992f131dc8d30ab0dff15446e9d346d9dbd95992de0fef795073f5ea83a81c?s=96&d=mm&r=g\",\"caption\":\"La Gu\u00eda de Pamplona\"}}]}<\/script>\n<!-- \/ Yoast SEO plugin. -->","yoast_head_json":{"title":"Los vecinos, asociaciones y entidades del Ensanche tendr\u00e1n ma\u00f1ana Foro de Barrio con el Ayuntamiento","robots":{"index":"index","follow":"follow","max-snippet":"max-snippet:-1","max-image-preview":"max-image-preview:large","max-video-preview":"max-video-preview:-1"},"canonical":"https:\/\/www.laguiadepamplona.com\/actualidad\/los-vecinos-asociaciones-y-entidades-del-ensanche-tendran-manana-foro-de-barrio-con-el-ayuntamiento\/","og_locale":"es_ES","og_type":"article","og_title":"Los vecinos, asociaciones y entidades del Ensanche tendr\u00e1n ma\u00f1ana Foro de Barrio con el Ayuntamiento","og_description":"El encuentro ser\u00e1 a las 18.30 horas en civivox Ensanche con la concejala Itziar G\u00f3mez, y la participaci\u00f3n es libre","og_url":"https:\/\/www.laguiadepamplona.com\/actualidad\/los-vecinos-asociaciones-y-entidades-del-ensanche-tendran-manana-foro-de-barrio-con-el-ayuntamiento\/","og_site_name":"La Gu\u00eda de Pamplona","article_publisher":"https:\/\/www.facebook.com\/laguiadepamplonacom-133175176762273\/?ref=hl","article_published_time":"2017-03-20T11:11:25+00:00","og_image":[{"width":1024,"height":768,"url":"https:\/\/www.laguiadepamplona.com\/actualidad\/wp-content\/uploads\/2016\/12\/Civivox-ensanche.jpg","type":"image\/jpeg"}],"author":"La Gu\u00eda de Pamplona","twitter_card":"summary_large_image","twitter_creator":"@LaGuiadPamplona","twitter_site":"@LaGuiadPamplona","twitter_misc":{"Escrito por":"La Gu\u00eda de Pamplona","Tiempo de lectura":"2 minutos"},"schema":{"@context":"https:\/\/schema.org","@graph":[{"@type":"Article","@id":"https:\/\/www.laguiadepamplona.com\/actualidad\/los-vecinos-asociaciones-y-entidades-del-ensanche-tendran-manana-foro-de-barrio-con-el-ayuntamiento\/#article","isPartOf":{"@id":"https:\/\/www.laguiadepamplona.com\/actualidad\/los-vecinos-asociaciones-y-entidades-del-ensanche-tendran-manana-foro-de-barrio-con-el-ayuntamiento\/"},"author":{"name":"La Gu\u00eda de Pamplona","@id":"https:\/\/www.laguiadepamplona.com\/actualidad\/#\/schema\/person\/efe887376f0213d4657c93adc50b1fdb"},"headline":"Los vecinos, asociaciones y entidades del Ensanche tendr\u00e1n ma\u00f1ana Foro de Barrio con el Ayuntamiento","datePublished":"2017-03-20T11:11:25+00:00","mainEntityOfPage":{"@id":"https:\/\/www.laguiadepamplona.com\/actualidad\/los-vecinos-asociaciones-y-entidades-del-ensanche-tendran-manana-foro-de-barrio-con-el-ayuntamiento\/"},"wordCount":394,"publisher":{"@id":"https:\/\/www.laguiadepamplona.com\/actualidad\/#organization"},"image":{"@id":"https:\/\/www.laguiadepamplona.com\/actualidad\/los-vecinos-asociaciones-y-entidades-del-ensanche-tendran-manana-foro-de-barrio-con-el-ayuntamiento\/#primaryimage"},"thumbnailUrl":"https:\/\/www.laguiadepamplona.com\/actualidad\/wp-content\/uploads\/2016\/12\/Civivox-ensanche.jpg","articleSection":["Ayto Pamplona"],"inLanguage":"es"},{"@type":"WebPage","@id":"https:\/\/www.laguiadepamplona.com\/actualidad\/los-vecinos-asociaciones-y-entidades-del-ensanche-tendran-manana-foro-de-barrio-con-el-ayuntamiento\/","url":"https:\/\/www.laguiadepamplona.com\/actualidad\/los-vecinos-asociaciones-y-entidades-del-ensanche-tendran-manana-foro-de-barrio-con-el-ayuntamiento\/","name":"Los vecinos, asociaciones y entidades del Ensanche tendr\u00e1n ma\u00f1ana Foro de Barrio con el Ayuntamiento","isPartOf":{"@id":"https:\/\/www.laguiadepamplona.com\/actualidad\/#website"},"primaryImageOfPage":{"@id":"https:\/\/www.laguiadepamplona.com\/actualidad\/los-vecinos-asociaciones-y-entidades-del-ensanche-tendran-manana-foro-de-barrio-con-el-ayuntamiento\/#primaryimage"},"image":{"@id":"https:\/\/www.laguiadepamplona.com\/actualidad\/los-vecinos-asociaciones-y-entidades-del-ensanche-tendran-manana-foro-de-barrio-con-el-ayuntamiento\/#primaryimage"},"thumbnailUrl":"https:\/\/www.laguiadepamplona.com\/actualidad\/wp-content\/uploads\/2016\/12\/Civivox-ensanche.jpg","datePublished":"2017-03-20T11:11:25+00:00","breadcrumb":{"@id":"https:\/\/www.laguiadepamplona.com\/actualidad\/los-vecinos-asociaciones-y-entidades-del-ensanche-tendran-manana-foro-de-barrio-con-el-ayuntamiento\/#breadcrumb"},"inLanguage":"es","potentialAction":[{"@type":"ReadAction","target":["https:\/\/www.laguiadepamplona.com\/actualidad\/los-vecinos-asociaciones-y-entidades-del-ensanche-tendran-manana-foro-de-barrio-con-el-ayuntamiento\/"]}]},{"@type":"ImageObject","inLanguage":"es","@id":"https:\/\/www.laguiadepamplona.com\/actualidad\/los-vecinos-asociaciones-y-entidades-del-ensanche-tendran-manana-foro-de-barrio-con-el-ayuntamiento\/#primaryimage","url":"https:\/\/www.laguiadepamplona.com\/actualidad\/wp-content\/uploads\/2016\/12\/Civivox-ensanche.jpg","contentUrl":"https:\/\/www.laguiadepamplona.com\/actualidad\/wp-content\/uploads\/2016\/12\/Civivox-ensanche.jpg","width":1024,"height":768},{"@type":"BreadcrumbList","@id":"https:\/\/www.laguiadepamplona.com\/actualidad\/los-vecinos-asociaciones-y-entidades-del-ensanche-tendran-manana-foro-de-barrio-con-el-ayuntamiento\/#breadcrumb","itemListElement":[{"@type":"ListItem","position":1,"name":"Portada","item":"https:\/\/www.laguiadepamplona.com\/actualidad\/"},{"@type":"ListItem","position":2,"name":"Los vecinos, asociaciones y entidades del Ensanche tendr\u00e1n ma\u00f1ana Foro de Barrio con el Ayuntamiento"}]},{"@type":"WebSite","@id":"https:\/\/www.laguiadepamplona.com\/actualidad\/#website","url":"https:\/\/www.laguiadepamplona.com\/actualidad\/","name":"La gu\u00eda de Pamplona","description":"Noticias de Pamplona","publisher":{"@id":"https:\/\/www.laguiadepamplona.com\/actualidad\/#organization"},"potentialAction":[{"@type":"SearchAction","target":{"@type":"EntryPoint","urlTemplate":"https:\/\/www.laguiadepamplona.com\/actualidad\/?s={search_term_string}"},"query-input":{"@type":"PropertyValueSpecification","valueRequired":true,"valueName":"search_term_string"}}],"inLanguage":"es"},{"@type":"Organization","@id":"https:\/\/www.laguiadepamplona.com\/actualidad\/#organization","name":"La Gu\u00eda de Pamplona \/ Noticias","url":"https:\/\/www.laguiadepamplona.com\/actualidad\/","logo":{"@type":"ImageObject","inLanguage":"es","@id":"https:\/\/www.laguiadepamplona.com\/actualidad\/#\/schema\/logo\/image\/","url":"https:\/\/www.laguiadepamplona.com\/actualidad\/wp-content\/uploads\/2018\/11\/logo-laguiadepamplona18-web1.png","contentUrl":"https:\/\/www.laguiadepamplona.com\/actualidad\/wp-content\/uploads\/2018\/11\/logo-laguiadepamplona18-web1.png","width":600,"height":196,"caption":"La Gu\u00eda de Pamplona \/ Noticias"},"image":{"@id":"https:\/\/www.laguiadepamplona.com\/actualidad\/#\/schema\/logo\/image\/"},"sameAs":["https:\/\/www.facebook.com\/laguiadepamplonacom-133175176762273\/?ref=hl","https:\/\/x.com\/LaGuiadPamplona","https:\/\/www.instagram.com\/la_guia_de_pamplona\/","https:\/\/www.youtube.com\/user\/laguiadepamplona"]},{"@type":"Person","@id":"https:\/\/www.laguiadepamplona.com\/actualidad\/#\/schema\/person\/efe887376f0213d4657c93adc50b1fdb","name":"La Gu\u00eda de Pamplona","image":{"@type":"ImageObject","inLanguage":"es","@id":"https:\/\/secure.gravatar.com\/avatar\/b6992f131dc8d30ab0dff15446e9d346d9dbd95992de0fef795073f5ea83a81c?s=96&d=mm&r=g","url":"https:\/\/secure.gravatar.com\/avatar\/b6992f131dc8d30ab0dff15446e9d346d9dbd95992de0fef795073f5ea83a81c?s=96&d=mm&r=g","contentUrl":"https:\/\/secure.gravatar.com\/avatar\/b6992f131dc8d30ab0dff15446e9d346d9dbd95992de0fef795073f5ea83a81c?s=96&d=mm&r=g","caption":"La Gu\u00eda de Pamplona"}}]}},"post_mailing_queue_ids":[],"_links":{"self":[{"href":"https:\/\/www.laguiadepamplona.com\/actualidad\/wp-json\/wp\/v2\/posts\/12321","targetHints":{"allow":["GET"]}}],"collection":[{"href":"https:\/\/www.laguiadepamplona.com\/actualidad\/wp-json\/wp\/v2\/posts"}],"about":[{"href":"https:\/\/www.laguiadepamplona.com\/actualidad\/wp-json\/wp\/v2\/types\/post"}],"author":[{"embeddable":true,"href":"https:\/\/www.laguiadepamplona.com\/actualidad\/wp-json\/wp\/v2\/users\/1"}],"replies":[{"embeddable":true,"href":"https:\/\/www.laguiadepamplona.com\/actualidad\/wp-json\/wp\/v2\/comments?post=12321"}],"version-history":[{"count":0,"href":"https:\/\/www.laguiadepamplona.com\/actualidad\/wp-json\/wp\/v2\/posts\/12321\/revisions"}],"wp:featuredmedia":[{"embeddable":true,"href":"https:\/\/www.laguiadepamplona.com\/actualidad\/wp-json\/wp\/v2\/media\/11186"}],"wp:attachment":[{"href":"https:\/\/www.laguiadepamplona.com\/actualidad\/wp-json\/wp\/v2\/media?parent=12321"}],"wp:term":[{"taxonomy":"category","embeddable":true,"href":"https:\/\/www.laguiadepamplona.com\/actualidad\/wp-json\/wp\/v2\/categories?post=12321"},{"taxonomy":"post_tag","embeddable":true,"href":"https:\/\/www.laguiadepamplona.com\/actualidad\/wp-json\/wp\/v2\/tags?post=12321"}],"curies":[{"name":"wp","href":"https:\/\/api.w.org\/{rel}","templated":true}]}}