{"id":12319,"date":"2017-03-20T12:10:09","date_gmt":"2017-03-20T11:10:09","guid":{"rendered":"http:\/\/laguiadepamplona.es\/actualidad\/?p=12319"},"modified":"2017-03-20T12:10:09","modified_gmt":"2017-03-20T11:10:09","slug":"el-ayuntamiento-celebra-el-dia-internacional-de-la-poesia-con-un-recital-en-la-biblioteca-de-chantrea-y-la-presentacion-del-nuevo-numero-de-la-revista-del-ateneo-navarro","status":"publish","type":"post","link":"https:\/\/www.laguiadepamplona.com\/actualidad\/el-ayuntamiento-celebra-el-dia-internacional-de-la-poesia-con-un-recital-en-la-biblioteca-de-chantrea-y-la-presentacion-del-nuevo-numero-de-la-revista-del-ateneo-navarro\/","title":{"rendered":"El Ayuntamiento celebra el D\u00eda Internacional de la Poes\u00eda con un recital en la biblioteca de Chantrea y la presentaci\u00f3n del nuevo n\u00famero de la revista del Ateneo Navarro"},"content":{"rendered":"<h3>Las actividades comenzar\u00e1n a las 19.30 horas y la entrada es libre<\/h3>\n<p><!--more--><\/p>\n<p>El Ayuntamiento de Pamplona celebra ma\u00f1ana martes 21 de marzo el D\u00eda Internacional de la Poes\u00eda con un recital en la biblioteca p\u00fablica de la Chantrea y la presentaci\u00f3n de un nuevo n\u00famero de la revista del Ateneo Navarro, que tendr\u00e1 lugar en la Casa de la Juventud. Ambas actividades comenzar\u00e1n a las 19.30 horas y la entrada ser\u00e1 libre.<\/p>\n<p>La presentaci\u00f3n del n\u00famero 11 de la revista \u2018Constantes Vitales\u2019\u00a0 correr\u00e1 a cargo del grupo \u00c1ngel Urrutia de Poes\u00eda del Ateneo. Se recitar\u00e1n los poemas que contiene el \u00faltimo n\u00famero de la revista y se entregar\u00e1n ejemplares a los asistentes gratuitamente. Presentar\u00e1 el acto Santiago Elso, vocal de Literatura.<\/p>\n<p>En la biblioteca p\u00fablica de la Chantrea, la propuesta consiste en un \u2018Recital a micro abierto\u2019. La estructura del acto consistir\u00e1 en el recitado libre de poemas de los presentes, tanto propios o como ajenos, como forma de celebrar una afici\u00f3n com\u00fan. Como recuerda la UNESCO la poes\u00eda \u2018es una manifestaci\u00f3n de la diversidad en el di\u00e1logo, de la libre circulaci\u00f3n de las ideas por medio de la palabra, de la creatividad y de la innovaci\u00f3n. Merced a sus asociaciones y met\u00e1foras y a su gram\u00e1tica singular, el lenguaje po\u00e9tico constituye, pues, otra faceta posible del di\u00e1logo entre las culturas\u2019.<\/p>\n<p>&nbsp;<\/p>\n","protected":false},"excerpt":{"rendered":"<p>Las actividades comenzar\u00e1n a las 19.30 horas y la entrada es libre<\/p>\n","protected":false},"author":1,"featured_media":11022,"comment_status":"closed","ping_status":"closed","sticky":false,"template":"","format":"standard","meta":{"footnotes":""},"categories":[2],"tags":[],"class_list":["post-12319","post","type-post","status-publish","format-standard","has-post-thumbnail","hentry","category-ayuntamiento-pamplona"],"yoast_head":"<!-- This site is optimized with the Yoast SEO plugin v27.5 - https:\/\/yoast.com\/product\/yoast-seo-wordpress\/ -->\n<title>El Ayuntamiento celebra el D\u00eda Internacional de la Poes\u00eda con un recital en la biblioteca de Chantrea y la presentaci\u00f3n del nuevo n\u00famero de la revista del Ateneo Navarro<\/title>\n<meta name=\"robots\" content=\"index, follow, max-snippet:-1, max-image-preview:large, max-video-preview:-1\" \/>\n<link rel=\"canonical\" href=\"https:\/\/www.laguiadepamplona.com\/actualidad\/el-ayuntamiento-celebra-el-dia-internacional-de-la-poesia-con-un-recital-en-la-biblioteca-de-chantrea-y-la-presentacion-del-nuevo-numero-de-la-revista-del-ateneo-navarro\/\" \/>\n<meta property=\"og:locale\" content=\"es_ES\" \/>\n<meta property=\"og:type\" content=\"article\" \/>\n<meta property=\"og:title\" content=\"El Ayuntamiento celebra el D\u00eda Internacional de la Poes\u00eda con un recital en la biblioteca de Chantrea y la presentaci\u00f3n del nuevo n\u00famero de la revista del Ateneo Navarro\" \/>\n<meta property=\"og:description\" content=\"Las actividades comenzar\u00e1n a las 19.30 horas y la entrada es libre\" \/>\n<meta property=\"og:url\" content=\"https:\/\/www.laguiadepamplona.com\/actualidad\/el-ayuntamiento-celebra-el-dia-internacional-de-la-poesia-con-un-recital-en-la-biblioteca-de-chantrea-y-la-presentacion-del-nuevo-numero-de-la-revista-del-ateneo-navarro\/\" \/>\n<meta property=\"og:site_name\" content=\"La Gu\u00eda de Pamplona\" \/>\n<meta property=\"article:publisher\" content=\"https:\/\/www.facebook.com\/laguiadepamplonacom-133175176762273\/?ref=hl\" \/>\n<meta property=\"article:published_time\" content=\"2017-03-20T11:10:09+00:00\" \/>\n<meta property=\"og:image\" content=\"https:\/\/www.laguiadepamplona.com\/actualidad\/wp-content\/uploads\/2016\/12\/casa-juventud-pamplona-600x400.jpg\" \/>\n\t<meta property=\"og:image:width\" content=\"600\" \/>\n\t<meta property=\"og:image:height\" content=\"400\" \/>\n\t<meta property=\"og:image:type\" content=\"image\/jpeg\" \/>\n<meta name=\"author\" content=\"La Gu\u00eda de Pamplona\" \/>\n<meta name=\"twitter:card\" content=\"summary_large_image\" \/>\n<meta name=\"twitter:creator\" content=\"@LaGuiadPamplona\" \/>\n<meta name=\"twitter:site\" content=\"@LaGuiadPamplona\" \/>\n<meta name=\"twitter:label1\" content=\"Escrito por\" \/>\n\t<meta name=\"twitter:data1\" content=\"La Gu\u00eda de Pamplona\" \/>\n\t<meta name=\"twitter:label2\" content=\"Tiempo de lectura\" \/>\n\t<meta name=\"twitter:data2\" content=\"1 minuto\" \/>\n<script type=\"application\/ld+json\" class=\"yoast-schema-graph\">{\"@context\":\"https:\\\/\\\/schema.org\",\"@graph\":[{\"@type\":\"Article\",\"@id\":\"https:\\\/\\\/www.laguiadepamplona.com\\\/actualidad\\\/el-ayuntamiento-celebra-el-dia-internacional-de-la-poesia-con-un-recital-en-la-biblioteca-de-chantrea-y-la-presentacion-del-nuevo-numero-de-la-revista-del-ateneo-navarro\\\/#article\",\"isPartOf\":{\"@id\":\"https:\\\/\\\/www.laguiadepamplona.com\\\/actualidad\\\/el-ayuntamiento-celebra-el-dia-internacional-de-la-poesia-con-un-recital-en-la-biblioteca-de-chantrea-y-la-presentacion-del-nuevo-numero-de-la-revista-del-ateneo-navarro\\\/\"},\"author\":{\"name\":\"La Gu\u00eda de Pamplona\",\"@id\":\"https:\\\/\\\/www.laguiadepamplona.com\\\/actualidad\\\/#\\\/schema\\\/person\\\/efe887376f0213d4657c93adc50b1fdb\"},\"headline\":\"El Ayuntamiento celebra el D\u00eda Internacional de la Poes\u00eda con un recital en la biblioteca de Chantrea y la presentaci\u00f3n del nuevo n\u00famero de la revista del Ateneo Navarro\",\"datePublished\":\"2017-03-20T11:10:09+00:00\",\"mainEntityOfPage\":{\"@id\":\"https:\\\/\\\/www.laguiadepamplona.com\\\/actualidad\\\/el-ayuntamiento-celebra-el-dia-internacional-de-la-poesia-con-un-recital-en-la-biblioteca-de-chantrea-y-la-presentacion-del-nuevo-numero-de-la-revista-del-ateneo-navarro\\\/\"},\"wordCount\":277,\"publisher\":{\"@id\":\"https:\\\/\\\/www.laguiadepamplona.com\\\/actualidad\\\/#organization\"},\"image\":{\"@id\":\"https:\\\/\\\/www.laguiadepamplona.com\\\/actualidad\\\/el-ayuntamiento-celebra-el-dia-internacional-de-la-poesia-con-un-recital-en-la-biblioteca-de-chantrea-y-la-presentacion-del-nuevo-numero-de-la-revista-del-ateneo-navarro\\\/#primaryimage\"},\"thumbnailUrl\":\"https:\\\/\\\/www.laguiadepamplona.com\\\/actualidad\\\/wp-content\\\/uploads\\\/2016\\\/12\\\/casa-juventud-pamplona-600x400.jpg\",\"articleSection\":[\"Ayto Pamplona\"],\"inLanguage\":\"es\"},{\"@type\":\"WebPage\",\"@id\":\"https:\\\/\\\/www.laguiadepamplona.com\\\/actualidad\\\/el-ayuntamiento-celebra-el-dia-internacional-de-la-poesia-con-un-recital-en-la-biblioteca-de-chantrea-y-la-presentacion-del-nuevo-numero-de-la-revista-del-ateneo-navarro\\\/\",\"url\":\"https:\\\/\\\/www.laguiadepamplona.com\\\/actualidad\\\/el-ayuntamiento-celebra-el-dia-internacional-de-la-poesia-con-un-recital-en-la-biblioteca-de-chantrea-y-la-presentacion-del-nuevo-numero-de-la-revista-del-ateneo-navarro\\\/\",\"name\":\"El Ayuntamiento celebra el D\u00eda Internacional de la Poes\u00eda con un recital en la biblioteca de Chantrea y la presentaci\u00f3n del nuevo n\u00famero de la revista del Ateneo Navarro\",\"isPartOf\":{\"@id\":\"https:\\\/\\\/www.laguiadepamplona.com\\\/actualidad\\\/#website\"},\"primaryImageOfPage\":{\"@id\":\"https:\\\/\\\/www.laguiadepamplona.com\\\/actualidad\\\/el-ayuntamiento-celebra-el-dia-internacional-de-la-poesia-con-un-recital-en-la-biblioteca-de-chantrea-y-la-presentacion-del-nuevo-numero-de-la-revista-del-ateneo-navarro\\\/#primaryimage\"},\"image\":{\"@id\":\"https:\\\/\\\/www.laguiadepamplona.com\\\/actualidad\\\/el-ayuntamiento-celebra-el-dia-internacional-de-la-poesia-con-un-recital-en-la-biblioteca-de-chantrea-y-la-presentacion-del-nuevo-numero-de-la-revista-del-ateneo-navarro\\\/#primaryimage\"},\"thumbnailUrl\":\"https:\\\/\\\/www.laguiadepamplona.com\\\/actualidad\\\/wp-content\\\/uploads\\\/2016\\\/12\\\/casa-juventud-pamplona-600x400.jpg\",\"datePublished\":\"2017-03-20T11:10:09+00:00\",\"breadcrumb\":{\"@id\":\"https:\\\/\\\/www.laguiadepamplona.com\\\/actualidad\\\/el-ayuntamiento-celebra-el-dia-internacional-de-la-poesia-con-un-recital-en-la-biblioteca-de-chantrea-y-la-presentacion-del-nuevo-numero-de-la-revista-del-ateneo-navarro\\\/#breadcrumb\"},\"inLanguage\":\"es\",\"potentialAction\":[{\"@type\":\"ReadAction\",\"target\":[\"https:\\\/\\\/www.laguiadepamplona.com\\\/actualidad\\\/el-ayuntamiento-celebra-el-dia-internacional-de-la-poesia-con-un-recital-en-la-biblioteca-de-chantrea-y-la-presentacion-del-nuevo-numero-de-la-revista-del-ateneo-navarro\\\/\"]}]},{\"@type\":\"ImageObject\",\"inLanguage\":\"es\",\"@id\":\"https:\\\/\\\/www.laguiadepamplona.com\\\/actualidad\\\/el-ayuntamiento-celebra-el-dia-internacional-de-la-poesia-con-un-recital-en-la-biblioteca-de-chantrea-y-la-presentacion-del-nuevo-numero-de-la-revista-del-ateneo-navarro\\\/#primaryimage\",\"url\":\"https:\\\/\\\/www.laguiadepamplona.com\\\/actualidad\\\/wp-content\\\/uploads\\\/2016\\\/12\\\/casa-juventud-pamplona-600x400.jpg\",\"contentUrl\":\"https:\\\/\\\/www.laguiadepamplona.com\\\/actualidad\\\/wp-content\\\/uploads\\\/2016\\\/12\\\/casa-juventud-pamplona-600x400.jpg\",\"width\":600,\"height\":400},{\"@type\":\"BreadcrumbList\",\"@id\":\"https:\\\/\\\/www.laguiadepamplona.com\\\/actualidad\\\/el-ayuntamiento-celebra-el-dia-internacional-de-la-poesia-con-un-recital-en-la-biblioteca-de-chantrea-y-la-presentacion-del-nuevo-numero-de-la-revista-del-ateneo-navarro\\\/#breadcrumb\",\"itemListElement\":[{\"@type\":\"ListItem\",\"position\":1,\"name\":\"Portada\",\"item\":\"https:\\\/\\\/www.laguiadepamplona.com\\\/actualidad\\\/\"},{\"@type\":\"ListItem\",\"position\":2,\"name\":\"El Ayuntamiento celebra el D\u00eda Internacional de la Poes\u00eda con un recital en la biblioteca de Chantrea y la presentaci\u00f3n del nuevo n\u00famero de la revista del Ateneo Navarro\"}]},{\"@type\":\"WebSite\",\"@id\":\"https:\\\/\\\/www.laguiadepamplona.com\\\/actualidad\\\/#website\",\"url\":\"https:\\\/\\\/www.laguiadepamplona.com\\\/actualidad\\\/\",\"name\":\"La gu\u00eda de Pamplona\",\"description\":\"Noticias de Pamplona\",\"publisher\":{\"@id\":\"https:\\\/\\\/www.laguiadepamplona.com\\\/actualidad\\\/#organization\"},\"potentialAction\":[{\"@type\":\"SearchAction\",\"target\":{\"@type\":\"EntryPoint\",\"urlTemplate\":\"https:\\\/\\\/www.laguiadepamplona.com\\\/actualidad\\\/?s={search_term_string}\"},\"query-input\":{\"@type\":\"PropertyValueSpecification\",\"valueRequired\":true,\"valueName\":\"search_term_string\"}}],\"inLanguage\":\"es\"},{\"@type\":\"Organization\",\"@id\":\"https:\\\/\\\/www.laguiadepamplona.com\\\/actualidad\\\/#organization\",\"name\":\"La Gu\u00eda de Pamplona \\\/ Noticias\",\"url\":\"https:\\\/\\\/www.laguiadepamplona.com\\\/actualidad\\\/\",\"logo\":{\"@type\":\"ImageObject\",\"inLanguage\":\"es\",\"@id\":\"https:\\\/\\\/www.laguiadepamplona.com\\\/actualidad\\\/#\\\/schema\\\/logo\\\/image\\\/\",\"url\":\"https:\\\/\\\/www.laguiadepamplona.com\\\/actualidad\\\/wp-content\\\/uploads\\\/2018\\\/11\\\/logo-laguiadepamplona18-web1.png\",\"contentUrl\":\"https:\\\/\\\/www.laguiadepamplona.com\\\/actualidad\\\/wp-content\\\/uploads\\\/2018\\\/11\\\/logo-laguiadepamplona18-web1.png\",\"width\":600,\"height\":196,\"caption\":\"La Gu\u00eda de Pamplona \\\/ Noticias\"},\"image\":{\"@id\":\"https:\\\/\\\/www.laguiadepamplona.com\\\/actualidad\\\/#\\\/schema\\\/logo\\\/image\\\/\"},\"sameAs\":[\"https:\\\/\\\/www.facebook.com\\\/laguiadepamplonacom-133175176762273\\\/?ref=hl\",\"https:\\\/\\\/x.com\\\/LaGuiadPamplona\",\"https:\\\/\\\/www.instagram.com\\\/la_guia_de_pamplona\\\/\",\"https:\\\/\\\/www.youtube.com\\\/user\\\/laguiadepamplona\"]},{\"@type\":\"Person\",\"@id\":\"https:\\\/\\\/www.laguiadepamplona.com\\\/actualidad\\\/#\\\/schema\\\/person\\\/efe887376f0213d4657c93adc50b1fdb\",\"name\":\"La Gu\u00eda de Pamplona\",\"image\":{\"@type\":\"ImageObject\",\"inLanguage\":\"es\",\"@id\":\"https:\\\/\\\/secure.gravatar.com\\\/avatar\\\/b6992f131dc8d30ab0dff15446e9d346d9dbd95992de0fef795073f5ea83a81c?s=96&d=mm&r=g\",\"url\":\"https:\\\/\\\/secure.gravatar.com\\\/avatar\\\/b6992f131dc8d30ab0dff15446e9d346d9dbd95992de0fef795073f5ea83a81c?s=96&d=mm&r=g\",\"contentUrl\":\"https:\\\/\\\/secure.gravatar.com\\\/avatar\\\/b6992f131dc8d30ab0dff15446e9d346d9dbd95992de0fef795073f5ea83a81c?s=96&d=mm&r=g\",\"caption\":\"La Gu\u00eda de Pamplona\"}}]}<\/script>\n<!-- \/ Yoast SEO plugin. -->","yoast_head_json":{"title":"El Ayuntamiento celebra el D\u00eda Internacional de la Poes\u00eda con un recital en la biblioteca de Chantrea y la presentaci\u00f3n del nuevo n\u00famero de la revista del Ateneo Navarro","robots":{"index":"index","follow":"follow","max-snippet":"max-snippet:-1","max-image-preview":"max-image-preview:large","max-video-preview":"max-video-preview:-1"},"canonical":"https:\/\/www.laguiadepamplona.com\/actualidad\/el-ayuntamiento-celebra-el-dia-internacional-de-la-poesia-con-un-recital-en-la-biblioteca-de-chantrea-y-la-presentacion-del-nuevo-numero-de-la-revista-del-ateneo-navarro\/","og_locale":"es_ES","og_type":"article","og_title":"El Ayuntamiento celebra el D\u00eda Internacional de la Poes\u00eda con un recital en la biblioteca de Chantrea y la presentaci\u00f3n del nuevo n\u00famero de la revista del Ateneo Navarro","og_description":"Las actividades comenzar\u00e1n a las 19.30 horas y la entrada es libre","og_url":"https:\/\/www.laguiadepamplona.com\/actualidad\/el-ayuntamiento-celebra-el-dia-internacional-de-la-poesia-con-un-recital-en-la-biblioteca-de-chantrea-y-la-presentacion-del-nuevo-numero-de-la-revista-del-ateneo-navarro\/","og_site_name":"La Gu\u00eda de Pamplona","article_publisher":"https:\/\/www.facebook.com\/laguiadepamplonacom-133175176762273\/?ref=hl","article_published_time":"2017-03-20T11:10:09+00:00","og_image":[{"width":600,"height":400,"url":"https:\/\/www.laguiadepamplona.com\/actualidad\/wp-content\/uploads\/2016\/12\/casa-juventud-pamplona-600x400.jpg","type":"image\/jpeg"}],"author":"La Gu\u00eda de Pamplona","twitter_card":"summary_large_image","twitter_creator":"@LaGuiadPamplona","twitter_site":"@LaGuiadPamplona","twitter_misc":{"Escrito por":"La Gu\u00eda de Pamplona","Tiempo de lectura":"1 minuto"},"schema":{"@context":"https:\/\/schema.org","@graph":[{"@type":"Article","@id":"https:\/\/www.laguiadepamplona.com\/actualidad\/el-ayuntamiento-celebra-el-dia-internacional-de-la-poesia-con-un-recital-en-la-biblioteca-de-chantrea-y-la-presentacion-del-nuevo-numero-de-la-revista-del-ateneo-navarro\/#article","isPartOf":{"@id":"https:\/\/www.laguiadepamplona.com\/actualidad\/el-ayuntamiento-celebra-el-dia-internacional-de-la-poesia-con-un-recital-en-la-biblioteca-de-chantrea-y-la-presentacion-del-nuevo-numero-de-la-revista-del-ateneo-navarro\/"},"author":{"name":"La Gu\u00eda de Pamplona","@id":"https:\/\/www.laguiadepamplona.com\/actualidad\/#\/schema\/person\/efe887376f0213d4657c93adc50b1fdb"},"headline":"El Ayuntamiento celebra el D\u00eda Internacional de la Poes\u00eda con un recital en la biblioteca de Chantrea y la presentaci\u00f3n del nuevo n\u00famero de la revista del Ateneo Navarro","datePublished":"2017-03-20T11:10:09+00:00","mainEntityOfPage":{"@id":"https:\/\/www.laguiadepamplona.com\/actualidad\/el-ayuntamiento-celebra-el-dia-internacional-de-la-poesia-con-un-recital-en-la-biblioteca-de-chantrea-y-la-presentacion-del-nuevo-numero-de-la-revista-del-ateneo-navarro\/"},"wordCount":277,"publisher":{"@id":"https:\/\/www.laguiadepamplona.com\/actualidad\/#organization"},"image":{"@id":"https:\/\/www.laguiadepamplona.com\/actualidad\/el-ayuntamiento-celebra-el-dia-internacional-de-la-poesia-con-un-recital-en-la-biblioteca-de-chantrea-y-la-presentacion-del-nuevo-numero-de-la-revista-del-ateneo-navarro\/#primaryimage"},"thumbnailUrl":"https:\/\/www.laguiadepamplona.com\/actualidad\/wp-content\/uploads\/2016\/12\/casa-juventud-pamplona-600x400.jpg","articleSection":["Ayto Pamplona"],"inLanguage":"es"},{"@type":"WebPage","@id":"https:\/\/www.laguiadepamplona.com\/actualidad\/el-ayuntamiento-celebra-el-dia-internacional-de-la-poesia-con-un-recital-en-la-biblioteca-de-chantrea-y-la-presentacion-del-nuevo-numero-de-la-revista-del-ateneo-navarro\/","url":"https:\/\/www.laguiadepamplona.com\/actualidad\/el-ayuntamiento-celebra-el-dia-internacional-de-la-poesia-con-un-recital-en-la-biblioteca-de-chantrea-y-la-presentacion-del-nuevo-numero-de-la-revista-del-ateneo-navarro\/","name":"El Ayuntamiento celebra el D\u00eda Internacional de la Poes\u00eda con un recital en la biblioteca de Chantrea y la presentaci\u00f3n del nuevo n\u00famero de la revista del Ateneo Navarro","isPartOf":{"@id":"https:\/\/www.laguiadepamplona.com\/actualidad\/#website"},"primaryImageOfPage":{"@id":"https:\/\/www.laguiadepamplona.com\/actualidad\/el-ayuntamiento-celebra-el-dia-internacional-de-la-poesia-con-un-recital-en-la-biblioteca-de-chantrea-y-la-presentacion-del-nuevo-numero-de-la-revista-del-ateneo-navarro\/#primaryimage"},"image":{"@id":"https:\/\/www.laguiadepamplona.com\/actualidad\/el-ayuntamiento-celebra-el-dia-internacional-de-la-poesia-con-un-recital-en-la-biblioteca-de-chantrea-y-la-presentacion-del-nuevo-numero-de-la-revista-del-ateneo-navarro\/#primaryimage"},"thumbnailUrl":"https:\/\/www.laguiadepamplona.com\/actualidad\/wp-content\/uploads\/2016\/12\/casa-juventud-pamplona-600x400.jpg","datePublished":"2017-03-20T11:10:09+00:00","breadcrumb":{"@id":"https:\/\/www.laguiadepamplona.com\/actualidad\/el-ayuntamiento-celebra-el-dia-internacional-de-la-poesia-con-un-recital-en-la-biblioteca-de-chantrea-y-la-presentacion-del-nuevo-numero-de-la-revista-del-ateneo-navarro\/#breadcrumb"},"inLanguage":"es","potentialAction":[{"@type":"ReadAction","target":["https:\/\/www.laguiadepamplona.com\/actualidad\/el-ayuntamiento-celebra-el-dia-internacional-de-la-poesia-con-un-recital-en-la-biblioteca-de-chantrea-y-la-presentacion-del-nuevo-numero-de-la-revista-del-ateneo-navarro\/"]}]},{"@type":"ImageObject","inLanguage":"es","@id":"https:\/\/www.laguiadepamplona.com\/actualidad\/el-ayuntamiento-celebra-el-dia-internacional-de-la-poesia-con-un-recital-en-la-biblioteca-de-chantrea-y-la-presentacion-del-nuevo-numero-de-la-revista-del-ateneo-navarro\/#primaryimage","url":"https:\/\/www.laguiadepamplona.com\/actualidad\/wp-content\/uploads\/2016\/12\/casa-juventud-pamplona-600x400.jpg","contentUrl":"https:\/\/www.laguiadepamplona.com\/actualidad\/wp-content\/uploads\/2016\/12\/casa-juventud-pamplona-600x400.jpg","width":600,"height":400},{"@type":"BreadcrumbList","@id":"https:\/\/www.laguiadepamplona.com\/actualidad\/el-ayuntamiento-celebra-el-dia-internacional-de-la-poesia-con-un-recital-en-la-biblioteca-de-chantrea-y-la-presentacion-del-nuevo-numero-de-la-revista-del-ateneo-navarro\/#breadcrumb","itemListElement":[{"@type":"ListItem","position":1,"name":"Portada","item":"https:\/\/www.laguiadepamplona.com\/actualidad\/"},{"@type":"ListItem","position":2,"name":"El Ayuntamiento celebra el D\u00eda Internacional de la Poes\u00eda con un recital en la biblioteca de Chantrea y la presentaci\u00f3n del nuevo n\u00famero de la revista del Ateneo Navarro"}]},{"@type":"WebSite","@id":"https:\/\/www.laguiadepamplona.com\/actualidad\/#website","url":"https:\/\/www.laguiadepamplona.com\/actualidad\/","name":"La gu\u00eda de Pamplona","description":"Noticias de Pamplona","publisher":{"@id":"https:\/\/www.laguiadepamplona.com\/actualidad\/#organization"},"potentialAction":[{"@type":"SearchAction","target":{"@type":"EntryPoint","urlTemplate":"https:\/\/www.laguiadepamplona.com\/actualidad\/?s={search_term_string}"},"query-input":{"@type":"PropertyValueSpecification","valueRequired":true,"valueName":"search_term_string"}}],"inLanguage":"es"},{"@type":"Organization","@id":"https:\/\/www.laguiadepamplona.com\/actualidad\/#organization","name":"La Gu\u00eda de Pamplona \/ Noticias","url":"https:\/\/www.laguiadepamplona.com\/actualidad\/","logo":{"@type":"ImageObject","inLanguage":"es","@id":"https:\/\/www.laguiadepamplona.com\/actualidad\/#\/schema\/logo\/image\/","url":"https:\/\/www.laguiadepamplona.com\/actualidad\/wp-content\/uploads\/2018\/11\/logo-laguiadepamplona18-web1.png","contentUrl":"https:\/\/www.laguiadepamplona.com\/actualidad\/wp-content\/uploads\/2018\/11\/logo-laguiadepamplona18-web1.png","width":600,"height":196,"caption":"La Gu\u00eda de Pamplona \/ Noticias"},"image":{"@id":"https:\/\/www.laguiadepamplona.com\/actualidad\/#\/schema\/logo\/image\/"},"sameAs":["https:\/\/www.facebook.com\/laguiadepamplonacom-133175176762273\/?ref=hl","https:\/\/x.com\/LaGuiadPamplona","https:\/\/www.instagram.com\/la_guia_de_pamplona\/","https:\/\/www.youtube.com\/user\/laguiadepamplona"]},{"@type":"Person","@id":"https:\/\/www.laguiadepamplona.com\/actualidad\/#\/schema\/person\/efe887376f0213d4657c93adc50b1fdb","name":"La Gu\u00eda de Pamplona","image":{"@type":"ImageObject","inLanguage":"es","@id":"https:\/\/secure.gravatar.com\/avatar\/b6992f131dc8d30ab0dff15446e9d346d9dbd95992de0fef795073f5ea83a81c?s=96&d=mm&r=g","url":"https:\/\/secure.gravatar.com\/avatar\/b6992f131dc8d30ab0dff15446e9d346d9dbd95992de0fef795073f5ea83a81c?s=96&d=mm&r=g","contentUrl":"https:\/\/secure.gravatar.com\/avatar\/b6992f131dc8d30ab0dff15446e9d346d9dbd95992de0fef795073f5ea83a81c?s=96&d=mm&r=g","caption":"La Gu\u00eda de Pamplona"}}]}},"post_mailing_queue_ids":[],"_links":{"self":[{"href":"https:\/\/www.laguiadepamplona.com\/actualidad\/wp-json\/wp\/v2\/posts\/12319","targetHints":{"allow":["GET"]}}],"collection":[{"href":"https:\/\/www.laguiadepamplona.com\/actualidad\/wp-json\/wp\/v2\/posts"}],"about":[{"href":"https:\/\/www.laguiadepamplona.com\/actualidad\/wp-json\/wp\/v2\/types\/post"}],"author":[{"embeddable":true,"href":"https:\/\/www.laguiadepamplona.com\/actualidad\/wp-json\/wp\/v2\/users\/1"}],"replies":[{"embeddable":true,"href":"https:\/\/www.laguiadepamplona.com\/actualidad\/wp-json\/wp\/v2\/comments?post=12319"}],"version-history":[{"count":0,"href":"https:\/\/www.laguiadepamplona.com\/actualidad\/wp-json\/wp\/v2\/posts\/12319\/revisions"}],"wp:featuredmedia":[{"embeddable":true,"href":"https:\/\/www.laguiadepamplona.com\/actualidad\/wp-json\/wp\/v2\/media\/11022"}],"wp:attachment":[{"href":"https:\/\/www.laguiadepamplona.com\/actualidad\/wp-json\/wp\/v2\/media?parent=12319"}],"wp:term":[{"taxonomy":"category","embeddable":true,"href":"https:\/\/www.laguiadepamplona.com\/actualidad\/wp-json\/wp\/v2\/categories?post=12319"},{"taxonomy":"post_tag","embeddable":true,"href":"https:\/\/www.laguiadepamplona.com\/actualidad\/wp-json\/wp\/v2\/tags?post=12319"}],"curies":[{"name":"wp","href":"https:\/\/api.w.org\/{rel}","templated":true}]}}