{"id":12315,"date":"2017-03-20T12:08:04","date_gmt":"2017-03-20T11:08:04","guid":{"rendered":"http:\/\/laguiadepamplona.es\/actualidad\/?p=12315"},"modified":"2017-03-20T12:08:04","modified_gmt":"2017-03-20T11:08:04","slug":"civivox-mendillorri-termina-manana-el-trimestre-de-cine-accesible-con-la-proyeccion-de-requisitos-para-ser-una-persona-normal-con-audiodescripcion-y-subtitulado","status":"publish","type":"post","link":"https:\/\/www.laguiadepamplona.com\/actualidad\/civivox-mendillorri-termina-manana-el-trimestre-de-cine-accesible-con-la-proyeccion-de-requisitos-para-ser-una-persona-normal-con-audiodescripcion-y-subtitulado\/","title":{"rendered":"Civivox Mendillorri termina ma\u00f1ana el trimestre de cine accesible con la proyecci\u00f3n de \u2018&#8217;Requisitos para ser una persona normal\u2019, con audiodescripci\u00f3n y subtitulado"},"content":{"rendered":"<h3>La cita es a las 19 horas y la entrada es libre, previa retirada de invitaci\u00f3n<\/h3>\n<p><!--more--><\/p>\n<p>Ma\u00f1ana martes contin\u00faa el ciclo de cine accesible en Civivox Mendillorri. A las 19 horas, dentro del progama \u2018Ver, o\u00edr&#8230; y aplaudir\u2019, se proyectar\u00e1 la pel\u00edcula &#8216;Requisitos para ser una persona normal\u2019 (Espa\u00f1a, 2015, 94 minutos) dirigida y protagonizada por la actriz Leticia Dolera. La pel\u00edcula se proyectar\u00e1 con sistema de audiodescripci\u00f3n y subtitulado, de manera que sea accesible a todas las personas. La entrada es libre previa retirada de invitaci\u00f3n desde una hora antes del inicio (m\u00e1ximo de dos invitaciones por persona).<\/p>\n<p>En su primer filme como realizadora Dolera cuenta la historia de una mujer de 30 a\u00f1os cuya realidad no es buena. Sin trabajo, sin casa, sin pareja y sin familia, se da cuenta de que no cumple ninguno de los requisitos para ser considerada \u00abnormal\u00bb, y decide cambiarlo. En el reparto: Leticia Dolera, Manuel Burque, Jordi Llodr\u00e0, Carmen Machi y Silvia Munt. La pel\u00edcula fue premiada en 2015 en el Festival de M\u00e1laga (Gui\u00f3n Nobel, Fotograf\u00eda y Montaje).<\/p>\n<p>Con este filme acaban las proyecciones accesibles del trimestre en la que la semana pasada hubo tambi\u00e9n una conferencia sobre dos de los materiales de la serie \u2018Viendo Navarra\u2019, audiogu\u00edas descargables de forma libre, dise\u00f1adas en principio para discapacitados visuales, aunque son una opci\u00f3n gratuita y disponible al p\u00fablico en general.<\/p>\n<p>El pr\u00f3ximo trimestre lo previsto dentro de este programa son otros tres filmes en Civivox Mendillorri y una conferencia en Civivox Ensanche. Los filmes ser\u00e1n \u2018El apartamento\u2019, del consagrado director Billy Wilder (25 de abril); \u2018Hable con ella\u2019, del cineasta manchego Pedro Almodovar (16 de mayo) y \u2018Crimen Ferpecto\u2019, un disparatado triller-comedia, del bilbaino Alex de la Iglesia (6 de junio). La conferencia tendr\u00e1 lugar el 18 de mayo y versar\u00e1 sobre los \u2018Comercio antiguos de Pamplona y su historia\u2019. El programa \u2018Ver, o\u00edr&#8230; y aplaudir\u2019\u00a0 est\u00e1 gestionado por el Ayuntamiento de Pamplona y la Asociaci\u00f3n Retina Navarra en colaboraci\u00f3n, desde el a\u00f1o 2011. Su objetivo es de generar espacios de encuentro, de conocimiento y de fomento de la actividad cultural y social para todas las personas.<\/p>\n<p><strong>\u2018Ver, o\u00edr&#8230; y aplaudir\u2019. Pr\u00f3xima sesi\u00f3n<\/strong><\/p>\n<p><strong>Lugar:<\/strong> Civivox Mendillorri<\/p>\n<p><strong>Horario:<\/strong> 19 horas<\/p>\n<p>Entrada libre, previa retirada de invitaci\u00f3n desde una hora antes del comienzo de la actividad, m\u00e1ximo dos por persona<\/p>\n<p>Proyecciones con sistema de audiodescripci\u00f3n<\/p>\n<p><strong>Martes 21 marzo<\/strong><\/p>\n<ul>\n<li>Requisitos para ser una persona normal (Espa\u00f1a, 2015, Col, 94 minutos)<\/li>\n<li>Dirigida por Leticia Dolera. Int\u00e9rpretes: Leticia Dolera, Manuel Burque, Jordi Llodr\u00e0, Carmen Machi y Silvia Munt. Comedia. Espa\u00f1a. No recomendada para menores de 7 a\u00f1os<\/li>\n<\/ul>\n<p>&nbsp;<\/p>\n","protected":false},"excerpt":{"rendered":"<p>La cita es a las 19 horas y la entrada es libre, previa retirada de invitaci\u00f3n<\/p>\n","protected":false},"author":1,"featured_media":11011,"comment_status":"closed","ping_status":"closed","sticky":false,"template":"","format":"standard","meta":{"footnotes":""},"categories":[2],"tags":[],"class_list":["post-12315","post","type-post","status-publish","format-standard","has-post-thumbnail","hentry","category-ayuntamiento-pamplona"],"yoast_head":"<!-- This site is optimized with the Yoast SEO plugin v27.3 - https:\/\/yoast.com\/product\/yoast-seo-wordpress\/ -->\n<title>Civivox Mendillorri termina ma\u00f1ana el trimestre de cine accesible con la proyecci\u00f3n de \u2018&#039;Requisitos para ser una persona normal\u2019, con audiodescripci\u00f3n y subtitulado<\/title>\n<meta name=\"robots\" content=\"index, follow, max-snippet:-1, max-image-preview:large, max-video-preview:-1\" \/>\n<link rel=\"canonical\" href=\"https:\/\/www.laguiadepamplona.com\/actualidad\/civivox-mendillorri-termina-manana-el-trimestre-de-cine-accesible-con-la-proyeccion-de-requisitos-para-ser-una-persona-normal-con-audiodescripcion-y-subtitulado\/\" \/>\n<meta property=\"og:locale\" content=\"es_ES\" \/>\n<meta property=\"og:type\" content=\"article\" \/>\n<meta property=\"og:title\" content=\"Civivox Mendillorri termina ma\u00f1ana el trimestre de cine accesible con la proyecci\u00f3n de \u2018&#039;Requisitos para ser una persona normal\u2019, con audiodescripci\u00f3n y subtitulado\" \/>\n<meta property=\"og:description\" content=\"La cita es a las 19 horas y la entrada es libre, previa retirada de invitaci\u00f3n\" \/>\n<meta property=\"og:url\" content=\"https:\/\/www.laguiadepamplona.com\/actualidad\/civivox-mendillorri-termina-manana-el-trimestre-de-cine-accesible-con-la-proyeccion-de-requisitos-para-ser-una-persona-normal-con-audiodescripcion-y-subtitulado\/\" \/>\n<meta property=\"og:site_name\" content=\"La Gu\u00eda de Pamplona\" \/>\n<meta property=\"article:publisher\" content=\"https:\/\/www.facebook.com\/laguiadepamplonacom-133175176762273\/?ref=hl\" \/>\n<meta property=\"article:published_time\" content=\"2017-03-20T11:08:04+00:00\" \/>\n<meta property=\"og:image\" content=\"https:\/\/www.laguiadepamplona.com\/actualidad\/wp-content\/uploads\/2016\/12\/civivox-mendillorri.jpg\" \/>\n\t<meta property=\"og:image:width\" content=\"870\" \/>\n\t<meta property=\"og:image:height\" content=\"390\" \/>\n\t<meta property=\"og:image:type\" content=\"image\/jpeg\" \/>\n<meta name=\"author\" content=\"La Gu\u00eda de Pamplona\" \/>\n<meta name=\"twitter:card\" content=\"summary_large_image\" \/>\n<meta name=\"twitter:creator\" content=\"@LaGuiadPamplona\" \/>\n<meta name=\"twitter:site\" content=\"@LaGuiadPamplona\" \/>\n<meta name=\"twitter:label1\" content=\"Escrito por\" \/>\n\t<meta name=\"twitter:data1\" content=\"La Gu\u00eda de Pamplona\" \/>\n\t<meta name=\"twitter:label2\" content=\"Tiempo de lectura\" \/>\n\t<meta name=\"twitter:data2\" content=\"2 minutos\" \/>\n<script type=\"application\/ld+json\" class=\"yoast-schema-graph\">{\"@context\":\"https:\\\/\\\/schema.org\",\"@graph\":[{\"@type\":\"Article\",\"@id\":\"https:\\\/\\\/www.laguiadepamplona.com\\\/actualidad\\\/civivox-mendillorri-termina-manana-el-trimestre-de-cine-accesible-con-la-proyeccion-de-requisitos-para-ser-una-persona-normal-con-audiodescripcion-y-subtitulado\\\/#article\",\"isPartOf\":{\"@id\":\"https:\\\/\\\/www.laguiadepamplona.com\\\/actualidad\\\/civivox-mendillorri-termina-manana-el-trimestre-de-cine-accesible-con-la-proyeccion-de-requisitos-para-ser-una-persona-normal-con-audiodescripcion-y-subtitulado\\\/\"},\"author\":{\"name\":\"La Gu\u00eda de Pamplona\",\"@id\":\"https:\\\/\\\/www.laguiadepamplona.com\\\/actualidad\\\/#\\\/schema\\\/person\\\/efe887376f0213d4657c93adc50b1fdb\"},\"headline\":\"Civivox Mendillorri termina ma\u00f1ana el trimestre de cine accesible con la proyecci\u00f3n de \u2018&#8217;Requisitos para ser una persona normal\u2019, con audiodescripci\u00f3n y subtitulado\",\"datePublished\":\"2017-03-20T11:08:04+00:00\",\"mainEntityOfPage\":{\"@id\":\"https:\\\/\\\/www.laguiadepamplona.com\\\/actualidad\\\/civivox-mendillorri-termina-manana-el-trimestre-de-cine-accesible-con-la-proyeccion-de-requisitos-para-ser-una-persona-normal-con-audiodescripcion-y-subtitulado\\\/\"},\"wordCount\":477,\"publisher\":{\"@id\":\"https:\\\/\\\/www.laguiadepamplona.com\\\/actualidad\\\/#organization\"},\"image\":{\"@id\":\"https:\\\/\\\/www.laguiadepamplona.com\\\/actualidad\\\/civivox-mendillorri-termina-manana-el-trimestre-de-cine-accesible-con-la-proyeccion-de-requisitos-para-ser-una-persona-normal-con-audiodescripcion-y-subtitulado\\\/#primaryimage\"},\"thumbnailUrl\":\"https:\\\/\\\/www.laguiadepamplona.com\\\/actualidad\\\/wp-content\\\/uploads\\\/2016\\\/12\\\/civivox-mendillorri.jpg\",\"articleSection\":[\"Ayto Pamplona\"],\"inLanguage\":\"es\"},{\"@type\":\"WebPage\",\"@id\":\"https:\\\/\\\/www.laguiadepamplona.com\\\/actualidad\\\/civivox-mendillorri-termina-manana-el-trimestre-de-cine-accesible-con-la-proyeccion-de-requisitos-para-ser-una-persona-normal-con-audiodescripcion-y-subtitulado\\\/\",\"url\":\"https:\\\/\\\/www.laguiadepamplona.com\\\/actualidad\\\/civivox-mendillorri-termina-manana-el-trimestre-de-cine-accesible-con-la-proyeccion-de-requisitos-para-ser-una-persona-normal-con-audiodescripcion-y-subtitulado\\\/\",\"name\":\"Civivox Mendillorri termina ma\u00f1ana el trimestre de cine accesible con la proyecci\u00f3n de \u2018'Requisitos para ser una persona normal\u2019, con audiodescripci\u00f3n y subtitulado\",\"isPartOf\":{\"@id\":\"https:\\\/\\\/www.laguiadepamplona.com\\\/actualidad\\\/#website\"},\"primaryImageOfPage\":{\"@id\":\"https:\\\/\\\/www.laguiadepamplona.com\\\/actualidad\\\/civivox-mendillorri-termina-manana-el-trimestre-de-cine-accesible-con-la-proyeccion-de-requisitos-para-ser-una-persona-normal-con-audiodescripcion-y-subtitulado\\\/#primaryimage\"},\"image\":{\"@id\":\"https:\\\/\\\/www.laguiadepamplona.com\\\/actualidad\\\/civivox-mendillorri-termina-manana-el-trimestre-de-cine-accesible-con-la-proyeccion-de-requisitos-para-ser-una-persona-normal-con-audiodescripcion-y-subtitulado\\\/#primaryimage\"},\"thumbnailUrl\":\"https:\\\/\\\/www.laguiadepamplona.com\\\/actualidad\\\/wp-content\\\/uploads\\\/2016\\\/12\\\/civivox-mendillorri.jpg\",\"datePublished\":\"2017-03-20T11:08:04+00:00\",\"breadcrumb\":{\"@id\":\"https:\\\/\\\/www.laguiadepamplona.com\\\/actualidad\\\/civivox-mendillorri-termina-manana-el-trimestre-de-cine-accesible-con-la-proyeccion-de-requisitos-para-ser-una-persona-normal-con-audiodescripcion-y-subtitulado\\\/#breadcrumb\"},\"inLanguage\":\"es\",\"potentialAction\":[{\"@type\":\"ReadAction\",\"target\":[\"https:\\\/\\\/www.laguiadepamplona.com\\\/actualidad\\\/civivox-mendillorri-termina-manana-el-trimestre-de-cine-accesible-con-la-proyeccion-de-requisitos-para-ser-una-persona-normal-con-audiodescripcion-y-subtitulado\\\/\"]}]},{\"@type\":\"ImageObject\",\"inLanguage\":\"es\",\"@id\":\"https:\\\/\\\/www.laguiadepamplona.com\\\/actualidad\\\/civivox-mendillorri-termina-manana-el-trimestre-de-cine-accesible-con-la-proyeccion-de-requisitos-para-ser-una-persona-normal-con-audiodescripcion-y-subtitulado\\\/#primaryimage\",\"url\":\"https:\\\/\\\/www.laguiadepamplona.com\\\/actualidad\\\/wp-content\\\/uploads\\\/2016\\\/12\\\/civivox-mendillorri.jpg\",\"contentUrl\":\"https:\\\/\\\/www.laguiadepamplona.com\\\/actualidad\\\/wp-content\\\/uploads\\\/2016\\\/12\\\/civivox-mendillorri.jpg\",\"width\":870,\"height\":390},{\"@type\":\"BreadcrumbList\",\"@id\":\"https:\\\/\\\/www.laguiadepamplona.com\\\/actualidad\\\/civivox-mendillorri-termina-manana-el-trimestre-de-cine-accesible-con-la-proyeccion-de-requisitos-para-ser-una-persona-normal-con-audiodescripcion-y-subtitulado\\\/#breadcrumb\",\"itemListElement\":[{\"@type\":\"ListItem\",\"position\":1,\"name\":\"Portada\",\"item\":\"https:\\\/\\\/www.laguiadepamplona.com\\\/actualidad\\\/\"},{\"@type\":\"ListItem\",\"position\":2,\"name\":\"Civivox Mendillorri termina ma\u00f1ana el trimestre de cine accesible con la proyecci\u00f3n de \u2018&#8217;Requisitos para ser una persona normal\u2019, con audiodescripci\u00f3n y subtitulado\"}]},{\"@type\":\"WebSite\",\"@id\":\"https:\\\/\\\/www.laguiadepamplona.com\\\/actualidad\\\/#website\",\"url\":\"https:\\\/\\\/www.laguiadepamplona.com\\\/actualidad\\\/\",\"name\":\"La gu\u00eda de Pamplona\",\"description\":\"Noticias de Pamplona\",\"publisher\":{\"@id\":\"https:\\\/\\\/www.laguiadepamplona.com\\\/actualidad\\\/#organization\"},\"potentialAction\":[{\"@type\":\"SearchAction\",\"target\":{\"@type\":\"EntryPoint\",\"urlTemplate\":\"https:\\\/\\\/www.laguiadepamplona.com\\\/actualidad\\\/?s={search_term_string}\"},\"query-input\":{\"@type\":\"PropertyValueSpecification\",\"valueRequired\":true,\"valueName\":\"search_term_string\"}}],\"inLanguage\":\"es\"},{\"@type\":\"Organization\",\"@id\":\"https:\\\/\\\/www.laguiadepamplona.com\\\/actualidad\\\/#organization\",\"name\":\"La Gu\u00eda de Pamplona \\\/ Noticias\",\"url\":\"https:\\\/\\\/www.laguiadepamplona.com\\\/actualidad\\\/\",\"logo\":{\"@type\":\"ImageObject\",\"inLanguage\":\"es\",\"@id\":\"https:\\\/\\\/www.laguiadepamplona.com\\\/actualidad\\\/#\\\/schema\\\/logo\\\/image\\\/\",\"url\":\"https:\\\/\\\/www.laguiadepamplona.com\\\/actualidad\\\/wp-content\\\/uploads\\\/2018\\\/11\\\/logo-laguiadepamplona18-web1.png\",\"contentUrl\":\"https:\\\/\\\/www.laguiadepamplona.com\\\/actualidad\\\/wp-content\\\/uploads\\\/2018\\\/11\\\/logo-laguiadepamplona18-web1.png\",\"width\":600,\"height\":196,\"caption\":\"La Gu\u00eda de Pamplona \\\/ Noticias\"},\"image\":{\"@id\":\"https:\\\/\\\/www.laguiadepamplona.com\\\/actualidad\\\/#\\\/schema\\\/logo\\\/image\\\/\"},\"sameAs\":[\"https:\\\/\\\/www.facebook.com\\\/laguiadepamplonacom-133175176762273\\\/?ref=hl\",\"https:\\\/\\\/x.com\\\/LaGuiadPamplona\",\"https:\\\/\\\/www.instagram.com\\\/la_guia_de_pamplona\\\/\",\"https:\\\/\\\/www.youtube.com\\\/user\\\/laguiadepamplona\"]},{\"@type\":\"Person\",\"@id\":\"https:\\\/\\\/www.laguiadepamplona.com\\\/actualidad\\\/#\\\/schema\\\/person\\\/efe887376f0213d4657c93adc50b1fdb\",\"name\":\"La Gu\u00eda de Pamplona\",\"image\":{\"@type\":\"ImageObject\",\"inLanguage\":\"es\",\"@id\":\"https:\\\/\\\/secure.gravatar.com\\\/avatar\\\/b6992f131dc8d30ab0dff15446e9d346d9dbd95992de0fef795073f5ea83a81c?s=96&d=mm&r=g\",\"url\":\"https:\\\/\\\/secure.gravatar.com\\\/avatar\\\/b6992f131dc8d30ab0dff15446e9d346d9dbd95992de0fef795073f5ea83a81c?s=96&d=mm&r=g\",\"contentUrl\":\"https:\\\/\\\/secure.gravatar.com\\\/avatar\\\/b6992f131dc8d30ab0dff15446e9d346d9dbd95992de0fef795073f5ea83a81c?s=96&d=mm&r=g\",\"caption\":\"La Gu\u00eda de Pamplona\"}}]}<\/script>\n<!-- \/ Yoast SEO plugin. -->","yoast_head_json":{"title":"Civivox Mendillorri termina ma\u00f1ana el trimestre de cine accesible con la proyecci\u00f3n de \u2018'Requisitos para ser una persona normal\u2019, con audiodescripci\u00f3n y subtitulado","robots":{"index":"index","follow":"follow","max-snippet":"max-snippet:-1","max-image-preview":"max-image-preview:large","max-video-preview":"max-video-preview:-1"},"canonical":"https:\/\/www.laguiadepamplona.com\/actualidad\/civivox-mendillorri-termina-manana-el-trimestre-de-cine-accesible-con-la-proyeccion-de-requisitos-para-ser-una-persona-normal-con-audiodescripcion-y-subtitulado\/","og_locale":"es_ES","og_type":"article","og_title":"Civivox Mendillorri termina ma\u00f1ana el trimestre de cine accesible con la proyecci\u00f3n de \u2018'Requisitos para ser una persona normal\u2019, con audiodescripci\u00f3n y subtitulado","og_description":"La cita es a las 19 horas y la entrada es libre, previa retirada de invitaci\u00f3n","og_url":"https:\/\/www.laguiadepamplona.com\/actualidad\/civivox-mendillorri-termina-manana-el-trimestre-de-cine-accesible-con-la-proyeccion-de-requisitos-para-ser-una-persona-normal-con-audiodescripcion-y-subtitulado\/","og_site_name":"La Gu\u00eda de Pamplona","article_publisher":"https:\/\/www.facebook.com\/laguiadepamplonacom-133175176762273\/?ref=hl","article_published_time":"2017-03-20T11:08:04+00:00","og_image":[{"width":870,"height":390,"url":"https:\/\/www.laguiadepamplona.com\/actualidad\/wp-content\/uploads\/2016\/12\/civivox-mendillorri.jpg","type":"image\/jpeg"}],"author":"La Gu\u00eda de Pamplona","twitter_card":"summary_large_image","twitter_creator":"@LaGuiadPamplona","twitter_site":"@LaGuiadPamplona","twitter_misc":{"Escrito por":"La Gu\u00eda de Pamplona","Tiempo de lectura":"2 minutos"},"schema":{"@context":"https:\/\/schema.org","@graph":[{"@type":"Article","@id":"https:\/\/www.laguiadepamplona.com\/actualidad\/civivox-mendillorri-termina-manana-el-trimestre-de-cine-accesible-con-la-proyeccion-de-requisitos-para-ser-una-persona-normal-con-audiodescripcion-y-subtitulado\/#article","isPartOf":{"@id":"https:\/\/www.laguiadepamplona.com\/actualidad\/civivox-mendillorri-termina-manana-el-trimestre-de-cine-accesible-con-la-proyeccion-de-requisitos-para-ser-una-persona-normal-con-audiodescripcion-y-subtitulado\/"},"author":{"name":"La Gu\u00eda de Pamplona","@id":"https:\/\/www.laguiadepamplona.com\/actualidad\/#\/schema\/person\/efe887376f0213d4657c93adc50b1fdb"},"headline":"Civivox Mendillorri termina ma\u00f1ana el trimestre de cine accesible con la proyecci\u00f3n de \u2018&#8217;Requisitos para ser una persona normal\u2019, con audiodescripci\u00f3n y subtitulado","datePublished":"2017-03-20T11:08:04+00:00","mainEntityOfPage":{"@id":"https:\/\/www.laguiadepamplona.com\/actualidad\/civivox-mendillorri-termina-manana-el-trimestre-de-cine-accesible-con-la-proyeccion-de-requisitos-para-ser-una-persona-normal-con-audiodescripcion-y-subtitulado\/"},"wordCount":477,"publisher":{"@id":"https:\/\/www.laguiadepamplona.com\/actualidad\/#organization"},"image":{"@id":"https:\/\/www.laguiadepamplona.com\/actualidad\/civivox-mendillorri-termina-manana-el-trimestre-de-cine-accesible-con-la-proyeccion-de-requisitos-para-ser-una-persona-normal-con-audiodescripcion-y-subtitulado\/#primaryimage"},"thumbnailUrl":"https:\/\/www.laguiadepamplona.com\/actualidad\/wp-content\/uploads\/2016\/12\/civivox-mendillorri.jpg","articleSection":["Ayto Pamplona"],"inLanguage":"es"},{"@type":"WebPage","@id":"https:\/\/www.laguiadepamplona.com\/actualidad\/civivox-mendillorri-termina-manana-el-trimestre-de-cine-accesible-con-la-proyeccion-de-requisitos-para-ser-una-persona-normal-con-audiodescripcion-y-subtitulado\/","url":"https:\/\/www.laguiadepamplona.com\/actualidad\/civivox-mendillorri-termina-manana-el-trimestre-de-cine-accesible-con-la-proyeccion-de-requisitos-para-ser-una-persona-normal-con-audiodescripcion-y-subtitulado\/","name":"Civivox Mendillorri termina ma\u00f1ana el trimestre de cine accesible con la proyecci\u00f3n de \u2018'Requisitos para ser una persona normal\u2019, con audiodescripci\u00f3n y subtitulado","isPartOf":{"@id":"https:\/\/www.laguiadepamplona.com\/actualidad\/#website"},"primaryImageOfPage":{"@id":"https:\/\/www.laguiadepamplona.com\/actualidad\/civivox-mendillorri-termina-manana-el-trimestre-de-cine-accesible-con-la-proyeccion-de-requisitos-para-ser-una-persona-normal-con-audiodescripcion-y-subtitulado\/#primaryimage"},"image":{"@id":"https:\/\/www.laguiadepamplona.com\/actualidad\/civivox-mendillorri-termina-manana-el-trimestre-de-cine-accesible-con-la-proyeccion-de-requisitos-para-ser-una-persona-normal-con-audiodescripcion-y-subtitulado\/#primaryimage"},"thumbnailUrl":"https:\/\/www.laguiadepamplona.com\/actualidad\/wp-content\/uploads\/2016\/12\/civivox-mendillorri.jpg","datePublished":"2017-03-20T11:08:04+00:00","breadcrumb":{"@id":"https:\/\/www.laguiadepamplona.com\/actualidad\/civivox-mendillorri-termina-manana-el-trimestre-de-cine-accesible-con-la-proyeccion-de-requisitos-para-ser-una-persona-normal-con-audiodescripcion-y-subtitulado\/#breadcrumb"},"inLanguage":"es","potentialAction":[{"@type":"ReadAction","target":["https:\/\/www.laguiadepamplona.com\/actualidad\/civivox-mendillorri-termina-manana-el-trimestre-de-cine-accesible-con-la-proyeccion-de-requisitos-para-ser-una-persona-normal-con-audiodescripcion-y-subtitulado\/"]}]},{"@type":"ImageObject","inLanguage":"es","@id":"https:\/\/www.laguiadepamplona.com\/actualidad\/civivox-mendillorri-termina-manana-el-trimestre-de-cine-accesible-con-la-proyeccion-de-requisitos-para-ser-una-persona-normal-con-audiodescripcion-y-subtitulado\/#primaryimage","url":"https:\/\/www.laguiadepamplona.com\/actualidad\/wp-content\/uploads\/2016\/12\/civivox-mendillorri.jpg","contentUrl":"https:\/\/www.laguiadepamplona.com\/actualidad\/wp-content\/uploads\/2016\/12\/civivox-mendillorri.jpg","width":870,"height":390},{"@type":"BreadcrumbList","@id":"https:\/\/www.laguiadepamplona.com\/actualidad\/civivox-mendillorri-termina-manana-el-trimestre-de-cine-accesible-con-la-proyeccion-de-requisitos-para-ser-una-persona-normal-con-audiodescripcion-y-subtitulado\/#breadcrumb","itemListElement":[{"@type":"ListItem","position":1,"name":"Portada","item":"https:\/\/www.laguiadepamplona.com\/actualidad\/"},{"@type":"ListItem","position":2,"name":"Civivox Mendillorri termina ma\u00f1ana el trimestre de cine accesible con la proyecci\u00f3n de \u2018&#8217;Requisitos para ser una persona normal\u2019, con audiodescripci\u00f3n y subtitulado"}]},{"@type":"WebSite","@id":"https:\/\/www.laguiadepamplona.com\/actualidad\/#website","url":"https:\/\/www.laguiadepamplona.com\/actualidad\/","name":"La gu\u00eda de Pamplona","description":"Noticias de Pamplona","publisher":{"@id":"https:\/\/www.laguiadepamplona.com\/actualidad\/#organization"},"potentialAction":[{"@type":"SearchAction","target":{"@type":"EntryPoint","urlTemplate":"https:\/\/www.laguiadepamplona.com\/actualidad\/?s={search_term_string}"},"query-input":{"@type":"PropertyValueSpecification","valueRequired":true,"valueName":"search_term_string"}}],"inLanguage":"es"},{"@type":"Organization","@id":"https:\/\/www.laguiadepamplona.com\/actualidad\/#organization","name":"La Gu\u00eda de Pamplona \/ Noticias","url":"https:\/\/www.laguiadepamplona.com\/actualidad\/","logo":{"@type":"ImageObject","inLanguage":"es","@id":"https:\/\/www.laguiadepamplona.com\/actualidad\/#\/schema\/logo\/image\/","url":"https:\/\/www.laguiadepamplona.com\/actualidad\/wp-content\/uploads\/2018\/11\/logo-laguiadepamplona18-web1.png","contentUrl":"https:\/\/www.laguiadepamplona.com\/actualidad\/wp-content\/uploads\/2018\/11\/logo-laguiadepamplona18-web1.png","width":600,"height":196,"caption":"La Gu\u00eda de Pamplona \/ Noticias"},"image":{"@id":"https:\/\/www.laguiadepamplona.com\/actualidad\/#\/schema\/logo\/image\/"},"sameAs":["https:\/\/www.facebook.com\/laguiadepamplonacom-133175176762273\/?ref=hl","https:\/\/x.com\/LaGuiadPamplona","https:\/\/www.instagram.com\/la_guia_de_pamplona\/","https:\/\/www.youtube.com\/user\/laguiadepamplona"]},{"@type":"Person","@id":"https:\/\/www.laguiadepamplona.com\/actualidad\/#\/schema\/person\/efe887376f0213d4657c93adc50b1fdb","name":"La Gu\u00eda de Pamplona","image":{"@type":"ImageObject","inLanguage":"es","@id":"https:\/\/secure.gravatar.com\/avatar\/b6992f131dc8d30ab0dff15446e9d346d9dbd95992de0fef795073f5ea83a81c?s=96&d=mm&r=g","url":"https:\/\/secure.gravatar.com\/avatar\/b6992f131dc8d30ab0dff15446e9d346d9dbd95992de0fef795073f5ea83a81c?s=96&d=mm&r=g","contentUrl":"https:\/\/secure.gravatar.com\/avatar\/b6992f131dc8d30ab0dff15446e9d346d9dbd95992de0fef795073f5ea83a81c?s=96&d=mm&r=g","caption":"La Gu\u00eda de Pamplona"}}]}},"post_mailing_queue_ids":[],"_links":{"self":[{"href":"https:\/\/www.laguiadepamplona.com\/actualidad\/wp-json\/wp\/v2\/posts\/12315","targetHints":{"allow":["GET"]}}],"collection":[{"href":"https:\/\/www.laguiadepamplona.com\/actualidad\/wp-json\/wp\/v2\/posts"}],"about":[{"href":"https:\/\/www.laguiadepamplona.com\/actualidad\/wp-json\/wp\/v2\/types\/post"}],"author":[{"embeddable":true,"href":"https:\/\/www.laguiadepamplona.com\/actualidad\/wp-json\/wp\/v2\/users\/1"}],"replies":[{"embeddable":true,"href":"https:\/\/www.laguiadepamplona.com\/actualidad\/wp-json\/wp\/v2\/comments?post=12315"}],"version-history":[{"count":0,"href":"https:\/\/www.laguiadepamplona.com\/actualidad\/wp-json\/wp\/v2\/posts\/12315\/revisions"}],"wp:featuredmedia":[{"embeddable":true,"href":"https:\/\/www.laguiadepamplona.com\/actualidad\/wp-json\/wp\/v2\/media\/11011"}],"wp:attachment":[{"href":"https:\/\/www.laguiadepamplona.com\/actualidad\/wp-json\/wp\/v2\/media?parent=12315"}],"wp:term":[{"taxonomy":"category","embeddable":true,"href":"https:\/\/www.laguiadepamplona.com\/actualidad\/wp-json\/wp\/v2\/categories?post=12315"},{"taxonomy":"post_tag","embeddable":true,"href":"https:\/\/www.laguiadepamplona.com\/actualidad\/wp-json\/wp\/v2\/tags?post=12315"}],"curies":[{"name":"wp","href":"https:\/\/api.w.org\/{rel}","templated":true}]}}