{"id":12308,"date":"2017-03-16T14:02:07","date_gmt":"2017-03-16T13:02:07","guid":{"rendered":"http:\/\/laguiadepamplona.es\/actualidad\/?p=12308"},"modified":"2017-03-16T14:02:07","modified_gmt":"2017-03-16T13:02:07","slug":"alumnos-y-profesores-de-masteres-universitarios-vinculados-al-diseno-constructivo-y-la-gestion-ambiental-visitan-el-edificio-dotacional-de-mendillorri","status":"publish","type":"post","link":"https:\/\/www.laguiadepamplona.com\/actualidad\/alumnos-y-profesores-de-masteres-universitarios-vinculados-al-diseno-constructivo-y-la-gestion-ambiental-visitan-el-edificio-dotacional-de-mendillorri\/","title":{"rendered":"Alumnos y profesores de m\u00e1steres universitarios vinculados al dise\u00f1o constructivo y la gesti\u00f3n ambiental visitan el edificio dotacional de Mendillorri"},"content":{"rendered":"<h3>Alumnos de las universidades de Navarra, Cardiff y Dresde incluyen este \u2018Edificio passivhaus\u2019 entre los espacios de inter\u00e9s para su intercambio<\/h3>\n<p><!--more--><\/p>\n<p><a href=\"http:\/\/laguiadepamplona.es\/actualidad\/wp-content\/uploads\/2017\/03\/visita_universitarios_edificio_mendillorri3.jpg\"><img loading=\"lazy\" decoding=\"async\" class=\"alignleft size-medium wp-image-12311\" src=\"http:\/\/laguiadepamplona.es\/actualidad\/wp-content\/uploads\/2017\/03\/visita_universitarios_edificio_mendillorri3-300x195.jpg\" alt=\"\" width=\"300\" height=\"195\" srcset=\"https:\/\/www.laguiadepamplona.com\/actualidad\/wp-content\/uploads\/2017\/03\/visita_universitarios_edificio_mendillorri3-300x195.jpg 300w, https:\/\/www.laguiadepamplona.com\/actualidad\/wp-content\/uploads\/2017\/03\/visita_universitarios_edificio_mendillorri3-768x499.jpg 768w, https:\/\/www.laguiadepamplona.com\/actualidad\/wp-content\/uploads\/2017\/03\/visita_universitarios_edificio_mendillorri3.jpg 1000w\" sizes=\"auto, (max-width: 300px) 100vw, 300px\" \/><\/a>A primera hora de esta tarde, 40 estudiantes y 5 profesores han visitado el nuevo edificio dotacional para usos comunitarios de Mendillorri, en la calle Concejo de Sarriguren, acompa\u00f1ados por Manuel Enr\u00edquez, uno de los arquitectos de ByE Arquitectos, la empresa redactora del proyecto de construcci\u00f3n. El grupo estaba formado por alumnado y profesorado de m\u00e1ster de las universidades de Cardiff (Gales, Gran Breta\u00f1a) y Dresde (Alemania), de visita en Pamplona, as\u00ed como alumnado del M\u00e1ster en Dise\u00f1o y Gesti\u00f3n Ambiental de Edificios (MDGAE) en la Universidad de Navarra.<\/p>\n<p>La elecci\u00f3n concreta de este edificio para hacer la visita se debe a que proyecto constructivo busca la sostenibilidad enfocada como eficiencia energ\u00e9tica, uso energ\u00edas renovables y construcci\u00f3n sana. El edificio, de 260,39 metros de superficie \u00fatil, desde el punto de\u00a0 vista de la eficiencia se somete a los est\u00e1ndares de Passivhaus en ahorro energ\u00e9tico, de forma que se pretende reducir hasta en un 90% el consumo de la energ\u00eda total usada, principalmente en calefacci\u00f3n y aire acondicionado, respecto a los gastos energ\u00e9ticos de un edificio t\u00edpico.<\/p>\n<p>Los alumnos extranjeros se encuentran en Pamplona por de un acuerdo de intercambio internacional entre universidades y est\u00e1n comprobando sobre el terreno actuaciones de construcci\u00f3n, sostenibilidad y eficiencia energ\u00e9tica realizadas en Navarra. Por la ma\u00f1ana, antes de la visita a Mendillorri, han acudido a los edificios de CENER, ACCIONA y est\u00e1 previsto que por la tarde acudan al CENIFER.<\/p>\n<p><strong>La energ\u00eda y los edificios<\/strong><\/p>\n<p><a href=\"http:\/\/laguiadepamplona.es\/actualidad\/wp-content\/uploads\/2017\/03\/visita_universitarios_edificio_mendillorri1.jpg\"><img loading=\"lazy\" decoding=\"async\" class=\"alignleft size-medium wp-image-12309\" src=\"http:\/\/laguiadepamplona.es\/actualidad\/wp-content\/uploads\/2017\/03\/visita_universitarios_edificio_mendillorri1-300x195.jpg\" alt=\"\" width=\"300\" height=\"195\" srcset=\"https:\/\/www.laguiadepamplona.com\/actualidad\/wp-content\/uploads\/2017\/03\/visita_universitarios_edificio_mendillorri1-300x195.jpg 300w, https:\/\/www.laguiadepamplona.com\/actualidad\/wp-content\/uploads\/2017\/03\/visita_universitarios_edificio_mendillorri1-768x499.jpg 768w, https:\/\/www.laguiadepamplona.com\/actualidad\/wp-content\/uploads\/2017\/03\/visita_universitarios_edificio_mendillorri1.jpg 1000w\" sizes=\"auto, (max-width: 300px) 100vw, 300px\" \/><\/a>En la visita el alumnado especializado en este campo ha podido familiarizarse con los sistemas de monitorizaci\u00f3n del edificio, tanto en interior y exterior, basado en sondas de temperatura y humedad, de CO2 y contadores de energ\u00eda, entre otros. Cuando el conjunto est\u00e1 acabado se conectar\u00e1 a una plataforma digital que permitir\u00e1 el procesamiento de los datos recabados, su visualizaci\u00f3n en tiempo real, el dise\u00f1o de an\u00e1lisis espec\u00edficos, etc.. As\u00ed toda la informaci\u00f3n ser\u00e1 procesada de manera autom\u00e1tica.<\/p>\n<p>Actualmente el edificio dotacional est\u00e1 en fase de colocaci\u00f3n de instalaciones interiores y tendr\u00e1 certificaci\u00f3n energ\u00e9tica A, con una demanda de calefacci\u00f3n y refrigeraci\u00f3n total inferiores a 15 kWh por metro cuadrado al a\u00f1o; una demanda de energ\u00eda primaria para calefacci\u00f3n, refrigeraci\u00f3n, energ\u00eda auxiliar y electricidad en general inferior a 120 kWh por metro cuadrado al a\u00f1o y unas caracter\u00edsticas de hermeticidad al paso del aire.<\/p>\n<p>Entre las medidas utilizadas para lograr estas cifras de consumo energ\u00e9tico, est\u00e1n la mejora de la envolvente del edificio (con aislamiento bajo solera y aislamiento de lana mineral en cubierta y fachadas, as\u00ed como carpinter\u00edas de madera de altas prestaciones y vidrios triples); el incremento de su hermeticidad; la alineaci\u00f3n de puentes t\u00e9rmicos; el empleo de la aerotermia; y una instalaci\u00f3n de ventilaci\u00f3n mec\u00e1nica de doble flujo con recuperador de calor. El edificio del Ayuntamiento de Pamplona tiene de presupuesto 315.588 euros.<\/p>\n","protected":false},"excerpt":{"rendered":"<p>Alumnos de las universidades de Navarra, Cardiff y Dresde incluyen este \u2018Edificio passivhaus\u2019 entre los espacios de inter\u00e9s para su intercambio<\/p>\n","protected":false},"author":1,"featured_media":12310,"comment_status":"closed","ping_status":"closed","sticky":false,"template":"","format":"standard","meta":{"footnotes":""},"categories":[2],"tags":[],"class_list":["post-12308","post","type-post","status-publish","format-standard","has-post-thumbnail","hentry","category-ayuntamiento-pamplona"],"yoast_head":"<!-- This site is optimized with the Yoast SEO plugin v27.3 - https:\/\/yoast.com\/product\/yoast-seo-wordpress\/ -->\n<title>Alumnos y profesores de m\u00e1steres universitarios vinculados al dise\u00f1o constructivo y la gesti\u00f3n ambiental visitan el edificio dotacional de Mendillorri<\/title>\n<meta name=\"robots\" content=\"index, follow, max-snippet:-1, max-image-preview:large, max-video-preview:-1\" \/>\n<link rel=\"canonical\" href=\"https:\/\/www.laguiadepamplona.com\/actualidad\/alumnos-y-profesores-de-masteres-universitarios-vinculados-al-diseno-constructivo-y-la-gestion-ambiental-visitan-el-edificio-dotacional-de-mendillorri\/\" \/>\n<meta property=\"og:locale\" content=\"es_ES\" \/>\n<meta property=\"og:type\" content=\"article\" \/>\n<meta property=\"og:title\" content=\"Alumnos y profesores de m\u00e1steres universitarios vinculados al dise\u00f1o constructivo y la gesti\u00f3n ambiental visitan el edificio dotacional de Mendillorri\" \/>\n<meta property=\"og:description\" content=\"Alumnos de las universidades de Navarra, Cardiff y Dresde incluyen este \u2018Edificio passivhaus\u2019 entre los espacios de inter\u00e9s para su intercambio\" \/>\n<meta property=\"og:url\" content=\"https:\/\/www.laguiadepamplona.com\/actualidad\/alumnos-y-profesores-de-masteres-universitarios-vinculados-al-diseno-constructivo-y-la-gestion-ambiental-visitan-el-edificio-dotacional-de-mendillorri\/\" \/>\n<meta property=\"og:site_name\" content=\"La Gu\u00eda de Pamplona\" \/>\n<meta property=\"article:publisher\" content=\"https:\/\/www.facebook.com\/laguiadepamplonacom-133175176762273\/?ref=hl\" \/>\n<meta property=\"article:published_time\" content=\"2017-03-16T13:02:07+00:00\" \/>\n<meta property=\"og:image\" content=\"https:\/\/www.laguiadepamplona.com\/actualidad\/wp-content\/uploads\/2017\/03\/visita_universitarios_edificio_mendillorri2.jpg\" \/>\n\t<meta property=\"og:image:width\" content=\"1000\" \/>\n\t<meta property=\"og:image:height\" content=\"650\" \/>\n\t<meta property=\"og:image:type\" content=\"image\/jpeg\" \/>\n<meta name=\"author\" content=\"La Gu\u00eda de Pamplona\" \/>\n<meta name=\"twitter:card\" content=\"summary_large_image\" \/>\n<meta name=\"twitter:creator\" content=\"@LaGuiadPamplona\" \/>\n<meta name=\"twitter:site\" content=\"@LaGuiadPamplona\" \/>\n<meta name=\"twitter:label1\" content=\"Escrito por\" \/>\n\t<meta name=\"twitter:data1\" content=\"La Gu\u00eda de Pamplona\" \/>\n\t<meta name=\"twitter:label2\" content=\"Tiempo de lectura\" \/>\n\t<meta name=\"twitter:data2\" content=\"3 minutos\" \/>\n<script type=\"application\/ld+json\" class=\"yoast-schema-graph\">{\"@context\":\"https:\\\/\\\/schema.org\",\"@graph\":[{\"@type\":\"Article\",\"@id\":\"https:\\\/\\\/www.laguiadepamplona.com\\\/actualidad\\\/alumnos-y-profesores-de-masteres-universitarios-vinculados-al-diseno-constructivo-y-la-gestion-ambiental-visitan-el-edificio-dotacional-de-mendillorri\\\/#article\",\"isPartOf\":{\"@id\":\"https:\\\/\\\/www.laguiadepamplona.com\\\/actualidad\\\/alumnos-y-profesores-de-masteres-universitarios-vinculados-al-diseno-constructivo-y-la-gestion-ambiental-visitan-el-edificio-dotacional-de-mendillorri\\\/\"},\"author\":{\"name\":\"La Gu\u00eda de Pamplona\",\"@id\":\"https:\\\/\\\/www.laguiadepamplona.com\\\/actualidad\\\/#\\\/schema\\\/person\\\/efe887376f0213d4657c93adc50b1fdb\"},\"headline\":\"Alumnos y profesores de m\u00e1steres universitarios vinculados al dise\u00f1o constructivo y la gesti\u00f3n ambiental visitan el edificio dotacional de Mendillorri\",\"datePublished\":\"2017-03-16T13:02:07+00:00\",\"mainEntityOfPage\":{\"@id\":\"https:\\\/\\\/www.laguiadepamplona.com\\\/actualidad\\\/alumnos-y-profesores-de-masteres-universitarios-vinculados-al-diseno-constructivo-y-la-gestion-ambiental-visitan-el-edificio-dotacional-de-mendillorri\\\/\"},\"wordCount\":555,\"publisher\":{\"@id\":\"https:\\\/\\\/www.laguiadepamplona.com\\\/actualidad\\\/#organization\"},\"image\":{\"@id\":\"https:\\\/\\\/www.laguiadepamplona.com\\\/actualidad\\\/alumnos-y-profesores-de-masteres-universitarios-vinculados-al-diseno-constructivo-y-la-gestion-ambiental-visitan-el-edificio-dotacional-de-mendillorri\\\/#primaryimage\"},\"thumbnailUrl\":\"https:\\\/\\\/www.laguiadepamplona.com\\\/actualidad\\\/wp-content\\\/uploads\\\/2017\\\/03\\\/visita_universitarios_edificio_mendillorri2.jpg\",\"articleSection\":[\"Ayto Pamplona\"],\"inLanguage\":\"es\"},{\"@type\":\"WebPage\",\"@id\":\"https:\\\/\\\/www.laguiadepamplona.com\\\/actualidad\\\/alumnos-y-profesores-de-masteres-universitarios-vinculados-al-diseno-constructivo-y-la-gestion-ambiental-visitan-el-edificio-dotacional-de-mendillorri\\\/\",\"url\":\"https:\\\/\\\/www.laguiadepamplona.com\\\/actualidad\\\/alumnos-y-profesores-de-masteres-universitarios-vinculados-al-diseno-constructivo-y-la-gestion-ambiental-visitan-el-edificio-dotacional-de-mendillorri\\\/\",\"name\":\"Alumnos y profesores de m\u00e1steres universitarios vinculados al dise\u00f1o constructivo y la gesti\u00f3n ambiental visitan el edificio dotacional de Mendillorri\",\"isPartOf\":{\"@id\":\"https:\\\/\\\/www.laguiadepamplona.com\\\/actualidad\\\/#website\"},\"primaryImageOfPage\":{\"@id\":\"https:\\\/\\\/www.laguiadepamplona.com\\\/actualidad\\\/alumnos-y-profesores-de-masteres-universitarios-vinculados-al-diseno-constructivo-y-la-gestion-ambiental-visitan-el-edificio-dotacional-de-mendillorri\\\/#primaryimage\"},\"image\":{\"@id\":\"https:\\\/\\\/www.laguiadepamplona.com\\\/actualidad\\\/alumnos-y-profesores-de-masteres-universitarios-vinculados-al-diseno-constructivo-y-la-gestion-ambiental-visitan-el-edificio-dotacional-de-mendillorri\\\/#primaryimage\"},\"thumbnailUrl\":\"https:\\\/\\\/www.laguiadepamplona.com\\\/actualidad\\\/wp-content\\\/uploads\\\/2017\\\/03\\\/visita_universitarios_edificio_mendillorri2.jpg\",\"datePublished\":\"2017-03-16T13:02:07+00:00\",\"breadcrumb\":{\"@id\":\"https:\\\/\\\/www.laguiadepamplona.com\\\/actualidad\\\/alumnos-y-profesores-de-masteres-universitarios-vinculados-al-diseno-constructivo-y-la-gestion-ambiental-visitan-el-edificio-dotacional-de-mendillorri\\\/#breadcrumb\"},\"inLanguage\":\"es\",\"potentialAction\":[{\"@type\":\"ReadAction\",\"target\":[\"https:\\\/\\\/www.laguiadepamplona.com\\\/actualidad\\\/alumnos-y-profesores-de-masteres-universitarios-vinculados-al-diseno-constructivo-y-la-gestion-ambiental-visitan-el-edificio-dotacional-de-mendillorri\\\/\"]}]},{\"@type\":\"ImageObject\",\"inLanguage\":\"es\",\"@id\":\"https:\\\/\\\/www.laguiadepamplona.com\\\/actualidad\\\/alumnos-y-profesores-de-masteres-universitarios-vinculados-al-diseno-constructivo-y-la-gestion-ambiental-visitan-el-edificio-dotacional-de-mendillorri\\\/#primaryimage\",\"url\":\"https:\\\/\\\/www.laguiadepamplona.com\\\/actualidad\\\/wp-content\\\/uploads\\\/2017\\\/03\\\/visita_universitarios_edificio_mendillorri2.jpg\",\"contentUrl\":\"https:\\\/\\\/www.laguiadepamplona.com\\\/actualidad\\\/wp-content\\\/uploads\\\/2017\\\/03\\\/visita_universitarios_edificio_mendillorri2.jpg\",\"width\":1000,\"height\":650},{\"@type\":\"BreadcrumbList\",\"@id\":\"https:\\\/\\\/www.laguiadepamplona.com\\\/actualidad\\\/alumnos-y-profesores-de-masteres-universitarios-vinculados-al-diseno-constructivo-y-la-gestion-ambiental-visitan-el-edificio-dotacional-de-mendillorri\\\/#breadcrumb\",\"itemListElement\":[{\"@type\":\"ListItem\",\"position\":1,\"name\":\"Portada\",\"item\":\"https:\\\/\\\/www.laguiadepamplona.com\\\/actualidad\\\/\"},{\"@type\":\"ListItem\",\"position\":2,\"name\":\"Alumnos y profesores de m\u00e1steres universitarios vinculados al dise\u00f1o constructivo y la gesti\u00f3n ambiental visitan el edificio dotacional de Mendillorri\"}]},{\"@type\":\"WebSite\",\"@id\":\"https:\\\/\\\/www.laguiadepamplona.com\\\/actualidad\\\/#website\",\"url\":\"https:\\\/\\\/www.laguiadepamplona.com\\\/actualidad\\\/\",\"name\":\"La gu\u00eda de Pamplona\",\"description\":\"Noticias de Pamplona\",\"publisher\":{\"@id\":\"https:\\\/\\\/www.laguiadepamplona.com\\\/actualidad\\\/#organization\"},\"potentialAction\":[{\"@type\":\"SearchAction\",\"target\":{\"@type\":\"EntryPoint\",\"urlTemplate\":\"https:\\\/\\\/www.laguiadepamplona.com\\\/actualidad\\\/?s={search_term_string}\"},\"query-input\":{\"@type\":\"PropertyValueSpecification\",\"valueRequired\":true,\"valueName\":\"search_term_string\"}}],\"inLanguage\":\"es\"},{\"@type\":\"Organization\",\"@id\":\"https:\\\/\\\/www.laguiadepamplona.com\\\/actualidad\\\/#organization\",\"name\":\"La Gu\u00eda de Pamplona \\\/ Noticias\",\"url\":\"https:\\\/\\\/www.laguiadepamplona.com\\\/actualidad\\\/\",\"logo\":{\"@type\":\"ImageObject\",\"inLanguage\":\"es\",\"@id\":\"https:\\\/\\\/www.laguiadepamplona.com\\\/actualidad\\\/#\\\/schema\\\/logo\\\/image\\\/\",\"url\":\"https:\\\/\\\/www.laguiadepamplona.com\\\/actualidad\\\/wp-content\\\/uploads\\\/2018\\\/11\\\/logo-laguiadepamplona18-web1.png\",\"contentUrl\":\"https:\\\/\\\/www.laguiadepamplona.com\\\/actualidad\\\/wp-content\\\/uploads\\\/2018\\\/11\\\/logo-laguiadepamplona18-web1.png\",\"width\":600,\"height\":196,\"caption\":\"La Gu\u00eda de Pamplona \\\/ Noticias\"},\"image\":{\"@id\":\"https:\\\/\\\/www.laguiadepamplona.com\\\/actualidad\\\/#\\\/schema\\\/logo\\\/image\\\/\"},\"sameAs\":[\"https:\\\/\\\/www.facebook.com\\\/laguiadepamplonacom-133175176762273\\\/?ref=hl\",\"https:\\\/\\\/x.com\\\/LaGuiadPamplona\",\"https:\\\/\\\/www.instagram.com\\\/la_guia_de_pamplona\\\/\",\"https:\\\/\\\/www.youtube.com\\\/user\\\/laguiadepamplona\"]},{\"@type\":\"Person\",\"@id\":\"https:\\\/\\\/www.laguiadepamplona.com\\\/actualidad\\\/#\\\/schema\\\/person\\\/efe887376f0213d4657c93adc50b1fdb\",\"name\":\"La Gu\u00eda de Pamplona\",\"image\":{\"@type\":\"ImageObject\",\"inLanguage\":\"es\",\"@id\":\"https:\\\/\\\/secure.gravatar.com\\\/avatar\\\/b6992f131dc8d30ab0dff15446e9d346d9dbd95992de0fef795073f5ea83a81c?s=96&d=mm&r=g\",\"url\":\"https:\\\/\\\/secure.gravatar.com\\\/avatar\\\/b6992f131dc8d30ab0dff15446e9d346d9dbd95992de0fef795073f5ea83a81c?s=96&d=mm&r=g\",\"contentUrl\":\"https:\\\/\\\/secure.gravatar.com\\\/avatar\\\/b6992f131dc8d30ab0dff15446e9d346d9dbd95992de0fef795073f5ea83a81c?s=96&d=mm&r=g\",\"caption\":\"La Gu\u00eda de Pamplona\"}}]}<\/script>\n<!-- \/ Yoast SEO plugin. -->","yoast_head_json":{"title":"Alumnos y profesores de m\u00e1steres universitarios vinculados al dise\u00f1o constructivo y la gesti\u00f3n ambiental visitan el edificio dotacional de Mendillorri","robots":{"index":"index","follow":"follow","max-snippet":"max-snippet:-1","max-image-preview":"max-image-preview:large","max-video-preview":"max-video-preview:-1"},"canonical":"https:\/\/www.laguiadepamplona.com\/actualidad\/alumnos-y-profesores-de-masteres-universitarios-vinculados-al-diseno-constructivo-y-la-gestion-ambiental-visitan-el-edificio-dotacional-de-mendillorri\/","og_locale":"es_ES","og_type":"article","og_title":"Alumnos y profesores de m\u00e1steres universitarios vinculados al dise\u00f1o constructivo y la gesti\u00f3n ambiental visitan el edificio dotacional de Mendillorri","og_description":"Alumnos de las universidades de Navarra, Cardiff y Dresde incluyen este \u2018Edificio passivhaus\u2019 entre los espacios de inter\u00e9s para su intercambio","og_url":"https:\/\/www.laguiadepamplona.com\/actualidad\/alumnos-y-profesores-de-masteres-universitarios-vinculados-al-diseno-constructivo-y-la-gestion-ambiental-visitan-el-edificio-dotacional-de-mendillorri\/","og_site_name":"La Gu\u00eda de Pamplona","article_publisher":"https:\/\/www.facebook.com\/laguiadepamplonacom-133175176762273\/?ref=hl","article_published_time":"2017-03-16T13:02:07+00:00","og_image":[{"width":1000,"height":650,"url":"https:\/\/www.laguiadepamplona.com\/actualidad\/wp-content\/uploads\/2017\/03\/visita_universitarios_edificio_mendillorri2.jpg","type":"image\/jpeg"}],"author":"La Gu\u00eda de Pamplona","twitter_card":"summary_large_image","twitter_creator":"@LaGuiadPamplona","twitter_site":"@LaGuiadPamplona","twitter_misc":{"Escrito por":"La Gu\u00eda de Pamplona","Tiempo de lectura":"3 minutos"},"schema":{"@context":"https:\/\/schema.org","@graph":[{"@type":"Article","@id":"https:\/\/www.laguiadepamplona.com\/actualidad\/alumnos-y-profesores-de-masteres-universitarios-vinculados-al-diseno-constructivo-y-la-gestion-ambiental-visitan-el-edificio-dotacional-de-mendillorri\/#article","isPartOf":{"@id":"https:\/\/www.laguiadepamplona.com\/actualidad\/alumnos-y-profesores-de-masteres-universitarios-vinculados-al-diseno-constructivo-y-la-gestion-ambiental-visitan-el-edificio-dotacional-de-mendillorri\/"},"author":{"name":"La Gu\u00eda de Pamplona","@id":"https:\/\/www.laguiadepamplona.com\/actualidad\/#\/schema\/person\/efe887376f0213d4657c93adc50b1fdb"},"headline":"Alumnos y profesores de m\u00e1steres universitarios vinculados al dise\u00f1o constructivo y la gesti\u00f3n ambiental visitan el edificio dotacional de Mendillorri","datePublished":"2017-03-16T13:02:07+00:00","mainEntityOfPage":{"@id":"https:\/\/www.laguiadepamplona.com\/actualidad\/alumnos-y-profesores-de-masteres-universitarios-vinculados-al-diseno-constructivo-y-la-gestion-ambiental-visitan-el-edificio-dotacional-de-mendillorri\/"},"wordCount":555,"publisher":{"@id":"https:\/\/www.laguiadepamplona.com\/actualidad\/#organization"},"image":{"@id":"https:\/\/www.laguiadepamplona.com\/actualidad\/alumnos-y-profesores-de-masteres-universitarios-vinculados-al-diseno-constructivo-y-la-gestion-ambiental-visitan-el-edificio-dotacional-de-mendillorri\/#primaryimage"},"thumbnailUrl":"https:\/\/www.laguiadepamplona.com\/actualidad\/wp-content\/uploads\/2017\/03\/visita_universitarios_edificio_mendillorri2.jpg","articleSection":["Ayto Pamplona"],"inLanguage":"es"},{"@type":"WebPage","@id":"https:\/\/www.laguiadepamplona.com\/actualidad\/alumnos-y-profesores-de-masteres-universitarios-vinculados-al-diseno-constructivo-y-la-gestion-ambiental-visitan-el-edificio-dotacional-de-mendillorri\/","url":"https:\/\/www.laguiadepamplona.com\/actualidad\/alumnos-y-profesores-de-masteres-universitarios-vinculados-al-diseno-constructivo-y-la-gestion-ambiental-visitan-el-edificio-dotacional-de-mendillorri\/","name":"Alumnos y profesores de m\u00e1steres universitarios vinculados al dise\u00f1o constructivo y la gesti\u00f3n ambiental visitan el edificio dotacional de Mendillorri","isPartOf":{"@id":"https:\/\/www.laguiadepamplona.com\/actualidad\/#website"},"primaryImageOfPage":{"@id":"https:\/\/www.laguiadepamplona.com\/actualidad\/alumnos-y-profesores-de-masteres-universitarios-vinculados-al-diseno-constructivo-y-la-gestion-ambiental-visitan-el-edificio-dotacional-de-mendillorri\/#primaryimage"},"image":{"@id":"https:\/\/www.laguiadepamplona.com\/actualidad\/alumnos-y-profesores-de-masteres-universitarios-vinculados-al-diseno-constructivo-y-la-gestion-ambiental-visitan-el-edificio-dotacional-de-mendillorri\/#primaryimage"},"thumbnailUrl":"https:\/\/www.laguiadepamplona.com\/actualidad\/wp-content\/uploads\/2017\/03\/visita_universitarios_edificio_mendillorri2.jpg","datePublished":"2017-03-16T13:02:07+00:00","breadcrumb":{"@id":"https:\/\/www.laguiadepamplona.com\/actualidad\/alumnos-y-profesores-de-masteres-universitarios-vinculados-al-diseno-constructivo-y-la-gestion-ambiental-visitan-el-edificio-dotacional-de-mendillorri\/#breadcrumb"},"inLanguage":"es","potentialAction":[{"@type":"ReadAction","target":["https:\/\/www.laguiadepamplona.com\/actualidad\/alumnos-y-profesores-de-masteres-universitarios-vinculados-al-diseno-constructivo-y-la-gestion-ambiental-visitan-el-edificio-dotacional-de-mendillorri\/"]}]},{"@type":"ImageObject","inLanguage":"es","@id":"https:\/\/www.laguiadepamplona.com\/actualidad\/alumnos-y-profesores-de-masteres-universitarios-vinculados-al-diseno-constructivo-y-la-gestion-ambiental-visitan-el-edificio-dotacional-de-mendillorri\/#primaryimage","url":"https:\/\/www.laguiadepamplona.com\/actualidad\/wp-content\/uploads\/2017\/03\/visita_universitarios_edificio_mendillorri2.jpg","contentUrl":"https:\/\/www.laguiadepamplona.com\/actualidad\/wp-content\/uploads\/2017\/03\/visita_universitarios_edificio_mendillorri2.jpg","width":1000,"height":650},{"@type":"BreadcrumbList","@id":"https:\/\/www.laguiadepamplona.com\/actualidad\/alumnos-y-profesores-de-masteres-universitarios-vinculados-al-diseno-constructivo-y-la-gestion-ambiental-visitan-el-edificio-dotacional-de-mendillorri\/#breadcrumb","itemListElement":[{"@type":"ListItem","position":1,"name":"Portada","item":"https:\/\/www.laguiadepamplona.com\/actualidad\/"},{"@type":"ListItem","position":2,"name":"Alumnos y profesores de m\u00e1steres universitarios vinculados al dise\u00f1o constructivo y la gesti\u00f3n ambiental visitan el edificio dotacional de Mendillorri"}]},{"@type":"WebSite","@id":"https:\/\/www.laguiadepamplona.com\/actualidad\/#website","url":"https:\/\/www.laguiadepamplona.com\/actualidad\/","name":"La gu\u00eda de Pamplona","description":"Noticias de Pamplona","publisher":{"@id":"https:\/\/www.laguiadepamplona.com\/actualidad\/#organization"},"potentialAction":[{"@type":"SearchAction","target":{"@type":"EntryPoint","urlTemplate":"https:\/\/www.laguiadepamplona.com\/actualidad\/?s={search_term_string}"},"query-input":{"@type":"PropertyValueSpecification","valueRequired":true,"valueName":"search_term_string"}}],"inLanguage":"es"},{"@type":"Organization","@id":"https:\/\/www.laguiadepamplona.com\/actualidad\/#organization","name":"La Gu\u00eda de Pamplona \/ Noticias","url":"https:\/\/www.laguiadepamplona.com\/actualidad\/","logo":{"@type":"ImageObject","inLanguage":"es","@id":"https:\/\/www.laguiadepamplona.com\/actualidad\/#\/schema\/logo\/image\/","url":"https:\/\/www.laguiadepamplona.com\/actualidad\/wp-content\/uploads\/2018\/11\/logo-laguiadepamplona18-web1.png","contentUrl":"https:\/\/www.laguiadepamplona.com\/actualidad\/wp-content\/uploads\/2018\/11\/logo-laguiadepamplona18-web1.png","width":600,"height":196,"caption":"La Gu\u00eda de Pamplona \/ Noticias"},"image":{"@id":"https:\/\/www.laguiadepamplona.com\/actualidad\/#\/schema\/logo\/image\/"},"sameAs":["https:\/\/www.facebook.com\/laguiadepamplonacom-133175176762273\/?ref=hl","https:\/\/x.com\/LaGuiadPamplona","https:\/\/www.instagram.com\/la_guia_de_pamplona\/","https:\/\/www.youtube.com\/user\/laguiadepamplona"]},{"@type":"Person","@id":"https:\/\/www.laguiadepamplona.com\/actualidad\/#\/schema\/person\/efe887376f0213d4657c93adc50b1fdb","name":"La Gu\u00eda de Pamplona","image":{"@type":"ImageObject","inLanguage":"es","@id":"https:\/\/secure.gravatar.com\/avatar\/b6992f131dc8d30ab0dff15446e9d346d9dbd95992de0fef795073f5ea83a81c?s=96&d=mm&r=g","url":"https:\/\/secure.gravatar.com\/avatar\/b6992f131dc8d30ab0dff15446e9d346d9dbd95992de0fef795073f5ea83a81c?s=96&d=mm&r=g","contentUrl":"https:\/\/secure.gravatar.com\/avatar\/b6992f131dc8d30ab0dff15446e9d346d9dbd95992de0fef795073f5ea83a81c?s=96&d=mm&r=g","caption":"La Gu\u00eda de Pamplona"}}]}},"post_mailing_queue_ids":[],"_links":{"self":[{"href":"https:\/\/www.laguiadepamplona.com\/actualidad\/wp-json\/wp\/v2\/posts\/12308","targetHints":{"allow":["GET"]}}],"collection":[{"href":"https:\/\/www.laguiadepamplona.com\/actualidad\/wp-json\/wp\/v2\/posts"}],"about":[{"href":"https:\/\/www.laguiadepamplona.com\/actualidad\/wp-json\/wp\/v2\/types\/post"}],"author":[{"embeddable":true,"href":"https:\/\/www.laguiadepamplona.com\/actualidad\/wp-json\/wp\/v2\/users\/1"}],"replies":[{"embeddable":true,"href":"https:\/\/www.laguiadepamplona.com\/actualidad\/wp-json\/wp\/v2\/comments?post=12308"}],"version-history":[{"count":0,"href":"https:\/\/www.laguiadepamplona.com\/actualidad\/wp-json\/wp\/v2\/posts\/12308\/revisions"}],"wp:featuredmedia":[{"embeddable":true,"href":"https:\/\/www.laguiadepamplona.com\/actualidad\/wp-json\/wp\/v2\/media\/12310"}],"wp:attachment":[{"href":"https:\/\/www.laguiadepamplona.com\/actualidad\/wp-json\/wp\/v2\/media?parent=12308"}],"wp:term":[{"taxonomy":"category","embeddable":true,"href":"https:\/\/www.laguiadepamplona.com\/actualidad\/wp-json\/wp\/v2\/categories?post=12308"},{"taxonomy":"post_tag","embeddable":true,"href":"https:\/\/www.laguiadepamplona.com\/actualidad\/wp-json\/wp\/v2\/tags?post=12308"}],"curies":[{"name":"wp","href":"https:\/\/api.w.org\/{rel}","templated":true}]}}