{"id":12301,"date":"2017-03-16T13:08:50","date_gmt":"2017-03-16T12:08:50","guid":{"rendered":"http:\/\/laguiadepamplona.es\/actualidad\/?p=12301"},"modified":"2017-03-16T13:08:50","modified_gmt":"2017-03-16T12:08:50","slug":"el-parque-infantil-y-juvenil-menudas-fiestas-volvera-los-proximos-sanfermines-a-la-plaza-de-la-libertad-2","status":"publish","type":"post","link":"https:\/\/www.laguiadepamplona.com\/actualidad\/el-parque-infantil-y-juvenil-menudas-fiestas-volvera-los-proximos-sanfermines-a-la-plaza-de-la-libertad-2\/","title":{"rendered":"El parque infantil y juvenil \u2018Menudas fiestas\u2019 volver\u00e1 los pr\u00f3ximos Sanfermines a la plaza de la Libertad"},"content":{"rendered":"<h3>El a\u00f1o pasado alrededor de 130.000 menores y adultos disfrutaron de las atracciones<\/h3>\n<p><!--more--><\/p>\n<p>El parque de \u2018Menudas fiestas\u2019 volver\u00e1 a instalarse los pr\u00f3ximos Sanfermines en la plaza de la Libertad del 6 al 14 de julio. La Junta de Gobierno Local del Ayuntamiento de Pamplona ha aprobado la segunda y \u00faltima pr\u00f3rroga del contrato del parque infantil y juvenil, con actividades l\u00fadicas y de ocio dirigidas a menores de 17 a\u00f1os en ese espacio. El precio del contrato es de 50.050 euros, IVA incluido.<\/p>\n<p>Seg\u00fan las estimaciones de Navar Producciones SL, adjudicataria del contrato, el a\u00f1o pasado alrededor de 130.000 personas disfrutaron de las atracciones del parque, un espacio de ocio, juego y diversi\u00f3n en el que los menores son los protagonistas, que ha ido aumentando de p\u00fablico progresivamente y que se ha convertido en un referente para las familias durante las fiestas de San Ferm\u00edn.<\/p>\n<p>El parque contar\u00e1 con 16 zonas para disfrute de los m\u00e1s peque\u00f1os, que cuentan con hinchables, talleres, camas el\u00e1sticas, barcas de agua, roc\u00f3dromo, pistas de mini gol, tren e incluso un particular encierro. Las diferentes zonas se encuentran repartidas en tres espacios del parque: la parte delantera estructura a ambos lados del estanque, la zona del monumento y la parte trasera del monumento. Todas las actividades que se ofertan en \u2018Menudas fiestas\u2019 son de car\u00e1cter gratuito. \u2018Menudas fiestas\u2019 estar\u00e1 abierto del 6 al 14 de julio por las ma\u00f1anas, de 11.30 a 14 horas, y por las tardes, de 18 a 21 horas.<\/p>\n<p>&nbsp;<\/p>\n","protected":false},"excerpt":{"rendered":"<p>El a\u00f1o pasado alrededor de 130.000 menores y adultos disfrutaron de las atracciones<\/p>\n","protected":false},"author":1,"featured_media":12302,"comment_status":"closed","ping_status":"closed","sticky":false,"template":"","format":"standard","meta":{"footnotes":""},"categories":[2],"tags":[],"class_list":["post-12301","post","type-post","status-publish","format-standard","has-post-thumbnail","hentry","category-ayuntamiento-pamplona"],"yoast_head":"<!-- This site is optimized with the Yoast SEO plugin v27.3 - https:\/\/yoast.com\/product\/yoast-seo-wordpress\/ -->\n<title>El parque infantil y juvenil \u2018Menudas fiestas\u2019 volver\u00e1 los pr\u00f3ximos Sanfermines a la plaza de la Libertad<\/title>\n<meta name=\"robots\" content=\"index, follow, max-snippet:-1, max-image-preview:large, max-video-preview:-1\" \/>\n<link rel=\"canonical\" href=\"https:\/\/www.laguiadepamplona.com\/actualidad\/el-parque-infantil-y-juvenil-menudas-fiestas-volvera-los-proximos-sanfermines-a-la-plaza-de-la-libertad-2\/\" \/>\n<meta property=\"og:locale\" content=\"es_ES\" \/>\n<meta property=\"og:type\" content=\"article\" \/>\n<meta property=\"og:title\" content=\"El parque infantil y juvenil \u2018Menudas fiestas\u2019 volver\u00e1 los pr\u00f3ximos Sanfermines a la plaza de la Libertad\" \/>\n<meta property=\"og:description\" content=\"El a\u00f1o pasado alrededor de 130.000 menores y adultos disfrutaron de las atracciones\" \/>\n<meta property=\"og:url\" content=\"https:\/\/www.laguiadepamplona.com\/actualidad\/el-parque-infantil-y-juvenil-menudas-fiestas-volvera-los-proximos-sanfermines-a-la-plaza-de-la-libertad-2\/\" \/>\n<meta property=\"og:site_name\" content=\"La Gu\u00eda de Pamplona\" \/>\n<meta property=\"article:publisher\" content=\"https:\/\/www.facebook.com\/laguiadepamplonacom-133175176762273\/?ref=hl\" \/>\n<meta property=\"article:published_time\" content=\"2017-03-16T12:08:50+00:00\" \/>\n<meta property=\"og:image\" content=\"https:\/\/www.laguiadepamplona.com\/actualidad\/wp-content\/uploads\/2017\/03\/menudas-fiestas-san-fermin.jpg\" \/>\n\t<meta property=\"og:image:width\" content=\"1000\" \/>\n\t<meta property=\"og:image:height\" content=\"505\" \/>\n\t<meta property=\"og:image:type\" content=\"image\/jpeg\" \/>\n<meta name=\"author\" content=\"La Gu\u00eda de Pamplona\" \/>\n<meta name=\"twitter:card\" content=\"summary_large_image\" \/>\n<meta name=\"twitter:creator\" content=\"@LaGuiadPamplona\" \/>\n<meta name=\"twitter:site\" content=\"@LaGuiadPamplona\" \/>\n<meta name=\"twitter:label1\" content=\"Escrito por\" \/>\n\t<meta name=\"twitter:data1\" content=\"La Gu\u00eda de Pamplona\" \/>\n\t<meta name=\"twitter:label2\" content=\"Tiempo de lectura\" \/>\n\t<meta name=\"twitter:data2\" content=\"1 minuto\" \/>\n<script type=\"application\/ld+json\" class=\"yoast-schema-graph\">{\"@context\":\"https:\\\/\\\/schema.org\",\"@graph\":[{\"@type\":\"Article\",\"@id\":\"https:\\\/\\\/www.laguiadepamplona.com\\\/actualidad\\\/el-parque-infantil-y-juvenil-menudas-fiestas-volvera-los-proximos-sanfermines-a-la-plaza-de-la-libertad-2\\\/#article\",\"isPartOf\":{\"@id\":\"https:\\\/\\\/www.laguiadepamplona.com\\\/actualidad\\\/el-parque-infantil-y-juvenil-menudas-fiestas-volvera-los-proximos-sanfermines-a-la-plaza-de-la-libertad-2\\\/\"},\"author\":{\"name\":\"La Gu\u00eda de Pamplona\",\"@id\":\"https:\\\/\\\/www.laguiadepamplona.com\\\/actualidad\\\/#\\\/schema\\\/person\\\/efe887376f0213d4657c93adc50b1fdb\"},\"headline\":\"El parque infantil y juvenil \u2018Menudas fiestas\u2019 volver\u00e1 los pr\u00f3ximos Sanfermines a la plaza de la Libertad\",\"datePublished\":\"2017-03-16T12:08:50+00:00\",\"mainEntityOfPage\":{\"@id\":\"https:\\\/\\\/www.laguiadepamplona.com\\\/actualidad\\\/el-parque-infantil-y-juvenil-menudas-fiestas-volvera-los-proximos-sanfermines-a-la-plaza-de-la-libertad-2\\\/\"},\"wordCount\":271,\"publisher\":{\"@id\":\"https:\\\/\\\/www.laguiadepamplona.com\\\/actualidad\\\/#organization\"},\"image\":{\"@id\":\"https:\\\/\\\/www.laguiadepamplona.com\\\/actualidad\\\/el-parque-infantil-y-juvenil-menudas-fiestas-volvera-los-proximos-sanfermines-a-la-plaza-de-la-libertad-2\\\/#primaryimage\"},\"thumbnailUrl\":\"https:\\\/\\\/www.laguiadepamplona.com\\\/actualidad\\\/wp-content\\\/uploads\\\/2017\\\/03\\\/menudas-fiestas-san-fermin.jpg\",\"articleSection\":[\"Ayto Pamplona\"],\"inLanguage\":\"es\"},{\"@type\":\"WebPage\",\"@id\":\"https:\\\/\\\/www.laguiadepamplona.com\\\/actualidad\\\/el-parque-infantil-y-juvenil-menudas-fiestas-volvera-los-proximos-sanfermines-a-la-plaza-de-la-libertad-2\\\/\",\"url\":\"https:\\\/\\\/www.laguiadepamplona.com\\\/actualidad\\\/el-parque-infantil-y-juvenil-menudas-fiestas-volvera-los-proximos-sanfermines-a-la-plaza-de-la-libertad-2\\\/\",\"name\":\"El parque infantil y juvenil \u2018Menudas fiestas\u2019 volver\u00e1 los pr\u00f3ximos Sanfermines a la plaza de la Libertad\",\"isPartOf\":{\"@id\":\"https:\\\/\\\/www.laguiadepamplona.com\\\/actualidad\\\/#website\"},\"primaryImageOfPage\":{\"@id\":\"https:\\\/\\\/www.laguiadepamplona.com\\\/actualidad\\\/el-parque-infantil-y-juvenil-menudas-fiestas-volvera-los-proximos-sanfermines-a-la-plaza-de-la-libertad-2\\\/#primaryimage\"},\"image\":{\"@id\":\"https:\\\/\\\/www.laguiadepamplona.com\\\/actualidad\\\/el-parque-infantil-y-juvenil-menudas-fiestas-volvera-los-proximos-sanfermines-a-la-plaza-de-la-libertad-2\\\/#primaryimage\"},\"thumbnailUrl\":\"https:\\\/\\\/www.laguiadepamplona.com\\\/actualidad\\\/wp-content\\\/uploads\\\/2017\\\/03\\\/menudas-fiestas-san-fermin.jpg\",\"datePublished\":\"2017-03-16T12:08:50+00:00\",\"breadcrumb\":{\"@id\":\"https:\\\/\\\/www.laguiadepamplona.com\\\/actualidad\\\/el-parque-infantil-y-juvenil-menudas-fiestas-volvera-los-proximos-sanfermines-a-la-plaza-de-la-libertad-2\\\/#breadcrumb\"},\"inLanguage\":\"es\",\"potentialAction\":[{\"@type\":\"ReadAction\",\"target\":[\"https:\\\/\\\/www.laguiadepamplona.com\\\/actualidad\\\/el-parque-infantil-y-juvenil-menudas-fiestas-volvera-los-proximos-sanfermines-a-la-plaza-de-la-libertad-2\\\/\"]}]},{\"@type\":\"ImageObject\",\"inLanguage\":\"es\",\"@id\":\"https:\\\/\\\/www.laguiadepamplona.com\\\/actualidad\\\/el-parque-infantil-y-juvenil-menudas-fiestas-volvera-los-proximos-sanfermines-a-la-plaza-de-la-libertad-2\\\/#primaryimage\",\"url\":\"https:\\\/\\\/www.laguiadepamplona.com\\\/actualidad\\\/wp-content\\\/uploads\\\/2017\\\/03\\\/menudas-fiestas-san-fermin.jpg\",\"contentUrl\":\"https:\\\/\\\/www.laguiadepamplona.com\\\/actualidad\\\/wp-content\\\/uploads\\\/2017\\\/03\\\/menudas-fiestas-san-fermin.jpg\",\"width\":1000,\"height\":505},{\"@type\":\"BreadcrumbList\",\"@id\":\"https:\\\/\\\/www.laguiadepamplona.com\\\/actualidad\\\/el-parque-infantil-y-juvenil-menudas-fiestas-volvera-los-proximos-sanfermines-a-la-plaza-de-la-libertad-2\\\/#breadcrumb\",\"itemListElement\":[{\"@type\":\"ListItem\",\"position\":1,\"name\":\"Portada\",\"item\":\"https:\\\/\\\/www.laguiadepamplona.com\\\/actualidad\\\/\"},{\"@type\":\"ListItem\",\"position\":2,\"name\":\"El parque infantil y juvenil \u2018Menudas fiestas\u2019 volver\u00e1 los pr\u00f3ximos Sanfermines a la plaza de la Libertad\"}]},{\"@type\":\"WebSite\",\"@id\":\"https:\\\/\\\/www.laguiadepamplona.com\\\/actualidad\\\/#website\",\"url\":\"https:\\\/\\\/www.laguiadepamplona.com\\\/actualidad\\\/\",\"name\":\"La gu\u00eda de Pamplona\",\"description\":\"Noticias de Pamplona\",\"publisher\":{\"@id\":\"https:\\\/\\\/www.laguiadepamplona.com\\\/actualidad\\\/#organization\"},\"potentialAction\":[{\"@type\":\"SearchAction\",\"target\":{\"@type\":\"EntryPoint\",\"urlTemplate\":\"https:\\\/\\\/www.laguiadepamplona.com\\\/actualidad\\\/?s={search_term_string}\"},\"query-input\":{\"@type\":\"PropertyValueSpecification\",\"valueRequired\":true,\"valueName\":\"search_term_string\"}}],\"inLanguage\":\"es\"},{\"@type\":\"Organization\",\"@id\":\"https:\\\/\\\/www.laguiadepamplona.com\\\/actualidad\\\/#organization\",\"name\":\"La Gu\u00eda de Pamplona \\\/ Noticias\",\"url\":\"https:\\\/\\\/www.laguiadepamplona.com\\\/actualidad\\\/\",\"logo\":{\"@type\":\"ImageObject\",\"inLanguage\":\"es\",\"@id\":\"https:\\\/\\\/www.laguiadepamplona.com\\\/actualidad\\\/#\\\/schema\\\/logo\\\/image\\\/\",\"url\":\"https:\\\/\\\/www.laguiadepamplona.com\\\/actualidad\\\/wp-content\\\/uploads\\\/2018\\\/11\\\/logo-laguiadepamplona18-web1.png\",\"contentUrl\":\"https:\\\/\\\/www.laguiadepamplona.com\\\/actualidad\\\/wp-content\\\/uploads\\\/2018\\\/11\\\/logo-laguiadepamplona18-web1.png\",\"width\":600,\"height\":196,\"caption\":\"La Gu\u00eda de Pamplona \\\/ Noticias\"},\"image\":{\"@id\":\"https:\\\/\\\/www.laguiadepamplona.com\\\/actualidad\\\/#\\\/schema\\\/logo\\\/image\\\/\"},\"sameAs\":[\"https:\\\/\\\/www.facebook.com\\\/laguiadepamplonacom-133175176762273\\\/?ref=hl\",\"https:\\\/\\\/x.com\\\/LaGuiadPamplona\",\"https:\\\/\\\/www.instagram.com\\\/la_guia_de_pamplona\\\/\",\"https:\\\/\\\/www.youtube.com\\\/user\\\/laguiadepamplona\"]},{\"@type\":\"Person\",\"@id\":\"https:\\\/\\\/www.laguiadepamplona.com\\\/actualidad\\\/#\\\/schema\\\/person\\\/efe887376f0213d4657c93adc50b1fdb\",\"name\":\"La Gu\u00eda de Pamplona\",\"image\":{\"@type\":\"ImageObject\",\"inLanguage\":\"es\",\"@id\":\"https:\\\/\\\/secure.gravatar.com\\\/avatar\\\/b6992f131dc8d30ab0dff15446e9d346d9dbd95992de0fef795073f5ea83a81c?s=96&d=mm&r=g\",\"url\":\"https:\\\/\\\/secure.gravatar.com\\\/avatar\\\/b6992f131dc8d30ab0dff15446e9d346d9dbd95992de0fef795073f5ea83a81c?s=96&d=mm&r=g\",\"contentUrl\":\"https:\\\/\\\/secure.gravatar.com\\\/avatar\\\/b6992f131dc8d30ab0dff15446e9d346d9dbd95992de0fef795073f5ea83a81c?s=96&d=mm&r=g\",\"caption\":\"La Gu\u00eda de Pamplona\"}}]}<\/script>\n<!-- \/ Yoast SEO plugin. -->","yoast_head_json":{"title":"El parque infantil y juvenil \u2018Menudas fiestas\u2019 volver\u00e1 los pr\u00f3ximos Sanfermines a la plaza de la Libertad","robots":{"index":"index","follow":"follow","max-snippet":"max-snippet:-1","max-image-preview":"max-image-preview:large","max-video-preview":"max-video-preview:-1"},"canonical":"https:\/\/www.laguiadepamplona.com\/actualidad\/el-parque-infantil-y-juvenil-menudas-fiestas-volvera-los-proximos-sanfermines-a-la-plaza-de-la-libertad-2\/","og_locale":"es_ES","og_type":"article","og_title":"El parque infantil y juvenil \u2018Menudas fiestas\u2019 volver\u00e1 los pr\u00f3ximos Sanfermines a la plaza de la Libertad","og_description":"El a\u00f1o pasado alrededor de 130.000 menores y adultos disfrutaron de las atracciones","og_url":"https:\/\/www.laguiadepamplona.com\/actualidad\/el-parque-infantil-y-juvenil-menudas-fiestas-volvera-los-proximos-sanfermines-a-la-plaza-de-la-libertad-2\/","og_site_name":"La Gu\u00eda de Pamplona","article_publisher":"https:\/\/www.facebook.com\/laguiadepamplonacom-133175176762273\/?ref=hl","article_published_time":"2017-03-16T12:08:50+00:00","og_image":[{"width":1000,"height":505,"url":"https:\/\/www.laguiadepamplona.com\/actualidad\/wp-content\/uploads\/2017\/03\/menudas-fiestas-san-fermin.jpg","type":"image\/jpeg"}],"author":"La Gu\u00eda de Pamplona","twitter_card":"summary_large_image","twitter_creator":"@LaGuiadPamplona","twitter_site":"@LaGuiadPamplona","twitter_misc":{"Escrito por":"La Gu\u00eda de Pamplona","Tiempo de lectura":"1 minuto"},"schema":{"@context":"https:\/\/schema.org","@graph":[{"@type":"Article","@id":"https:\/\/www.laguiadepamplona.com\/actualidad\/el-parque-infantil-y-juvenil-menudas-fiestas-volvera-los-proximos-sanfermines-a-la-plaza-de-la-libertad-2\/#article","isPartOf":{"@id":"https:\/\/www.laguiadepamplona.com\/actualidad\/el-parque-infantil-y-juvenil-menudas-fiestas-volvera-los-proximos-sanfermines-a-la-plaza-de-la-libertad-2\/"},"author":{"name":"La Gu\u00eda de Pamplona","@id":"https:\/\/www.laguiadepamplona.com\/actualidad\/#\/schema\/person\/efe887376f0213d4657c93adc50b1fdb"},"headline":"El parque infantil y juvenil \u2018Menudas fiestas\u2019 volver\u00e1 los pr\u00f3ximos Sanfermines a la plaza de la Libertad","datePublished":"2017-03-16T12:08:50+00:00","mainEntityOfPage":{"@id":"https:\/\/www.laguiadepamplona.com\/actualidad\/el-parque-infantil-y-juvenil-menudas-fiestas-volvera-los-proximos-sanfermines-a-la-plaza-de-la-libertad-2\/"},"wordCount":271,"publisher":{"@id":"https:\/\/www.laguiadepamplona.com\/actualidad\/#organization"},"image":{"@id":"https:\/\/www.laguiadepamplona.com\/actualidad\/el-parque-infantil-y-juvenil-menudas-fiestas-volvera-los-proximos-sanfermines-a-la-plaza-de-la-libertad-2\/#primaryimage"},"thumbnailUrl":"https:\/\/www.laguiadepamplona.com\/actualidad\/wp-content\/uploads\/2017\/03\/menudas-fiestas-san-fermin.jpg","articleSection":["Ayto Pamplona"],"inLanguage":"es"},{"@type":"WebPage","@id":"https:\/\/www.laguiadepamplona.com\/actualidad\/el-parque-infantil-y-juvenil-menudas-fiestas-volvera-los-proximos-sanfermines-a-la-plaza-de-la-libertad-2\/","url":"https:\/\/www.laguiadepamplona.com\/actualidad\/el-parque-infantil-y-juvenil-menudas-fiestas-volvera-los-proximos-sanfermines-a-la-plaza-de-la-libertad-2\/","name":"El parque infantil y juvenil \u2018Menudas fiestas\u2019 volver\u00e1 los pr\u00f3ximos Sanfermines a la plaza de la Libertad","isPartOf":{"@id":"https:\/\/www.laguiadepamplona.com\/actualidad\/#website"},"primaryImageOfPage":{"@id":"https:\/\/www.laguiadepamplona.com\/actualidad\/el-parque-infantil-y-juvenil-menudas-fiestas-volvera-los-proximos-sanfermines-a-la-plaza-de-la-libertad-2\/#primaryimage"},"image":{"@id":"https:\/\/www.laguiadepamplona.com\/actualidad\/el-parque-infantil-y-juvenil-menudas-fiestas-volvera-los-proximos-sanfermines-a-la-plaza-de-la-libertad-2\/#primaryimage"},"thumbnailUrl":"https:\/\/www.laguiadepamplona.com\/actualidad\/wp-content\/uploads\/2017\/03\/menudas-fiestas-san-fermin.jpg","datePublished":"2017-03-16T12:08:50+00:00","breadcrumb":{"@id":"https:\/\/www.laguiadepamplona.com\/actualidad\/el-parque-infantil-y-juvenil-menudas-fiestas-volvera-los-proximos-sanfermines-a-la-plaza-de-la-libertad-2\/#breadcrumb"},"inLanguage":"es","potentialAction":[{"@type":"ReadAction","target":["https:\/\/www.laguiadepamplona.com\/actualidad\/el-parque-infantil-y-juvenil-menudas-fiestas-volvera-los-proximos-sanfermines-a-la-plaza-de-la-libertad-2\/"]}]},{"@type":"ImageObject","inLanguage":"es","@id":"https:\/\/www.laguiadepamplona.com\/actualidad\/el-parque-infantil-y-juvenil-menudas-fiestas-volvera-los-proximos-sanfermines-a-la-plaza-de-la-libertad-2\/#primaryimage","url":"https:\/\/www.laguiadepamplona.com\/actualidad\/wp-content\/uploads\/2017\/03\/menudas-fiestas-san-fermin.jpg","contentUrl":"https:\/\/www.laguiadepamplona.com\/actualidad\/wp-content\/uploads\/2017\/03\/menudas-fiestas-san-fermin.jpg","width":1000,"height":505},{"@type":"BreadcrumbList","@id":"https:\/\/www.laguiadepamplona.com\/actualidad\/el-parque-infantil-y-juvenil-menudas-fiestas-volvera-los-proximos-sanfermines-a-la-plaza-de-la-libertad-2\/#breadcrumb","itemListElement":[{"@type":"ListItem","position":1,"name":"Portada","item":"https:\/\/www.laguiadepamplona.com\/actualidad\/"},{"@type":"ListItem","position":2,"name":"El parque infantil y juvenil \u2018Menudas fiestas\u2019 volver\u00e1 los pr\u00f3ximos Sanfermines a la plaza de la Libertad"}]},{"@type":"WebSite","@id":"https:\/\/www.laguiadepamplona.com\/actualidad\/#website","url":"https:\/\/www.laguiadepamplona.com\/actualidad\/","name":"La gu\u00eda de Pamplona","description":"Noticias de Pamplona","publisher":{"@id":"https:\/\/www.laguiadepamplona.com\/actualidad\/#organization"},"potentialAction":[{"@type":"SearchAction","target":{"@type":"EntryPoint","urlTemplate":"https:\/\/www.laguiadepamplona.com\/actualidad\/?s={search_term_string}"},"query-input":{"@type":"PropertyValueSpecification","valueRequired":true,"valueName":"search_term_string"}}],"inLanguage":"es"},{"@type":"Organization","@id":"https:\/\/www.laguiadepamplona.com\/actualidad\/#organization","name":"La Gu\u00eda de Pamplona \/ Noticias","url":"https:\/\/www.laguiadepamplona.com\/actualidad\/","logo":{"@type":"ImageObject","inLanguage":"es","@id":"https:\/\/www.laguiadepamplona.com\/actualidad\/#\/schema\/logo\/image\/","url":"https:\/\/www.laguiadepamplona.com\/actualidad\/wp-content\/uploads\/2018\/11\/logo-laguiadepamplona18-web1.png","contentUrl":"https:\/\/www.laguiadepamplona.com\/actualidad\/wp-content\/uploads\/2018\/11\/logo-laguiadepamplona18-web1.png","width":600,"height":196,"caption":"La Gu\u00eda de Pamplona \/ Noticias"},"image":{"@id":"https:\/\/www.laguiadepamplona.com\/actualidad\/#\/schema\/logo\/image\/"},"sameAs":["https:\/\/www.facebook.com\/laguiadepamplonacom-133175176762273\/?ref=hl","https:\/\/x.com\/LaGuiadPamplona","https:\/\/www.instagram.com\/la_guia_de_pamplona\/","https:\/\/www.youtube.com\/user\/laguiadepamplona"]},{"@type":"Person","@id":"https:\/\/www.laguiadepamplona.com\/actualidad\/#\/schema\/person\/efe887376f0213d4657c93adc50b1fdb","name":"La Gu\u00eda de Pamplona","image":{"@type":"ImageObject","inLanguage":"es","@id":"https:\/\/secure.gravatar.com\/avatar\/b6992f131dc8d30ab0dff15446e9d346d9dbd95992de0fef795073f5ea83a81c?s=96&d=mm&r=g","url":"https:\/\/secure.gravatar.com\/avatar\/b6992f131dc8d30ab0dff15446e9d346d9dbd95992de0fef795073f5ea83a81c?s=96&d=mm&r=g","contentUrl":"https:\/\/secure.gravatar.com\/avatar\/b6992f131dc8d30ab0dff15446e9d346d9dbd95992de0fef795073f5ea83a81c?s=96&d=mm&r=g","caption":"La Gu\u00eda de Pamplona"}}]}},"post_mailing_queue_ids":[],"_links":{"self":[{"href":"https:\/\/www.laguiadepamplona.com\/actualidad\/wp-json\/wp\/v2\/posts\/12301","targetHints":{"allow":["GET"]}}],"collection":[{"href":"https:\/\/www.laguiadepamplona.com\/actualidad\/wp-json\/wp\/v2\/posts"}],"about":[{"href":"https:\/\/www.laguiadepamplona.com\/actualidad\/wp-json\/wp\/v2\/types\/post"}],"author":[{"embeddable":true,"href":"https:\/\/www.laguiadepamplona.com\/actualidad\/wp-json\/wp\/v2\/users\/1"}],"replies":[{"embeddable":true,"href":"https:\/\/www.laguiadepamplona.com\/actualidad\/wp-json\/wp\/v2\/comments?post=12301"}],"version-history":[{"count":0,"href":"https:\/\/www.laguiadepamplona.com\/actualidad\/wp-json\/wp\/v2\/posts\/12301\/revisions"}],"wp:featuredmedia":[{"embeddable":true,"href":"https:\/\/www.laguiadepamplona.com\/actualidad\/wp-json\/wp\/v2\/media\/12302"}],"wp:attachment":[{"href":"https:\/\/www.laguiadepamplona.com\/actualidad\/wp-json\/wp\/v2\/media?parent=12301"}],"wp:term":[{"taxonomy":"category","embeddable":true,"href":"https:\/\/www.laguiadepamplona.com\/actualidad\/wp-json\/wp\/v2\/categories?post=12301"},{"taxonomy":"post_tag","embeddable":true,"href":"https:\/\/www.laguiadepamplona.com\/actualidad\/wp-json\/wp\/v2\/tags?post=12301"}],"curies":[{"name":"wp","href":"https:\/\/api.w.org\/{rel}","templated":true}]}}