{"id":12297,"date":"2017-03-16T13:05:05","date_gmt":"2017-03-16T12:05:05","guid":{"rendered":"http:\/\/laguiadepamplona.es\/actualidad\/?p=12297"},"modified":"2017-03-16T13:05:05","modified_gmt":"2017-03-16T12:05:05","slug":"el-ayuntamiento-de-pamplona-completa-la-iluminacion-ornamental-de-la-ciudadela-con-la-colocacion-de-16-focos-semi-enterrados-en-el-revellin-de-santa-lucia","status":"publish","type":"post","link":"https:\/\/www.laguiadepamplona.com\/actualidad\/el-ayuntamiento-de-pamplona-completa-la-iluminacion-ornamental-de-la-ciudadela-con-la-colocacion-de-16-focos-semi-enterrados-en-el-revellin-de-santa-lucia\/","title":{"rendered":"El Ayuntamiento de Pamplona completa la iluminaci\u00f3n ornamental de la Ciudadela con la colocaci\u00f3n de 16 focos semi-enterrados en el revell\u00edn de Santa Luc\u00eda"},"content":{"rendered":"<p><!--more--><\/p>\n<p><a href=\"http:\/\/laguiadepamplona.es\/actualidad\/wp-content\/uploads\/2017\/03\/iluminacion-revellin-santa-lucia.jpg\"><img loading=\"lazy\" decoding=\"async\" class=\"alignleft size-medium wp-image-12298\" src=\"http:\/\/laguiadepamplona.es\/actualidad\/wp-content\/uploads\/2017\/03\/iluminacion-revellin-santa-lucia-300x200.jpg\" alt=\"\" width=\"300\" height=\"200\" srcset=\"https:\/\/www.laguiadepamplona.com\/actualidad\/wp-content\/uploads\/2017\/03\/iluminacion-revellin-santa-lucia-300x200.jpg 300w, https:\/\/www.laguiadepamplona.com\/actualidad\/wp-content\/uploads\/2017\/03\/iluminacion-revellin-santa-lucia-768x512.jpg 768w, https:\/\/www.laguiadepamplona.com\/actualidad\/wp-content\/uploads\/2017\/03\/iluminacion-revellin-santa-lucia.jpg 1000w\" sizes=\"auto, (max-width: 300px) 100vw, 300px\" \/><\/a>El cuarto revell\u00edn de la Ciudadela ya tiene iluminaci\u00f3n propia. A\u00fan en prueba, la semana pasada el Ayuntamiento de Pamplona comenz\u00f3 a iluminar dos lienzos de la estructura formada por la contraescarpa y el revell\u00edn de Santa Luc\u00eda, para as\u00ed completar la iluminaci\u00f3n ornamental del recinto fortificado. Tras las obras, 16 focos modelo Terra Maxi han quedado semi-enterrados en el suelo del foso (ocho por cada cara). Las luces se han colocado dispuestas en l\u00ednea y enfrentadas a la muralla.<\/p>\n<p>El revell\u00edn de Santa Luc\u00eda se recuper\u00f3 para la ciudad en las obras de construcci\u00f3n de la estaci\u00f3n de autobuses soterrada (2006-2007). En aquel momento el Consistorio no dispuso la iluminaci\u00f3n de los lienzos, a diferencia del resto del conjunto de murallas exteriores de la Ciudadela (revellines de Santa Ana, Santa Isabel y Santa Clara, lienzos de muralla, baluartes y contraguardias). Sin embargo, al ser un elemento de muralla con una importante visibilidad desde la avenida del Ej\u00e9rcito, la plaza de la Paz y desde la explanada (glacis y camino cubierto recuperados), el Ayuntamiento de Pamplona ha decidido completar la iluminaci\u00f3n del recinto fortificado con una instalaci\u00f3n de similares caracter\u00edsticas a la fortificaci\u00f3n pentagonal abaluartada.<\/p>\n<p>Para la colocaci\u00f3n de los focos se ha realizado la canalizaci\u00f3n subterr\u00e1nea del cableado a base de dos tubos de 110 mm., la instalaci\u00f3n de las l\u00edneas de alimentaci\u00f3n de alumbrado conectadas a las existentes y se han colocado arquetas de derivaci\u00f3n. De estos trabajos se ha encargado la empresa MEPSA (Montajes El\u00e9ctricos Pamplona S.A.) con un presupuesto de 25.900 euros m\u00e1s IVA.<\/p>\n<p>Como el resto del sistema de alumbrado p\u00fablico de la ciudad, estos d\u00edas y hasta que acabe marzo, la nueva iluminaci\u00f3n funcionar\u00e1 aproximadamente entre las 19.15 y las 22 horas, ajust\u00e1ndose despu\u00e9s el inicio de alumbrado a la evoluci\u00f3n de la luz solar y retrasando el apagado de forma progresiva hasta septiembre.<\/p>\n<p>&nbsp;<\/p>\n","protected":false},"excerpt":{"rendered":"","protected":false},"author":1,"featured_media":12299,"comment_status":"closed","ping_status":"closed","sticky":false,"template":"","format":"standard","meta":{"footnotes":""},"categories":[2],"tags":[],"class_list":["post-12297","post","type-post","status-publish","format-standard","has-post-thumbnail","hentry","category-ayuntamiento-pamplona"],"yoast_head":"<!-- This site is optimized with the Yoast SEO plugin v27.3 - https:\/\/yoast.com\/product\/yoast-seo-wordpress\/ -->\n<title>El Ayuntamiento de Pamplona completa la iluminaci\u00f3n ornamental de la Ciudadela con la colocaci\u00f3n de 16 focos semi-enterrados en el revell\u00edn de Santa Luc\u00eda<\/title>\n<meta name=\"robots\" content=\"index, follow, max-snippet:-1, max-image-preview:large, max-video-preview:-1\" \/>\n<link rel=\"canonical\" href=\"https:\/\/www.laguiadepamplona.com\/actualidad\/el-ayuntamiento-de-pamplona-completa-la-iluminacion-ornamental-de-la-ciudadela-con-la-colocacion-de-16-focos-semi-enterrados-en-el-revellin-de-santa-lucia\/\" \/>\n<meta property=\"og:locale\" content=\"es_ES\" \/>\n<meta property=\"og:type\" content=\"article\" \/>\n<meta property=\"og:title\" content=\"El Ayuntamiento de Pamplona completa la iluminaci\u00f3n ornamental de la Ciudadela con la colocaci\u00f3n de 16 focos semi-enterrados en el revell\u00edn de Santa Luc\u00eda\" \/>\n<meta property=\"og:url\" content=\"https:\/\/www.laguiadepamplona.com\/actualidad\/el-ayuntamiento-de-pamplona-completa-la-iluminacion-ornamental-de-la-ciudadela-con-la-colocacion-de-16-focos-semi-enterrados-en-el-revellin-de-santa-lucia\/\" \/>\n<meta property=\"og:site_name\" content=\"La Gu\u00eda de Pamplona\" \/>\n<meta property=\"article:publisher\" content=\"https:\/\/www.facebook.com\/laguiadepamplonacom-133175176762273\/?ref=hl\" \/>\n<meta property=\"article:published_time\" content=\"2017-03-16T12:05:05+00:00\" \/>\n<meta property=\"og:image\" content=\"https:\/\/www.laguiadepamplona.com\/actualidad\/wp-content\/uploads\/2017\/03\/iluminacion-revellin-santa-lucia2.jpg\" \/>\n\t<meta property=\"og:image:width\" content=\"1000\" \/>\n\t<meta property=\"og:image:height\" content=\"667\" \/>\n\t<meta property=\"og:image:type\" content=\"image\/jpeg\" \/>\n<meta name=\"author\" content=\"La Gu\u00eda de Pamplona\" \/>\n<meta name=\"twitter:card\" content=\"summary_large_image\" \/>\n<meta name=\"twitter:creator\" content=\"@LaGuiadPamplona\" \/>\n<meta name=\"twitter:site\" content=\"@LaGuiadPamplona\" \/>\n<meta name=\"twitter:label1\" content=\"Escrito por\" \/>\n\t<meta name=\"twitter:data1\" content=\"La Gu\u00eda de Pamplona\" \/>\n\t<meta name=\"twitter:label2\" content=\"Tiempo de lectura\" \/>\n\t<meta name=\"twitter:data2\" content=\"2 minutos\" \/>\n<script type=\"application\/ld+json\" class=\"yoast-schema-graph\">{\"@context\":\"https:\\\/\\\/schema.org\",\"@graph\":[{\"@type\":\"Article\",\"@id\":\"https:\\\/\\\/www.laguiadepamplona.com\\\/actualidad\\\/el-ayuntamiento-de-pamplona-completa-la-iluminacion-ornamental-de-la-ciudadela-con-la-colocacion-de-16-focos-semi-enterrados-en-el-revellin-de-santa-lucia\\\/#article\",\"isPartOf\":{\"@id\":\"https:\\\/\\\/www.laguiadepamplona.com\\\/actualidad\\\/el-ayuntamiento-de-pamplona-completa-la-iluminacion-ornamental-de-la-ciudadela-con-la-colocacion-de-16-focos-semi-enterrados-en-el-revellin-de-santa-lucia\\\/\"},\"author\":{\"name\":\"La Gu\u00eda de Pamplona\",\"@id\":\"https:\\\/\\\/www.laguiadepamplona.com\\\/actualidad\\\/#\\\/schema\\\/person\\\/efe887376f0213d4657c93adc50b1fdb\"},\"headline\":\"El Ayuntamiento de Pamplona completa la iluminaci\u00f3n ornamental de la Ciudadela con la colocaci\u00f3n de 16 focos semi-enterrados en el revell\u00edn de Santa Luc\u00eda\",\"datePublished\":\"2017-03-16T12:05:05+00:00\",\"mainEntityOfPage\":{\"@id\":\"https:\\\/\\\/www.laguiadepamplona.com\\\/actualidad\\\/el-ayuntamiento-de-pamplona-completa-la-iluminacion-ornamental-de-la-ciudadela-con-la-colocacion-de-16-focos-semi-enterrados-en-el-revellin-de-santa-lucia\\\/\"},\"wordCount\":366,\"publisher\":{\"@id\":\"https:\\\/\\\/www.laguiadepamplona.com\\\/actualidad\\\/#organization\"},\"image\":{\"@id\":\"https:\\\/\\\/www.laguiadepamplona.com\\\/actualidad\\\/el-ayuntamiento-de-pamplona-completa-la-iluminacion-ornamental-de-la-ciudadela-con-la-colocacion-de-16-focos-semi-enterrados-en-el-revellin-de-santa-lucia\\\/#primaryimage\"},\"thumbnailUrl\":\"https:\\\/\\\/www.laguiadepamplona.com\\\/actualidad\\\/wp-content\\\/uploads\\\/2017\\\/03\\\/iluminacion-revellin-santa-lucia2.jpg\",\"articleSection\":[\"Ayto Pamplona\"],\"inLanguage\":\"es\"},{\"@type\":\"WebPage\",\"@id\":\"https:\\\/\\\/www.laguiadepamplona.com\\\/actualidad\\\/el-ayuntamiento-de-pamplona-completa-la-iluminacion-ornamental-de-la-ciudadela-con-la-colocacion-de-16-focos-semi-enterrados-en-el-revellin-de-santa-lucia\\\/\",\"url\":\"https:\\\/\\\/www.laguiadepamplona.com\\\/actualidad\\\/el-ayuntamiento-de-pamplona-completa-la-iluminacion-ornamental-de-la-ciudadela-con-la-colocacion-de-16-focos-semi-enterrados-en-el-revellin-de-santa-lucia\\\/\",\"name\":\"El Ayuntamiento de Pamplona completa la iluminaci\u00f3n ornamental de la Ciudadela con la colocaci\u00f3n de 16 focos semi-enterrados en el revell\u00edn de Santa Luc\u00eda\",\"isPartOf\":{\"@id\":\"https:\\\/\\\/www.laguiadepamplona.com\\\/actualidad\\\/#website\"},\"primaryImageOfPage\":{\"@id\":\"https:\\\/\\\/www.laguiadepamplona.com\\\/actualidad\\\/el-ayuntamiento-de-pamplona-completa-la-iluminacion-ornamental-de-la-ciudadela-con-la-colocacion-de-16-focos-semi-enterrados-en-el-revellin-de-santa-lucia\\\/#primaryimage\"},\"image\":{\"@id\":\"https:\\\/\\\/www.laguiadepamplona.com\\\/actualidad\\\/el-ayuntamiento-de-pamplona-completa-la-iluminacion-ornamental-de-la-ciudadela-con-la-colocacion-de-16-focos-semi-enterrados-en-el-revellin-de-santa-lucia\\\/#primaryimage\"},\"thumbnailUrl\":\"https:\\\/\\\/www.laguiadepamplona.com\\\/actualidad\\\/wp-content\\\/uploads\\\/2017\\\/03\\\/iluminacion-revellin-santa-lucia2.jpg\",\"datePublished\":\"2017-03-16T12:05:05+00:00\",\"breadcrumb\":{\"@id\":\"https:\\\/\\\/www.laguiadepamplona.com\\\/actualidad\\\/el-ayuntamiento-de-pamplona-completa-la-iluminacion-ornamental-de-la-ciudadela-con-la-colocacion-de-16-focos-semi-enterrados-en-el-revellin-de-santa-lucia\\\/#breadcrumb\"},\"inLanguage\":\"es\",\"potentialAction\":[{\"@type\":\"ReadAction\",\"target\":[\"https:\\\/\\\/www.laguiadepamplona.com\\\/actualidad\\\/el-ayuntamiento-de-pamplona-completa-la-iluminacion-ornamental-de-la-ciudadela-con-la-colocacion-de-16-focos-semi-enterrados-en-el-revellin-de-santa-lucia\\\/\"]}]},{\"@type\":\"ImageObject\",\"inLanguage\":\"es\",\"@id\":\"https:\\\/\\\/www.laguiadepamplona.com\\\/actualidad\\\/el-ayuntamiento-de-pamplona-completa-la-iluminacion-ornamental-de-la-ciudadela-con-la-colocacion-de-16-focos-semi-enterrados-en-el-revellin-de-santa-lucia\\\/#primaryimage\",\"url\":\"https:\\\/\\\/www.laguiadepamplona.com\\\/actualidad\\\/wp-content\\\/uploads\\\/2017\\\/03\\\/iluminacion-revellin-santa-lucia2.jpg\",\"contentUrl\":\"https:\\\/\\\/www.laguiadepamplona.com\\\/actualidad\\\/wp-content\\\/uploads\\\/2017\\\/03\\\/iluminacion-revellin-santa-lucia2.jpg\",\"width\":1000,\"height\":667},{\"@type\":\"BreadcrumbList\",\"@id\":\"https:\\\/\\\/www.laguiadepamplona.com\\\/actualidad\\\/el-ayuntamiento-de-pamplona-completa-la-iluminacion-ornamental-de-la-ciudadela-con-la-colocacion-de-16-focos-semi-enterrados-en-el-revellin-de-santa-lucia\\\/#breadcrumb\",\"itemListElement\":[{\"@type\":\"ListItem\",\"position\":1,\"name\":\"Portada\",\"item\":\"https:\\\/\\\/www.laguiadepamplona.com\\\/actualidad\\\/\"},{\"@type\":\"ListItem\",\"position\":2,\"name\":\"El Ayuntamiento de Pamplona completa la iluminaci\u00f3n ornamental de la Ciudadela con la colocaci\u00f3n de 16 focos semi-enterrados en el revell\u00edn de Santa Luc\u00eda\"}]},{\"@type\":\"WebSite\",\"@id\":\"https:\\\/\\\/www.laguiadepamplona.com\\\/actualidad\\\/#website\",\"url\":\"https:\\\/\\\/www.laguiadepamplona.com\\\/actualidad\\\/\",\"name\":\"La gu\u00eda de Pamplona\",\"description\":\"Noticias de Pamplona\",\"publisher\":{\"@id\":\"https:\\\/\\\/www.laguiadepamplona.com\\\/actualidad\\\/#organization\"},\"potentialAction\":[{\"@type\":\"SearchAction\",\"target\":{\"@type\":\"EntryPoint\",\"urlTemplate\":\"https:\\\/\\\/www.laguiadepamplona.com\\\/actualidad\\\/?s={search_term_string}\"},\"query-input\":{\"@type\":\"PropertyValueSpecification\",\"valueRequired\":true,\"valueName\":\"search_term_string\"}}],\"inLanguage\":\"es\"},{\"@type\":\"Organization\",\"@id\":\"https:\\\/\\\/www.laguiadepamplona.com\\\/actualidad\\\/#organization\",\"name\":\"La Gu\u00eda de Pamplona \\\/ Noticias\",\"url\":\"https:\\\/\\\/www.laguiadepamplona.com\\\/actualidad\\\/\",\"logo\":{\"@type\":\"ImageObject\",\"inLanguage\":\"es\",\"@id\":\"https:\\\/\\\/www.laguiadepamplona.com\\\/actualidad\\\/#\\\/schema\\\/logo\\\/image\\\/\",\"url\":\"https:\\\/\\\/www.laguiadepamplona.com\\\/actualidad\\\/wp-content\\\/uploads\\\/2018\\\/11\\\/logo-laguiadepamplona18-web1.png\",\"contentUrl\":\"https:\\\/\\\/www.laguiadepamplona.com\\\/actualidad\\\/wp-content\\\/uploads\\\/2018\\\/11\\\/logo-laguiadepamplona18-web1.png\",\"width\":600,\"height\":196,\"caption\":\"La Gu\u00eda de Pamplona \\\/ Noticias\"},\"image\":{\"@id\":\"https:\\\/\\\/www.laguiadepamplona.com\\\/actualidad\\\/#\\\/schema\\\/logo\\\/image\\\/\"},\"sameAs\":[\"https:\\\/\\\/www.facebook.com\\\/laguiadepamplonacom-133175176762273\\\/?ref=hl\",\"https:\\\/\\\/x.com\\\/LaGuiadPamplona\",\"https:\\\/\\\/www.instagram.com\\\/la_guia_de_pamplona\\\/\",\"https:\\\/\\\/www.youtube.com\\\/user\\\/laguiadepamplona\"]},{\"@type\":\"Person\",\"@id\":\"https:\\\/\\\/www.laguiadepamplona.com\\\/actualidad\\\/#\\\/schema\\\/person\\\/efe887376f0213d4657c93adc50b1fdb\",\"name\":\"La Gu\u00eda de Pamplona\",\"image\":{\"@type\":\"ImageObject\",\"inLanguage\":\"es\",\"@id\":\"https:\\\/\\\/secure.gravatar.com\\\/avatar\\\/b6992f131dc8d30ab0dff15446e9d346d9dbd95992de0fef795073f5ea83a81c?s=96&d=mm&r=g\",\"url\":\"https:\\\/\\\/secure.gravatar.com\\\/avatar\\\/b6992f131dc8d30ab0dff15446e9d346d9dbd95992de0fef795073f5ea83a81c?s=96&d=mm&r=g\",\"contentUrl\":\"https:\\\/\\\/secure.gravatar.com\\\/avatar\\\/b6992f131dc8d30ab0dff15446e9d346d9dbd95992de0fef795073f5ea83a81c?s=96&d=mm&r=g\",\"caption\":\"La Gu\u00eda de Pamplona\"}}]}<\/script>\n<!-- \/ Yoast SEO plugin. -->","yoast_head_json":{"title":"El Ayuntamiento de Pamplona completa la iluminaci\u00f3n ornamental de la Ciudadela con la colocaci\u00f3n de 16 focos semi-enterrados en el revell\u00edn de Santa Luc\u00eda","robots":{"index":"index","follow":"follow","max-snippet":"max-snippet:-1","max-image-preview":"max-image-preview:large","max-video-preview":"max-video-preview:-1"},"canonical":"https:\/\/www.laguiadepamplona.com\/actualidad\/el-ayuntamiento-de-pamplona-completa-la-iluminacion-ornamental-de-la-ciudadela-con-la-colocacion-de-16-focos-semi-enterrados-en-el-revellin-de-santa-lucia\/","og_locale":"es_ES","og_type":"article","og_title":"El Ayuntamiento de Pamplona completa la iluminaci\u00f3n ornamental de la Ciudadela con la colocaci\u00f3n de 16 focos semi-enterrados en el revell\u00edn de Santa Luc\u00eda","og_url":"https:\/\/www.laguiadepamplona.com\/actualidad\/el-ayuntamiento-de-pamplona-completa-la-iluminacion-ornamental-de-la-ciudadela-con-la-colocacion-de-16-focos-semi-enterrados-en-el-revellin-de-santa-lucia\/","og_site_name":"La Gu\u00eda de Pamplona","article_publisher":"https:\/\/www.facebook.com\/laguiadepamplonacom-133175176762273\/?ref=hl","article_published_time":"2017-03-16T12:05:05+00:00","og_image":[{"width":1000,"height":667,"url":"https:\/\/www.laguiadepamplona.com\/actualidad\/wp-content\/uploads\/2017\/03\/iluminacion-revellin-santa-lucia2.jpg","type":"image\/jpeg"}],"author":"La Gu\u00eda de Pamplona","twitter_card":"summary_large_image","twitter_creator":"@LaGuiadPamplona","twitter_site":"@LaGuiadPamplona","twitter_misc":{"Escrito por":"La Gu\u00eda de Pamplona","Tiempo de lectura":"2 minutos"},"schema":{"@context":"https:\/\/schema.org","@graph":[{"@type":"Article","@id":"https:\/\/www.laguiadepamplona.com\/actualidad\/el-ayuntamiento-de-pamplona-completa-la-iluminacion-ornamental-de-la-ciudadela-con-la-colocacion-de-16-focos-semi-enterrados-en-el-revellin-de-santa-lucia\/#article","isPartOf":{"@id":"https:\/\/www.laguiadepamplona.com\/actualidad\/el-ayuntamiento-de-pamplona-completa-la-iluminacion-ornamental-de-la-ciudadela-con-la-colocacion-de-16-focos-semi-enterrados-en-el-revellin-de-santa-lucia\/"},"author":{"name":"La Gu\u00eda de Pamplona","@id":"https:\/\/www.laguiadepamplona.com\/actualidad\/#\/schema\/person\/efe887376f0213d4657c93adc50b1fdb"},"headline":"El Ayuntamiento de Pamplona completa la iluminaci\u00f3n ornamental de la Ciudadela con la colocaci\u00f3n de 16 focos semi-enterrados en el revell\u00edn de Santa Luc\u00eda","datePublished":"2017-03-16T12:05:05+00:00","mainEntityOfPage":{"@id":"https:\/\/www.laguiadepamplona.com\/actualidad\/el-ayuntamiento-de-pamplona-completa-la-iluminacion-ornamental-de-la-ciudadela-con-la-colocacion-de-16-focos-semi-enterrados-en-el-revellin-de-santa-lucia\/"},"wordCount":366,"publisher":{"@id":"https:\/\/www.laguiadepamplona.com\/actualidad\/#organization"},"image":{"@id":"https:\/\/www.laguiadepamplona.com\/actualidad\/el-ayuntamiento-de-pamplona-completa-la-iluminacion-ornamental-de-la-ciudadela-con-la-colocacion-de-16-focos-semi-enterrados-en-el-revellin-de-santa-lucia\/#primaryimage"},"thumbnailUrl":"https:\/\/www.laguiadepamplona.com\/actualidad\/wp-content\/uploads\/2017\/03\/iluminacion-revellin-santa-lucia2.jpg","articleSection":["Ayto Pamplona"],"inLanguage":"es"},{"@type":"WebPage","@id":"https:\/\/www.laguiadepamplona.com\/actualidad\/el-ayuntamiento-de-pamplona-completa-la-iluminacion-ornamental-de-la-ciudadela-con-la-colocacion-de-16-focos-semi-enterrados-en-el-revellin-de-santa-lucia\/","url":"https:\/\/www.laguiadepamplona.com\/actualidad\/el-ayuntamiento-de-pamplona-completa-la-iluminacion-ornamental-de-la-ciudadela-con-la-colocacion-de-16-focos-semi-enterrados-en-el-revellin-de-santa-lucia\/","name":"El Ayuntamiento de Pamplona completa la iluminaci\u00f3n ornamental de la Ciudadela con la colocaci\u00f3n de 16 focos semi-enterrados en el revell\u00edn de Santa Luc\u00eda","isPartOf":{"@id":"https:\/\/www.laguiadepamplona.com\/actualidad\/#website"},"primaryImageOfPage":{"@id":"https:\/\/www.laguiadepamplona.com\/actualidad\/el-ayuntamiento-de-pamplona-completa-la-iluminacion-ornamental-de-la-ciudadela-con-la-colocacion-de-16-focos-semi-enterrados-en-el-revellin-de-santa-lucia\/#primaryimage"},"image":{"@id":"https:\/\/www.laguiadepamplona.com\/actualidad\/el-ayuntamiento-de-pamplona-completa-la-iluminacion-ornamental-de-la-ciudadela-con-la-colocacion-de-16-focos-semi-enterrados-en-el-revellin-de-santa-lucia\/#primaryimage"},"thumbnailUrl":"https:\/\/www.laguiadepamplona.com\/actualidad\/wp-content\/uploads\/2017\/03\/iluminacion-revellin-santa-lucia2.jpg","datePublished":"2017-03-16T12:05:05+00:00","breadcrumb":{"@id":"https:\/\/www.laguiadepamplona.com\/actualidad\/el-ayuntamiento-de-pamplona-completa-la-iluminacion-ornamental-de-la-ciudadela-con-la-colocacion-de-16-focos-semi-enterrados-en-el-revellin-de-santa-lucia\/#breadcrumb"},"inLanguage":"es","potentialAction":[{"@type":"ReadAction","target":["https:\/\/www.laguiadepamplona.com\/actualidad\/el-ayuntamiento-de-pamplona-completa-la-iluminacion-ornamental-de-la-ciudadela-con-la-colocacion-de-16-focos-semi-enterrados-en-el-revellin-de-santa-lucia\/"]}]},{"@type":"ImageObject","inLanguage":"es","@id":"https:\/\/www.laguiadepamplona.com\/actualidad\/el-ayuntamiento-de-pamplona-completa-la-iluminacion-ornamental-de-la-ciudadela-con-la-colocacion-de-16-focos-semi-enterrados-en-el-revellin-de-santa-lucia\/#primaryimage","url":"https:\/\/www.laguiadepamplona.com\/actualidad\/wp-content\/uploads\/2017\/03\/iluminacion-revellin-santa-lucia2.jpg","contentUrl":"https:\/\/www.laguiadepamplona.com\/actualidad\/wp-content\/uploads\/2017\/03\/iluminacion-revellin-santa-lucia2.jpg","width":1000,"height":667},{"@type":"BreadcrumbList","@id":"https:\/\/www.laguiadepamplona.com\/actualidad\/el-ayuntamiento-de-pamplona-completa-la-iluminacion-ornamental-de-la-ciudadela-con-la-colocacion-de-16-focos-semi-enterrados-en-el-revellin-de-santa-lucia\/#breadcrumb","itemListElement":[{"@type":"ListItem","position":1,"name":"Portada","item":"https:\/\/www.laguiadepamplona.com\/actualidad\/"},{"@type":"ListItem","position":2,"name":"El Ayuntamiento de Pamplona completa la iluminaci\u00f3n ornamental de la Ciudadela con la colocaci\u00f3n de 16 focos semi-enterrados en el revell\u00edn de Santa Luc\u00eda"}]},{"@type":"WebSite","@id":"https:\/\/www.laguiadepamplona.com\/actualidad\/#website","url":"https:\/\/www.laguiadepamplona.com\/actualidad\/","name":"La gu\u00eda de Pamplona","description":"Noticias de Pamplona","publisher":{"@id":"https:\/\/www.laguiadepamplona.com\/actualidad\/#organization"},"potentialAction":[{"@type":"SearchAction","target":{"@type":"EntryPoint","urlTemplate":"https:\/\/www.laguiadepamplona.com\/actualidad\/?s={search_term_string}"},"query-input":{"@type":"PropertyValueSpecification","valueRequired":true,"valueName":"search_term_string"}}],"inLanguage":"es"},{"@type":"Organization","@id":"https:\/\/www.laguiadepamplona.com\/actualidad\/#organization","name":"La Gu\u00eda de Pamplona \/ Noticias","url":"https:\/\/www.laguiadepamplona.com\/actualidad\/","logo":{"@type":"ImageObject","inLanguage":"es","@id":"https:\/\/www.laguiadepamplona.com\/actualidad\/#\/schema\/logo\/image\/","url":"https:\/\/www.laguiadepamplona.com\/actualidad\/wp-content\/uploads\/2018\/11\/logo-laguiadepamplona18-web1.png","contentUrl":"https:\/\/www.laguiadepamplona.com\/actualidad\/wp-content\/uploads\/2018\/11\/logo-laguiadepamplona18-web1.png","width":600,"height":196,"caption":"La Gu\u00eda de Pamplona \/ Noticias"},"image":{"@id":"https:\/\/www.laguiadepamplona.com\/actualidad\/#\/schema\/logo\/image\/"},"sameAs":["https:\/\/www.facebook.com\/laguiadepamplonacom-133175176762273\/?ref=hl","https:\/\/x.com\/LaGuiadPamplona","https:\/\/www.instagram.com\/la_guia_de_pamplona\/","https:\/\/www.youtube.com\/user\/laguiadepamplona"]},{"@type":"Person","@id":"https:\/\/www.laguiadepamplona.com\/actualidad\/#\/schema\/person\/efe887376f0213d4657c93adc50b1fdb","name":"La Gu\u00eda de Pamplona","image":{"@type":"ImageObject","inLanguage":"es","@id":"https:\/\/secure.gravatar.com\/avatar\/b6992f131dc8d30ab0dff15446e9d346d9dbd95992de0fef795073f5ea83a81c?s=96&d=mm&r=g","url":"https:\/\/secure.gravatar.com\/avatar\/b6992f131dc8d30ab0dff15446e9d346d9dbd95992de0fef795073f5ea83a81c?s=96&d=mm&r=g","contentUrl":"https:\/\/secure.gravatar.com\/avatar\/b6992f131dc8d30ab0dff15446e9d346d9dbd95992de0fef795073f5ea83a81c?s=96&d=mm&r=g","caption":"La Gu\u00eda de Pamplona"}}]}},"post_mailing_queue_ids":[],"_links":{"self":[{"href":"https:\/\/www.laguiadepamplona.com\/actualidad\/wp-json\/wp\/v2\/posts\/12297","targetHints":{"allow":["GET"]}}],"collection":[{"href":"https:\/\/www.laguiadepamplona.com\/actualidad\/wp-json\/wp\/v2\/posts"}],"about":[{"href":"https:\/\/www.laguiadepamplona.com\/actualidad\/wp-json\/wp\/v2\/types\/post"}],"author":[{"embeddable":true,"href":"https:\/\/www.laguiadepamplona.com\/actualidad\/wp-json\/wp\/v2\/users\/1"}],"replies":[{"embeddable":true,"href":"https:\/\/www.laguiadepamplona.com\/actualidad\/wp-json\/wp\/v2\/comments?post=12297"}],"version-history":[{"count":0,"href":"https:\/\/www.laguiadepamplona.com\/actualidad\/wp-json\/wp\/v2\/posts\/12297\/revisions"}],"wp:featuredmedia":[{"embeddable":true,"href":"https:\/\/www.laguiadepamplona.com\/actualidad\/wp-json\/wp\/v2\/media\/12299"}],"wp:attachment":[{"href":"https:\/\/www.laguiadepamplona.com\/actualidad\/wp-json\/wp\/v2\/media?parent=12297"}],"wp:term":[{"taxonomy":"category","embeddable":true,"href":"https:\/\/www.laguiadepamplona.com\/actualidad\/wp-json\/wp\/v2\/categories?post=12297"},{"taxonomy":"post_tag","embeddable":true,"href":"https:\/\/www.laguiadepamplona.com\/actualidad\/wp-json\/wp\/v2\/tags?post=12297"}],"curies":[{"name":"wp","href":"https:\/\/api.w.org\/{rel}","templated":true}]}}