{"id":12293,"date":"2017-03-16T13:04:08","date_gmt":"2017-03-16T12:04:08","guid":{"rendered":"http:\/\/laguiadepamplona.es\/actualidad\/?p=12293"},"modified":"2017-03-16T13:04:08","modified_gmt":"2017-03-16T12:04:08","slug":"somos-migrantes-la-muestra-fotografica-de-la-fundacion-alboan-que-se-puede-visitar-hasta-el-29-de-marzo-en-civivox-ensanche","status":"publish","type":"post","link":"https:\/\/www.laguiadepamplona.com\/actualidad\/somos-migrantes-la-muestra-fotografica-de-la-fundacion-alboan-que-se-puede-visitar-hasta-el-29-de-marzo-en-civivox-ensanche\/","title":{"rendered":"\u2018Somos migrantes\u2019, la muestra fotogr\u00e1fica de la Fundaci\u00f3n ALBOAN que se puede visitar hasta el 29 de marzo en Civivox Ensanche"},"content":{"rendered":"<h3>En 24 paneles se recogen relatos y testimonios gr\u00e1ficos de personas que se ven obligadas a dejar sus lugares de origen buscando una vida digna<\/h3>\n<p><!--more--><\/p>\n<p><a href=\"http:\/\/laguiadepamplona.es\/actualidad\/wp-content\/uploads\/2017\/03\/Fundaci\u00f3n-ALBOAN.jpg\"><img loading=\"lazy\" decoding=\"async\" class=\"alignleft size-medium wp-image-12294\" src=\"http:\/\/laguiadepamplona.es\/actualidad\/wp-content\/uploads\/2017\/03\/Fundaci\u00f3n-ALBOAN-300x225.jpg\" alt=\"\" width=\"300\" height=\"225\" srcset=\"https:\/\/www.laguiadepamplona.com\/actualidad\/wp-content\/uploads\/2017\/03\/Fundaci\u00f3n-ALBOAN-300x225.jpg 300w, https:\/\/www.laguiadepamplona.com\/actualidad\/wp-content\/uploads\/2017\/03\/Fundaci\u00f3n-ALBOAN-768x576.jpg 768w, https:\/\/www.laguiadepamplona.com\/actualidad\/wp-content\/uploads\/2017\/03\/Fundaci\u00f3n-ALBOAN-678x509.jpg 678w, https:\/\/www.laguiadepamplona.com\/actualidad\/wp-content\/uploads\/2017\/03\/Fundaci\u00f3n-ALBOAN-326x245.jpg 326w, https:\/\/www.laguiadepamplona.com\/actualidad\/wp-content\/uploads\/2017\/03\/Fundaci\u00f3n-ALBOAN-80x60.jpg 80w, https:\/\/www.laguiadepamplona.com\/actualidad\/wp-content\/uploads\/2017\/03\/Fundaci\u00f3n-ALBOAN.jpg 1000w\" sizes=\"auto, (max-width: 300px) 100vw, 300px\" \/><\/a>Hasta el 29 de marzo Civivox Ensanche acoge la exposici\u00f3n \u2018Somos migrantes\u2019, una propuesta que llega de la mano de Fundaci\u00f3n ALBOAN, con el objetivo de dar a conocer la dif\u00edcil realidad que viven miles de personas que se ven obligadas a abandonar sus lugares de origen en busca de una vida digna. A lo largo de 24 paneles, la muestra recoge fotograf\u00edas de artistas de muy diversas procedencias, adem\u00e1s de testimonios reales de personas que, en su d\u00eda, se vieron obligadas a migrar.<\/p>\n<p>Seg\u00fan la informaci\u00f3n de ALBOAN, Cada a\u00f1o, m\u00e1s de un mill\u00f3n de personas mexicanas y m\u00e1s de 300.000 centroamericanas intentan cruzar la frontera entre M\u00e9xico y EEUU. S\u00f3lo el 15% lo consigue. La falta de oportunidades laborales en sus pa\u00edses, la situaci\u00f3n de pobreza en la que se encuentran y la gran dificultad para salir de ella, les llevan a iniciar el viaje hacia el Norte. Pero no hay que irse tan lejos; la valla de Melilla, de la llamada \u201cFrontera Sur\u201d, tiene seis metros de altura y est\u00e1 rematada con concertinas, cuchillas afiladas que hieren a quien la intenta salvar, miles de personas cada a\u00f1o. Europa est\u00e1 viviendo la mayor llegada de personas refugiadas desde la II Guerra Mundial, en su mayor\u00eda procedentes de la guerra en Siria. En el mundo, son m\u00e1s de 40.000 personas las que desde el a\u00f1o 2000 han perdido la vida en la b\u00fasqueda de mejores condiciones de vida, huyendo de la guerra, de la pobreza y del hambre.<\/p>\n<p>La exposici\u00f3n ha sido elaborada por Entreculturas, los Servicios Jesuita Migrante (SJM) de M\u00e9xico y Espa\u00f1a, y ha contado con la colaboraci\u00f3n de ALBOAN para esta versi\u00f3n que se puede visitar en Civivox Ensanche de lunes a s\u00e1bado en horario de 9 a 14 horas y de 17 a 20 horas. Estas organizaciones llevan a cabo proyectos de desarrollo y justicia social y trabajan para generar una cultura de solidaridad y acogida.<\/p>\n","protected":false},"excerpt":{"rendered":"<p>En 24 paneles se recogen relatos y testimonios gr\u00e1ficos de personas que se ven obligadas a dejar sus lugares de origen buscando una vida digna<\/p>\n","protected":false},"author":1,"featured_media":12295,"comment_status":"closed","ping_status":"closed","sticky":false,"template":"","format":"standard","meta":{"footnotes":""},"categories":[2],"tags":[],"class_list":["post-12293","post","type-post","status-publish","format-standard","has-post-thumbnail","hentry","category-ayuntamiento-pamplona"],"yoast_head":"<!-- This site is optimized with the Yoast SEO plugin v27.3 - https:\/\/yoast.com\/product\/yoast-seo-wordpress\/ -->\n<title>\u2018Somos migrantes\u2019, la muestra fotogr\u00e1fica de la Fundaci\u00f3n ALBOAN que se puede visitar hasta el 29 de marzo en Civivox Ensanche<\/title>\n<meta name=\"robots\" content=\"index, follow, max-snippet:-1, max-image-preview:large, max-video-preview:-1\" \/>\n<link rel=\"canonical\" href=\"https:\/\/www.laguiadepamplona.com\/actualidad\/somos-migrantes-la-muestra-fotografica-de-la-fundacion-alboan-que-se-puede-visitar-hasta-el-29-de-marzo-en-civivox-ensanche\/\" \/>\n<meta property=\"og:locale\" content=\"es_ES\" \/>\n<meta property=\"og:type\" content=\"article\" \/>\n<meta property=\"og:title\" content=\"\u2018Somos migrantes\u2019, la muestra fotogr\u00e1fica de la Fundaci\u00f3n ALBOAN que se puede visitar hasta el 29 de marzo en Civivox Ensanche\" \/>\n<meta property=\"og:description\" content=\"En 24 paneles se recogen relatos y testimonios gr\u00e1ficos de personas que se ven obligadas a dejar sus lugares de origen buscando una vida digna\" \/>\n<meta property=\"og:url\" content=\"https:\/\/www.laguiadepamplona.com\/actualidad\/somos-migrantes-la-muestra-fotografica-de-la-fundacion-alboan-que-se-puede-visitar-hasta-el-29-de-marzo-en-civivox-ensanche\/\" \/>\n<meta property=\"og:site_name\" content=\"La Gu\u00eda de Pamplona\" \/>\n<meta property=\"article:publisher\" content=\"https:\/\/www.facebook.com\/laguiadepamplonacom-133175176762273\/?ref=hl\" \/>\n<meta property=\"article:published_time\" content=\"2017-03-16T12:04:08+00:00\" \/>\n<meta property=\"og:image\" content=\"https:\/\/www.laguiadepamplona.com\/actualidad\/wp-content\/uploads\/2017\/03\/Fundaci\u00f3n-ALBOAN2.jpg\" \/>\n\t<meta property=\"og:image:width\" content=\"1000\" \/>\n\t<meta property=\"og:image:height\" content=\"666\" \/>\n\t<meta property=\"og:image:type\" content=\"image\/jpeg\" \/>\n<meta name=\"author\" content=\"La Gu\u00eda de Pamplona\" \/>\n<meta name=\"twitter:card\" content=\"summary_large_image\" \/>\n<meta name=\"twitter:creator\" content=\"@LaGuiadPamplona\" \/>\n<meta name=\"twitter:site\" content=\"@LaGuiadPamplona\" \/>\n<meta name=\"twitter:label1\" content=\"Escrito por\" \/>\n\t<meta name=\"twitter:data1\" content=\"La Gu\u00eda de Pamplona\" \/>\n\t<meta name=\"twitter:label2\" content=\"Tiempo de lectura\" \/>\n\t<meta name=\"twitter:data2\" content=\"2 minutos\" \/>\n<script type=\"application\/ld+json\" class=\"yoast-schema-graph\">{\"@context\":\"https:\\\/\\\/schema.org\",\"@graph\":[{\"@type\":\"Article\",\"@id\":\"https:\\\/\\\/www.laguiadepamplona.com\\\/actualidad\\\/somos-migrantes-la-muestra-fotografica-de-la-fundacion-alboan-que-se-puede-visitar-hasta-el-29-de-marzo-en-civivox-ensanche\\\/#article\",\"isPartOf\":{\"@id\":\"https:\\\/\\\/www.laguiadepamplona.com\\\/actualidad\\\/somos-migrantes-la-muestra-fotografica-de-la-fundacion-alboan-que-se-puede-visitar-hasta-el-29-de-marzo-en-civivox-ensanche\\\/\"},\"author\":{\"name\":\"La Gu\u00eda de Pamplona\",\"@id\":\"https:\\\/\\\/www.laguiadepamplona.com\\\/actualidad\\\/#\\\/schema\\\/person\\\/efe887376f0213d4657c93adc50b1fdb\"},\"headline\":\"\u2018Somos migrantes\u2019, la muestra fotogr\u00e1fica de la Fundaci\u00f3n ALBOAN que se puede visitar hasta el 29 de marzo en Civivox Ensanche\",\"datePublished\":\"2017-03-16T12:04:08+00:00\",\"mainEntityOfPage\":{\"@id\":\"https:\\\/\\\/www.laguiadepamplona.com\\\/actualidad\\\/somos-migrantes-la-muestra-fotografica-de-la-fundacion-alboan-que-se-puede-visitar-hasta-el-29-de-marzo-en-civivox-ensanche\\\/\"},\"wordCount\":385,\"publisher\":{\"@id\":\"https:\\\/\\\/www.laguiadepamplona.com\\\/actualidad\\\/#organization\"},\"image\":{\"@id\":\"https:\\\/\\\/www.laguiadepamplona.com\\\/actualidad\\\/somos-migrantes-la-muestra-fotografica-de-la-fundacion-alboan-que-se-puede-visitar-hasta-el-29-de-marzo-en-civivox-ensanche\\\/#primaryimage\"},\"thumbnailUrl\":\"https:\\\/\\\/www.laguiadepamplona.com\\\/actualidad\\\/wp-content\\\/uploads\\\/2017\\\/03\\\/Fundaci\u00f3n-ALBOAN2.jpg\",\"articleSection\":[\"Ayto Pamplona\"],\"inLanguage\":\"es\"},{\"@type\":\"WebPage\",\"@id\":\"https:\\\/\\\/www.laguiadepamplona.com\\\/actualidad\\\/somos-migrantes-la-muestra-fotografica-de-la-fundacion-alboan-que-se-puede-visitar-hasta-el-29-de-marzo-en-civivox-ensanche\\\/\",\"url\":\"https:\\\/\\\/www.laguiadepamplona.com\\\/actualidad\\\/somos-migrantes-la-muestra-fotografica-de-la-fundacion-alboan-que-se-puede-visitar-hasta-el-29-de-marzo-en-civivox-ensanche\\\/\",\"name\":\"\u2018Somos migrantes\u2019, la muestra fotogr\u00e1fica de la Fundaci\u00f3n ALBOAN que se puede visitar hasta el 29 de marzo en Civivox Ensanche\",\"isPartOf\":{\"@id\":\"https:\\\/\\\/www.laguiadepamplona.com\\\/actualidad\\\/#website\"},\"primaryImageOfPage\":{\"@id\":\"https:\\\/\\\/www.laguiadepamplona.com\\\/actualidad\\\/somos-migrantes-la-muestra-fotografica-de-la-fundacion-alboan-que-se-puede-visitar-hasta-el-29-de-marzo-en-civivox-ensanche\\\/#primaryimage\"},\"image\":{\"@id\":\"https:\\\/\\\/www.laguiadepamplona.com\\\/actualidad\\\/somos-migrantes-la-muestra-fotografica-de-la-fundacion-alboan-que-se-puede-visitar-hasta-el-29-de-marzo-en-civivox-ensanche\\\/#primaryimage\"},\"thumbnailUrl\":\"https:\\\/\\\/www.laguiadepamplona.com\\\/actualidad\\\/wp-content\\\/uploads\\\/2017\\\/03\\\/Fundaci\u00f3n-ALBOAN2.jpg\",\"datePublished\":\"2017-03-16T12:04:08+00:00\",\"breadcrumb\":{\"@id\":\"https:\\\/\\\/www.laguiadepamplona.com\\\/actualidad\\\/somos-migrantes-la-muestra-fotografica-de-la-fundacion-alboan-que-se-puede-visitar-hasta-el-29-de-marzo-en-civivox-ensanche\\\/#breadcrumb\"},\"inLanguage\":\"es\",\"potentialAction\":[{\"@type\":\"ReadAction\",\"target\":[\"https:\\\/\\\/www.laguiadepamplona.com\\\/actualidad\\\/somos-migrantes-la-muestra-fotografica-de-la-fundacion-alboan-que-se-puede-visitar-hasta-el-29-de-marzo-en-civivox-ensanche\\\/\"]}]},{\"@type\":\"ImageObject\",\"inLanguage\":\"es\",\"@id\":\"https:\\\/\\\/www.laguiadepamplona.com\\\/actualidad\\\/somos-migrantes-la-muestra-fotografica-de-la-fundacion-alboan-que-se-puede-visitar-hasta-el-29-de-marzo-en-civivox-ensanche\\\/#primaryimage\",\"url\":\"https:\\\/\\\/www.laguiadepamplona.com\\\/actualidad\\\/wp-content\\\/uploads\\\/2017\\\/03\\\/Fundaci\u00f3n-ALBOAN2.jpg\",\"contentUrl\":\"https:\\\/\\\/www.laguiadepamplona.com\\\/actualidad\\\/wp-content\\\/uploads\\\/2017\\\/03\\\/Fundaci\u00f3n-ALBOAN2.jpg\",\"width\":1000,\"height\":666},{\"@type\":\"BreadcrumbList\",\"@id\":\"https:\\\/\\\/www.laguiadepamplona.com\\\/actualidad\\\/somos-migrantes-la-muestra-fotografica-de-la-fundacion-alboan-que-se-puede-visitar-hasta-el-29-de-marzo-en-civivox-ensanche\\\/#breadcrumb\",\"itemListElement\":[{\"@type\":\"ListItem\",\"position\":1,\"name\":\"Portada\",\"item\":\"https:\\\/\\\/www.laguiadepamplona.com\\\/actualidad\\\/\"},{\"@type\":\"ListItem\",\"position\":2,\"name\":\"\u2018Somos migrantes\u2019, la muestra fotogr\u00e1fica de la Fundaci\u00f3n ALBOAN que se puede visitar hasta el 29 de marzo en Civivox Ensanche\"}]},{\"@type\":\"WebSite\",\"@id\":\"https:\\\/\\\/www.laguiadepamplona.com\\\/actualidad\\\/#website\",\"url\":\"https:\\\/\\\/www.laguiadepamplona.com\\\/actualidad\\\/\",\"name\":\"La gu\u00eda de Pamplona\",\"description\":\"Noticias de Pamplona\",\"publisher\":{\"@id\":\"https:\\\/\\\/www.laguiadepamplona.com\\\/actualidad\\\/#organization\"},\"potentialAction\":[{\"@type\":\"SearchAction\",\"target\":{\"@type\":\"EntryPoint\",\"urlTemplate\":\"https:\\\/\\\/www.laguiadepamplona.com\\\/actualidad\\\/?s={search_term_string}\"},\"query-input\":{\"@type\":\"PropertyValueSpecification\",\"valueRequired\":true,\"valueName\":\"search_term_string\"}}],\"inLanguage\":\"es\"},{\"@type\":\"Organization\",\"@id\":\"https:\\\/\\\/www.laguiadepamplona.com\\\/actualidad\\\/#organization\",\"name\":\"La Gu\u00eda de Pamplona \\\/ Noticias\",\"url\":\"https:\\\/\\\/www.laguiadepamplona.com\\\/actualidad\\\/\",\"logo\":{\"@type\":\"ImageObject\",\"inLanguage\":\"es\",\"@id\":\"https:\\\/\\\/www.laguiadepamplona.com\\\/actualidad\\\/#\\\/schema\\\/logo\\\/image\\\/\",\"url\":\"https:\\\/\\\/www.laguiadepamplona.com\\\/actualidad\\\/wp-content\\\/uploads\\\/2018\\\/11\\\/logo-laguiadepamplona18-web1.png\",\"contentUrl\":\"https:\\\/\\\/www.laguiadepamplona.com\\\/actualidad\\\/wp-content\\\/uploads\\\/2018\\\/11\\\/logo-laguiadepamplona18-web1.png\",\"width\":600,\"height\":196,\"caption\":\"La Gu\u00eda de Pamplona \\\/ Noticias\"},\"image\":{\"@id\":\"https:\\\/\\\/www.laguiadepamplona.com\\\/actualidad\\\/#\\\/schema\\\/logo\\\/image\\\/\"},\"sameAs\":[\"https:\\\/\\\/www.facebook.com\\\/laguiadepamplonacom-133175176762273\\\/?ref=hl\",\"https:\\\/\\\/x.com\\\/LaGuiadPamplona\",\"https:\\\/\\\/www.instagram.com\\\/la_guia_de_pamplona\\\/\",\"https:\\\/\\\/www.youtube.com\\\/user\\\/laguiadepamplona\"]},{\"@type\":\"Person\",\"@id\":\"https:\\\/\\\/www.laguiadepamplona.com\\\/actualidad\\\/#\\\/schema\\\/person\\\/efe887376f0213d4657c93adc50b1fdb\",\"name\":\"La Gu\u00eda de Pamplona\",\"image\":{\"@type\":\"ImageObject\",\"inLanguage\":\"es\",\"@id\":\"https:\\\/\\\/secure.gravatar.com\\\/avatar\\\/b6992f131dc8d30ab0dff15446e9d346d9dbd95992de0fef795073f5ea83a81c?s=96&d=mm&r=g\",\"url\":\"https:\\\/\\\/secure.gravatar.com\\\/avatar\\\/b6992f131dc8d30ab0dff15446e9d346d9dbd95992de0fef795073f5ea83a81c?s=96&d=mm&r=g\",\"contentUrl\":\"https:\\\/\\\/secure.gravatar.com\\\/avatar\\\/b6992f131dc8d30ab0dff15446e9d346d9dbd95992de0fef795073f5ea83a81c?s=96&d=mm&r=g\",\"caption\":\"La Gu\u00eda de Pamplona\"}}]}<\/script>\n<!-- \/ Yoast SEO plugin. -->","yoast_head_json":{"title":"\u2018Somos migrantes\u2019, la muestra fotogr\u00e1fica de la Fundaci\u00f3n ALBOAN que se puede visitar hasta el 29 de marzo en Civivox Ensanche","robots":{"index":"index","follow":"follow","max-snippet":"max-snippet:-1","max-image-preview":"max-image-preview:large","max-video-preview":"max-video-preview:-1"},"canonical":"https:\/\/www.laguiadepamplona.com\/actualidad\/somos-migrantes-la-muestra-fotografica-de-la-fundacion-alboan-que-se-puede-visitar-hasta-el-29-de-marzo-en-civivox-ensanche\/","og_locale":"es_ES","og_type":"article","og_title":"\u2018Somos migrantes\u2019, la muestra fotogr\u00e1fica de la Fundaci\u00f3n ALBOAN que se puede visitar hasta el 29 de marzo en Civivox Ensanche","og_description":"En 24 paneles se recogen relatos y testimonios gr\u00e1ficos de personas que se ven obligadas a dejar sus lugares de origen buscando una vida digna","og_url":"https:\/\/www.laguiadepamplona.com\/actualidad\/somos-migrantes-la-muestra-fotografica-de-la-fundacion-alboan-que-se-puede-visitar-hasta-el-29-de-marzo-en-civivox-ensanche\/","og_site_name":"La Gu\u00eda de Pamplona","article_publisher":"https:\/\/www.facebook.com\/laguiadepamplonacom-133175176762273\/?ref=hl","article_published_time":"2017-03-16T12:04:08+00:00","og_image":[{"width":1000,"height":666,"url":"https:\/\/www.laguiadepamplona.com\/actualidad\/wp-content\/uploads\/2017\/03\/Fundaci\u00f3n-ALBOAN2.jpg","type":"image\/jpeg"}],"author":"La Gu\u00eda de Pamplona","twitter_card":"summary_large_image","twitter_creator":"@LaGuiadPamplona","twitter_site":"@LaGuiadPamplona","twitter_misc":{"Escrito por":"La Gu\u00eda de Pamplona","Tiempo de lectura":"2 minutos"},"schema":{"@context":"https:\/\/schema.org","@graph":[{"@type":"Article","@id":"https:\/\/www.laguiadepamplona.com\/actualidad\/somos-migrantes-la-muestra-fotografica-de-la-fundacion-alboan-que-se-puede-visitar-hasta-el-29-de-marzo-en-civivox-ensanche\/#article","isPartOf":{"@id":"https:\/\/www.laguiadepamplona.com\/actualidad\/somos-migrantes-la-muestra-fotografica-de-la-fundacion-alboan-que-se-puede-visitar-hasta-el-29-de-marzo-en-civivox-ensanche\/"},"author":{"name":"La Gu\u00eda de Pamplona","@id":"https:\/\/www.laguiadepamplona.com\/actualidad\/#\/schema\/person\/efe887376f0213d4657c93adc50b1fdb"},"headline":"\u2018Somos migrantes\u2019, la muestra fotogr\u00e1fica de la Fundaci\u00f3n ALBOAN que se puede visitar hasta el 29 de marzo en Civivox Ensanche","datePublished":"2017-03-16T12:04:08+00:00","mainEntityOfPage":{"@id":"https:\/\/www.laguiadepamplona.com\/actualidad\/somos-migrantes-la-muestra-fotografica-de-la-fundacion-alboan-que-se-puede-visitar-hasta-el-29-de-marzo-en-civivox-ensanche\/"},"wordCount":385,"publisher":{"@id":"https:\/\/www.laguiadepamplona.com\/actualidad\/#organization"},"image":{"@id":"https:\/\/www.laguiadepamplona.com\/actualidad\/somos-migrantes-la-muestra-fotografica-de-la-fundacion-alboan-que-se-puede-visitar-hasta-el-29-de-marzo-en-civivox-ensanche\/#primaryimage"},"thumbnailUrl":"https:\/\/www.laguiadepamplona.com\/actualidad\/wp-content\/uploads\/2017\/03\/Fundaci\u00f3n-ALBOAN2.jpg","articleSection":["Ayto Pamplona"],"inLanguage":"es"},{"@type":"WebPage","@id":"https:\/\/www.laguiadepamplona.com\/actualidad\/somos-migrantes-la-muestra-fotografica-de-la-fundacion-alboan-que-se-puede-visitar-hasta-el-29-de-marzo-en-civivox-ensanche\/","url":"https:\/\/www.laguiadepamplona.com\/actualidad\/somos-migrantes-la-muestra-fotografica-de-la-fundacion-alboan-que-se-puede-visitar-hasta-el-29-de-marzo-en-civivox-ensanche\/","name":"\u2018Somos migrantes\u2019, la muestra fotogr\u00e1fica de la Fundaci\u00f3n ALBOAN que se puede visitar hasta el 29 de marzo en Civivox Ensanche","isPartOf":{"@id":"https:\/\/www.laguiadepamplona.com\/actualidad\/#website"},"primaryImageOfPage":{"@id":"https:\/\/www.laguiadepamplona.com\/actualidad\/somos-migrantes-la-muestra-fotografica-de-la-fundacion-alboan-que-se-puede-visitar-hasta-el-29-de-marzo-en-civivox-ensanche\/#primaryimage"},"image":{"@id":"https:\/\/www.laguiadepamplona.com\/actualidad\/somos-migrantes-la-muestra-fotografica-de-la-fundacion-alboan-que-se-puede-visitar-hasta-el-29-de-marzo-en-civivox-ensanche\/#primaryimage"},"thumbnailUrl":"https:\/\/www.laguiadepamplona.com\/actualidad\/wp-content\/uploads\/2017\/03\/Fundaci\u00f3n-ALBOAN2.jpg","datePublished":"2017-03-16T12:04:08+00:00","breadcrumb":{"@id":"https:\/\/www.laguiadepamplona.com\/actualidad\/somos-migrantes-la-muestra-fotografica-de-la-fundacion-alboan-que-se-puede-visitar-hasta-el-29-de-marzo-en-civivox-ensanche\/#breadcrumb"},"inLanguage":"es","potentialAction":[{"@type":"ReadAction","target":["https:\/\/www.laguiadepamplona.com\/actualidad\/somos-migrantes-la-muestra-fotografica-de-la-fundacion-alboan-que-se-puede-visitar-hasta-el-29-de-marzo-en-civivox-ensanche\/"]}]},{"@type":"ImageObject","inLanguage":"es","@id":"https:\/\/www.laguiadepamplona.com\/actualidad\/somos-migrantes-la-muestra-fotografica-de-la-fundacion-alboan-que-se-puede-visitar-hasta-el-29-de-marzo-en-civivox-ensanche\/#primaryimage","url":"https:\/\/www.laguiadepamplona.com\/actualidad\/wp-content\/uploads\/2017\/03\/Fundaci\u00f3n-ALBOAN2.jpg","contentUrl":"https:\/\/www.laguiadepamplona.com\/actualidad\/wp-content\/uploads\/2017\/03\/Fundaci\u00f3n-ALBOAN2.jpg","width":1000,"height":666},{"@type":"BreadcrumbList","@id":"https:\/\/www.laguiadepamplona.com\/actualidad\/somos-migrantes-la-muestra-fotografica-de-la-fundacion-alboan-que-se-puede-visitar-hasta-el-29-de-marzo-en-civivox-ensanche\/#breadcrumb","itemListElement":[{"@type":"ListItem","position":1,"name":"Portada","item":"https:\/\/www.laguiadepamplona.com\/actualidad\/"},{"@type":"ListItem","position":2,"name":"\u2018Somos migrantes\u2019, la muestra fotogr\u00e1fica de la Fundaci\u00f3n ALBOAN que se puede visitar hasta el 29 de marzo en Civivox Ensanche"}]},{"@type":"WebSite","@id":"https:\/\/www.laguiadepamplona.com\/actualidad\/#website","url":"https:\/\/www.laguiadepamplona.com\/actualidad\/","name":"La gu\u00eda de Pamplona","description":"Noticias de Pamplona","publisher":{"@id":"https:\/\/www.laguiadepamplona.com\/actualidad\/#organization"},"potentialAction":[{"@type":"SearchAction","target":{"@type":"EntryPoint","urlTemplate":"https:\/\/www.laguiadepamplona.com\/actualidad\/?s={search_term_string}"},"query-input":{"@type":"PropertyValueSpecification","valueRequired":true,"valueName":"search_term_string"}}],"inLanguage":"es"},{"@type":"Organization","@id":"https:\/\/www.laguiadepamplona.com\/actualidad\/#organization","name":"La Gu\u00eda de Pamplona \/ Noticias","url":"https:\/\/www.laguiadepamplona.com\/actualidad\/","logo":{"@type":"ImageObject","inLanguage":"es","@id":"https:\/\/www.laguiadepamplona.com\/actualidad\/#\/schema\/logo\/image\/","url":"https:\/\/www.laguiadepamplona.com\/actualidad\/wp-content\/uploads\/2018\/11\/logo-laguiadepamplona18-web1.png","contentUrl":"https:\/\/www.laguiadepamplona.com\/actualidad\/wp-content\/uploads\/2018\/11\/logo-laguiadepamplona18-web1.png","width":600,"height":196,"caption":"La Gu\u00eda de Pamplona \/ Noticias"},"image":{"@id":"https:\/\/www.laguiadepamplona.com\/actualidad\/#\/schema\/logo\/image\/"},"sameAs":["https:\/\/www.facebook.com\/laguiadepamplonacom-133175176762273\/?ref=hl","https:\/\/x.com\/LaGuiadPamplona","https:\/\/www.instagram.com\/la_guia_de_pamplona\/","https:\/\/www.youtube.com\/user\/laguiadepamplona"]},{"@type":"Person","@id":"https:\/\/www.laguiadepamplona.com\/actualidad\/#\/schema\/person\/efe887376f0213d4657c93adc50b1fdb","name":"La Gu\u00eda de Pamplona","image":{"@type":"ImageObject","inLanguage":"es","@id":"https:\/\/secure.gravatar.com\/avatar\/b6992f131dc8d30ab0dff15446e9d346d9dbd95992de0fef795073f5ea83a81c?s=96&d=mm&r=g","url":"https:\/\/secure.gravatar.com\/avatar\/b6992f131dc8d30ab0dff15446e9d346d9dbd95992de0fef795073f5ea83a81c?s=96&d=mm&r=g","contentUrl":"https:\/\/secure.gravatar.com\/avatar\/b6992f131dc8d30ab0dff15446e9d346d9dbd95992de0fef795073f5ea83a81c?s=96&d=mm&r=g","caption":"La Gu\u00eda de Pamplona"}}]}},"post_mailing_queue_ids":[],"_links":{"self":[{"href":"https:\/\/www.laguiadepamplona.com\/actualidad\/wp-json\/wp\/v2\/posts\/12293","targetHints":{"allow":["GET"]}}],"collection":[{"href":"https:\/\/www.laguiadepamplona.com\/actualidad\/wp-json\/wp\/v2\/posts"}],"about":[{"href":"https:\/\/www.laguiadepamplona.com\/actualidad\/wp-json\/wp\/v2\/types\/post"}],"author":[{"embeddable":true,"href":"https:\/\/www.laguiadepamplona.com\/actualidad\/wp-json\/wp\/v2\/users\/1"}],"replies":[{"embeddable":true,"href":"https:\/\/www.laguiadepamplona.com\/actualidad\/wp-json\/wp\/v2\/comments?post=12293"}],"version-history":[{"count":0,"href":"https:\/\/www.laguiadepamplona.com\/actualidad\/wp-json\/wp\/v2\/posts\/12293\/revisions"}],"wp:featuredmedia":[{"embeddable":true,"href":"https:\/\/www.laguiadepamplona.com\/actualidad\/wp-json\/wp\/v2\/media\/12295"}],"wp:attachment":[{"href":"https:\/\/www.laguiadepamplona.com\/actualidad\/wp-json\/wp\/v2\/media?parent=12293"}],"wp:term":[{"taxonomy":"category","embeddable":true,"href":"https:\/\/www.laguiadepamplona.com\/actualidad\/wp-json\/wp\/v2\/categories?post=12293"},{"taxonomy":"post_tag","embeddable":true,"href":"https:\/\/www.laguiadepamplona.com\/actualidad\/wp-json\/wp\/v2\/tags?post=12293"}],"curies":[{"name":"wp","href":"https:\/\/api.w.org\/{rel}","templated":true}]}}