{"id":12290,"date":"2017-03-16T13:03:05","date_gmt":"2017-03-16T12:03:05","guid":{"rendered":"http:\/\/laguiadepamplona.es\/actualidad\/?p=12290"},"modified":"2017-03-16T13:03:05","modified_gmt":"2017-03-16T12:03:05","slug":"manana-se-presenta-el-micropoemario-diversos-en-la-biblioteca-publica-chantrea-dentro-del-segundo-ciclo-de-actividades-en-torno-a-la-poesia","status":"publish","type":"post","link":"https:\/\/www.laguiadepamplona.com\/actualidad\/manana-se-presenta-el-micropoemario-diversos-en-la-biblioteca-publica-chantrea-dentro-del-segundo-ciclo-de-actividades-en-torno-a-la-poesia\/","title":{"rendered":"Ma\u00f1ana se presenta el micropoemario \u2018diVERSOS\u2019 en la Biblioteca P\u00fablica Chantrea, dentro del segundo ciclo de actividades en torno a la poes\u00eda"},"content":{"rendered":"<h3>El pr\u00f3ximo martes tendr\u00e1 lugar la \u00faltima sesi\u00f3n: recitado libre para conmemorar el D\u00eda Mundial de la Poes\u00eda<\/h3>\n<p><!--more--><\/p>\n<p>Durante el mes de marzo la Biblioteca P\u00fablica Chantrea est\u00e1 llevando a cabo un programa monogr\u00e1fico sobre poes\u00eda. Dentro de este segundo ciclo monogr\u00e1fico, este viernes se presentar\u00e1 el micropoemario que le da t\u00edtulo: \u2018diVERSOS (POETAS alrededor de PAMPLONA)\u2019, un volumen realizado en colaboraci\u00f3n con el Ayuntamiento de Pamplona que recoge 32 poemas de ocho autores de la ciudad y sus alrededores.<\/p>\n<p>Los poetas escogidos tienen en com\u00fan su diversidad: pertenecen a dos o tres generaciones temporales, se expresan en castellano y en euskera y tienen estilos e inquietudes distintas. Son: Beatriz Chivite, Hedoi Etxarte, Inaxio Goldaracena, Irati Iturritza Errea, Leire Alonso, Leyre Ochoa Catal\u00e1n, Luis Garde y Mikel Sanz Tirapu, y sus composiciones han sido prologadas por Alfonso Pascal Ros.<\/p>\n<p>La presentaci\u00f3n del libro, acompa\u00f1ada de recitado de la mayor\u00eda de sus autores, correr\u00e1 a cago de uno de los poetas seleccionados, el chantreano Inaxio Goldaracena, y tendr\u00e1 lugar en la Biblioteca P\u00fablica Chantrea el viernes 17, a las 19.30 horas. La entrada ser\u00e1 libre y a los asistentes se les entregar\u00e1 un ejemplar de forma gratuita. Este ciclo se inici\u00f3 el pasado 2 de marzo con un recital del poeta argentino Marcelo D\u00edaz, al que cogi\u00f3 el relevo Pepe Alfaro, el lunes 6 de marzo, con su recital de poes\u00eda para ni\u00f1os.<\/p>\n<p>El 21 de marzo, la UNESCO celebra el D\u00eda Mundial de la Poes\u00eda. Esta ser\u00e1, la pr\u00f3xima semana la fecha de final de ciclo, jornada para la que se ha previsto un \u2018Recital a micro abierto\u2019, a las 19.30 horas en la misma biblioteca. La estructura del acto consistir\u00e1 en el recitado libre de poemas de los presentes, tanto propios o como ajenos, como forma de celebrar una afici\u00f3n com\u00fan. Como recuerda la UNESCO la poes\u00eda \u201ces una manifestaci\u00f3n de la diversidad en el di\u00e1logo, de la libre circulaci\u00f3n de las ideas por medio de la palabra, de la creatividad y de la innovaci\u00f3n. Merced a sus asociaciones y met\u00e1foras y a su gram\u00e1tica singular, el lenguaje po\u00e9tico constituye, pues, otra faceta posible del di\u00e1logo entre las culturas\u201d.<\/p>\n<p><strong>El ciclo \u2018diVERSOS\u2019<\/strong><\/p>\n<ul>\n<li>Poes\u00eda<\/li>\n<li>Del 2 al 21 de marzo<\/li>\n<li>Biblioteca P\u00fablica Chantrea<\/li>\n<\/ul>\n<p><u>PROGRAMA<\/u><\/p>\n<p><strong>Jueves 2 de marzo <\/strong>(realizado)<\/p>\n<ul>\n<li>Recital<\/li>\n<li>Marcelo D\u00edaz, poeta (Argentina)<\/li>\n<li>Sala multiusos. 19.30 horas<\/li>\n<\/ul>\n<p><strong>Lunes 6 de marzo <\/strong>(realizado)<\/p>\n<ul>\n<li>Recital de poes\u00eda para ni\u00f1os<\/li>\n<li>Pepe Alfaro<\/li>\n<li>Sala infantil, 18 horas<\/li>\n<\/ul>\n<p><strong>Viernes 17 de marzo<\/strong><\/p>\n<ul>\n<li>Recital-presentaci\u00f3n de libro<\/li>\n<li>\u2018diVERSOS: poetas alrededor de Pamplona\u2019<\/li>\n<li>Presenta: Inaxio Goldaracena, poeta (Chantrea)<\/li>\n<\/ul>\n<p><strong>Martes 21 de marzo<\/strong><\/p>\n<ul>\n<li>Recital micro abierto<\/li>\n<li>Sala multiusos. 19.30 horas<\/li>\n<\/ul>\n<p>&nbsp;<\/p>\n","protected":false},"excerpt":{"rendered":"<p>El pr\u00f3ximo martes tendr\u00e1 lugar la \u00faltima sesi\u00f3n: recitado libre para conmemorar el D\u00eda Mundial de la Poes\u00eda<\/p>\n","protected":false},"author":1,"featured_media":12291,"comment_status":"closed","ping_status":"closed","sticky":false,"template":"","format":"standard","meta":{"footnotes":""},"categories":[2],"tags":[],"class_list":["post-12290","post","type-post","status-publish","format-standard","has-post-thumbnail","hentry","category-ayuntamiento-pamplona"],"yoast_head":"<!-- This site is optimized with the Yoast SEO plugin v27.3 - https:\/\/yoast.com\/product\/yoast-seo-wordpress\/ -->\n<title>Ma\u00f1ana se presenta el micropoemario \u2018diVERSOS\u2019 en la Biblioteca P\u00fablica Chantrea, dentro del segundo ciclo de actividades en torno a la poes\u00eda<\/title>\n<meta name=\"robots\" content=\"index, follow, max-snippet:-1, max-image-preview:large, max-video-preview:-1\" \/>\n<link rel=\"canonical\" href=\"https:\/\/www.laguiadepamplona.com\/actualidad\/manana-se-presenta-el-micropoemario-diversos-en-la-biblioteca-publica-chantrea-dentro-del-segundo-ciclo-de-actividades-en-torno-a-la-poesia\/\" \/>\n<meta property=\"og:locale\" content=\"es_ES\" \/>\n<meta property=\"og:type\" content=\"article\" \/>\n<meta property=\"og:title\" content=\"Ma\u00f1ana se presenta el micropoemario \u2018diVERSOS\u2019 en la Biblioteca P\u00fablica Chantrea, dentro del segundo ciclo de actividades en torno a la poes\u00eda\" \/>\n<meta property=\"og:description\" content=\"El pr\u00f3ximo martes tendr\u00e1 lugar la \u00faltima sesi\u00f3n: recitado libre para conmemorar el D\u00eda Mundial de la Poes\u00eda\" \/>\n<meta property=\"og:url\" content=\"https:\/\/www.laguiadepamplona.com\/actualidad\/manana-se-presenta-el-micropoemario-diversos-en-la-biblioteca-publica-chantrea-dentro-del-segundo-ciclo-de-actividades-en-torno-a-la-poesia\/\" \/>\n<meta property=\"og:site_name\" content=\"La Gu\u00eda de Pamplona\" \/>\n<meta property=\"article:publisher\" content=\"https:\/\/www.facebook.com\/laguiadepamplonacom-133175176762273\/?ref=hl\" \/>\n<meta property=\"article:published_time\" content=\"2017-03-16T12:03:05+00:00\" \/>\n<meta property=\"og:image\" content=\"https:\/\/www.laguiadepamplona.com\/actualidad\/wp-content\/uploads\/2017\/03\/diversos-poemas.jpg\" \/>\n\t<meta property=\"og:image:width\" content=\"1000\" \/>\n\t<meta property=\"og:image:height\" content=\"654\" \/>\n\t<meta property=\"og:image:type\" content=\"image\/jpeg\" \/>\n<meta name=\"author\" content=\"La Gu\u00eda de Pamplona\" \/>\n<meta name=\"twitter:card\" content=\"summary_large_image\" \/>\n<meta name=\"twitter:creator\" content=\"@LaGuiadPamplona\" \/>\n<meta name=\"twitter:site\" content=\"@LaGuiadPamplona\" \/>\n<meta name=\"twitter:label1\" content=\"Escrito por\" \/>\n\t<meta name=\"twitter:data1\" content=\"La Gu\u00eda de Pamplona\" \/>\n\t<meta name=\"twitter:label2\" content=\"Tiempo de lectura\" \/>\n\t<meta name=\"twitter:data2\" content=\"2 minutos\" \/>\n<script type=\"application\/ld+json\" class=\"yoast-schema-graph\">{\"@context\":\"https:\\\/\\\/schema.org\",\"@graph\":[{\"@type\":\"Article\",\"@id\":\"https:\\\/\\\/www.laguiadepamplona.com\\\/actualidad\\\/manana-se-presenta-el-micropoemario-diversos-en-la-biblioteca-publica-chantrea-dentro-del-segundo-ciclo-de-actividades-en-torno-a-la-poesia\\\/#article\",\"isPartOf\":{\"@id\":\"https:\\\/\\\/www.laguiadepamplona.com\\\/actualidad\\\/manana-se-presenta-el-micropoemario-diversos-en-la-biblioteca-publica-chantrea-dentro-del-segundo-ciclo-de-actividades-en-torno-a-la-poesia\\\/\"},\"author\":{\"name\":\"La Gu\u00eda de Pamplona\",\"@id\":\"https:\\\/\\\/www.laguiadepamplona.com\\\/actualidad\\\/#\\\/schema\\\/person\\\/efe887376f0213d4657c93adc50b1fdb\"},\"headline\":\"Ma\u00f1ana se presenta el micropoemario \u2018diVERSOS\u2019 en la Biblioteca P\u00fablica Chantrea, dentro del segundo ciclo de actividades en torno a la poes\u00eda\",\"datePublished\":\"2017-03-16T12:03:05+00:00\",\"mainEntityOfPage\":{\"@id\":\"https:\\\/\\\/www.laguiadepamplona.com\\\/actualidad\\\/manana-se-presenta-el-micropoemario-diversos-en-la-biblioteca-publica-chantrea-dentro-del-segundo-ciclo-de-actividades-en-torno-a-la-poesia\\\/\"},\"wordCount\":481,\"publisher\":{\"@id\":\"https:\\\/\\\/www.laguiadepamplona.com\\\/actualidad\\\/#organization\"},\"image\":{\"@id\":\"https:\\\/\\\/www.laguiadepamplona.com\\\/actualidad\\\/manana-se-presenta-el-micropoemario-diversos-en-la-biblioteca-publica-chantrea-dentro-del-segundo-ciclo-de-actividades-en-torno-a-la-poesia\\\/#primaryimage\"},\"thumbnailUrl\":\"https:\\\/\\\/www.laguiadepamplona.com\\\/actualidad\\\/wp-content\\\/uploads\\\/2017\\\/03\\\/diversos-poemas.jpg\",\"articleSection\":[\"Ayto Pamplona\"],\"inLanguage\":\"es\"},{\"@type\":\"WebPage\",\"@id\":\"https:\\\/\\\/www.laguiadepamplona.com\\\/actualidad\\\/manana-se-presenta-el-micropoemario-diversos-en-la-biblioteca-publica-chantrea-dentro-del-segundo-ciclo-de-actividades-en-torno-a-la-poesia\\\/\",\"url\":\"https:\\\/\\\/www.laguiadepamplona.com\\\/actualidad\\\/manana-se-presenta-el-micropoemario-diversos-en-la-biblioteca-publica-chantrea-dentro-del-segundo-ciclo-de-actividades-en-torno-a-la-poesia\\\/\",\"name\":\"Ma\u00f1ana se presenta el micropoemario \u2018diVERSOS\u2019 en la Biblioteca P\u00fablica Chantrea, dentro del segundo ciclo de actividades en torno a la poes\u00eda\",\"isPartOf\":{\"@id\":\"https:\\\/\\\/www.laguiadepamplona.com\\\/actualidad\\\/#website\"},\"primaryImageOfPage\":{\"@id\":\"https:\\\/\\\/www.laguiadepamplona.com\\\/actualidad\\\/manana-se-presenta-el-micropoemario-diversos-en-la-biblioteca-publica-chantrea-dentro-del-segundo-ciclo-de-actividades-en-torno-a-la-poesia\\\/#primaryimage\"},\"image\":{\"@id\":\"https:\\\/\\\/www.laguiadepamplona.com\\\/actualidad\\\/manana-se-presenta-el-micropoemario-diversos-en-la-biblioteca-publica-chantrea-dentro-del-segundo-ciclo-de-actividades-en-torno-a-la-poesia\\\/#primaryimage\"},\"thumbnailUrl\":\"https:\\\/\\\/www.laguiadepamplona.com\\\/actualidad\\\/wp-content\\\/uploads\\\/2017\\\/03\\\/diversos-poemas.jpg\",\"datePublished\":\"2017-03-16T12:03:05+00:00\",\"breadcrumb\":{\"@id\":\"https:\\\/\\\/www.laguiadepamplona.com\\\/actualidad\\\/manana-se-presenta-el-micropoemario-diversos-en-la-biblioteca-publica-chantrea-dentro-del-segundo-ciclo-de-actividades-en-torno-a-la-poesia\\\/#breadcrumb\"},\"inLanguage\":\"es\",\"potentialAction\":[{\"@type\":\"ReadAction\",\"target\":[\"https:\\\/\\\/www.laguiadepamplona.com\\\/actualidad\\\/manana-se-presenta-el-micropoemario-diversos-en-la-biblioteca-publica-chantrea-dentro-del-segundo-ciclo-de-actividades-en-torno-a-la-poesia\\\/\"]}]},{\"@type\":\"ImageObject\",\"inLanguage\":\"es\",\"@id\":\"https:\\\/\\\/www.laguiadepamplona.com\\\/actualidad\\\/manana-se-presenta-el-micropoemario-diversos-en-la-biblioteca-publica-chantrea-dentro-del-segundo-ciclo-de-actividades-en-torno-a-la-poesia\\\/#primaryimage\",\"url\":\"https:\\\/\\\/www.laguiadepamplona.com\\\/actualidad\\\/wp-content\\\/uploads\\\/2017\\\/03\\\/diversos-poemas.jpg\",\"contentUrl\":\"https:\\\/\\\/www.laguiadepamplona.com\\\/actualidad\\\/wp-content\\\/uploads\\\/2017\\\/03\\\/diversos-poemas.jpg\",\"width\":1000,\"height\":654},{\"@type\":\"BreadcrumbList\",\"@id\":\"https:\\\/\\\/www.laguiadepamplona.com\\\/actualidad\\\/manana-se-presenta-el-micropoemario-diversos-en-la-biblioteca-publica-chantrea-dentro-del-segundo-ciclo-de-actividades-en-torno-a-la-poesia\\\/#breadcrumb\",\"itemListElement\":[{\"@type\":\"ListItem\",\"position\":1,\"name\":\"Portada\",\"item\":\"https:\\\/\\\/www.laguiadepamplona.com\\\/actualidad\\\/\"},{\"@type\":\"ListItem\",\"position\":2,\"name\":\"Ma\u00f1ana se presenta el micropoemario \u2018diVERSOS\u2019 en la Biblioteca P\u00fablica Chantrea, dentro del segundo ciclo de actividades en torno a la poes\u00eda\"}]},{\"@type\":\"WebSite\",\"@id\":\"https:\\\/\\\/www.laguiadepamplona.com\\\/actualidad\\\/#website\",\"url\":\"https:\\\/\\\/www.laguiadepamplona.com\\\/actualidad\\\/\",\"name\":\"La gu\u00eda de Pamplona\",\"description\":\"Noticias de Pamplona\",\"publisher\":{\"@id\":\"https:\\\/\\\/www.laguiadepamplona.com\\\/actualidad\\\/#organization\"},\"potentialAction\":[{\"@type\":\"SearchAction\",\"target\":{\"@type\":\"EntryPoint\",\"urlTemplate\":\"https:\\\/\\\/www.laguiadepamplona.com\\\/actualidad\\\/?s={search_term_string}\"},\"query-input\":{\"@type\":\"PropertyValueSpecification\",\"valueRequired\":true,\"valueName\":\"search_term_string\"}}],\"inLanguage\":\"es\"},{\"@type\":\"Organization\",\"@id\":\"https:\\\/\\\/www.laguiadepamplona.com\\\/actualidad\\\/#organization\",\"name\":\"La Gu\u00eda de Pamplona \\\/ Noticias\",\"url\":\"https:\\\/\\\/www.laguiadepamplona.com\\\/actualidad\\\/\",\"logo\":{\"@type\":\"ImageObject\",\"inLanguage\":\"es\",\"@id\":\"https:\\\/\\\/www.laguiadepamplona.com\\\/actualidad\\\/#\\\/schema\\\/logo\\\/image\\\/\",\"url\":\"https:\\\/\\\/www.laguiadepamplona.com\\\/actualidad\\\/wp-content\\\/uploads\\\/2018\\\/11\\\/logo-laguiadepamplona18-web1.png\",\"contentUrl\":\"https:\\\/\\\/www.laguiadepamplona.com\\\/actualidad\\\/wp-content\\\/uploads\\\/2018\\\/11\\\/logo-laguiadepamplona18-web1.png\",\"width\":600,\"height\":196,\"caption\":\"La Gu\u00eda de Pamplona \\\/ Noticias\"},\"image\":{\"@id\":\"https:\\\/\\\/www.laguiadepamplona.com\\\/actualidad\\\/#\\\/schema\\\/logo\\\/image\\\/\"},\"sameAs\":[\"https:\\\/\\\/www.facebook.com\\\/laguiadepamplonacom-133175176762273\\\/?ref=hl\",\"https:\\\/\\\/x.com\\\/LaGuiadPamplona\",\"https:\\\/\\\/www.instagram.com\\\/la_guia_de_pamplona\\\/\",\"https:\\\/\\\/www.youtube.com\\\/user\\\/laguiadepamplona\"]},{\"@type\":\"Person\",\"@id\":\"https:\\\/\\\/www.laguiadepamplona.com\\\/actualidad\\\/#\\\/schema\\\/person\\\/efe887376f0213d4657c93adc50b1fdb\",\"name\":\"La Gu\u00eda de Pamplona\",\"image\":{\"@type\":\"ImageObject\",\"inLanguage\":\"es\",\"@id\":\"https:\\\/\\\/secure.gravatar.com\\\/avatar\\\/b6992f131dc8d30ab0dff15446e9d346d9dbd95992de0fef795073f5ea83a81c?s=96&d=mm&r=g\",\"url\":\"https:\\\/\\\/secure.gravatar.com\\\/avatar\\\/b6992f131dc8d30ab0dff15446e9d346d9dbd95992de0fef795073f5ea83a81c?s=96&d=mm&r=g\",\"contentUrl\":\"https:\\\/\\\/secure.gravatar.com\\\/avatar\\\/b6992f131dc8d30ab0dff15446e9d346d9dbd95992de0fef795073f5ea83a81c?s=96&d=mm&r=g\",\"caption\":\"La Gu\u00eda de Pamplona\"}}]}<\/script>\n<!-- \/ Yoast SEO plugin. -->","yoast_head_json":{"title":"Ma\u00f1ana se presenta el micropoemario \u2018diVERSOS\u2019 en la Biblioteca P\u00fablica Chantrea, dentro del segundo ciclo de actividades en torno a la poes\u00eda","robots":{"index":"index","follow":"follow","max-snippet":"max-snippet:-1","max-image-preview":"max-image-preview:large","max-video-preview":"max-video-preview:-1"},"canonical":"https:\/\/www.laguiadepamplona.com\/actualidad\/manana-se-presenta-el-micropoemario-diversos-en-la-biblioteca-publica-chantrea-dentro-del-segundo-ciclo-de-actividades-en-torno-a-la-poesia\/","og_locale":"es_ES","og_type":"article","og_title":"Ma\u00f1ana se presenta el micropoemario \u2018diVERSOS\u2019 en la Biblioteca P\u00fablica Chantrea, dentro del segundo ciclo de actividades en torno a la poes\u00eda","og_description":"El pr\u00f3ximo martes tendr\u00e1 lugar la \u00faltima sesi\u00f3n: recitado libre para conmemorar el D\u00eda Mundial de la Poes\u00eda","og_url":"https:\/\/www.laguiadepamplona.com\/actualidad\/manana-se-presenta-el-micropoemario-diversos-en-la-biblioteca-publica-chantrea-dentro-del-segundo-ciclo-de-actividades-en-torno-a-la-poesia\/","og_site_name":"La Gu\u00eda de Pamplona","article_publisher":"https:\/\/www.facebook.com\/laguiadepamplonacom-133175176762273\/?ref=hl","article_published_time":"2017-03-16T12:03:05+00:00","og_image":[{"width":1000,"height":654,"url":"https:\/\/www.laguiadepamplona.com\/actualidad\/wp-content\/uploads\/2017\/03\/diversos-poemas.jpg","type":"image\/jpeg"}],"author":"La Gu\u00eda de Pamplona","twitter_card":"summary_large_image","twitter_creator":"@LaGuiadPamplona","twitter_site":"@LaGuiadPamplona","twitter_misc":{"Escrito por":"La Gu\u00eda de Pamplona","Tiempo de lectura":"2 minutos"},"schema":{"@context":"https:\/\/schema.org","@graph":[{"@type":"Article","@id":"https:\/\/www.laguiadepamplona.com\/actualidad\/manana-se-presenta-el-micropoemario-diversos-en-la-biblioteca-publica-chantrea-dentro-del-segundo-ciclo-de-actividades-en-torno-a-la-poesia\/#article","isPartOf":{"@id":"https:\/\/www.laguiadepamplona.com\/actualidad\/manana-se-presenta-el-micropoemario-diversos-en-la-biblioteca-publica-chantrea-dentro-del-segundo-ciclo-de-actividades-en-torno-a-la-poesia\/"},"author":{"name":"La Gu\u00eda de Pamplona","@id":"https:\/\/www.laguiadepamplona.com\/actualidad\/#\/schema\/person\/efe887376f0213d4657c93adc50b1fdb"},"headline":"Ma\u00f1ana se presenta el micropoemario \u2018diVERSOS\u2019 en la Biblioteca P\u00fablica Chantrea, dentro del segundo ciclo de actividades en torno a la poes\u00eda","datePublished":"2017-03-16T12:03:05+00:00","mainEntityOfPage":{"@id":"https:\/\/www.laguiadepamplona.com\/actualidad\/manana-se-presenta-el-micropoemario-diversos-en-la-biblioteca-publica-chantrea-dentro-del-segundo-ciclo-de-actividades-en-torno-a-la-poesia\/"},"wordCount":481,"publisher":{"@id":"https:\/\/www.laguiadepamplona.com\/actualidad\/#organization"},"image":{"@id":"https:\/\/www.laguiadepamplona.com\/actualidad\/manana-se-presenta-el-micropoemario-diversos-en-la-biblioteca-publica-chantrea-dentro-del-segundo-ciclo-de-actividades-en-torno-a-la-poesia\/#primaryimage"},"thumbnailUrl":"https:\/\/www.laguiadepamplona.com\/actualidad\/wp-content\/uploads\/2017\/03\/diversos-poemas.jpg","articleSection":["Ayto Pamplona"],"inLanguage":"es"},{"@type":"WebPage","@id":"https:\/\/www.laguiadepamplona.com\/actualidad\/manana-se-presenta-el-micropoemario-diversos-en-la-biblioteca-publica-chantrea-dentro-del-segundo-ciclo-de-actividades-en-torno-a-la-poesia\/","url":"https:\/\/www.laguiadepamplona.com\/actualidad\/manana-se-presenta-el-micropoemario-diversos-en-la-biblioteca-publica-chantrea-dentro-del-segundo-ciclo-de-actividades-en-torno-a-la-poesia\/","name":"Ma\u00f1ana se presenta el micropoemario \u2018diVERSOS\u2019 en la Biblioteca P\u00fablica Chantrea, dentro del segundo ciclo de actividades en torno a la poes\u00eda","isPartOf":{"@id":"https:\/\/www.laguiadepamplona.com\/actualidad\/#website"},"primaryImageOfPage":{"@id":"https:\/\/www.laguiadepamplona.com\/actualidad\/manana-se-presenta-el-micropoemario-diversos-en-la-biblioteca-publica-chantrea-dentro-del-segundo-ciclo-de-actividades-en-torno-a-la-poesia\/#primaryimage"},"image":{"@id":"https:\/\/www.laguiadepamplona.com\/actualidad\/manana-se-presenta-el-micropoemario-diversos-en-la-biblioteca-publica-chantrea-dentro-del-segundo-ciclo-de-actividades-en-torno-a-la-poesia\/#primaryimage"},"thumbnailUrl":"https:\/\/www.laguiadepamplona.com\/actualidad\/wp-content\/uploads\/2017\/03\/diversos-poemas.jpg","datePublished":"2017-03-16T12:03:05+00:00","breadcrumb":{"@id":"https:\/\/www.laguiadepamplona.com\/actualidad\/manana-se-presenta-el-micropoemario-diversos-en-la-biblioteca-publica-chantrea-dentro-del-segundo-ciclo-de-actividades-en-torno-a-la-poesia\/#breadcrumb"},"inLanguage":"es","potentialAction":[{"@type":"ReadAction","target":["https:\/\/www.laguiadepamplona.com\/actualidad\/manana-se-presenta-el-micropoemario-diversos-en-la-biblioteca-publica-chantrea-dentro-del-segundo-ciclo-de-actividades-en-torno-a-la-poesia\/"]}]},{"@type":"ImageObject","inLanguage":"es","@id":"https:\/\/www.laguiadepamplona.com\/actualidad\/manana-se-presenta-el-micropoemario-diversos-en-la-biblioteca-publica-chantrea-dentro-del-segundo-ciclo-de-actividades-en-torno-a-la-poesia\/#primaryimage","url":"https:\/\/www.laguiadepamplona.com\/actualidad\/wp-content\/uploads\/2017\/03\/diversos-poemas.jpg","contentUrl":"https:\/\/www.laguiadepamplona.com\/actualidad\/wp-content\/uploads\/2017\/03\/diversos-poemas.jpg","width":1000,"height":654},{"@type":"BreadcrumbList","@id":"https:\/\/www.laguiadepamplona.com\/actualidad\/manana-se-presenta-el-micropoemario-diversos-en-la-biblioteca-publica-chantrea-dentro-del-segundo-ciclo-de-actividades-en-torno-a-la-poesia\/#breadcrumb","itemListElement":[{"@type":"ListItem","position":1,"name":"Portada","item":"https:\/\/www.laguiadepamplona.com\/actualidad\/"},{"@type":"ListItem","position":2,"name":"Ma\u00f1ana se presenta el micropoemario \u2018diVERSOS\u2019 en la Biblioteca P\u00fablica Chantrea, dentro del segundo ciclo de actividades en torno a la poes\u00eda"}]},{"@type":"WebSite","@id":"https:\/\/www.laguiadepamplona.com\/actualidad\/#website","url":"https:\/\/www.laguiadepamplona.com\/actualidad\/","name":"La gu\u00eda de Pamplona","description":"Noticias de Pamplona","publisher":{"@id":"https:\/\/www.laguiadepamplona.com\/actualidad\/#organization"},"potentialAction":[{"@type":"SearchAction","target":{"@type":"EntryPoint","urlTemplate":"https:\/\/www.laguiadepamplona.com\/actualidad\/?s={search_term_string}"},"query-input":{"@type":"PropertyValueSpecification","valueRequired":true,"valueName":"search_term_string"}}],"inLanguage":"es"},{"@type":"Organization","@id":"https:\/\/www.laguiadepamplona.com\/actualidad\/#organization","name":"La Gu\u00eda de Pamplona \/ Noticias","url":"https:\/\/www.laguiadepamplona.com\/actualidad\/","logo":{"@type":"ImageObject","inLanguage":"es","@id":"https:\/\/www.laguiadepamplona.com\/actualidad\/#\/schema\/logo\/image\/","url":"https:\/\/www.laguiadepamplona.com\/actualidad\/wp-content\/uploads\/2018\/11\/logo-laguiadepamplona18-web1.png","contentUrl":"https:\/\/www.laguiadepamplona.com\/actualidad\/wp-content\/uploads\/2018\/11\/logo-laguiadepamplona18-web1.png","width":600,"height":196,"caption":"La Gu\u00eda de Pamplona \/ Noticias"},"image":{"@id":"https:\/\/www.laguiadepamplona.com\/actualidad\/#\/schema\/logo\/image\/"},"sameAs":["https:\/\/www.facebook.com\/laguiadepamplonacom-133175176762273\/?ref=hl","https:\/\/x.com\/LaGuiadPamplona","https:\/\/www.instagram.com\/la_guia_de_pamplona\/","https:\/\/www.youtube.com\/user\/laguiadepamplona"]},{"@type":"Person","@id":"https:\/\/www.laguiadepamplona.com\/actualidad\/#\/schema\/person\/efe887376f0213d4657c93adc50b1fdb","name":"La Gu\u00eda de Pamplona","image":{"@type":"ImageObject","inLanguage":"es","@id":"https:\/\/secure.gravatar.com\/avatar\/b6992f131dc8d30ab0dff15446e9d346d9dbd95992de0fef795073f5ea83a81c?s=96&d=mm&r=g","url":"https:\/\/secure.gravatar.com\/avatar\/b6992f131dc8d30ab0dff15446e9d346d9dbd95992de0fef795073f5ea83a81c?s=96&d=mm&r=g","contentUrl":"https:\/\/secure.gravatar.com\/avatar\/b6992f131dc8d30ab0dff15446e9d346d9dbd95992de0fef795073f5ea83a81c?s=96&d=mm&r=g","caption":"La Gu\u00eda de Pamplona"}}]}},"post_mailing_queue_ids":[],"_links":{"self":[{"href":"https:\/\/www.laguiadepamplona.com\/actualidad\/wp-json\/wp\/v2\/posts\/12290","targetHints":{"allow":["GET"]}}],"collection":[{"href":"https:\/\/www.laguiadepamplona.com\/actualidad\/wp-json\/wp\/v2\/posts"}],"about":[{"href":"https:\/\/www.laguiadepamplona.com\/actualidad\/wp-json\/wp\/v2\/types\/post"}],"author":[{"embeddable":true,"href":"https:\/\/www.laguiadepamplona.com\/actualidad\/wp-json\/wp\/v2\/users\/1"}],"replies":[{"embeddable":true,"href":"https:\/\/www.laguiadepamplona.com\/actualidad\/wp-json\/wp\/v2\/comments?post=12290"}],"version-history":[{"count":0,"href":"https:\/\/www.laguiadepamplona.com\/actualidad\/wp-json\/wp\/v2\/posts\/12290\/revisions"}],"wp:featuredmedia":[{"embeddable":true,"href":"https:\/\/www.laguiadepamplona.com\/actualidad\/wp-json\/wp\/v2\/media\/12291"}],"wp:attachment":[{"href":"https:\/\/www.laguiadepamplona.com\/actualidad\/wp-json\/wp\/v2\/media?parent=12290"}],"wp:term":[{"taxonomy":"category","embeddable":true,"href":"https:\/\/www.laguiadepamplona.com\/actualidad\/wp-json\/wp\/v2\/categories?post=12290"},{"taxonomy":"post_tag","embeddable":true,"href":"https:\/\/www.laguiadepamplona.com\/actualidad\/wp-json\/wp\/v2\/tags?post=12290"}],"curies":[{"name":"wp","href":"https:\/\/api.w.org\/{rel}","templated":true}]}}