{"id":1229,"date":"2014-04-15T11:17:13","date_gmt":"2014-04-15T10:17:13","guid":{"rendered":"http:\/\/laguiadepamplona.es\/noticias\/?p=1229"},"modified":"2014-04-15T11:17:13","modified_gmt":"2014-04-15T10:17:13","slug":"la-junta-de-gobierno-local-ha-aprobado-hoy-la-segunda-prorroga-del-contrato-con-la-empresa-alquibalat-s-l-adjudicataria-desde-2012","status":"publish","type":"post","link":"https:\/\/www.laguiadepamplona.com\/actualidad\/la-junta-de-gobierno-local-ha-aprobado-hoy-la-segunda-prorroga-del-contrato-con-la-empresa-alquibalat-s-l-adjudicataria-desde-2012\/","title":{"rendered":"La Junta de Gobierno Local ha aprobado hoy la segunda pr\u00f3rroga del contrato con la empresa Alquibalat, S.L., adjudicataria desde 2012"},"content":{"rendered":"<h5>El Ayuntamiento colocar\u00e1 18 instalaciones y 20 aseos qu\u00edmicos en lugares concurridos de la ciudad durante las pr\u00f3ximas fiestas de San Ferm\u00edn<\/h5>\n<p><a href=\"http:\/\/laguiadepamplona.es\/noticias\/wp-content\/uploads\/2014\/02\/cartel-oficial-san-fermin-pamplona-2013.jpg\"><img loading=\"lazy\" decoding=\"async\" class=\"alignleft size-medium wp-image-531\" alt=\"cartel-oficial-san-fermin-pamplona-2013\" src=\"http:\/\/laguiadepamplona.es\/noticias\/wp-content\/uploads\/2014\/02\/cartel-oficial-san-fermin-pamplona-2013-201x300.jpg\" width=\"201\" height=\"300\" \/><\/a>La Junta de Gobierno Local ha aprobado esta ma\u00f1ana la segunda pr\u00f3rroga del contrato de suministro, instalaci\u00f3n, vigilancia, mantenimiento y retirada de instalaciones de aseos para los pr\u00f3ximos Sanfermines. El Ayuntamiento de Pamplona colocar\u00e1 este a\u00f1o, al igual que en las pasadas fiestas, 18 instalaciones de aseo conectadas a la red de saneamiento y otros 20 aseos qu\u00edmicos, adem\u00e1s del truck sanitario de la Plaza del Castillo, con el fin de mejorar los servicios que ofrece a vecinos y visitantes en esas fechas.<\/p>\n<p>La pr\u00f3rroga ha sido firmada a favor de la empresa Alquibalat, S.L., que result\u00f3 adjudicataria del contrato en 2012, por un importe en esta ocasi\u00f3n de 104.922 euros, IVA excluido. Los aseos deber\u00e1n estar totalmente instalados el 4 de julio, salvo el del recinto ferial (puente de Curtidores), que deber\u00e1 estar preparado el 25 de junio.<\/p>\n<p>Las instalaciones constan de dos m\u00f3dulos, uno para se\u00f1oras y otro para caballeros. Los femeninos cuentan con seis cabinas de aseo y dos lavabos, mientras que los masculinos tienen cuatro cabinas, dos lavabos y urinarios que permiten el uso simult\u00e1neo de varias personas. Cada instalaci\u00f3n contiene una cabina para discapacitados con acceso adaptado. Adem\u00e1s, la que se colocar\u00e1 en la plaza Conde de Rodezno est\u00e1 especialmente dise\u00f1ada para ni\u00f1os, con inodoros peque\u00f1os y cambia pa\u00f1ales. El resto de aseos estar\u00e1n ubicados en el recinto ferial junto al puente de Curtidores y junto al puente del Vergel, en la calla Amaya junto a la plaza de Toros, en la bajada de Labrit, en la plaza de San Francisco, en Antoniutti, en el rinc\u00f3n de Pellejer\u00eda, en la calle Calderer\u00eda, en la calle Ciudadela, en la Cuesta del Museo de Navarra, en el parque de la Taconera, en la plaza Virgen de la O, en la plaza de Santa Ana, en el paseo del Red\u00edn, en la Vuelta del Castillo junto a la Misericordia, en Trinitarios\u00a0 y en el ferial de ganado, junto al H\u00edper Eroski.<\/p>\n<p><strong>Instalaciones vigiladas<\/strong><\/p>\n<p>De las 18 instalaciones de aseo, todas excepto Conde de Rodezno, Trinitarios y el ferial del ganado tendr\u00e1n vigilancia y atenci\u00f3n durante las 24 horas del d\u00eda entre las 8 horas del 6 de julio y las 8 horas del 15 de julio. El truck sanitario de la Plaza del Castillo tendr\u00e1 tambi\u00e9n el mismo horario continuo. La de la plaza Conde de Rodezno dispondr\u00e1 de limpieza y vigilancia de 10 a 22 horas. Adem\u00e1s, la del recinto ferial junto al puente de Curtidores estar\u00e1 abierta al p\u00fablico y atendida de cinco de la tarde hasta la medianoche el \u00faltimo fin de semana de junio y el 15 de julio.<\/p>\n<p>Adem\u00e1s de estas instalaciones se colocar\u00e1n 20 aseos qu\u00edmicos en ubicaciones donde la instalaci\u00f3n no se puede conectar a la red de saneamiento, generalmente en aparcamientos y lugares con poco espacio. Tres de ellos estar\u00e1n adaptados a discapacitados y uno de ellos ser\u00e1 un urinario que da servicio a tres usuarios simult\u00e1neamente. Los dep\u00f3sitos de esos aseos port\u00e1tiles deber\u00e1n cambiarse al menos cada 24 horas, verter su contenido en los colectores se\u00f1alados por los t\u00e9cnicos de la Mancomunidad y limpiarlos y surtirlos de papel durante todo el tiempo que est\u00e9n en la v\u00eda p\u00fablica.<\/p>\n<p>&nbsp;<\/p>\n","protected":false},"excerpt":{"rendered":"<p>El Ayuntamiento colocar\u00e1 18 instalaciones y 20 aseos qu\u00edmicos en lugares concurridos de la ciudad durante las pr\u00f3ximas fiestas de San Ferm\u00edn La Junta de Gobierno Local ha aprobado esta&#8230;<\/p>\n","protected":false},"author":1,"featured_media":531,"comment_status":"open","ping_status":"open","sticky":false,"template":"","format":"standard","meta":{"footnotes":""},"categories":[2],"tags":[842,843,5,6,844,8,9,506],"class_list":["post-1229","post","type-post","status-publish","format-standard","has-post-thumbnail","hentry","category-ayuntamiento-pamplona","tag-18-instalaciones","tag-20-aseos-quimicos","tag-actualidad","tag-ayto-pamplona","tag-fiestas","tag-noticias","tag-pamplona","tag-san-fermin"],"yoast_head":"<!-- This site is optimized with the Yoast SEO plugin v27.5 - https:\/\/yoast.com\/product\/yoast-seo-wordpress\/ -->\n<title>La Junta de Gobierno Local ha aprobado hoy la segunda pr\u00f3rroga del contrato con la empresa Alquibalat, S.L., adjudicataria desde 2012<\/title>\n<meta name=\"robots\" content=\"index, follow, max-snippet:-1, max-image-preview:large, max-video-preview:-1\" \/>\n<link rel=\"canonical\" href=\"https:\/\/www.laguiadepamplona.com\/actualidad\/la-junta-de-gobierno-local-ha-aprobado-hoy-la-segunda-prorroga-del-contrato-con-la-empresa-alquibalat-s-l-adjudicataria-desde-2012\/\" \/>\n<meta property=\"og:locale\" content=\"es_ES\" \/>\n<meta property=\"og:type\" content=\"article\" \/>\n<meta property=\"og:title\" content=\"La Junta de Gobierno Local ha aprobado hoy la segunda pr\u00f3rroga del contrato con la empresa Alquibalat, S.L., adjudicataria desde 2012\" \/>\n<meta property=\"og:description\" content=\"El Ayuntamiento colocar\u00e1 18 instalaciones y 20 aseos qu\u00edmicos en lugares concurridos de la ciudad durante las pr\u00f3ximas fiestas de San Ferm\u00edn La Junta de Gobierno Local ha aprobado esta...\" \/>\n<meta property=\"og:url\" content=\"https:\/\/www.laguiadepamplona.com\/actualidad\/la-junta-de-gobierno-local-ha-aprobado-hoy-la-segunda-prorroga-del-contrato-con-la-empresa-alquibalat-s-l-adjudicataria-desde-2012\/\" \/>\n<meta property=\"og:site_name\" content=\"La Gu\u00eda de Pamplona\" \/>\n<meta property=\"article:publisher\" content=\"https:\/\/www.facebook.com\/laguiadepamplonacom-133175176762273\/?ref=hl\" \/>\n<meta property=\"article:published_time\" content=\"2014-04-15T10:17:13+00:00\" \/>\n<meta name=\"author\" content=\"La Gu\u00eda de Pamplona\" \/>\n<meta name=\"twitter:card\" content=\"summary_large_image\" \/>\n<meta name=\"twitter:creator\" content=\"@LaGuiadPamplona\" \/>\n<meta name=\"twitter:site\" content=\"@LaGuiadPamplona\" \/>\n<meta name=\"twitter:label1\" content=\"Escrito por\" \/>\n\t<meta name=\"twitter:data1\" content=\"La Gu\u00eda de Pamplona\" \/>\n\t<meta name=\"twitter:label2\" content=\"Tiempo de lectura\" \/>\n\t<meta name=\"twitter:data2\" content=\"3 minutos\" \/>\n<script type=\"application\/ld+json\" class=\"yoast-schema-graph\">{\"@context\":\"https:\\\/\\\/schema.org\",\"@graph\":[{\"@type\":\"Article\",\"@id\":\"https:\\\/\\\/www.laguiadepamplona.com\\\/actualidad\\\/la-junta-de-gobierno-local-ha-aprobado-hoy-la-segunda-prorroga-del-contrato-con-la-empresa-alquibalat-s-l-adjudicataria-desde-2012\\\/#article\",\"isPartOf\":{\"@id\":\"https:\\\/\\\/www.laguiadepamplona.com\\\/actualidad\\\/la-junta-de-gobierno-local-ha-aprobado-hoy-la-segunda-prorroga-del-contrato-con-la-empresa-alquibalat-s-l-adjudicataria-desde-2012\\\/\"},\"author\":{\"name\":\"La Gu\u00eda de Pamplona\",\"@id\":\"https:\\\/\\\/www.laguiadepamplona.com\\\/actualidad\\\/#\\\/schema\\\/person\\\/efe887376f0213d4657c93adc50b1fdb\"},\"headline\":\"La Junta de Gobierno Local ha aprobado hoy la segunda pr\u00f3rroga del contrato con la empresa Alquibalat, S.L., adjudicataria desde 2012\",\"datePublished\":\"2014-04-15T10:17:13+00:00\",\"mainEntityOfPage\":{\"@id\":\"https:\\\/\\\/www.laguiadepamplona.com\\\/actualidad\\\/la-junta-de-gobierno-local-ha-aprobado-hoy-la-segunda-prorroga-del-contrato-con-la-empresa-alquibalat-s-l-adjudicataria-desde-2012\\\/\"},\"wordCount\":604,\"commentCount\":0,\"publisher\":{\"@id\":\"https:\\\/\\\/www.laguiadepamplona.com\\\/actualidad\\\/#organization\"},\"image\":{\"@id\":\"https:\\\/\\\/www.laguiadepamplona.com\\\/actualidad\\\/la-junta-de-gobierno-local-ha-aprobado-hoy-la-segunda-prorroga-del-contrato-con-la-empresa-alquibalat-s-l-adjudicataria-desde-2012\\\/#primaryimage\"},\"thumbnailUrl\":\"\",\"keywords\":[\"18 instalaciones\",\"20 aseos qu\u00edmicos\",\"actualidad\",\"ayto pamplona\",\"fiestas\",\"noticias\",\"pamplona\",\"san ferm\u00edn\"],\"articleSection\":[\"Ayto Pamplona\"],\"inLanguage\":\"es\",\"potentialAction\":[{\"@type\":\"CommentAction\",\"name\":\"Comment\",\"target\":[\"https:\\\/\\\/www.laguiadepamplona.com\\\/actualidad\\\/la-junta-de-gobierno-local-ha-aprobado-hoy-la-segunda-prorroga-del-contrato-con-la-empresa-alquibalat-s-l-adjudicataria-desde-2012\\\/#respond\"]}]},{\"@type\":\"WebPage\",\"@id\":\"https:\\\/\\\/www.laguiadepamplona.com\\\/actualidad\\\/la-junta-de-gobierno-local-ha-aprobado-hoy-la-segunda-prorroga-del-contrato-con-la-empresa-alquibalat-s-l-adjudicataria-desde-2012\\\/\",\"url\":\"https:\\\/\\\/www.laguiadepamplona.com\\\/actualidad\\\/la-junta-de-gobierno-local-ha-aprobado-hoy-la-segunda-prorroga-del-contrato-con-la-empresa-alquibalat-s-l-adjudicataria-desde-2012\\\/\",\"name\":\"La Junta de Gobierno Local ha aprobado hoy la segunda pr\u00f3rroga del contrato con la empresa Alquibalat, S.L., adjudicataria desde 2012\",\"isPartOf\":{\"@id\":\"https:\\\/\\\/www.laguiadepamplona.com\\\/actualidad\\\/#website\"},\"primaryImageOfPage\":{\"@id\":\"https:\\\/\\\/www.laguiadepamplona.com\\\/actualidad\\\/la-junta-de-gobierno-local-ha-aprobado-hoy-la-segunda-prorroga-del-contrato-con-la-empresa-alquibalat-s-l-adjudicataria-desde-2012\\\/#primaryimage\"},\"image\":{\"@id\":\"https:\\\/\\\/www.laguiadepamplona.com\\\/actualidad\\\/la-junta-de-gobierno-local-ha-aprobado-hoy-la-segunda-prorroga-del-contrato-con-la-empresa-alquibalat-s-l-adjudicataria-desde-2012\\\/#primaryimage\"},\"thumbnailUrl\":\"\",\"datePublished\":\"2014-04-15T10:17:13+00:00\",\"breadcrumb\":{\"@id\":\"https:\\\/\\\/www.laguiadepamplona.com\\\/actualidad\\\/la-junta-de-gobierno-local-ha-aprobado-hoy-la-segunda-prorroga-del-contrato-con-la-empresa-alquibalat-s-l-adjudicataria-desde-2012\\\/#breadcrumb\"},\"inLanguage\":\"es\",\"potentialAction\":[{\"@type\":\"ReadAction\",\"target\":[\"https:\\\/\\\/www.laguiadepamplona.com\\\/actualidad\\\/la-junta-de-gobierno-local-ha-aprobado-hoy-la-segunda-prorroga-del-contrato-con-la-empresa-alquibalat-s-l-adjudicataria-desde-2012\\\/\"]}]},{\"@type\":\"ImageObject\",\"inLanguage\":\"es\",\"@id\":\"https:\\\/\\\/www.laguiadepamplona.com\\\/actualidad\\\/la-junta-de-gobierno-local-ha-aprobado-hoy-la-segunda-prorroga-del-contrato-con-la-empresa-alquibalat-s-l-adjudicataria-desde-2012\\\/#primaryimage\",\"url\":\"\",\"contentUrl\":\"\"},{\"@type\":\"BreadcrumbList\",\"@id\":\"https:\\\/\\\/www.laguiadepamplona.com\\\/actualidad\\\/la-junta-de-gobierno-local-ha-aprobado-hoy-la-segunda-prorroga-del-contrato-con-la-empresa-alquibalat-s-l-adjudicataria-desde-2012\\\/#breadcrumb\",\"itemListElement\":[{\"@type\":\"ListItem\",\"position\":1,\"name\":\"Portada\",\"item\":\"https:\\\/\\\/www.laguiadepamplona.com\\\/actualidad\\\/\"},{\"@type\":\"ListItem\",\"position\":2,\"name\":\"La Junta de Gobierno Local ha aprobado hoy la segunda pr\u00f3rroga del contrato con la empresa Alquibalat, S.L., adjudicataria desde 2012\"}]},{\"@type\":\"WebSite\",\"@id\":\"https:\\\/\\\/www.laguiadepamplona.com\\\/actualidad\\\/#website\",\"url\":\"https:\\\/\\\/www.laguiadepamplona.com\\\/actualidad\\\/\",\"name\":\"La gu\u00eda de Pamplona\",\"description\":\"Noticias de Pamplona\",\"publisher\":{\"@id\":\"https:\\\/\\\/www.laguiadepamplona.com\\\/actualidad\\\/#organization\"},\"potentialAction\":[{\"@type\":\"SearchAction\",\"target\":{\"@type\":\"EntryPoint\",\"urlTemplate\":\"https:\\\/\\\/www.laguiadepamplona.com\\\/actualidad\\\/?s={search_term_string}\"},\"query-input\":{\"@type\":\"PropertyValueSpecification\",\"valueRequired\":true,\"valueName\":\"search_term_string\"}}],\"inLanguage\":\"es\"},{\"@type\":\"Organization\",\"@id\":\"https:\\\/\\\/www.laguiadepamplona.com\\\/actualidad\\\/#organization\",\"name\":\"La Gu\u00eda de Pamplona \\\/ Noticias\",\"url\":\"https:\\\/\\\/www.laguiadepamplona.com\\\/actualidad\\\/\",\"logo\":{\"@type\":\"ImageObject\",\"inLanguage\":\"es\",\"@id\":\"https:\\\/\\\/www.laguiadepamplona.com\\\/actualidad\\\/#\\\/schema\\\/logo\\\/image\\\/\",\"url\":\"https:\\\/\\\/www.laguiadepamplona.com\\\/actualidad\\\/wp-content\\\/uploads\\\/2018\\\/11\\\/logo-laguiadepamplona18-web1.png\",\"contentUrl\":\"https:\\\/\\\/www.laguiadepamplona.com\\\/actualidad\\\/wp-content\\\/uploads\\\/2018\\\/11\\\/logo-laguiadepamplona18-web1.png\",\"width\":600,\"height\":196,\"caption\":\"La Gu\u00eda de Pamplona \\\/ Noticias\"},\"image\":{\"@id\":\"https:\\\/\\\/www.laguiadepamplona.com\\\/actualidad\\\/#\\\/schema\\\/logo\\\/image\\\/\"},\"sameAs\":[\"https:\\\/\\\/www.facebook.com\\\/laguiadepamplonacom-133175176762273\\\/?ref=hl\",\"https:\\\/\\\/x.com\\\/LaGuiadPamplona\",\"https:\\\/\\\/www.instagram.com\\\/la_guia_de_pamplona\\\/\",\"https:\\\/\\\/www.youtube.com\\\/user\\\/laguiadepamplona\"]},{\"@type\":\"Person\",\"@id\":\"https:\\\/\\\/www.laguiadepamplona.com\\\/actualidad\\\/#\\\/schema\\\/person\\\/efe887376f0213d4657c93adc50b1fdb\",\"name\":\"La Gu\u00eda de Pamplona\",\"image\":{\"@type\":\"ImageObject\",\"inLanguage\":\"es\",\"@id\":\"https:\\\/\\\/secure.gravatar.com\\\/avatar\\\/b6992f131dc8d30ab0dff15446e9d346d9dbd95992de0fef795073f5ea83a81c?s=96&d=mm&r=g\",\"url\":\"https:\\\/\\\/secure.gravatar.com\\\/avatar\\\/b6992f131dc8d30ab0dff15446e9d346d9dbd95992de0fef795073f5ea83a81c?s=96&d=mm&r=g\",\"contentUrl\":\"https:\\\/\\\/secure.gravatar.com\\\/avatar\\\/b6992f131dc8d30ab0dff15446e9d346d9dbd95992de0fef795073f5ea83a81c?s=96&d=mm&r=g\",\"caption\":\"La Gu\u00eda de Pamplona\"}}]}<\/script>\n<!-- \/ Yoast SEO plugin. -->","yoast_head_json":{"title":"La Junta de Gobierno Local ha aprobado hoy la segunda pr\u00f3rroga del contrato con la empresa Alquibalat, S.L., adjudicataria desde 2012","robots":{"index":"index","follow":"follow","max-snippet":"max-snippet:-1","max-image-preview":"max-image-preview:large","max-video-preview":"max-video-preview:-1"},"canonical":"https:\/\/www.laguiadepamplona.com\/actualidad\/la-junta-de-gobierno-local-ha-aprobado-hoy-la-segunda-prorroga-del-contrato-con-la-empresa-alquibalat-s-l-adjudicataria-desde-2012\/","og_locale":"es_ES","og_type":"article","og_title":"La Junta de Gobierno Local ha aprobado hoy la segunda pr\u00f3rroga del contrato con la empresa Alquibalat, S.L., adjudicataria desde 2012","og_description":"El Ayuntamiento colocar\u00e1 18 instalaciones y 20 aseos qu\u00edmicos en lugares concurridos de la ciudad durante las pr\u00f3ximas fiestas de San Ferm\u00edn La Junta de Gobierno Local ha aprobado esta...","og_url":"https:\/\/www.laguiadepamplona.com\/actualidad\/la-junta-de-gobierno-local-ha-aprobado-hoy-la-segunda-prorroga-del-contrato-con-la-empresa-alquibalat-s-l-adjudicataria-desde-2012\/","og_site_name":"La Gu\u00eda de Pamplona","article_publisher":"https:\/\/www.facebook.com\/laguiadepamplonacom-133175176762273\/?ref=hl","article_published_time":"2014-04-15T10:17:13+00:00","author":"La Gu\u00eda de Pamplona","twitter_card":"summary_large_image","twitter_creator":"@LaGuiadPamplona","twitter_site":"@LaGuiadPamplona","twitter_misc":{"Escrito por":"La Gu\u00eda de Pamplona","Tiempo de lectura":"3 minutos"},"schema":{"@context":"https:\/\/schema.org","@graph":[{"@type":"Article","@id":"https:\/\/www.laguiadepamplona.com\/actualidad\/la-junta-de-gobierno-local-ha-aprobado-hoy-la-segunda-prorroga-del-contrato-con-la-empresa-alquibalat-s-l-adjudicataria-desde-2012\/#article","isPartOf":{"@id":"https:\/\/www.laguiadepamplona.com\/actualidad\/la-junta-de-gobierno-local-ha-aprobado-hoy-la-segunda-prorroga-del-contrato-con-la-empresa-alquibalat-s-l-adjudicataria-desde-2012\/"},"author":{"name":"La Gu\u00eda de Pamplona","@id":"https:\/\/www.laguiadepamplona.com\/actualidad\/#\/schema\/person\/efe887376f0213d4657c93adc50b1fdb"},"headline":"La Junta de Gobierno Local ha aprobado hoy la segunda pr\u00f3rroga del contrato con la empresa Alquibalat, S.L., adjudicataria desde 2012","datePublished":"2014-04-15T10:17:13+00:00","mainEntityOfPage":{"@id":"https:\/\/www.laguiadepamplona.com\/actualidad\/la-junta-de-gobierno-local-ha-aprobado-hoy-la-segunda-prorroga-del-contrato-con-la-empresa-alquibalat-s-l-adjudicataria-desde-2012\/"},"wordCount":604,"commentCount":0,"publisher":{"@id":"https:\/\/www.laguiadepamplona.com\/actualidad\/#organization"},"image":{"@id":"https:\/\/www.laguiadepamplona.com\/actualidad\/la-junta-de-gobierno-local-ha-aprobado-hoy-la-segunda-prorroga-del-contrato-con-la-empresa-alquibalat-s-l-adjudicataria-desde-2012\/#primaryimage"},"thumbnailUrl":"","keywords":["18 instalaciones","20 aseos qu\u00edmicos","actualidad","ayto pamplona","fiestas","noticias","pamplona","san ferm\u00edn"],"articleSection":["Ayto Pamplona"],"inLanguage":"es","potentialAction":[{"@type":"CommentAction","name":"Comment","target":["https:\/\/www.laguiadepamplona.com\/actualidad\/la-junta-de-gobierno-local-ha-aprobado-hoy-la-segunda-prorroga-del-contrato-con-la-empresa-alquibalat-s-l-adjudicataria-desde-2012\/#respond"]}]},{"@type":"WebPage","@id":"https:\/\/www.laguiadepamplona.com\/actualidad\/la-junta-de-gobierno-local-ha-aprobado-hoy-la-segunda-prorroga-del-contrato-con-la-empresa-alquibalat-s-l-adjudicataria-desde-2012\/","url":"https:\/\/www.laguiadepamplona.com\/actualidad\/la-junta-de-gobierno-local-ha-aprobado-hoy-la-segunda-prorroga-del-contrato-con-la-empresa-alquibalat-s-l-adjudicataria-desde-2012\/","name":"La Junta de Gobierno Local ha aprobado hoy la segunda pr\u00f3rroga del contrato con la empresa Alquibalat, S.L., adjudicataria desde 2012","isPartOf":{"@id":"https:\/\/www.laguiadepamplona.com\/actualidad\/#website"},"primaryImageOfPage":{"@id":"https:\/\/www.laguiadepamplona.com\/actualidad\/la-junta-de-gobierno-local-ha-aprobado-hoy-la-segunda-prorroga-del-contrato-con-la-empresa-alquibalat-s-l-adjudicataria-desde-2012\/#primaryimage"},"image":{"@id":"https:\/\/www.laguiadepamplona.com\/actualidad\/la-junta-de-gobierno-local-ha-aprobado-hoy-la-segunda-prorroga-del-contrato-con-la-empresa-alquibalat-s-l-adjudicataria-desde-2012\/#primaryimage"},"thumbnailUrl":"","datePublished":"2014-04-15T10:17:13+00:00","breadcrumb":{"@id":"https:\/\/www.laguiadepamplona.com\/actualidad\/la-junta-de-gobierno-local-ha-aprobado-hoy-la-segunda-prorroga-del-contrato-con-la-empresa-alquibalat-s-l-adjudicataria-desde-2012\/#breadcrumb"},"inLanguage":"es","potentialAction":[{"@type":"ReadAction","target":["https:\/\/www.laguiadepamplona.com\/actualidad\/la-junta-de-gobierno-local-ha-aprobado-hoy-la-segunda-prorroga-del-contrato-con-la-empresa-alquibalat-s-l-adjudicataria-desde-2012\/"]}]},{"@type":"ImageObject","inLanguage":"es","@id":"https:\/\/www.laguiadepamplona.com\/actualidad\/la-junta-de-gobierno-local-ha-aprobado-hoy-la-segunda-prorroga-del-contrato-con-la-empresa-alquibalat-s-l-adjudicataria-desde-2012\/#primaryimage","url":"","contentUrl":""},{"@type":"BreadcrumbList","@id":"https:\/\/www.laguiadepamplona.com\/actualidad\/la-junta-de-gobierno-local-ha-aprobado-hoy-la-segunda-prorroga-del-contrato-con-la-empresa-alquibalat-s-l-adjudicataria-desde-2012\/#breadcrumb","itemListElement":[{"@type":"ListItem","position":1,"name":"Portada","item":"https:\/\/www.laguiadepamplona.com\/actualidad\/"},{"@type":"ListItem","position":2,"name":"La Junta de Gobierno Local ha aprobado hoy la segunda pr\u00f3rroga del contrato con la empresa Alquibalat, S.L., adjudicataria desde 2012"}]},{"@type":"WebSite","@id":"https:\/\/www.laguiadepamplona.com\/actualidad\/#website","url":"https:\/\/www.laguiadepamplona.com\/actualidad\/","name":"La gu\u00eda de Pamplona","description":"Noticias de Pamplona","publisher":{"@id":"https:\/\/www.laguiadepamplona.com\/actualidad\/#organization"},"potentialAction":[{"@type":"SearchAction","target":{"@type":"EntryPoint","urlTemplate":"https:\/\/www.laguiadepamplona.com\/actualidad\/?s={search_term_string}"},"query-input":{"@type":"PropertyValueSpecification","valueRequired":true,"valueName":"search_term_string"}}],"inLanguage":"es"},{"@type":"Organization","@id":"https:\/\/www.laguiadepamplona.com\/actualidad\/#organization","name":"La Gu\u00eda de Pamplona \/ Noticias","url":"https:\/\/www.laguiadepamplona.com\/actualidad\/","logo":{"@type":"ImageObject","inLanguage":"es","@id":"https:\/\/www.laguiadepamplona.com\/actualidad\/#\/schema\/logo\/image\/","url":"https:\/\/www.laguiadepamplona.com\/actualidad\/wp-content\/uploads\/2018\/11\/logo-laguiadepamplona18-web1.png","contentUrl":"https:\/\/www.laguiadepamplona.com\/actualidad\/wp-content\/uploads\/2018\/11\/logo-laguiadepamplona18-web1.png","width":600,"height":196,"caption":"La Gu\u00eda de Pamplona \/ Noticias"},"image":{"@id":"https:\/\/www.laguiadepamplona.com\/actualidad\/#\/schema\/logo\/image\/"},"sameAs":["https:\/\/www.facebook.com\/laguiadepamplonacom-133175176762273\/?ref=hl","https:\/\/x.com\/LaGuiadPamplona","https:\/\/www.instagram.com\/la_guia_de_pamplona\/","https:\/\/www.youtube.com\/user\/laguiadepamplona"]},{"@type":"Person","@id":"https:\/\/www.laguiadepamplona.com\/actualidad\/#\/schema\/person\/efe887376f0213d4657c93adc50b1fdb","name":"La Gu\u00eda de Pamplona","image":{"@type":"ImageObject","inLanguage":"es","@id":"https:\/\/secure.gravatar.com\/avatar\/b6992f131dc8d30ab0dff15446e9d346d9dbd95992de0fef795073f5ea83a81c?s=96&d=mm&r=g","url":"https:\/\/secure.gravatar.com\/avatar\/b6992f131dc8d30ab0dff15446e9d346d9dbd95992de0fef795073f5ea83a81c?s=96&d=mm&r=g","contentUrl":"https:\/\/secure.gravatar.com\/avatar\/b6992f131dc8d30ab0dff15446e9d346d9dbd95992de0fef795073f5ea83a81c?s=96&d=mm&r=g","caption":"La Gu\u00eda de Pamplona"}}]}},"post_mailing_queue_ids":[],"_links":{"self":[{"href":"https:\/\/www.laguiadepamplona.com\/actualidad\/wp-json\/wp\/v2\/posts\/1229","targetHints":{"allow":["GET"]}}],"collection":[{"href":"https:\/\/www.laguiadepamplona.com\/actualidad\/wp-json\/wp\/v2\/posts"}],"about":[{"href":"https:\/\/www.laguiadepamplona.com\/actualidad\/wp-json\/wp\/v2\/types\/post"}],"author":[{"embeddable":true,"href":"https:\/\/www.laguiadepamplona.com\/actualidad\/wp-json\/wp\/v2\/users\/1"}],"replies":[{"embeddable":true,"href":"https:\/\/www.laguiadepamplona.com\/actualidad\/wp-json\/wp\/v2\/comments?post=1229"}],"version-history":[{"count":0,"href":"https:\/\/www.laguiadepamplona.com\/actualidad\/wp-json\/wp\/v2\/posts\/1229\/revisions"}],"wp:featuredmedia":[{"embeddable":true,"href":"https:\/\/www.laguiadepamplona.com\/actualidad\/wp-json\/"}],"wp:attachment":[{"href":"https:\/\/www.laguiadepamplona.com\/actualidad\/wp-json\/wp\/v2\/media?parent=1229"}],"wp:term":[{"taxonomy":"category","embeddable":true,"href":"https:\/\/www.laguiadepamplona.com\/actualidad\/wp-json\/wp\/v2\/categories?post=1229"},{"taxonomy":"post_tag","embeddable":true,"href":"https:\/\/www.laguiadepamplona.com\/actualidad\/wp-json\/wp\/v2\/tags?post=1229"}],"curies":[{"name":"wp","href":"https:\/\/api.w.org\/{rel}","templated":true}]}}