{"id":12285,"date":"2017-03-16T13:00:35","date_gmt":"2017-03-16T12:00:35","guid":{"rendered":"http:\/\/laguiadepamplona.es\/actualidad\/?p=12285"},"modified":"2017-03-16T13:00:35","modified_gmt":"2017-03-16T12:00:35","slug":"el-festival-internacional-de-cine-y-artes-escenicas-lgtb-zinegoak-llega-a-pamplona-y-tudela-del-21-al-23-de-marzo-con-proyecciones-y-sesiones-de-trabajo-con-estudiantes","status":"publish","type":"post","link":"https:\/\/www.laguiadepamplona.com\/actualidad\/el-festival-internacional-de-cine-y-artes-escenicas-lgtb-zinegoak-llega-a-pamplona-y-tudela-del-21-al-23-de-marzo-con-proyecciones-y-sesiones-de-trabajo-con-estudiantes\/","title":{"rendered":"El Festival Internacional de Cine y Artes Esc\u00e9nicas LGTB, Zinegoak, llega a Pamplona y Tudela del 21 al 23 de marzo con proyecciones y sesiones de trabajo con estudiantes"},"content":{"rendered":"<h3>La muestra, por primera vez en Navarra, pretende visibilizar la realidad LGTB y acercar contenidos de dif\u00edcil acceso en salas comerciales<\/h3>\n<p><!--more--><\/p>\n<p><a href=\"http:\/\/laguiadepamplona.es\/actualidad\/wp-content\/uploads\/2017\/03\/cartel_zinegoak.jpg\"><img loading=\"lazy\" decoding=\"async\" class=\"alignleft size-medium wp-image-12286\" src=\"http:\/\/laguiadepamplona.es\/actualidad\/wp-content\/uploads\/2017\/03\/cartel_zinegoak-225x300.jpg\" alt=\"\" width=\"225\" height=\"300\" srcset=\"https:\/\/www.laguiadepamplona.com\/actualidad\/wp-content\/uploads\/2017\/03\/cartel_zinegoak-225x300.jpg 225w, https:\/\/www.laguiadepamplona.com\/actualidad\/wp-content\/uploads\/2017\/03\/cartel_zinegoak-300x400.jpg 300w, https:\/\/www.laguiadepamplona.com\/actualidad\/wp-content\/uploads\/2017\/03\/cartel_zinegoak.jpg 750w\" sizes=\"auto, (max-width: 225px) 100vw, 225px\" \/><\/a>Pamplona y Tudela acogen del 21 al 23 de marzo una selecci\u00f3n de proyecciones, cortometrajes y documentales, procedentes del Festival Internacional de Cine y Artes Esc\u00e9nicas LGTB, Zinegoak, que se celebr\u00f3 el mes pasado en Bilbao. Este festival es referente en la producci\u00f3n cinematogr\u00e1fica LGTB y por primera vez llega a Navarra para acercar el cine sobre tem\u00e1tica gay, l\u00e9sbica y trans y, tambi\u00e9n, para sensibilizar y visibilizar la diversidad.<\/p>\n<p>La concejala especial de Igualdad y LGTBI, Laura Berro, la coordinadora de Zinegoak en Navarra, Helena Bengoetxea, y el coordinador de Kattalingune \u2013 Servicio LGTB, Xabi S\u00e1nchez, han explicado los detalles de un programa de actividades que combinar\u00e1 las proyecciones abiertas al p\u00fablico en general y las sesiones de trabajo con estudiantes de Educaci\u00f3n Secundaria. Zinegoak llega a Navarra gracias a la iniciativa Extensi\u00f3n ZG, ideada por el propio festival, y de la mano de los ayuntamientos de Pamplona y Tudela y de la asociaci\u00f3n Kattalingorri, entidad que agrupa a los colectivos LGTB de Navarra y que gestiona el servicio LGTB, Kattalingune, centrado principalmente en prestar un servicio de atenci\u00f3n e informaci\u00f3n a la poblaci\u00f3n lesbiana, gay, bisexual y transexual.<\/p>\n<p>Esta Extensi\u00f3n ZG en Navarra trata de visibilizar e instalar en el debate p\u00fablico y privado la realidad de las personas LGTBI; generar acciones y alianzas pol\u00edticas, culturales, sociales, econ\u00f3micas y jur\u00eddicas tendentes a validar y respetar los derechos de la diversidad sexual; proponer y ejecutar acciones de sensibilizaci\u00f3n para mejorar la calidad de vida de la poblaci\u00f3n LGTBI; promover la autorrepresentaci\u00f3n y la autonom\u00eda de la poblaci\u00f3n LGTBI; y, por \u00faltimo, aminorar y erradicar las discriminaciones e injusticias padecidas en raz\u00f3n de la orientaci\u00f3n sexual o la identidad de g\u00e9nero.<\/p>\n<p><strong>Tres d\u00edas de proyecciones y encuentros con estudiantes<\/strong><\/p>\n<p>Las actividades comenzar\u00e1n el martes 21 de marzo, a las 20 horas en los Cines Golem Bayona con la presentaci\u00f3n de Zinegoak en Navarra, festival que para esta extensi\u00f3n a Pamplona y Tudela programar\u00e1 proyecciones con tem\u00e1tica trans en versi\u00f3n original subtituladas al castellano. Esa jornada inaugural concluir\u00e1 con la proyecci\u00f3n del documental \u2018Transit Havana\u2019, coproducci\u00f3n de los Pa\u00edses Bajos y Alemania, dirigida por Daniel Abma.<\/p>\n<p>El jueves 23 el festival contar\u00e1 con doble sesi\u00f3n. Por la ma\u00f1ana, el sal\u00f3n de actos de Civivox Iturrama acoger\u00e1 una sesi\u00f3n de trabajo que incluir\u00e1 el pase de diferentes cortometrajes y un debate con estudiantes del IES Iturrama. Ya por la tarde, sesi\u00f3n abierta al p\u00fablico en general, de nuevo en los Cines Golem Bayona, a las 20 horas, con la proyecci\u00f3n de \u201cGr\u00e1vido\u201d de Alejandro Dur\u00e1n, \u201cTake your partners\u201d (Elegid a vuestra pareja) de Siri R\u00f8dnes, \u201cOh be Joyful\u201d (Oh, s\u00e9 alegre) de Susan Jacobson , \u201cHome\u201d de More Raca, \u201cGabber Lover\u201d de Anne Cazenave-Cambet y \u201cMamma vet B\u00e4st\u201d.<\/p>\n<p>El mi\u00e9rcoles 22 de marzo Zinegoak se desplazar\u00e1 a Tudela para realizar, al igual que en Pamplona, una sesi\u00f3n matinal con estudiantes de institutos de la ciudad y una sesi\u00f3n vespertina, a las 10 horas en los Cines Moncayo, con la proyecci\u00f3n de las mismas obras que en Pamplona y un coloquio posterior sobre ellas.<\/p>\n<p><strong>Referente del cine LGTB desde 2004<\/strong><\/p>\n<p>El Festival Internacional de Cine y Artes Esc\u00e9nicas gaylesbotrans de Bilbao, Zinegoak, se cre\u00f3 en 2004 de la mano de la asociaci\u00f3n Hegoak, como herramienta de sensibilizaci\u00f3n. Habitualmente se celebra a finales de enero o a principios de febrero y se ha convertido en una de las citas cinematogr\u00e1ficas de contenido LGTB m\u00e1s importantes del pa\u00eds, acogiendo incluso estrenos mundiales de pel\u00edculas y largometrajes. El festival, que se financia \u00edntegramente con ayudas y patrocinadores privados, cuenta con una asistencia media de unas 10.000 personas.<\/p>\n<p>Zinegoak es cine cl\u00e1sico, experimental, comercial, de autor&#8230; y tambi\u00e9n son charlas, teatro, fiestas, conciertos, exposiciones y encuentros durante las dos semanas que dura el festival. Gracias a la iniciativa Extensi\u00f3n Zinegoak, impulsada por el propio festival, sus contenidos y su filosof\u00eda recorren m\u00e1s de una treintena de localidades de Vizcaya, Guip\u00fazcoa y \u00c1lava y este a\u00f1o, por primera vez, tambi\u00e9n de Navarra. De esta forma se acercan las obras a la poblaci\u00f3n que habitualmente tiene m\u00e1s complicado acceder a este tipo de contenidos y se ofrece una actividad ligada a la diversidad y la cultura aprovechando los recursos audiovisuales que cada a\u00f1o genera Zinegoak.<\/p>\n<p>&nbsp;<\/p>\n<p><strong>Extensi\u00f3n Zinegoak. Festival Internacional de Cine y Artes Esc\u00e9nicas LGTB<\/strong><\/p>\n<p><strong>Martes 21 de marzo<\/strong><\/p>\n<ul>\n<li><strong>Pamplona<\/strong>\n<ul>\n<li>Presentaci\u00f3n de Zinegoak en Navarra, con el eje tem\u00e1tico TRANS. Cines Golem Bayona. 20 horas. Proyecci\u00f3n del largometraje documental \u201cTransit Havana\u201d de Daniel Abma (Pa\u00edses Bajos \u2013Alemania \/ 2016 \/ 82 min -V.O. subtitulada al castellano) y posterior coloquio. Entrada libre<\/li>\n<\/ul>\n<\/li>\n<\/ul>\n<p><strong>Mi\u00e9rcoles 22 de marzo<\/strong><\/p>\n<ul>\n<li><strong>Tudela<\/strong>\n<ul>\n<li>Sesi\u00f3n de trabajo matinal con estudiantes de institutos de Tudela. Pase de cortometrajes y posterior debate<\/li>\n<li>Proyecci\u00f3n de cortometrajes (V.O. subtitulada al castellano) y posterior coloquio. Cine Moncayo, 20 horas. Entrada libre\n<ul>\n<li>\u201cGr\u00e1vido\u201d de Alejandro Dur\u00e1n (Espa\u00f1a \/ 2017 \/ 12 min)<\/li>\n<li>\u201cTake your partners\u201d (Elegid a vuestra pareja) de Siri R\u00f8dnes (Reino Unido \/ 2015 \/ 11 min)<\/li>\n<li>\u201cOh be Joyful\u201d (Oh, s\u00e9 alegre) de Susan Jacobson (Reino Unido \/ 2015 \/ 13 min)<\/li>\n<li>\u201cHome\u201d (Hogar) de More Raca (Kosovo \/ 2016 \/ 23 min)<\/li>\n<li>\u201cGabber Lover\u201d (Amante Gabber) de Anne Cazenave-Cambet (Francia \/ 2016 \/ 13 min)<\/li>\n<li>\u201cMamma vet B\u00e4st\u201d (Mam\u00e1 sabe m\u00e1s), de Mikael Bundsen (Suecia \/ 2016 \/ 13 min)<\/li>\n<\/ul>\n<\/li>\n<\/ul>\n<\/li>\n<\/ul>\n<p><strong>Jueves 23 de marzo<\/strong><\/p>\n<ul>\n<li><strong>Pamplona<\/strong>\n<ul>\n<li>Sesi\u00f3n de trabajo matinal con estudiantes del IES Iturrama. Pase de cortometrajes y posterior debate. Sal\u00f3n de actos de Civivox Iturrama<\/li>\n<li>Proyecci\u00f3n de cortometrajes (V.O. subtitulada al castellano) y posterior coloquio, para el p\u00fablico en general. Cines Golem Bayona, 20 horas. Entrada libre\n<ul>\n<li>\u201cGr\u00e1vido\u201d de Alejandro Duran (Espa\u00f1a \/ 2017 \/ 12 min)<\/li>\n<li>\u201cTake your partners\u201d (Elegid a vuestra pareja) de Siri R\u00f8dnes (Reino Unido \/ 2015 \/ 11 min)<\/li>\n<li>\u201cOh be Joyful\u201d (Oh, s\u00e9 alegre) de Susan Jacobson (Reino Unido \/ 2015 \/ 13 min)<\/li>\n<li>\u201cHome\u201d (Hogar) de More Raca (Kosovo \/ 2016 \/ 23 min)<\/li>\n<li>\u201cGabber Lover\u201d (Amante Gabber) de Anne Cazenave-Cambet (Francia \/ 2016 \/ 13 min)<\/li>\n<li>\u201cMamma vet B\u00e4st\u201d (Mam\u00e1 sabe m\u00e1s), de Mikael Bundsen (Suecia \/ 2016 \/ 13 min)<\/li>\n<\/ul>\n<\/li>\n<\/ul>\n<\/li>\n<\/ul>\n<p>&nbsp;<\/p>\n","protected":false},"excerpt":{"rendered":"<p>La muestra, por primera vez en Navarra, pretende visibilizar la realidad LGTB y acercar contenidos de dif\u00edcil acceso en salas comerciales<\/p>\n","protected":false},"author":1,"featured_media":12286,"comment_status":"closed","ping_status":"closed","sticky":false,"template":"","format":"standard","meta":{"footnotes":""},"categories":[2],"tags":[],"class_list":["post-12285","post","type-post","status-publish","format-standard","has-post-thumbnail","hentry","category-ayuntamiento-pamplona"],"yoast_head":"<!-- This site is optimized with the Yoast SEO plugin v27.3 - https:\/\/yoast.com\/product\/yoast-seo-wordpress\/ -->\n<title>El Festival Internacional de Cine y Artes Esc\u00e9nicas LGTB, Zinegoak, llega a Pamplona y Tudela del 21 al 23 de marzo con proyecciones y sesiones de trabajo con estudiantes<\/title>\n<meta name=\"robots\" content=\"index, follow, max-snippet:-1, max-image-preview:large, max-video-preview:-1\" \/>\n<link rel=\"canonical\" href=\"https:\/\/www.laguiadepamplona.com\/actualidad\/el-festival-internacional-de-cine-y-artes-escenicas-lgtb-zinegoak-llega-a-pamplona-y-tudela-del-21-al-23-de-marzo-con-proyecciones-y-sesiones-de-trabajo-con-estudiantes\/\" \/>\n<meta property=\"og:locale\" content=\"es_ES\" \/>\n<meta property=\"og:type\" content=\"article\" \/>\n<meta property=\"og:title\" content=\"El Festival Internacional de Cine y Artes Esc\u00e9nicas LGTB, Zinegoak, llega a Pamplona y Tudela del 21 al 23 de marzo con proyecciones y sesiones de trabajo con estudiantes\" \/>\n<meta property=\"og:description\" content=\"La muestra, por primera vez en Navarra, pretende visibilizar la realidad LGTB y acercar contenidos de dif\u00edcil acceso en salas comerciales\" \/>\n<meta property=\"og:url\" content=\"https:\/\/www.laguiadepamplona.com\/actualidad\/el-festival-internacional-de-cine-y-artes-escenicas-lgtb-zinegoak-llega-a-pamplona-y-tudela-del-21-al-23-de-marzo-con-proyecciones-y-sesiones-de-trabajo-con-estudiantes\/\" \/>\n<meta property=\"og:site_name\" content=\"La Gu\u00eda de Pamplona\" \/>\n<meta property=\"article:publisher\" content=\"https:\/\/www.facebook.com\/laguiadepamplonacom-133175176762273\/?ref=hl\" \/>\n<meta property=\"article:published_time\" content=\"2017-03-16T12:00:35+00:00\" \/>\n<meta property=\"og:image\" content=\"https:\/\/www.laguiadepamplona.com\/actualidad\/wp-content\/uploads\/2017\/03\/cartel_zinegoak.jpg\" \/>\n\t<meta property=\"og:image:width\" content=\"750\" \/>\n\t<meta property=\"og:image:height\" content=\"1000\" \/>\n\t<meta property=\"og:image:type\" content=\"image\/jpeg\" \/>\n<meta name=\"author\" content=\"La Gu\u00eda de Pamplona\" \/>\n<meta name=\"twitter:card\" content=\"summary_large_image\" \/>\n<meta name=\"twitter:creator\" content=\"@LaGuiadPamplona\" \/>\n<meta name=\"twitter:site\" content=\"@LaGuiadPamplona\" \/>\n<meta name=\"twitter:label1\" content=\"Escrito por\" \/>\n\t<meta name=\"twitter:data1\" content=\"La Gu\u00eda de Pamplona\" \/>\n\t<meta name=\"twitter:label2\" content=\"Tiempo de lectura\" \/>\n\t<meta name=\"twitter:data2\" content=\"5 minutos\" \/>\n<script type=\"application\/ld+json\" class=\"yoast-schema-graph\">{\"@context\":\"https:\\\/\\\/schema.org\",\"@graph\":[{\"@type\":\"Article\",\"@id\":\"https:\\\/\\\/www.laguiadepamplona.com\\\/actualidad\\\/el-festival-internacional-de-cine-y-artes-escenicas-lgtb-zinegoak-llega-a-pamplona-y-tudela-del-21-al-23-de-marzo-con-proyecciones-y-sesiones-de-trabajo-con-estudiantes\\\/#article\",\"isPartOf\":{\"@id\":\"https:\\\/\\\/www.laguiadepamplona.com\\\/actualidad\\\/el-festival-internacional-de-cine-y-artes-escenicas-lgtb-zinegoak-llega-a-pamplona-y-tudela-del-21-al-23-de-marzo-con-proyecciones-y-sesiones-de-trabajo-con-estudiantes\\\/\"},\"author\":{\"name\":\"La Gu\u00eda de Pamplona\",\"@id\":\"https:\\\/\\\/www.laguiadepamplona.com\\\/actualidad\\\/#\\\/schema\\\/person\\\/efe887376f0213d4657c93adc50b1fdb\"},\"headline\":\"El Festival Internacional de Cine y Artes Esc\u00e9nicas LGTB, Zinegoak, llega a Pamplona y Tudela del 21 al 23 de marzo con proyecciones y sesiones de trabajo con estudiantes\",\"datePublished\":\"2017-03-16T12:00:35+00:00\",\"mainEntityOfPage\":{\"@id\":\"https:\\\/\\\/www.laguiadepamplona.com\\\/actualidad\\\/el-festival-internacional-de-cine-y-artes-escenicas-lgtb-zinegoak-llega-a-pamplona-y-tudela-del-21-al-23-de-marzo-con-proyecciones-y-sesiones-de-trabajo-con-estudiantes\\\/\"},\"wordCount\":1089,\"publisher\":{\"@id\":\"https:\\\/\\\/www.laguiadepamplona.com\\\/actualidad\\\/#organization\"},\"image\":{\"@id\":\"https:\\\/\\\/www.laguiadepamplona.com\\\/actualidad\\\/el-festival-internacional-de-cine-y-artes-escenicas-lgtb-zinegoak-llega-a-pamplona-y-tudela-del-21-al-23-de-marzo-con-proyecciones-y-sesiones-de-trabajo-con-estudiantes\\\/#primaryimage\"},\"thumbnailUrl\":\"https:\\\/\\\/www.laguiadepamplona.com\\\/actualidad\\\/wp-content\\\/uploads\\\/2017\\\/03\\\/cartel_zinegoak.jpg\",\"articleSection\":[\"Ayto Pamplona\"],\"inLanguage\":\"es\"},{\"@type\":\"WebPage\",\"@id\":\"https:\\\/\\\/www.laguiadepamplona.com\\\/actualidad\\\/el-festival-internacional-de-cine-y-artes-escenicas-lgtb-zinegoak-llega-a-pamplona-y-tudela-del-21-al-23-de-marzo-con-proyecciones-y-sesiones-de-trabajo-con-estudiantes\\\/\",\"url\":\"https:\\\/\\\/www.laguiadepamplona.com\\\/actualidad\\\/el-festival-internacional-de-cine-y-artes-escenicas-lgtb-zinegoak-llega-a-pamplona-y-tudela-del-21-al-23-de-marzo-con-proyecciones-y-sesiones-de-trabajo-con-estudiantes\\\/\",\"name\":\"El Festival Internacional de Cine y Artes Esc\u00e9nicas LGTB, Zinegoak, llega a Pamplona y Tudela del 21 al 23 de marzo con proyecciones y sesiones de trabajo con estudiantes\",\"isPartOf\":{\"@id\":\"https:\\\/\\\/www.laguiadepamplona.com\\\/actualidad\\\/#website\"},\"primaryImageOfPage\":{\"@id\":\"https:\\\/\\\/www.laguiadepamplona.com\\\/actualidad\\\/el-festival-internacional-de-cine-y-artes-escenicas-lgtb-zinegoak-llega-a-pamplona-y-tudela-del-21-al-23-de-marzo-con-proyecciones-y-sesiones-de-trabajo-con-estudiantes\\\/#primaryimage\"},\"image\":{\"@id\":\"https:\\\/\\\/www.laguiadepamplona.com\\\/actualidad\\\/el-festival-internacional-de-cine-y-artes-escenicas-lgtb-zinegoak-llega-a-pamplona-y-tudela-del-21-al-23-de-marzo-con-proyecciones-y-sesiones-de-trabajo-con-estudiantes\\\/#primaryimage\"},\"thumbnailUrl\":\"https:\\\/\\\/www.laguiadepamplona.com\\\/actualidad\\\/wp-content\\\/uploads\\\/2017\\\/03\\\/cartel_zinegoak.jpg\",\"datePublished\":\"2017-03-16T12:00:35+00:00\",\"breadcrumb\":{\"@id\":\"https:\\\/\\\/www.laguiadepamplona.com\\\/actualidad\\\/el-festival-internacional-de-cine-y-artes-escenicas-lgtb-zinegoak-llega-a-pamplona-y-tudela-del-21-al-23-de-marzo-con-proyecciones-y-sesiones-de-trabajo-con-estudiantes\\\/#breadcrumb\"},\"inLanguage\":\"es\",\"potentialAction\":[{\"@type\":\"ReadAction\",\"target\":[\"https:\\\/\\\/www.laguiadepamplona.com\\\/actualidad\\\/el-festival-internacional-de-cine-y-artes-escenicas-lgtb-zinegoak-llega-a-pamplona-y-tudela-del-21-al-23-de-marzo-con-proyecciones-y-sesiones-de-trabajo-con-estudiantes\\\/\"]}]},{\"@type\":\"ImageObject\",\"inLanguage\":\"es\",\"@id\":\"https:\\\/\\\/www.laguiadepamplona.com\\\/actualidad\\\/el-festival-internacional-de-cine-y-artes-escenicas-lgtb-zinegoak-llega-a-pamplona-y-tudela-del-21-al-23-de-marzo-con-proyecciones-y-sesiones-de-trabajo-con-estudiantes\\\/#primaryimage\",\"url\":\"https:\\\/\\\/www.laguiadepamplona.com\\\/actualidad\\\/wp-content\\\/uploads\\\/2017\\\/03\\\/cartel_zinegoak.jpg\",\"contentUrl\":\"https:\\\/\\\/www.laguiadepamplona.com\\\/actualidad\\\/wp-content\\\/uploads\\\/2017\\\/03\\\/cartel_zinegoak.jpg\",\"width\":750,\"height\":1000},{\"@type\":\"BreadcrumbList\",\"@id\":\"https:\\\/\\\/www.laguiadepamplona.com\\\/actualidad\\\/el-festival-internacional-de-cine-y-artes-escenicas-lgtb-zinegoak-llega-a-pamplona-y-tudela-del-21-al-23-de-marzo-con-proyecciones-y-sesiones-de-trabajo-con-estudiantes\\\/#breadcrumb\",\"itemListElement\":[{\"@type\":\"ListItem\",\"position\":1,\"name\":\"Portada\",\"item\":\"https:\\\/\\\/www.laguiadepamplona.com\\\/actualidad\\\/\"},{\"@type\":\"ListItem\",\"position\":2,\"name\":\"El Festival Internacional de Cine y Artes Esc\u00e9nicas LGTB, Zinegoak, llega a Pamplona y Tudela del 21 al 23 de marzo con proyecciones y sesiones de trabajo con estudiantes\"}]},{\"@type\":\"WebSite\",\"@id\":\"https:\\\/\\\/www.laguiadepamplona.com\\\/actualidad\\\/#website\",\"url\":\"https:\\\/\\\/www.laguiadepamplona.com\\\/actualidad\\\/\",\"name\":\"La gu\u00eda de Pamplona\",\"description\":\"Noticias de Pamplona\",\"publisher\":{\"@id\":\"https:\\\/\\\/www.laguiadepamplona.com\\\/actualidad\\\/#organization\"},\"potentialAction\":[{\"@type\":\"SearchAction\",\"target\":{\"@type\":\"EntryPoint\",\"urlTemplate\":\"https:\\\/\\\/www.laguiadepamplona.com\\\/actualidad\\\/?s={search_term_string}\"},\"query-input\":{\"@type\":\"PropertyValueSpecification\",\"valueRequired\":true,\"valueName\":\"search_term_string\"}}],\"inLanguage\":\"es\"},{\"@type\":\"Organization\",\"@id\":\"https:\\\/\\\/www.laguiadepamplona.com\\\/actualidad\\\/#organization\",\"name\":\"La Gu\u00eda de Pamplona \\\/ Noticias\",\"url\":\"https:\\\/\\\/www.laguiadepamplona.com\\\/actualidad\\\/\",\"logo\":{\"@type\":\"ImageObject\",\"inLanguage\":\"es\",\"@id\":\"https:\\\/\\\/www.laguiadepamplona.com\\\/actualidad\\\/#\\\/schema\\\/logo\\\/image\\\/\",\"url\":\"https:\\\/\\\/www.laguiadepamplona.com\\\/actualidad\\\/wp-content\\\/uploads\\\/2018\\\/11\\\/logo-laguiadepamplona18-web1.png\",\"contentUrl\":\"https:\\\/\\\/www.laguiadepamplona.com\\\/actualidad\\\/wp-content\\\/uploads\\\/2018\\\/11\\\/logo-laguiadepamplona18-web1.png\",\"width\":600,\"height\":196,\"caption\":\"La Gu\u00eda de Pamplona \\\/ Noticias\"},\"image\":{\"@id\":\"https:\\\/\\\/www.laguiadepamplona.com\\\/actualidad\\\/#\\\/schema\\\/logo\\\/image\\\/\"},\"sameAs\":[\"https:\\\/\\\/www.facebook.com\\\/laguiadepamplonacom-133175176762273\\\/?ref=hl\",\"https:\\\/\\\/x.com\\\/LaGuiadPamplona\",\"https:\\\/\\\/www.instagram.com\\\/la_guia_de_pamplona\\\/\",\"https:\\\/\\\/www.youtube.com\\\/user\\\/laguiadepamplona\"]},{\"@type\":\"Person\",\"@id\":\"https:\\\/\\\/www.laguiadepamplona.com\\\/actualidad\\\/#\\\/schema\\\/person\\\/efe887376f0213d4657c93adc50b1fdb\",\"name\":\"La Gu\u00eda de Pamplona\",\"image\":{\"@type\":\"ImageObject\",\"inLanguage\":\"es\",\"@id\":\"https:\\\/\\\/secure.gravatar.com\\\/avatar\\\/b6992f131dc8d30ab0dff15446e9d346d9dbd95992de0fef795073f5ea83a81c?s=96&d=mm&r=g\",\"url\":\"https:\\\/\\\/secure.gravatar.com\\\/avatar\\\/b6992f131dc8d30ab0dff15446e9d346d9dbd95992de0fef795073f5ea83a81c?s=96&d=mm&r=g\",\"contentUrl\":\"https:\\\/\\\/secure.gravatar.com\\\/avatar\\\/b6992f131dc8d30ab0dff15446e9d346d9dbd95992de0fef795073f5ea83a81c?s=96&d=mm&r=g\",\"caption\":\"La Gu\u00eda de Pamplona\"}}]}<\/script>\n<!-- \/ Yoast SEO plugin. -->","yoast_head_json":{"title":"El Festival Internacional de Cine y Artes Esc\u00e9nicas LGTB, Zinegoak, llega a Pamplona y Tudela del 21 al 23 de marzo con proyecciones y sesiones de trabajo con estudiantes","robots":{"index":"index","follow":"follow","max-snippet":"max-snippet:-1","max-image-preview":"max-image-preview:large","max-video-preview":"max-video-preview:-1"},"canonical":"https:\/\/www.laguiadepamplona.com\/actualidad\/el-festival-internacional-de-cine-y-artes-escenicas-lgtb-zinegoak-llega-a-pamplona-y-tudela-del-21-al-23-de-marzo-con-proyecciones-y-sesiones-de-trabajo-con-estudiantes\/","og_locale":"es_ES","og_type":"article","og_title":"El Festival Internacional de Cine y Artes Esc\u00e9nicas LGTB, Zinegoak, llega a Pamplona y Tudela del 21 al 23 de marzo con proyecciones y sesiones de trabajo con estudiantes","og_description":"La muestra, por primera vez en Navarra, pretende visibilizar la realidad LGTB y acercar contenidos de dif\u00edcil acceso en salas comerciales","og_url":"https:\/\/www.laguiadepamplona.com\/actualidad\/el-festival-internacional-de-cine-y-artes-escenicas-lgtb-zinegoak-llega-a-pamplona-y-tudela-del-21-al-23-de-marzo-con-proyecciones-y-sesiones-de-trabajo-con-estudiantes\/","og_site_name":"La Gu\u00eda de Pamplona","article_publisher":"https:\/\/www.facebook.com\/laguiadepamplonacom-133175176762273\/?ref=hl","article_published_time":"2017-03-16T12:00:35+00:00","og_image":[{"width":750,"height":1000,"url":"https:\/\/www.laguiadepamplona.com\/actualidad\/wp-content\/uploads\/2017\/03\/cartel_zinegoak.jpg","type":"image\/jpeg"}],"author":"La Gu\u00eda de Pamplona","twitter_card":"summary_large_image","twitter_creator":"@LaGuiadPamplona","twitter_site":"@LaGuiadPamplona","twitter_misc":{"Escrito por":"La Gu\u00eda de Pamplona","Tiempo de lectura":"5 minutos"},"schema":{"@context":"https:\/\/schema.org","@graph":[{"@type":"Article","@id":"https:\/\/www.laguiadepamplona.com\/actualidad\/el-festival-internacional-de-cine-y-artes-escenicas-lgtb-zinegoak-llega-a-pamplona-y-tudela-del-21-al-23-de-marzo-con-proyecciones-y-sesiones-de-trabajo-con-estudiantes\/#article","isPartOf":{"@id":"https:\/\/www.laguiadepamplona.com\/actualidad\/el-festival-internacional-de-cine-y-artes-escenicas-lgtb-zinegoak-llega-a-pamplona-y-tudela-del-21-al-23-de-marzo-con-proyecciones-y-sesiones-de-trabajo-con-estudiantes\/"},"author":{"name":"La Gu\u00eda de Pamplona","@id":"https:\/\/www.laguiadepamplona.com\/actualidad\/#\/schema\/person\/efe887376f0213d4657c93adc50b1fdb"},"headline":"El Festival Internacional de Cine y Artes Esc\u00e9nicas LGTB, Zinegoak, llega a Pamplona y Tudela del 21 al 23 de marzo con proyecciones y sesiones de trabajo con estudiantes","datePublished":"2017-03-16T12:00:35+00:00","mainEntityOfPage":{"@id":"https:\/\/www.laguiadepamplona.com\/actualidad\/el-festival-internacional-de-cine-y-artes-escenicas-lgtb-zinegoak-llega-a-pamplona-y-tudela-del-21-al-23-de-marzo-con-proyecciones-y-sesiones-de-trabajo-con-estudiantes\/"},"wordCount":1089,"publisher":{"@id":"https:\/\/www.laguiadepamplona.com\/actualidad\/#organization"},"image":{"@id":"https:\/\/www.laguiadepamplona.com\/actualidad\/el-festival-internacional-de-cine-y-artes-escenicas-lgtb-zinegoak-llega-a-pamplona-y-tudela-del-21-al-23-de-marzo-con-proyecciones-y-sesiones-de-trabajo-con-estudiantes\/#primaryimage"},"thumbnailUrl":"https:\/\/www.laguiadepamplona.com\/actualidad\/wp-content\/uploads\/2017\/03\/cartel_zinegoak.jpg","articleSection":["Ayto Pamplona"],"inLanguage":"es"},{"@type":"WebPage","@id":"https:\/\/www.laguiadepamplona.com\/actualidad\/el-festival-internacional-de-cine-y-artes-escenicas-lgtb-zinegoak-llega-a-pamplona-y-tudela-del-21-al-23-de-marzo-con-proyecciones-y-sesiones-de-trabajo-con-estudiantes\/","url":"https:\/\/www.laguiadepamplona.com\/actualidad\/el-festival-internacional-de-cine-y-artes-escenicas-lgtb-zinegoak-llega-a-pamplona-y-tudela-del-21-al-23-de-marzo-con-proyecciones-y-sesiones-de-trabajo-con-estudiantes\/","name":"El Festival Internacional de Cine y Artes Esc\u00e9nicas LGTB, Zinegoak, llega a Pamplona y Tudela del 21 al 23 de marzo con proyecciones y sesiones de trabajo con estudiantes","isPartOf":{"@id":"https:\/\/www.laguiadepamplona.com\/actualidad\/#website"},"primaryImageOfPage":{"@id":"https:\/\/www.laguiadepamplona.com\/actualidad\/el-festival-internacional-de-cine-y-artes-escenicas-lgtb-zinegoak-llega-a-pamplona-y-tudela-del-21-al-23-de-marzo-con-proyecciones-y-sesiones-de-trabajo-con-estudiantes\/#primaryimage"},"image":{"@id":"https:\/\/www.laguiadepamplona.com\/actualidad\/el-festival-internacional-de-cine-y-artes-escenicas-lgtb-zinegoak-llega-a-pamplona-y-tudela-del-21-al-23-de-marzo-con-proyecciones-y-sesiones-de-trabajo-con-estudiantes\/#primaryimage"},"thumbnailUrl":"https:\/\/www.laguiadepamplona.com\/actualidad\/wp-content\/uploads\/2017\/03\/cartel_zinegoak.jpg","datePublished":"2017-03-16T12:00:35+00:00","breadcrumb":{"@id":"https:\/\/www.laguiadepamplona.com\/actualidad\/el-festival-internacional-de-cine-y-artes-escenicas-lgtb-zinegoak-llega-a-pamplona-y-tudela-del-21-al-23-de-marzo-con-proyecciones-y-sesiones-de-trabajo-con-estudiantes\/#breadcrumb"},"inLanguage":"es","potentialAction":[{"@type":"ReadAction","target":["https:\/\/www.laguiadepamplona.com\/actualidad\/el-festival-internacional-de-cine-y-artes-escenicas-lgtb-zinegoak-llega-a-pamplona-y-tudela-del-21-al-23-de-marzo-con-proyecciones-y-sesiones-de-trabajo-con-estudiantes\/"]}]},{"@type":"ImageObject","inLanguage":"es","@id":"https:\/\/www.laguiadepamplona.com\/actualidad\/el-festival-internacional-de-cine-y-artes-escenicas-lgtb-zinegoak-llega-a-pamplona-y-tudela-del-21-al-23-de-marzo-con-proyecciones-y-sesiones-de-trabajo-con-estudiantes\/#primaryimage","url":"https:\/\/www.laguiadepamplona.com\/actualidad\/wp-content\/uploads\/2017\/03\/cartel_zinegoak.jpg","contentUrl":"https:\/\/www.laguiadepamplona.com\/actualidad\/wp-content\/uploads\/2017\/03\/cartel_zinegoak.jpg","width":750,"height":1000},{"@type":"BreadcrumbList","@id":"https:\/\/www.laguiadepamplona.com\/actualidad\/el-festival-internacional-de-cine-y-artes-escenicas-lgtb-zinegoak-llega-a-pamplona-y-tudela-del-21-al-23-de-marzo-con-proyecciones-y-sesiones-de-trabajo-con-estudiantes\/#breadcrumb","itemListElement":[{"@type":"ListItem","position":1,"name":"Portada","item":"https:\/\/www.laguiadepamplona.com\/actualidad\/"},{"@type":"ListItem","position":2,"name":"El Festival Internacional de Cine y Artes Esc\u00e9nicas LGTB, Zinegoak, llega a Pamplona y Tudela del 21 al 23 de marzo con proyecciones y sesiones de trabajo con estudiantes"}]},{"@type":"WebSite","@id":"https:\/\/www.laguiadepamplona.com\/actualidad\/#website","url":"https:\/\/www.laguiadepamplona.com\/actualidad\/","name":"La gu\u00eda de Pamplona","description":"Noticias de Pamplona","publisher":{"@id":"https:\/\/www.laguiadepamplona.com\/actualidad\/#organization"},"potentialAction":[{"@type":"SearchAction","target":{"@type":"EntryPoint","urlTemplate":"https:\/\/www.laguiadepamplona.com\/actualidad\/?s={search_term_string}"},"query-input":{"@type":"PropertyValueSpecification","valueRequired":true,"valueName":"search_term_string"}}],"inLanguage":"es"},{"@type":"Organization","@id":"https:\/\/www.laguiadepamplona.com\/actualidad\/#organization","name":"La Gu\u00eda de Pamplona \/ Noticias","url":"https:\/\/www.laguiadepamplona.com\/actualidad\/","logo":{"@type":"ImageObject","inLanguage":"es","@id":"https:\/\/www.laguiadepamplona.com\/actualidad\/#\/schema\/logo\/image\/","url":"https:\/\/www.laguiadepamplona.com\/actualidad\/wp-content\/uploads\/2018\/11\/logo-laguiadepamplona18-web1.png","contentUrl":"https:\/\/www.laguiadepamplona.com\/actualidad\/wp-content\/uploads\/2018\/11\/logo-laguiadepamplona18-web1.png","width":600,"height":196,"caption":"La Gu\u00eda de Pamplona \/ Noticias"},"image":{"@id":"https:\/\/www.laguiadepamplona.com\/actualidad\/#\/schema\/logo\/image\/"},"sameAs":["https:\/\/www.facebook.com\/laguiadepamplonacom-133175176762273\/?ref=hl","https:\/\/x.com\/LaGuiadPamplona","https:\/\/www.instagram.com\/la_guia_de_pamplona\/","https:\/\/www.youtube.com\/user\/laguiadepamplona"]},{"@type":"Person","@id":"https:\/\/www.laguiadepamplona.com\/actualidad\/#\/schema\/person\/efe887376f0213d4657c93adc50b1fdb","name":"La Gu\u00eda de Pamplona","image":{"@type":"ImageObject","inLanguage":"es","@id":"https:\/\/secure.gravatar.com\/avatar\/b6992f131dc8d30ab0dff15446e9d346d9dbd95992de0fef795073f5ea83a81c?s=96&d=mm&r=g","url":"https:\/\/secure.gravatar.com\/avatar\/b6992f131dc8d30ab0dff15446e9d346d9dbd95992de0fef795073f5ea83a81c?s=96&d=mm&r=g","contentUrl":"https:\/\/secure.gravatar.com\/avatar\/b6992f131dc8d30ab0dff15446e9d346d9dbd95992de0fef795073f5ea83a81c?s=96&d=mm&r=g","caption":"La Gu\u00eda de Pamplona"}}]}},"post_mailing_queue_ids":[],"_links":{"self":[{"href":"https:\/\/www.laguiadepamplona.com\/actualidad\/wp-json\/wp\/v2\/posts\/12285","targetHints":{"allow":["GET"]}}],"collection":[{"href":"https:\/\/www.laguiadepamplona.com\/actualidad\/wp-json\/wp\/v2\/posts"}],"about":[{"href":"https:\/\/www.laguiadepamplona.com\/actualidad\/wp-json\/wp\/v2\/types\/post"}],"author":[{"embeddable":true,"href":"https:\/\/www.laguiadepamplona.com\/actualidad\/wp-json\/wp\/v2\/users\/1"}],"replies":[{"embeddable":true,"href":"https:\/\/www.laguiadepamplona.com\/actualidad\/wp-json\/wp\/v2\/comments?post=12285"}],"version-history":[{"count":0,"href":"https:\/\/www.laguiadepamplona.com\/actualidad\/wp-json\/wp\/v2\/posts\/12285\/revisions"}],"wp:featuredmedia":[{"embeddable":true,"href":"https:\/\/www.laguiadepamplona.com\/actualidad\/wp-json\/wp\/v2\/media\/12286"}],"wp:attachment":[{"href":"https:\/\/www.laguiadepamplona.com\/actualidad\/wp-json\/wp\/v2\/media?parent=12285"}],"wp:term":[{"taxonomy":"category","embeddable":true,"href":"https:\/\/www.laguiadepamplona.com\/actualidad\/wp-json\/wp\/v2\/categories?post=12285"},{"taxonomy":"post_tag","embeddable":true,"href":"https:\/\/www.laguiadepamplona.com\/actualidad\/wp-json\/wp\/v2\/tags?post=12285"}],"curies":[{"name":"wp","href":"https:\/\/api.w.org\/{rel}","templated":true}]}}