{"id":12279,"date":"2017-03-15T18:30:46","date_gmt":"2017-03-15T17:30:46","guid":{"rendered":"http:\/\/laguiadepamplona.es\/actualidad\/?p=12279"},"modified":"2017-03-15T18:42:32","modified_gmt":"2017-03-15T17:42:32","slug":"el-foro-de-trabajo-de-la-diversidad-cultural-se-reune-esta-tarde-para-continuar-elaborando-lineas-de-trabajo-relacionadas-con-la-diversidad-de-culturas-y-la-convivencia","status":"publish","type":"post","link":"https:\/\/www.laguiadepamplona.com\/actualidad\/el-foro-de-trabajo-de-la-diversidad-cultural-se-reune-esta-tarde-para-continuar-elaborando-lineas-de-trabajo-relacionadas-con-la-diversidad-de-culturas-y-la-convivencia\/","title":{"rendered":"El Foro de Trabajo de la Diversidad Cultural se re\u00fane esta tarde para continuar elaborando l\u00edneas de trabajo relacionadas con la diversidad de culturas y la convivencia"},"content":{"rendered":"<h3>El objetivo de esta mesa es trabajar por el ejercicio efectivo de los derechos y por la igualdad de oportunidades de toda la ciudadan\u00eda<\/h3>\n<p><!--more--><\/p>\n<p>La Foro de Trabajo de la Diversidad Cultural se re\u00fane esta tarde por segunda vez para continuar elaborando l\u00edneas de trabajo relacionadas con la diversidad de culturas y la convivencia. Esta mesa tiene por objetivo trabajar por los derechos y la igualdad de oportunidades de todas las personas de la ciudad, independientemente de su origen. La reuni\u00f3n estar\u00e1 presidida por el concejal delegado de Participaci\u00f3n Ciudadana, Igualdad y Empoderamiento Social, Alberto Labarga, y contar\u00e1 con representantes y t\u00e9cnicos municipales tambi\u00e9n de Acci\u00f3n Social y Desarrollo Comunitario, el otro \u00e1rea municipal implicada en esta iniciativa, y de miembros de asociaciones que trabajan en este \u00e1mbito. La sesi\u00f3n comenzar\u00e1 a las 17.30 horas en la sala de conferencias de la segunda planta del Condestable y los medios gr\u00e1ficos podr\u00e1n tomar im\u00e1genes durante los primeros minutos de la reuni\u00f3n.<\/p>\n<p>En la primera reuni\u00f3n se acord\u00f3 trabajar sobre tres l\u00edneas estrat\u00e9gicas que son la plena ciudadan\u00eda, las redes y campa\u00f1as antirracismo o antirrumores y la diversidad cultural. En el apartado de plena ciudadan\u00eda se trabaja el reconocimiento como ciudadan\u00eda de todas las personas, independientemente de su origen o situaci\u00f3n administrativa y el contribuir a la construcci\u00f3n de una ciudad m\u00e1s justa para todo el mundo. Se parte del punto de que las ciudades se est\u00e1n convirtiendo en referentes a la hora de defender los derechos humanos a nivel global, pero son y deben ser, sobre todo, un espacio de respeto a los derechos de la ciudadan\u00eda. As\u00ed, se entiende la plena ciudadan\u00eda como ejercicio de los derechos pol\u00edticos, sociales, civiles, econ\u00f3micos y culturales. En diversidad cultural se apuesta por un modelo de convivencia intercultural basado en la interacci\u00f3n y el reconocimiento mutuo y las campa\u00f1as antirrumores y antirracismo.<\/p>\n<p>Otro aspecto que tambi\u00e9n va a trabajar la mesa es el fomento y apoyo al asociacionismo con el fortalecimiento del tejido asociativo, facilitando informaci\u00f3n, formaci\u00f3n y dando visibilidad a la labor que realizan. Impulsado esta mesa, el Consistorio quiere que Pamplona sea una ciudad, un espacio colectivo, que pertenezca a todos sus habitantes, que tengan derecho a encontrar las condiciones para su realizaci\u00f3n pol\u00edtica, social y econ\u00f3mica, asumiendo deberes de solidaridad.<\/p>\n<p><strong>Retos que pasan por la inmigraci\u00f3n, la acogida o los derechos de la ciudadan\u00eda<\/strong><\/p>\n<p>Los principales retos que existen en estas materias pasan por cuestiones como la inmigraci\u00f3n, la acogida o los derechos de la ciudadan\u00eda. De acuerdo a los principios que rigen este foro. El Ayuntamiento de Pamplona debe garantizar y promover la igualdad de oportunidades, m\u00e1s all\u00e1 de garantizar el acceso a los recursos y servicios p\u00fablicos, para convertir la ciudad en un espacio de respeto a los derechos de la ciudadan\u00eda. Los poderes p\u00fablicos tienen la obligaci\u00f3n de promover activamente la participaci\u00f3n de la ciudadan\u00eda de origen extranjero en los diferentes \u00e1mbitos de la vida p\u00fablica; en definitiva, deben promover activamente el desarrollo pleno de todas las que personas que han escogido vivir en Pamplona.<\/p>\n<p>Asimismo, se va a trabajar en pro de una ciudad en la que no haya cabida para la discriminaci\u00f3n, el racismo y la xenofobia. La administraci\u00f3n tiene el deber de luchar contra la vulneraci\u00f3n de los derechos y resarcir a las personas afectadas de sus consecuencias, as\u00ed como prevenir para que esa vulneraci\u00f3n no suceda. Esto debe ir acompa\u00f1ado de unas pol\u00edticas que favorezcan una visi\u00f3n positiva de la diversidad y que luchen contra la homogeneizaci\u00f3n y la generaci\u00f3n de estereotipos y rumores.<\/p>\n<p>La diversidad cultural es patrimonio com\u00fan de los habitantes de Pamplona. La pluralidad y multiplicidad de identidades y de maneras de ver el mundo es una riqueza que se debe valorar y a la que todo el mundo tiene que poder acceder. El Ayuntamiento debe asegurar la preservaci\u00f3n y promoci\u00f3n de esta diversidad y fomentar la colaboraci\u00f3n entre el sector p\u00fablico y la sociedad civil, de cara a un modelo de convivencia intercultural basado en la interacci\u00f3n y el reconocimiento mutuo.<\/p>\n<p>Para esta segunda reuni\u00f3n, se ha invitado a m\u00e1s de 70 asociaciones y entidades entre las que figuran, Flor de \u00c1frica, NABDA, Gaz Kalo, Centro Argentino Navarro, As\u00ed es Bolivia, ORFEY BG, Asociaci\u00f3n de Cameruneses de Navarra y amigos, ASOCOLON, APROE, Virgen del Cisne, Estado Edo, Contigo Per\u00fa, Per\u00fa Arte, Asin, Africa United, Alter Nativas, ASVENA, Vostok, FAIN, APROE, ASOVENEP, SEI, SOS Racismo, EH 11 Kolore, Plataforma Ciudadana Papeles y Derechos Denontzat.<\/p>\n<p>&nbsp;<\/p>\n","protected":false},"excerpt":{"rendered":"<p>El objetivo de esta mesa es trabajar por el ejercicio efectivo de los derechos y por la igualdad de oportunidades de toda la ciudadan\u00eda<\/p>\n","protected":false},"author":1,"featured_media":12281,"comment_status":"closed","ping_status":"closed","sticky":false,"template":"","format":"standard","meta":{"footnotes":""},"categories":[2],"tags":[],"class_list":["post-12279","post","type-post","status-publish","format-standard","has-post-thumbnail","hentry","category-ayuntamiento-pamplona"],"yoast_head":"<!-- This site is optimized with the Yoast SEO plugin v27.3 - https:\/\/yoast.com\/product\/yoast-seo-wordpress\/ -->\n<title>El Foro de Trabajo de la Diversidad Cultural se re\u00fane esta tarde para continuar elaborando l\u00edneas de trabajo relacionadas con la diversidad de culturas y la convivencia<\/title>\n<meta name=\"robots\" content=\"index, follow, max-snippet:-1, max-image-preview:large, max-video-preview:-1\" \/>\n<link rel=\"canonical\" href=\"https:\/\/www.laguiadepamplona.com\/actualidad\/el-foro-de-trabajo-de-la-diversidad-cultural-se-reune-esta-tarde-para-continuar-elaborando-lineas-de-trabajo-relacionadas-con-la-diversidad-de-culturas-y-la-convivencia\/\" \/>\n<meta property=\"og:locale\" content=\"es_ES\" \/>\n<meta property=\"og:type\" content=\"article\" \/>\n<meta property=\"og:title\" content=\"El Foro de Trabajo de la Diversidad Cultural se re\u00fane esta tarde para continuar elaborando l\u00edneas de trabajo relacionadas con la diversidad de culturas y la convivencia\" \/>\n<meta property=\"og:description\" content=\"El objetivo de esta mesa es trabajar por el ejercicio efectivo de los derechos y por la igualdad de oportunidades de toda la ciudadan\u00eda\" \/>\n<meta property=\"og:url\" content=\"https:\/\/www.laguiadepamplona.com\/actualidad\/el-foro-de-trabajo-de-la-diversidad-cultural-se-reune-esta-tarde-para-continuar-elaborando-lineas-de-trabajo-relacionadas-con-la-diversidad-de-culturas-y-la-convivencia\/\" \/>\n<meta property=\"og:site_name\" content=\"La Gu\u00eda de Pamplona\" \/>\n<meta property=\"article:publisher\" content=\"https:\/\/www.facebook.com\/laguiadepamplonacom-133175176762273\/?ref=hl\" \/>\n<meta property=\"article:published_time\" content=\"2017-03-15T17:30:46+00:00\" \/>\n<meta property=\"article:modified_time\" content=\"2017-03-15T17:42:32+00:00\" \/>\n<meta property=\"og:image\" content=\"https:\/\/www.laguiadepamplona.com\/actualidad\/wp-content\/uploads\/2017\/03\/Mesa-Diversidad_1.jpg\" \/>\n\t<meta property=\"og:image:width\" content=\"1000\" \/>\n\t<meta property=\"og:image:height\" content=\"666\" \/>\n\t<meta property=\"og:image:type\" content=\"image\/jpeg\" \/>\n<meta name=\"author\" content=\"La Gu\u00eda de Pamplona\" \/>\n<meta name=\"twitter:card\" content=\"summary_large_image\" \/>\n<meta name=\"twitter:creator\" content=\"@LaGuiadPamplona\" \/>\n<meta name=\"twitter:site\" content=\"@LaGuiadPamplona\" \/>\n<meta name=\"twitter:label1\" content=\"Escrito por\" \/>\n\t<meta name=\"twitter:data1\" content=\"La Gu\u00eda de Pamplona\" \/>\n\t<meta name=\"twitter:label2\" content=\"Tiempo de lectura\" \/>\n\t<meta name=\"twitter:data2\" content=\"4 minutos\" \/>\n<script type=\"application\/ld+json\" class=\"yoast-schema-graph\">{\"@context\":\"https:\\\/\\\/schema.org\",\"@graph\":[{\"@type\":\"Article\",\"@id\":\"https:\\\/\\\/www.laguiadepamplona.com\\\/actualidad\\\/el-foro-de-trabajo-de-la-diversidad-cultural-se-reune-esta-tarde-para-continuar-elaborando-lineas-de-trabajo-relacionadas-con-la-diversidad-de-culturas-y-la-convivencia\\\/#article\",\"isPartOf\":{\"@id\":\"https:\\\/\\\/www.laguiadepamplona.com\\\/actualidad\\\/el-foro-de-trabajo-de-la-diversidad-cultural-se-reune-esta-tarde-para-continuar-elaborando-lineas-de-trabajo-relacionadas-con-la-diversidad-de-culturas-y-la-convivencia\\\/\"},\"author\":{\"name\":\"La Gu\u00eda de Pamplona\",\"@id\":\"https:\\\/\\\/www.laguiadepamplona.com\\\/actualidad\\\/#\\\/schema\\\/person\\\/efe887376f0213d4657c93adc50b1fdb\"},\"headline\":\"El Foro de Trabajo de la Diversidad Cultural se re\u00fane esta tarde para continuar elaborando l\u00edneas de trabajo relacionadas con la diversidad de culturas y la convivencia\",\"datePublished\":\"2017-03-15T17:30:46+00:00\",\"dateModified\":\"2017-03-15T17:42:32+00:00\",\"mainEntityOfPage\":{\"@id\":\"https:\\\/\\\/www.laguiadepamplona.com\\\/actualidad\\\/el-foro-de-trabajo-de-la-diversidad-cultural-se-reune-esta-tarde-para-continuar-elaborando-lineas-de-trabajo-relacionadas-con-la-diversidad-de-culturas-y-la-convivencia\\\/\"},\"wordCount\":836,\"publisher\":{\"@id\":\"https:\\\/\\\/www.laguiadepamplona.com\\\/actualidad\\\/#organization\"},\"image\":{\"@id\":\"https:\\\/\\\/www.laguiadepamplona.com\\\/actualidad\\\/el-foro-de-trabajo-de-la-diversidad-cultural-se-reune-esta-tarde-para-continuar-elaborando-lineas-de-trabajo-relacionadas-con-la-diversidad-de-culturas-y-la-convivencia\\\/#primaryimage\"},\"thumbnailUrl\":\"https:\\\/\\\/www.laguiadepamplona.com\\\/actualidad\\\/wp-content\\\/uploads\\\/2017\\\/03\\\/Mesa-Diversidad_1.jpg\",\"articleSection\":[\"Ayto Pamplona\"],\"inLanguage\":\"es\"},{\"@type\":\"WebPage\",\"@id\":\"https:\\\/\\\/www.laguiadepamplona.com\\\/actualidad\\\/el-foro-de-trabajo-de-la-diversidad-cultural-se-reune-esta-tarde-para-continuar-elaborando-lineas-de-trabajo-relacionadas-con-la-diversidad-de-culturas-y-la-convivencia\\\/\",\"url\":\"https:\\\/\\\/www.laguiadepamplona.com\\\/actualidad\\\/el-foro-de-trabajo-de-la-diversidad-cultural-se-reune-esta-tarde-para-continuar-elaborando-lineas-de-trabajo-relacionadas-con-la-diversidad-de-culturas-y-la-convivencia\\\/\",\"name\":\"El Foro de Trabajo de la Diversidad Cultural se re\u00fane esta tarde para continuar elaborando l\u00edneas de trabajo relacionadas con la diversidad de culturas y la convivencia\",\"isPartOf\":{\"@id\":\"https:\\\/\\\/www.laguiadepamplona.com\\\/actualidad\\\/#website\"},\"primaryImageOfPage\":{\"@id\":\"https:\\\/\\\/www.laguiadepamplona.com\\\/actualidad\\\/el-foro-de-trabajo-de-la-diversidad-cultural-se-reune-esta-tarde-para-continuar-elaborando-lineas-de-trabajo-relacionadas-con-la-diversidad-de-culturas-y-la-convivencia\\\/#primaryimage\"},\"image\":{\"@id\":\"https:\\\/\\\/www.laguiadepamplona.com\\\/actualidad\\\/el-foro-de-trabajo-de-la-diversidad-cultural-se-reune-esta-tarde-para-continuar-elaborando-lineas-de-trabajo-relacionadas-con-la-diversidad-de-culturas-y-la-convivencia\\\/#primaryimage\"},\"thumbnailUrl\":\"https:\\\/\\\/www.laguiadepamplona.com\\\/actualidad\\\/wp-content\\\/uploads\\\/2017\\\/03\\\/Mesa-Diversidad_1.jpg\",\"datePublished\":\"2017-03-15T17:30:46+00:00\",\"dateModified\":\"2017-03-15T17:42:32+00:00\",\"breadcrumb\":{\"@id\":\"https:\\\/\\\/www.laguiadepamplona.com\\\/actualidad\\\/el-foro-de-trabajo-de-la-diversidad-cultural-se-reune-esta-tarde-para-continuar-elaborando-lineas-de-trabajo-relacionadas-con-la-diversidad-de-culturas-y-la-convivencia\\\/#breadcrumb\"},\"inLanguage\":\"es\",\"potentialAction\":[{\"@type\":\"ReadAction\",\"target\":[\"https:\\\/\\\/www.laguiadepamplona.com\\\/actualidad\\\/el-foro-de-trabajo-de-la-diversidad-cultural-se-reune-esta-tarde-para-continuar-elaborando-lineas-de-trabajo-relacionadas-con-la-diversidad-de-culturas-y-la-convivencia\\\/\"]}]},{\"@type\":\"ImageObject\",\"inLanguage\":\"es\",\"@id\":\"https:\\\/\\\/www.laguiadepamplona.com\\\/actualidad\\\/el-foro-de-trabajo-de-la-diversidad-cultural-se-reune-esta-tarde-para-continuar-elaborando-lineas-de-trabajo-relacionadas-con-la-diversidad-de-culturas-y-la-convivencia\\\/#primaryimage\",\"url\":\"https:\\\/\\\/www.laguiadepamplona.com\\\/actualidad\\\/wp-content\\\/uploads\\\/2017\\\/03\\\/Mesa-Diversidad_1.jpg\",\"contentUrl\":\"https:\\\/\\\/www.laguiadepamplona.com\\\/actualidad\\\/wp-content\\\/uploads\\\/2017\\\/03\\\/Mesa-Diversidad_1.jpg\",\"width\":1000,\"height\":666},{\"@type\":\"BreadcrumbList\",\"@id\":\"https:\\\/\\\/www.laguiadepamplona.com\\\/actualidad\\\/el-foro-de-trabajo-de-la-diversidad-cultural-se-reune-esta-tarde-para-continuar-elaborando-lineas-de-trabajo-relacionadas-con-la-diversidad-de-culturas-y-la-convivencia\\\/#breadcrumb\",\"itemListElement\":[{\"@type\":\"ListItem\",\"position\":1,\"name\":\"Portada\",\"item\":\"https:\\\/\\\/www.laguiadepamplona.com\\\/actualidad\\\/\"},{\"@type\":\"ListItem\",\"position\":2,\"name\":\"El Foro de Trabajo de la Diversidad Cultural se re\u00fane esta tarde para continuar elaborando l\u00edneas de trabajo relacionadas con la diversidad de culturas y la convivencia\"}]},{\"@type\":\"WebSite\",\"@id\":\"https:\\\/\\\/www.laguiadepamplona.com\\\/actualidad\\\/#website\",\"url\":\"https:\\\/\\\/www.laguiadepamplona.com\\\/actualidad\\\/\",\"name\":\"La gu\u00eda de Pamplona\",\"description\":\"Noticias de Pamplona\",\"publisher\":{\"@id\":\"https:\\\/\\\/www.laguiadepamplona.com\\\/actualidad\\\/#organization\"},\"potentialAction\":[{\"@type\":\"SearchAction\",\"target\":{\"@type\":\"EntryPoint\",\"urlTemplate\":\"https:\\\/\\\/www.laguiadepamplona.com\\\/actualidad\\\/?s={search_term_string}\"},\"query-input\":{\"@type\":\"PropertyValueSpecification\",\"valueRequired\":true,\"valueName\":\"search_term_string\"}}],\"inLanguage\":\"es\"},{\"@type\":\"Organization\",\"@id\":\"https:\\\/\\\/www.laguiadepamplona.com\\\/actualidad\\\/#organization\",\"name\":\"La Gu\u00eda de Pamplona \\\/ Noticias\",\"url\":\"https:\\\/\\\/www.laguiadepamplona.com\\\/actualidad\\\/\",\"logo\":{\"@type\":\"ImageObject\",\"inLanguage\":\"es\",\"@id\":\"https:\\\/\\\/www.laguiadepamplona.com\\\/actualidad\\\/#\\\/schema\\\/logo\\\/image\\\/\",\"url\":\"https:\\\/\\\/www.laguiadepamplona.com\\\/actualidad\\\/wp-content\\\/uploads\\\/2018\\\/11\\\/logo-laguiadepamplona18-web1.png\",\"contentUrl\":\"https:\\\/\\\/www.laguiadepamplona.com\\\/actualidad\\\/wp-content\\\/uploads\\\/2018\\\/11\\\/logo-laguiadepamplona18-web1.png\",\"width\":600,\"height\":196,\"caption\":\"La Gu\u00eda de Pamplona \\\/ Noticias\"},\"image\":{\"@id\":\"https:\\\/\\\/www.laguiadepamplona.com\\\/actualidad\\\/#\\\/schema\\\/logo\\\/image\\\/\"},\"sameAs\":[\"https:\\\/\\\/www.facebook.com\\\/laguiadepamplonacom-133175176762273\\\/?ref=hl\",\"https:\\\/\\\/x.com\\\/LaGuiadPamplona\",\"https:\\\/\\\/www.instagram.com\\\/la_guia_de_pamplona\\\/\",\"https:\\\/\\\/www.youtube.com\\\/user\\\/laguiadepamplona\"]},{\"@type\":\"Person\",\"@id\":\"https:\\\/\\\/www.laguiadepamplona.com\\\/actualidad\\\/#\\\/schema\\\/person\\\/efe887376f0213d4657c93adc50b1fdb\",\"name\":\"La Gu\u00eda de Pamplona\",\"image\":{\"@type\":\"ImageObject\",\"inLanguage\":\"es\",\"@id\":\"https:\\\/\\\/secure.gravatar.com\\\/avatar\\\/b6992f131dc8d30ab0dff15446e9d346d9dbd95992de0fef795073f5ea83a81c?s=96&d=mm&r=g\",\"url\":\"https:\\\/\\\/secure.gravatar.com\\\/avatar\\\/b6992f131dc8d30ab0dff15446e9d346d9dbd95992de0fef795073f5ea83a81c?s=96&d=mm&r=g\",\"contentUrl\":\"https:\\\/\\\/secure.gravatar.com\\\/avatar\\\/b6992f131dc8d30ab0dff15446e9d346d9dbd95992de0fef795073f5ea83a81c?s=96&d=mm&r=g\",\"caption\":\"La Gu\u00eda de Pamplona\"}}]}<\/script>\n<!-- \/ Yoast SEO plugin. -->","yoast_head_json":{"title":"El Foro de Trabajo de la Diversidad Cultural se re\u00fane esta tarde para continuar elaborando l\u00edneas de trabajo relacionadas con la diversidad de culturas y la convivencia","robots":{"index":"index","follow":"follow","max-snippet":"max-snippet:-1","max-image-preview":"max-image-preview:large","max-video-preview":"max-video-preview:-1"},"canonical":"https:\/\/www.laguiadepamplona.com\/actualidad\/el-foro-de-trabajo-de-la-diversidad-cultural-se-reune-esta-tarde-para-continuar-elaborando-lineas-de-trabajo-relacionadas-con-la-diversidad-de-culturas-y-la-convivencia\/","og_locale":"es_ES","og_type":"article","og_title":"El Foro de Trabajo de la Diversidad Cultural se re\u00fane esta tarde para continuar elaborando l\u00edneas de trabajo relacionadas con la diversidad de culturas y la convivencia","og_description":"El objetivo de esta mesa es trabajar por el ejercicio efectivo de los derechos y por la igualdad de oportunidades de toda la ciudadan\u00eda","og_url":"https:\/\/www.laguiadepamplona.com\/actualidad\/el-foro-de-trabajo-de-la-diversidad-cultural-se-reune-esta-tarde-para-continuar-elaborando-lineas-de-trabajo-relacionadas-con-la-diversidad-de-culturas-y-la-convivencia\/","og_site_name":"La Gu\u00eda de Pamplona","article_publisher":"https:\/\/www.facebook.com\/laguiadepamplonacom-133175176762273\/?ref=hl","article_published_time":"2017-03-15T17:30:46+00:00","article_modified_time":"2017-03-15T17:42:32+00:00","og_image":[{"width":1000,"height":666,"url":"https:\/\/www.laguiadepamplona.com\/actualidad\/wp-content\/uploads\/2017\/03\/Mesa-Diversidad_1.jpg","type":"image\/jpeg"}],"author":"La Gu\u00eda de Pamplona","twitter_card":"summary_large_image","twitter_creator":"@LaGuiadPamplona","twitter_site":"@LaGuiadPamplona","twitter_misc":{"Escrito por":"La Gu\u00eda de Pamplona","Tiempo de lectura":"4 minutos"},"schema":{"@context":"https:\/\/schema.org","@graph":[{"@type":"Article","@id":"https:\/\/www.laguiadepamplona.com\/actualidad\/el-foro-de-trabajo-de-la-diversidad-cultural-se-reune-esta-tarde-para-continuar-elaborando-lineas-de-trabajo-relacionadas-con-la-diversidad-de-culturas-y-la-convivencia\/#article","isPartOf":{"@id":"https:\/\/www.laguiadepamplona.com\/actualidad\/el-foro-de-trabajo-de-la-diversidad-cultural-se-reune-esta-tarde-para-continuar-elaborando-lineas-de-trabajo-relacionadas-con-la-diversidad-de-culturas-y-la-convivencia\/"},"author":{"name":"La Gu\u00eda de Pamplona","@id":"https:\/\/www.laguiadepamplona.com\/actualidad\/#\/schema\/person\/efe887376f0213d4657c93adc50b1fdb"},"headline":"El Foro de Trabajo de la Diversidad Cultural se re\u00fane esta tarde para continuar elaborando l\u00edneas de trabajo relacionadas con la diversidad de culturas y la convivencia","datePublished":"2017-03-15T17:30:46+00:00","dateModified":"2017-03-15T17:42:32+00:00","mainEntityOfPage":{"@id":"https:\/\/www.laguiadepamplona.com\/actualidad\/el-foro-de-trabajo-de-la-diversidad-cultural-se-reune-esta-tarde-para-continuar-elaborando-lineas-de-trabajo-relacionadas-con-la-diversidad-de-culturas-y-la-convivencia\/"},"wordCount":836,"publisher":{"@id":"https:\/\/www.laguiadepamplona.com\/actualidad\/#organization"},"image":{"@id":"https:\/\/www.laguiadepamplona.com\/actualidad\/el-foro-de-trabajo-de-la-diversidad-cultural-se-reune-esta-tarde-para-continuar-elaborando-lineas-de-trabajo-relacionadas-con-la-diversidad-de-culturas-y-la-convivencia\/#primaryimage"},"thumbnailUrl":"https:\/\/www.laguiadepamplona.com\/actualidad\/wp-content\/uploads\/2017\/03\/Mesa-Diversidad_1.jpg","articleSection":["Ayto Pamplona"],"inLanguage":"es"},{"@type":"WebPage","@id":"https:\/\/www.laguiadepamplona.com\/actualidad\/el-foro-de-trabajo-de-la-diversidad-cultural-se-reune-esta-tarde-para-continuar-elaborando-lineas-de-trabajo-relacionadas-con-la-diversidad-de-culturas-y-la-convivencia\/","url":"https:\/\/www.laguiadepamplona.com\/actualidad\/el-foro-de-trabajo-de-la-diversidad-cultural-se-reune-esta-tarde-para-continuar-elaborando-lineas-de-trabajo-relacionadas-con-la-diversidad-de-culturas-y-la-convivencia\/","name":"El Foro de Trabajo de la Diversidad Cultural se re\u00fane esta tarde para continuar elaborando l\u00edneas de trabajo relacionadas con la diversidad de culturas y la convivencia","isPartOf":{"@id":"https:\/\/www.laguiadepamplona.com\/actualidad\/#website"},"primaryImageOfPage":{"@id":"https:\/\/www.laguiadepamplona.com\/actualidad\/el-foro-de-trabajo-de-la-diversidad-cultural-se-reune-esta-tarde-para-continuar-elaborando-lineas-de-trabajo-relacionadas-con-la-diversidad-de-culturas-y-la-convivencia\/#primaryimage"},"image":{"@id":"https:\/\/www.laguiadepamplona.com\/actualidad\/el-foro-de-trabajo-de-la-diversidad-cultural-se-reune-esta-tarde-para-continuar-elaborando-lineas-de-trabajo-relacionadas-con-la-diversidad-de-culturas-y-la-convivencia\/#primaryimage"},"thumbnailUrl":"https:\/\/www.laguiadepamplona.com\/actualidad\/wp-content\/uploads\/2017\/03\/Mesa-Diversidad_1.jpg","datePublished":"2017-03-15T17:30:46+00:00","dateModified":"2017-03-15T17:42:32+00:00","breadcrumb":{"@id":"https:\/\/www.laguiadepamplona.com\/actualidad\/el-foro-de-trabajo-de-la-diversidad-cultural-se-reune-esta-tarde-para-continuar-elaborando-lineas-de-trabajo-relacionadas-con-la-diversidad-de-culturas-y-la-convivencia\/#breadcrumb"},"inLanguage":"es","potentialAction":[{"@type":"ReadAction","target":["https:\/\/www.laguiadepamplona.com\/actualidad\/el-foro-de-trabajo-de-la-diversidad-cultural-se-reune-esta-tarde-para-continuar-elaborando-lineas-de-trabajo-relacionadas-con-la-diversidad-de-culturas-y-la-convivencia\/"]}]},{"@type":"ImageObject","inLanguage":"es","@id":"https:\/\/www.laguiadepamplona.com\/actualidad\/el-foro-de-trabajo-de-la-diversidad-cultural-se-reune-esta-tarde-para-continuar-elaborando-lineas-de-trabajo-relacionadas-con-la-diversidad-de-culturas-y-la-convivencia\/#primaryimage","url":"https:\/\/www.laguiadepamplona.com\/actualidad\/wp-content\/uploads\/2017\/03\/Mesa-Diversidad_1.jpg","contentUrl":"https:\/\/www.laguiadepamplona.com\/actualidad\/wp-content\/uploads\/2017\/03\/Mesa-Diversidad_1.jpg","width":1000,"height":666},{"@type":"BreadcrumbList","@id":"https:\/\/www.laguiadepamplona.com\/actualidad\/el-foro-de-trabajo-de-la-diversidad-cultural-se-reune-esta-tarde-para-continuar-elaborando-lineas-de-trabajo-relacionadas-con-la-diversidad-de-culturas-y-la-convivencia\/#breadcrumb","itemListElement":[{"@type":"ListItem","position":1,"name":"Portada","item":"https:\/\/www.laguiadepamplona.com\/actualidad\/"},{"@type":"ListItem","position":2,"name":"El Foro de Trabajo de la Diversidad Cultural se re\u00fane esta tarde para continuar elaborando l\u00edneas de trabajo relacionadas con la diversidad de culturas y la convivencia"}]},{"@type":"WebSite","@id":"https:\/\/www.laguiadepamplona.com\/actualidad\/#website","url":"https:\/\/www.laguiadepamplona.com\/actualidad\/","name":"La gu\u00eda de Pamplona","description":"Noticias de Pamplona","publisher":{"@id":"https:\/\/www.laguiadepamplona.com\/actualidad\/#organization"},"potentialAction":[{"@type":"SearchAction","target":{"@type":"EntryPoint","urlTemplate":"https:\/\/www.laguiadepamplona.com\/actualidad\/?s={search_term_string}"},"query-input":{"@type":"PropertyValueSpecification","valueRequired":true,"valueName":"search_term_string"}}],"inLanguage":"es"},{"@type":"Organization","@id":"https:\/\/www.laguiadepamplona.com\/actualidad\/#organization","name":"La Gu\u00eda de Pamplona \/ Noticias","url":"https:\/\/www.laguiadepamplona.com\/actualidad\/","logo":{"@type":"ImageObject","inLanguage":"es","@id":"https:\/\/www.laguiadepamplona.com\/actualidad\/#\/schema\/logo\/image\/","url":"https:\/\/www.laguiadepamplona.com\/actualidad\/wp-content\/uploads\/2018\/11\/logo-laguiadepamplona18-web1.png","contentUrl":"https:\/\/www.laguiadepamplona.com\/actualidad\/wp-content\/uploads\/2018\/11\/logo-laguiadepamplona18-web1.png","width":600,"height":196,"caption":"La Gu\u00eda de Pamplona \/ Noticias"},"image":{"@id":"https:\/\/www.laguiadepamplona.com\/actualidad\/#\/schema\/logo\/image\/"},"sameAs":["https:\/\/www.facebook.com\/laguiadepamplonacom-133175176762273\/?ref=hl","https:\/\/x.com\/LaGuiadPamplona","https:\/\/www.instagram.com\/la_guia_de_pamplona\/","https:\/\/www.youtube.com\/user\/laguiadepamplona"]},{"@type":"Person","@id":"https:\/\/www.laguiadepamplona.com\/actualidad\/#\/schema\/person\/efe887376f0213d4657c93adc50b1fdb","name":"La Gu\u00eda de Pamplona","image":{"@type":"ImageObject","inLanguage":"es","@id":"https:\/\/secure.gravatar.com\/avatar\/b6992f131dc8d30ab0dff15446e9d346d9dbd95992de0fef795073f5ea83a81c?s=96&d=mm&r=g","url":"https:\/\/secure.gravatar.com\/avatar\/b6992f131dc8d30ab0dff15446e9d346d9dbd95992de0fef795073f5ea83a81c?s=96&d=mm&r=g","contentUrl":"https:\/\/secure.gravatar.com\/avatar\/b6992f131dc8d30ab0dff15446e9d346d9dbd95992de0fef795073f5ea83a81c?s=96&d=mm&r=g","caption":"La Gu\u00eda de Pamplona"}}]}},"post_mailing_queue_ids":[],"_links":{"self":[{"href":"https:\/\/www.laguiadepamplona.com\/actualidad\/wp-json\/wp\/v2\/posts\/12279","targetHints":{"allow":["GET"]}}],"collection":[{"href":"https:\/\/www.laguiadepamplona.com\/actualidad\/wp-json\/wp\/v2\/posts"}],"about":[{"href":"https:\/\/www.laguiadepamplona.com\/actualidad\/wp-json\/wp\/v2\/types\/post"}],"author":[{"embeddable":true,"href":"https:\/\/www.laguiadepamplona.com\/actualidad\/wp-json\/wp\/v2\/users\/1"}],"replies":[{"embeddable":true,"href":"https:\/\/www.laguiadepamplona.com\/actualidad\/wp-json\/wp\/v2\/comments?post=12279"}],"version-history":[{"count":0,"href":"https:\/\/www.laguiadepamplona.com\/actualidad\/wp-json\/wp\/v2\/posts\/12279\/revisions"}],"wp:featuredmedia":[{"embeddable":true,"href":"https:\/\/www.laguiadepamplona.com\/actualidad\/wp-json\/wp\/v2\/media\/12281"}],"wp:attachment":[{"href":"https:\/\/www.laguiadepamplona.com\/actualidad\/wp-json\/wp\/v2\/media?parent=12279"}],"wp:term":[{"taxonomy":"category","embeddable":true,"href":"https:\/\/www.laguiadepamplona.com\/actualidad\/wp-json\/wp\/v2\/categories?post=12279"},{"taxonomy":"post_tag","embeddable":true,"href":"https:\/\/www.laguiadepamplona.com\/actualidad\/wp-json\/wp\/v2\/tags?post=12279"}],"curies":[{"name":"wp","href":"https:\/\/api.w.org\/{rel}","templated":true}]}}