{"id":12274,"date":"2017-03-15T17:31:58","date_gmt":"2017-03-15T16:31:58","guid":{"rendered":"http:\/\/laguiadepamplona.es\/actualidad\/?p=12274"},"modified":"2017-03-15T17:31:58","modified_gmt":"2017-03-15T16:31:58","slug":"miembros-de-la-comision-de-urbanismo-visitan-el-huerto-urbano-del-rincon-de-pellejerias-que-toma-forma-tras-el-trabajo-en-auzolan-de-vecinos-y-miembros-de-la-piparrika","status":"publish","type":"post","link":"https:\/\/www.laguiadepamplona.com\/actualidad\/miembros-de-la-comision-de-urbanismo-visitan-el-huerto-urbano-del-rincon-de-pellejerias-que-toma-forma-tras-el-trabajo-en-auzolan-de-vecinos-y-miembros-de-la-piparrika\/","title":{"rendered":"Miembros de la Comisi\u00f3n de Urbanismo visitan el huerto urbano del Rinc\u00f3n de Pellejer\u00edas que toma forma tras el trabajo en auzolan de vecinos y miembros de La Piparrika"},"content":{"rendered":"<h3>En estos momentos ya se han creado los bancales para huerta, semillero y plantas medicinales y arom\u00e1ticas y se trabaja en la compostadora<\/h3>\n<p><!--more--><\/p>\n<p>Miembros de la Comisi\u00f3n y la Gerencia de Urbanismo han visitado esta ma\u00f1ana el huerto urbano del Rinc\u00f3n de Pellejer\u00edas que ya est\u00e1 tomando forma tras el trabajo en <em>auzolan<\/em> del vecindario del Casto Antiguo y de miembros de La Piparrika. Tras la jornada de presentaci\u00f3n del pasado mes de febrero en Civivox Condestable para dar a conocer la iniciativa entre todas las personas interesadas en participar y los dos s\u00e1bados de trabajo colectivo, ya se han levantado los bancales en los que se realizar\u00e1n las distintas plantaciones. No se va a cultivar directamente sobre el suelo sino sobre cajoneras de distintas alturas para que sean accesibles a todos los p\u00fablicos. Est\u00e1 previsto que la zona central de cultivo quede constituida por un tri\u00e1ngulo de bancales que sumar\u00e1n una superficie aproximada de 200 m<sup>2<\/sup>. y que acoger\u00e1n una huerta productiva, otra medicinal, una tercera educativa y un banco de semillas y de plantas arom\u00e1ticas. A ella se unir\u00e1n en los laterales otros bancales que se levantar\u00e1n pr\u00f3ximamente. Tambi\u00e9n se ha estado trabajando en una compostadora.<\/p>\n<p>De esta forma se va construyendo el primer huerto comunitario ecol\u00f3gico de la ciudad que tambi\u00e9n contar\u00e1 con un jard\u00edn vertical, compostadores y espacios infantiles y de estancia. Hasta este momento, el Rinc\u00f3n de las Pellejer\u00edas era un patio interior ubicado en la parte trasera del Palacio del Condestable que no ten\u00eda ning\u00fan uso espec\u00edfico. Todos los detalles han sido explicados durante la visita de hoy por el concejal delegado de Ecolog\u00eda Urbana y Movilidad, Armando Cuenca.<\/p>\n<p>Tambi\u00e9n han participado en la visita representantes de La Piparrika, entidad a la que el Ayuntamiento ha cedido el espacio tras la invitaci\u00f3n a asociaciones, colectivos y movimientos sociales. Alrededor del huerto urbano est\u00e1 previsto que se organicen actividades abiertas a la participaci\u00f3n del p\u00fablico interesado relacionadas con el manejo agroecol\u00f3gico lo que incluye tareas de limpieza y mejora; el trabajo de las buenas pr\u00e1cticas teniendo en cuenta el consumo responsable, la formaci\u00f3n en la reutilizaci\u00f3n de materiales y acciones pedag\u00f3gicas vinculadas al huerto. As\u00ed, adem\u00e1s de trabajar en los espacios de huerta, habr\u00e1 cursos, talleres, foros y reuniones peri\u00f3dicas.<\/p>\n<p><strong>El Ayuntamiento suministra material y herramientas<\/strong><\/p>\n<p>Para la fabricaci\u00f3n de los bancales, el Consistorio ha suministrado perfiles, varillas, tablas y tinte de protecci\u00f3n para las maderas. Tambi\u00e9n ha adquirido materiales, herramientas y aperos como un grifo, una sierra de mano, unas tenazas, un alicate, dos carretillas, un rastrillo, un transplantador y guantes. Y pr\u00f3ximamente se facilitar\u00e1 la planta para cultivar, por ejemplo, cebolletas, lechugas, ajos, escarolas o tomates. Para este a\u00f1o, el gasto previsto es de 1.820,55 euros, destinados principalmente a material para los huertos, tanto aperos como herramientas.<\/p>\n<p>Previamente a todo ello, el Ayuntamiento de Pamplona ha realizado trabajos de acondicionamiento tanto del terreno como de elementos estructurales. Por ejemplo, el Tajo de Soldadura de Empleo Social ha cambiado la verja original, colocando una similar a la de la plaza de Santa Ana, y ha instalado una valla protectora en la pendiente del lado izquierdo para evitar ca\u00eddas. Con el mismo objetivo se han tapado tres pozos. Por otra parte, se ha colocado un grifo en el edificio municipal de Jarauta, 7 por el Tajo de Obras de Empleo Social. Asimismo, se realiz\u00f3 un leve movimiento de tierras para allanar el terreno y se aport\u00f3 una capa de 10 cent\u00edmetros de grava para cubrir peque\u00f1os desniveles del terreno. Por \u00faltimo, se elimin\u00f3 una zona con ailanto, especie ex\u00f3tica e invasora. Esto gener\u00f3 una inversi\u00f3n de 11.809,23 euros repartidos en 6.999,75 euros de acondicionamiento de suelo; 644,68 euros de la verja de entrada y 403,64 euros de la barandilla lateral. Por tanto, el presupuesto total para la creaci\u00f3n del huerto asciende a 13.629,78 euros.<\/p>\n<p><strong>Huerto de acuerdo al anual de buenas pr\u00e1cticas de agricultura ecol\u00f3gica<\/strong><\/p>\n<p>El huerto urbano se va a impulsar de acuerdo al manual de buenas pr\u00e1cticas de agricultura ecol\u00f3gica establecido por el Servicio de Ecolog\u00eda Urbana del Ayuntamiento. Por ejemplo, tendr\u00e1 en cuenta el uso racional del agua de riego que ser\u00e1 controlado a trav\u00e9s de la lectura del contador que no deber\u00e1 superar el 0,978 m<sup>3<\/sup>\/m<sup>2 <\/sup>de terreno de cultivo y a\u00f1o. Los restos vegetales generados en el huerto deber\u00e1n ser compostados in situ y no se admitir\u00e1 la quema de esos restos ni su dep\u00f3sito en terrenos vac\u00edos, zonas comunes u otros espacios colindantes.<\/p>\n<p>Queda prohibida la utilizaci\u00f3n de pesticidas, fertilizantes y productos fitosanitarios y habr\u00e1 que comunicar\u00e1 de forma inmediata al Ayuntamiento cualquier evidencia o sospecha fundada de presencia de plagas. En este sentido, la asociaci\u00f3n ya ha solicitado una malla antirratas. Por \u00faltimo, La Piparrika debe realizar una planificaci\u00f3n anual de los cultivos que incluya al menos las variedades, la ubicaci\u00f3n y un cronograma aproximado de tareas a realizar para cada variedad. El Servicio de Ecolog\u00eda Urbana es el encargado de las labores de inspecci\u00f3n, que se realizar\u00e1n al menos dos veces al mes, para conocer en todo momento el estado del huerto y su adecuaci\u00f3n a las condiciones establecidas, levantando acta de ello.<\/p>\n","protected":false},"excerpt":{"rendered":"<p>En estos momentos ya se han creado los bancales para huerta, semillero y plantas medicinales y arom\u00e1ticas y se trabaja en la compostadora<\/p>\n","protected":false},"author":1,"featured_media":12275,"comment_status":"closed","ping_status":"closed","sticky":false,"template":"","format":"standard","meta":{"footnotes":""},"categories":[2],"tags":[],"class_list":["post-12274","post","type-post","status-publish","format-standard","has-post-thumbnail","hentry","category-ayuntamiento-pamplona"],"yoast_head":"<!-- This site is optimized with the Yoast SEO plugin v27.3 - https:\/\/yoast.com\/product\/yoast-seo-wordpress\/ -->\n<title>Miembros de la Comisi\u00f3n de Urbanismo visitan el huerto urbano del Rinc\u00f3n de Pellejer\u00edas que toma forma tras el trabajo en auzolan de vecinos y miembros de La Piparrika<\/title>\n<meta name=\"robots\" content=\"index, follow, max-snippet:-1, max-image-preview:large, max-video-preview:-1\" \/>\n<link rel=\"canonical\" href=\"https:\/\/www.laguiadepamplona.com\/actualidad\/miembros-de-la-comision-de-urbanismo-visitan-el-huerto-urbano-del-rincon-de-pellejerias-que-toma-forma-tras-el-trabajo-en-auzolan-de-vecinos-y-miembros-de-la-piparrika\/\" \/>\n<meta property=\"og:locale\" content=\"es_ES\" \/>\n<meta property=\"og:type\" content=\"article\" \/>\n<meta property=\"og:title\" content=\"Miembros de la Comisi\u00f3n de Urbanismo visitan el huerto urbano del Rinc\u00f3n de Pellejer\u00edas que toma forma tras el trabajo en auzolan de vecinos y miembros de La Piparrika\" \/>\n<meta property=\"og:description\" content=\"En estos momentos ya se han creado los bancales para huerta, semillero y plantas medicinales y arom\u00e1ticas y se trabaja en la compostadora\" \/>\n<meta property=\"og:url\" content=\"https:\/\/www.laguiadepamplona.com\/actualidad\/miembros-de-la-comision-de-urbanismo-visitan-el-huerto-urbano-del-rincon-de-pellejerias-que-toma-forma-tras-el-trabajo-en-auzolan-de-vecinos-y-miembros-de-la-piparrika\/\" \/>\n<meta property=\"og:site_name\" content=\"La Gu\u00eda de Pamplona\" \/>\n<meta property=\"article:publisher\" content=\"https:\/\/www.facebook.com\/laguiadepamplonacom-133175176762273\/?ref=hl\" \/>\n<meta property=\"article:published_time\" content=\"2017-03-15T16:31:58+00:00\" \/>\n<meta property=\"og:image\" content=\"https:\/\/www.laguiadepamplona.com\/actualidad\/wp-content\/uploads\/2017\/03\/visita_huerto_urbano_pellejerias_2.jpg\" \/>\n\t<meta property=\"og:image:width\" content=\"1000\" \/>\n\t<meta property=\"og:image:height\" content=\"666\" \/>\n\t<meta property=\"og:image:type\" content=\"image\/jpeg\" \/>\n<meta name=\"author\" content=\"La Gu\u00eda de Pamplona\" \/>\n<meta name=\"twitter:card\" content=\"summary_large_image\" \/>\n<meta name=\"twitter:creator\" content=\"@LaGuiadPamplona\" \/>\n<meta name=\"twitter:site\" content=\"@LaGuiadPamplona\" \/>\n<meta name=\"twitter:label1\" content=\"Escrito por\" \/>\n\t<meta name=\"twitter:data1\" content=\"La Gu\u00eda de Pamplona\" \/>\n\t<meta name=\"twitter:label2\" content=\"Tiempo de lectura\" \/>\n\t<meta name=\"twitter:data2\" content=\"5 minutos\" \/>\n<script type=\"application\/ld+json\" class=\"yoast-schema-graph\">{\"@context\":\"https:\\\/\\\/schema.org\",\"@graph\":[{\"@type\":\"Article\",\"@id\":\"https:\\\/\\\/www.laguiadepamplona.com\\\/actualidad\\\/miembros-de-la-comision-de-urbanismo-visitan-el-huerto-urbano-del-rincon-de-pellejerias-que-toma-forma-tras-el-trabajo-en-auzolan-de-vecinos-y-miembros-de-la-piparrika\\\/#article\",\"isPartOf\":{\"@id\":\"https:\\\/\\\/www.laguiadepamplona.com\\\/actualidad\\\/miembros-de-la-comision-de-urbanismo-visitan-el-huerto-urbano-del-rincon-de-pellejerias-que-toma-forma-tras-el-trabajo-en-auzolan-de-vecinos-y-miembros-de-la-piparrika\\\/\"},\"author\":{\"name\":\"La Gu\u00eda de Pamplona\",\"@id\":\"https:\\\/\\\/www.laguiadepamplona.com\\\/actualidad\\\/#\\\/schema\\\/person\\\/efe887376f0213d4657c93adc50b1fdb\"},\"headline\":\"Miembros de la Comisi\u00f3n de Urbanismo visitan el huerto urbano del Rinc\u00f3n de Pellejer\u00edas que toma forma tras el trabajo en auzolan de vecinos y miembros de La Piparrika\",\"datePublished\":\"2017-03-15T16:31:58+00:00\",\"mainEntityOfPage\":{\"@id\":\"https:\\\/\\\/www.laguiadepamplona.com\\\/actualidad\\\/miembros-de-la-comision-de-urbanismo-visitan-el-huerto-urbano-del-rincon-de-pellejerias-que-toma-forma-tras-el-trabajo-en-auzolan-de-vecinos-y-miembros-de-la-piparrika\\\/\"},\"wordCount\":945,\"publisher\":{\"@id\":\"https:\\\/\\\/www.laguiadepamplona.com\\\/actualidad\\\/#organization\"},\"image\":{\"@id\":\"https:\\\/\\\/www.laguiadepamplona.com\\\/actualidad\\\/miembros-de-la-comision-de-urbanismo-visitan-el-huerto-urbano-del-rincon-de-pellejerias-que-toma-forma-tras-el-trabajo-en-auzolan-de-vecinos-y-miembros-de-la-piparrika\\\/#primaryimage\"},\"thumbnailUrl\":\"https:\\\/\\\/www.laguiadepamplona.com\\\/actualidad\\\/wp-content\\\/uploads\\\/2017\\\/03\\\/visita_huerto_urbano_pellejerias_2.jpg\",\"articleSection\":[\"Ayto Pamplona\"],\"inLanguage\":\"es\"},{\"@type\":\"WebPage\",\"@id\":\"https:\\\/\\\/www.laguiadepamplona.com\\\/actualidad\\\/miembros-de-la-comision-de-urbanismo-visitan-el-huerto-urbano-del-rincon-de-pellejerias-que-toma-forma-tras-el-trabajo-en-auzolan-de-vecinos-y-miembros-de-la-piparrika\\\/\",\"url\":\"https:\\\/\\\/www.laguiadepamplona.com\\\/actualidad\\\/miembros-de-la-comision-de-urbanismo-visitan-el-huerto-urbano-del-rincon-de-pellejerias-que-toma-forma-tras-el-trabajo-en-auzolan-de-vecinos-y-miembros-de-la-piparrika\\\/\",\"name\":\"Miembros de la Comisi\u00f3n de Urbanismo visitan el huerto urbano del Rinc\u00f3n de Pellejer\u00edas que toma forma tras el trabajo en auzolan de vecinos y miembros de La Piparrika\",\"isPartOf\":{\"@id\":\"https:\\\/\\\/www.laguiadepamplona.com\\\/actualidad\\\/#website\"},\"primaryImageOfPage\":{\"@id\":\"https:\\\/\\\/www.laguiadepamplona.com\\\/actualidad\\\/miembros-de-la-comision-de-urbanismo-visitan-el-huerto-urbano-del-rincon-de-pellejerias-que-toma-forma-tras-el-trabajo-en-auzolan-de-vecinos-y-miembros-de-la-piparrika\\\/#primaryimage\"},\"image\":{\"@id\":\"https:\\\/\\\/www.laguiadepamplona.com\\\/actualidad\\\/miembros-de-la-comision-de-urbanismo-visitan-el-huerto-urbano-del-rincon-de-pellejerias-que-toma-forma-tras-el-trabajo-en-auzolan-de-vecinos-y-miembros-de-la-piparrika\\\/#primaryimage\"},\"thumbnailUrl\":\"https:\\\/\\\/www.laguiadepamplona.com\\\/actualidad\\\/wp-content\\\/uploads\\\/2017\\\/03\\\/visita_huerto_urbano_pellejerias_2.jpg\",\"datePublished\":\"2017-03-15T16:31:58+00:00\",\"breadcrumb\":{\"@id\":\"https:\\\/\\\/www.laguiadepamplona.com\\\/actualidad\\\/miembros-de-la-comision-de-urbanismo-visitan-el-huerto-urbano-del-rincon-de-pellejerias-que-toma-forma-tras-el-trabajo-en-auzolan-de-vecinos-y-miembros-de-la-piparrika\\\/#breadcrumb\"},\"inLanguage\":\"es\",\"potentialAction\":[{\"@type\":\"ReadAction\",\"target\":[\"https:\\\/\\\/www.laguiadepamplona.com\\\/actualidad\\\/miembros-de-la-comision-de-urbanismo-visitan-el-huerto-urbano-del-rincon-de-pellejerias-que-toma-forma-tras-el-trabajo-en-auzolan-de-vecinos-y-miembros-de-la-piparrika\\\/\"]}]},{\"@type\":\"ImageObject\",\"inLanguage\":\"es\",\"@id\":\"https:\\\/\\\/www.laguiadepamplona.com\\\/actualidad\\\/miembros-de-la-comision-de-urbanismo-visitan-el-huerto-urbano-del-rincon-de-pellejerias-que-toma-forma-tras-el-trabajo-en-auzolan-de-vecinos-y-miembros-de-la-piparrika\\\/#primaryimage\",\"url\":\"https:\\\/\\\/www.laguiadepamplona.com\\\/actualidad\\\/wp-content\\\/uploads\\\/2017\\\/03\\\/visita_huerto_urbano_pellejerias_2.jpg\",\"contentUrl\":\"https:\\\/\\\/www.laguiadepamplona.com\\\/actualidad\\\/wp-content\\\/uploads\\\/2017\\\/03\\\/visita_huerto_urbano_pellejerias_2.jpg\",\"width\":1000,\"height\":666},{\"@type\":\"BreadcrumbList\",\"@id\":\"https:\\\/\\\/www.laguiadepamplona.com\\\/actualidad\\\/miembros-de-la-comision-de-urbanismo-visitan-el-huerto-urbano-del-rincon-de-pellejerias-que-toma-forma-tras-el-trabajo-en-auzolan-de-vecinos-y-miembros-de-la-piparrika\\\/#breadcrumb\",\"itemListElement\":[{\"@type\":\"ListItem\",\"position\":1,\"name\":\"Portada\",\"item\":\"https:\\\/\\\/www.laguiadepamplona.com\\\/actualidad\\\/\"},{\"@type\":\"ListItem\",\"position\":2,\"name\":\"Miembros de la Comisi\u00f3n de Urbanismo visitan el huerto urbano del Rinc\u00f3n de Pellejer\u00edas que toma forma tras el trabajo en auzolan de vecinos y miembros de La Piparrika\"}]},{\"@type\":\"WebSite\",\"@id\":\"https:\\\/\\\/www.laguiadepamplona.com\\\/actualidad\\\/#website\",\"url\":\"https:\\\/\\\/www.laguiadepamplona.com\\\/actualidad\\\/\",\"name\":\"La gu\u00eda de Pamplona\",\"description\":\"Noticias de Pamplona\",\"publisher\":{\"@id\":\"https:\\\/\\\/www.laguiadepamplona.com\\\/actualidad\\\/#organization\"},\"potentialAction\":[{\"@type\":\"SearchAction\",\"target\":{\"@type\":\"EntryPoint\",\"urlTemplate\":\"https:\\\/\\\/www.laguiadepamplona.com\\\/actualidad\\\/?s={search_term_string}\"},\"query-input\":{\"@type\":\"PropertyValueSpecification\",\"valueRequired\":true,\"valueName\":\"search_term_string\"}}],\"inLanguage\":\"es\"},{\"@type\":\"Organization\",\"@id\":\"https:\\\/\\\/www.laguiadepamplona.com\\\/actualidad\\\/#organization\",\"name\":\"La Gu\u00eda de Pamplona \\\/ Noticias\",\"url\":\"https:\\\/\\\/www.laguiadepamplona.com\\\/actualidad\\\/\",\"logo\":{\"@type\":\"ImageObject\",\"inLanguage\":\"es\",\"@id\":\"https:\\\/\\\/www.laguiadepamplona.com\\\/actualidad\\\/#\\\/schema\\\/logo\\\/image\\\/\",\"url\":\"https:\\\/\\\/www.laguiadepamplona.com\\\/actualidad\\\/wp-content\\\/uploads\\\/2018\\\/11\\\/logo-laguiadepamplona18-web1.png\",\"contentUrl\":\"https:\\\/\\\/www.laguiadepamplona.com\\\/actualidad\\\/wp-content\\\/uploads\\\/2018\\\/11\\\/logo-laguiadepamplona18-web1.png\",\"width\":600,\"height\":196,\"caption\":\"La Gu\u00eda de Pamplona \\\/ Noticias\"},\"image\":{\"@id\":\"https:\\\/\\\/www.laguiadepamplona.com\\\/actualidad\\\/#\\\/schema\\\/logo\\\/image\\\/\"},\"sameAs\":[\"https:\\\/\\\/www.facebook.com\\\/laguiadepamplonacom-133175176762273\\\/?ref=hl\",\"https:\\\/\\\/x.com\\\/LaGuiadPamplona\",\"https:\\\/\\\/www.instagram.com\\\/la_guia_de_pamplona\\\/\",\"https:\\\/\\\/www.youtube.com\\\/user\\\/laguiadepamplona\"]},{\"@type\":\"Person\",\"@id\":\"https:\\\/\\\/www.laguiadepamplona.com\\\/actualidad\\\/#\\\/schema\\\/person\\\/efe887376f0213d4657c93adc50b1fdb\",\"name\":\"La Gu\u00eda de Pamplona\",\"image\":{\"@type\":\"ImageObject\",\"inLanguage\":\"es\",\"@id\":\"https:\\\/\\\/secure.gravatar.com\\\/avatar\\\/b6992f131dc8d30ab0dff15446e9d346d9dbd95992de0fef795073f5ea83a81c?s=96&d=mm&r=g\",\"url\":\"https:\\\/\\\/secure.gravatar.com\\\/avatar\\\/b6992f131dc8d30ab0dff15446e9d346d9dbd95992de0fef795073f5ea83a81c?s=96&d=mm&r=g\",\"contentUrl\":\"https:\\\/\\\/secure.gravatar.com\\\/avatar\\\/b6992f131dc8d30ab0dff15446e9d346d9dbd95992de0fef795073f5ea83a81c?s=96&d=mm&r=g\",\"caption\":\"La Gu\u00eda de Pamplona\"}}]}<\/script>\n<!-- \/ Yoast SEO plugin. -->","yoast_head_json":{"title":"Miembros de la Comisi\u00f3n de Urbanismo visitan el huerto urbano del Rinc\u00f3n de Pellejer\u00edas que toma forma tras el trabajo en auzolan de vecinos y miembros de La Piparrika","robots":{"index":"index","follow":"follow","max-snippet":"max-snippet:-1","max-image-preview":"max-image-preview:large","max-video-preview":"max-video-preview:-1"},"canonical":"https:\/\/www.laguiadepamplona.com\/actualidad\/miembros-de-la-comision-de-urbanismo-visitan-el-huerto-urbano-del-rincon-de-pellejerias-que-toma-forma-tras-el-trabajo-en-auzolan-de-vecinos-y-miembros-de-la-piparrika\/","og_locale":"es_ES","og_type":"article","og_title":"Miembros de la Comisi\u00f3n de Urbanismo visitan el huerto urbano del Rinc\u00f3n de Pellejer\u00edas que toma forma tras el trabajo en auzolan de vecinos y miembros de La Piparrika","og_description":"En estos momentos ya se han creado los bancales para huerta, semillero y plantas medicinales y arom\u00e1ticas y se trabaja en la compostadora","og_url":"https:\/\/www.laguiadepamplona.com\/actualidad\/miembros-de-la-comision-de-urbanismo-visitan-el-huerto-urbano-del-rincon-de-pellejerias-que-toma-forma-tras-el-trabajo-en-auzolan-de-vecinos-y-miembros-de-la-piparrika\/","og_site_name":"La Gu\u00eda de Pamplona","article_publisher":"https:\/\/www.facebook.com\/laguiadepamplonacom-133175176762273\/?ref=hl","article_published_time":"2017-03-15T16:31:58+00:00","og_image":[{"width":1000,"height":666,"url":"https:\/\/www.laguiadepamplona.com\/actualidad\/wp-content\/uploads\/2017\/03\/visita_huerto_urbano_pellejerias_2.jpg","type":"image\/jpeg"}],"author":"La Gu\u00eda de Pamplona","twitter_card":"summary_large_image","twitter_creator":"@LaGuiadPamplona","twitter_site":"@LaGuiadPamplona","twitter_misc":{"Escrito por":"La Gu\u00eda de Pamplona","Tiempo de lectura":"5 minutos"},"schema":{"@context":"https:\/\/schema.org","@graph":[{"@type":"Article","@id":"https:\/\/www.laguiadepamplona.com\/actualidad\/miembros-de-la-comision-de-urbanismo-visitan-el-huerto-urbano-del-rincon-de-pellejerias-que-toma-forma-tras-el-trabajo-en-auzolan-de-vecinos-y-miembros-de-la-piparrika\/#article","isPartOf":{"@id":"https:\/\/www.laguiadepamplona.com\/actualidad\/miembros-de-la-comision-de-urbanismo-visitan-el-huerto-urbano-del-rincon-de-pellejerias-que-toma-forma-tras-el-trabajo-en-auzolan-de-vecinos-y-miembros-de-la-piparrika\/"},"author":{"name":"La Gu\u00eda de Pamplona","@id":"https:\/\/www.laguiadepamplona.com\/actualidad\/#\/schema\/person\/efe887376f0213d4657c93adc50b1fdb"},"headline":"Miembros de la Comisi\u00f3n de Urbanismo visitan el huerto urbano del Rinc\u00f3n de Pellejer\u00edas que toma forma tras el trabajo en auzolan de vecinos y miembros de La Piparrika","datePublished":"2017-03-15T16:31:58+00:00","mainEntityOfPage":{"@id":"https:\/\/www.laguiadepamplona.com\/actualidad\/miembros-de-la-comision-de-urbanismo-visitan-el-huerto-urbano-del-rincon-de-pellejerias-que-toma-forma-tras-el-trabajo-en-auzolan-de-vecinos-y-miembros-de-la-piparrika\/"},"wordCount":945,"publisher":{"@id":"https:\/\/www.laguiadepamplona.com\/actualidad\/#organization"},"image":{"@id":"https:\/\/www.laguiadepamplona.com\/actualidad\/miembros-de-la-comision-de-urbanismo-visitan-el-huerto-urbano-del-rincon-de-pellejerias-que-toma-forma-tras-el-trabajo-en-auzolan-de-vecinos-y-miembros-de-la-piparrika\/#primaryimage"},"thumbnailUrl":"https:\/\/www.laguiadepamplona.com\/actualidad\/wp-content\/uploads\/2017\/03\/visita_huerto_urbano_pellejerias_2.jpg","articleSection":["Ayto Pamplona"],"inLanguage":"es"},{"@type":"WebPage","@id":"https:\/\/www.laguiadepamplona.com\/actualidad\/miembros-de-la-comision-de-urbanismo-visitan-el-huerto-urbano-del-rincon-de-pellejerias-que-toma-forma-tras-el-trabajo-en-auzolan-de-vecinos-y-miembros-de-la-piparrika\/","url":"https:\/\/www.laguiadepamplona.com\/actualidad\/miembros-de-la-comision-de-urbanismo-visitan-el-huerto-urbano-del-rincon-de-pellejerias-que-toma-forma-tras-el-trabajo-en-auzolan-de-vecinos-y-miembros-de-la-piparrika\/","name":"Miembros de la Comisi\u00f3n de Urbanismo visitan el huerto urbano del Rinc\u00f3n de Pellejer\u00edas que toma forma tras el trabajo en auzolan de vecinos y miembros de La Piparrika","isPartOf":{"@id":"https:\/\/www.laguiadepamplona.com\/actualidad\/#website"},"primaryImageOfPage":{"@id":"https:\/\/www.laguiadepamplona.com\/actualidad\/miembros-de-la-comision-de-urbanismo-visitan-el-huerto-urbano-del-rincon-de-pellejerias-que-toma-forma-tras-el-trabajo-en-auzolan-de-vecinos-y-miembros-de-la-piparrika\/#primaryimage"},"image":{"@id":"https:\/\/www.laguiadepamplona.com\/actualidad\/miembros-de-la-comision-de-urbanismo-visitan-el-huerto-urbano-del-rincon-de-pellejerias-que-toma-forma-tras-el-trabajo-en-auzolan-de-vecinos-y-miembros-de-la-piparrika\/#primaryimage"},"thumbnailUrl":"https:\/\/www.laguiadepamplona.com\/actualidad\/wp-content\/uploads\/2017\/03\/visita_huerto_urbano_pellejerias_2.jpg","datePublished":"2017-03-15T16:31:58+00:00","breadcrumb":{"@id":"https:\/\/www.laguiadepamplona.com\/actualidad\/miembros-de-la-comision-de-urbanismo-visitan-el-huerto-urbano-del-rincon-de-pellejerias-que-toma-forma-tras-el-trabajo-en-auzolan-de-vecinos-y-miembros-de-la-piparrika\/#breadcrumb"},"inLanguage":"es","potentialAction":[{"@type":"ReadAction","target":["https:\/\/www.laguiadepamplona.com\/actualidad\/miembros-de-la-comision-de-urbanismo-visitan-el-huerto-urbano-del-rincon-de-pellejerias-que-toma-forma-tras-el-trabajo-en-auzolan-de-vecinos-y-miembros-de-la-piparrika\/"]}]},{"@type":"ImageObject","inLanguage":"es","@id":"https:\/\/www.laguiadepamplona.com\/actualidad\/miembros-de-la-comision-de-urbanismo-visitan-el-huerto-urbano-del-rincon-de-pellejerias-que-toma-forma-tras-el-trabajo-en-auzolan-de-vecinos-y-miembros-de-la-piparrika\/#primaryimage","url":"https:\/\/www.laguiadepamplona.com\/actualidad\/wp-content\/uploads\/2017\/03\/visita_huerto_urbano_pellejerias_2.jpg","contentUrl":"https:\/\/www.laguiadepamplona.com\/actualidad\/wp-content\/uploads\/2017\/03\/visita_huerto_urbano_pellejerias_2.jpg","width":1000,"height":666},{"@type":"BreadcrumbList","@id":"https:\/\/www.laguiadepamplona.com\/actualidad\/miembros-de-la-comision-de-urbanismo-visitan-el-huerto-urbano-del-rincon-de-pellejerias-que-toma-forma-tras-el-trabajo-en-auzolan-de-vecinos-y-miembros-de-la-piparrika\/#breadcrumb","itemListElement":[{"@type":"ListItem","position":1,"name":"Portada","item":"https:\/\/www.laguiadepamplona.com\/actualidad\/"},{"@type":"ListItem","position":2,"name":"Miembros de la Comisi\u00f3n de Urbanismo visitan el huerto urbano del Rinc\u00f3n de Pellejer\u00edas que toma forma tras el trabajo en auzolan de vecinos y miembros de La Piparrika"}]},{"@type":"WebSite","@id":"https:\/\/www.laguiadepamplona.com\/actualidad\/#website","url":"https:\/\/www.laguiadepamplona.com\/actualidad\/","name":"La gu\u00eda de Pamplona","description":"Noticias de Pamplona","publisher":{"@id":"https:\/\/www.laguiadepamplona.com\/actualidad\/#organization"},"potentialAction":[{"@type":"SearchAction","target":{"@type":"EntryPoint","urlTemplate":"https:\/\/www.laguiadepamplona.com\/actualidad\/?s={search_term_string}"},"query-input":{"@type":"PropertyValueSpecification","valueRequired":true,"valueName":"search_term_string"}}],"inLanguage":"es"},{"@type":"Organization","@id":"https:\/\/www.laguiadepamplona.com\/actualidad\/#organization","name":"La Gu\u00eda de Pamplona \/ Noticias","url":"https:\/\/www.laguiadepamplona.com\/actualidad\/","logo":{"@type":"ImageObject","inLanguage":"es","@id":"https:\/\/www.laguiadepamplona.com\/actualidad\/#\/schema\/logo\/image\/","url":"https:\/\/www.laguiadepamplona.com\/actualidad\/wp-content\/uploads\/2018\/11\/logo-laguiadepamplona18-web1.png","contentUrl":"https:\/\/www.laguiadepamplona.com\/actualidad\/wp-content\/uploads\/2018\/11\/logo-laguiadepamplona18-web1.png","width":600,"height":196,"caption":"La Gu\u00eda de Pamplona \/ Noticias"},"image":{"@id":"https:\/\/www.laguiadepamplona.com\/actualidad\/#\/schema\/logo\/image\/"},"sameAs":["https:\/\/www.facebook.com\/laguiadepamplonacom-133175176762273\/?ref=hl","https:\/\/x.com\/LaGuiadPamplona","https:\/\/www.instagram.com\/la_guia_de_pamplona\/","https:\/\/www.youtube.com\/user\/laguiadepamplona"]},{"@type":"Person","@id":"https:\/\/www.laguiadepamplona.com\/actualidad\/#\/schema\/person\/efe887376f0213d4657c93adc50b1fdb","name":"La Gu\u00eda de Pamplona","image":{"@type":"ImageObject","inLanguage":"es","@id":"https:\/\/secure.gravatar.com\/avatar\/b6992f131dc8d30ab0dff15446e9d346d9dbd95992de0fef795073f5ea83a81c?s=96&d=mm&r=g","url":"https:\/\/secure.gravatar.com\/avatar\/b6992f131dc8d30ab0dff15446e9d346d9dbd95992de0fef795073f5ea83a81c?s=96&d=mm&r=g","contentUrl":"https:\/\/secure.gravatar.com\/avatar\/b6992f131dc8d30ab0dff15446e9d346d9dbd95992de0fef795073f5ea83a81c?s=96&d=mm&r=g","caption":"La Gu\u00eda de Pamplona"}}]}},"post_mailing_queue_ids":[],"_links":{"self":[{"href":"https:\/\/www.laguiadepamplona.com\/actualidad\/wp-json\/wp\/v2\/posts\/12274","targetHints":{"allow":["GET"]}}],"collection":[{"href":"https:\/\/www.laguiadepamplona.com\/actualidad\/wp-json\/wp\/v2\/posts"}],"about":[{"href":"https:\/\/www.laguiadepamplona.com\/actualidad\/wp-json\/wp\/v2\/types\/post"}],"author":[{"embeddable":true,"href":"https:\/\/www.laguiadepamplona.com\/actualidad\/wp-json\/wp\/v2\/users\/1"}],"replies":[{"embeddable":true,"href":"https:\/\/www.laguiadepamplona.com\/actualidad\/wp-json\/wp\/v2\/comments?post=12274"}],"version-history":[{"count":0,"href":"https:\/\/www.laguiadepamplona.com\/actualidad\/wp-json\/wp\/v2\/posts\/12274\/revisions"}],"wp:featuredmedia":[{"embeddable":true,"href":"https:\/\/www.laguiadepamplona.com\/actualidad\/wp-json\/wp\/v2\/media\/12275"}],"wp:attachment":[{"href":"https:\/\/www.laguiadepamplona.com\/actualidad\/wp-json\/wp\/v2\/media?parent=12274"}],"wp:term":[{"taxonomy":"category","embeddable":true,"href":"https:\/\/www.laguiadepamplona.com\/actualidad\/wp-json\/wp\/v2\/categories?post=12274"},{"taxonomy":"post_tag","embeddable":true,"href":"https:\/\/www.laguiadepamplona.com\/actualidad\/wp-json\/wp\/v2\/tags?post=12274"}],"curies":[{"name":"wp","href":"https:\/\/api.w.org\/{rel}","templated":true}]}}