{"id":12271,"date":"2017-03-15T17:31:10","date_gmt":"2017-03-15T16:31:10","guid":{"rendered":"http:\/\/laguiadepamplona.es\/actualidad\/?p=12271"},"modified":"2017-03-15T17:31:10","modified_gmt":"2017-03-15T16:31:10","slug":"pamplona-se-une-a-los-actos-del-dia-de-la-visibilizacion-transexual-con-una-concentracion-en-la-plaza-consistorial","status":"publish","type":"post","link":"https:\/\/www.laguiadepamplona.com\/actualidad\/pamplona-se-une-a-los-actos-del-dia-de-la-visibilizacion-transexual-con-una-concentracion-en-la-plaza-consistorial\/","title":{"rendered":"Pamplona se une a los actos del D\u00eda de la visibilizaci\u00f3n transexual con una concentraci\u00f3n en la Plaza Consistorial"},"content":{"rendered":"<p><!--more--><\/p>\n<p class=\"Textonota\">Pamplona se ha unido a los actos del D\u00eda de la visibilizaci\u00f3n transexual con una concentraci\u00f3n en la Plaza Consistorial a las doce del mediod\u00eda. En este acto la concejala especial de Igualdad y LGTBQI, Laura Berro (en castellano) y la concejala delegada de Acci\u00f3n Social y Desarrollo Comunitario, Edurne Eguino (en euskera), han leido un texto aprobado por la mayor\u00eda de los grupos municipales.<\/p>\n<p class=\"Textonota\">El texto comienza se\u00f1alando que \u201clas personas transexuales sufren de manera espec\u00edfica la discriminaci\u00f3n por tratarse de personas cuyo sexo es diferente al sexo asignado al nacer y que construyen un g\u00e9nero distinto al que se le asigna socialmente. La transexualidad no es m\u00e1s que una identidad dentro de la diversidad humana y como tal debe conocerse y visibilizarse. Hoy 15 de marzo es el d\u00eda hacer visibles todas estas identidades de g\u00e9nero. Contar con un d\u00eda de visibilizaci\u00f3n implica contar con una herramienta para desmontar prejuicios y estereotipos que debe ser ampliada al resto de d\u00edas del a\u00f1o porque la transexualidad NO es un trastorno o una patolog\u00eda, como se ha querido hacer ver en muchas ocasiones, la transexualidad es una identidad m\u00e1s dentro de la diversidad\u201d.<\/p>\n<p class=\"Textonota\">Tambi\u00e9n indicaba que \u201cla transfobia y la discriminaci\u00f3n por cuestiones de g\u00e9nero sigue siendo una realidad en nuestra sociedad y por eso se hace imprescindible desarrollar acciones y pol\u00edticas que atiendan de manera adecuada sus problem\u00e1ticas espec\u00edficas. Las personas transexuales deben ser tratadas de acuerdo con su identidad de g\u00e9nero, la que se corresponde con su sexo asumido, que es como la persona se presenta ante la sociedad. Reconocer esta realidad supone un primer paso para detectar y visibilizar esas desigualdades y discriminaciones de las que habl\u00e1bamos y comprometerse a responder a sus necesidades incluyendo el reconocimiento del importante papel que han desempe\u00f1ado y desempe\u00f1an los colectivos LGTB.<\/p>\n<p class=\"Textonota\">Para finalizar, recoge que \u201csomos conscientes que debe abordarse de forma integral para garantizar el ejercicio de los derechos de las personas trans en igualdad de condiciones con el resto de la ciudadan\u00eda, el Ayuntamiento manifiesta nuestro compromiso a:<\/p>\n<p class=\"Textonota\">Impulsar pol\u00edticas desde el \u00e1mbito local con la puesta en marcha de programas y medidas como campa\u00f1as y acciones de lucha contra la transfobia, servicios espec\u00edficos de asesoramiento y atenci\u00f3n para las personas transexuales y familiares, acciones que eviten las situaciones de discriminaci\u00f3n, estigmatizaci\u00f3n y privaci\u00f3n de derechos a las que desgraciadamente se ven sometidas las personas transexuales. Denunciando p\u00fablicamente todos los tipos de transfobia institucional y social y visibilizando la transexualidad para avanzar hacia una sociedad donde no se discrimine por raz\u00f3n de identidad sexual o de g\u00e9nero y todas las personas se sientan reconocidas iguales y libres en dignidad y derechos\u201d.<\/p>\n<p class=\"Textonota\">\n","protected":false},"excerpt":{"rendered":"","protected":false},"author":1,"featured_media":12272,"comment_status":"closed","ping_status":"closed","sticky":false,"template":"","format":"standard","meta":{"footnotes":""},"categories":[2],"tags":[],"class_list":["post-12271","post","type-post","status-publish","format-standard","has-post-thumbnail","hentry","category-ayuntamiento-pamplona"],"yoast_head":"<!-- This site is optimized with the Yoast SEO plugin v27.3 - https:\/\/yoast.com\/product\/yoast-seo-wordpress\/ -->\n<title>Pamplona se une a los actos del D\u00eda de la visibilizaci\u00f3n transexual con una concentraci\u00f3n en la Plaza Consistorial<\/title>\n<meta name=\"robots\" content=\"index, follow, max-snippet:-1, max-image-preview:large, max-video-preview:-1\" \/>\n<link rel=\"canonical\" href=\"https:\/\/www.laguiadepamplona.com\/actualidad\/pamplona-se-une-a-los-actos-del-dia-de-la-visibilizacion-transexual-con-una-concentracion-en-la-plaza-consistorial\/\" \/>\n<meta property=\"og:locale\" content=\"es_ES\" \/>\n<meta property=\"og:type\" content=\"article\" \/>\n<meta property=\"og:title\" content=\"Pamplona se une a los actos del D\u00eda de la visibilizaci\u00f3n transexual con una concentraci\u00f3n en la Plaza Consistorial\" \/>\n<meta property=\"og:url\" content=\"https:\/\/www.laguiadepamplona.com\/actualidad\/pamplona-se-une-a-los-actos-del-dia-de-la-visibilizacion-transexual-con-una-concentracion-en-la-plaza-consistorial\/\" \/>\n<meta property=\"og:site_name\" content=\"La Gu\u00eda de Pamplona\" \/>\n<meta property=\"article:publisher\" content=\"https:\/\/www.facebook.com\/laguiadepamplonacom-133175176762273\/?ref=hl\" \/>\n<meta property=\"article:published_time\" content=\"2017-03-15T16:31:10+00:00\" \/>\n<meta property=\"og:image\" content=\"https:\/\/www.laguiadepamplona.com\/actualidad\/wp-content\/uploads\/2017\/03\/concentracion_dia_trans_1.jpg\" \/>\n\t<meta property=\"og:image:width\" content=\"1000\" \/>\n\t<meta property=\"og:image:height\" content=\"666\" \/>\n\t<meta property=\"og:image:type\" content=\"image\/jpeg\" \/>\n<meta name=\"author\" content=\"La Gu\u00eda de Pamplona\" \/>\n<meta name=\"twitter:card\" content=\"summary_large_image\" \/>\n<meta name=\"twitter:creator\" content=\"@LaGuiadPamplona\" \/>\n<meta name=\"twitter:site\" content=\"@LaGuiadPamplona\" \/>\n<meta name=\"twitter:label1\" content=\"Escrito por\" \/>\n\t<meta name=\"twitter:data1\" content=\"La Gu\u00eda de Pamplona\" \/>\n\t<meta name=\"twitter:label2\" content=\"Tiempo de lectura\" \/>\n\t<meta name=\"twitter:data2\" content=\"2 minutos\" \/>\n<script type=\"application\/ld+json\" class=\"yoast-schema-graph\">{\"@context\":\"https:\\\/\\\/schema.org\",\"@graph\":[{\"@type\":\"Article\",\"@id\":\"https:\\\/\\\/www.laguiadepamplona.com\\\/actualidad\\\/pamplona-se-une-a-los-actos-del-dia-de-la-visibilizacion-transexual-con-una-concentracion-en-la-plaza-consistorial\\\/#article\",\"isPartOf\":{\"@id\":\"https:\\\/\\\/www.laguiadepamplona.com\\\/actualidad\\\/pamplona-se-une-a-los-actos-del-dia-de-la-visibilizacion-transexual-con-una-concentracion-en-la-plaza-consistorial\\\/\"},\"author\":{\"name\":\"La Gu\u00eda de Pamplona\",\"@id\":\"https:\\\/\\\/www.laguiadepamplona.com\\\/actualidad\\\/#\\\/schema\\\/person\\\/efe887376f0213d4657c93adc50b1fdb\"},\"headline\":\"Pamplona se une a los actos del D\u00eda de la visibilizaci\u00f3n transexual con una concentraci\u00f3n en la Plaza Consistorial\",\"datePublished\":\"2017-03-15T16:31:10+00:00\",\"mainEntityOfPage\":{\"@id\":\"https:\\\/\\\/www.laguiadepamplona.com\\\/actualidad\\\/pamplona-se-une-a-los-actos-del-dia-de-la-visibilizacion-transexual-con-una-concentracion-en-la-plaza-consistorial\\\/\"},\"wordCount\":504,\"publisher\":{\"@id\":\"https:\\\/\\\/www.laguiadepamplona.com\\\/actualidad\\\/#organization\"},\"image\":{\"@id\":\"https:\\\/\\\/www.laguiadepamplona.com\\\/actualidad\\\/pamplona-se-une-a-los-actos-del-dia-de-la-visibilizacion-transexual-con-una-concentracion-en-la-plaza-consistorial\\\/#primaryimage\"},\"thumbnailUrl\":\"https:\\\/\\\/www.laguiadepamplona.com\\\/actualidad\\\/wp-content\\\/uploads\\\/2017\\\/03\\\/concentracion_dia_trans_1.jpg\",\"articleSection\":[\"Ayto Pamplona\"],\"inLanguage\":\"es\"},{\"@type\":\"WebPage\",\"@id\":\"https:\\\/\\\/www.laguiadepamplona.com\\\/actualidad\\\/pamplona-se-une-a-los-actos-del-dia-de-la-visibilizacion-transexual-con-una-concentracion-en-la-plaza-consistorial\\\/\",\"url\":\"https:\\\/\\\/www.laguiadepamplona.com\\\/actualidad\\\/pamplona-se-une-a-los-actos-del-dia-de-la-visibilizacion-transexual-con-una-concentracion-en-la-plaza-consistorial\\\/\",\"name\":\"Pamplona se une a los actos del D\u00eda de la visibilizaci\u00f3n transexual con una concentraci\u00f3n en la Plaza Consistorial\",\"isPartOf\":{\"@id\":\"https:\\\/\\\/www.laguiadepamplona.com\\\/actualidad\\\/#website\"},\"primaryImageOfPage\":{\"@id\":\"https:\\\/\\\/www.laguiadepamplona.com\\\/actualidad\\\/pamplona-se-une-a-los-actos-del-dia-de-la-visibilizacion-transexual-con-una-concentracion-en-la-plaza-consistorial\\\/#primaryimage\"},\"image\":{\"@id\":\"https:\\\/\\\/www.laguiadepamplona.com\\\/actualidad\\\/pamplona-se-une-a-los-actos-del-dia-de-la-visibilizacion-transexual-con-una-concentracion-en-la-plaza-consistorial\\\/#primaryimage\"},\"thumbnailUrl\":\"https:\\\/\\\/www.laguiadepamplona.com\\\/actualidad\\\/wp-content\\\/uploads\\\/2017\\\/03\\\/concentracion_dia_trans_1.jpg\",\"datePublished\":\"2017-03-15T16:31:10+00:00\",\"breadcrumb\":{\"@id\":\"https:\\\/\\\/www.laguiadepamplona.com\\\/actualidad\\\/pamplona-se-une-a-los-actos-del-dia-de-la-visibilizacion-transexual-con-una-concentracion-en-la-plaza-consistorial\\\/#breadcrumb\"},\"inLanguage\":\"es\",\"potentialAction\":[{\"@type\":\"ReadAction\",\"target\":[\"https:\\\/\\\/www.laguiadepamplona.com\\\/actualidad\\\/pamplona-se-une-a-los-actos-del-dia-de-la-visibilizacion-transexual-con-una-concentracion-en-la-plaza-consistorial\\\/\"]}]},{\"@type\":\"ImageObject\",\"inLanguage\":\"es\",\"@id\":\"https:\\\/\\\/www.laguiadepamplona.com\\\/actualidad\\\/pamplona-se-une-a-los-actos-del-dia-de-la-visibilizacion-transexual-con-una-concentracion-en-la-plaza-consistorial\\\/#primaryimage\",\"url\":\"https:\\\/\\\/www.laguiadepamplona.com\\\/actualidad\\\/wp-content\\\/uploads\\\/2017\\\/03\\\/concentracion_dia_trans_1.jpg\",\"contentUrl\":\"https:\\\/\\\/www.laguiadepamplona.com\\\/actualidad\\\/wp-content\\\/uploads\\\/2017\\\/03\\\/concentracion_dia_trans_1.jpg\",\"width\":1000,\"height\":666},{\"@type\":\"BreadcrumbList\",\"@id\":\"https:\\\/\\\/www.laguiadepamplona.com\\\/actualidad\\\/pamplona-se-une-a-los-actos-del-dia-de-la-visibilizacion-transexual-con-una-concentracion-en-la-plaza-consistorial\\\/#breadcrumb\",\"itemListElement\":[{\"@type\":\"ListItem\",\"position\":1,\"name\":\"Portada\",\"item\":\"https:\\\/\\\/www.laguiadepamplona.com\\\/actualidad\\\/\"},{\"@type\":\"ListItem\",\"position\":2,\"name\":\"Pamplona se une a los actos del D\u00eda de la visibilizaci\u00f3n transexual con una concentraci\u00f3n en la Plaza Consistorial\"}]},{\"@type\":\"WebSite\",\"@id\":\"https:\\\/\\\/www.laguiadepamplona.com\\\/actualidad\\\/#website\",\"url\":\"https:\\\/\\\/www.laguiadepamplona.com\\\/actualidad\\\/\",\"name\":\"La gu\u00eda de Pamplona\",\"description\":\"Noticias de Pamplona\",\"publisher\":{\"@id\":\"https:\\\/\\\/www.laguiadepamplona.com\\\/actualidad\\\/#organization\"},\"potentialAction\":[{\"@type\":\"SearchAction\",\"target\":{\"@type\":\"EntryPoint\",\"urlTemplate\":\"https:\\\/\\\/www.laguiadepamplona.com\\\/actualidad\\\/?s={search_term_string}\"},\"query-input\":{\"@type\":\"PropertyValueSpecification\",\"valueRequired\":true,\"valueName\":\"search_term_string\"}}],\"inLanguage\":\"es\"},{\"@type\":\"Organization\",\"@id\":\"https:\\\/\\\/www.laguiadepamplona.com\\\/actualidad\\\/#organization\",\"name\":\"La Gu\u00eda de Pamplona \\\/ Noticias\",\"url\":\"https:\\\/\\\/www.laguiadepamplona.com\\\/actualidad\\\/\",\"logo\":{\"@type\":\"ImageObject\",\"inLanguage\":\"es\",\"@id\":\"https:\\\/\\\/www.laguiadepamplona.com\\\/actualidad\\\/#\\\/schema\\\/logo\\\/image\\\/\",\"url\":\"https:\\\/\\\/www.laguiadepamplona.com\\\/actualidad\\\/wp-content\\\/uploads\\\/2018\\\/11\\\/logo-laguiadepamplona18-web1.png\",\"contentUrl\":\"https:\\\/\\\/www.laguiadepamplona.com\\\/actualidad\\\/wp-content\\\/uploads\\\/2018\\\/11\\\/logo-laguiadepamplona18-web1.png\",\"width\":600,\"height\":196,\"caption\":\"La Gu\u00eda de Pamplona \\\/ Noticias\"},\"image\":{\"@id\":\"https:\\\/\\\/www.laguiadepamplona.com\\\/actualidad\\\/#\\\/schema\\\/logo\\\/image\\\/\"},\"sameAs\":[\"https:\\\/\\\/www.facebook.com\\\/laguiadepamplonacom-133175176762273\\\/?ref=hl\",\"https:\\\/\\\/x.com\\\/LaGuiadPamplona\",\"https:\\\/\\\/www.instagram.com\\\/la_guia_de_pamplona\\\/\",\"https:\\\/\\\/www.youtube.com\\\/user\\\/laguiadepamplona\"]},{\"@type\":\"Person\",\"@id\":\"https:\\\/\\\/www.laguiadepamplona.com\\\/actualidad\\\/#\\\/schema\\\/person\\\/efe887376f0213d4657c93adc50b1fdb\",\"name\":\"La Gu\u00eda de Pamplona\",\"image\":{\"@type\":\"ImageObject\",\"inLanguage\":\"es\",\"@id\":\"https:\\\/\\\/secure.gravatar.com\\\/avatar\\\/b6992f131dc8d30ab0dff15446e9d346d9dbd95992de0fef795073f5ea83a81c?s=96&d=mm&r=g\",\"url\":\"https:\\\/\\\/secure.gravatar.com\\\/avatar\\\/b6992f131dc8d30ab0dff15446e9d346d9dbd95992de0fef795073f5ea83a81c?s=96&d=mm&r=g\",\"contentUrl\":\"https:\\\/\\\/secure.gravatar.com\\\/avatar\\\/b6992f131dc8d30ab0dff15446e9d346d9dbd95992de0fef795073f5ea83a81c?s=96&d=mm&r=g\",\"caption\":\"La Gu\u00eda de Pamplona\"}}]}<\/script>\n<!-- \/ Yoast SEO plugin. -->","yoast_head_json":{"title":"Pamplona se une a los actos del D\u00eda de la visibilizaci\u00f3n transexual con una concentraci\u00f3n en la Plaza Consistorial","robots":{"index":"index","follow":"follow","max-snippet":"max-snippet:-1","max-image-preview":"max-image-preview:large","max-video-preview":"max-video-preview:-1"},"canonical":"https:\/\/www.laguiadepamplona.com\/actualidad\/pamplona-se-une-a-los-actos-del-dia-de-la-visibilizacion-transexual-con-una-concentracion-en-la-plaza-consistorial\/","og_locale":"es_ES","og_type":"article","og_title":"Pamplona se une a los actos del D\u00eda de la visibilizaci\u00f3n transexual con una concentraci\u00f3n en la Plaza Consistorial","og_url":"https:\/\/www.laguiadepamplona.com\/actualidad\/pamplona-se-une-a-los-actos-del-dia-de-la-visibilizacion-transexual-con-una-concentracion-en-la-plaza-consistorial\/","og_site_name":"La Gu\u00eda de Pamplona","article_publisher":"https:\/\/www.facebook.com\/laguiadepamplonacom-133175176762273\/?ref=hl","article_published_time":"2017-03-15T16:31:10+00:00","og_image":[{"width":1000,"height":666,"url":"https:\/\/www.laguiadepamplona.com\/actualidad\/wp-content\/uploads\/2017\/03\/concentracion_dia_trans_1.jpg","type":"image\/jpeg"}],"author":"La Gu\u00eda de Pamplona","twitter_card":"summary_large_image","twitter_creator":"@LaGuiadPamplona","twitter_site":"@LaGuiadPamplona","twitter_misc":{"Escrito por":"La Gu\u00eda de Pamplona","Tiempo de lectura":"2 minutos"},"schema":{"@context":"https:\/\/schema.org","@graph":[{"@type":"Article","@id":"https:\/\/www.laguiadepamplona.com\/actualidad\/pamplona-se-une-a-los-actos-del-dia-de-la-visibilizacion-transexual-con-una-concentracion-en-la-plaza-consistorial\/#article","isPartOf":{"@id":"https:\/\/www.laguiadepamplona.com\/actualidad\/pamplona-se-une-a-los-actos-del-dia-de-la-visibilizacion-transexual-con-una-concentracion-en-la-plaza-consistorial\/"},"author":{"name":"La Gu\u00eda de Pamplona","@id":"https:\/\/www.laguiadepamplona.com\/actualidad\/#\/schema\/person\/efe887376f0213d4657c93adc50b1fdb"},"headline":"Pamplona se une a los actos del D\u00eda de la visibilizaci\u00f3n transexual con una concentraci\u00f3n en la Plaza Consistorial","datePublished":"2017-03-15T16:31:10+00:00","mainEntityOfPage":{"@id":"https:\/\/www.laguiadepamplona.com\/actualidad\/pamplona-se-une-a-los-actos-del-dia-de-la-visibilizacion-transexual-con-una-concentracion-en-la-plaza-consistorial\/"},"wordCount":504,"publisher":{"@id":"https:\/\/www.laguiadepamplona.com\/actualidad\/#organization"},"image":{"@id":"https:\/\/www.laguiadepamplona.com\/actualidad\/pamplona-se-une-a-los-actos-del-dia-de-la-visibilizacion-transexual-con-una-concentracion-en-la-plaza-consistorial\/#primaryimage"},"thumbnailUrl":"https:\/\/www.laguiadepamplona.com\/actualidad\/wp-content\/uploads\/2017\/03\/concentracion_dia_trans_1.jpg","articleSection":["Ayto Pamplona"],"inLanguage":"es"},{"@type":"WebPage","@id":"https:\/\/www.laguiadepamplona.com\/actualidad\/pamplona-se-une-a-los-actos-del-dia-de-la-visibilizacion-transexual-con-una-concentracion-en-la-plaza-consistorial\/","url":"https:\/\/www.laguiadepamplona.com\/actualidad\/pamplona-se-une-a-los-actos-del-dia-de-la-visibilizacion-transexual-con-una-concentracion-en-la-plaza-consistorial\/","name":"Pamplona se une a los actos del D\u00eda de la visibilizaci\u00f3n transexual con una concentraci\u00f3n en la Plaza Consistorial","isPartOf":{"@id":"https:\/\/www.laguiadepamplona.com\/actualidad\/#website"},"primaryImageOfPage":{"@id":"https:\/\/www.laguiadepamplona.com\/actualidad\/pamplona-se-une-a-los-actos-del-dia-de-la-visibilizacion-transexual-con-una-concentracion-en-la-plaza-consistorial\/#primaryimage"},"image":{"@id":"https:\/\/www.laguiadepamplona.com\/actualidad\/pamplona-se-une-a-los-actos-del-dia-de-la-visibilizacion-transexual-con-una-concentracion-en-la-plaza-consistorial\/#primaryimage"},"thumbnailUrl":"https:\/\/www.laguiadepamplona.com\/actualidad\/wp-content\/uploads\/2017\/03\/concentracion_dia_trans_1.jpg","datePublished":"2017-03-15T16:31:10+00:00","breadcrumb":{"@id":"https:\/\/www.laguiadepamplona.com\/actualidad\/pamplona-se-une-a-los-actos-del-dia-de-la-visibilizacion-transexual-con-una-concentracion-en-la-plaza-consistorial\/#breadcrumb"},"inLanguage":"es","potentialAction":[{"@type":"ReadAction","target":["https:\/\/www.laguiadepamplona.com\/actualidad\/pamplona-se-une-a-los-actos-del-dia-de-la-visibilizacion-transexual-con-una-concentracion-en-la-plaza-consistorial\/"]}]},{"@type":"ImageObject","inLanguage":"es","@id":"https:\/\/www.laguiadepamplona.com\/actualidad\/pamplona-se-une-a-los-actos-del-dia-de-la-visibilizacion-transexual-con-una-concentracion-en-la-plaza-consistorial\/#primaryimage","url":"https:\/\/www.laguiadepamplona.com\/actualidad\/wp-content\/uploads\/2017\/03\/concentracion_dia_trans_1.jpg","contentUrl":"https:\/\/www.laguiadepamplona.com\/actualidad\/wp-content\/uploads\/2017\/03\/concentracion_dia_trans_1.jpg","width":1000,"height":666},{"@type":"BreadcrumbList","@id":"https:\/\/www.laguiadepamplona.com\/actualidad\/pamplona-se-une-a-los-actos-del-dia-de-la-visibilizacion-transexual-con-una-concentracion-en-la-plaza-consistorial\/#breadcrumb","itemListElement":[{"@type":"ListItem","position":1,"name":"Portada","item":"https:\/\/www.laguiadepamplona.com\/actualidad\/"},{"@type":"ListItem","position":2,"name":"Pamplona se une a los actos del D\u00eda de la visibilizaci\u00f3n transexual con una concentraci\u00f3n en la Plaza Consistorial"}]},{"@type":"WebSite","@id":"https:\/\/www.laguiadepamplona.com\/actualidad\/#website","url":"https:\/\/www.laguiadepamplona.com\/actualidad\/","name":"La gu\u00eda de Pamplona","description":"Noticias de Pamplona","publisher":{"@id":"https:\/\/www.laguiadepamplona.com\/actualidad\/#organization"},"potentialAction":[{"@type":"SearchAction","target":{"@type":"EntryPoint","urlTemplate":"https:\/\/www.laguiadepamplona.com\/actualidad\/?s={search_term_string}"},"query-input":{"@type":"PropertyValueSpecification","valueRequired":true,"valueName":"search_term_string"}}],"inLanguage":"es"},{"@type":"Organization","@id":"https:\/\/www.laguiadepamplona.com\/actualidad\/#organization","name":"La Gu\u00eda de Pamplona \/ Noticias","url":"https:\/\/www.laguiadepamplona.com\/actualidad\/","logo":{"@type":"ImageObject","inLanguage":"es","@id":"https:\/\/www.laguiadepamplona.com\/actualidad\/#\/schema\/logo\/image\/","url":"https:\/\/www.laguiadepamplona.com\/actualidad\/wp-content\/uploads\/2018\/11\/logo-laguiadepamplona18-web1.png","contentUrl":"https:\/\/www.laguiadepamplona.com\/actualidad\/wp-content\/uploads\/2018\/11\/logo-laguiadepamplona18-web1.png","width":600,"height":196,"caption":"La Gu\u00eda de Pamplona \/ Noticias"},"image":{"@id":"https:\/\/www.laguiadepamplona.com\/actualidad\/#\/schema\/logo\/image\/"},"sameAs":["https:\/\/www.facebook.com\/laguiadepamplonacom-133175176762273\/?ref=hl","https:\/\/x.com\/LaGuiadPamplona","https:\/\/www.instagram.com\/la_guia_de_pamplona\/","https:\/\/www.youtube.com\/user\/laguiadepamplona"]},{"@type":"Person","@id":"https:\/\/www.laguiadepamplona.com\/actualidad\/#\/schema\/person\/efe887376f0213d4657c93adc50b1fdb","name":"La Gu\u00eda de Pamplona","image":{"@type":"ImageObject","inLanguage":"es","@id":"https:\/\/secure.gravatar.com\/avatar\/b6992f131dc8d30ab0dff15446e9d346d9dbd95992de0fef795073f5ea83a81c?s=96&d=mm&r=g","url":"https:\/\/secure.gravatar.com\/avatar\/b6992f131dc8d30ab0dff15446e9d346d9dbd95992de0fef795073f5ea83a81c?s=96&d=mm&r=g","contentUrl":"https:\/\/secure.gravatar.com\/avatar\/b6992f131dc8d30ab0dff15446e9d346d9dbd95992de0fef795073f5ea83a81c?s=96&d=mm&r=g","caption":"La Gu\u00eda de Pamplona"}}]}},"post_mailing_queue_ids":[],"_links":{"self":[{"href":"https:\/\/www.laguiadepamplona.com\/actualidad\/wp-json\/wp\/v2\/posts\/12271","targetHints":{"allow":["GET"]}}],"collection":[{"href":"https:\/\/www.laguiadepamplona.com\/actualidad\/wp-json\/wp\/v2\/posts"}],"about":[{"href":"https:\/\/www.laguiadepamplona.com\/actualidad\/wp-json\/wp\/v2\/types\/post"}],"author":[{"embeddable":true,"href":"https:\/\/www.laguiadepamplona.com\/actualidad\/wp-json\/wp\/v2\/users\/1"}],"replies":[{"embeddable":true,"href":"https:\/\/www.laguiadepamplona.com\/actualidad\/wp-json\/wp\/v2\/comments?post=12271"}],"version-history":[{"count":0,"href":"https:\/\/www.laguiadepamplona.com\/actualidad\/wp-json\/wp\/v2\/posts\/12271\/revisions"}],"wp:featuredmedia":[{"embeddable":true,"href":"https:\/\/www.laguiadepamplona.com\/actualidad\/wp-json\/wp\/v2\/media\/12272"}],"wp:attachment":[{"href":"https:\/\/www.laguiadepamplona.com\/actualidad\/wp-json\/wp\/v2\/media?parent=12271"}],"wp:term":[{"taxonomy":"category","embeddable":true,"href":"https:\/\/www.laguiadepamplona.com\/actualidad\/wp-json\/wp\/v2\/categories?post=12271"},{"taxonomy":"post_tag","embeddable":true,"href":"https:\/\/www.laguiadepamplona.com\/actualidad\/wp-json\/wp\/v2\/tags?post=12271"}],"curies":[{"name":"wp","href":"https:\/\/api.w.org\/{rel}","templated":true}]}}