{"id":1227,"date":"2014-04-15T11:10:22","date_gmt":"2014-04-15T10:10:22","guid":{"rendered":"http:\/\/laguiadepamplona.es\/noticias\/?p=1227"},"modified":"2014-04-15T11:10:22","modified_gmt":"2014-04-15T10:10:22","slug":"las-15-personas-del-iii-taller-de-empleo-de-atencion-a-personas-en-situacion-de-dependencia-esta-realizando-obra-social-en-residencias-de-cara-al-final-del-curso","status":"publish","type":"post","link":"https:\/\/www.laguiadepamplona.com\/actualidad\/las-15-personas-del-iii-taller-de-empleo-de-atencion-a-personas-en-situacion-de-dependencia-esta-realizando-obra-social-en-residencias-de-cara-al-final-del-curso\/","title":{"rendered":"Las 15 personas del III taller de empleo de \u201cAtenci\u00f3n a personas en situaci\u00f3n de dependencia\u201d est\u00e1 realizando obra social en residencias, de cara al final del curso"},"content":{"rendered":"<h5>El \u00edndice de inserci\u00f3n del alumnado de la anterior edici\u00f3n fue de un 93,3%<\/h5>\n<p><a href=\"http:\/\/laguiadepamplona.es\/noticias\/wp-content\/uploads\/2014\/04\/taller_dependencia_III_grupo.jpg\"><img loading=\"lazy\" decoding=\"async\" class=\"alignleft size-medium wp-image-1231\" alt=\"taller_dependencia_III_grupo\" src=\"http:\/\/laguiadepamplona.es\/noticias\/wp-content\/uploads\/2014\/04\/taller_dependencia_III_grupo-300x225.jpg\" width=\"300\" height=\"225\" \/><\/a>Han comenzado sus pr\u00e1cticas-obras social las 15 personas que, desde noviembre, han estado participando en la tercera edici\u00f3n del taller de empleo de \u2018Atenci\u00f3n sociosanitaria a personas en situaci\u00f3n de dependencia en domicilios e instituciones\u2019. Una escuela taller de empleo organizada por el Ayuntamiento de Pamplona, impulsada y financiada por Gobierno de Navarra, a trav\u00e9s del Servicio Navarro de Empleo, y cofinanciada por el Fondo Social Europeo y el Consistorio.<\/p>\n<p>Tras realizar sesiones pr\u00e1cticas en el Servicio de Atenci\u00f3n a Domicilio (SAD) del Ayuntamiento de Pamplona, se amplia ahora el espectro de pr\u00e1cticas para que obtengan experiencia real en instituciones. Desde mediados de marzo y hasta el pr\u00f3ximo 14 de mayo el alumnado se ha distribuido por siete centros diferentes: Caidis Valle del Roncal, Residencia Beloso Alto, Amma Navarra (Oblatas), Aspace, Caidis Infanta Elena, la Residencia La Vaguada y la Residencia Landazabal. Se trata de que obtengan un conocimiento integral del trabajo con personas mayores o en situaci\u00f3n de dependencia.<\/p>\n<p>El grupo de este tercer taller consta de 14 alumnas y un alumno (93% de mujeres). El 80% del alumnado son personas migradas, con una media de edad de 37,5 a\u00f1os. El 60% del total son mujeres con responsabilidades familiares no compartidas y el conjunto del grupo, cuando fue seleccionado, se encontraba en situaci\u00f3n de exclusi\u00f3n o en riesgo de estarlo.<\/p>\n<p><strong>Con contrato desde el primer d\u00eda<\/strong><\/p>\n<p>Cuando terminen sus pr\u00e1cticas y tras pasar por las valoraciones oportunas, recibir\u00e1n un certificado de profesionalidad que acredita la formaci\u00f3n obtenida, para as\u00ed enfrentarse con mejores perspectivas al mercado laboral. Adem\u00e1s de la titulaci\u00f3n en \u2018Atenci\u00f3n Sociosanitaria a Personas dependientes en Instituciones\u2019 obtendr\u00e1n la relativa a dos m\u00f3dulos de la correspondiente acreditaci\u00f3n para \u2018Domicilios\u2019. El alumnado de la anterior edici\u00f3n que acab\u00f3 en mayo de 2013 obtuvo un \u00edndice de inserci\u00f3n de un 93%.<\/p>\n<p>Durante los 9 meses que dura el curso, los alumnos tienen un contrato laboral para la formaci\u00f3n y el aprendizaje por el que cobran 608,27 euros brutos en 14 pagas, de forma que aprenden y se forman desempe\u00f1ando un trabajo.<\/p>\n<p>Con esta iniciativa, el Consistorio quiere responder al \u00edndice de desempleo actual, apoyando programas mixtos de formaci\u00f3n y empleo como una de las mejores v\u00edas para la capacitaci\u00f3n profesional y la inserci\u00f3n socio-laboral de los vecinos de Pamplona. De hecho, tanto estos cursos como el resto de programas desarrollados por el Servicio de Formaci\u00f3n para el Empleo del Ayuntamiento de Pamplona comprenden actuaciones orientadas a la formaci\u00f3n y el empleo de personas en dificultad social o de los denominados colectivos de dif\u00edcil inserci\u00f3n, personas sin trabajo con necesidades formativas y de inserci\u00f3n laboral y que precisan apoyo espec\u00edfico para conseguir formaci\u00f3n ocupacional y empleo, teniendo especial importancia la capacitaci\u00f3n de las mujeres.<\/p>\n","protected":false},"excerpt":{"rendered":"<p>El \u00edndice de inserci\u00f3n del alumnado de la anterior edici\u00f3n fue de un 93,3% Han comenzado sus pr\u00e1cticas-obras social las 15 personas que, desde noviembre, han estado participando en la&#8230;<\/p>\n","protected":false},"author":1,"featured_media":1231,"comment_status":"open","ping_status":"open","sticky":false,"template":"","format":"standard","meta":{"footnotes":""},"categories":[2],"tags":[5,840,6,8,9,841],"class_list":["post-1227","post","type-post","status-publish","format-standard","has-post-thumbnail","hentry","category-ayuntamiento-pamplona","tag-actualidad","tag-atencion-a-personas-en-situacion-de-dependencia","tag-ayto-pamplona","tag-noticias","tag-pamplona","tag-taller-de-empleo"],"yoast_head":"<!-- This site is optimized with the Yoast SEO plugin v27.5 - https:\/\/yoast.com\/product\/yoast-seo-wordpress\/ -->\n<title>Las 15 personas del III taller de empleo de \u201cAtenci\u00f3n a personas en situaci\u00f3n de dependencia\u201d est\u00e1 realizando obra social en residencias, de cara al final del curso<\/title>\n<meta name=\"robots\" content=\"index, follow, max-snippet:-1, max-image-preview:large, max-video-preview:-1\" \/>\n<link rel=\"canonical\" href=\"https:\/\/www.laguiadepamplona.com\/actualidad\/las-15-personas-del-iii-taller-de-empleo-de-atencion-a-personas-en-situacion-de-dependencia-esta-realizando-obra-social-en-residencias-de-cara-al-final-del-curso\/\" \/>\n<meta property=\"og:locale\" content=\"es_ES\" \/>\n<meta property=\"og:type\" content=\"article\" \/>\n<meta property=\"og:title\" content=\"Las 15 personas del III taller de empleo de \u201cAtenci\u00f3n a personas en situaci\u00f3n de dependencia\u201d est\u00e1 realizando obra social en residencias, de cara al final del curso\" \/>\n<meta property=\"og:description\" content=\"El \u00edndice de inserci\u00f3n del alumnado de la anterior edici\u00f3n fue de un 93,3% Han comenzado sus pr\u00e1cticas-obras social las 15 personas que, desde noviembre, han estado participando en la...\" \/>\n<meta property=\"og:url\" content=\"https:\/\/www.laguiadepamplona.com\/actualidad\/las-15-personas-del-iii-taller-de-empleo-de-atencion-a-personas-en-situacion-de-dependencia-esta-realizando-obra-social-en-residencias-de-cara-al-final-del-curso\/\" \/>\n<meta property=\"og:site_name\" content=\"La Gu\u00eda de Pamplona\" \/>\n<meta property=\"article:publisher\" content=\"https:\/\/www.facebook.com\/laguiadepamplonacom-133175176762273\/?ref=hl\" \/>\n<meta property=\"article:published_time\" content=\"2014-04-15T10:10:22+00:00\" \/>\n<meta name=\"author\" content=\"La Gu\u00eda de Pamplona\" \/>\n<meta name=\"twitter:card\" content=\"summary_large_image\" \/>\n<meta name=\"twitter:creator\" content=\"@LaGuiadPamplona\" \/>\n<meta name=\"twitter:site\" content=\"@LaGuiadPamplona\" \/>\n<meta name=\"twitter:label1\" content=\"Escrito por\" \/>\n\t<meta name=\"twitter:data1\" content=\"La Gu\u00eda de Pamplona\" \/>\n\t<meta name=\"twitter:label2\" content=\"Tiempo de lectura\" \/>\n\t<meta name=\"twitter:data2\" content=\"2 minutos\" \/>\n<script type=\"application\/ld+json\" class=\"yoast-schema-graph\">{\"@context\":\"https:\\\/\\\/schema.org\",\"@graph\":[{\"@type\":\"Article\",\"@id\":\"https:\\\/\\\/www.laguiadepamplona.com\\\/actualidad\\\/las-15-personas-del-iii-taller-de-empleo-de-atencion-a-personas-en-situacion-de-dependencia-esta-realizando-obra-social-en-residencias-de-cara-al-final-del-curso\\\/#article\",\"isPartOf\":{\"@id\":\"https:\\\/\\\/www.laguiadepamplona.com\\\/actualidad\\\/las-15-personas-del-iii-taller-de-empleo-de-atencion-a-personas-en-situacion-de-dependencia-esta-realizando-obra-social-en-residencias-de-cara-al-final-del-curso\\\/\"},\"author\":{\"name\":\"La Gu\u00eda de Pamplona\",\"@id\":\"https:\\\/\\\/www.laguiadepamplona.com\\\/actualidad\\\/#\\\/schema\\\/person\\\/efe887376f0213d4657c93adc50b1fdb\"},\"headline\":\"Las 15 personas del III taller de empleo de \u201cAtenci\u00f3n a personas en situaci\u00f3n de dependencia\u201d est\u00e1 realizando obra social en residencias, de cara al final del curso\",\"datePublished\":\"2014-04-15T10:10:22+00:00\",\"mainEntityOfPage\":{\"@id\":\"https:\\\/\\\/www.laguiadepamplona.com\\\/actualidad\\\/las-15-personas-del-iii-taller-de-empleo-de-atencion-a-personas-en-situacion-de-dependencia-esta-realizando-obra-social-en-residencias-de-cara-al-final-del-curso\\\/\"},\"wordCount\":524,\"commentCount\":0,\"publisher\":{\"@id\":\"https:\\\/\\\/www.laguiadepamplona.com\\\/actualidad\\\/#organization\"},\"image\":{\"@id\":\"https:\\\/\\\/www.laguiadepamplona.com\\\/actualidad\\\/las-15-personas-del-iii-taller-de-empleo-de-atencion-a-personas-en-situacion-de-dependencia-esta-realizando-obra-social-en-residencias-de-cara-al-final-del-curso\\\/#primaryimage\"},\"thumbnailUrl\":\"\",\"keywords\":[\"actualidad\",\"Atenci\u00f3n a personas en situaci\u00f3n de dependencia\",\"ayto pamplona\",\"noticias\",\"pamplona\",\"taller de empleo\"],\"articleSection\":[\"Ayto Pamplona\"],\"inLanguage\":\"es\",\"potentialAction\":[{\"@type\":\"CommentAction\",\"name\":\"Comment\",\"target\":[\"https:\\\/\\\/www.laguiadepamplona.com\\\/actualidad\\\/las-15-personas-del-iii-taller-de-empleo-de-atencion-a-personas-en-situacion-de-dependencia-esta-realizando-obra-social-en-residencias-de-cara-al-final-del-curso\\\/#respond\"]}]},{\"@type\":\"WebPage\",\"@id\":\"https:\\\/\\\/www.laguiadepamplona.com\\\/actualidad\\\/las-15-personas-del-iii-taller-de-empleo-de-atencion-a-personas-en-situacion-de-dependencia-esta-realizando-obra-social-en-residencias-de-cara-al-final-del-curso\\\/\",\"url\":\"https:\\\/\\\/www.laguiadepamplona.com\\\/actualidad\\\/las-15-personas-del-iii-taller-de-empleo-de-atencion-a-personas-en-situacion-de-dependencia-esta-realizando-obra-social-en-residencias-de-cara-al-final-del-curso\\\/\",\"name\":\"Las 15 personas del III taller de empleo de \u201cAtenci\u00f3n a personas en situaci\u00f3n de dependencia\u201d est\u00e1 realizando obra social en residencias, de cara al final del curso\",\"isPartOf\":{\"@id\":\"https:\\\/\\\/www.laguiadepamplona.com\\\/actualidad\\\/#website\"},\"primaryImageOfPage\":{\"@id\":\"https:\\\/\\\/www.laguiadepamplona.com\\\/actualidad\\\/las-15-personas-del-iii-taller-de-empleo-de-atencion-a-personas-en-situacion-de-dependencia-esta-realizando-obra-social-en-residencias-de-cara-al-final-del-curso\\\/#primaryimage\"},\"image\":{\"@id\":\"https:\\\/\\\/www.laguiadepamplona.com\\\/actualidad\\\/las-15-personas-del-iii-taller-de-empleo-de-atencion-a-personas-en-situacion-de-dependencia-esta-realizando-obra-social-en-residencias-de-cara-al-final-del-curso\\\/#primaryimage\"},\"thumbnailUrl\":\"\",\"datePublished\":\"2014-04-15T10:10:22+00:00\",\"breadcrumb\":{\"@id\":\"https:\\\/\\\/www.laguiadepamplona.com\\\/actualidad\\\/las-15-personas-del-iii-taller-de-empleo-de-atencion-a-personas-en-situacion-de-dependencia-esta-realizando-obra-social-en-residencias-de-cara-al-final-del-curso\\\/#breadcrumb\"},\"inLanguage\":\"es\",\"potentialAction\":[{\"@type\":\"ReadAction\",\"target\":[\"https:\\\/\\\/www.laguiadepamplona.com\\\/actualidad\\\/las-15-personas-del-iii-taller-de-empleo-de-atencion-a-personas-en-situacion-de-dependencia-esta-realizando-obra-social-en-residencias-de-cara-al-final-del-curso\\\/\"]}]},{\"@type\":\"ImageObject\",\"inLanguage\":\"es\",\"@id\":\"https:\\\/\\\/www.laguiadepamplona.com\\\/actualidad\\\/las-15-personas-del-iii-taller-de-empleo-de-atencion-a-personas-en-situacion-de-dependencia-esta-realizando-obra-social-en-residencias-de-cara-al-final-del-curso\\\/#primaryimage\",\"url\":\"\",\"contentUrl\":\"\"},{\"@type\":\"BreadcrumbList\",\"@id\":\"https:\\\/\\\/www.laguiadepamplona.com\\\/actualidad\\\/las-15-personas-del-iii-taller-de-empleo-de-atencion-a-personas-en-situacion-de-dependencia-esta-realizando-obra-social-en-residencias-de-cara-al-final-del-curso\\\/#breadcrumb\",\"itemListElement\":[{\"@type\":\"ListItem\",\"position\":1,\"name\":\"Portada\",\"item\":\"https:\\\/\\\/www.laguiadepamplona.com\\\/actualidad\\\/\"},{\"@type\":\"ListItem\",\"position\":2,\"name\":\"Las 15 personas del III taller de empleo de \u201cAtenci\u00f3n a personas en situaci\u00f3n de dependencia\u201d est\u00e1 realizando obra social en residencias, de cara al final del curso\"}]},{\"@type\":\"WebSite\",\"@id\":\"https:\\\/\\\/www.laguiadepamplona.com\\\/actualidad\\\/#website\",\"url\":\"https:\\\/\\\/www.laguiadepamplona.com\\\/actualidad\\\/\",\"name\":\"La gu\u00eda de Pamplona\",\"description\":\"Noticias de Pamplona\",\"publisher\":{\"@id\":\"https:\\\/\\\/www.laguiadepamplona.com\\\/actualidad\\\/#organization\"},\"potentialAction\":[{\"@type\":\"SearchAction\",\"target\":{\"@type\":\"EntryPoint\",\"urlTemplate\":\"https:\\\/\\\/www.laguiadepamplona.com\\\/actualidad\\\/?s={search_term_string}\"},\"query-input\":{\"@type\":\"PropertyValueSpecification\",\"valueRequired\":true,\"valueName\":\"search_term_string\"}}],\"inLanguage\":\"es\"},{\"@type\":\"Organization\",\"@id\":\"https:\\\/\\\/www.laguiadepamplona.com\\\/actualidad\\\/#organization\",\"name\":\"La Gu\u00eda de Pamplona \\\/ Noticias\",\"url\":\"https:\\\/\\\/www.laguiadepamplona.com\\\/actualidad\\\/\",\"logo\":{\"@type\":\"ImageObject\",\"inLanguage\":\"es\",\"@id\":\"https:\\\/\\\/www.laguiadepamplona.com\\\/actualidad\\\/#\\\/schema\\\/logo\\\/image\\\/\",\"url\":\"https:\\\/\\\/www.laguiadepamplona.com\\\/actualidad\\\/wp-content\\\/uploads\\\/2018\\\/11\\\/logo-laguiadepamplona18-web1.png\",\"contentUrl\":\"https:\\\/\\\/www.laguiadepamplona.com\\\/actualidad\\\/wp-content\\\/uploads\\\/2018\\\/11\\\/logo-laguiadepamplona18-web1.png\",\"width\":600,\"height\":196,\"caption\":\"La Gu\u00eda de Pamplona \\\/ Noticias\"},\"image\":{\"@id\":\"https:\\\/\\\/www.laguiadepamplona.com\\\/actualidad\\\/#\\\/schema\\\/logo\\\/image\\\/\"},\"sameAs\":[\"https:\\\/\\\/www.facebook.com\\\/laguiadepamplonacom-133175176762273\\\/?ref=hl\",\"https:\\\/\\\/x.com\\\/LaGuiadPamplona\",\"https:\\\/\\\/www.instagram.com\\\/la_guia_de_pamplona\\\/\",\"https:\\\/\\\/www.youtube.com\\\/user\\\/laguiadepamplona\"]},{\"@type\":\"Person\",\"@id\":\"https:\\\/\\\/www.laguiadepamplona.com\\\/actualidad\\\/#\\\/schema\\\/person\\\/efe887376f0213d4657c93adc50b1fdb\",\"name\":\"La Gu\u00eda de Pamplona\",\"image\":{\"@type\":\"ImageObject\",\"inLanguage\":\"es\",\"@id\":\"https:\\\/\\\/secure.gravatar.com\\\/avatar\\\/b6992f131dc8d30ab0dff15446e9d346d9dbd95992de0fef795073f5ea83a81c?s=96&d=mm&r=g\",\"url\":\"https:\\\/\\\/secure.gravatar.com\\\/avatar\\\/b6992f131dc8d30ab0dff15446e9d346d9dbd95992de0fef795073f5ea83a81c?s=96&d=mm&r=g\",\"contentUrl\":\"https:\\\/\\\/secure.gravatar.com\\\/avatar\\\/b6992f131dc8d30ab0dff15446e9d346d9dbd95992de0fef795073f5ea83a81c?s=96&d=mm&r=g\",\"caption\":\"La Gu\u00eda de Pamplona\"}}]}<\/script>\n<!-- \/ Yoast SEO plugin. -->","yoast_head_json":{"title":"Las 15 personas del III taller de empleo de \u201cAtenci\u00f3n a personas en situaci\u00f3n de dependencia\u201d est\u00e1 realizando obra social en residencias, de cara al final del curso","robots":{"index":"index","follow":"follow","max-snippet":"max-snippet:-1","max-image-preview":"max-image-preview:large","max-video-preview":"max-video-preview:-1"},"canonical":"https:\/\/www.laguiadepamplona.com\/actualidad\/las-15-personas-del-iii-taller-de-empleo-de-atencion-a-personas-en-situacion-de-dependencia-esta-realizando-obra-social-en-residencias-de-cara-al-final-del-curso\/","og_locale":"es_ES","og_type":"article","og_title":"Las 15 personas del III taller de empleo de \u201cAtenci\u00f3n a personas en situaci\u00f3n de dependencia\u201d est\u00e1 realizando obra social en residencias, de cara al final del curso","og_description":"El \u00edndice de inserci\u00f3n del alumnado de la anterior edici\u00f3n fue de un 93,3% Han comenzado sus pr\u00e1cticas-obras social las 15 personas que, desde noviembre, han estado participando en la...","og_url":"https:\/\/www.laguiadepamplona.com\/actualidad\/las-15-personas-del-iii-taller-de-empleo-de-atencion-a-personas-en-situacion-de-dependencia-esta-realizando-obra-social-en-residencias-de-cara-al-final-del-curso\/","og_site_name":"La Gu\u00eda de Pamplona","article_publisher":"https:\/\/www.facebook.com\/laguiadepamplonacom-133175176762273\/?ref=hl","article_published_time":"2014-04-15T10:10:22+00:00","author":"La Gu\u00eda de Pamplona","twitter_card":"summary_large_image","twitter_creator":"@LaGuiadPamplona","twitter_site":"@LaGuiadPamplona","twitter_misc":{"Escrito por":"La Gu\u00eda de Pamplona","Tiempo de lectura":"2 minutos"},"schema":{"@context":"https:\/\/schema.org","@graph":[{"@type":"Article","@id":"https:\/\/www.laguiadepamplona.com\/actualidad\/las-15-personas-del-iii-taller-de-empleo-de-atencion-a-personas-en-situacion-de-dependencia-esta-realizando-obra-social-en-residencias-de-cara-al-final-del-curso\/#article","isPartOf":{"@id":"https:\/\/www.laguiadepamplona.com\/actualidad\/las-15-personas-del-iii-taller-de-empleo-de-atencion-a-personas-en-situacion-de-dependencia-esta-realizando-obra-social-en-residencias-de-cara-al-final-del-curso\/"},"author":{"name":"La Gu\u00eda de Pamplona","@id":"https:\/\/www.laguiadepamplona.com\/actualidad\/#\/schema\/person\/efe887376f0213d4657c93adc50b1fdb"},"headline":"Las 15 personas del III taller de empleo de \u201cAtenci\u00f3n a personas en situaci\u00f3n de dependencia\u201d est\u00e1 realizando obra social en residencias, de cara al final del curso","datePublished":"2014-04-15T10:10:22+00:00","mainEntityOfPage":{"@id":"https:\/\/www.laguiadepamplona.com\/actualidad\/las-15-personas-del-iii-taller-de-empleo-de-atencion-a-personas-en-situacion-de-dependencia-esta-realizando-obra-social-en-residencias-de-cara-al-final-del-curso\/"},"wordCount":524,"commentCount":0,"publisher":{"@id":"https:\/\/www.laguiadepamplona.com\/actualidad\/#organization"},"image":{"@id":"https:\/\/www.laguiadepamplona.com\/actualidad\/las-15-personas-del-iii-taller-de-empleo-de-atencion-a-personas-en-situacion-de-dependencia-esta-realizando-obra-social-en-residencias-de-cara-al-final-del-curso\/#primaryimage"},"thumbnailUrl":"","keywords":["actualidad","Atenci\u00f3n a personas en situaci\u00f3n de dependencia","ayto pamplona","noticias","pamplona","taller de empleo"],"articleSection":["Ayto Pamplona"],"inLanguage":"es","potentialAction":[{"@type":"CommentAction","name":"Comment","target":["https:\/\/www.laguiadepamplona.com\/actualidad\/las-15-personas-del-iii-taller-de-empleo-de-atencion-a-personas-en-situacion-de-dependencia-esta-realizando-obra-social-en-residencias-de-cara-al-final-del-curso\/#respond"]}]},{"@type":"WebPage","@id":"https:\/\/www.laguiadepamplona.com\/actualidad\/las-15-personas-del-iii-taller-de-empleo-de-atencion-a-personas-en-situacion-de-dependencia-esta-realizando-obra-social-en-residencias-de-cara-al-final-del-curso\/","url":"https:\/\/www.laguiadepamplona.com\/actualidad\/las-15-personas-del-iii-taller-de-empleo-de-atencion-a-personas-en-situacion-de-dependencia-esta-realizando-obra-social-en-residencias-de-cara-al-final-del-curso\/","name":"Las 15 personas del III taller de empleo de \u201cAtenci\u00f3n a personas en situaci\u00f3n de dependencia\u201d est\u00e1 realizando obra social en residencias, de cara al final del curso","isPartOf":{"@id":"https:\/\/www.laguiadepamplona.com\/actualidad\/#website"},"primaryImageOfPage":{"@id":"https:\/\/www.laguiadepamplona.com\/actualidad\/las-15-personas-del-iii-taller-de-empleo-de-atencion-a-personas-en-situacion-de-dependencia-esta-realizando-obra-social-en-residencias-de-cara-al-final-del-curso\/#primaryimage"},"image":{"@id":"https:\/\/www.laguiadepamplona.com\/actualidad\/las-15-personas-del-iii-taller-de-empleo-de-atencion-a-personas-en-situacion-de-dependencia-esta-realizando-obra-social-en-residencias-de-cara-al-final-del-curso\/#primaryimage"},"thumbnailUrl":"","datePublished":"2014-04-15T10:10:22+00:00","breadcrumb":{"@id":"https:\/\/www.laguiadepamplona.com\/actualidad\/las-15-personas-del-iii-taller-de-empleo-de-atencion-a-personas-en-situacion-de-dependencia-esta-realizando-obra-social-en-residencias-de-cara-al-final-del-curso\/#breadcrumb"},"inLanguage":"es","potentialAction":[{"@type":"ReadAction","target":["https:\/\/www.laguiadepamplona.com\/actualidad\/las-15-personas-del-iii-taller-de-empleo-de-atencion-a-personas-en-situacion-de-dependencia-esta-realizando-obra-social-en-residencias-de-cara-al-final-del-curso\/"]}]},{"@type":"ImageObject","inLanguage":"es","@id":"https:\/\/www.laguiadepamplona.com\/actualidad\/las-15-personas-del-iii-taller-de-empleo-de-atencion-a-personas-en-situacion-de-dependencia-esta-realizando-obra-social-en-residencias-de-cara-al-final-del-curso\/#primaryimage","url":"","contentUrl":""},{"@type":"BreadcrumbList","@id":"https:\/\/www.laguiadepamplona.com\/actualidad\/las-15-personas-del-iii-taller-de-empleo-de-atencion-a-personas-en-situacion-de-dependencia-esta-realizando-obra-social-en-residencias-de-cara-al-final-del-curso\/#breadcrumb","itemListElement":[{"@type":"ListItem","position":1,"name":"Portada","item":"https:\/\/www.laguiadepamplona.com\/actualidad\/"},{"@type":"ListItem","position":2,"name":"Las 15 personas del III taller de empleo de \u201cAtenci\u00f3n a personas en situaci\u00f3n de dependencia\u201d est\u00e1 realizando obra social en residencias, de cara al final del curso"}]},{"@type":"WebSite","@id":"https:\/\/www.laguiadepamplona.com\/actualidad\/#website","url":"https:\/\/www.laguiadepamplona.com\/actualidad\/","name":"La gu\u00eda de Pamplona","description":"Noticias de Pamplona","publisher":{"@id":"https:\/\/www.laguiadepamplona.com\/actualidad\/#organization"},"potentialAction":[{"@type":"SearchAction","target":{"@type":"EntryPoint","urlTemplate":"https:\/\/www.laguiadepamplona.com\/actualidad\/?s={search_term_string}"},"query-input":{"@type":"PropertyValueSpecification","valueRequired":true,"valueName":"search_term_string"}}],"inLanguage":"es"},{"@type":"Organization","@id":"https:\/\/www.laguiadepamplona.com\/actualidad\/#organization","name":"La Gu\u00eda de Pamplona \/ Noticias","url":"https:\/\/www.laguiadepamplona.com\/actualidad\/","logo":{"@type":"ImageObject","inLanguage":"es","@id":"https:\/\/www.laguiadepamplona.com\/actualidad\/#\/schema\/logo\/image\/","url":"https:\/\/www.laguiadepamplona.com\/actualidad\/wp-content\/uploads\/2018\/11\/logo-laguiadepamplona18-web1.png","contentUrl":"https:\/\/www.laguiadepamplona.com\/actualidad\/wp-content\/uploads\/2018\/11\/logo-laguiadepamplona18-web1.png","width":600,"height":196,"caption":"La Gu\u00eda de Pamplona \/ Noticias"},"image":{"@id":"https:\/\/www.laguiadepamplona.com\/actualidad\/#\/schema\/logo\/image\/"},"sameAs":["https:\/\/www.facebook.com\/laguiadepamplonacom-133175176762273\/?ref=hl","https:\/\/x.com\/LaGuiadPamplona","https:\/\/www.instagram.com\/la_guia_de_pamplona\/","https:\/\/www.youtube.com\/user\/laguiadepamplona"]},{"@type":"Person","@id":"https:\/\/www.laguiadepamplona.com\/actualidad\/#\/schema\/person\/efe887376f0213d4657c93adc50b1fdb","name":"La Gu\u00eda de Pamplona","image":{"@type":"ImageObject","inLanguage":"es","@id":"https:\/\/secure.gravatar.com\/avatar\/b6992f131dc8d30ab0dff15446e9d346d9dbd95992de0fef795073f5ea83a81c?s=96&d=mm&r=g","url":"https:\/\/secure.gravatar.com\/avatar\/b6992f131dc8d30ab0dff15446e9d346d9dbd95992de0fef795073f5ea83a81c?s=96&d=mm&r=g","contentUrl":"https:\/\/secure.gravatar.com\/avatar\/b6992f131dc8d30ab0dff15446e9d346d9dbd95992de0fef795073f5ea83a81c?s=96&d=mm&r=g","caption":"La Gu\u00eda de Pamplona"}}]}},"post_mailing_queue_ids":[],"_links":{"self":[{"href":"https:\/\/www.laguiadepamplona.com\/actualidad\/wp-json\/wp\/v2\/posts\/1227","targetHints":{"allow":["GET"]}}],"collection":[{"href":"https:\/\/www.laguiadepamplona.com\/actualidad\/wp-json\/wp\/v2\/posts"}],"about":[{"href":"https:\/\/www.laguiadepamplona.com\/actualidad\/wp-json\/wp\/v2\/types\/post"}],"author":[{"embeddable":true,"href":"https:\/\/www.laguiadepamplona.com\/actualidad\/wp-json\/wp\/v2\/users\/1"}],"replies":[{"embeddable":true,"href":"https:\/\/www.laguiadepamplona.com\/actualidad\/wp-json\/wp\/v2\/comments?post=1227"}],"version-history":[{"count":0,"href":"https:\/\/www.laguiadepamplona.com\/actualidad\/wp-json\/wp\/v2\/posts\/1227\/revisions"}],"wp:featuredmedia":[{"embeddable":true,"href":"https:\/\/www.laguiadepamplona.com\/actualidad\/wp-json\/"}],"wp:attachment":[{"href":"https:\/\/www.laguiadepamplona.com\/actualidad\/wp-json\/wp\/v2\/media?parent=1227"}],"wp:term":[{"taxonomy":"category","embeddable":true,"href":"https:\/\/www.laguiadepamplona.com\/actualidad\/wp-json\/wp\/v2\/categories?post=1227"},{"taxonomy":"post_tag","embeddable":true,"href":"https:\/\/www.laguiadepamplona.com\/actualidad\/wp-json\/wp\/v2\/tags?post=1227"}],"curies":[{"name":"wp","href":"https:\/\/api.w.org\/{rel}","templated":true}]}}